{"id":10294,"date":"2017-03-16T08:01:50","date_gmt":"2017-03-16T05:01:50","guid":{"rendered":"http:\/\/iibsblogs.wpengine.com\/es\/?p=10294"},"modified":"2025-08-13T11:29:34","modified_gmt":"2025-08-13T11:29:34","slug":"reflexiones-la-pascua-cordero-i","status":"publish","type":"post","link":"https:\/\/israelbiblicalstudies.com\/es\/blog\/category\/jewish-studies\/reflexiones-la-pascua-cordero-i\/","title":{"rendered":"REFLEXIONES SOBRE LA PASCUA: EL CORDERO (I)"},"content":{"rendered":"<p><strong><em>\u00a0<\/em><\/strong><\/p>\n<p><em><strong>Dios se proveer\u00e1 de cordero para el holocausto.<\/strong><\/em><\/p>\n<p><strong>\u00a0\u00a0\u00a0\u00a0\u00a0 <\/strong>G\u00e9nesis 22:8<\/p>\n<p>&nbsp;<\/p>\n<p><em>El Cordero que fue inmolado es digno de tomar el poder, las riquezas, la sabidur\u00eda, la fortaleza, la honra, la gloria y la alabanza.<a href=\"#_ftn1\" name=\"_ftnref1\"><strong>[1]<\/strong><\/a><\/em> \u00bfQu\u00e9 creyente en Jes\u00fas no ha cantado alguna vez estas palabras del libro del Apocalipsis? Desde luego, el Cordero es una de las im\u00e1genes centrales en las visiones de este libro, escrito hacia finales del Siglo I \u2013lo encontramos en casi cada cap\u00edtulo (Apocalipsis 5, 6, 7, 8, 13,14 etc.)\u2013. Pero ser\u00eda correcto decir que esta imagen es absolutamente central en toda la teolog\u00eda cristiana: la idea del Cordero sin mancha, sacrificado por los pecados de los hombres ha sido uno de los\u00a0<em>leitmotifs<\/em> del cristianismo a trav\u00e9s de la historia. Por consiguiente, se podr\u00eda esperar que las p\u00e1ginas de los Evangelios estuvieran llenas con la imagen del Cordero, pero sorprendentemente, a parte del libro del Apocalipsis, raramente encontramos esta palabra en el Nuevo Testamento. No la encontramos en las ep\u00edstolas de Pablo, los primeros escritos del Nuevo Testamento, y a lo largo de los Evangelios, la palabra \u201ccordero\u201d aparece\u00a0apenas dos veces en el mismo cap\u00edtulo \u2013en el Evangelio de Juan\u2013, el \u00faltimo de todos los Evangelios, en el relato del bautismo de Jes\u00fas, \u201cel Hijo amado\u201d de los Evangelios Sin\u00f3pticos es reemplazado por \u201cel Cordero de Dios\u201d: \u00ab<em>He aqu\u00ed el Cordero de Dios, que quita el pecado del mundo\u00bb. <\/em>Un poco m\u00e1s adelante, Juan el Bautista repite: <em>\u2018He aqu\u00ed el Cordero de Dios\u2019.<a href=\"#_ftn2\" name=\"_ftnref2\"><strong>[2]<\/strong><\/a><\/em> As\u00ed que encontramos este t\u00edtulo en tan solo un cap\u00edtulo aparte del libro del Apocalipsis \u2013y en ning\u00fan otro sitio\u2013.<br \/>\nLa causa de que el Cordero no se mencione en los otros Evangelios y de que tambi\u00e9n est\u00e9 ausente en los otros libros del Nuevo Testamento, nos evoca muchas preguntas. \u00bfDe d\u00f3nde toma Juan esta imagen?\u00bfQu\u00e9 quiso decir Juan el Bautista con estas palabras? \u00bfQu\u00e9 significado asignaron los israelitas a sus palabras?<\/p>\n<p>&nbsp;<\/p>\n<p>Esta exclamaci\u00f3n de Juan el Bautista en Juan 1:29 ha sido un problema para muchos expertos del Nuevo Testamento. Entre las diferentes interpretaciones de \u201cel cordero\u201d que han sido propuestas, la m\u00e1s plausible es la del cordero Pascual, pero incluso as\u00ed, hay varias objeciones serias: el cordero Pascual no era considerado como un sacrificio expiatorio. El sacrificio del cordero Pascual no era visto como una muerte expiatoria, como un sufriente vicario. Entonces, \u00bfc\u00f3mo deber\u00eda ser explicada la expresi\u00f3n \u201cel Cordero de Dios\u201d en el Evangelio de Juan?<\/p>\n<p>&nbsp;<\/p>\n<p><strong>El Cordero <em>Akedah<\/em><\/strong><\/p>\n<p><em><br \/>\n<\/em>Antes de explorar recursos extra-b\u00edblicos, regresemos al<em> Tanach (<\/em>Antiguo Testamento) en nuestra b\u00fasqueda de respuestas. Creo que te sorprender\u00e1 descubrir que incluso en el Tanach, la palabra hebrea para \u2018cordero\u2019 no aparece muchas veces. Sin embargo, no es dif\u00edcil recordar d\u00f3nde la encontramos por primera vez. Desde luego, aparece en G\u00e9nesis 22 en el\u00a0<em>Akedat Itzhak<\/em>. Cuando es llevado a la monta\u00f1a por su padre, \u00e9l pregunta a Abraham, <em>\u2018He aqu\u00ed el fuego y la le\u00f1a; mas \u00bfd\u00f3nde est\u00e1 el cordero para el holocausto?<a href=\"#_ftn3\" name=\"_ftnref3\"><strong>[3]<\/strong><\/a><\/em>\u00a0Como con cada componente de la historia del\u00a0<em>Akedah<\/em>, esta conversaci\u00f3n entre Abraham e Isaac es de vital importancia. Mientras que todav\u00eda no se ha desvelado por separado el tema en la historia espiritual de ambos, de nuestro pueblo y de la humanidad como un todo \u2013la palabra fue pronunciada, la pregunta fue hecha, el hilo introductorio empez\u00f3 a sonar\u2013. As\u00ed, ver al Cordero <em>como inmolado,<a href=\"#_ftn4\" name=\"_ftnref4\"><strong>[4]<\/strong><\/a><\/em> en el libro del Apocalipsis, empieza aqu\u00ed con la inocente, confiada y casi ingenua pregunta de Isaac: <em>\u2018\u00bfD\u00f3nde est\u00e1 el cordero para el holocausto?\u2019 <\/em><\/p>\n<p>&nbsp;<\/p>\n<p>Creo que muchos cristianos est\u00e1n perfectamente conscientes de esta conexi\u00f3n y paralelismo entre Isaac y Jes\u00fas. De lo que probablemente no seas consciente es que, una tradici\u00f3n haggadica jud\u00eda, afirma expl\u00edcitamente que all\u00ed, en el Monte Moriah, Abraham ofreci\u00f3 dos sacrificios: \u00c9l empez\u00f3 con el sacrificio de su hijo y termin\u00f3 con el sacrificio del cordero. Esta tradici\u00f3n afirma que Isaac fue sacrificado, o quemado, y que resucit\u00f3 de la muerte. En el midrash Bereshit Rabbah, R. Phineas dijo en nombre de R. Banai: \u00ab\u00c9l rog\u00f3: \u00a1Soberano del Universo! Mira t\u00fa como yo he sacrificado a mi hijo Isaac primero y despu\u00e9s a este carnero en lugar de \u00e9l (en lugar<em>, tahat, <\/em>siendo entendido como en el vers\u00edculo <em>y rein\u00f3 en su lugar Jotam su hijo\u00a0<a href=\"#_ftn5\" name=\"_ftnref5\"><strong>[5]<\/strong><\/a><\/em>, cuando el significado debe ser <em>despu\u00e9s<\/em> de \u00e9l)\u201d. Aqu\u00ed se dice expl\u00edcitamente que Isaac es el cordero de la ofrenda quemada: \u05d0\u05ea\u05d4 \u05d4\u05e9\u05d4 \u05dc\u05e2\u05dc\u05d4 \u05d1\u05e0\u05d9 \u00a0&#8211; \u201c<strong>Eres el cordero, hijo m\u00edo<\/strong>\u00ab<a href=\"#_ftn6\" name=\"_ftnref6\">[6]<\/a>.<\/p>\n<p>&nbsp;<\/p>\n<p>Diferentes interpretaciones y fundaciones de la tradici\u00f3n Aqedah est\u00e1n presentes en diversas fuentes rab\u00ednicas. Sin embargo, el punto importante en com\u00fan es que \u2018las cenizas de Isaac\u2019 y \u2018la sangre de Aqedah de Isaac\u2019, aunque contradictorio al significativo plan de la Escrituras, son cuidadosamente preservadas por esta tradici\u00f3n \u2013han de servir siempre como expiaci\u00f3n y defensa de Israel en cada generaci\u00f3n\u2013. Por ejemplo, leemos en Mekilta de-Rabbi Ismael: \u00a0<em>\u00abY envi\u00f3 Jehov\u00e1 el \u00e1ngel a Jerusal\u00e9n para destruirla; pero cuando \u00e9l estaba destruyendo, mir\u00f3 Jehov\u00e1 y se arrepinti\u00f3 de aquel mal\u00bb<a href=\"#_ftn7\" name=\"_ftnref7\"><strong>[7]<\/strong><\/a><\/em>. \u00bfQu\u00e9 es lo que observ\u00f3? \u00ab\u00c9l observ\u00f3 la sangre de Aqedah de Isaac\u00bb<a href=\"#_ftn8\" name=\"_ftnref8\">[8]<\/a>\u00a0\u2013e inmediatamente Su compasi\u00f3n conquista Su ira y \u00c9l redime y libera\u2013. Esto es exactamente lo que Abraham est\u00e1 pidiendo cuando contin\u00faa con su oraci\u00f3n en Bereshit Rabbah: <strong>\u00ab<\/strong>A\u00fan y as\u00ed, sea hecha Tu voluntad, oh Se\u00f1or, nuestro Dios, que cuando los hijos de Isaac est\u00e9n en peligro, T\u00fa recuerdes esa uni\u00f3n en su favor y seas lleno de compasi\u00f3n hacia ellos\u00bb.<a href=\"#_ftn9\" name=\"_ftnref9\">[9]<\/a><\/p>\n<p>&nbsp;<\/p>\n<p>Esta llamativa similitud entre la tradici\u00f3n haggadica del Aqedah y la soteriolog\u00eda cristiana ha sido largamente estudiada. Se ha llevado a cabo mucha discusi\u00f3n respecto a la independencia de la tradici\u00f3n jud\u00eda. En alg\u00fan punto, los comentaristas se las arreglaron para la noci\u00f3n com\u00fan, de que el Aqedah era b\u00e1sicamente una innovaci\u00f3n cristiana. Seg\u00fan Gesa Vermes, \u00ablos dos principales temas targum\u00e9nicos de la historia del Aqedah a saber, la voluntariedad de Isaac para ser sacrificado y la virtud expiatoria de la acci\u00f3n, eran ya tradicionales durante el Siglo I D.C\u00bb.<a href=\"#_ftn10\" name=\"_ftnref10\">[10]<\/a>\u00a0 En alg\u00fan momento entre la mitad del Siglo 2 A.C y el comienzo de la era cristiana, una nueva doctrina se estableci\u00f3: de que la expiaci\u00f3n del pecado de Israel era el resultado de la auto-ofrenda de Isaac y tambi\u00e9n del derramamiento de su sangre. Dentro de esta doctrina, la vinculaci\u00f3n de Isaac, se pensaba que jug\u00f3 como \u00fanico rol en la salvaci\u00f3n de Israel y que ten\u00eda efecto redentor a favor de Su pueblo.<\/p>\n<p>Juan 1:29 deja de ser un punto <em>crucial<\/em> cuando es insertado en este tema. Para un jud\u00edo del Siglo I todos los sacrificios del cordero eran entendidos como un memorial del Aqedah con sus efectos de liberaci\u00f3n, perd\u00f3n de los pecados y de salvaci\u00f3n mesi\u00e1nica. No solo el Aqedah era considerado un sacrificio verdadero, sino que por causa del libre consentimiento de Isaac \u2013la \u00fanica figura que no se encuentra en otros sacrificios\u2013 vino a ser <em>El Sacrificio, <\/em>con sus beneficios redentores duraderos para siempre. As\u00ed, la imagen cristiana del <strong>Cordero<\/strong>, cuya muerte y resurrecci\u00f3n tienen poder expiatorio y efecto redentor a favor de futuras generaciones, parece estar en deuda \u2013o al menos, extremadamente conectada\u2013 con la vinculaci\u00f3n\u00a0(Aqedah) de Isaac en la tradici\u00f3n jud\u00eda.\u00a0<a href=\"#_ftn11\" name=\"_ftnref11\">[11]<\/a><\/p>\n<p>P.D: Muchas personas me han preguntado sobre mis libros en los idiomas espa\u00f1ol y portugu\u00e9s, por ahora lamentablemente solo tenemos la versi\u00f3n en ingl\u00e9s. Estar\u00eda muy feliz si deseas apoyarme como voluntario, o bien, ser patrocinador para la traducci\u00f3n en ambos idiomas. Si te interesa, por favor escr\u00edbeme: juliab@eteachergroup.com<\/p>\n<p><a href=\"#_ftnref1\" name=\"_ftn1\">[1]<\/a>\u00a0Apocalipsis 5:12<\/p>\n<p><a href=\"#_ftnref2\" name=\"_ftn2\">[2]<\/a> Juan 1:29,36<\/p>\n<p><a href=\"#_ftnref3\" name=\"_ftn3\">[3]<\/a> G\u00e9nesis 22:7<\/p>\n<p><a href=\"#_ftnref4\" name=\"_ftn4\">[4]<\/a>\u00a0Apocalipsis 5:6<\/p>\n<p><a href=\"#_ftnref5\" name=\"_ftn5\">[5]<\/a> 2 Reyes\u00a015:7<\/p>\n<p><a href=\"#_ftnref6\" name=\"_ftn6\">[6]<\/a> Bereshit Rabbah, 56,4<\/p>\n<p><a href=\"#_ftnref7\" name=\"_ftn7\">[7]<\/a> 1 Cr\u00f3nicas 21:15<\/p>\n<p><a href=\"#_ftnref8\" name=\"_ftn8\">[8]<\/a> Mekilta de-Rabbi Ishmael, 90-95<\/p>\n<p><a href=\"#_ftnref9\" name=\"_ftn9\">[9]<\/a> Bereshit Rabbah, 56,10<\/p>\n<p><a href=\"#_ftnref10\" name=\"_ftn10\">[10]<\/a> Geza Vermes, Redemption and Genesis XXII, en: <em>Scripture and Tradition in Judaism <\/em>(Leiden: 1961), p. 204<\/p>\n<p><a href=\"#_ftnref11\" name=\"_ftn11\">[11]<\/a>\u00a0Un detallado debate de la imagen cristiana del Cordero se puede encontrar en mi libro \u201c<em>If you are<\/em>\u00a0<em>the\u00a0<\/em>Son<em> of God\u201d. <\/em>Da clic aqu\u00ed para obtenerlo:<a href=\"http:\/\/readjuliablum.com\">http:\/\/readjuliablum.com<\/a><\/p>\n","protected":false},"excerpt":{"rendered":"<p>\u00a0 Dios se proveer\u00e1 de cordero para el holocausto. \u00a0\u00a0\u00a0\u00a0\u00a0 G\u00e9nesis 22:8 &nbsp; El Cordero que fue inmolado es digno de tomar el poder, las riquezas, la sabidur\u00eda, la fortaleza, la honra, la gloria y la alabanza.[1] \u00bfQu\u00e9 creyente en Jes\u00fas no ha cantado alguna vez estas palabras del libro del Apocalipsis? Desde luego, el [&hellip;]<\/p>\n","protected":false},"author":45,"featured_media":10289,"comment_status":"open","ping_status":"open","sticky":false,"template":"","format":"standard","meta":{"_acf_changed":false,"inline_featured_image":false,"footnotes":""},"categories":[565],"tags":[],"class_list":["post-10294","post","type-post","status-publish","format-standard","has-post-thumbnail","hentry","category-jewish-studies"],"acf":[],"yoast_head":"<!-- This site is optimized with the Yoast SEO plugin v26.5 - https:\/\/yoast.com\/wordpress\/plugins\/seo\/ -->\n<title>REFLEXIONES SOBRE LA PASCUA: EL CORDERO (I) - Israel Institute of Biblical Studies<\/title>\n<meta name=\"description\" content=\"\u00a0 Dios se proveer\u00e1 de cordero para el holocausto. \u00a0\u00a0\u00a0\u00a0\u00a0 G\u00e9nesis 22:8 &nbsp; El Cordero que fue inmolado es digno de tomar el poder, las riquezas, la\" \/>\n<meta name=\"robots\" content=\"index, follow, max-snippet:-1, max-image-preview:large, max-video-preview:-1\" \/>\n<link rel=\"canonical\" href=\"https:\/\/israelbiblicalstudies.com\/es\/blog\/category\/jewish-studies\/reflexiones-la-pascua-cordero-i\/\" \/>\n<meta property=\"og:locale\" content=\"es_ES\" \/>\n<meta property=\"og:type\" content=\"article\" \/>\n<meta property=\"og:title\" content=\"REFLEXIONES SOBRE LA PASCUA: EL CORDERO (I) - Israel Institute of Biblical Studies\" \/>\n<meta property=\"og:description\" content=\"\u00a0 Dios se proveer\u00e1 de cordero para el holocausto. \u00a0\u00a0\u00a0\u00a0\u00a0 G\u00e9nesis 22:8 &nbsp; El Cordero que fue inmolado es digno de tomar el poder, las riquezas, la\" \/>\n<meta property=\"og:url\" content=\"https:\/\/israelbiblicalstudies.com\/es\/blog\/category\/jewish-studies\/reflexiones-la-pascua-cordero-i\/\" \/>\n<meta property=\"og:site_name\" content=\"Israel Institute of Biblical Studies\" \/>\n<meta property=\"article:published_time\" content=\"2017-03-16T05:01:50+00:00\" \/>\n<meta property=\"article:modified_time\" content=\"2025-08-13T11:29:34+00:00\" \/>\n<meta property=\"og:image\" content=\"https:\/\/israelbiblicalstudies.com\/wp-content\/uploads\/2017\/03\/shutterstock_75711082.jpg\" \/>\n\t<meta property=\"og:image:width\" content=\"1200\" \/>\n\t<meta property=\"og:image:height\" content=\"627\" \/>\n\t<meta property=\"og:image:type\" content=\"image\/jpeg\" \/>\n<meta name=\"author\" content=\"Julia Blum\" \/>\n<meta name=\"twitter:card\" content=\"summary_large_image\" \/>\n<meta name=\"twitter:label1\" content=\"Escrito por\" \/>\n\t<meta name=\"twitter:data1\" content=\"Julia Blum\" \/>\n\t<meta name=\"twitter:label2\" content=\"Tiempo de lectura\" \/>\n\t<meta name=\"twitter:data2\" content=\"7 minutos\" \/>\n<script type=\"application\/ld+json\" class=\"yoast-schema-graph\">{\"@context\":\"https:\/\/schema.org\",\"@graph\":[{\"@type\":\"Article\",\"@id\":\"https:\/\/israelbiblicalstudies.com\/es\/blog\/category\/jewish-studies\/reflexiones-la-pascua-cordero-i\/#article\",\"isPartOf\":{\"@id\":\"https:\/\/israelbiblicalstudies.com\/es\/blog\/category\/jewish-studies\/reflexiones-la-pascua-cordero-i\/\"},\"author\":{\"name\":\"Julia Blum\",\"@id\":\"https:\/\/israelbiblicalstudies.com\/es\/#\/schema\/person\/470c9356fa72a497ecb801267dff4d15\"},\"headline\":\"REFLEXIONES SOBRE LA PASCUA: EL CORDERO (I)\",\"datePublished\":\"2017-03-16T05:01:50+00:00\",\"dateModified\":\"2025-08-13T11:29:34+00:00\",\"mainEntityOfPage\":{\"@id\":\"https:\/\/israelbiblicalstudies.com\/es\/blog\/category\/jewish-studies\/reflexiones-la-pascua-cordero-i\/\"},\"wordCount\":1410,\"commentCount\":7,\"publisher\":{\"@id\":\"https:\/\/israelbiblicalstudies.com\/es\/#organization\"},\"image\":{\"@id\":\"https:\/\/israelbiblicalstudies.com\/es\/blog\/category\/jewish-studies\/reflexiones-la-pascua-cordero-i\/#primaryimage\"},\"thumbnailUrl\":\"https:\/\/israelbiblicalstudies.com\/wp-content\/uploads\/2017\/03\/shutterstock_75711082.jpg\",\"articleSection\":[\"Estudios Jud\u00edos\"],\"inLanguage\":\"es\",\"potentialAction\":[{\"@type\":\"CommentAction\",\"name\":\"Comment\",\"target\":[\"https:\/\/israelbiblicalstudies.com\/es\/blog\/category\/jewish-studies\/reflexiones-la-pascua-cordero-i\/#respond\"]}]},{\"@type\":\"WebPage\",\"@id\":\"https:\/\/israelbiblicalstudies.com\/es\/blog\/category\/jewish-studies\/reflexiones-la-pascua-cordero-i\/\",\"url\":\"https:\/\/israelbiblicalstudies.com\/es\/blog\/category\/jewish-studies\/reflexiones-la-pascua-cordero-i\/\",\"name\":\"REFLEXIONES SOBRE LA PASCUA: EL CORDERO (I) - Israel Institute of Biblical Studies\",\"isPartOf\":{\"@id\":\"https:\/\/israelbiblicalstudies.com\/es\/#website\"},\"primaryImageOfPage\":{\"@id\":\"https:\/\/israelbiblicalstudies.com\/es\/blog\/category\/jewish-studies\/reflexiones-la-pascua-cordero-i\/#primaryimage\"},\"image\":{\"@id\":\"https:\/\/israelbiblicalstudies.com\/es\/blog\/category\/jewish-studies\/reflexiones-la-pascua-cordero-i\/#primaryimage\"},\"thumbnailUrl\":\"https:\/\/israelbiblicalstudies.com\/wp-content\/uploads\/2017\/03\/shutterstock_75711082.jpg\",\"datePublished\":\"2017-03-16T05:01:50+00:00\",\"dateModified\":\"2025-08-13T11:29:34+00:00\",\"description\":\"\u00a0 Dios se proveer\u00e1 de cordero para el holocausto. \u00a0\u00a0\u00a0\u00a0\u00a0 G\u00e9nesis 22:8 &nbsp; El Cordero que fue inmolado es digno de tomar el poder, las riquezas, la\",\"breadcrumb\":{\"@id\":\"https:\/\/israelbiblicalstudies.com\/es\/blog\/category\/jewish-studies\/reflexiones-la-pascua-cordero-i\/#breadcrumb\"},\"inLanguage\":\"es\",\"potentialAction\":[{\"@type\":\"ReadAction\",\"target\":[\"https:\/\/israelbiblicalstudies.com\/es\/blog\/category\/jewish-studies\/reflexiones-la-pascua-cordero-i\/\"]}]},{\"@type\":\"ImageObject\",\"inLanguage\":\"es\",\"@id\":\"https:\/\/israelbiblicalstudies.com\/es\/blog\/category\/jewish-studies\/reflexiones-la-pascua-cordero-i\/#primaryimage\",\"url\":\"https:\/\/israelbiblicalstudies.com\/wp-content\/uploads\/2017\/03\/shutterstock_75711082.jpg\",\"contentUrl\":\"https:\/\/israelbiblicalstudies.com\/wp-content\/uploads\/2017\/03\/shutterstock_75711082.jpg\",\"width\":1200,\"height\":627},{\"@type\":\"BreadcrumbList\",\"@id\":\"https:\/\/israelbiblicalstudies.com\/es\/blog\/category\/jewish-studies\/reflexiones-la-pascua-cordero-i\/#breadcrumb\",\"itemListElement\":[{\"@type\":\"ListItem\",\"position\":1,\"name\":\"Home\",\"item\":\"https:\/\/israelbiblicalstudies.com\/es\/\"},{\"@type\":\"ListItem\",\"position\":2,\"name\":\"Estudios Jud\u00edos\",\"item\":\"https:\/\/israelbiblicalstudies.com\/es\/blog\/category\/jewish-studies\/\"},{\"@type\":\"ListItem\",\"position\":3,\"name\":\"REFLEXIONES SOBRE LA PASCUA: EL CORDERO (I)\"}]},{\"@type\":\"WebSite\",\"@id\":\"https:\/\/israelbiblicalstudies.com\/es\/#website\",\"url\":\"https:\/\/israelbiblicalstudies.com\/es\/\",\"name\":\"Israel Institute of Biblical Studies\",\"description\":\"Deepen Your Understanding of the Bible\",\"publisher\":{\"@id\":\"https:\/\/israelbiblicalstudies.com\/es\/#organization\"},\"potentialAction\":[{\"@type\":\"SearchAction\",\"target\":{\"@type\":\"EntryPoint\",\"urlTemplate\":\"https:\/\/israelbiblicalstudies.com\/es\/?s={search_term_string}\"},\"query-input\":{\"@type\":\"PropertyValueSpecification\",\"valueRequired\":true,\"valueName\":\"search_term_string\"}}],\"inLanguage\":\"es\"},{\"@type\":\"Organization\",\"@id\":\"https:\/\/israelbiblicalstudies.com\/es\/#organization\",\"name\":\"Israel Biblical Studies\",\"url\":\"https:\/\/israelbiblicalstudies.com\/es\/\",\"logo\":{\"@type\":\"ImageObject\",\"inLanguage\":\"es\",\"@id\":\"https:\/\/israelbiblicalstudies.com\/es\/#\/schema\/logo\/image\/\",\"url\":\"https:\/\/israelbiblicalstudies.com\/wp-content\/uploads\/2016\/09\/logo-invert.png\",\"contentUrl\":\"https:\/\/israelbiblicalstudies.com\/wp-content\/uploads\/2016\/09\/logo-invert.png\",\"width\":152,\"height\":68,\"caption\":\"Israel Biblical Studies\"},\"image\":{\"@id\":\"https:\/\/israelbiblicalstudies.com\/es\/#\/schema\/logo\/image\/\"}},{\"@type\":\"Person\",\"@id\":\"https:\/\/israelbiblicalstudies.com\/es\/#\/schema\/person\/470c9356fa72a497ecb801267dff4d15\",\"name\":\"Julia Blum\",\"image\":{\"@type\":\"ImageObject\",\"inLanguage\":\"es\",\"@id\":\"https:\/\/israelbiblicalstudies.com\/es\/#\/schema\/person\/image\/\",\"url\":\"https:\/\/secure.gravatar.com\/avatar\/bba81953dcf8395e3b4a73607c07e2f9d3e53c113398ce1fd48361f3f137b781?s=96&d=mm&r=g\",\"contentUrl\":\"https:\/\/secure.gravatar.com\/avatar\/bba81953dcf8395e3b4a73607c07e2f9d3e53c113398ce1fd48361f3f137b781?s=96&d=mm&r=g\",\"caption\":\"Julia Blum\"},\"description\":\"Julia is a teacher and an author of several books on biblical topics. She teaches two biblical courses at the Israel Institute of Biblical Studies, \u201cDiscovering the Hebrew Bible\u201d and \u201cJewish Background of the New Testament\u201d, and writes Hebrew insights for these courses.\",\"url\":\"https:\/\/israelbiblicalstudies.com\/es\/blog\/author\/juliablum\/\"}]}<\/script>\n<!-- \/ Yoast SEO plugin. -->","yoast_head_json":{"title":"REFLEXIONES SOBRE LA PASCUA: EL CORDERO (I) - Israel Institute of Biblical Studies","description":"\u00a0 Dios se proveer\u00e1 de cordero para el holocausto. \u00a0\u00a0\u00a0\u00a0\u00a0 G\u00e9nesis 22:8 &nbsp; El Cordero que fue inmolado es digno de tomar el poder, las riquezas, la","robots":{"index":"index","follow":"follow","max-snippet":"max-snippet:-1","max-image-preview":"max-image-preview:large","max-video-preview":"max-video-preview:-1"},"canonical":"https:\/\/israelbiblicalstudies.com\/es\/blog\/category\/jewish-studies\/reflexiones-la-pascua-cordero-i\/","og_locale":"es_ES","og_type":"article","og_title":"REFLEXIONES SOBRE LA PASCUA: EL CORDERO (I) - Israel Institute of Biblical Studies","og_description":"\u00a0 Dios se proveer\u00e1 de cordero para el holocausto. \u00a0\u00a0\u00a0\u00a0\u00a0 G\u00e9nesis 22:8 &nbsp; El Cordero que fue inmolado es digno de tomar el poder, las riquezas, la","og_url":"https:\/\/israelbiblicalstudies.com\/es\/blog\/category\/jewish-studies\/reflexiones-la-pascua-cordero-i\/","og_site_name":"Israel Institute of Biblical Studies","article_published_time":"2017-03-16T05:01:50+00:00","article_modified_time":"2025-08-13T11:29:34+00:00","og_image":[{"width":1200,"height":627,"url":"https:\/\/israelbiblicalstudies.com\/wp-content\/uploads\/2017\/03\/shutterstock_75711082.jpg","type":"image\/jpeg"}],"author":"Julia Blum","twitter_card":"summary_large_image","twitter_misc":{"Escrito por":"Julia Blum","Tiempo de lectura":"7 minutos"},"schema":{"@context":"https:\/\/schema.org","@graph":[{"@type":"Article","@id":"https:\/\/israelbiblicalstudies.com\/es\/blog\/category\/jewish-studies\/reflexiones-la-pascua-cordero-i\/#article","isPartOf":{"@id":"https:\/\/israelbiblicalstudies.com\/es\/blog\/category\/jewish-studies\/reflexiones-la-pascua-cordero-i\/"},"author":{"name":"Julia Blum","@id":"https:\/\/israelbiblicalstudies.com\/es\/#\/schema\/person\/470c9356fa72a497ecb801267dff4d15"},"headline":"REFLEXIONES SOBRE LA PASCUA: EL CORDERO (I)","datePublished":"2017-03-16T05:01:50+00:00","dateModified":"2025-08-13T11:29:34+00:00","mainEntityOfPage":{"@id":"https:\/\/israelbiblicalstudies.com\/es\/blog\/category\/jewish-studies\/reflexiones-la-pascua-cordero-i\/"},"wordCount":1410,"commentCount":7,"publisher":{"@id":"https:\/\/israelbiblicalstudies.com\/es\/#organization"},"image":{"@id":"https:\/\/israelbiblicalstudies.com\/es\/blog\/category\/jewish-studies\/reflexiones-la-pascua-cordero-i\/#primaryimage"},"thumbnailUrl":"https:\/\/israelbiblicalstudies.com\/wp-content\/uploads\/2017\/03\/shutterstock_75711082.jpg","articleSection":["Estudios Jud\u00edos"],"inLanguage":"es","potentialAction":[{"@type":"CommentAction","name":"Comment","target":["https:\/\/israelbiblicalstudies.com\/es\/blog\/category\/jewish-studies\/reflexiones-la-pascua-cordero-i\/#respond"]}]},{"@type":"WebPage","@id":"https:\/\/israelbiblicalstudies.com\/es\/blog\/category\/jewish-studies\/reflexiones-la-pascua-cordero-i\/","url":"https:\/\/israelbiblicalstudies.com\/es\/blog\/category\/jewish-studies\/reflexiones-la-pascua-cordero-i\/","name":"REFLEXIONES SOBRE LA PASCUA: EL CORDERO (I) - Israel Institute of Biblical Studies","isPartOf":{"@id":"https:\/\/israelbiblicalstudies.com\/es\/#website"},"primaryImageOfPage":{"@id":"https:\/\/israelbiblicalstudies.com\/es\/blog\/category\/jewish-studies\/reflexiones-la-pascua-cordero-i\/#primaryimage"},"image":{"@id":"https:\/\/israelbiblicalstudies.com\/es\/blog\/category\/jewish-studies\/reflexiones-la-pascua-cordero-i\/#primaryimage"},"thumbnailUrl":"https:\/\/israelbiblicalstudies.com\/wp-content\/uploads\/2017\/03\/shutterstock_75711082.jpg","datePublished":"2017-03-16T05:01:50+00:00","dateModified":"2025-08-13T11:29:34+00:00","description":"\u00a0 Dios se proveer\u00e1 de cordero para el holocausto. \u00a0\u00a0\u00a0\u00a0\u00a0 G\u00e9nesis 22:8 &nbsp; El Cordero que fue inmolado es digno de tomar el poder, las riquezas, la","breadcrumb":{"@id":"https:\/\/israelbiblicalstudies.com\/es\/blog\/category\/jewish-studies\/reflexiones-la-pascua-cordero-i\/#breadcrumb"},"inLanguage":"es","potentialAction":[{"@type":"ReadAction","target":["https:\/\/israelbiblicalstudies.com\/es\/blog\/category\/jewish-studies\/reflexiones-la-pascua-cordero-i\/"]}]},{"@type":"ImageObject","inLanguage":"es","@id":"https:\/\/israelbiblicalstudies.com\/es\/blog\/category\/jewish-studies\/reflexiones-la-pascua-cordero-i\/#primaryimage","url":"https:\/\/israelbiblicalstudies.com\/wp-content\/uploads\/2017\/03\/shutterstock_75711082.jpg","contentUrl":"https:\/\/israelbiblicalstudies.com\/wp-content\/uploads\/2017\/03\/shutterstock_75711082.jpg","width":1200,"height":627},{"@type":"BreadcrumbList","@id":"https:\/\/israelbiblicalstudies.com\/es\/blog\/category\/jewish-studies\/reflexiones-la-pascua-cordero-i\/#breadcrumb","itemListElement":[{"@type":"ListItem","position":1,"name":"Home","item":"https:\/\/israelbiblicalstudies.com\/es\/"},{"@type":"ListItem","position":2,"name":"Estudios Jud\u00edos","item":"https:\/\/israelbiblicalstudies.com\/es\/blog\/category\/jewish-studies\/"},{"@type":"ListItem","position":3,"name":"REFLEXIONES SOBRE LA PASCUA: EL CORDERO (I)"}]},{"@type":"WebSite","@id":"https:\/\/israelbiblicalstudies.com\/es\/#website","url":"https:\/\/israelbiblicalstudies.com\/es\/","name":"Israel Institute of Biblical Studies","description":"Deepen Your Understanding of the Bible","publisher":{"@id":"https:\/\/israelbiblicalstudies.com\/es\/#organization"},"potentialAction":[{"@type":"SearchAction","target":{"@type":"EntryPoint","urlTemplate":"https:\/\/israelbiblicalstudies.com\/es\/?s={search_term_string}"},"query-input":{"@type":"PropertyValueSpecification","valueRequired":true,"valueName":"search_term_string"}}],"inLanguage":"es"},{"@type":"Organization","@id":"https:\/\/israelbiblicalstudies.com\/es\/#organization","name":"Israel Biblical Studies","url":"https:\/\/israelbiblicalstudies.com\/es\/","logo":{"@type":"ImageObject","inLanguage":"es","@id":"https:\/\/israelbiblicalstudies.com\/es\/#\/schema\/logo\/image\/","url":"https:\/\/israelbiblicalstudies.com\/wp-content\/uploads\/2016\/09\/logo-invert.png","contentUrl":"https:\/\/israelbiblicalstudies.com\/wp-content\/uploads\/2016\/09\/logo-invert.png","width":152,"height":68,"caption":"Israel Biblical Studies"},"image":{"@id":"https:\/\/israelbiblicalstudies.com\/es\/#\/schema\/logo\/image\/"}},{"@type":"Person","@id":"https:\/\/israelbiblicalstudies.com\/es\/#\/schema\/person\/470c9356fa72a497ecb801267dff4d15","name":"Julia Blum","image":{"@type":"ImageObject","inLanguage":"es","@id":"https:\/\/israelbiblicalstudies.com\/es\/#\/schema\/person\/image\/","url":"https:\/\/secure.gravatar.com\/avatar\/bba81953dcf8395e3b4a73607c07e2f9d3e53c113398ce1fd48361f3f137b781?s=96&d=mm&r=g","contentUrl":"https:\/\/secure.gravatar.com\/avatar\/bba81953dcf8395e3b4a73607c07e2f9d3e53c113398ce1fd48361f3f137b781?s=96&d=mm&r=g","caption":"Julia Blum"},"description":"Julia is a teacher and an author of several books on biblical topics. She teaches two biblical courses at the Israel Institute of Biblical Studies, \u201cDiscovering the Hebrew Bible\u201d and \u201cJewish Background of the New Testament\u201d, and writes Hebrew insights for these courses.","url":"https:\/\/israelbiblicalstudies.com\/es\/blog\/author\/juliablum\/"}]}},"_links":{"self":[{"href":"https:\/\/israelbiblicalstudies.com\/es\/wp-json\/wp\/v2\/posts\/10294","targetHints":{"allow":["GET"]}}],"collection":[{"href":"https:\/\/israelbiblicalstudies.com\/es\/wp-json\/wp\/v2\/posts"}],"about":[{"href":"https:\/\/israelbiblicalstudies.com\/es\/wp-json\/wp\/v2\/types\/post"}],"author":[{"embeddable":true,"href":"https:\/\/israelbiblicalstudies.com\/es\/wp-json\/wp\/v2\/users\/45"}],"replies":[{"embeddable":true,"href":"https:\/\/israelbiblicalstudies.com\/es\/wp-json\/wp\/v2\/comments?post=10294"}],"version-history":[{"count":0,"href":"https:\/\/israelbiblicalstudies.com\/es\/wp-json\/wp\/v2\/posts\/10294\/revisions"}],"wp:featuredmedia":[{"embeddable":true,"href":"https:\/\/israelbiblicalstudies.com\/es\/wp-json\/wp\/v2\/media\/10289"}],"wp:attachment":[{"href":"https:\/\/israelbiblicalstudies.com\/es\/wp-json\/wp\/v2\/media?parent=10294"}],"wp:term":[{"taxonomy":"category","embeddable":true,"href":"https:\/\/israelbiblicalstudies.com\/es\/wp-json\/wp\/v2\/categories?post=10294"},{"taxonomy":"post_tag","embeddable":true,"href":"https:\/\/israelbiblicalstudies.com\/es\/wp-json\/wp\/v2\/tags?post=10294"}],"curies":[{"name":"wp","href":"https:\/\/api.w.org\/{rel}","templated":true}]}}