{"id":12579,"date":"2018-10-24T17:13:41","date_gmt":"2018-10-24T14:13:41","guid":{"rendered":"https:\/\/iibsblogsstg.wpenginepowered.com\/?p=12579"},"modified":"2025-08-13T11:29:22","modified_gmt":"2025-08-13T11:29:22","slug":"porcion-de-la-tora-en-tiempo-actual-vayera-a-la-luz-del-nuevo-testamento","status":"publish","type":"post","link":"https:\/\/israelbiblicalstudies.com\/es\/blog\/category\/jewish-studies\/porcion-de-la-tora-en-tiempo-actual-vayera-a-la-luz-del-nuevo-testamento\/","title":{"rendered":"Porci\u00f3n de la tor\u00e1 en tiempo actual: Vayera a la luz del Nuevo Testamento"},"content":{"rendered":"<p>DESDE LA ANUNCIACI\u00d3N HASTA EL SACRIFICIO<\/p>\n<p>La Porci\u00f3n de la Tor\u00e1 Vayera (\u201cDespu\u00e9s le apareci\u00f3 Jehov\u00e1\u201d, <u>G\u00e9nesis 18:21\u201322:24<\/u>) ser\u00eda de especial inter\u00e9s para los lectores del Nuevo Testamento porque la estructura de esta porci\u00f3n, de alg\u00fan modo, es similar a la estructura de los Evangelios (en particular, el Evangelio de Lucas): esta porci\u00f3n empieza con la Anunciaci\u00f3n Divina del nacimiento milagroso del hijo de la promesa, y termina con Aqedat Itzak, el sacrificio de este hijo (llamado en las Escrituras \u201cel hijo \u00fanico\u201d).<\/p>\n<p>G\u00e9nesis 18 comienza con una escena muy interesante, donde Dios llega a Abraham en la forma de tres hu\u00e9spedes celestiales. Uno de los principales objetivos de esta visita era la anunciaci\u00f3n \u2014el anuncio del nacimiento milagroso de Isaac\u2014. Vemos un anuncio muy similar al principio del Evangelio de Lucas: el \u00e1ngel Gabriel se le aparece a Mar\u00eda y le comunica sobre el nacimiento milagroso de su hijo. El Evangelio de Lucas (y cualquier otro Evangelio) finaliza con el sacrificio de Jes\u00fas, con la crucifixi\u00f3n y resurrecci\u00f3n de Jes\u00fas. En este sentido, el punto de inicio y el punto final de nuestra porci\u00f3n de hoy, y el punto de inicio y el punto final del Evangelio de Lucas son muy similares.<\/p>\n<p>LA ANUNCIACI\u00d3N: SARA Y MAR\u00cdA<\/p>\n<p>En G\u00e9nesis 18, Dios llega a Abraham para anunciarle el nacimiento milagroso de Isaac:<\/p>\n<p><em>\u201c<\/em><em>Entonces dijo: De cierto volver\u00e9 a ti; y seg\u00fan el tiempo de la vida, he aqu\u00ed que Sara tu mujer tendr\u00e1 un hijo<\/em><em>\u201d.<\/em><\/p>\n<p>En su Evangelio, Lucas nos dice \u201c<em>el \u00e1ngel Gabriel fue enviado por Dios a una ciudad de Galilea, llamada Nazaret\u2026 y el nombre de la virgen era Mar\u00eda<\/em>\u201d para anunciarle el nacimiento milagroso de Jes\u00fas: <em>\u201c<\/em><em>Y ahora, concebir\u00e1s en tu vientre, y dar\u00e1s a luz un hijo, y llamar\u00e1s su nombre JES\u00daS<\/em><em>\u201d<\/em>.<\/p>\n<p>Un an\u00e1lisis m\u00e1s profundo de ambas escenas nos revela varias similitudes entre ellas. Primero, el hecho de que a Isaac y a Jes\u00fas se les asigne un nombre antes de nacer, es definitivamente digno de mencionar. En el cap\u00edtulo anterior, G\u00e9nesis 17, se le dijo a Abraham que Sara iba a tener un hijo y que su nombre ser\u00eda Isaac. Lo mismo sucede con Jes\u00fas: el \u00e1ngel no solo revela Su nombre a Mar\u00eda en el Evangelio de Lucas, sino que tambi\u00e9n, en el Evangelio de Mateo, el \u00e1ngel se lo dice a Jos\u00e9: \u201c<i>Y dar\u00e1 a luz un hijo, y llamar\u00e1s su nombre<span class=\"apple-converted-space\">\u00a0JES\u00daS,\u00a0<\/span><span class=\"apple-converted-space\">porque \u00e9l salvar\u00e1 a su pueblo de sus pecados\u201d\u00a0<\/span><\/i>(<u>Mateo 1:21<\/u>).<\/p>\n<p>Es muy interesante observar a ambas mujeres. A ambas, tanto a Sara como a Mar\u00eda, el milagro les pareci\u00f3 incre\u00edble e imposible \u2014por supuesto\u2014, sobrepas\u00f3 todo conocimiento e imaginaci\u00f3n humana. Por eso, su primera reacci\u00f3n fue de incredulidad y duda. En G\u00e9nesis 18, cuando el Se\u00f1or anunci\u00f3 el nacimiento de Isaac, Sara empez\u00f3 a re\u00edrse con aquella famosa risa para sus adentros:<\/p>\n<p>12\u00a0<em>\u201c<\/em><em>Se ri\u00f3, pues, Sara entre s\u00ed, diciendo: \u00bfDespu\u00e9s que he envejecido tendr\u00e9 deleite, siendo tambi\u00e9n mi se\u00f1or\u00a0ya viejo?<\/em><em>\u201d\u00a0<\/em>(G\u00e9nesis18:12)<\/p>\n<p>Cuando el \u00e1ngel anunci\u00f3 el nacimiento de Jes\u00fas, <em>\u201c<\/em><strong><sup>\u00a0<\/sup><\/strong><em>Entonces Mar\u00eda dijo al \u00e1ngel: \u00bfC\u00f3mo ser\u00e1 esto? pues no conozco var\u00f3n<\/em><em>\u201d\u00a0<\/em>(Lucas 1:34).<\/p>\n<p>Aun as\u00ed, ambas actuaron con fe y obediencia \u2014y la historia de la humanidad fue cambiada a causa de su fe y obediencia\u2014.<\/p>\n<p>EL SACRIFICIO: ISAAC Y JES\u00daS<\/p>\n<p>Como en el caso de Jes\u00fas, casi no sabemos nada respecto a la ni\u00f1ez y juventud de Isaac. Los a\u00f1os pasaron deprisa \u2014y llegamos a una de las m\u00e1s extra\u00f1as y dram\u00e1ticas historias de las escrituras hebreas\u2014: Aqedat Itzhak, el sacrificio de Isaac. Para la mayor\u00eda de cristianos, Isaac es visto en esta escena como el prototipo de Jes\u00fas: Dios le dijo a Abraham que sacrificara a su hijo Isaac porque este sacrificio se\u00f1alar\u00eda hacia el \u00faltimo sacrificio de Cristo. En el Nuevo Testamento, Abraham dispuesto a sacrificar a su amado hijo Isaac, llega a ser el prototipo de Padre dispuesto a sacrificar a Su Hijo por la humanidad:<\/p>\n<p>2\u00a0<em>\u201c<\/em><em>Y dijo: Toma ahora tu hijo, tu \u00fanico, Isaac, a quien amas, y vete a tierra de Moriah, y ofr\u00e9celo all\u00ed en holocausto sobre uno de los montes que yo te dir\u00e9<\/em><em>\u201d\u00a0<\/em>(<u>G\u00e9nesis. 22:2<\/u>).<\/p>\n<p>16\u00a0\u201c<em>Porque de tal manera am\u00f3 Dios al mundo, que ha dado a su Hijo unig\u00e9nito, para que todo aquel que en \u00e9l cree, no se pierda, mas tenga vida eterna<\/em><em>\u201d\u00a0<\/em>(<u>Juan 3:16<\/u>).<\/p>\n<p>Desde la perspectiva del Nuevo Testamento, este paralelismo est\u00e1 muy claro: el Padre va a sacrificar a Su Hijo, sin embargo, \u00bfqu\u00e9 encontramos en la tradici\u00f3n jud\u00eda?<\/p>\n<p>La interpretaci\u00f3n del Nuevo Testamento de G\u00e9nesis 22 tradicionalmente ve el s\u00edmbolo de la cruz en esta colocaci\u00f3n de la le\u00f1a sobre Isaac. Los lectores cristianos podr\u00edan estar sorprendidos al encontrar tambi\u00e9n un pensamiento similar en el Midrash:<\/p>\n<p>\u201c<em>Y tom\u00f3 Abraham la le\u00f1a del holocausto, y la puso sobre Isaac su hijo\u2026<\/em>\u201d (G\u00e9nesis 22:6)<br \/>\n\u2026como quien carga el madero sobre sus hombros (Bereshit Rabba, parasha 56).<\/p>\n<p>Isaac \u2014quien probablemente fue ya un adulto joven (37 a\u00f1os seg\u00fan el midrash jud\u00edo)\u2014 sigui\u00f3 a su padre en perfecta obediencia y confianza. M\u00e1s a\u00fan, hay una tradici\u00f3n hag\u00e1dica jud\u00eda que expl\u00edcitamente declara que all\u00ed en el Monte Moriah, Abraham ofreci\u00f3 dos sacrificios: empez\u00f3 con el sacrificio actual de su hijo y termin\u00f3 con el sacrificio del carnero.[1] Aqu\u00ed se ha dicho expl\u00edcitamente que Isaac es el cordero del holocausto: \u05d0\u05ea\u05d4 \u05d4\u05e9\u05d4 \u05dc\u05e2\u05dc\u05d4 \u05d1\u05e0\u05d9 \u2014\u201ct\u00fa eres el cordero, hijo m\u00edo\u201d\u2014.[2] \u2018Las brasas de Isaac\u2019 y \u2018la sangre de la Aqedah de Isaac\u2019, aunque contradictorio con el significado llano de las Escrituras, son cuidadosamente preservadas por esta tradici\u00f3n: est\u00e1n para servir por siempre como expiaci\u00f3n y defensa de Israel en cada generaci\u00f3n. Esto es exactamente lo que Abraham est\u00e1 pidiendo cuando \u00e9l sigue con su oraci\u00f3n en Bereshit Rabbah: <i>\u201c<\/i>A\u00fan as\u00ed, sea hecha Tu voluntad, oh Se\u00f1or nuestro Dios, que cuando los hijos de Isaac est\u00e9n en apuros, T\u00fa recuerdes esta promesa en su favor y seas lleno de compasi\u00f3n hacia ellos\u201d.[3] La promesa de Isaac, pues, estaba pensada para jugar un rol \u00fanico en toda la econom\u00eda de la salvaci\u00f3n de Israel y tener un efecto redentor permanente hacia su pueblo \u2014y as\u00ed, observamos aqu\u00ed la sorprendente similitud entre la tradici\u00f3n hag\u00e1dica de la Aqedah y la soteriolog\u00eda cristiana\u2014.<\/p>\n<p>Me gustar\u00eda recordarles, mis queridos lectores, que ofrecemos un curso sobre la Porci\u00f3n Semanal de la Tor\u00e1, y aquellos interesados en estudiar a fondo la Parashat Shavua, junto con porciones del Nuevo Testamento, son bienvenidos a solicitar este curso o a contactarme (juliab@eteachergroup.com)\u00a0para m\u00e1s informaci\u00f3n y para un descuento (extractos de esta lecci\u00f3n de Vayera est\u00e1n incluidos en este post).<\/p>\n<p>Si les gustaron los art\u00edculos de este blog, podr\u00edan tambi\u00e9n disfrutar de mis libros, pueden obtenerlos en mi p\u00e1gina: https:\/\/israelbiblicalstudies.com\/blog\/author\/juliablum\/<\/p>\n<p>[1] Mirar Shalom Spiegel, The Last Trial, (Jewish Lights Publishing, 1993).<\/p>\n<p>[2] Bereshit Rabbah, 56,4<\/p>\n<p>[3] Bereshit Rabbah, 56,10<\/p>\n","protected":false},"excerpt":{"rendered":"<p>DESDE LA ANUNCIACI\u00d3N HASTA EL SACRIFICIO La Porci\u00f3n de la Tor\u00e1 Vayera (\u201cDespu\u00e9s le apareci\u00f3 Jehov\u00e1\u201d, G\u00e9nesis 18:21\u201322:24) ser\u00eda de especial inter\u00e9s para los lectores del Nuevo Testamento porque la estructura de esta porci\u00f3n, de alg\u00fan modo, es similar a la estructura de los Evangelios (en particular, el Evangelio de Lucas): esta porci\u00f3n empieza con [&hellip;]<\/p>\n","protected":false},"author":45,"featured_media":12569,"comment_status":"closed","ping_status":"open","sticky":false,"template":"","format":"standard","meta":{"_acf_changed":false,"inline_featured_image":false,"footnotes":""},"categories":[565],"tags":[],"class_list":["post-12579","post","type-post","status-publish","format-standard","has-post-thumbnail","hentry","category-jewish-studies"],"acf":[],"yoast_head":"<!-- This site is optimized with the Yoast SEO plugin v26.5 - https:\/\/yoast.com\/wordpress\/plugins\/seo\/ -->\n<title>Porci\u00f3n de la tor\u00e1 en tiempo actual: Vayera a la luz del Nuevo Testamento - Israel Institute of Biblical Studies<\/title>\n<meta name=\"description\" content=\"DESDE LA ANUNCIACI\u00d3N HASTA EL SACRIFICIO La Porci\u00f3n de la Tor\u00e1 Vayera (\u201cDespu\u00e9s le apareci\u00f3 Jehov\u00e1\u201d, G\u00e9nesis 18:21\u201322:24) ser\u00eda de especial inter\u00e9s para\" \/>\n<meta name=\"robots\" content=\"index, follow, max-snippet:-1, max-image-preview:large, max-video-preview:-1\" \/>\n<link rel=\"canonical\" href=\"https:\/\/israelbiblicalstudies.com\/es\/blog\/category\/jewish-studies\/porcion-de-la-tora-en-tiempo-actual-vayera-a-la-luz-del-nuevo-testamento\/\" \/>\n<meta property=\"og:locale\" content=\"es_ES\" \/>\n<meta property=\"og:type\" content=\"article\" \/>\n<meta property=\"og:title\" content=\"Porci\u00f3n de la tor\u00e1 en tiempo actual: Vayera a la luz del Nuevo Testamento - Israel Institute of Biblical Studies\" \/>\n<meta property=\"og:description\" content=\"DESDE LA ANUNCIACI\u00d3N HASTA EL SACRIFICIO La Porci\u00f3n de la Tor\u00e1 Vayera (\u201cDespu\u00e9s le apareci\u00f3 Jehov\u00e1\u201d, G\u00e9nesis 18:21\u201322:24) ser\u00eda de especial inter\u00e9s para\" \/>\n<meta property=\"og:url\" content=\"https:\/\/israelbiblicalstudies.com\/es\/blog\/category\/jewish-studies\/porcion-de-la-tora-en-tiempo-actual-vayera-a-la-luz-del-nuevo-testamento\/\" \/>\n<meta property=\"og:site_name\" content=\"Israel Institute of Biblical Studies\" \/>\n<meta property=\"article:published_time\" content=\"2018-10-24T14:13:41+00:00\" \/>\n<meta property=\"article:modified_time\" content=\"2025-08-13T11:29:22+00:00\" \/>\n<meta property=\"og:image\" content=\"https:\/\/israelbiblicalstudies.com\/wp-content\/uploads\/2018\/10\/shutterstock_1140683675-1.jpg\" \/>\n\t<meta property=\"og:image:width\" content=\"1024\" \/>\n\t<meta property=\"og:image:height\" content=\"1024\" \/>\n\t<meta property=\"og:image:type\" content=\"image\/jpeg\" \/>\n<meta name=\"author\" content=\"Julia Blum\" \/>\n<meta name=\"twitter:card\" content=\"summary_large_image\" \/>\n<meta name=\"twitter:label1\" content=\"Escrito por\" \/>\n\t<meta name=\"twitter:data1\" content=\"Julia Blum\" \/>\n\t<meta name=\"twitter:label2\" content=\"Tiempo de lectura\" \/>\n\t<meta name=\"twitter:data2\" content=\"6 minutos\" \/>\n<script type=\"application\/ld+json\" class=\"yoast-schema-graph\">{\"@context\":\"https:\/\/schema.org\",\"@graph\":[{\"@type\":\"Article\",\"@id\":\"https:\/\/israelbiblicalstudies.com\/es\/blog\/category\/jewish-studies\/porcion-de-la-tora-en-tiempo-actual-vayera-a-la-luz-del-nuevo-testamento\/#article\",\"isPartOf\":{\"@id\":\"https:\/\/israelbiblicalstudies.com\/es\/blog\/category\/jewish-studies\/porcion-de-la-tora-en-tiempo-actual-vayera-a-la-luz-del-nuevo-testamento\/\"},\"author\":{\"name\":\"Julia Blum\",\"@id\":\"https:\/\/israelbiblicalstudies.com\/es\/#\/schema\/person\/470c9356fa72a497ecb801267dff4d15\"},\"headline\":\"Porci\u00f3n de la tor\u00e1 en tiempo actual: Vayera a la luz del Nuevo Testamento\",\"datePublished\":\"2018-10-24T14:13:41+00:00\",\"dateModified\":\"2025-08-13T11:29:22+00:00\",\"mainEntityOfPage\":{\"@id\":\"https:\/\/israelbiblicalstudies.com\/es\/blog\/category\/jewish-studies\/porcion-de-la-tora-en-tiempo-actual-vayera-a-la-luz-del-nuevo-testamento\/\"},\"wordCount\":1246,\"publisher\":{\"@id\":\"https:\/\/israelbiblicalstudies.com\/es\/#organization\"},\"image\":{\"@id\":\"https:\/\/israelbiblicalstudies.com\/es\/blog\/category\/jewish-studies\/porcion-de-la-tora-en-tiempo-actual-vayera-a-la-luz-del-nuevo-testamento\/#primaryimage\"},\"thumbnailUrl\":\"https:\/\/israelbiblicalstudies.com\/wp-content\/uploads\/2018\/10\/shutterstock_1140683675-1.jpg\",\"articleSection\":[\"Estudios Jud\u00edos\"],\"inLanguage\":\"es\"},{\"@type\":\"WebPage\",\"@id\":\"https:\/\/israelbiblicalstudies.com\/es\/blog\/category\/jewish-studies\/porcion-de-la-tora-en-tiempo-actual-vayera-a-la-luz-del-nuevo-testamento\/\",\"url\":\"https:\/\/israelbiblicalstudies.com\/es\/blog\/category\/jewish-studies\/porcion-de-la-tora-en-tiempo-actual-vayera-a-la-luz-del-nuevo-testamento\/\",\"name\":\"Porci\u00f3n de la tor\u00e1 en tiempo actual: Vayera a la luz del Nuevo Testamento - Israel Institute of Biblical Studies\",\"isPartOf\":{\"@id\":\"https:\/\/israelbiblicalstudies.com\/es\/#website\"},\"primaryImageOfPage\":{\"@id\":\"https:\/\/israelbiblicalstudies.com\/es\/blog\/category\/jewish-studies\/porcion-de-la-tora-en-tiempo-actual-vayera-a-la-luz-del-nuevo-testamento\/#primaryimage\"},\"image\":{\"@id\":\"https:\/\/israelbiblicalstudies.com\/es\/blog\/category\/jewish-studies\/porcion-de-la-tora-en-tiempo-actual-vayera-a-la-luz-del-nuevo-testamento\/#primaryimage\"},\"thumbnailUrl\":\"https:\/\/israelbiblicalstudies.com\/wp-content\/uploads\/2018\/10\/shutterstock_1140683675-1.jpg\",\"datePublished\":\"2018-10-24T14:13:41+00:00\",\"dateModified\":\"2025-08-13T11:29:22+00:00\",\"description\":\"DESDE LA ANUNCIACI\u00d3N HASTA EL SACRIFICIO La Porci\u00f3n de la Tor\u00e1 Vayera (\u201cDespu\u00e9s le apareci\u00f3 Jehov\u00e1\u201d, G\u00e9nesis 18:21\u201322:24) ser\u00eda de especial inter\u00e9s para\",\"breadcrumb\":{\"@id\":\"https:\/\/israelbiblicalstudies.com\/es\/blog\/category\/jewish-studies\/porcion-de-la-tora-en-tiempo-actual-vayera-a-la-luz-del-nuevo-testamento\/#breadcrumb\"},\"inLanguage\":\"es\",\"potentialAction\":[{\"@type\":\"ReadAction\",\"target\":[\"https:\/\/israelbiblicalstudies.com\/es\/blog\/category\/jewish-studies\/porcion-de-la-tora-en-tiempo-actual-vayera-a-la-luz-del-nuevo-testamento\/\"]}]},{\"@type\":\"ImageObject\",\"inLanguage\":\"es\",\"@id\":\"https:\/\/israelbiblicalstudies.com\/es\/blog\/category\/jewish-studies\/porcion-de-la-tora-en-tiempo-actual-vayera-a-la-luz-del-nuevo-testamento\/#primaryimage\",\"url\":\"https:\/\/israelbiblicalstudies.com\/wp-content\/uploads\/2018\/10\/shutterstock_1140683675-1.jpg\",\"contentUrl\":\"https:\/\/israelbiblicalstudies.com\/wp-content\/uploads\/2018\/10\/shutterstock_1140683675-1.jpg\",\"width\":1024,\"height\":1024},{\"@type\":\"BreadcrumbList\",\"@id\":\"https:\/\/israelbiblicalstudies.com\/es\/blog\/category\/jewish-studies\/porcion-de-la-tora-en-tiempo-actual-vayera-a-la-luz-del-nuevo-testamento\/#breadcrumb\",\"itemListElement\":[{\"@type\":\"ListItem\",\"position\":1,\"name\":\"Home\",\"item\":\"https:\/\/israelbiblicalstudies.com\/es\/\"},{\"@type\":\"ListItem\",\"position\":2,\"name\":\"Estudios Jud\u00edos\",\"item\":\"https:\/\/israelbiblicalstudies.com\/es\/blog\/category\/jewish-studies\/\"},{\"@type\":\"ListItem\",\"position\":3,\"name\":\"Porci\u00f3n de la tor\u00e1 en tiempo actual: Vayera a la luz del Nuevo Testamento\"}]},{\"@type\":\"WebSite\",\"@id\":\"https:\/\/israelbiblicalstudies.com\/es\/#website\",\"url\":\"https:\/\/israelbiblicalstudies.com\/es\/\",\"name\":\"Israel Institute of Biblical Studies\",\"description\":\"Deepen Your Understanding of the Bible\",\"publisher\":{\"@id\":\"https:\/\/israelbiblicalstudies.com\/es\/#organization\"},\"potentialAction\":[{\"@type\":\"SearchAction\",\"target\":{\"@type\":\"EntryPoint\",\"urlTemplate\":\"https:\/\/israelbiblicalstudies.com\/es\/?s={search_term_string}\"},\"query-input\":{\"@type\":\"PropertyValueSpecification\",\"valueRequired\":true,\"valueName\":\"search_term_string\"}}],\"inLanguage\":\"es\"},{\"@type\":\"Organization\",\"@id\":\"https:\/\/israelbiblicalstudies.com\/es\/#organization\",\"name\":\"Israel Biblical Studies\",\"url\":\"https:\/\/israelbiblicalstudies.com\/es\/\",\"logo\":{\"@type\":\"ImageObject\",\"inLanguage\":\"es\",\"@id\":\"https:\/\/israelbiblicalstudies.com\/es\/#\/schema\/logo\/image\/\",\"url\":\"https:\/\/israelbiblicalstudies.com\/wp-content\/uploads\/2016\/09\/logo-invert.png\",\"contentUrl\":\"https:\/\/israelbiblicalstudies.com\/wp-content\/uploads\/2016\/09\/logo-invert.png\",\"width\":152,\"height\":68,\"caption\":\"Israel Biblical Studies\"},\"image\":{\"@id\":\"https:\/\/israelbiblicalstudies.com\/es\/#\/schema\/logo\/image\/\"}},{\"@type\":\"Person\",\"@id\":\"https:\/\/israelbiblicalstudies.com\/es\/#\/schema\/person\/470c9356fa72a497ecb801267dff4d15\",\"name\":\"Julia Blum\",\"image\":{\"@type\":\"ImageObject\",\"inLanguage\":\"es\",\"@id\":\"https:\/\/israelbiblicalstudies.com\/es\/#\/schema\/person\/image\/\",\"url\":\"https:\/\/secure.gravatar.com\/avatar\/bba81953dcf8395e3b4a73607c07e2f9d3e53c113398ce1fd48361f3f137b781?s=96&d=mm&r=g\",\"contentUrl\":\"https:\/\/secure.gravatar.com\/avatar\/bba81953dcf8395e3b4a73607c07e2f9d3e53c113398ce1fd48361f3f137b781?s=96&d=mm&r=g\",\"caption\":\"Julia Blum\"},\"description\":\"Julia is a teacher and an author of several books on biblical topics. She teaches two biblical courses at the Israel Institute of Biblical Studies, \u201cDiscovering the Hebrew Bible\u201d and \u201cJewish Background of the New Testament\u201d, and writes Hebrew insights for these courses.\",\"url\":\"https:\/\/israelbiblicalstudies.com\/es\/blog\/author\/juliablum\/\"}]}<\/script>\n<!-- \/ Yoast SEO plugin. -->","yoast_head_json":{"title":"Porci\u00f3n de la tor\u00e1 en tiempo actual: Vayera a la luz del Nuevo Testamento - Israel Institute of Biblical Studies","description":"DESDE LA ANUNCIACI\u00d3N HASTA EL SACRIFICIO La Porci\u00f3n de la Tor\u00e1 Vayera (\u201cDespu\u00e9s le apareci\u00f3 Jehov\u00e1\u201d, G\u00e9nesis 18:21\u201322:24) ser\u00eda de especial inter\u00e9s para","robots":{"index":"index","follow":"follow","max-snippet":"max-snippet:-1","max-image-preview":"max-image-preview:large","max-video-preview":"max-video-preview:-1"},"canonical":"https:\/\/israelbiblicalstudies.com\/es\/blog\/category\/jewish-studies\/porcion-de-la-tora-en-tiempo-actual-vayera-a-la-luz-del-nuevo-testamento\/","og_locale":"es_ES","og_type":"article","og_title":"Porci\u00f3n de la tor\u00e1 en tiempo actual: Vayera a la luz del Nuevo Testamento - Israel Institute of Biblical Studies","og_description":"DESDE LA ANUNCIACI\u00d3N HASTA EL SACRIFICIO La Porci\u00f3n de la Tor\u00e1 Vayera (\u201cDespu\u00e9s le apareci\u00f3 Jehov\u00e1\u201d, G\u00e9nesis 18:21\u201322:24) ser\u00eda de especial inter\u00e9s para","og_url":"https:\/\/israelbiblicalstudies.com\/es\/blog\/category\/jewish-studies\/porcion-de-la-tora-en-tiempo-actual-vayera-a-la-luz-del-nuevo-testamento\/","og_site_name":"Israel Institute of Biblical Studies","article_published_time":"2018-10-24T14:13:41+00:00","article_modified_time":"2025-08-13T11:29:22+00:00","og_image":[{"width":1024,"height":1024,"url":"https:\/\/israelbiblicalstudies.com\/wp-content\/uploads\/2018\/10\/shutterstock_1140683675-1.jpg","type":"image\/jpeg"}],"author":"Julia Blum","twitter_card":"summary_large_image","twitter_misc":{"Escrito por":"Julia Blum","Tiempo de lectura":"6 minutos"},"schema":{"@context":"https:\/\/schema.org","@graph":[{"@type":"Article","@id":"https:\/\/israelbiblicalstudies.com\/es\/blog\/category\/jewish-studies\/porcion-de-la-tora-en-tiempo-actual-vayera-a-la-luz-del-nuevo-testamento\/#article","isPartOf":{"@id":"https:\/\/israelbiblicalstudies.com\/es\/blog\/category\/jewish-studies\/porcion-de-la-tora-en-tiempo-actual-vayera-a-la-luz-del-nuevo-testamento\/"},"author":{"name":"Julia Blum","@id":"https:\/\/israelbiblicalstudies.com\/es\/#\/schema\/person\/470c9356fa72a497ecb801267dff4d15"},"headline":"Porci\u00f3n de la tor\u00e1 en tiempo actual: Vayera a la luz del Nuevo Testamento","datePublished":"2018-10-24T14:13:41+00:00","dateModified":"2025-08-13T11:29:22+00:00","mainEntityOfPage":{"@id":"https:\/\/israelbiblicalstudies.com\/es\/blog\/category\/jewish-studies\/porcion-de-la-tora-en-tiempo-actual-vayera-a-la-luz-del-nuevo-testamento\/"},"wordCount":1246,"publisher":{"@id":"https:\/\/israelbiblicalstudies.com\/es\/#organization"},"image":{"@id":"https:\/\/israelbiblicalstudies.com\/es\/blog\/category\/jewish-studies\/porcion-de-la-tora-en-tiempo-actual-vayera-a-la-luz-del-nuevo-testamento\/#primaryimage"},"thumbnailUrl":"https:\/\/israelbiblicalstudies.com\/wp-content\/uploads\/2018\/10\/shutterstock_1140683675-1.jpg","articleSection":["Estudios Jud\u00edos"],"inLanguage":"es"},{"@type":"WebPage","@id":"https:\/\/israelbiblicalstudies.com\/es\/blog\/category\/jewish-studies\/porcion-de-la-tora-en-tiempo-actual-vayera-a-la-luz-del-nuevo-testamento\/","url":"https:\/\/israelbiblicalstudies.com\/es\/blog\/category\/jewish-studies\/porcion-de-la-tora-en-tiempo-actual-vayera-a-la-luz-del-nuevo-testamento\/","name":"Porci\u00f3n de la tor\u00e1 en tiempo actual: Vayera a la luz del Nuevo Testamento - Israel Institute of Biblical Studies","isPartOf":{"@id":"https:\/\/israelbiblicalstudies.com\/es\/#website"},"primaryImageOfPage":{"@id":"https:\/\/israelbiblicalstudies.com\/es\/blog\/category\/jewish-studies\/porcion-de-la-tora-en-tiempo-actual-vayera-a-la-luz-del-nuevo-testamento\/#primaryimage"},"image":{"@id":"https:\/\/israelbiblicalstudies.com\/es\/blog\/category\/jewish-studies\/porcion-de-la-tora-en-tiempo-actual-vayera-a-la-luz-del-nuevo-testamento\/#primaryimage"},"thumbnailUrl":"https:\/\/israelbiblicalstudies.com\/wp-content\/uploads\/2018\/10\/shutterstock_1140683675-1.jpg","datePublished":"2018-10-24T14:13:41+00:00","dateModified":"2025-08-13T11:29:22+00:00","description":"DESDE LA ANUNCIACI\u00d3N HASTA EL SACRIFICIO La Porci\u00f3n de la Tor\u00e1 Vayera (\u201cDespu\u00e9s le apareci\u00f3 Jehov\u00e1\u201d, G\u00e9nesis 18:21\u201322:24) ser\u00eda de especial inter\u00e9s para","breadcrumb":{"@id":"https:\/\/israelbiblicalstudies.com\/es\/blog\/category\/jewish-studies\/porcion-de-la-tora-en-tiempo-actual-vayera-a-la-luz-del-nuevo-testamento\/#breadcrumb"},"inLanguage":"es","potentialAction":[{"@type":"ReadAction","target":["https:\/\/israelbiblicalstudies.com\/es\/blog\/category\/jewish-studies\/porcion-de-la-tora-en-tiempo-actual-vayera-a-la-luz-del-nuevo-testamento\/"]}]},{"@type":"ImageObject","inLanguage":"es","@id":"https:\/\/israelbiblicalstudies.com\/es\/blog\/category\/jewish-studies\/porcion-de-la-tora-en-tiempo-actual-vayera-a-la-luz-del-nuevo-testamento\/#primaryimage","url":"https:\/\/israelbiblicalstudies.com\/wp-content\/uploads\/2018\/10\/shutterstock_1140683675-1.jpg","contentUrl":"https:\/\/israelbiblicalstudies.com\/wp-content\/uploads\/2018\/10\/shutterstock_1140683675-1.jpg","width":1024,"height":1024},{"@type":"BreadcrumbList","@id":"https:\/\/israelbiblicalstudies.com\/es\/blog\/category\/jewish-studies\/porcion-de-la-tora-en-tiempo-actual-vayera-a-la-luz-del-nuevo-testamento\/#breadcrumb","itemListElement":[{"@type":"ListItem","position":1,"name":"Home","item":"https:\/\/israelbiblicalstudies.com\/es\/"},{"@type":"ListItem","position":2,"name":"Estudios Jud\u00edos","item":"https:\/\/israelbiblicalstudies.com\/es\/blog\/category\/jewish-studies\/"},{"@type":"ListItem","position":3,"name":"Porci\u00f3n de la tor\u00e1 en tiempo actual: Vayera a la luz del Nuevo Testamento"}]},{"@type":"WebSite","@id":"https:\/\/israelbiblicalstudies.com\/es\/#website","url":"https:\/\/israelbiblicalstudies.com\/es\/","name":"Israel Institute of Biblical Studies","description":"Deepen Your Understanding of the Bible","publisher":{"@id":"https:\/\/israelbiblicalstudies.com\/es\/#organization"},"potentialAction":[{"@type":"SearchAction","target":{"@type":"EntryPoint","urlTemplate":"https:\/\/israelbiblicalstudies.com\/es\/?s={search_term_string}"},"query-input":{"@type":"PropertyValueSpecification","valueRequired":true,"valueName":"search_term_string"}}],"inLanguage":"es"},{"@type":"Organization","@id":"https:\/\/israelbiblicalstudies.com\/es\/#organization","name":"Israel Biblical Studies","url":"https:\/\/israelbiblicalstudies.com\/es\/","logo":{"@type":"ImageObject","inLanguage":"es","@id":"https:\/\/israelbiblicalstudies.com\/es\/#\/schema\/logo\/image\/","url":"https:\/\/israelbiblicalstudies.com\/wp-content\/uploads\/2016\/09\/logo-invert.png","contentUrl":"https:\/\/israelbiblicalstudies.com\/wp-content\/uploads\/2016\/09\/logo-invert.png","width":152,"height":68,"caption":"Israel Biblical Studies"},"image":{"@id":"https:\/\/israelbiblicalstudies.com\/es\/#\/schema\/logo\/image\/"}},{"@type":"Person","@id":"https:\/\/israelbiblicalstudies.com\/es\/#\/schema\/person\/470c9356fa72a497ecb801267dff4d15","name":"Julia Blum","image":{"@type":"ImageObject","inLanguage":"es","@id":"https:\/\/israelbiblicalstudies.com\/es\/#\/schema\/person\/image\/","url":"https:\/\/secure.gravatar.com\/avatar\/bba81953dcf8395e3b4a73607c07e2f9d3e53c113398ce1fd48361f3f137b781?s=96&d=mm&r=g","contentUrl":"https:\/\/secure.gravatar.com\/avatar\/bba81953dcf8395e3b4a73607c07e2f9d3e53c113398ce1fd48361f3f137b781?s=96&d=mm&r=g","caption":"Julia Blum"},"description":"Julia is a teacher and an author of several books on biblical topics. She teaches two biblical courses at the Israel Institute of Biblical Studies, \u201cDiscovering the Hebrew Bible\u201d and \u201cJewish Background of the New Testament\u201d, and writes Hebrew insights for these courses.","url":"https:\/\/israelbiblicalstudies.com\/es\/blog\/author\/juliablum\/"}]}},"_links":{"self":[{"href":"https:\/\/israelbiblicalstudies.com\/es\/wp-json\/wp\/v2\/posts\/12579","targetHints":{"allow":["GET"]}}],"collection":[{"href":"https:\/\/israelbiblicalstudies.com\/es\/wp-json\/wp\/v2\/posts"}],"about":[{"href":"https:\/\/israelbiblicalstudies.com\/es\/wp-json\/wp\/v2\/types\/post"}],"author":[{"embeddable":true,"href":"https:\/\/israelbiblicalstudies.com\/es\/wp-json\/wp\/v2\/users\/45"}],"replies":[{"embeddable":true,"href":"https:\/\/israelbiblicalstudies.com\/es\/wp-json\/wp\/v2\/comments?post=12579"}],"version-history":[{"count":0,"href":"https:\/\/israelbiblicalstudies.com\/es\/wp-json\/wp\/v2\/posts\/12579\/revisions"}],"wp:featuredmedia":[{"embeddable":true,"href":"https:\/\/israelbiblicalstudies.com\/es\/wp-json\/wp\/v2\/media\/12569"}],"wp:attachment":[{"href":"https:\/\/israelbiblicalstudies.com\/es\/wp-json\/wp\/v2\/media?parent=12579"}],"wp:term":[{"taxonomy":"category","embeddable":true,"href":"https:\/\/israelbiblicalstudies.com\/es\/wp-json\/wp\/v2\/categories?post=12579"},{"taxonomy":"post_tag","embeddable":true,"href":"https:\/\/israelbiblicalstudies.com\/es\/wp-json\/wp\/v2\/tags?post=12579"}],"curies":[{"name":"wp","href":"https:\/\/api.w.org\/{rel}","templated":true}]}}