{"id":12589,"date":"2018-11-01T11:43:49","date_gmt":"2018-11-01T08:43:49","guid":{"rendered":"https:\/\/iibsblogsstg.wpenginepowered.com\/?p=12589"},"modified":"2025-08-13T11:29:21","modified_gmt":"2025-08-13T11:29:21","slug":"la-tora-en-tiempo-actual-hayyei-sarah","status":"publish","type":"post","link":"https:\/\/israelbiblicalstudies.com\/es\/blog\/category\/jewish-studies\/la-tora-en-tiempo-actual-hayyei-sarah\/","title":{"rendered":"La Tor\u00e1 en tiempo actual: Hayyei-Sarah"},"content":{"rendered":"<p>Queridos lectores, en un principio estaba insegura de publicar el art\u00edculo de la primera porci\u00f3n de la Tor\u00e1 de este a\u00f1o. Hay muchos sitios con comentarios de la Parashat Shavua, as\u00ed que pens\u00e9: \u00bfmis lectores de verdad necesitan otro? Sin embargo, el inter\u00e9s en estos art\u00edculos ha sido muy alentador, as\u00ed que seguiremos comentando la Parashat Shavua, al menos a trav\u00e9s del Libro de G\u00e9nesis. Esta semana leemos Hayyei-Sarah (la vida de Sara), G\u00e9nesis 23:1\u2013 25:18, y esta porci\u00f3n de la Tor\u00e1, como cada secci\u00f3n de la Palabra, tiene un mensaje para cada uno: para la gente joven que busca su \u201cotra mitad\u201d, para los padres criando hijos y para la gente de avanzada edad. Profundicemos en el texto.<\/p>\n<p>VIDA EN LA MUERTE<\/p>\n<p>Primero que todo, parece ser que el t\u00edtulo \u201cHayyei-Sarah\u201d\u00a0(la vida de Sara) no es el t\u00edtulo m\u00e1s adecuado para una porci\u00f3n que abre con la muerte de Sara \u2014directamente en el segundo vers\u00edculo, Sarah muere\u2014:\u00a0<em><i>\u201c<\/i><i>Y <u>muri\u00f3\u00a0<\/u>Sara en Quiriat-arba, que es Hebr\u00f3n, en la tierra de Cana\u00e1n<\/i>\u201d.<a href=\"#_ftn1\" name=\"_ftnref1\"><strong>[1]<\/strong><\/a><\/em>\u00a0Pero aqu\u00ed est\u00e1 la primera lecci\u00f3n de esta porci\u00f3n: a\u00fan despu\u00e9s de la muerte de Sara, las vidas y las narrativas estuvieron influenciadas por su vida \u2014<em>Hayyei-Sara<\/em>\u2014. Dios desea que Su pueblo viva de tal manera que sus vidas tengan un impacto en aquellos que les rodean \u2014a\u00fan cuando se vayan de este mundo, las personas y las historias continuar\u00e1n llevando sus nombres\u2014.<\/p>\n<p>\u00bfPor qu\u00e9 muri\u00f3 Sara? En la tradici\u00f3n jud\u00eda, la muerte de Sara en G\u00e9nesis 23 est\u00e1 yuxtapuesta a los eventos de G\u00e9nesis 22: <i>\u201ccuando Sara escuch\u00f3 que su hijo estaba preparado para el sacrificio y estaba casi sacrificado, su alma sali\u00f3 de ella y muri\u00f3\u201d<\/i><a href=\"#_ftn2\" name=\"_ftnref2\">[2]<\/a>\u00a0(Sara muri\u00f3 a la edad de 127 a\u00f1os, por cierto, de acuerdo a esta tradici\u00f3n, Isaac ten\u00eda 37 a\u00f1os cuando fue conducido al Monte Moriah, y no un ni\u00f1o como a menudo es representado en el cristianismo).<\/p>\n<p>Luego aprendemos algo muy significativo sobre Abraham. Presten mucha atenci\u00f3n a lo que Abraham est\u00e1 diciendo a los hijos de Het mientras intenta comprar un lugar donde enterrar a Sara: \u201c<strong><em>Soy un extranjero y un peregrino<\/em><\/strong>\u201d. Cu\u00e1n humildes son estas palabras: \u00e9l sabe muy bien que es un extranjero entre la gente de su alrededor. Pero, \u00bfqu\u00e9 le responden los hijos de Het? \u201c<strong><em>Esc\u00fachanos, mi se\u00f1or: t\u00fa eres un poderoso pr\u00edncipe entre nosotros<\/em><\/strong>\u201d.Este es el mejor testimonio al que una persona puede aspirar: si t\u00fa sabes que simplemente eres \u201c<strong><em>un extranjero y un peregrino<\/em><\/strong>\u201d, y a\u00fan as\u00ed las personas de tu alrededor te ven como un \u201c<strong><em>poderoso pr\u00edncipe<\/em><\/strong>\u201d,no como un indefenso extra\u00f1o, significa que Dios debe estar brillando a trav\u00e9s tuyo. Significa que Su fortaleza es vista en tu debilidad, que Su poder te hace poderoso, que no es a ti a quien la gente ve \u2014sino a Dios en ti\u2014.<\/p>\n<p>UN DETALLE INTRIGANTE<\/p>\n<p>En G\u00e9nesis 24, Rebeca, una maravillosa mujer, toma una decisi\u00f3n que cambia la vida: dejar su hogar y marchar a Cana\u00e1n para casarse con Isaac. Al final de este largo cap\u00edtulo lleno de acontecimientos, Rebeca ve a Isaac por primera vez. En espa\u00f1ol leemos: <i>\u201cy descendi\u00f3 del camello<\/i>\u201d. Sin embargo, estas palabras no revelan el significado completo del hebreo original: <strong><em>\u05d5\u05ea\u05e4\u05dc \u05de\u05e2\u05dc \u05d4\u05d2\u05de\u05dc<\/em><\/strong> \u2014y ella cay\u00f3, se cay\u00f3 del camello\u2014. Ella literalmente <b>se cay\u00f3\u00a0<\/b>de su camello. \u00bfPor qu\u00e9 se cay\u00f3 Rebeca?<\/p>\n<p>Leemos que Isaac ven\u00eda de\u00a0<em>\u201c<i>Beer Lahai Roi\u00bb<\/i><\/em><a href=\"#_ftn3\" name=\"_ftnref3\"><em><strong>[3]<\/strong><\/em><\/a><em>,\u00a0<\/em>el Pozo del <em>Viviente-Que-Me-Ve<\/em>. Este importante nombre nos dice que, incluso despu\u00e9s del suceso del Monte Moriah, cuando Isaac desaparece completamente de las p\u00e1ginas de la Tor\u00e1, \u00e9l no desapareci\u00f3 de la vista de Dios: no era su padre terrenal, sino su Padre Celestial quien le restaur\u00f3 despu\u00e9s del terrible golpe por el que pas\u00f3 \u2014<em><strong>el Viviente-Que-Me-Ve<\/strong><\/em><strong><em>, Vive<\/em><\/strong>\u2014<strong>.<\/strong><\/p>\n<p>Creo que despu\u00e9s del tiempo que hab\u00eda pasado con Dios, Isaac debe haber resplandecido con la luz de Dios y brillado con la gloria de Dios. Rashi escribe sobre Rebeca y sobre este encuentro inicial: \u201cElla vio su majestuosa apariencia, y se qued\u00f3 asombrada con \u00e9l\u201d. Isaac est\u00e1 saliendo del desierto, irradiando la luz de Dios y deslumbrando a Rebeca cuando ella lo mira por primera vez.<\/p>\n<p>Quiz\u00e1 esta sea una raz\u00f3n adicional de de por qu\u00e9<em> \u201c<i>ella entonces tom\u00f3 el velo, y se cubri\u00f3<\/i><\/em>\u201d.<a href=\"#_ftn4\" name=\"_ftnref4\">[4]<\/a>\u00a0Por supuesto que cubri\u00f3 su rostro como muestra de sumisi\u00f3n ante su futuro marido \u2014una novia ten\u00eda que ser llevada con velo ante la presencia del novio\u2014. Sin embargo, tanto su ca\u00edda del camello como el cubrir su rostro, tiene m\u00e1s sentido cuando imaginamos a Isaac brillando y deslumbrando a Rebeca.<\/p>\n<p>La historia de amor de Isaac y Rebeca es una de las historias m\u00e1s hermosas y rom\u00e1nticas de la Tor\u00e1. Sin embargo, lo m\u00e1s maravilloso de esta historia es que se requiere la fe de varias personas para que sea una verdadera historia de amor. La lecci\u00f3n es muy clara: las mejores familias y matrimonios, antes de convertirse en historias de amor, deben ser historias de fe.<\/p>\n<p>EL PRIMER \u201cAMOR\u201d<\/p>\n<p>Entonces somos testigos de la historia de fe transform\u00e1ndose en una historia de amor: \u00ab<i>Isaac\u2026 tom\u00f3 a Rebeca por mujer, y la am\u00f3<\/i><em>\u00a0(<\/em><em><strong>\u05d9\u05b6\u05bc<\/strong><\/em><em>\u05d0\u05b1\u05d4\u05b8\u05d1\u05b6\u0591\u05d4\u05b8<\/em><em>)\u00bb. <i>\u00bfHay algo espec\u00edfico que esta maravillosa ra\u00edz hebrea, ahav, pueda decirnos aqu\u00ed?<\/i>\u00a0<\/em><\/p>\n<p>Es muy importante notar que en un sentido rom\u00e1ntico, como refiri\u00e9ndose a una relaci\u00f3n entre un hombre y una mujer, el verbo \u201camar\u201d (<em>ahav<\/em>) aparece aqu\u00ed por primera vez en toda la Tor\u00e1 (y sobre todo por segunda vez). No hay duda de que Abraham am\u00f3 a Sara, a\u00fan as\u00ed las Escrituras nunca usan esta palabra para describir <em>su\u00a0<\/em>relaci\u00f3n. Los sentimientos de Isaac por Rebeca debieron haber sido muy intensos si la Tor\u00e1 encuentra necesario usar este verbo.<\/p>\n<p>Es todav\u00eda m\u00e1s remarcable el hecho de que la primera vez que encontramos esta ra\u00edz en G\u00e9nesis 22, es donde Dios dice a Abraham \u201ctoma ahora tu <i>hijo<\/i>, tu \u00fanico, Isaac, a quien\u00a0<strong><b>amas (<\/b><\/strong><strong>\u05d0\u05d4\u05d1\u05ea<\/strong><strong>)<\/strong>\u201d. Es muy interesante resaltar que, en ambas ocasiones, el verbo \u201camar\u201d est\u00e1 relacionado con Isaac: \u00e9l fue quien fue amado en G\u00e9nesis 22 y es quien ama en G\u00e9nesis 24.<\/p>\n<p>La verdad eterna de la crianza est\u00e1 revelada mediante la ra\u00edz hebrea: nosotros hemos de amar a nuestros hijos, para que ellos est\u00e9n llenos de amor cuando crezcan. Uno ha de ser amado (por el padre terrenal y\/o por el Padre Celestial), para ser capaz de amar. Isaac fue la primera persona a quien la Tor\u00e1 se dirige como <strong>siendo amado\u00a0<\/strong>por su padre \u2014\u00e9l fue tambi\u00e9n la primera persona quien la Tor\u00e1 describe como <strong>amando\u00a0<\/strong>a su esposa\u2014.<\/p>\n<p>&nbsp;<\/p>\n<p><em>Si les gustaron los art\u00edculos de este blog, podr\u00edan tambi\u00e9n disfrutar de mis libros, pueden obtenerlos en mi p\u00e1gina:\u00a0<\/em><em><a href=\"https:\/\/israelbiblicalstudies.com\/blog\/author\/juliablum\/\">https:\/\/israelbiblicalstudies.com\/blog\/author\/juliablum\/\u00a0 \u00a0<\/a> Tambi\u00e9n me gustar\u00eda recordarles que ofrecemos un curso sobre la Porci\u00f3n Semanal de la Tor\u00e1, y aquellos interesados en estudiar a fondo la Parashat Shavua, junto con porciones del Nuevo Testamento, son bienvenidos a contactarme\u00a0<\/em>(<a href=\"mailto:juliab@eteachergroup.com\">juliab@eteachergroup.com<\/a>)\u00a0para m\u00e1s informaci\u00f3n y para un descuento.<\/p>\n<p><a href=\"#_ftnref1\" name=\"_ftn1\">[1]<\/a> G\u00e9nesis 23:2<\/p>\n<p><a href=\"#_ftnref2\" name=\"_ftn2\">[2]<\/a> G\u00e9nesis Rabbah 58:5<\/p>\n<p><a href=\"#_ftnref3\" name=\"_ftn3\">[3]<\/a> G\u00e9nesis 24:63<\/p>\n<p><a href=\"#_ftnref4\" name=\"_ftn4\">[4]<\/a> G\u00e9nesis 24:65<\/p>\n","protected":false},"excerpt":{"rendered":"<p>Queridos lectores, en un principio estaba insegura de publicar el art\u00edculo de la primera porci\u00f3n de la Tor\u00e1 de este a\u00f1o. Hay muchos sitios con comentarios de la Parashat Shavua, as\u00ed que pens\u00e9: \u00bfmis lectores de verdad necesitan otro? Sin embargo, el inter\u00e9s en estos art\u00edculos ha sido muy alentador, as\u00ed que seguiremos comentando la [&hellip;]<\/p>\n","protected":false},"author":45,"featured_media":44216,"comment_status":"closed","ping_status":"open","sticky":false,"template":"","format":"standard","meta":{"_acf_changed":false,"inline_featured_image":false,"footnotes":""},"categories":[565],"tags":[],"class_list":["post-12589","post","type-post","status-publish","format-standard","has-post-thumbnail","hentry","category-jewish-studies"],"acf":[],"yoast_head":"<!-- This site is optimized with the Yoast SEO plugin v26.5 - https:\/\/yoast.com\/wordpress\/plugins\/seo\/ -->\n<title>La Tor\u00e1 en tiempo actual: Hayyei-Sarah - Israel Institute of Biblical Studies<\/title>\n<meta name=\"description\" content=\"Queridos lectores, en un principio estaba insegura de publicar el art\u00edculo de la primera porci\u00f3n de la Tor\u00e1 de este a\u00f1o. Hay muchos sitios con comentarios\" \/>\n<meta name=\"robots\" content=\"index, follow, max-snippet:-1, max-image-preview:large, max-video-preview:-1\" \/>\n<link rel=\"canonical\" href=\"https:\/\/israelbiblicalstudies.com\/es\/blog\/category\/jewish-studies\/la-tora-en-tiempo-actual-hayyei-sarah\/\" \/>\n<meta property=\"og:locale\" content=\"es_ES\" \/>\n<meta property=\"og:type\" content=\"article\" \/>\n<meta property=\"og:title\" content=\"La Tor\u00e1 en tiempo actual: Hayyei-Sarah - Israel Institute of Biblical Studies\" \/>\n<meta property=\"og:description\" content=\"Queridos lectores, en un principio estaba insegura de publicar el art\u00edculo de la primera porci\u00f3n de la Tor\u00e1 de este a\u00f1o. Hay muchos sitios con comentarios\" \/>\n<meta property=\"og:url\" content=\"https:\/\/israelbiblicalstudies.com\/es\/blog\/category\/jewish-studies\/la-tora-en-tiempo-actual-hayyei-sarah\/\" \/>\n<meta property=\"og:site_name\" content=\"Israel Institute of Biblical Studies\" \/>\n<meta property=\"article:published_time\" content=\"2018-11-01T08:43:49+00:00\" \/>\n<meta property=\"article:modified_time\" content=\"2025-08-13T11:29:21+00:00\" \/>\n<meta property=\"og:image\" content=\"https:\/\/israelbiblicalstudies.com\/wp-content\/uploads\/2017\/07\/shutterstock_95148256.jpg\" \/>\n\t<meta property=\"og:image:width\" content=\"1000\" \/>\n\t<meta property=\"og:image:height\" content=\"667\" \/>\n\t<meta property=\"og:image:type\" content=\"image\/jpeg\" \/>\n<meta name=\"author\" content=\"Julia Blum\" \/>\n<meta name=\"twitter:card\" content=\"summary_large_image\" \/>\n<meta name=\"twitter:label1\" content=\"Escrito por\" \/>\n\t<meta name=\"twitter:data1\" content=\"Julia Blum\" \/>\n\t<meta name=\"twitter:label2\" content=\"Tiempo de lectura\" \/>\n\t<meta name=\"twitter:data2\" content=\"6 minutos\" \/>\n<script type=\"application\/ld+json\" class=\"yoast-schema-graph\">{\"@context\":\"https:\/\/schema.org\",\"@graph\":[{\"@type\":\"Article\",\"@id\":\"https:\/\/israelbiblicalstudies.com\/es\/blog\/category\/jewish-studies\/la-tora-en-tiempo-actual-hayyei-sarah\/#article\",\"isPartOf\":{\"@id\":\"https:\/\/israelbiblicalstudies.com\/es\/blog\/category\/jewish-studies\/la-tora-en-tiempo-actual-hayyei-sarah\/\"},\"author\":{\"name\":\"Julia Blum\",\"@id\":\"https:\/\/israelbiblicalstudies.com\/es\/#\/schema\/person\/470c9356fa72a497ecb801267dff4d15\"},\"headline\":\"La Tor\u00e1 en tiempo actual: Hayyei-Sarah\",\"datePublished\":\"2018-11-01T08:43:49+00:00\",\"dateModified\":\"2025-08-13T11:29:21+00:00\",\"mainEntityOfPage\":{\"@id\":\"https:\/\/israelbiblicalstudies.com\/es\/blog\/category\/jewish-studies\/la-tora-en-tiempo-actual-hayyei-sarah\/\"},\"wordCount\":1245,\"publisher\":{\"@id\":\"https:\/\/israelbiblicalstudies.com\/es\/#organization\"},\"image\":{\"@id\":\"https:\/\/israelbiblicalstudies.com\/es\/blog\/category\/jewish-studies\/la-tora-en-tiempo-actual-hayyei-sarah\/#primaryimage\"},\"thumbnailUrl\":\"https:\/\/israelbiblicalstudies.com\/wp-content\/uploads\/2017\/07\/shutterstock_95148256.jpg\",\"articleSection\":[\"Estudios Jud\u00edos\"],\"inLanguage\":\"es\"},{\"@type\":\"WebPage\",\"@id\":\"https:\/\/israelbiblicalstudies.com\/es\/blog\/category\/jewish-studies\/la-tora-en-tiempo-actual-hayyei-sarah\/\",\"url\":\"https:\/\/israelbiblicalstudies.com\/es\/blog\/category\/jewish-studies\/la-tora-en-tiempo-actual-hayyei-sarah\/\",\"name\":\"La Tor\u00e1 en tiempo actual: Hayyei-Sarah - Israel Institute of Biblical Studies\",\"isPartOf\":{\"@id\":\"https:\/\/israelbiblicalstudies.com\/es\/#website\"},\"primaryImageOfPage\":{\"@id\":\"https:\/\/israelbiblicalstudies.com\/es\/blog\/category\/jewish-studies\/la-tora-en-tiempo-actual-hayyei-sarah\/#primaryimage\"},\"image\":{\"@id\":\"https:\/\/israelbiblicalstudies.com\/es\/blog\/category\/jewish-studies\/la-tora-en-tiempo-actual-hayyei-sarah\/#primaryimage\"},\"thumbnailUrl\":\"https:\/\/israelbiblicalstudies.com\/wp-content\/uploads\/2017\/07\/shutterstock_95148256.jpg\",\"datePublished\":\"2018-11-01T08:43:49+00:00\",\"dateModified\":\"2025-08-13T11:29:21+00:00\",\"description\":\"Queridos lectores, en un principio estaba insegura de publicar el art\u00edculo de la primera porci\u00f3n de la Tor\u00e1 de este a\u00f1o. Hay muchos sitios con comentarios\",\"breadcrumb\":{\"@id\":\"https:\/\/israelbiblicalstudies.com\/es\/blog\/category\/jewish-studies\/la-tora-en-tiempo-actual-hayyei-sarah\/#breadcrumb\"},\"inLanguage\":\"es\",\"potentialAction\":[{\"@type\":\"ReadAction\",\"target\":[\"https:\/\/israelbiblicalstudies.com\/es\/blog\/category\/jewish-studies\/la-tora-en-tiempo-actual-hayyei-sarah\/\"]}]},{\"@type\":\"ImageObject\",\"inLanguage\":\"es\",\"@id\":\"https:\/\/israelbiblicalstudies.com\/es\/blog\/category\/jewish-studies\/la-tora-en-tiempo-actual-hayyei-sarah\/#primaryimage\",\"url\":\"https:\/\/israelbiblicalstudies.com\/wp-content\/uploads\/2017\/07\/shutterstock_95148256.jpg\",\"contentUrl\":\"https:\/\/israelbiblicalstudies.com\/wp-content\/uploads\/2017\/07\/shutterstock_95148256.jpg\",\"width\":1000,\"height\":667},{\"@type\":\"BreadcrumbList\",\"@id\":\"https:\/\/israelbiblicalstudies.com\/es\/blog\/category\/jewish-studies\/la-tora-en-tiempo-actual-hayyei-sarah\/#breadcrumb\",\"itemListElement\":[{\"@type\":\"ListItem\",\"position\":1,\"name\":\"Home\",\"item\":\"https:\/\/israelbiblicalstudies.com\/es\/\"},{\"@type\":\"ListItem\",\"position\":2,\"name\":\"Estudios Jud\u00edos\",\"item\":\"https:\/\/israelbiblicalstudies.com\/es\/blog\/category\/jewish-studies\/\"},{\"@type\":\"ListItem\",\"position\":3,\"name\":\"La Tor\u00e1 en tiempo actual: Hayyei-Sarah\"}]},{\"@type\":\"WebSite\",\"@id\":\"https:\/\/israelbiblicalstudies.com\/es\/#website\",\"url\":\"https:\/\/israelbiblicalstudies.com\/es\/\",\"name\":\"Israel Institute of Biblical Studies\",\"description\":\"Deepen Your Understanding of the Bible\",\"publisher\":{\"@id\":\"https:\/\/israelbiblicalstudies.com\/es\/#organization\"},\"potentialAction\":[{\"@type\":\"SearchAction\",\"target\":{\"@type\":\"EntryPoint\",\"urlTemplate\":\"https:\/\/israelbiblicalstudies.com\/es\/?s={search_term_string}\"},\"query-input\":{\"@type\":\"PropertyValueSpecification\",\"valueRequired\":true,\"valueName\":\"search_term_string\"}}],\"inLanguage\":\"es\"},{\"@type\":\"Organization\",\"@id\":\"https:\/\/israelbiblicalstudies.com\/es\/#organization\",\"name\":\"Israel Biblical Studies\",\"url\":\"https:\/\/israelbiblicalstudies.com\/es\/\",\"logo\":{\"@type\":\"ImageObject\",\"inLanguage\":\"es\",\"@id\":\"https:\/\/israelbiblicalstudies.com\/es\/#\/schema\/logo\/image\/\",\"url\":\"https:\/\/israelbiblicalstudies.com\/wp-content\/uploads\/2016\/09\/logo-invert.png\",\"contentUrl\":\"https:\/\/israelbiblicalstudies.com\/wp-content\/uploads\/2016\/09\/logo-invert.png\",\"width\":152,\"height\":68,\"caption\":\"Israel Biblical Studies\"},\"image\":{\"@id\":\"https:\/\/israelbiblicalstudies.com\/es\/#\/schema\/logo\/image\/\"}},{\"@type\":\"Person\",\"@id\":\"https:\/\/israelbiblicalstudies.com\/es\/#\/schema\/person\/470c9356fa72a497ecb801267dff4d15\",\"name\":\"Julia Blum\",\"image\":{\"@type\":\"ImageObject\",\"inLanguage\":\"es\",\"@id\":\"https:\/\/israelbiblicalstudies.com\/es\/#\/schema\/person\/image\/\",\"url\":\"https:\/\/secure.gravatar.com\/avatar\/bba81953dcf8395e3b4a73607c07e2f9d3e53c113398ce1fd48361f3f137b781?s=96&d=mm&r=g\",\"contentUrl\":\"https:\/\/secure.gravatar.com\/avatar\/bba81953dcf8395e3b4a73607c07e2f9d3e53c113398ce1fd48361f3f137b781?s=96&d=mm&r=g\",\"caption\":\"Julia Blum\"},\"description\":\"Julia is a teacher and an author of several books on biblical topics. She teaches two biblical courses at the Israel Institute of Biblical Studies, \u201cDiscovering the Hebrew Bible\u201d and \u201cJewish Background of the New Testament\u201d, and writes Hebrew insights for these courses.\",\"url\":\"https:\/\/israelbiblicalstudies.com\/es\/blog\/author\/juliablum\/\"}]}<\/script>\n<!-- \/ Yoast SEO plugin. -->","yoast_head_json":{"title":"La Tor\u00e1 en tiempo actual: Hayyei-Sarah - Israel Institute of Biblical Studies","description":"Queridos lectores, en un principio estaba insegura de publicar el art\u00edculo de la primera porci\u00f3n de la Tor\u00e1 de este a\u00f1o. Hay muchos sitios con comentarios","robots":{"index":"index","follow":"follow","max-snippet":"max-snippet:-1","max-image-preview":"max-image-preview:large","max-video-preview":"max-video-preview:-1"},"canonical":"https:\/\/israelbiblicalstudies.com\/es\/blog\/category\/jewish-studies\/la-tora-en-tiempo-actual-hayyei-sarah\/","og_locale":"es_ES","og_type":"article","og_title":"La Tor\u00e1 en tiempo actual: Hayyei-Sarah - Israel Institute of Biblical Studies","og_description":"Queridos lectores, en un principio estaba insegura de publicar el art\u00edculo de la primera porci\u00f3n de la Tor\u00e1 de este a\u00f1o. Hay muchos sitios con comentarios","og_url":"https:\/\/israelbiblicalstudies.com\/es\/blog\/category\/jewish-studies\/la-tora-en-tiempo-actual-hayyei-sarah\/","og_site_name":"Israel Institute of Biblical Studies","article_published_time":"2018-11-01T08:43:49+00:00","article_modified_time":"2025-08-13T11:29:21+00:00","og_image":[{"width":1000,"height":667,"url":"https:\/\/israelbiblicalstudies.com\/wp-content\/uploads\/2017\/07\/shutterstock_95148256.jpg","type":"image\/jpeg"}],"author":"Julia Blum","twitter_card":"summary_large_image","twitter_misc":{"Escrito por":"Julia Blum","Tiempo de lectura":"6 minutos"},"schema":{"@context":"https:\/\/schema.org","@graph":[{"@type":"Article","@id":"https:\/\/israelbiblicalstudies.com\/es\/blog\/category\/jewish-studies\/la-tora-en-tiempo-actual-hayyei-sarah\/#article","isPartOf":{"@id":"https:\/\/israelbiblicalstudies.com\/es\/blog\/category\/jewish-studies\/la-tora-en-tiempo-actual-hayyei-sarah\/"},"author":{"name":"Julia Blum","@id":"https:\/\/israelbiblicalstudies.com\/es\/#\/schema\/person\/470c9356fa72a497ecb801267dff4d15"},"headline":"La Tor\u00e1 en tiempo actual: Hayyei-Sarah","datePublished":"2018-11-01T08:43:49+00:00","dateModified":"2025-08-13T11:29:21+00:00","mainEntityOfPage":{"@id":"https:\/\/israelbiblicalstudies.com\/es\/blog\/category\/jewish-studies\/la-tora-en-tiempo-actual-hayyei-sarah\/"},"wordCount":1245,"publisher":{"@id":"https:\/\/israelbiblicalstudies.com\/es\/#organization"},"image":{"@id":"https:\/\/israelbiblicalstudies.com\/es\/blog\/category\/jewish-studies\/la-tora-en-tiempo-actual-hayyei-sarah\/#primaryimage"},"thumbnailUrl":"https:\/\/israelbiblicalstudies.com\/wp-content\/uploads\/2017\/07\/shutterstock_95148256.jpg","articleSection":["Estudios Jud\u00edos"],"inLanguage":"es"},{"@type":"WebPage","@id":"https:\/\/israelbiblicalstudies.com\/es\/blog\/category\/jewish-studies\/la-tora-en-tiempo-actual-hayyei-sarah\/","url":"https:\/\/israelbiblicalstudies.com\/es\/blog\/category\/jewish-studies\/la-tora-en-tiempo-actual-hayyei-sarah\/","name":"La Tor\u00e1 en tiempo actual: Hayyei-Sarah - Israel Institute of Biblical Studies","isPartOf":{"@id":"https:\/\/israelbiblicalstudies.com\/es\/#website"},"primaryImageOfPage":{"@id":"https:\/\/israelbiblicalstudies.com\/es\/blog\/category\/jewish-studies\/la-tora-en-tiempo-actual-hayyei-sarah\/#primaryimage"},"image":{"@id":"https:\/\/israelbiblicalstudies.com\/es\/blog\/category\/jewish-studies\/la-tora-en-tiempo-actual-hayyei-sarah\/#primaryimage"},"thumbnailUrl":"https:\/\/israelbiblicalstudies.com\/wp-content\/uploads\/2017\/07\/shutterstock_95148256.jpg","datePublished":"2018-11-01T08:43:49+00:00","dateModified":"2025-08-13T11:29:21+00:00","description":"Queridos lectores, en un principio estaba insegura de publicar el art\u00edculo de la primera porci\u00f3n de la Tor\u00e1 de este a\u00f1o. Hay muchos sitios con comentarios","breadcrumb":{"@id":"https:\/\/israelbiblicalstudies.com\/es\/blog\/category\/jewish-studies\/la-tora-en-tiempo-actual-hayyei-sarah\/#breadcrumb"},"inLanguage":"es","potentialAction":[{"@type":"ReadAction","target":["https:\/\/israelbiblicalstudies.com\/es\/blog\/category\/jewish-studies\/la-tora-en-tiempo-actual-hayyei-sarah\/"]}]},{"@type":"ImageObject","inLanguage":"es","@id":"https:\/\/israelbiblicalstudies.com\/es\/blog\/category\/jewish-studies\/la-tora-en-tiempo-actual-hayyei-sarah\/#primaryimage","url":"https:\/\/israelbiblicalstudies.com\/wp-content\/uploads\/2017\/07\/shutterstock_95148256.jpg","contentUrl":"https:\/\/israelbiblicalstudies.com\/wp-content\/uploads\/2017\/07\/shutterstock_95148256.jpg","width":1000,"height":667},{"@type":"BreadcrumbList","@id":"https:\/\/israelbiblicalstudies.com\/es\/blog\/category\/jewish-studies\/la-tora-en-tiempo-actual-hayyei-sarah\/#breadcrumb","itemListElement":[{"@type":"ListItem","position":1,"name":"Home","item":"https:\/\/israelbiblicalstudies.com\/es\/"},{"@type":"ListItem","position":2,"name":"Estudios Jud\u00edos","item":"https:\/\/israelbiblicalstudies.com\/es\/blog\/category\/jewish-studies\/"},{"@type":"ListItem","position":3,"name":"La Tor\u00e1 en tiempo actual: Hayyei-Sarah"}]},{"@type":"WebSite","@id":"https:\/\/israelbiblicalstudies.com\/es\/#website","url":"https:\/\/israelbiblicalstudies.com\/es\/","name":"Israel Institute of Biblical Studies","description":"Deepen Your Understanding of the Bible","publisher":{"@id":"https:\/\/israelbiblicalstudies.com\/es\/#organization"},"potentialAction":[{"@type":"SearchAction","target":{"@type":"EntryPoint","urlTemplate":"https:\/\/israelbiblicalstudies.com\/es\/?s={search_term_string}"},"query-input":{"@type":"PropertyValueSpecification","valueRequired":true,"valueName":"search_term_string"}}],"inLanguage":"es"},{"@type":"Organization","@id":"https:\/\/israelbiblicalstudies.com\/es\/#organization","name":"Israel Biblical Studies","url":"https:\/\/israelbiblicalstudies.com\/es\/","logo":{"@type":"ImageObject","inLanguage":"es","@id":"https:\/\/israelbiblicalstudies.com\/es\/#\/schema\/logo\/image\/","url":"https:\/\/israelbiblicalstudies.com\/wp-content\/uploads\/2016\/09\/logo-invert.png","contentUrl":"https:\/\/israelbiblicalstudies.com\/wp-content\/uploads\/2016\/09\/logo-invert.png","width":152,"height":68,"caption":"Israel Biblical Studies"},"image":{"@id":"https:\/\/israelbiblicalstudies.com\/es\/#\/schema\/logo\/image\/"}},{"@type":"Person","@id":"https:\/\/israelbiblicalstudies.com\/es\/#\/schema\/person\/470c9356fa72a497ecb801267dff4d15","name":"Julia Blum","image":{"@type":"ImageObject","inLanguage":"es","@id":"https:\/\/israelbiblicalstudies.com\/es\/#\/schema\/person\/image\/","url":"https:\/\/secure.gravatar.com\/avatar\/bba81953dcf8395e3b4a73607c07e2f9d3e53c113398ce1fd48361f3f137b781?s=96&d=mm&r=g","contentUrl":"https:\/\/secure.gravatar.com\/avatar\/bba81953dcf8395e3b4a73607c07e2f9d3e53c113398ce1fd48361f3f137b781?s=96&d=mm&r=g","caption":"Julia Blum"},"description":"Julia is a teacher and an author of several books on biblical topics. She teaches two biblical courses at the Israel Institute of Biblical Studies, \u201cDiscovering the Hebrew Bible\u201d and \u201cJewish Background of the New Testament\u201d, and writes Hebrew insights for these courses.","url":"https:\/\/israelbiblicalstudies.com\/es\/blog\/author\/juliablum\/"}]}},"_links":{"self":[{"href":"https:\/\/israelbiblicalstudies.com\/es\/wp-json\/wp\/v2\/posts\/12589","targetHints":{"allow":["GET"]}}],"collection":[{"href":"https:\/\/israelbiblicalstudies.com\/es\/wp-json\/wp\/v2\/posts"}],"about":[{"href":"https:\/\/israelbiblicalstudies.com\/es\/wp-json\/wp\/v2\/types\/post"}],"author":[{"embeddable":true,"href":"https:\/\/israelbiblicalstudies.com\/es\/wp-json\/wp\/v2\/users\/45"}],"replies":[{"embeddable":true,"href":"https:\/\/israelbiblicalstudies.com\/es\/wp-json\/wp\/v2\/comments?post=12589"}],"version-history":[{"count":0,"href":"https:\/\/israelbiblicalstudies.com\/es\/wp-json\/wp\/v2\/posts\/12589\/revisions"}],"wp:featuredmedia":[{"embeddable":true,"href":"https:\/\/israelbiblicalstudies.com\/es\/wp-json\/wp\/v2\/media\/44216"}],"wp:attachment":[{"href":"https:\/\/israelbiblicalstudies.com\/es\/wp-json\/wp\/v2\/media?parent=12589"}],"wp:term":[{"taxonomy":"category","embeddable":true,"href":"https:\/\/israelbiblicalstudies.com\/es\/wp-json\/wp\/v2\/categories?post=12589"},{"taxonomy":"post_tag","embeddable":true,"href":"https:\/\/israelbiblicalstudies.com\/es\/wp-json\/wp\/v2\/tags?post=12589"}],"curies":[{"name":"wp","href":"https:\/\/api.w.org\/{rel}","templated":true}]}}