{"id":13373,"date":"2020-05-07T10:51:45","date_gmt":"2020-05-07T07:51:45","guid":{"rendered":"https:\/\/iibsblogsstg.wpenginepowered.com\/?p=13373"},"modified":"2025-08-13T11:28:07","modified_gmt":"2025-08-13T11:28:07","slug":"contando-los-dias-omer-o-corona","status":"publish","type":"post","link":"https:\/\/israelbiblicalstudies.com\/es\/blog\/category\/jewish-studies\/contando-los-dias-omer-o-corona\/","title":{"rendered":"Contando los d\u00edas: \u00bfOmer o Corona?"},"content":{"rendered":"<p>La Cuenta del <em>\u00d3mer<\/em> (<em>Sfir\u00e1t Ha\u00f3mer \u2013 \u05e1\u05e4\u05d9\u05e8\u05ea \u05d4\u05e2\u05d5\u05de\u05e8<\/em>) es uno de los mayores misterios y la costumbre menos comprendida de los jud\u00edos (tambi\u00e9n de los jud\u00edos mesi\u00e1nicos). Cuarenta y nueve d\u00edas separan la segunda noche de la Pascua de <em>Shavu\u00f3t<\/em> \u2014y estos d\u00edas est\u00e1n se\u00f1alados por la Cuenta del <em>\u00d3mer<\/em>\u2014. \u00bfPero exactamente qu\u00e9 es lo que contamos? \u00bfY por qu\u00e9 lo hacemos?<\/p>\n<p>Primero que todo, es importante recordar que esto es un mandato b\u00edblico mencionado dos veces en la Tor\u00e1 \u2014en Lev\u00edtico 23:15-16 y en Deuteronomio 16:9-10\u2014. La primera vez lo encontramos en el conocido Cap\u00edtulo 23 de Lev\u00edtico, el cual describe todas las festividades y los festivales del a\u00f1o b\u00edblico. Directamente despu\u00e9s de los mandamientos respecto a la Pascua y la Fiesta de los Panes sin Levadura, encontramos la ceremonia de la presentaci\u00f3n del <em>\u00d3mer<\/em>, o la Gavilla de los Primeros Frutos.<\/p>\n<p>\u00ab<em>9 Y Dios habl\u00f3 a Mois\u00e9s diciendo: 10 \u201cHabla a los hijos de Israel y diles:\u00b4Cuando entren en la tierra que yo les doy, y recojan la cosecha, traer\u00e1n al sacerdote una gavilla por primicia de los primeros frutos de su cosecha. 11 Y el sacerdote agitar\u00e1 la gavilla delante del Se\u00f1or, para que sea aceptada en su nombre; al d\u00eda siguiente del sabb\u00e1t, el sacerdote la agitar\u00e1\u2026\u00b4\u201d<\/em>\u00bb.<\/p>\n<p>Y despu\u00e9s de estas palabras, encontramos el siguiente mandamiento:<\/p>\n<p>\u00ab<em>15 \u2026Y <strong>contar\u00e1n<\/strong> para ustedes desde el d\u00eda que sigue del sabb\u00e1t, desde el d\u00eda en que ofrecieron la gavilla de la ofrenda agitada; siete sabb\u00e1t completos. 16 Hasta el d\u00eda siguiente del s\u00e9ptimo sabb\u00e1t <strong>contar\u00e1n<\/strong> cincuenta d\u00edas; entonces ofrecer\u00e1n el nuevo grano al Se\u00f1or<\/em>\u00bb.<\/p>\n<p>De aqu\u00ed viene la cuenta. Este mandamiento de \u00abcontar\u00bb se repite en Deuteronomio 16:9:<\/p>\n<p>\u00ab<em>9 <strong>Contar\u00e1n<\/strong> siete semanas, comenzar\u00e1n <strong>a contar<\/strong> desde el tiempo en que ponen la hoz en la mies. 10 Entonces guardar\u00e1n la Fiesta de las Semanas para el Se\u00f1or su Dios con la abundancia voluntaria de sus manos, que entregar\u00e1n seg\u00fan el Se\u00f1or su Dios los bendiga<\/em>\u00bb.<\/p>\n<p>Es un tema de antigua controversia de si el <em>d\u00eda<\/em> despu\u00e9s del <em>sabb\u00e1t<\/em> significa domingo, el primer d\u00eda de la semana y el d\u00eda despu\u00e9s del <em>sabb\u00e1t<\/em> semanal, o el segundo d\u00eda de la Fiesta del Pan sin Levadura. \u00abMientras que el libro de Josu\u00e9 (5:11) sugiere que la pr\u00e1ctica primitiva entendi\u00f3 que el <em>mimaj\u00e1rat hasabb\u00e1t<\/em> se refer\u00eda a la \u201cma\u00f1ana\u201d del primer d\u00eda de <em>P\u00e9saj<\/em>, una costumbre confirmada por la Septuaginta, Josefo y Filo\u00bb, los diferentes grupos del periodo del Segundo Templo lo comprendieron de manera diferente: por ejemplo: \u00abla comunidad de Qumr\u00e1n comprendi\u00f3 que la alusi\u00f3n fue el primer <em>sabb\u00e1t\u00a0<\/em><strong>despu\u00e9s<\/strong> de <em>P\u00e9saj<\/em>\u00bb<a name=\"_ftnref1\"><\/a><a name=\"_ftnref3\"><\/a><a href=\"#_ftn1\" name=\"_ftnref1\">[1]<\/a>. Este punto de vista tambi\u00e9n fue aceptado por los saduceos en los tiempos de Jes\u00fas; la opini\u00f3n anterior tambi\u00e9n es aceptada por muchos estudiosos hoy en d\u00eda y se basa en el hecho de que la palabra <em>sabb\u00e1t<\/em> se refiere no solo al <em>sabb\u00e1t<\/em> semanal, sino tambi\u00e9n al primero y al \u00faltimo d\u00eda de las grandes festividades \u2014en este caso al primer d\u00eda de la Fiesta de los Panes sin Levadura\u2014. Por eso, hoy en d\u00eda la Cuenta del <em>\u00d3mer\u00a0<\/em>empieza el segundo d\u00eda de la Fiesta del Pan sin Levadura y termina en la Fiesta de las Semanas \u2014la Festividad de <em>Shavu\u00f3t<\/em>\u2014. Es importante notar que tanto el comienzo como el final de la cuenta estuvo marcado por ofrendas: en el segundo d\u00eda de la Fiesta de los Panes sin Levadura, se llevaba una gavilla al Templo (en hebreo, es un <em>\u00f3mer<\/em> de cebada \u2013 por eso nos referimos a este tiempo como <em>\u00d3mer<\/em>); las siete semanas de la cuenta se cerraban con el Festival de <em>Shavu\u00f3t<\/em> (Pentecost\u00e9s) en el cual se presentaba otra ofrenda al Se\u00f1or: dos barras de pan de trigo. \u00bfCu\u00e1l es el significado y la importancia de esta cuenta?<\/p>\n<p>Lo primero y m\u00e1s obvio es el significado <strong>agr\u00edcola<\/strong> del <em>\u00d3mer<\/em>. La cebada era el primer grano que se cosechaba \u2014y no hay duda de que con esta presentaci\u00f3n del primer producto natural, Israel consagraba toda la cosecha a Dios\u2014. El pueblo de Israel tuvo que aprender a reconocer el poder de Dios y a confiar completamente en \u00c9l. En este sentido, contar el <em>\u00d3mer<\/em> es una forma de oraci\u00f3n diaria por la bendita y abundante cosecha.<\/p>\n<p>Indudablemente, la cuenta del <em>\u00d3mer<\/em> tambi\u00e9n tiene un gran <strong>significado hist\u00f3rico y espiritual<\/strong>. Si bien la Pascua conmemora el \u00c9xodo de Israel y la salida de Egipto, la Fiesta de las Semanas (<em>Shavu\u00f3t<\/em>) marca la entrega de la Tor\u00e1 en el Monte Sina\u00ed \u2014y al contar los d\u00edas entre las dos festividades, reconocemos la enorme importancia de este periodo\u2014.<\/p>\n<p>Sin embargo este a\u00f1o \u00abel contar\u00bb se hizo cada m\u00e1s significativo. Me sigue sorprendiendo c\u00f3mo todas estas festividades b\u00edblicas, al ser memoriales solemnes y maravillosos de los tratos del pacto de Dios con Su pueblo, al mismo tiempo a menudo parecen corresponder con nuestra realidad externa \u2014y no solo con la \u00e9poca regular de cada a\u00f1o, sino tambi\u00e9n con las circunstancias particulares de cualquier a\u00f1o\u2014. Como ya sabemos, hasta ahora el 2020 ha sido un a\u00f1o muy especial y sin precedentes. La Pascua que celebramos este a\u00f1o fue absolutamente \u00fanica: nunca antes, desde la noche de \u00c9xodo, el pueblo jud\u00edo la experiment\u00f3 en forma tan viva y prof\u00e9tica, nunca antes fue tan parecida a la primera Pascua en Egipto cuando la horrible plaga rond\u00f3 con tanto desenfreno; y nunca antes la poblaci\u00f3n de todo el mundo \u2014no solo el pueblo jud\u00edo\u2014 esper\u00f3 ansiosamente los d\u00edas posteriores a la Pascua. El significado prof\u00e9tico y universal de este conteo b\u00edblico de los d\u00edas posteriores a la Pascua \u2014contando el <em>\u00d3mer<\/em>\u2014 nunca antes hab\u00eda sido tan obvio. Para miles de personas alrededor del mundo, cada nuevo d\u00eda nos trae ahora una nueva esperanza y oraci\u00f3n por una victoria completa sobre el virus; cada nuevo d\u00eda viene a ser un nuevo paso en un retorno gradual de la salud y una vida libre del Corona. Todos estamos \u00abcontando los d\u00edas\u00bb \u2014e incluso aquellos que antes nunca lo hab\u00edan hecho, no deseando someterse al Rey y Su Corona, ahora se han visto forzados a someterse al Corona (en muchos idiomas, Corona tambi\u00e9n significa \u00abCorona\u00bb)\u2014. Una expresi\u00f3n oficial ha sido acu\u00f1ada durante estos d\u00edas: vivir bajo \u00abla sombra de la Corona\u00bb, cuando todav\u00eda llevamos las mascarillas y mantenemos una cierta distancia social. Me pregunto si aquellos que acu\u00f1aron esta expresi\u00f3n conocen una maravillosa expresi\u00f3n b\u00edblica \u2014<em>Betz\u00e9l Shad\u00e1i<\/em>\u2014, \u00aba la sombra del Todopoderoso\u00bb. Que la sombra del Corona sea un recordatorio sobrio para todos nosotros \u2014es mejor \u00ab<em>habitar bajo la sombra del Alt\u00edsimo<\/em>\u00bb\u2014.<\/p>\n<p><em>\u00a0<\/em><\/p>\n<p><a href=\"#_ftnref1\" name=\"_ftn1\">[1]<\/a> Hillary Le Cornu, Joseph Shulam, <em>The Jewish Roots of Acts, <\/em>Netivyah Bible Instructions Ministry, 2003, p.55-56.<\/p>\n<p>&nbsp;<\/p>\n<p><em>En muchos de mis art\u00edculos se incluyen extractos de mis libros, por eso, si te gustaron los art\u00edculos de este blog, tambi\u00e9n puedes disfrutar de mis libros, los puedes obtener desde mi p\u00e1gina en Amazon:<\/em><\/p>\n<p><em><a href=\"https:\/\/www.amazon.com\/Julia-Blum\/e\/B00LUY0JN8?ref_=dbs_p_ebk_r00_abau_000000\">https:\/\/www.amazon.com\/Julia-Blum\/e\/B00LUY0JN8?ref_=dbs_p_ebk_r00_abau_000000\u00a0 \u00a0<\/a><\/em><\/p>\n<p><em>Algunos de los libros tambi\u00e9n est\u00e1n disponibles en mi p\u00e1gina: <a href=\"https:\/\/israelbiblicalstudies.com\/blog\/author\/juliablum\/\">https:\/\/israelbiblicalstudies.com\/blog\/author\/juliablum\/<\/a>.<\/em><\/p>\n<p><em>Adem\u00e1s, si estos art\u00edculos abrieron tu apetito por descubrir los tesoros ocultos de la Biblia hebrea, o estudiar en profundidad la Parash\u00e1t Shav\u00faa, junto con ideas del Nuevo Testamento, estar\u00e9 muy contenta en proporcionar m\u00e1s informaci\u00f3n (y tambi\u00e9n un descuento de maestro para nuevos estudiantes) respecto a los cursos de eTeacher(<a href=\"mailto:juliab@eteachergroup.com\">juliab@eteachergroup.com<\/a>).<\/em><\/p>\n<p>&nbsp;<\/p>\n","protected":false},"excerpt":{"rendered":"<p>La Cuenta del \u00d3mer (Sfir\u00e1t Ha\u00f3mer \u2013 \u05e1\u05e4\u05d9\u05e8\u05ea \u05d4\u05e2\u05d5\u05de\u05e8) es uno de los mayores misterios y la costumbre menos comprendida de los jud\u00edos (tambi\u00e9n de los jud\u00edos mesi\u00e1nicos). Cuarenta y nueve d\u00edas separan la segunda noche de la Pascua de Shavu\u00f3t \u2014y estos d\u00edas est\u00e1n se\u00f1alados por la Cuenta del \u00d3mer\u2014. \u00bfPero exactamente qu\u00e9 es [&hellip;]<\/p>\n","protected":false},"author":45,"featured_media":44245,"comment_status":"closed","ping_status":"open","sticky":false,"template":"","format":"standard","meta":{"_acf_changed":false,"inline_featured_image":false,"footnotes":""},"categories":[565],"tags":[],"class_list":["post-13373","post","type-post","status-publish","format-standard","has-post-thumbnail","hentry","category-jewish-studies"],"acf":[],"yoast_head":"<!-- This site is optimized with the Yoast SEO plugin v26.5 - https:\/\/yoast.com\/wordpress\/plugins\/seo\/ -->\n<title>Contando los d\u00edas: \u00bfOmer o Corona? - Israel Institute of Biblical Studies<\/title>\n<meta name=\"description\" content=\"La Cuenta del \u00d3mer (Sfir\u00e1t Ha\u00f3mer \u2013 \u05e1\u05e4\u05d9\u05e8\u05ea \u05d4\u05e2\u05d5\u05de\u05e8) es uno de los mayores misterios y la costumbre menos comprendida de los jud\u00edos (tambi\u00e9n de los jud\u00edos\" \/>\n<meta name=\"robots\" content=\"index, follow, max-snippet:-1, max-image-preview:large, max-video-preview:-1\" \/>\n<link rel=\"canonical\" href=\"https:\/\/israelbiblicalstudies.com\/es\/blog\/category\/jewish-studies\/contando-los-dias-omer-o-corona\/\" \/>\n<meta property=\"og:locale\" content=\"es_ES\" \/>\n<meta property=\"og:type\" content=\"article\" \/>\n<meta property=\"og:title\" content=\"Contando los d\u00edas: \u00bfOmer o Corona? - Israel Institute of Biblical Studies\" \/>\n<meta property=\"og:description\" content=\"La Cuenta del \u00d3mer (Sfir\u00e1t Ha\u00f3mer \u2013 \u05e1\u05e4\u05d9\u05e8\u05ea \u05d4\u05e2\u05d5\u05de\u05e8) es uno de los mayores misterios y la costumbre menos comprendida de los jud\u00edos (tambi\u00e9n de los jud\u00edos\" \/>\n<meta property=\"og:url\" content=\"https:\/\/israelbiblicalstudies.com\/es\/blog\/category\/jewish-studies\/contando-los-dias-omer-o-corona\/\" \/>\n<meta property=\"og:site_name\" content=\"Israel Institute of Biblical Studies\" \/>\n<meta property=\"article:published_time\" content=\"2020-05-07T07:51:45+00:00\" \/>\n<meta property=\"article:modified_time\" content=\"2025-08-13T11:28:07+00:00\" \/>\n<meta property=\"og:image\" content=\"https:\/\/israelbiblicalstudies.com\/wp-content\/uploads\/2020\/05\/shutterstock_1721153665.png\" \/>\n\t<meta property=\"og:image:width\" content=\"1024\" \/>\n\t<meta property=\"og:image:height\" content=\"535\" \/>\n\t<meta property=\"og:image:type\" content=\"image\/png\" \/>\n<meta name=\"author\" content=\"Julia Blum\" \/>\n<meta name=\"twitter:card\" content=\"summary_large_image\" \/>\n<meta name=\"twitter:label1\" content=\"Escrito por\" \/>\n\t<meta name=\"twitter:data1\" content=\"Julia Blum\" \/>\n\t<meta name=\"twitter:label2\" content=\"Tiempo de lectura\" \/>\n\t<meta name=\"twitter:data2\" content=\"7 minutos\" \/>\n<script type=\"application\/ld+json\" class=\"yoast-schema-graph\">{\"@context\":\"https:\/\/schema.org\",\"@graph\":[{\"@type\":\"Article\",\"@id\":\"https:\/\/israelbiblicalstudies.com\/es\/blog\/category\/jewish-studies\/contando-los-dias-omer-o-corona\/#article\",\"isPartOf\":{\"@id\":\"https:\/\/israelbiblicalstudies.com\/es\/blog\/category\/jewish-studies\/contando-los-dias-omer-o-corona\/\"},\"author\":{\"name\":\"Julia Blum\",\"@id\":\"https:\/\/israelbiblicalstudies.com\/es\/#\/schema\/person\/470c9356fa72a497ecb801267dff4d15\"},\"headline\":\"Contando los d\u00edas: \u00bfOmer o Corona?\",\"datePublished\":\"2020-05-07T07:51:45+00:00\",\"dateModified\":\"2025-08-13T11:28:07+00:00\",\"mainEntityOfPage\":{\"@id\":\"https:\/\/israelbiblicalstudies.com\/es\/blog\/category\/jewish-studies\/contando-los-dias-omer-o-corona\/\"},\"wordCount\":1358,\"publisher\":{\"@id\":\"https:\/\/israelbiblicalstudies.com\/es\/#organization\"},\"image\":{\"@id\":\"https:\/\/israelbiblicalstudies.com\/es\/blog\/category\/jewish-studies\/contando-los-dias-omer-o-corona\/#primaryimage\"},\"thumbnailUrl\":\"https:\/\/israelbiblicalstudies.com\/wp-content\/uploads\/2020\/05\/shutterstock_1721153665.png\",\"articleSection\":[\"Estudios Jud\u00edos\"],\"inLanguage\":\"es\"},{\"@type\":\"WebPage\",\"@id\":\"https:\/\/israelbiblicalstudies.com\/es\/blog\/category\/jewish-studies\/contando-los-dias-omer-o-corona\/\",\"url\":\"https:\/\/israelbiblicalstudies.com\/es\/blog\/category\/jewish-studies\/contando-los-dias-omer-o-corona\/\",\"name\":\"Contando los d\u00edas: \u00bfOmer o Corona? - Israel Institute of Biblical Studies\",\"isPartOf\":{\"@id\":\"https:\/\/israelbiblicalstudies.com\/es\/#website\"},\"primaryImageOfPage\":{\"@id\":\"https:\/\/israelbiblicalstudies.com\/es\/blog\/category\/jewish-studies\/contando-los-dias-omer-o-corona\/#primaryimage\"},\"image\":{\"@id\":\"https:\/\/israelbiblicalstudies.com\/es\/blog\/category\/jewish-studies\/contando-los-dias-omer-o-corona\/#primaryimage\"},\"thumbnailUrl\":\"https:\/\/israelbiblicalstudies.com\/wp-content\/uploads\/2020\/05\/shutterstock_1721153665.png\",\"datePublished\":\"2020-05-07T07:51:45+00:00\",\"dateModified\":\"2025-08-13T11:28:07+00:00\",\"description\":\"La Cuenta del \u00d3mer (Sfir\u00e1t Ha\u00f3mer \u2013 \u05e1\u05e4\u05d9\u05e8\u05ea \u05d4\u05e2\u05d5\u05de\u05e8) es uno de los mayores misterios y la costumbre menos comprendida de los jud\u00edos (tambi\u00e9n de los jud\u00edos\",\"breadcrumb\":{\"@id\":\"https:\/\/israelbiblicalstudies.com\/es\/blog\/category\/jewish-studies\/contando-los-dias-omer-o-corona\/#breadcrumb\"},\"inLanguage\":\"es\",\"potentialAction\":[{\"@type\":\"ReadAction\",\"target\":[\"https:\/\/israelbiblicalstudies.com\/es\/blog\/category\/jewish-studies\/contando-los-dias-omer-o-corona\/\"]}]},{\"@type\":\"ImageObject\",\"inLanguage\":\"es\",\"@id\":\"https:\/\/israelbiblicalstudies.com\/es\/blog\/category\/jewish-studies\/contando-los-dias-omer-o-corona\/#primaryimage\",\"url\":\"https:\/\/israelbiblicalstudies.com\/wp-content\/uploads\/2020\/05\/shutterstock_1721153665.png\",\"contentUrl\":\"https:\/\/israelbiblicalstudies.com\/wp-content\/uploads\/2020\/05\/shutterstock_1721153665.png\",\"width\":1024,\"height\":535},{\"@type\":\"BreadcrumbList\",\"@id\":\"https:\/\/israelbiblicalstudies.com\/es\/blog\/category\/jewish-studies\/contando-los-dias-omer-o-corona\/#breadcrumb\",\"itemListElement\":[{\"@type\":\"ListItem\",\"position\":1,\"name\":\"Home\",\"item\":\"https:\/\/israelbiblicalstudies.com\/es\/\"},{\"@type\":\"ListItem\",\"position\":2,\"name\":\"Estudios Jud\u00edos\",\"item\":\"https:\/\/israelbiblicalstudies.com\/es\/blog\/category\/jewish-studies\/\"},{\"@type\":\"ListItem\",\"position\":3,\"name\":\"Contando los d\u00edas: \u00bfOmer o Corona?\"}]},{\"@type\":\"WebSite\",\"@id\":\"https:\/\/israelbiblicalstudies.com\/es\/#website\",\"url\":\"https:\/\/israelbiblicalstudies.com\/es\/\",\"name\":\"Israel Institute of Biblical Studies\",\"description\":\"Deepen Your Understanding of the Bible\",\"publisher\":{\"@id\":\"https:\/\/israelbiblicalstudies.com\/es\/#organization\"},\"potentialAction\":[{\"@type\":\"SearchAction\",\"target\":{\"@type\":\"EntryPoint\",\"urlTemplate\":\"https:\/\/israelbiblicalstudies.com\/es\/?s={search_term_string}\"},\"query-input\":{\"@type\":\"PropertyValueSpecification\",\"valueRequired\":true,\"valueName\":\"search_term_string\"}}],\"inLanguage\":\"es\"},{\"@type\":\"Organization\",\"@id\":\"https:\/\/israelbiblicalstudies.com\/es\/#organization\",\"name\":\"Israel Biblical Studies\",\"url\":\"https:\/\/israelbiblicalstudies.com\/es\/\",\"logo\":{\"@type\":\"ImageObject\",\"inLanguage\":\"es\",\"@id\":\"https:\/\/israelbiblicalstudies.com\/es\/#\/schema\/logo\/image\/\",\"url\":\"https:\/\/israelbiblicalstudies.com\/wp-content\/uploads\/2016\/09\/logo-invert.png\",\"contentUrl\":\"https:\/\/israelbiblicalstudies.com\/wp-content\/uploads\/2016\/09\/logo-invert.png\",\"width\":152,\"height\":68,\"caption\":\"Israel Biblical Studies\"},\"image\":{\"@id\":\"https:\/\/israelbiblicalstudies.com\/es\/#\/schema\/logo\/image\/\"}},{\"@type\":\"Person\",\"@id\":\"https:\/\/israelbiblicalstudies.com\/es\/#\/schema\/person\/470c9356fa72a497ecb801267dff4d15\",\"name\":\"Julia Blum\",\"image\":{\"@type\":\"ImageObject\",\"inLanguage\":\"es\",\"@id\":\"https:\/\/israelbiblicalstudies.com\/es\/#\/schema\/person\/image\/\",\"url\":\"https:\/\/secure.gravatar.com\/avatar\/bba81953dcf8395e3b4a73607c07e2f9d3e53c113398ce1fd48361f3f137b781?s=96&d=mm&r=g\",\"contentUrl\":\"https:\/\/secure.gravatar.com\/avatar\/bba81953dcf8395e3b4a73607c07e2f9d3e53c113398ce1fd48361f3f137b781?s=96&d=mm&r=g\",\"caption\":\"Julia Blum\"},\"description\":\"Julia is a teacher and an author of several books on biblical topics. She teaches two biblical courses at the Israel Institute of Biblical Studies, \u201cDiscovering the Hebrew Bible\u201d and \u201cJewish Background of the New Testament\u201d, and writes Hebrew insights for these courses.\",\"url\":\"https:\/\/israelbiblicalstudies.com\/es\/blog\/author\/juliablum\/\"}]}<\/script>\n<!-- \/ Yoast SEO plugin. -->","yoast_head_json":{"title":"Contando los d\u00edas: \u00bfOmer o Corona? - Israel Institute of Biblical Studies","description":"La Cuenta del \u00d3mer (Sfir\u00e1t Ha\u00f3mer \u2013 \u05e1\u05e4\u05d9\u05e8\u05ea \u05d4\u05e2\u05d5\u05de\u05e8) es uno de los mayores misterios y la costumbre menos comprendida de los jud\u00edos (tambi\u00e9n de los jud\u00edos","robots":{"index":"index","follow":"follow","max-snippet":"max-snippet:-1","max-image-preview":"max-image-preview:large","max-video-preview":"max-video-preview:-1"},"canonical":"https:\/\/israelbiblicalstudies.com\/es\/blog\/category\/jewish-studies\/contando-los-dias-omer-o-corona\/","og_locale":"es_ES","og_type":"article","og_title":"Contando los d\u00edas: \u00bfOmer o Corona? - Israel Institute of Biblical Studies","og_description":"La Cuenta del \u00d3mer (Sfir\u00e1t Ha\u00f3mer \u2013 \u05e1\u05e4\u05d9\u05e8\u05ea \u05d4\u05e2\u05d5\u05de\u05e8) es uno de los mayores misterios y la costumbre menos comprendida de los jud\u00edos (tambi\u00e9n de los jud\u00edos","og_url":"https:\/\/israelbiblicalstudies.com\/es\/blog\/category\/jewish-studies\/contando-los-dias-omer-o-corona\/","og_site_name":"Israel Institute of Biblical Studies","article_published_time":"2020-05-07T07:51:45+00:00","article_modified_time":"2025-08-13T11:28:07+00:00","og_image":[{"width":1024,"height":535,"url":"https:\/\/israelbiblicalstudies.com\/wp-content\/uploads\/2020\/05\/shutterstock_1721153665.png","type":"image\/png"}],"author":"Julia Blum","twitter_card":"summary_large_image","twitter_misc":{"Escrito por":"Julia Blum","Tiempo de lectura":"7 minutos"},"schema":{"@context":"https:\/\/schema.org","@graph":[{"@type":"Article","@id":"https:\/\/israelbiblicalstudies.com\/es\/blog\/category\/jewish-studies\/contando-los-dias-omer-o-corona\/#article","isPartOf":{"@id":"https:\/\/israelbiblicalstudies.com\/es\/blog\/category\/jewish-studies\/contando-los-dias-omer-o-corona\/"},"author":{"name":"Julia Blum","@id":"https:\/\/israelbiblicalstudies.com\/es\/#\/schema\/person\/470c9356fa72a497ecb801267dff4d15"},"headline":"Contando los d\u00edas: \u00bfOmer o Corona?","datePublished":"2020-05-07T07:51:45+00:00","dateModified":"2025-08-13T11:28:07+00:00","mainEntityOfPage":{"@id":"https:\/\/israelbiblicalstudies.com\/es\/blog\/category\/jewish-studies\/contando-los-dias-omer-o-corona\/"},"wordCount":1358,"publisher":{"@id":"https:\/\/israelbiblicalstudies.com\/es\/#organization"},"image":{"@id":"https:\/\/israelbiblicalstudies.com\/es\/blog\/category\/jewish-studies\/contando-los-dias-omer-o-corona\/#primaryimage"},"thumbnailUrl":"https:\/\/israelbiblicalstudies.com\/wp-content\/uploads\/2020\/05\/shutterstock_1721153665.png","articleSection":["Estudios Jud\u00edos"],"inLanguage":"es"},{"@type":"WebPage","@id":"https:\/\/israelbiblicalstudies.com\/es\/blog\/category\/jewish-studies\/contando-los-dias-omer-o-corona\/","url":"https:\/\/israelbiblicalstudies.com\/es\/blog\/category\/jewish-studies\/contando-los-dias-omer-o-corona\/","name":"Contando los d\u00edas: \u00bfOmer o Corona? - Israel Institute of Biblical Studies","isPartOf":{"@id":"https:\/\/israelbiblicalstudies.com\/es\/#website"},"primaryImageOfPage":{"@id":"https:\/\/israelbiblicalstudies.com\/es\/blog\/category\/jewish-studies\/contando-los-dias-omer-o-corona\/#primaryimage"},"image":{"@id":"https:\/\/israelbiblicalstudies.com\/es\/blog\/category\/jewish-studies\/contando-los-dias-omer-o-corona\/#primaryimage"},"thumbnailUrl":"https:\/\/israelbiblicalstudies.com\/wp-content\/uploads\/2020\/05\/shutterstock_1721153665.png","datePublished":"2020-05-07T07:51:45+00:00","dateModified":"2025-08-13T11:28:07+00:00","description":"La Cuenta del \u00d3mer (Sfir\u00e1t Ha\u00f3mer \u2013 \u05e1\u05e4\u05d9\u05e8\u05ea \u05d4\u05e2\u05d5\u05de\u05e8) es uno de los mayores misterios y la costumbre menos comprendida de los jud\u00edos (tambi\u00e9n de los jud\u00edos","breadcrumb":{"@id":"https:\/\/israelbiblicalstudies.com\/es\/blog\/category\/jewish-studies\/contando-los-dias-omer-o-corona\/#breadcrumb"},"inLanguage":"es","potentialAction":[{"@type":"ReadAction","target":["https:\/\/israelbiblicalstudies.com\/es\/blog\/category\/jewish-studies\/contando-los-dias-omer-o-corona\/"]}]},{"@type":"ImageObject","inLanguage":"es","@id":"https:\/\/israelbiblicalstudies.com\/es\/blog\/category\/jewish-studies\/contando-los-dias-omer-o-corona\/#primaryimage","url":"https:\/\/israelbiblicalstudies.com\/wp-content\/uploads\/2020\/05\/shutterstock_1721153665.png","contentUrl":"https:\/\/israelbiblicalstudies.com\/wp-content\/uploads\/2020\/05\/shutterstock_1721153665.png","width":1024,"height":535},{"@type":"BreadcrumbList","@id":"https:\/\/israelbiblicalstudies.com\/es\/blog\/category\/jewish-studies\/contando-los-dias-omer-o-corona\/#breadcrumb","itemListElement":[{"@type":"ListItem","position":1,"name":"Home","item":"https:\/\/israelbiblicalstudies.com\/es\/"},{"@type":"ListItem","position":2,"name":"Estudios Jud\u00edos","item":"https:\/\/israelbiblicalstudies.com\/es\/blog\/category\/jewish-studies\/"},{"@type":"ListItem","position":3,"name":"Contando los d\u00edas: \u00bfOmer o Corona?"}]},{"@type":"WebSite","@id":"https:\/\/israelbiblicalstudies.com\/es\/#website","url":"https:\/\/israelbiblicalstudies.com\/es\/","name":"Israel Institute of Biblical Studies","description":"Deepen Your Understanding of the Bible","publisher":{"@id":"https:\/\/israelbiblicalstudies.com\/es\/#organization"},"potentialAction":[{"@type":"SearchAction","target":{"@type":"EntryPoint","urlTemplate":"https:\/\/israelbiblicalstudies.com\/es\/?s={search_term_string}"},"query-input":{"@type":"PropertyValueSpecification","valueRequired":true,"valueName":"search_term_string"}}],"inLanguage":"es"},{"@type":"Organization","@id":"https:\/\/israelbiblicalstudies.com\/es\/#organization","name":"Israel Biblical Studies","url":"https:\/\/israelbiblicalstudies.com\/es\/","logo":{"@type":"ImageObject","inLanguage":"es","@id":"https:\/\/israelbiblicalstudies.com\/es\/#\/schema\/logo\/image\/","url":"https:\/\/israelbiblicalstudies.com\/wp-content\/uploads\/2016\/09\/logo-invert.png","contentUrl":"https:\/\/israelbiblicalstudies.com\/wp-content\/uploads\/2016\/09\/logo-invert.png","width":152,"height":68,"caption":"Israel Biblical Studies"},"image":{"@id":"https:\/\/israelbiblicalstudies.com\/es\/#\/schema\/logo\/image\/"}},{"@type":"Person","@id":"https:\/\/israelbiblicalstudies.com\/es\/#\/schema\/person\/470c9356fa72a497ecb801267dff4d15","name":"Julia Blum","image":{"@type":"ImageObject","inLanguage":"es","@id":"https:\/\/israelbiblicalstudies.com\/es\/#\/schema\/person\/image\/","url":"https:\/\/secure.gravatar.com\/avatar\/bba81953dcf8395e3b4a73607c07e2f9d3e53c113398ce1fd48361f3f137b781?s=96&d=mm&r=g","contentUrl":"https:\/\/secure.gravatar.com\/avatar\/bba81953dcf8395e3b4a73607c07e2f9d3e53c113398ce1fd48361f3f137b781?s=96&d=mm&r=g","caption":"Julia Blum"},"description":"Julia is a teacher and an author of several books on biblical topics. She teaches two biblical courses at the Israel Institute of Biblical Studies, \u201cDiscovering the Hebrew Bible\u201d and \u201cJewish Background of the New Testament\u201d, and writes Hebrew insights for these courses.","url":"https:\/\/israelbiblicalstudies.com\/es\/blog\/author\/juliablum\/"}]}},"_links":{"self":[{"href":"https:\/\/israelbiblicalstudies.com\/es\/wp-json\/wp\/v2\/posts\/13373","targetHints":{"allow":["GET"]}}],"collection":[{"href":"https:\/\/israelbiblicalstudies.com\/es\/wp-json\/wp\/v2\/posts"}],"about":[{"href":"https:\/\/israelbiblicalstudies.com\/es\/wp-json\/wp\/v2\/types\/post"}],"author":[{"embeddable":true,"href":"https:\/\/israelbiblicalstudies.com\/es\/wp-json\/wp\/v2\/users\/45"}],"replies":[{"embeddable":true,"href":"https:\/\/israelbiblicalstudies.com\/es\/wp-json\/wp\/v2\/comments?post=13373"}],"version-history":[{"count":0,"href":"https:\/\/israelbiblicalstudies.com\/es\/wp-json\/wp\/v2\/posts\/13373\/revisions"}],"wp:featuredmedia":[{"embeddable":true,"href":"https:\/\/israelbiblicalstudies.com\/es\/wp-json\/wp\/v2\/media\/44245"}],"wp:attachment":[{"href":"https:\/\/israelbiblicalstudies.com\/es\/wp-json\/wp\/v2\/media?parent=13373"}],"wp:term":[{"taxonomy":"category","embeddable":true,"href":"https:\/\/israelbiblicalstudies.com\/es\/wp-json\/wp\/v2\/categories?post=13373"},{"taxonomy":"post_tag","embeddable":true,"href":"https:\/\/israelbiblicalstudies.com\/es\/wp-json\/wp\/v2\/tags?post=13373"}],"curies":[{"name":"wp","href":"https:\/\/api.w.org\/{rel}","templated":true}]}}