{"id":44981,"date":"2014-08-30T16:51:09","date_gmt":"2014-08-30T13:51:09","guid":{"rendered":"http:\/\/iibsblogs.wpengine.com\/?p=7137"},"modified":"2025-08-13T11:30:05","modified_gmt":"2025-08-13T11:30:05","slug":"en-el-espiritu-del-dia-del-senor-apocalipsis-19-10a-por-dr-eli-lizorkin-eysenberg-y-prof-peter-shirokov","status":"publish","type":"post","link":"https:\/\/israelbiblicalstudies.com\/es\/blog\/category\/jewish-studies\/en-el-espiritu-del-dia-del-senor-apocalipsis-19-10a-por-dr-eli-lizorkin-eysenberg-y-prof-peter-shirokov\/","title":{"rendered":"En el Esp\u00edritu del D\u00eda Del Se\u00f1or (Apocalipsis 1:9-10a) Por Dr. Eli Lizorkin-Eysenberg y Prof. Peter Shirokov"},"content":{"rendered":"<p><strong>1:9 Yo Juan, vuestro hermano y copart\u00edcipe en vuestra tribulaci\u00f3n, en el reino y en la paciencia que es en Jes\u00fas, estaba en la isla de Patmos por causa de la Palabra de Dios y del testimonio de Jes\u00fas.<\/strong><\/p>\n<p>Cuando una vez el Dios Todopoderoso dijo estas breves palabras, Juan se identific\u00f3 a s\u00ed mismo como el siguiente orador. De forma similar en Ap. 22:6-15, el orador hace una conexi\u00f3n entre Dios Todopoderoso y Jes\u00fas, tal como vemos en el siguiente vers\u00edculo (Ap.22:16).<\/p>\n<p>Aqu\u00ed Juan, tambi\u00e9n identifica las circunstancias hist\u00f3ricas que tuvieron lugar mientras tuvo la visi\u00f3n y autoriz\u00f3 la carta en obediencia al mandato del Se\u00f1or. Si bien nos gustar\u00eda saber el a\u00f1o exacto en que Juan escribi\u00f3 el Apocalipsis, \u00e9l crey\u00f3 que era suficiente con escribir algo de su exilio.<\/p>\n<p>Su exilio fue en la isla de Patmos, donde se sab\u00eda que el gobierno de Roma enviaba a los prisioneros pol\u00edticos&#8230; Algunos comentaristas, de forma hipot\u00e9tica dicen que el tiempo en que Juan estuvo en Patmos cuadra mejor con el a\u00f1o 95 DC aproximadamente, durante el reinado de Domiciano o en los a\u00f1os 68-69 DC durante el reinado de Ner\u00f3n, cuando las persecuciones de los seguidores de Cristo fueron m\u00e1s intensas.<\/p>\n<p><strong>1:10a Yo estaba en el Esp\u00edritu en el d\u00eda del Se\u00f1or&#8230;<\/strong><\/p>\n<p>Aqu\u00ed hay tres opciones interpretativas.<\/p>\n<p>Primero, el d\u00eda del Se\u00f1or podr\u00eda ser el s\u00e1bado. Tendr\u00eda sentido al hablar del D\u00eda de Dios, el S\u00e1bado (Shabat), ser\u00eda lo m\u00e1s l\u00f3gico. Lo que funciona en contra de esta interpretaci\u00f3n, es que nunca vemos este t\u00e9rmino utilizado para se\u00f1alar el Shabat (d\u00eda de reposo). Si efectivamente el d\u00eda de la semana fuese el s\u00e1bado como opuesto a los otros d\u00edas de la semana, no est\u00e1 claro el porqu\u00e9 darle tanta importancia.<\/p>\n<p>Segundo, esta es la opci\u00f3n tradicional, identificando el D\u00eda del Se\u00f1or con el d\u00eda de su Resurrecci\u00f3n- primer d\u00eda de la semana israelita- Domingo. Esta teor\u00eda tiene problemas similares.<\/p>\n<p>Nunca es mencionado el primer d\u00eda de la semana como D\u00eda del Se\u00f1or anteriormente a este presente ejemplo. Si fuese este el caso (que esto se refiere al primer d\u00eda de la semana israelita) no est\u00e1 del todo claro por qu\u00e9 Juan se sinti\u00f3 impulsado a comentarlo a sus lectores\/oyentes.<\/p>\n<p>Tercero, desde nuestro punto de vista, esta opci\u00f3n es mucho m\u00e1s factible. El d\u00eda del Se\u00f1or es el D\u00eda Final de los Tiempos en los c\u00e1lculos y conjeturas de los cuales hablaron los Profetas Hebreos. La frase \u201cel D\u00eda del Se\u00f1or\u201d es utilizado muchas veces en la Biblia Hebrea (Isa.2:12; 13:6-9; Ezeq.13:5; 30:3; Joel 1:15; 2:1-31; 3:14; Amos 5:18-20; Ab.15; Sof. 1:7-14; Zac. 14:1 y Mal.4:5). Tal como leemos en Mal. 4:5-6 \u201cMirad, Yo os env\u00edo al profeta El\u00edas, antes del d\u00eda grande y terrible del Se\u00f1or. \u00c9l animar\u00e1 a padres e hijos a volver a M\u00ed, para que Yo no tenga que venir con juicio a maldecir la tierra\u201d.<\/p>\n<p>Por eso, la referencia de Juan, notifica al lector que mientras \u00e9l estaba escribiendo desde una particular localidad hist\u00f3rica y durante un tiempo hist\u00f3rico en particular, la perspectiva que \u00e9l busca en comunicar a sus oyentes est\u00e1 arraigada en la realidad escatol\u00f3gica del futuro D\u00eda del Se\u00f1or. Lo mismo que en el caso de los profetas hebreos de la Biblia, Juan era capaz de hablar en presente desde una dual perspectiva del pasado (el pacto) y el futuro (la consumaci\u00f3n del pacto y la restauraci\u00f3n de todas las cosas).<\/p>\n","protected":false},"excerpt":{"rendered":"<p>1:9 Yo Juan, vuestro hermano y copart\u00edcipe en vuestra tribulaci\u00f3n, en el reino y en la paciencia que es en Jes\u00fas, estaba en la isla de Patmos por causa de la Palabra de Dios y del testimonio de Jes\u00fas. Cuando una vez el Dios Todopoderoso dijo estas breves palabras, Juan se identific\u00f3 a s\u00ed mismo [&hellip;]<\/p>\n","protected":false},"author":43,"featured_media":10811,"comment_status":"open","ping_status":"open","sticky":false,"template":"","format":"standard","meta":{"_acf_changed":false,"inline_featured_image":false,"footnotes":""},"categories":[565],"tags":[],"class_list":["post-44981","post","type-post","status-publish","format-standard","has-post-thumbnail","hentry","category-jewish-studies"],"acf":[],"yoast_head":"<!-- This site is optimized with the Yoast SEO plugin v26.5 - https:\/\/yoast.com\/wordpress\/plugins\/seo\/ -->\n<title>En el Esp\u00edritu del D\u00eda Del Se\u00f1or (Apocalipsis 1:9-10a) Por Dr. Eli Lizorkin-Eysenberg y Prof. Peter Shirokov - Israel Institute of Biblical Studies<\/title>\n<meta name=\"description\" content=\"En el Esp\u00edritu del D\u00eda Del Se\u00f1or (Apocalipsis 1:9-10a)\" \/>\n<meta name=\"robots\" content=\"index, follow, max-snippet:-1, max-image-preview:large, max-video-preview:-1\" \/>\n<link rel=\"canonical\" href=\"https:\/\/israelbiblicalstudies.com\/es\/blog\/category\/jewish-studies\/en-el-espiritu-del-dia-del-senor-apocalipsis-19-10a-por-dr-eli-lizorkin-eysenberg-y-prof-peter-shirokov\/\" \/>\n<meta property=\"og:locale\" content=\"es_ES\" \/>\n<meta property=\"og:type\" content=\"article\" \/>\n<meta property=\"og:title\" content=\"En el Esp\u00edritu del D\u00eda Del Se\u00f1or (Apocalipsis 1:9-10a) Por Dr. Eli Lizorkin-Eysenberg y Prof. Peter Shirokov - Israel Institute of Biblical Studies\" \/>\n<meta property=\"og:description\" content=\"En el Esp\u00edritu del D\u00eda Del Se\u00f1or (Apocalipsis 1:9-10a)\" \/>\n<meta property=\"og:url\" content=\"https:\/\/israelbiblicalstudies.com\/es\/blog\/category\/jewish-studies\/en-el-espiritu-del-dia-del-senor-apocalipsis-19-10a-por-dr-eli-lizorkin-eysenberg-y-prof-peter-shirokov\/\" \/>\n<meta property=\"og:site_name\" content=\"Israel Institute of Biblical Studies\" \/>\n<meta property=\"article:published_time\" content=\"2014-08-30T13:51:09+00:00\" \/>\n<meta property=\"article:modified_time\" content=\"2025-08-13T11:30:05+00:00\" \/>\n<meta property=\"og:image\" content=\"https:\/\/israelbiblicalstudies.com\/wp-content\/uploads\/2014\/08\/Lords-day-e1409415580330.jpg\" \/>\n\t<meta property=\"og:image:width\" content=\"600\" \/>\n\t<meta property=\"og:image:height\" content=\"450\" \/>\n\t<meta property=\"og:image:type\" content=\"image\/jpeg\" \/>\n<meta name=\"author\" content=\"Dr. Eli Lizorkin-Eyzenberg\" \/>\n<meta name=\"twitter:card\" content=\"summary_large_image\" \/>\n<meta name=\"twitter:label1\" content=\"Escrito por\" \/>\n\t<meta name=\"twitter:data1\" content=\"Dr. Eli Lizorkin-Eyzenberg\" \/>\n\t<meta name=\"twitter:label2\" content=\"Tiempo de lectura\" \/>\n\t<meta name=\"twitter:data2\" content=\"3 minutos\" \/>\n<script type=\"application\/ld+json\" class=\"yoast-schema-graph\">{\"@context\":\"https:\/\/schema.org\",\"@graph\":[{\"@type\":\"Article\",\"@id\":\"https:\/\/israelbiblicalstudies.com\/es\/blog\/category\/jewish-studies\/en-el-espiritu-del-dia-del-senor-apocalipsis-19-10a-por-dr-eli-lizorkin-eysenberg-y-prof-peter-shirokov\/#article\",\"isPartOf\":{\"@id\":\"https:\/\/israelbiblicalstudies.com\/es\/blog\/category\/jewish-studies\/en-el-espiritu-del-dia-del-senor-apocalipsis-19-10a-por-dr-eli-lizorkin-eysenberg-y-prof-peter-shirokov\/\"},\"author\":{\"name\":\"Dr. Eli Lizorkin-Eyzenberg\",\"@id\":\"https:\/\/israelbiblicalstudies.com\/es\/#\/schema\/person\/b308f3a9234ec1941c13bda300eb6797\"},\"headline\":\"En el Esp\u00edritu del D\u00eda Del Se\u00f1or (Apocalipsis 1:9-10a) Por Dr. Eli Lizorkin-Eysenberg y Prof. Peter Shirokov\",\"datePublished\":\"2014-08-30T13:51:09+00:00\",\"dateModified\":\"2025-08-13T11:30:05+00:00\",\"mainEntityOfPage\":{\"@id\":\"https:\/\/israelbiblicalstudies.com\/es\/blog\/category\/jewish-studies\/en-el-espiritu-del-dia-del-senor-apocalipsis-19-10a-por-dr-eli-lizorkin-eysenberg-y-prof-peter-shirokov\/\"},\"wordCount\":656,\"commentCount\":23,\"publisher\":{\"@id\":\"https:\/\/israelbiblicalstudies.com\/es\/#organization\"},\"image\":{\"@id\":\"https:\/\/israelbiblicalstudies.com\/es\/blog\/category\/jewish-studies\/en-el-espiritu-del-dia-del-senor-apocalipsis-19-10a-por-dr-eli-lizorkin-eysenberg-y-prof-peter-shirokov\/#primaryimage\"},\"thumbnailUrl\":\"https:\/\/israelbiblicalstudies.com\/wp-content\/uploads\/2014\/08\/Lords-day-e1409415580330.jpg\",\"articleSection\":[\"Estudios Jud\u00edos\"],\"inLanguage\":\"es\",\"potentialAction\":[{\"@type\":\"CommentAction\",\"name\":\"Comment\",\"target\":[\"https:\/\/israelbiblicalstudies.com\/es\/blog\/category\/jewish-studies\/en-el-espiritu-del-dia-del-senor-apocalipsis-19-10a-por-dr-eli-lizorkin-eysenberg-y-prof-peter-shirokov\/#respond\"]}]},{\"@type\":\"WebPage\",\"@id\":\"https:\/\/israelbiblicalstudies.com\/es\/blog\/category\/jewish-studies\/en-el-espiritu-del-dia-del-senor-apocalipsis-19-10a-por-dr-eli-lizorkin-eysenberg-y-prof-peter-shirokov\/\",\"url\":\"https:\/\/israelbiblicalstudies.com\/es\/blog\/category\/jewish-studies\/en-el-espiritu-del-dia-del-senor-apocalipsis-19-10a-por-dr-eli-lizorkin-eysenberg-y-prof-peter-shirokov\/\",\"name\":\"En el Esp\u00edritu del D\u00eda Del Se\u00f1or (Apocalipsis 1:9-10a) Por Dr. Eli Lizorkin-Eysenberg y Prof. Peter Shirokov - Israel Institute of Biblical Studies\",\"isPartOf\":{\"@id\":\"https:\/\/israelbiblicalstudies.com\/es\/#website\"},\"primaryImageOfPage\":{\"@id\":\"https:\/\/israelbiblicalstudies.com\/es\/blog\/category\/jewish-studies\/en-el-espiritu-del-dia-del-senor-apocalipsis-19-10a-por-dr-eli-lizorkin-eysenberg-y-prof-peter-shirokov\/#primaryimage\"},\"image\":{\"@id\":\"https:\/\/israelbiblicalstudies.com\/es\/blog\/category\/jewish-studies\/en-el-espiritu-del-dia-del-senor-apocalipsis-19-10a-por-dr-eli-lizorkin-eysenberg-y-prof-peter-shirokov\/#primaryimage\"},\"thumbnailUrl\":\"https:\/\/israelbiblicalstudies.com\/wp-content\/uploads\/2014\/08\/Lords-day-e1409415580330.jpg\",\"datePublished\":\"2014-08-30T13:51:09+00:00\",\"dateModified\":\"2025-08-13T11:30:05+00:00\",\"description\":\"En el Esp\u00edritu del D\u00eda Del Se\u00f1or (Apocalipsis 1:9-10a)\",\"breadcrumb\":{\"@id\":\"https:\/\/israelbiblicalstudies.com\/es\/blog\/category\/jewish-studies\/en-el-espiritu-del-dia-del-senor-apocalipsis-19-10a-por-dr-eli-lizorkin-eysenberg-y-prof-peter-shirokov\/#breadcrumb\"},\"inLanguage\":\"es\",\"potentialAction\":[{\"@type\":\"ReadAction\",\"target\":[\"https:\/\/israelbiblicalstudies.com\/es\/blog\/category\/jewish-studies\/en-el-espiritu-del-dia-del-senor-apocalipsis-19-10a-por-dr-eli-lizorkin-eysenberg-y-prof-peter-shirokov\/\"]}]},{\"@type\":\"ImageObject\",\"inLanguage\":\"es\",\"@id\":\"https:\/\/israelbiblicalstudies.com\/es\/blog\/category\/jewish-studies\/en-el-espiritu-del-dia-del-senor-apocalipsis-19-10a-por-dr-eli-lizorkin-eysenberg-y-prof-peter-shirokov\/#primaryimage\",\"url\":\"https:\/\/israelbiblicalstudies.com\/wp-content\/uploads\/2014\/08\/Lords-day-e1409415580330.jpg\",\"contentUrl\":\"https:\/\/israelbiblicalstudies.com\/wp-content\/uploads\/2014\/08\/Lords-day-e1409415580330.jpg\",\"width\":600,\"height\":450},{\"@type\":\"BreadcrumbList\",\"@id\":\"https:\/\/israelbiblicalstudies.com\/es\/blog\/category\/jewish-studies\/en-el-espiritu-del-dia-del-senor-apocalipsis-19-10a-por-dr-eli-lizorkin-eysenberg-y-prof-peter-shirokov\/#breadcrumb\",\"itemListElement\":[{\"@type\":\"ListItem\",\"position\":1,\"name\":\"Home\",\"item\":\"https:\/\/israelbiblicalstudies.com\/es\/\"},{\"@type\":\"ListItem\",\"position\":2,\"name\":\"Estudios Jud\u00edos\",\"item\":\"https:\/\/israelbiblicalstudies.com\/es\/blog\/category\/jewish-studies\/\"},{\"@type\":\"ListItem\",\"position\":3,\"name\":\"En el Esp\u00edritu del D\u00eda Del Se\u00f1or (Apocalipsis 1:9-10a) Por Dr. Eli Lizorkin-Eysenberg y Prof. Peter Shirokov\"}]},{\"@type\":\"WebSite\",\"@id\":\"https:\/\/israelbiblicalstudies.com\/es\/#website\",\"url\":\"https:\/\/israelbiblicalstudies.com\/es\/\",\"name\":\"Israel Institute of Biblical Studies\",\"description\":\"Deepen Your Understanding of the Bible\",\"publisher\":{\"@id\":\"https:\/\/israelbiblicalstudies.com\/es\/#organization\"},\"potentialAction\":[{\"@type\":\"SearchAction\",\"target\":{\"@type\":\"EntryPoint\",\"urlTemplate\":\"https:\/\/israelbiblicalstudies.com\/es\/?s={search_term_string}\"},\"query-input\":{\"@type\":\"PropertyValueSpecification\",\"valueRequired\":true,\"valueName\":\"search_term_string\"}}],\"inLanguage\":\"es\"},{\"@type\":\"Organization\",\"@id\":\"https:\/\/israelbiblicalstudies.com\/es\/#organization\",\"name\":\"Israel Biblical Studies\",\"url\":\"https:\/\/israelbiblicalstudies.com\/es\/\",\"logo\":{\"@type\":\"ImageObject\",\"inLanguage\":\"es\",\"@id\":\"https:\/\/israelbiblicalstudies.com\/es\/#\/schema\/logo\/image\/\",\"url\":\"https:\/\/israelbiblicalstudies.com\/wp-content\/uploads\/2016\/09\/logo-invert.png\",\"contentUrl\":\"https:\/\/israelbiblicalstudies.com\/wp-content\/uploads\/2016\/09\/logo-invert.png\",\"width\":152,\"height\":68,\"caption\":\"Israel Biblical Studies\"},\"image\":{\"@id\":\"https:\/\/israelbiblicalstudies.com\/es\/#\/schema\/logo\/image\/\"}},{\"@type\":\"Person\",\"@id\":\"https:\/\/israelbiblicalstudies.com\/es\/#\/schema\/person\/b308f3a9234ec1941c13bda300eb6797\",\"name\":\"Dr. Eli Lizorkin-Eyzenberg\",\"image\":{\"@type\":\"ImageObject\",\"inLanguage\":\"es\",\"@id\":\"https:\/\/israelbiblicalstudies.com\/es\/#\/schema\/person\/image\/\",\"url\":\"https:\/\/secure.gravatar.com\/avatar\/866277fd705ad3c0af8a46792a766d5b55b9bf38f5384a02812e8683e69e7ddf?s=96&d=mm&r=g\",\"contentUrl\":\"https:\/\/secure.gravatar.com\/avatar\/866277fd705ad3c0af8a46792a766d5b55b9bf38f5384a02812e8683e69e7ddf?s=96&d=mm&r=g\",\"caption\":\"Dr. Eli Lizorkin-Eyzenberg\"},\"description\":\"To secure your spot in our new course \u201cThe Jewish Background of New Testament\u201d - CLICK HERE NOW\",\"sameAs\":[\"https:\/\/israelbiblicalstudies.com\/teacher\/eli-lizorkin-eyzenberg\/\"],\"url\":\"https:\/\/israelbiblicalstudies.com\/es\/blog\/author\/eli\/\"}]}<\/script>\n<!-- \/ Yoast SEO plugin. -->","yoast_head_json":{"title":"En el Esp\u00edritu del D\u00eda Del Se\u00f1or (Apocalipsis 1:9-10a) Por Dr. Eli Lizorkin-Eysenberg y Prof. Peter Shirokov - Israel Institute of Biblical Studies","description":"En el Esp\u00edritu del D\u00eda Del Se\u00f1or (Apocalipsis 1:9-10a)","robots":{"index":"index","follow":"follow","max-snippet":"max-snippet:-1","max-image-preview":"max-image-preview:large","max-video-preview":"max-video-preview:-1"},"canonical":"https:\/\/israelbiblicalstudies.com\/es\/blog\/category\/jewish-studies\/en-el-espiritu-del-dia-del-senor-apocalipsis-19-10a-por-dr-eli-lizorkin-eysenberg-y-prof-peter-shirokov\/","og_locale":"es_ES","og_type":"article","og_title":"En el Esp\u00edritu del D\u00eda Del Se\u00f1or (Apocalipsis 1:9-10a) Por Dr. Eli Lizorkin-Eysenberg y Prof. Peter Shirokov - Israel Institute of Biblical Studies","og_description":"En el Esp\u00edritu del D\u00eda Del Se\u00f1or (Apocalipsis 1:9-10a)","og_url":"https:\/\/israelbiblicalstudies.com\/es\/blog\/category\/jewish-studies\/en-el-espiritu-del-dia-del-senor-apocalipsis-19-10a-por-dr-eli-lizorkin-eysenberg-y-prof-peter-shirokov\/","og_site_name":"Israel Institute of Biblical Studies","article_published_time":"2014-08-30T13:51:09+00:00","article_modified_time":"2025-08-13T11:30:05+00:00","og_image":[{"width":600,"height":450,"url":"https:\/\/israelbiblicalstudies.com\/wp-content\/uploads\/2014\/08\/Lords-day-e1409415580330.jpg","type":"image\/jpeg"}],"author":"Dr. Eli Lizorkin-Eyzenberg","twitter_card":"summary_large_image","twitter_misc":{"Escrito por":"Dr. Eli Lizorkin-Eyzenberg","Tiempo de lectura":"3 minutos"},"schema":{"@context":"https:\/\/schema.org","@graph":[{"@type":"Article","@id":"https:\/\/israelbiblicalstudies.com\/es\/blog\/category\/jewish-studies\/en-el-espiritu-del-dia-del-senor-apocalipsis-19-10a-por-dr-eli-lizorkin-eysenberg-y-prof-peter-shirokov\/#article","isPartOf":{"@id":"https:\/\/israelbiblicalstudies.com\/es\/blog\/category\/jewish-studies\/en-el-espiritu-del-dia-del-senor-apocalipsis-19-10a-por-dr-eli-lizorkin-eysenberg-y-prof-peter-shirokov\/"},"author":{"name":"Dr. Eli Lizorkin-Eyzenberg","@id":"https:\/\/israelbiblicalstudies.com\/es\/#\/schema\/person\/b308f3a9234ec1941c13bda300eb6797"},"headline":"En el Esp\u00edritu del D\u00eda Del Se\u00f1or (Apocalipsis 1:9-10a) Por Dr. Eli Lizorkin-Eysenberg y Prof. Peter Shirokov","datePublished":"2014-08-30T13:51:09+00:00","dateModified":"2025-08-13T11:30:05+00:00","mainEntityOfPage":{"@id":"https:\/\/israelbiblicalstudies.com\/es\/blog\/category\/jewish-studies\/en-el-espiritu-del-dia-del-senor-apocalipsis-19-10a-por-dr-eli-lizorkin-eysenberg-y-prof-peter-shirokov\/"},"wordCount":656,"commentCount":23,"publisher":{"@id":"https:\/\/israelbiblicalstudies.com\/es\/#organization"},"image":{"@id":"https:\/\/israelbiblicalstudies.com\/es\/blog\/category\/jewish-studies\/en-el-espiritu-del-dia-del-senor-apocalipsis-19-10a-por-dr-eli-lizorkin-eysenberg-y-prof-peter-shirokov\/#primaryimage"},"thumbnailUrl":"https:\/\/israelbiblicalstudies.com\/wp-content\/uploads\/2014\/08\/Lords-day-e1409415580330.jpg","articleSection":["Estudios Jud\u00edos"],"inLanguage":"es","potentialAction":[{"@type":"CommentAction","name":"Comment","target":["https:\/\/israelbiblicalstudies.com\/es\/blog\/category\/jewish-studies\/en-el-espiritu-del-dia-del-senor-apocalipsis-19-10a-por-dr-eli-lizorkin-eysenberg-y-prof-peter-shirokov\/#respond"]}]},{"@type":"WebPage","@id":"https:\/\/israelbiblicalstudies.com\/es\/blog\/category\/jewish-studies\/en-el-espiritu-del-dia-del-senor-apocalipsis-19-10a-por-dr-eli-lizorkin-eysenberg-y-prof-peter-shirokov\/","url":"https:\/\/israelbiblicalstudies.com\/es\/blog\/category\/jewish-studies\/en-el-espiritu-del-dia-del-senor-apocalipsis-19-10a-por-dr-eli-lizorkin-eysenberg-y-prof-peter-shirokov\/","name":"En el Esp\u00edritu del D\u00eda Del Se\u00f1or (Apocalipsis 1:9-10a) Por Dr. Eli Lizorkin-Eysenberg y Prof. Peter Shirokov - Israel Institute of Biblical Studies","isPartOf":{"@id":"https:\/\/israelbiblicalstudies.com\/es\/#website"},"primaryImageOfPage":{"@id":"https:\/\/israelbiblicalstudies.com\/es\/blog\/category\/jewish-studies\/en-el-espiritu-del-dia-del-senor-apocalipsis-19-10a-por-dr-eli-lizorkin-eysenberg-y-prof-peter-shirokov\/#primaryimage"},"image":{"@id":"https:\/\/israelbiblicalstudies.com\/es\/blog\/category\/jewish-studies\/en-el-espiritu-del-dia-del-senor-apocalipsis-19-10a-por-dr-eli-lizorkin-eysenberg-y-prof-peter-shirokov\/#primaryimage"},"thumbnailUrl":"https:\/\/israelbiblicalstudies.com\/wp-content\/uploads\/2014\/08\/Lords-day-e1409415580330.jpg","datePublished":"2014-08-30T13:51:09+00:00","dateModified":"2025-08-13T11:30:05+00:00","description":"En el Esp\u00edritu del D\u00eda Del Se\u00f1or (Apocalipsis 1:9-10a)","breadcrumb":{"@id":"https:\/\/israelbiblicalstudies.com\/es\/blog\/category\/jewish-studies\/en-el-espiritu-del-dia-del-senor-apocalipsis-19-10a-por-dr-eli-lizorkin-eysenberg-y-prof-peter-shirokov\/#breadcrumb"},"inLanguage":"es","potentialAction":[{"@type":"ReadAction","target":["https:\/\/israelbiblicalstudies.com\/es\/blog\/category\/jewish-studies\/en-el-espiritu-del-dia-del-senor-apocalipsis-19-10a-por-dr-eli-lizorkin-eysenberg-y-prof-peter-shirokov\/"]}]},{"@type":"ImageObject","inLanguage":"es","@id":"https:\/\/israelbiblicalstudies.com\/es\/blog\/category\/jewish-studies\/en-el-espiritu-del-dia-del-senor-apocalipsis-19-10a-por-dr-eli-lizorkin-eysenberg-y-prof-peter-shirokov\/#primaryimage","url":"https:\/\/israelbiblicalstudies.com\/wp-content\/uploads\/2014\/08\/Lords-day-e1409415580330.jpg","contentUrl":"https:\/\/israelbiblicalstudies.com\/wp-content\/uploads\/2014\/08\/Lords-day-e1409415580330.jpg","width":600,"height":450},{"@type":"BreadcrumbList","@id":"https:\/\/israelbiblicalstudies.com\/es\/blog\/category\/jewish-studies\/en-el-espiritu-del-dia-del-senor-apocalipsis-19-10a-por-dr-eli-lizorkin-eysenberg-y-prof-peter-shirokov\/#breadcrumb","itemListElement":[{"@type":"ListItem","position":1,"name":"Home","item":"https:\/\/israelbiblicalstudies.com\/es\/"},{"@type":"ListItem","position":2,"name":"Estudios Jud\u00edos","item":"https:\/\/israelbiblicalstudies.com\/es\/blog\/category\/jewish-studies\/"},{"@type":"ListItem","position":3,"name":"En el Esp\u00edritu del D\u00eda Del Se\u00f1or (Apocalipsis 1:9-10a) Por Dr. Eli Lizorkin-Eysenberg y Prof. Peter Shirokov"}]},{"@type":"WebSite","@id":"https:\/\/israelbiblicalstudies.com\/es\/#website","url":"https:\/\/israelbiblicalstudies.com\/es\/","name":"Israel Institute of Biblical Studies","description":"Deepen Your Understanding of the Bible","publisher":{"@id":"https:\/\/israelbiblicalstudies.com\/es\/#organization"},"potentialAction":[{"@type":"SearchAction","target":{"@type":"EntryPoint","urlTemplate":"https:\/\/israelbiblicalstudies.com\/es\/?s={search_term_string}"},"query-input":{"@type":"PropertyValueSpecification","valueRequired":true,"valueName":"search_term_string"}}],"inLanguage":"es"},{"@type":"Organization","@id":"https:\/\/israelbiblicalstudies.com\/es\/#organization","name":"Israel Biblical Studies","url":"https:\/\/israelbiblicalstudies.com\/es\/","logo":{"@type":"ImageObject","inLanguage":"es","@id":"https:\/\/israelbiblicalstudies.com\/es\/#\/schema\/logo\/image\/","url":"https:\/\/israelbiblicalstudies.com\/wp-content\/uploads\/2016\/09\/logo-invert.png","contentUrl":"https:\/\/israelbiblicalstudies.com\/wp-content\/uploads\/2016\/09\/logo-invert.png","width":152,"height":68,"caption":"Israel Biblical Studies"},"image":{"@id":"https:\/\/israelbiblicalstudies.com\/es\/#\/schema\/logo\/image\/"}},{"@type":"Person","@id":"https:\/\/israelbiblicalstudies.com\/es\/#\/schema\/person\/b308f3a9234ec1941c13bda300eb6797","name":"Dr. Eli Lizorkin-Eyzenberg","image":{"@type":"ImageObject","inLanguage":"es","@id":"https:\/\/israelbiblicalstudies.com\/es\/#\/schema\/person\/image\/","url":"https:\/\/secure.gravatar.com\/avatar\/866277fd705ad3c0af8a46792a766d5b55b9bf38f5384a02812e8683e69e7ddf?s=96&d=mm&r=g","contentUrl":"https:\/\/secure.gravatar.com\/avatar\/866277fd705ad3c0af8a46792a766d5b55b9bf38f5384a02812e8683e69e7ddf?s=96&d=mm&r=g","caption":"Dr. Eli Lizorkin-Eyzenberg"},"description":"To secure your spot in our new course \u201cThe Jewish Background of New Testament\u201d - CLICK HERE NOW","sameAs":["https:\/\/israelbiblicalstudies.com\/teacher\/eli-lizorkin-eyzenberg\/"],"url":"https:\/\/israelbiblicalstudies.com\/es\/blog\/author\/eli\/"}]}},"_links":{"self":[{"href":"https:\/\/israelbiblicalstudies.com\/es\/wp-json\/wp\/v2\/posts\/44981","targetHints":{"allow":["GET"]}}],"collection":[{"href":"https:\/\/israelbiblicalstudies.com\/es\/wp-json\/wp\/v2\/posts"}],"about":[{"href":"https:\/\/israelbiblicalstudies.com\/es\/wp-json\/wp\/v2\/types\/post"}],"author":[{"embeddable":true,"href":"https:\/\/israelbiblicalstudies.com\/es\/wp-json\/wp\/v2\/users\/43"}],"replies":[{"embeddable":true,"href":"https:\/\/israelbiblicalstudies.com\/es\/wp-json\/wp\/v2\/comments?post=44981"}],"version-history":[{"count":0,"href":"https:\/\/israelbiblicalstudies.com\/es\/wp-json\/wp\/v2\/posts\/44981\/revisions"}],"wp:featuredmedia":[{"embeddable":true,"href":"https:\/\/israelbiblicalstudies.com\/es\/wp-json\/wp\/v2\/media\/10811"}],"wp:attachment":[{"href":"https:\/\/israelbiblicalstudies.com\/es\/wp-json\/wp\/v2\/media?parent=44981"}],"wp:term":[{"taxonomy":"category","embeddable":true,"href":"https:\/\/israelbiblicalstudies.com\/es\/wp-json\/wp\/v2\/categories?post=44981"},{"taxonomy":"post_tag","embeddable":true,"href":"https:\/\/israelbiblicalstudies.com\/es\/wp-json\/wp\/v2\/tags?post=44981"}],"curies":[{"name":"wp","href":"https:\/\/api.w.org\/{rel}","templated":true}]}}