{"id":45033,"date":"2019-12-11T21:38:42","date_gmt":"2019-12-11T18:38:42","guid":{"rendered":"https:\/\/iibsblogsstg.wpenginepowered.com\/?p=13169"},"modified":"2025-08-13T11:28:10","modified_gmt":"2025-08-13T11:28:10","slug":"reflexiones-del-nuevo-testamento-vayishlaj","status":"publish","type":"post","link":"https:\/\/israelbiblicalstudies.com\/es\/blog\/category\/jewish-studies\/reflexiones-del-nuevo-testamento-vayishlaj\/","title":{"rendered":"Reflexiones del Nuevo Testamento: Vayishl\u00e1j"},"content":{"rendered":"<p><span lang=\"ES\">En la porci\u00f3n anterior de la Tor\u00e1, vimos c\u00f3mo Jacob sali\u00f3 huyendo de la ira de su hermano. Ahora lo vemos regresando a la tierra <\/span>\u2014<span lang=\"ES\">pero para poder asegurar el futuro, Jacob debe enfrentar el pasado<\/span>\u2014<span lang=\"ES\">: debe reconciliarse con Esa\u00fa. Han pasado veinte a\u00f1os, muchas cosas han cambiado y todas las circunstancias externas de la vida de Jacob lo han transformado dram\u00e1ticamente, a\u00fan as\u00ed, parece que la transformaci\u00f3n m\u00e1s importante ante los ojos de Dios es la transformaci\u00f3n de su coraz\u00f3n, y <b>el criterio m\u00e1s claro para esta transformaci\u00f3n es la reconciliaci\u00f3n con su hermano\u00a0<\/b><\/span>\u2014<span lang=\"ES\">al igual que en el Nuevo Testamento<\/span>\u2014<span lang=\"ES\">: <\/span><em>\u00ab<i><span lang=\"ES\">Porque quien no ama a su hermano y hermana, a quienes ha visto, no puede amar a Dios, a quien no ha visto<\/span><\/i>\u00bb.<a href=\"#_ftn1\" name=\"_ftnref1\"><strong>[1]<\/strong><\/a><\/em>\u00a0<span lang=\"ES\">Por lo tanto, es extremadamente importante, que as\u00ed como Jacob se va a enfrentar con el desaf\u00edo m\u00e1s grande de su vida, as\u00ed tambi\u00e9n tiene la intervenci\u00f3n m\u00e1s importante de Dios en su vida. El encuentro que Jacob tuvo en Peniel, es una escena absolutamente \u00fanica en toda la Biblia, y es durante este encuentro que Jacob se transforma en Israel. Solo despu\u00e9s de este encuentro, Jacob consigue una verdadera reconciliaci\u00f3n con su hermano <\/span>\u2014\u00ab<i><span lang=\"ES\">Primero reconc\u00edliate con tu hermano, y despu\u00e9s ve y ofrece tu ofrenda<\/span><\/i>\u00bb\u2014.<em><a href=\"#_ftn2\" name=\"_ftnref2\"><strong>[2]<\/strong><\/a><\/em><\/p>\n<p><span lang=\"ES\">Esta conexi\u00f3n con el \u00e9nfasis del Nuevo Testamento respecto a la reconciliaci\u00f3n, se hace m\u00e1s evidente cuando leemos esta porci\u00f3n en hebreo. En G\u00e9nesis 33, despu\u00e9s del maravilloso encuentro con su hermano Esa\u00fa <\/span>\u2014el <span lang=\"ES\">encuentro que estuvo mucho mejor de lo que cualquiera habr\u00eda esperado<\/span>\u2014<b> <\/b><span lang=\"ES\">Jacob dice unas extra\u00f1as palabras a Esa\u00fa indicando que, para \u00e9l, ver el rostro de Esa\u00fa fue <\/span>\u00ab<i><span lang=\"ES\">como ver el rostro de Dios<\/span><\/i>\u00bb \u05e8\u05b8\u05d0\u05b4\u05d9\u05ea\u05b4\u05d9 \u05e4\u05b8\u05e0\u05b6\u05d9\u05da\u05b8 \u05db\u05b4\u05bc\u05e8\u05b0\u05d0\u05b9\u05ea \u05e4\u05b0\u05bc\u05e0\u05b5\u05d9 \u05d0\u05b1\u05dc\u05b9\u05d4\u05b4\u05d9\u05dd.\u00a0Esta frase viene al final de su encuentro, cuando el peligro ya est\u00e1 pasado y deja al lector confundido y perplejo: \u00bfPor qu\u00e9 Jacob dijo esto? \u00bfEs puro halago, o hay algo m\u00e1s que a\u00f1adir?<\/p>\n<p><span lang=\"ES\">En espa\u00f1ol estas palabras vienen algo inesperadas. Sin embargo, en hebreo la idea de <i>pan\u00edm <\/i>(cara) es ciertamente uno de los motivos principales en toda la narrativa del regreso de Jacob a la tierra. La ra\u00edz\u00a0<\/span>\u05e4\u05b8\u05bc\u05e0\u05b4\u05d9\u05dd\u00a0 <span lang=\"ES\">(<i>pan\u00edm<\/i>) y las palabras derivadas de esta ra\u00edz, aparecen muchas veces en los textos hebreos que precedieron al encuentro de los hermanos (<u>G\u00e9nesis 32:17-21<\/u>). Para poder comprender la diferencia entre los textos en hebreo y en espa\u00f1ol, lee por ejemplo <u>G\u00e9nesis 32:20 <\/u><\/span>\u00ab<i>..<span lang=\"ES\">.Jacob pensaba: \u00abLo apaciguar\u00e9 con los regalos que le llegar\u00e1n primero, y luego me presentar\u00e9 ante \u00e9l; tal vez as\u00ed me reciba bien\u201d<\/span><\/i>\u00bb. <span lang=\"ES\">La palabra <\/span>\u00ab<b><span lang=\"ES\">cara<\/span><\/b>\u00bb<span lang=\"ES\"> no es utilizada en la traducci\u00f3n<\/span><a href=\"#_ftn3\" name=\"_ftnref3\">[3]<\/a> <span lang=\"ES\">ni siquiera una (y en muchas otras tampoco), mientras que en hebreo, solamente en este vers\u00edculo, la palabra <i>pan\u00edm<\/i> aparece cuatro veces. Esto da forma a un caso y nos prepara para el nombre Peniel <\/span>\u00a0(\u05e4\u05b0\u05bc\u05e0\u05b4\u05d9\u05d0\u05b5\u05dc) \u2014\u00ab<span lang=\"ES\">cara de Dios<\/span>\u00bb\u2014<span lang=\"ES\">, el lugar de la lucha de Jacob y su encuentro con Dios. Fue all\u00ed en Peniel, que Jacob vio a Dios <\/span>\u00ab<span lang=\"ES\">cara a cara<\/span>\u00bb <span lang=\"ES\">(de ah\u00ed el nombre del lugar); y fue all\u00ed, en Peniel, que fue cambiado no solo el nombre de Jacob, sino tambi\u00e9n su coraz\u00f3n. Por eso es que este encuentro fatal entre los dos hermanos, fue completamente diferente a como todos pensar\u00edan que suceder\u00eda: <\/span>\u00ab<i><span lang=\"ES\">Pero Esa\u00fa corri\u00f3 al encuentro de Jacob y lo abraz\u00f3; lanzando sus brazos alrededor de su cuello y lo bes\u00f3. Y ambos lloraron<\/span><\/i>\u00bb.<a href=\"#_ftn4\" name=\"_ftnref4\">[4]<\/a>\u00a0<span lang=\"ES\">Hay poca duda de que este no fue el plan original de Esa\u00fa. Se estuvo acercando a Jacob con 400 hombres <\/span>\u2014<span lang=\"ES\">quienes no inspiraron buenas intenciones<\/span>\u2014<span lang=\"ES\">; no necesit\u00f3 400 hombres para llorar sobre el cuello de su hermano. Sin embargo, todo cambi\u00f3 en un instante porque fue Israel, y no Jacob a quien Esa\u00fa encontr\u00f3. Esa\u00fa esper\u00f3 encontrar al hermano arrogante, y autosuficiente que siempre lo hab\u00eda mirado con superioridad <\/span>\u2014<span lang=\"ES\">en su lugar vio a un hombre humilde y arrepentido, cojeando e inclin\u00e1ndose humildemente ante \u00e9l<\/span>\u2014<span lang=\"ES\">. El cambio fue dram\u00e1tico, y Esa\u00fa percibi\u00f3 de inmediato ese cambio y corri\u00f3 a besar a su hermano.<\/span><\/p>\n<p><span lang=\"ES\">Pero hay algo m\u00e1s que podemos ver en la historia de Jacob cuando leemos en hebreo. Probablemente recuerdas <\/span>\u00ab<span lang=\"ES\">la escalera de Jacob<\/span>\u00bb<span lang=\"ES\"> de la \u00faltima porci\u00f3n anterior de la Tor\u00e1, y su sue\u00f1o de camino de Beerseba a Har\u00e1n. Si regresamos al cap\u00edtulo 28 y leemos este cap\u00edtulo en hebreo, encontraremos que, la mayor\u00eda de las veces en que la palabra <\/span>\u00abcara\u00bb\u00a0<span lang=\"ES\">aparece en el cap\u00edtulo 33,\u00a0<\/span><span lang=\"ES\">el t\u00e9rmino\u00a0<\/span>\u05de\u05b8\u05e7\u05d5\u05b9\u05dd <span lang=\"ES\">(<\/span><em><span lang=\"ES\"><i>mak\u00f3m<\/i><\/span><\/em><span lang=\"ES\">) <\/span><em>\u00ab<span lang=\"ES\">lugar<\/span>\u00bb<\/em><span lang=\"ES\"> se encuentra aqu\u00ed, en el cap\u00edtulo 28. Recuerda que aqu\u00ed Jacob estuvo en su camino al exilio y casi a punto de dejar la tierra. Este encuentro con Dios en el sue\u00f1o, probablemente sucedi\u00f3 durante la \u00faltima noche en la tierra, y hasta donde sabemos, esta fue la primera vez en que Dios, personalmente habl\u00f3 a Jacob. Cuando \u00e9l despert\u00f3 de su sue\u00f1o, pens\u00f3: <\/span><em>\u00ab<i><span lang=\"ES\">seguramente el SE\u00d1OR est\u00e1 en <b>este lugar<\/b>, y yo no me hab\u00eda dado cuenta\u201d. Tuvo miedo y dijo: \u201cqu\u00e9 impresionante es<b> este lugar<\/b>. Esto no es m\u00e1s que la casa de Dios; esta es la puerta del cielo<\/span><\/i><span lang=\"ES\">\u201d<\/span>\u00bb<\/em>.<a href=\"#_ftn5\" name=\"_ftnref5\">[5]<\/a> <span lang=\"ES\">As\u00ed que vemos claramente que, en este punto, todo el concepto nuevo de Jacob sobre Dios, se conecta a <\/span>\u00ab<i><span lang=\"ES\">este lugar<\/span><\/i>\u00bb<span lang=\"ES\">.<\/span><\/p>\n<p><span lang=\"ES\">Han pasado 20 a\u00f1os <\/span>\u2014<span lang=\"ES\">han sucedido muchas cosas y muchos cambios han ocurrido durante esos a\u00f1os<\/span>\u2014<span lang=\"ES\">. Jacob ahora es un gran hombre que es bendecido por Dios con la bendici\u00f3n de Abraham: es padre de una gran familia y ahora est\u00e1 regresando a la tierra. Al final del cap\u00edtulo 32, est\u00e1 a punto de volver a entrar a la tierra <\/span>\u2014y entonces en su \u00faltima noche fuera de la tierra\u2014, <span lang=\"ES\">tiene esta asombrosa <\/span>\u00ab<span lang=\"ES\">lucha<\/span>\u00bb<span lang=\"ES\"> en su encuentro con Dios (a prop\u00f3sito, tal como en su sue\u00f1o 20 a\u00f1os atr\u00e1s, este encuentro es absolutamente \u00fanico en toda la Biblia). En la ma\u00f1ana, <\/span>\u00ab<span lang=\"ES\">Jacob llam\u00f3 al lugar Peniel, diciendo:<i> \u201cEs porque vi a <b>Dios cara a cara<\/b>, y a\u00fan as\u00ed mi vida se salv\u00f3<\/i><\/span>\u00bb.<a href=\"#_ftn6\" name=\"_ftnref6\">[6]<\/a><\/p>\n<p>Estos dos encuentros con Dios \u2014cuando Jacob est\u00e1 saliendo de la tierra y cuando est\u00e1 regresando\u2014 desde una peculiar \u00abinclusi\u00f3n\u00bb literaria: todo lo que sucede con \u00e9l en el exilio, sucede entre estos dos encuentros. Sin embargo, no es simplemente una l\u00ednea recta entre estos dos encuentros: dentro de este \u00abpar\u00e9ntesis\u00bb divino, vemos un hermoso proceso que no queremos perder \u2014el progreso de la fe de Jacob, el progreso de su conocimiento de Dios, el progreso de la revelaci\u00f3n\u2014: <strong>\u00a1desde el <em>lugar<\/em> de Dios hacia la <em>cara<\/em>\u00a0de Dios!<\/strong> A Jacob le llev\u00f3 20 a\u00f1os, y sin duda alguna, hab\u00eda estado cambiando a trav\u00e9s de esos a\u00f1os, sin embargo, es solo cuando vio la cara de Dios en Peniel que fue completamente transformado y se volvi\u00f3 verdaderamente humilde y arrepentido. Solo entonces fue posible reconciliarse con su enemigo\/hermano, porque solo despu\u00e9s fue capaz de ver la cara de Dios en Esa\u00fa: \u00ab<em>Veo tu cara como alguien que ve la cara de Dios<\/em>\u00bb<em>.<\/em><\/p>\n<p>&nbsp;<\/p>\n<p>&nbsp;<\/p>\n<p>&nbsp;<\/p>\n<p><a href=\"#_ftnref1\" name=\"_ftn1\">[1]<\/a> 1 Juan 4:20.<\/p>\n<p><a href=\"#_ftnref2\" name=\"_ftn2\">[2]<\/a> Mateo 5:24.<\/p>\n<p><a href=\"#_ftnref3\" name=\"_ftn3\">[3]<\/a> Nueva Versi\u00f3n Internacional.<\/p>\n<p><a href=\"#_ftnref4\" name=\"_ftn4\">[4]<\/a> G\u00e9nesis 33:4.<\/p>\n<p><a href=\"#_ftnref5\" name=\"_ftn5\">[5]<\/a> G\u00e9nesis 28:16,17.<\/p>\n<p><a href=\"#_ftnref6\" name=\"_ftn6\">[6]<\/a> G\u00e9nesis 32:31.<\/p>\n","protected":false},"excerpt":{"rendered":"<p>En la porci\u00f3n anterior de la Tor\u00e1, vimos c\u00f3mo Jacob sali\u00f3 huyendo de la ira de su hermano. Ahora lo vemos regresando a la tierra \u2014pero para poder asegurar el futuro, Jacob debe enfrentar el pasado\u2014: debe reconciliarse con Esa\u00fa. Han pasado veinte a\u00f1os, muchas cosas han cambiado y todas las circunstancias externas de la [&hellip;]<\/p>\n","protected":false},"author":45,"featured_media":44235,"comment_status":"closed","ping_status":"open","sticky":false,"template":"","format":"standard","meta":{"_acf_changed":false,"inline_featured_image":false,"footnotes":""},"categories":[565],"tags":[],"class_list":["post-45033","post","type-post","status-publish","format-standard","has-post-thumbnail","hentry","category-jewish-studies"],"acf":[],"yoast_head":"<!-- This site is optimized with the Yoast SEO plugin v26.5 - https:\/\/yoast.com\/wordpress\/plugins\/seo\/ -->\n<title>Reflexiones del Nuevo Testamento: Vayishl\u00e1j - Israel Institute of Biblical Studies<\/title>\n<meta name=\"description\" content=\"En la porci\u00f3n anterior de la Tor\u00e1, vimos c\u00f3mo Jacob sali\u00f3 huyendo de la ira de su hermano. Ahora lo vemos regresando a la tierra \u2014pero para poder asegurar\" \/>\n<meta name=\"robots\" content=\"index, follow, max-snippet:-1, max-image-preview:large, max-video-preview:-1\" \/>\n<link rel=\"canonical\" href=\"https:\/\/israelbiblicalstudies.com\/es\/blog\/category\/jewish-studies\/reflexiones-del-nuevo-testamento-vayishlaj\/\" \/>\n<meta property=\"og:locale\" content=\"es_ES\" \/>\n<meta property=\"og:type\" content=\"article\" \/>\n<meta property=\"og:title\" content=\"Reflexiones del Nuevo Testamento: Vayishl\u00e1j - Israel Institute of Biblical Studies\" \/>\n<meta property=\"og:description\" content=\"En la porci\u00f3n anterior de la Tor\u00e1, vimos c\u00f3mo Jacob sali\u00f3 huyendo de la ira de su hermano. Ahora lo vemos regresando a la tierra \u2014pero para poder asegurar\" \/>\n<meta property=\"og:url\" content=\"https:\/\/israelbiblicalstudies.com\/es\/blog\/category\/jewish-studies\/reflexiones-del-nuevo-testamento-vayishlaj\/\" \/>\n<meta property=\"og:site_name\" content=\"Israel Institute of Biblical Studies\" \/>\n<meta property=\"article:published_time\" content=\"2019-12-11T18:38:42+00:00\" \/>\n<meta property=\"article:modified_time\" content=\"2025-08-13T11:28:10+00:00\" \/>\n<meta property=\"og:image\" content=\"https:\/\/israelbiblicalstudies.com\/wp-content\/uploads\/2019\/12\/shutterstock_97127633.png\" \/>\n\t<meta property=\"og:image:width\" content=\"1024\" \/>\n\t<meta property=\"og:image:height\" content=\"535\" \/>\n\t<meta property=\"og:image:type\" content=\"image\/png\" \/>\n<meta name=\"author\" content=\"Julia Blum\" \/>\n<meta name=\"twitter:card\" content=\"summary_large_image\" \/>\n<meta name=\"twitter:label1\" content=\"Escrito por\" \/>\n\t<meta name=\"twitter:data1\" content=\"Julia Blum\" \/>\n\t<meta name=\"twitter:label2\" content=\"Tiempo de lectura\" \/>\n\t<meta name=\"twitter:data2\" content=\"6 minutos\" \/>\n<script type=\"application\/ld+json\" class=\"yoast-schema-graph\">{\"@context\":\"https:\/\/schema.org\",\"@graph\":[{\"@type\":\"Article\",\"@id\":\"https:\/\/israelbiblicalstudies.com\/es\/blog\/category\/jewish-studies\/reflexiones-del-nuevo-testamento-vayishlaj\/#article\",\"isPartOf\":{\"@id\":\"https:\/\/israelbiblicalstudies.com\/es\/blog\/category\/jewish-studies\/reflexiones-del-nuevo-testamento-vayishlaj\/\"},\"author\":{\"name\":\"Julia Blum\",\"@id\":\"https:\/\/israelbiblicalstudies.com\/es\/#\/schema\/person\/470c9356fa72a497ecb801267dff4d15\"},\"headline\":\"Reflexiones del Nuevo Testamento: Vayishl\u00e1j\",\"datePublished\":\"2019-12-11T18:38:42+00:00\",\"dateModified\":\"2025-08-13T11:28:10+00:00\",\"mainEntityOfPage\":{\"@id\":\"https:\/\/israelbiblicalstudies.com\/es\/blog\/category\/jewish-studies\/reflexiones-del-nuevo-testamento-vayishlaj\/\"},\"wordCount\":1231,\"publisher\":{\"@id\":\"https:\/\/israelbiblicalstudies.com\/es\/#organization\"},\"image\":{\"@id\":\"https:\/\/israelbiblicalstudies.com\/es\/blog\/category\/jewish-studies\/reflexiones-del-nuevo-testamento-vayishlaj\/#primaryimage\"},\"thumbnailUrl\":\"https:\/\/israelbiblicalstudies.com\/wp-content\/uploads\/2019\/12\/shutterstock_97127633.png\",\"articleSection\":[\"Estudios Jud\u00edos\"],\"inLanguage\":\"es\"},{\"@type\":\"WebPage\",\"@id\":\"https:\/\/israelbiblicalstudies.com\/es\/blog\/category\/jewish-studies\/reflexiones-del-nuevo-testamento-vayishlaj\/\",\"url\":\"https:\/\/israelbiblicalstudies.com\/es\/blog\/category\/jewish-studies\/reflexiones-del-nuevo-testamento-vayishlaj\/\",\"name\":\"Reflexiones del Nuevo Testamento: Vayishl\u00e1j - Israel Institute of Biblical Studies\",\"isPartOf\":{\"@id\":\"https:\/\/israelbiblicalstudies.com\/es\/#website\"},\"primaryImageOfPage\":{\"@id\":\"https:\/\/israelbiblicalstudies.com\/es\/blog\/category\/jewish-studies\/reflexiones-del-nuevo-testamento-vayishlaj\/#primaryimage\"},\"image\":{\"@id\":\"https:\/\/israelbiblicalstudies.com\/es\/blog\/category\/jewish-studies\/reflexiones-del-nuevo-testamento-vayishlaj\/#primaryimage\"},\"thumbnailUrl\":\"https:\/\/israelbiblicalstudies.com\/wp-content\/uploads\/2019\/12\/shutterstock_97127633.png\",\"datePublished\":\"2019-12-11T18:38:42+00:00\",\"dateModified\":\"2025-08-13T11:28:10+00:00\",\"description\":\"En la porci\u00f3n anterior de la Tor\u00e1, vimos c\u00f3mo Jacob sali\u00f3 huyendo de la ira de su hermano. Ahora lo vemos regresando a la tierra \u2014pero para poder asegurar\",\"breadcrumb\":{\"@id\":\"https:\/\/israelbiblicalstudies.com\/es\/blog\/category\/jewish-studies\/reflexiones-del-nuevo-testamento-vayishlaj\/#breadcrumb\"},\"inLanguage\":\"es\",\"potentialAction\":[{\"@type\":\"ReadAction\",\"target\":[\"https:\/\/israelbiblicalstudies.com\/es\/blog\/category\/jewish-studies\/reflexiones-del-nuevo-testamento-vayishlaj\/\"]}]},{\"@type\":\"ImageObject\",\"inLanguage\":\"es\",\"@id\":\"https:\/\/israelbiblicalstudies.com\/es\/blog\/category\/jewish-studies\/reflexiones-del-nuevo-testamento-vayishlaj\/#primaryimage\",\"url\":\"https:\/\/israelbiblicalstudies.com\/wp-content\/uploads\/2019\/12\/shutterstock_97127633.png\",\"contentUrl\":\"https:\/\/israelbiblicalstudies.com\/wp-content\/uploads\/2019\/12\/shutterstock_97127633.png\",\"width\":1024,\"height\":535},{\"@type\":\"BreadcrumbList\",\"@id\":\"https:\/\/israelbiblicalstudies.com\/es\/blog\/category\/jewish-studies\/reflexiones-del-nuevo-testamento-vayishlaj\/#breadcrumb\",\"itemListElement\":[{\"@type\":\"ListItem\",\"position\":1,\"name\":\"Home\",\"item\":\"https:\/\/israelbiblicalstudies.com\/es\/\"},{\"@type\":\"ListItem\",\"position\":2,\"name\":\"Estudios Jud\u00edos\",\"item\":\"https:\/\/israelbiblicalstudies.com\/es\/blog\/category\/jewish-studies\/\"},{\"@type\":\"ListItem\",\"position\":3,\"name\":\"Reflexiones del Nuevo Testamento: Vayishl\u00e1j\"}]},{\"@type\":\"WebSite\",\"@id\":\"https:\/\/israelbiblicalstudies.com\/es\/#website\",\"url\":\"https:\/\/israelbiblicalstudies.com\/es\/\",\"name\":\"Israel Institute of Biblical Studies\",\"description\":\"Deepen Your Understanding of the Bible\",\"publisher\":{\"@id\":\"https:\/\/israelbiblicalstudies.com\/es\/#organization\"},\"potentialAction\":[{\"@type\":\"SearchAction\",\"target\":{\"@type\":\"EntryPoint\",\"urlTemplate\":\"https:\/\/israelbiblicalstudies.com\/es\/?s={search_term_string}\"},\"query-input\":{\"@type\":\"PropertyValueSpecification\",\"valueRequired\":true,\"valueName\":\"search_term_string\"}}],\"inLanguage\":\"es\"},{\"@type\":\"Organization\",\"@id\":\"https:\/\/israelbiblicalstudies.com\/es\/#organization\",\"name\":\"Israel Biblical Studies\",\"url\":\"https:\/\/israelbiblicalstudies.com\/es\/\",\"logo\":{\"@type\":\"ImageObject\",\"inLanguage\":\"es\",\"@id\":\"https:\/\/israelbiblicalstudies.com\/es\/#\/schema\/logo\/image\/\",\"url\":\"https:\/\/israelbiblicalstudies.com\/wp-content\/uploads\/2016\/09\/logo-invert.png\",\"contentUrl\":\"https:\/\/israelbiblicalstudies.com\/wp-content\/uploads\/2016\/09\/logo-invert.png\",\"width\":152,\"height\":68,\"caption\":\"Israel Biblical Studies\"},\"image\":{\"@id\":\"https:\/\/israelbiblicalstudies.com\/es\/#\/schema\/logo\/image\/\"}},{\"@type\":\"Person\",\"@id\":\"https:\/\/israelbiblicalstudies.com\/es\/#\/schema\/person\/470c9356fa72a497ecb801267dff4d15\",\"name\":\"Julia Blum\",\"image\":{\"@type\":\"ImageObject\",\"inLanguage\":\"es\",\"@id\":\"https:\/\/israelbiblicalstudies.com\/es\/#\/schema\/person\/image\/\",\"url\":\"https:\/\/secure.gravatar.com\/avatar\/bba81953dcf8395e3b4a73607c07e2f9d3e53c113398ce1fd48361f3f137b781?s=96&d=mm&r=g\",\"contentUrl\":\"https:\/\/secure.gravatar.com\/avatar\/bba81953dcf8395e3b4a73607c07e2f9d3e53c113398ce1fd48361f3f137b781?s=96&d=mm&r=g\",\"caption\":\"Julia Blum\"},\"description\":\"Julia is a teacher and an author of several books on biblical topics. She teaches two biblical courses at the Israel Institute of Biblical Studies, \u201cDiscovering the Hebrew Bible\u201d and \u201cJewish Background of the New Testament\u201d, and writes Hebrew insights for these courses.\",\"url\":\"https:\/\/israelbiblicalstudies.com\/es\/blog\/author\/juliablum\/\"}]}<\/script>\n<!-- \/ Yoast SEO plugin. -->","yoast_head_json":{"title":"Reflexiones del Nuevo Testamento: Vayishl\u00e1j - Israel Institute of Biblical Studies","description":"En la porci\u00f3n anterior de la Tor\u00e1, vimos c\u00f3mo Jacob sali\u00f3 huyendo de la ira de su hermano. Ahora lo vemos regresando a la tierra \u2014pero para poder asegurar","robots":{"index":"index","follow":"follow","max-snippet":"max-snippet:-1","max-image-preview":"max-image-preview:large","max-video-preview":"max-video-preview:-1"},"canonical":"https:\/\/israelbiblicalstudies.com\/es\/blog\/category\/jewish-studies\/reflexiones-del-nuevo-testamento-vayishlaj\/","og_locale":"es_ES","og_type":"article","og_title":"Reflexiones del Nuevo Testamento: Vayishl\u00e1j - Israel Institute of Biblical Studies","og_description":"En la porci\u00f3n anterior de la Tor\u00e1, vimos c\u00f3mo Jacob sali\u00f3 huyendo de la ira de su hermano. Ahora lo vemos regresando a la tierra \u2014pero para poder asegurar","og_url":"https:\/\/israelbiblicalstudies.com\/es\/blog\/category\/jewish-studies\/reflexiones-del-nuevo-testamento-vayishlaj\/","og_site_name":"Israel Institute of Biblical Studies","article_published_time":"2019-12-11T18:38:42+00:00","article_modified_time":"2025-08-13T11:28:10+00:00","og_image":[{"width":1024,"height":535,"url":"https:\/\/israelbiblicalstudies.com\/wp-content\/uploads\/2019\/12\/shutterstock_97127633.png","type":"image\/png"}],"author":"Julia Blum","twitter_card":"summary_large_image","twitter_misc":{"Escrito por":"Julia Blum","Tiempo de lectura":"6 minutos"},"schema":{"@context":"https:\/\/schema.org","@graph":[{"@type":"Article","@id":"https:\/\/israelbiblicalstudies.com\/es\/blog\/category\/jewish-studies\/reflexiones-del-nuevo-testamento-vayishlaj\/#article","isPartOf":{"@id":"https:\/\/israelbiblicalstudies.com\/es\/blog\/category\/jewish-studies\/reflexiones-del-nuevo-testamento-vayishlaj\/"},"author":{"name":"Julia Blum","@id":"https:\/\/israelbiblicalstudies.com\/es\/#\/schema\/person\/470c9356fa72a497ecb801267dff4d15"},"headline":"Reflexiones del Nuevo Testamento: Vayishl\u00e1j","datePublished":"2019-12-11T18:38:42+00:00","dateModified":"2025-08-13T11:28:10+00:00","mainEntityOfPage":{"@id":"https:\/\/israelbiblicalstudies.com\/es\/blog\/category\/jewish-studies\/reflexiones-del-nuevo-testamento-vayishlaj\/"},"wordCount":1231,"publisher":{"@id":"https:\/\/israelbiblicalstudies.com\/es\/#organization"},"image":{"@id":"https:\/\/israelbiblicalstudies.com\/es\/blog\/category\/jewish-studies\/reflexiones-del-nuevo-testamento-vayishlaj\/#primaryimage"},"thumbnailUrl":"https:\/\/israelbiblicalstudies.com\/wp-content\/uploads\/2019\/12\/shutterstock_97127633.png","articleSection":["Estudios Jud\u00edos"],"inLanguage":"es"},{"@type":"WebPage","@id":"https:\/\/israelbiblicalstudies.com\/es\/blog\/category\/jewish-studies\/reflexiones-del-nuevo-testamento-vayishlaj\/","url":"https:\/\/israelbiblicalstudies.com\/es\/blog\/category\/jewish-studies\/reflexiones-del-nuevo-testamento-vayishlaj\/","name":"Reflexiones del Nuevo Testamento: Vayishl\u00e1j - Israel Institute of Biblical Studies","isPartOf":{"@id":"https:\/\/israelbiblicalstudies.com\/es\/#website"},"primaryImageOfPage":{"@id":"https:\/\/israelbiblicalstudies.com\/es\/blog\/category\/jewish-studies\/reflexiones-del-nuevo-testamento-vayishlaj\/#primaryimage"},"image":{"@id":"https:\/\/israelbiblicalstudies.com\/es\/blog\/category\/jewish-studies\/reflexiones-del-nuevo-testamento-vayishlaj\/#primaryimage"},"thumbnailUrl":"https:\/\/israelbiblicalstudies.com\/wp-content\/uploads\/2019\/12\/shutterstock_97127633.png","datePublished":"2019-12-11T18:38:42+00:00","dateModified":"2025-08-13T11:28:10+00:00","description":"En la porci\u00f3n anterior de la Tor\u00e1, vimos c\u00f3mo Jacob sali\u00f3 huyendo de la ira de su hermano. Ahora lo vemos regresando a la tierra \u2014pero para poder asegurar","breadcrumb":{"@id":"https:\/\/israelbiblicalstudies.com\/es\/blog\/category\/jewish-studies\/reflexiones-del-nuevo-testamento-vayishlaj\/#breadcrumb"},"inLanguage":"es","potentialAction":[{"@type":"ReadAction","target":["https:\/\/israelbiblicalstudies.com\/es\/blog\/category\/jewish-studies\/reflexiones-del-nuevo-testamento-vayishlaj\/"]}]},{"@type":"ImageObject","inLanguage":"es","@id":"https:\/\/israelbiblicalstudies.com\/es\/blog\/category\/jewish-studies\/reflexiones-del-nuevo-testamento-vayishlaj\/#primaryimage","url":"https:\/\/israelbiblicalstudies.com\/wp-content\/uploads\/2019\/12\/shutterstock_97127633.png","contentUrl":"https:\/\/israelbiblicalstudies.com\/wp-content\/uploads\/2019\/12\/shutterstock_97127633.png","width":1024,"height":535},{"@type":"BreadcrumbList","@id":"https:\/\/israelbiblicalstudies.com\/es\/blog\/category\/jewish-studies\/reflexiones-del-nuevo-testamento-vayishlaj\/#breadcrumb","itemListElement":[{"@type":"ListItem","position":1,"name":"Home","item":"https:\/\/israelbiblicalstudies.com\/es\/"},{"@type":"ListItem","position":2,"name":"Estudios Jud\u00edos","item":"https:\/\/israelbiblicalstudies.com\/es\/blog\/category\/jewish-studies\/"},{"@type":"ListItem","position":3,"name":"Reflexiones del Nuevo Testamento: Vayishl\u00e1j"}]},{"@type":"WebSite","@id":"https:\/\/israelbiblicalstudies.com\/es\/#website","url":"https:\/\/israelbiblicalstudies.com\/es\/","name":"Israel Institute of Biblical Studies","description":"Deepen Your Understanding of the Bible","publisher":{"@id":"https:\/\/israelbiblicalstudies.com\/es\/#organization"},"potentialAction":[{"@type":"SearchAction","target":{"@type":"EntryPoint","urlTemplate":"https:\/\/israelbiblicalstudies.com\/es\/?s={search_term_string}"},"query-input":{"@type":"PropertyValueSpecification","valueRequired":true,"valueName":"search_term_string"}}],"inLanguage":"es"},{"@type":"Organization","@id":"https:\/\/israelbiblicalstudies.com\/es\/#organization","name":"Israel Biblical Studies","url":"https:\/\/israelbiblicalstudies.com\/es\/","logo":{"@type":"ImageObject","inLanguage":"es","@id":"https:\/\/israelbiblicalstudies.com\/es\/#\/schema\/logo\/image\/","url":"https:\/\/israelbiblicalstudies.com\/wp-content\/uploads\/2016\/09\/logo-invert.png","contentUrl":"https:\/\/israelbiblicalstudies.com\/wp-content\/uploads\/2016\/09\/logo-invert.png","width":152,"height":68,"caption":"Israel Biblical Studies"},"image":{"@id":"https:\/\/israelbiblicalstudies.com\/es\/#\/schema\/logo\/image\/"}},{"@type":"Person","@id":"https:\/\/israelbiblicalstudies.com\/es\/#\/schema\/person\/470c9356fa72a497ecb801267dff4d15","name":"Julia Blum","image":{"@type":"ImageObject","inLanguage":"es","@id":"https:\/\/israelbiblicalstudies.com\/es\/#\/schema\/person\/image\/","url":"https:\/\/secure.gravatar.com\/avatar\/bba81953dcf8395e3b4a73607c07e2f9d3e53c113398ce1fd48361f3f137b781?s=96&d=mm&r=g","contentUrl":"https:\/\/secure.gravatar.com\/avatar\/bba81953dcf8395e3b4a73607c07e2f9d3e53c113398ce1fd48361f3f137b781?s=96&d=mm&r=g","caption":"Julia Blum"},"description":"Julia is a teacher and an author of several books on biblical topics. She teaches two biblical courses at the Israel Institute of Biblical Studies, \u201cDiscovering the Hebrew Bible\u201d and \u201cJewish Background of the New Testament\u201d, and writes Hebrew insights for these courses.","url":"https:\/\/israelbiblicalstudies.com\/es\/blog\/author\/juliablum\/"}]}},"_links":{"self":[{"href":"https:\/\/israelbiblicalstudies.com\/es\/wp-json\/wp\/v2\/posts\/45033","targetHints":{"allow":["GET"]}}],"collection":[{"href":"https:\/\/israelbiblicalstudies.com\/es\/wp-json\/wp\/v2\/posts"}],"about":[{"href":"https:\/\/israelbiblicalstudies.com\/es\/wp-json\/wp\/v2\/types\/post"}],"author":[{"embeddable":true,"href":"https:\/\/israelbiblicalstudies.com\/es\/wp-json\/wp\/v2\/users\/45"}],"replies":[{"embeddable":true,"href":"https:\/\/israelbiblicalstudies.com\/es\/wp-json\/wp\/v2\/comments?post=45033"}],"version-history":[{"count":0,"href":"https:\/\/israelbiblicalstudies.com\/es\/wp-json\/wp\/v2\/posts\/45033\/revisions"}],"wp:featuredmedia":[{"embeddable":true,"href":"https:\/\/israelbiblicalstudies.com\/es\/wp-json\/wp\/v2\/media\/44235"}],"wp:attachment":[{"href":"https:\/\/israelbiblicalstudies.com\/es\/wp-json\/wp\/v2\/media?parent=45033"}],"wp:term":[{"taxonomy":"category","embeddable":true,"href":"https:\/\/israelbiblicalstudies.com\/es\/wp-json\/wp\/v2\/categories?post=45033"},{"taxonomy":"post_tag","embeddable":true,"href":"https:\/\/israelbiblicalstudies.com\/es\/wp-json\/wp\/v2\/tags?post=45033"}],"curies":[{"name":"wp","href":"https:\/\/api.w.org\/{rel}","templated":true}]}}