{"id":45106,"date":"2021-10-06T22:46:42","date_gmt":"2021-10-06T19:46:42","guid":{"rendered":"https:\/\/iibsblogsstg.wpenginepowered.com\/?p=17361"},"modified":"2025-08-13T11:26:44","modified_gmt":"2025-08-13T11:26:44","slug":"perdido-en-la-traduccion-bereshit","status":"publish","type":"post","link":"https:\/\/israelbiblicalstudies.com\/es\/blog\/category\/jewish-studies\/perdido-en-la-traduccion-bereshit\/","title":{"rendered":"Perdido en la traducci\u00f3n: Beresh\u00edt"},"content":{"rendered":"<div>\n<p>En Israel acabamos de celebrar\u00a0<i>Simj\u00e1t Tor\u00e1<\/i>\u00a0(literalmente: La Alegr\u00eda de la Tor\u00e1), la alegre festividad que marca la conclusi\u00f3n del ciclo anual de la lectura p\u00fablica de la Tor\u00e1 y el comienzo de un nuevo ciclo. \u00a1S\u00ed mis queridos amigos, el a\u00f1o ha pasado volando y estamos de nuevo en\u00a0<i>Beresh\u00edt<\/i>! S\u00e9 que estuvimos leyendo el libro de Hechos antes de las vacaciones, y volveremos a \u00e9l, sin embargo, G\u00e9nesis es un libro tan asombroso y hay tantos matices maravillosos que se pierden por completo en la traducci\u00f3n, que elijo ingresar a un nuevo libro. La porci\u00f3n de la Tor\u00e1 vuelve a recorrer el ciclo, junto con todo\u00a0<i>\u00c1m Isra\u00e9l<\/i>, \u00a1el pueblo de Israel! Creo que estar\u00edas de acuerdo en que la lectura correcta de este libro de los comienzos es crucial, \u00a1porque nuestra comprensi\u00f3n del dise\u00f1o de Dios para el hombre depende de ello! Y aunque estos cap\u00edtulos no tienen\u00a0fondo\u00a0y hay muchos detalles que solo se pueden ver en el texto hebreo original, este a\u00f1o he decidido centrarme en el mensaje de la palabra\u00a0<i>ad\u00e1m<\/i>. Los errores de traducci\u00f3n que rodean esta palabra abundan en estos primeros cap\u00edtulos, mientras que precisamente es en estos cap\u00edtulos donde la verdadera comprensi\u00f3n del mensaje de Dios y el dise\u00f1o de Dios es tan crucial. Me gustar\u00eda comenzar con una visi\u00f3n incre\u00edble que\u00a0recientemente encontr\u00e9 en algunos comentarios, espero les d\u00e9 esperanza en estos tiempos extra\u00f1os y dif\u00edciles en los que vivimos.<\/p>\n<\/div>\n<div>\n<p><b>Y la tarde y la ma\u00f1ana&#8230;<\/b><\/p>\n<\/div>\n<div>\n<p>Todos estar\u00edamos familiarizados con este patr\u00f3n repetido, con esta estructura firme del primer cap\u00edtulo de G\u00e9nesis. Al final de cada d\u00eda de la creaci\u00f3n, tenemos esta oraci\u00f3n: \u00ab<i>Y fueron la tarde y la ma\u00f1ana&#8230;<\/i>\u00bb. Por supuesto, esta oraci\u00f3n aparece en cada traducci\u00f3n, pero es necesario saber hebreo para reconocer la idea profunda que representa. La palabra hebrea para \u00abtarde\u00bb es (<span dir=\"RTL\" lang=\"HE\">\u05e2\u05e8\u05d1<\/span>;\u00a0<i>\u00e9rev<\/i>) y tiene la misma ra\u00edz que encontramos en la palabra\u00a0<span dir=\"RTL\" lang=\"HE\">\u05dc\u05e2\u05e8\u05d1\u05d1<\/span>, que significa \u00abcombinar, mezclar, confundir\u00bb. Por otro lado, el hebreo para \u00abma\u00f1ana\u00bb es (<span dir=\"RTL\" lang=\"HE\">\u05d1\u05d5\u05e7\u05e8<\/span>;\u00a0<i>b\u00f3ker<\/i>), y comparte una ra\u00edz com\u00fan con varias palabras que tienen que ver con \u00abverificar, revisar e incluso controlar\u00bb. Entonces, la oraci\u00f3n \u00ab<i>Y la tarde y la ma\u00f1ana&#8230;<\/i>\u00bb no es solo separar un \u00abd\u00eda\u00bb de otro (o lo que entendamos por \u00abd\u00eda\u00bb), sino que tambi\u00e9n es una declaraci\u00f3n profunda de que cualquier cosa que parezca ca\u00f3tica y confusa ahora, eventualmente ser\u00e1 tra\u00edda por Dios a la claridad y al orden. \u00ab<i>Y fueron la tarde y la ma\u00f1ana&#8230;<\/i>\u00bb.<\/p>\n<\/div>\n<div>\n<p><b>El nombre \u00absangriento\u00bb<\/b><\/p>\n<\/div>\n<div>\n<p>La palabra\u00a0<i>ad\u00e1m<\/i>\u00a0es uno de los ejemplos m\u00e1s asombrosos de cosas que solo se pueden ver en hebreo. Hay mucho que podemos decir acerca de esta peque\u00f1a palabra hebrea de tres letras, tantas cosas profundas que no se ven en la traducci\u00f3n y, por lo tanto, la gran mayor\u00eda de lectores las pasa completamente por alto. Mi ejemplo favorito, con el que sol\u00eda comenzar mi primera lecci\u00f3n, es: \u00ab\u00bfCu\u00e1ndo es la primera vez que nos encontramos con\u00a0<i>Ad\u00e1m<\/i>\u00a0en la Biblia?\u00bb.<\/p>\n<\/div>\n<div>\n<p>Cuando leemos nuestra Biblia en espa\u00f1ol, no existe\u00a0<i>Ad\u00e1m\u00a0<\/i>en G\u00e9nesis 1 \u2014encontramos a\u00a0<i>Ad\u00e1m<\/i>\u00a0por primera vez en G\u00e9nesis 2\u2014. (La mayor\u00eda de las traducciones lo presentan en\u00a0<u>G\u00e9nesis 2:20<\/u>, aunque algunas hablan de\u00a0<i>Ad\u00e1m<\/i>\u00a0en el vers\u00edculo 19). Sin embargo, en hebreo vemos a\u00a0<i>Ad\u00e1m<\/i>\u00a0en\u00a0<u>G\u00e9nesis 1:26<\/u>, en el famoso: \u00ab<i>Hagamos un hombre<\/i>\u00bb. \u00bfPor qu\u00e9?<\/p>\n<\/div>\n<div>\n<p>La explicaci\u00f3n, por supuesto, proviene del idioma hebreo. Mientras que en espa\u00f1ol,\u00a0<i>Ad\u00e1m\u00a0<\/i>siempre es un nombre personal, en hebreo tambi\u00e9n significa \u00abhumano\u00bb y se puede usar tanto en sentido colectivo como individual. En G\u00e9nesis 1,\u00a0<i>ad\u00e1m<\/i>\u00a0se usa en el sentido colectivo: no solo el\u00a0<i>Ad\u00e1m\u00a0<\/i>individual, sino toda la humanidad fue creada el sexto d\u00eda. En G\u00e9nesis 2 y 3, los usos gen\u00e9ricos y personales se mezclan. Esta interacci\u00f3n entre el\u00a0<i>Ad\u00e1m\u00a0<\/i>individual y la \u00abhumanidad\u00bb colectiva, y la ambig\u00fcedad a lo largo de la narrativa, ciertamente agrega una nueva dimensi\u00f3n y aporta profundidad adicional a los eventos cruciales de G\u00e9nesis 3, algo que se pierde por completo en las traducciones.<\/p>\n<\/div>\n<div>\n<p>Hay dos palabras diferentes que nos \u00absaltan\u00bb de este nombre. El primero es\u00a0<i>d\u00e1m<\/i>\u00a0\u2014sangre<i>\u2014<\/i>. \u00bfPor qu\u00e9? \u00bfPor qu\u00e9 la palabra\u00a0<i>d\u00e1m<\/i>\u00a0estar\u00eda dentro de\u00a0<i>Ad\u00e1m<\/i>? Sabemos que el tema de la sangre atraviesa toda la Tor\u00e1 \u2014a trav\u00e9s de los cinco libros de Mois\u00e9s\u2014 \u00a1pero comienza aqu\u00ed, dentro de la palabra\u00a0<i>Ad\u00e1m<\/i>! Claramente, este aspecto \u00absangriento\u00bb es un componente del nombre de\u00a0<i>Ad\u00e1m\u00a0<\/i>y de la identidad de\u00a0<i>Ad\u00e1m<\/i>\u00a0desde el principio, y desde el principio nos muestra que esta criatura de hecho es de carne y hueso.<\/p>\n<\/div>\n<div>\n<p>Hay otra palabra hebrea que est\u00e1 relacionada con la palabra hebrea original<i>\u00a0ad\u00e1m<\/i>:\u00a0<i>adam\u00e1<\/i>\u00a0\u2014tierra o suelo\u2014. Realmente no se puede ver la conexi\u00f3n etimol\u00f3gica entre \u00abhombre\u00bb y \u00absuelo\u00bb en la traducci\u00f3n en espa\u00f1ol, pero en hebreo, ciertamente se resalta. En hebreo, cuando dices\u00a0<i>Ad\u00e1m\u00a0<\/i>casi escuchas la palabra\u00a0<i>adam\u00e1<\/i>\u00a0en este nombre. De hecho, se corresponden y se correlacionan entre s\u00ed como lo hacen los sustantivos masculinos y femeninos en hebreo, lo que significa que su conexi\u00f3n es muy profunda e \u00edntima. Por ejemplo, en G\u00e9nesis 3, cuando Dios castiga a <em>Ad\u00e1m<\/em>, es la<i>\u00a0adam\u00e1<\/i>\u00a0la que es maldecida debido a este castigo \u2014otra prueba de este v\u00ednculo interno esencial\u2014. Est\u00e1 muy claro que este aspecto \u00abterrenal\u00bb tambi\u00e9n es un componente de la identidad de\u00a0<i>Ad\u00e1m<\/i>. De nuevo, \u00bfpor qu\u00e9?<\/p>\n<\/div>\n<div>\n<p>La explicaci\u00f3n tradicional es como esto: el hombre se llama\u00a0<i>Ad\u00e1m<\/i>\u00a0porque \u00ab<i>Jehov\u00e1 Dios form\u00f3 al hombre del polvo de la tierra<\/i>\u00bb(<i>adam\u00e1<\/i>). Sin embargo, hay muchas interpretaciones diferentes, y hoy quiero compartir contigo la que quiz\u00e1s no hayas escuchado antes. Esta interpretaci\u00f3n pertenece al gran rabino de la ciudad de Praga (siglo XVI), Judah Loew ben Bezalel (ampliamente conocido por los estudiosos del juda\u00edsmo como \u00abMaharal de Praga\u00bb). Se preguntaba por qu\u00e9 un hombre era el \u00fanico que llevaba el nombre de la tierra; despu\u00e9s de todo, \u00bfno eran los animales tambi\u00e9n creados a partir de la tierra? Esta es su respuesta. Mientras que los animales fueron creados \u00abcasi completos\u00bb, tanto el hombre (<i>Ad\u00e1m<\/i>) como la tierra o el suelo (<i>adam\u00e1<\/i>), evolucionan y se desarrollan. Ambos fueron creados en un estado b\u00e1sico y puro, y ambos requieren un trabajo arduo y prolongado para alcanzar su mayor potencial y producir frutos.<\/p>\n<\/div>\n<div>\n<p>Resumamos las cosas que vemos en el nombre del primer hombre en hebreo: Sin duda, los aspectos \u00absangrientos\u00bb y \u00abterrenales\u00bb forman los componentes originales, no solo de la identidad de\u00a0<i>Ad\u00e1m<\/i>, sino del mensaje de Dios a la humanidad: este \u00abhombre de carne y sangre\u00bb necesita desarrollarse despu\u00e9s de su llegada a este mundo, de lo contrario prevalecer\u00e1n sus componentes \u00absangrientos\u00bb y \u00abterrenales\u00bb. Vemos que esto sucede casi de inmediato, en G\u00e9nesis 3 y luego en G\u00e9nesis 4, donde ambas palabras forman uno de los vers\u00edculos m\u00e1s tr\u00e1gicos de toda la Biblia: \u00ab<i>La<\/i>\u00a0<i>voz de la\u00a0<b>sangre\u00a0<\/b>de tu hermano me clama desde la<b>\u00a0tierra<\/b><\/i><b>\u00bb<\/b>\u00a0(<span dir=\"RTL\" lang=\"HE\">\u05e7\u05d5\u05dc<\/span><span dir=\"RTL\" lang=\"HE\">\u00a0<\/span><strong><span dir=\"RTL\" lang=\"HE\">\u05d3\u05de\u05d9<\/span><\/strong><span dir=\"RTL\" lang=\"HE\">\u00a0<\/span><span dir=\"RTL\" lang=\"HE\">\u05d0\u05d7\u05d9\u05da<\/span><span dir=\"RTL\" lang=\"HE\">\u00a0<\/span><span dir=\"RTL\" lang=\"HE\">\u05e6\u05e2\u05e7\u05d9\u05dd<\/span><span dir=\"RTL\" lang=\"HE\">\u00a0<\/span><span dir=\"RTL\" lang=\"HE\">\u05d0\u05dc\u05d9<\/span><span dir=\"RTL\" lang=\"HE\">\u00a0<\/span><span dir=\"RTL\" lang=\"HE\">\u05de\u05df<\/span><span dir=\"RTL\" lang=\"HE\">\u00a0<\/span><strong><span dir=\"RTL\" lang=\"HE\">\u05d4\u05d0\u05d3\u05de\u05d4<\/span><\/strong>). Y, hablando sobre el desarrollo del hombre, tal vez este sea un buen momento para citar la respuesta que le dio un sabio jud\u00edo a un estudiante que hac\u00eda la pregunta tradicional: \u00ab<i>\u00bfA qui\u00e9n est\u00e1 hablando Dios en\u00a0<u>G\u00e9nesis 1:26<\/u>\u00a0cuando dice: \u201cnaas\u00e9 ad\u00e1m\u201d\u2014\u201cHagamos al hombre\u201d?<\/i>\u00bb.<\/p>\n<\/div>\n<div>\n<p>La respuesta fue: \u00ab<em>Dios te est\u00e1 hablando a ti, a m\u00ed y a todos. Desde el principio de Su Palabra, \u00c9l est\u00e1 diciendo a todos: \u201cSi eligen, si me permiten entrar en su coraz\u00f3n, juntos, \u2014ustedes y yo\u2014, a trav\u00e9s de esta Palabra,\u00a0naas\u00e9 ad\u00e1m,\u00a0\u00a1haremos un hombre (humano) de ustedes!\u201d<\/em>\u00bb.<\/p>\n<\/div>\n<div>\n<p><b>Una criatura asombrosa<\/b><\/p>\n<\/div>\n<div>\n<p>Abordemos otro aspecto m\u00e1s \u00abperdido en la traducci\u00f3n\u00bb: la cuesti\u00f3n de lo masculino y lo femenino. \u00bfA qui\u00e9n cre\u00f3 Dios en G\u00e9nesis 1? Todos conocen la historia de G\u00e9nesis 2: primero, Dios forma a\u00a0<i>Ad\u00e1m<\/i>\u00a0del polvo y lo coloca en el Jard\u00edn del Ed\u00e9n, y solo al final de este cap\u00edtulo se crea una mujer a partir de una de las costillas de\u00a0<i>Ad\u00e1m<\/i>. Este es el entendimiento tradicional: la creaci\u00f3n del hombre ocurre primero, mientras que la creaci\u00f3n de la mujer ocurre alg\u00fan tiempo despu\u00e9s, despu\u00e9s de haberse creado todos los animales. Sin embargo, \u00a1algunos comentaristas jud\u00edos leen esta historia de una manera muy diferente!<\/p>\n<\/div>\n<div><u>G\u00e9nesis 1:26<\/u>\u00a0se refiere primero a\u00a0<i>Ad\u00e1m<\/i>\u00a0en singular, pero luego dice que \u00ab<i>gobernar\u00e1n<\/i>\u00bb. \u00bfQui\u00e9nes son \u00abellos\u00bb? Encontramos una respuesta en el vers\u00edculo 27, donde se aclara la naturaleza de esta creaci\u00f3n: \u00ab<i>var\u00f3n y hembra los cre\u00f3<\/i>\u00bb.<a href=\"#_ftn1\" name=\"_ftnref1\"><strong>[1]<\/strong><\/a>\u00a0La verdad es que \u00ab<i>hagamos al hombre<\/i>\u00bb<strong><a href=\"#_ftn2\" name=\"_ftnref2\">[2]<\/a><\/strong> de la traducci\u00f3n al espa\u00f1ol es una traducci\u00f3n muy desafortunada de la palabra hebrea\u00a0<i>ad\u00e1m<\/i>: esta palabra simplemente significa \u00abhumano\u00bb y no necesariamente denota solo un hombre. Lo vemos muy claramente en G\u00e9nesis 5: \u00ab<i>var\u00f3n y hembra los cre\u00f3, y los bendijo y los llam\u00f3\u00a0<b>ad\u00e1m<\/b><\/i>\u00bb<em>.<\/em><a href=\"#_ftn3\" name=\"_ftnref3\"><strong>[3]<\/strong><\/a><\/div>\n<div>\n<p>Entonces, \u00bffue uno o dos? Varios pasajes rab\u00ednicos sostienen que el primer ser humano en realidad estaba compuesto por ambos sexos. Por lo tanto, el\u00a0<i>Midr\u00e1sh Beresh\u00edt Rab\u00e1\u00a0<\/i>dice: \u00ab<i>El hombre y la mujer originalmente no estaban divididos, es decir, Ad\u00e1m fue creado al principio&#8230; hermafrodita<\/i>\u00bb. En el\u00a0<i>Midr\u00e1sh Leviticus Rab\u00e1\u00a0<\/i>leemos: \u00ab<i>Cuando el Santo, Bendito Sea, cre\u00f3 al Hombre, lo cre\u00f3 como un Andr\u00f3gino<\/i>\u00bb. Seg\u00fan este concepto, Dios crea un ser humano que es tanto hombre como mujer.<\/p>\n<\/div>\n<p>En G\u00e9nesis 2, Dios est\u00e1 mirando a esta criatura de dos g\u00e9neros y por primera vez en todo su trabajo creativo dice:\u00a0<i>l\u00f3 t\u00f3v<\/i>\u00a0\u2014\u00abno es bueno\u00bb\u2014.<strong><a href=\"#_ftn4\" name=\"_ftnref4\">[4]<\/a><\/strong>\u00a0Claramente, esta no era la forma ideal de crear una pareja hombre\/mujer, por lo que Dios los dividi\u00f3 en dos personas separadas. Por eso, cuando un hombre y una mujer se casan, vuelven a ser \u00abuno\u00bb: \u00a1vuelven al dise\u00f1o original de Dios antes de que el hombre y la mujer se separaran!<\/p>\n<div>\n<p><em>Si este art\u00edculo te abre el apetito por las ideas hebreas del libro de G\u00e9nesis, es posible que te interese leer mi libro \u00abIn the Beginning\u00bb de la serie \u00abThe Bible Stories you don\u2019t know\u00bb. Para obtener este o mis otros libros, haz clic\u00a0<a href=\"https:\/\/www.amazon.com\/Julia-Blum\/e\/B00LUY0JN8?ref_=dbs_p_ebk_r00_abau_000000\"><u>aqu\u00ed<\/u><\/a>. Como siempre, me complacer\u00e1 brindar m\u00e1s informaci\u00f3n (y tambi\u00e9n un descuento de maestro para nuevos estudiantes) sobre los maravillosos cursos de eTeacher (<u><a href=\"mailto:juliab@eteachergroup.com\" target=\"_blank\" rel=\"noopener\">juliab@eteachergroup.com<\/a><\/u>)<\/em><\/p>\n<\/div>\n<p><em>\u00a0<\/em><\/p>\n<p><a href=\"#_ftnref1\" name=\"_ftn1\">[1]<\/a> G\u00e9nesis 1:27.<\/p>\n<p><a href=\"#_ftnref2\" name=\"_ftn2\">[2]<\/a> G\u00e9nesis 1:26, Aqu\u00ed\u00a0<i>ad\u00e1m<\/i>\u00a0generalmente se traduce como \u00abhombre\u00bb.<\/p>\n<p><a href=\"#_ftnref3\" name=\"_ftn3\">[3]<\/a> G\u00e9nesis 5:2, Aqu\u00ed\u00a0<i>ad\u00e1m<\/i>\u00a0generalmente se traduce como \u00abhumanidad\u00bb.<\/p>\n<p><a href=\"#_ftnref4\" name=\"_ftn4\">[4]<\/a> G\u00e9nesis 2:18.<\/p>\n","protected":false},"excerpt":{"rendered":"<p>En Israel acabamos de celebrar\u00a0Simj\u00e1t Tor\u00e1\u00a0(literalmente: La Alegr\u00eda de la Tor\u00e1), la alegre festividad que marca la conclusi\u00f3n del ciclo anual de la lectura p\u00fablica de la Tor\u00e1 y el comienzo de un nuevo ciclo. \u00a1S\u00ed mis queridos amigos, el a\u00f1o ha pasado volando y estamos de nuevo en\u00a0Beresh\u00edt! S\u00e9 que estuvimos leyendo el libro [&hellip;]<\/p>\n","protected":false},"author":45,"featured_media":44651,"comment_status":"closed","ping_status":"open","sticky":false,"template":"","format":"standard","meta":{"_acf_changed":false,"inline_featured_image":false,"footnotes":""},"categories":[565],"tags":[],"class_list":["post-45106","post","type-post","status-publish","format-standard","has-post-thumbnail","hentry","category-jewish-studies"],"acf":[],"yoast_head":"<!-- This site is optimized with the Yoast SEO plugin v26.5 - https:\/\/yoast.com\/wordpress\/plugins\/seo\/ -->\n<title>Perdido en la traducci\u00f3n: Beresh\u00edt - Israel Institute of Biblical Studies<\/title>\n<meta name=\"description\" content=\"En Israel acabamos de celebrar\u00a0Simj\u00e1t Tor\u00e1\u00a0(literalmente: La Alegr\u00eda de la Tor\u00e1), la alegre festividad que marca la conclusi\u00f3n del ciclo anual de la\" \/>\n<meta name=\"robots\" content=\"index, follow, max-snippet:-1, max-image-preview:large, max-video-preview:-1\" \/>\n<link rel=\"canonical\" href=\"https:\/\/israelbiblicalstudies.com\/es\/blog\/category\/jewish-studies\/perdido-en-la-traduccion-bereshit\/\" \/>\n<meta property=\"og:locale\" content=\"es_ES\" \/>\n<meta property=\"og:type\" content=\"article\" \/>\n<meta property=\"og:title\" content=\"Perdido en la traducci\u00f3n: Beresh\u00edt - Israel Institute of Biblical Studies\" \/>\n<meta property=\"og:description\" content=\"En Israel acabamos de celebrar\u00a0Simj\u00e1t Tor\u00e1\u00a0(literalmente: La Alegr\u00eda de la Tor\u00e1), la alegre festividad que marca la conclusi\u00f3n del ciclo anual de la\" \/>\n<meta property=\"og:url\" content=\"https:\/\/israelbiblicalstudies.com\/es\/blog\/category\/jewish-studies\/perdido-en-la-traduccion-bereshit\/\" \/>\n<meta property=\"og:site_name\" content=\"Israel Institute of Biblical Studies\" \/>\n<meta property=\"article:published_time\" content=\"2021-10-06T19:46:42+00:00\" \/>\n<meta property=\"article:modified_time\" content=\"2025-08-13T11:26:44+00:00\" \/>\n<meta property=\"og:image\" content=\"https:\/\/israelbiblicalstudies.com\/wp-content\/uploads\/2021\/10\/shutterstock_399458935-1.jpg\" \/>\n\t<meta property=\"og:image:width\" content=\"1000\" \/>\n\t<meta property=\"og:image:height\" content=\"1000\" \/>\n\t<meta property=\"og:image:type\" content=\"image\/jpeg\" \/>\n<meta name=\"author\" content=\"Julia Blum\" \/>\n<meta name=\"twitter:card\" content=\"summary_large_image\" \/>\n<meta name=\"twitter:label1\" content=\"Escrito por\" \/>\n\t<meta name=\"twitter:data1\" content=\"Julia Blum\" \/>\n\t<meta name=\"twitter:label2\" content=\"Tiempo de lectura\" \/>\n\t<meta name=\"twitter:data2\" content=\"8 minutos\" \/>\n<script type=\"application\/ld+json\" class=\"yoast-schema-graph\">{\"@context\":\"https:\/\/schema.org\",\"@graph\":[{\"@type\":\"Article\",\"@id\":\"https:\/\/israelbiblicalstudies.com\/es\/blog\/category\/jewish-studies\/perdido-en-la-traduccion-bereshit\/#article\",\"isPartOf\":{\"@id\":\"https:\/\/israelbiblicalstudies.com\/es\/blog\/category\/jewish-studies\/perdido-en-la-traduccion-bereshit\/\"},\"author\":{\"name\":\"Julia Blum\",\"@id\":\"https:\/\/israelbiblicalstudies.com\/es\/#\/schema\/person\/470c9356fa72a497ecb801267dff4d15\"},\"headline\":\"Perdido en la traducci\u00f3n: Beresh\u00edt\",\"datePublished\":\"2021-10-06T19:46:42+00:00\",\"dateModified\":\"2025-08-13T11:26:44+00:00\",\"mainEntityOfPage\":{\"@id\":\"https:\/\/israelbiblicalstudies.com\/es\/blog\/category\/jewish-studies\/perdido-en-la-traduccion-bereshit\/\"},\"wordCount\":1860,\"publisher\":{\"@id\":\"https:\/\/israelbiblicalstudies.com\/es\/#organization\"},\"image\":{\"@id\":\"https:\/\/israelbiblicalstudies.com\/es\/blog\/category\/jewish-studies\/perdido-en-la-traduccion-bereshit\/#primaryimage\"},\"thumbnailUrl\":\"https:\/\/israelbiblicalstudies.com\/wp-content\/uploads\/2021\/10\/shutterstock_399458935-1.jpg\",\"articleSection\":[\"Estudios Jud\u00edos\"],\"inLanguage\":\"es\"},{\"@type\":\"WebPage\",\"@id\":\"https:\/\/israelbiblicalstudies.com\/es\/blog\/category\/jewish-studies\/perdido-en-la-traduccion-bereshit\/\",\"url\":\"https:\/\/israelbiblicalstudies.com\/es\/blog\/category\/jewish-studies\/perdido-en-la-traduccion-bereshit\/\",\"name\":\"Perdido en la traducci\u00f3n: Beresh\u00edt - Israel Institute of Biblical Studies\",\"isPartOf\":{\"@id\":\"https:\/\/israelbiblicalstudies.com\/es\/#website\"},\"primaryImageOfPage\":{\"@id\":\"https:\/\/israelbiblicalstudies.com\/es\/blog\/category\/jewish-studies\/perdido-en-la-traduccion-bereshit\/#primaryimage\"},\"image\":{\"@id\":\"https:\/\/israelbiblicalstudies.com\/es\/blog\/category\/jewish-studies\/perdido-en-la-traduccion-bereshit\/#primaryimage\"},\"thumbnailUrl\":\"https:\/\/israelbiblicalstudies.com\/wp-content\/uploads\/2021\/10\/shutterstock_399458935-1.jpg\",\"datePublished\":\"2021-10-06T19:46:42+00:00\",\"dateModified\":\"2025-08-13T11:26:44+00:00\",\"description\":\"En Israel acabamos de celebrar\u00a0Simj\u00e1t Tor\u00e1\u00a0(literalmente: La Alegr\u00eda de la Tor\u00e1), la alegre festividad que marca la conclusi\u00f3n del ciclo anual de la\",\"breadcrumb\":{\"@id\":\"https:\/\/israelbiblicalstudies.com\/es\/blog\/category\/jewish-studies\/perdido-en-la-traduccion-bereshit\/#breadcrumb\"},\"inLanguage\":\"es\",\"potentialAction\":[{\"@type\":\"ReadAction\",\"target\":[\"https:\/\/israelbiblicalstudies.com\/es\/blog\/category\/jewish-studies\/perdido-en-la-traduccion-bereshit\/\"]}]},{\"@type\":\"ImageObject\",\"inLanguage\":\"es\",\"@id\":\"https:\/\/israelbiblicalstudies.com\/es\/blog\/category\/jewish-studies\/perdido-en-la-traduccion-bereshit\/#primaryimage\",\"url\":\"https:\/\/israelbiblicalstudies.com\/wp-content\/uploads\/2021\/10\/shutterstock_399458935-1.jpg\",\"contentUrl\":\"https:\/\/israelbiblicalstudies.com\/wp-content\/uploads\/2021\/10\/shutterstock_399458935-1.jpg\",\"width\":1000,\"height\":1000},{\"@type\":\"BreadcrumbList\",\"@id\":\"https:\/\/israelbiblicalstudies.com\/es\/blog\/category\/jewish-studies\/perdido-en-la-traduccion-bereshit\/#breadcrumb\",\"itemListElement\":[{\"@type\":\"ListItem\",\"position\":1,\"name\":\"Home\",\"item\":\"https:\/\/israelbiblicalstudies.com\/es\/\"},{\"@type\":\"ListItem\",\"position\":2,\"name\":\"Estudios Jud\u00edos\",\"item\":\"https:\/\/israelbiblicalstudies.com\/es\/blog\/category\/jewish-studies\/\"},{\"@type\":\"ListItem\",\"position\":3,\"name\":\"Perdido en la traducci\u00f3n: Beresh\u00edt\"}]},{\"@type\":\"WebSite\",\"@id\":\"https:\/\/israelbiblicalstudies.com\/es\/#website\",\"url\":\"https:\/\/israelbiblicalstudies.com\/es\/\",\"name\":\"Israel Institute of Biblical Studies\",\"description\":\"Deepen Your Understanding of the Bible\",\"publisher\":{\"@id\":\"https:\/\/israelbiblicalstudies.com\/es\/#organization\"},\"potentialAction\":[{\"@type\":\"SearchAction\",\"target\":{\"@type\":\"EntryPoint\",\"urlTemplate\":\"https:\/\/israelbiblicalstudies.com\/es\/?s={search_term_string}\"},\"query-input\":{\"@type\":\"PropertyValueSpecification\",\"valueRequired\":true,\"valueName\":\"search_term_string\"}}],\"inLanguage\":\"es\"},{\"@type\":\"Organization\",\"@id\":\"https:\/\/israelbiblicalstudies.com\/es\/#organization\",\"name\":\"Israel Biblical Studies\",\"url\":\"https:\/\/israelbiblicalstudies.com\/es\/\",\"logo\":{\"@type\":\"ImageObject\",\"inLanguage\":\"es\",\"@id\":\"https:\/\/israelbiblicalstudies.com\/es\/#\/schema\/logo\/image\/\",\"url\":\"https:\/\/israelbiblicalstudies.com\/wp-content\/uploads\/2016\/09\/logo-invert.png\",\"contentUrl\":\"https:\/\/israelbiblicalstudies.com\/wp-content\/uploads\/2016\/09\/logo-invert.png\",\"width\":152,\"height\":68,\"caption\":\"Israel Biblical Studies\"},\"image\":{\"@id\":\"https:\/\/israelbiblicalstudies.com\/es\/#\/schema\/logo\/image\/\"}},{\"@type\":\"Person\",\"@id\":\"https:\/\/israelbiblicalstudies.com\/es\/#\/schema\/person\/470c9356fa72a497ecb801267dff4d15\",\"name\":\"Julia Blum\",\"image\":{\"@type\":\"ImageObject\",\"inLanguage\":\"es\",\"@id\":\"https:\/\/israelbiblicalstudies.com\/es\/#\/schema\/person\/image\/\",\"url\":\"https:\/\/secure.gravatar.com\/avatar\/bba81953dcf8395e3b4a73607c07e2f9d3e53c113398ce1fd48361f3f137b781?s=96&d=mm&r=g\",\"contentUrl\":\"https:\/\/secure.gravatar.com\/avatar\/bba81953dcf8395e3b4a73607c07e2f9d3e53c113398ce1fd48361f3f137b781?s=96&d=mm&r=g\",\"caption\":\"Julia Blum\"},\"description\":\"Julia is a teacher and an author of several books on biblical topics. She teaches two biblical courses at the Israel Institute of Biblical Studies, \u201cDiscovering the Hebrew Bible\u201d and \u201cJewish Background of the New Testament\u201d, and writes Hebrew insights for these courses.\",\"url\":\"https:\/\/israelbiblicalstudies.com\/es\/blog\/author\/juliablum\/\"}]}<\/script>\n<!-- \/ Yoast SEO plugin. -->","yoast_head_json":{"title":"Perdido en la traducci\u00f3n: Beresh\u00edt - Israel Institute of Biblical Studies","description":"En Israel acabamos de celebrar\u00a0Simj\u00e1t Tor\u00e1\u00a0(literalmente: La Alegr\u00eda de la Tor\u00e1), la alegre festividad que marca la conclusi\u00f3n del ciclo anual de la","robots":{"index":"index","follow":"follow","max-snippet":"max-snippet:-1","max-image-preview":"max-image-preview:large","max-video-preview":"max-video-preview:-1"},"canonical":"https:\/\/israelbiblicalstudies.com\/es\/blog\/category\/jewish-studies\/perdido-en-la-traduccion-bereshit\/","og_locale":"es_ES","og_type":"article","og_title":"Perdido en la traducci\u00f3n: Beresh\u00edt - Israel Institute of Biblical Studies","og_description":"En Israel acabamos de celebrar\u00a0Simj\u00e1t Tor\u00e1\u00a0(literalmente: La Alegr\u00eda de la Tor\u00e1), la alegre festividad que marca la conclusi\u00f3n del ciclo anual de la","og_url":"https:\/\/israelbiblicalstudies.com\/es\/blog\/category\/jewish-studies\/perdido-en-la-traduccion-bereshit\/","og_site_name":"Israel Institute of Biblical Studies","article_published_time":"2021-10-06T19:46:42+00:00","article_modified_time":"2025-08-13T11:26:44+00:00","og_image":[{"width":1000,"height":1000,"url":"https:\/\/israelbiblicalstudies.com\/wp-content\/uploads\/2021\/10\/shutterstock_399458935-1.jpg","type":"image\/jpeg"}],"author":"Julia Blum","twitter_card":"summary_large_image","twitter_misc":{"Escrito por":"Julia Blum","Tiempo de lectura":"8 minutos"},"schema":{"@context":"https:\/\/schema.org","@graph":[{"@type":"Article","@id":"https:\/\/israelbiblicalstudies.com\/es\/blog\/category\/jewish-studies\/perdido-en-la-traduccion-bereshit\/#article","isPartOf":{"@id":"https:\/\/israelbiblicalstudies.com\/es\/blog\/category\/jewish-studies\/perdido-en-la-traduccion-bereshit\/"},"author":{"name":"Julia Blum","@id":"https:\/\/israelbiblicalstudies.com\/es\/#\/schema\/person\/470c9356fa72a497ecb801267dff4d15"},"headline":"Perdido en la traducci\u00f3n: Beresh\u00edt","datePublished":"2021-10-06T19:46:42+00:00","dateModified":"2025-08-13T11:26:44+00:00","mainEntityOfPage":{"@id":"https:\/\/israelbiblicalstudies.com\/es\/blog\/category\/jewish-studies\/perdido-en-la-traduccion-bereshit\/"},"wordCount":1860,"publisher":{"@id":"https:\/\/israelbiblicalstudies.com\/es\/#organization"},"image":{"@id":"https:\/\/israelbiblicalstudies.com\/es\/blog\/category\/jewish-studies\/perdido-en-la-traduccion-bereshit\/#primaryimage"},"thumbnailUrl":"https:\/\/israelbiblicalstudies.com\/wp-content\/uploads\/2021\/10\/shutterstock_399458935-1.jpg","articleSection":["Estudios Jud\u00edos"],"inLanguage":"es"},{"@type":"WebPage","@id":"https:\/\/israelbiblicalstudies.com\/es\/blog\/category\/jewish-studies\/perdido-en-la-traduccion-bereshit\/","url":"https:\/\/israelbiblicalstudies.com\/es\/blog\/category\/jewish-studies\/perdido-en-la-traduccion-bereshit\/","name":"Perdido en la traducci\u00f3n: Beresh\u00edt - Israel Institute of Biblical Studies","isPartOf":{"@id":"https:\/\/israelbiblicalstudies.com\/es\/#website"},"primaryImageOfPage":{"@id":"https:\/\/israelbiblicalstudies.com\/es\/blog\/category\/jewish-studies\/perdido-en-la-traduccion-bereshit\/#primaryimage"},"image":{"@id":"https:\/\/israelbiblicalstudies.com\/es\/blog\/category\/jewish-studies\/perdido-en-la-traduccion-bereshit\/#primaryimage"},"thumbnailUrl":"https:\/\/israelbiblicalstudies.com\/wp-content\/uploads\/2021\/10\/shutterstock_399458935-1.jpg","datePublished":"2021-10-06T19:46:42+00:00","dateModified":"2025-08-13T11:26:44+00:00","description":"En Israel acabamos de celebrar\u00a0Simj\u00e1t Tor\u00e1\u00a0(literalmente: La Alegr\u00eda de la Tor\u00e1), la alegre festividad que marca la conclusi\u00f3n del ciclo anual de la","breadcrumb":{"@id":"https:\/\/israelbiblicalstudies.com\/es\/blog\/category\/jewish-studies\/perdido-en-la-traduccion-bereshit\/#breadcrumb"},"inLanguage":"es","potentialAction":[{"@type":"ReadAction","target":["https:\/\/israelbiblicalstudies.com\/es\/blog\/category\/jewish-studies\/perdido-en-la-traduccion-bereshit\/"]}]},{"@type":"ImageObject","inLanguage":"es","@id":"https:\/\/israelbiblicalstudies.com\/es\/blog\/category\/jewish-studies\/perdido-en-la-traduccion-bereshit\/#primaryimage","url":"https:\/\/israelbiblicalstudies.com\/wp-content\/uploads\/2021\/10\/shutterstock_399458935-1.jpg","contentUrl":"https:\/\/israelbiblicalstudies.com\/wp-content\/uploads\/2021\/10\/shutterstock_399458935-1.jpg","width":1000,"height":1000},{"@type":"BreadcrumbList","@id":"https:\/\/israelbiblicalstudies.com\/es\/blog\/category\/jewish-studies\/perdido-en-la-traduccion-bereshit\/#breadcrumb","itemListElement":[{"@type":"ListItem","position":1,"name":"Home","item":"https:\/\/israelbiblicalstudies.com\/es\/"},{"@type":"ListItem","position":2,"name":"Estudios Jud\u00edos","item":"https:\/\/israelbiblicalstudies.com\/es\/blog\/category\/jewish-studies\/"},{"@type":"ListItem","position":3,"name":"Perdido en la traducci\u00f3n: Beresh\u00edt"}]},{"@type":"WebSite","@id":"https:\/\/israelbiblicalstudies.com\/es\/#website","url":"https:\/\/israelbiblicalstudies.com\/es\/","name":"Israel Institute of Biblical Studies","description":"Deepen Your Understanding of the Bible","publisher":{"@id":"https:\/\/israelbiblicalstudies.com\/es\/#organization"},"potentialAction":[{"@type":"SearchAction","target":{"@type":"EntryPoint","urlTemplate":"https:\/\/israelbiblicalstudies.com\/es\/?s={search_term_string}"},"query-input":{"@type":"PropertyValueSpecification","valueRequired":true,"valueName":"search_term_string"}}],"inLanguage":"es"},{"@type":"Organization","@id":"https:\/\/israelbiblicalstudies.com\/es\/#organization","name":"Israel Biblical Studies","url":"https:\/\/israelbiblicalstudies.com\/es\/","logo":{"@type":"ImageObject","inLanguage":"es","@id":"https:\/\/israelbiblicalstudies.com\/es\/#\/schema\/logo\/image\/","url":"https:\/\/israelbiblicalstudies.com\/wp-content\/uploads\/2016\/09\/logo-invert.png","contentUrl":"https:\/\/israelbiblicalstudies.com\/wp-content\/uploads\/2016\/09\/logo-invert.png","width":152,"height":68,"caption":"Israel Biblical Studies"},"image":{"@id":"https:\/\/israelbiblicalstudies.com\/es\/#\/schema\/logo\/image\/"}},{"@type":"Person","@id":"https:\/\/israelbiblicalstudies.com\/es\/#\/schema\/person\/470c9356fa72a497ecb801267dff4d15","name":"Julia Blum","image":{"@type":"ImageObject","inLanguage":"es","@id":"https:\/\/israelbiblicalstudies.com\/es\/#\/schema\/person\/image\/","url":"https:\/\/secure.gravatar.com\/avatar\/bba81953dcf8395e3b4a73607c07e2f9d3e53c113398ce1fd48361f3f137b781?s=96&d=mm&r=g","contentUrl":"https:\/\/secure.gravatar.com\/avatar\/bba81953dcf8395e3b4a73607c07e2f9d3e53c113398ce1fd48361f3f137b781?s=96&d=mm&r=g","caption":"Julia Blum"},"description":"Julia is a teacher and an author of several books on biblical topics. She teaches two biblical courses at the Israel Institute of Biblical Studies, \u201cDiscovering the Hebrew Bible\u201d and \u201cJewish Background of the New Testament\u201d, and writes Hebrew insights for these courses.","url":"https:\/\/israelbiblicalstudies.com\/es\/blog\/author\/juliablum\/"}]}},"_links":{"self":[{"href":"https:\/\/israelbiblicalstudies.com\/es\/wp-json\/wp\/v2\/posts\/45106","targetHints":{"allow":["GET"]}}],"collection":[{"href":"https:\/\/israelbiblicalstudies.com\/es\/wp-json\/wp\/v2\/posts"}],"about":[{"href":"https:\/\/israelbiblicalstudies.com\/es\/wp-json\/wp\/v2\/types\/post"}],"author":[{"embeddable":true,"href":"https:\/\/israelbiblicalstudies.com\/es\/wp-json\/wp\/v2\/users\/45"}],"replies":[{"embeddable":true,"href":"https:\/\/israelbiblicalstudies.com\/es\/wp-json\/wp\/v2\/comments?post=45106"}],"version-history":[{"count":0,"href":"https:\/\/israelbiblicalstudies.com\/es\/wp-json\/wp\/v2\/posts\/45106\/revisions"}],"wp:featuredmedia":[{"embeddable":true,"href":"https:\/\/israelbiblicalstudies.com\/es\/wp-json\/wp\/v2\/media\/44651"}],"wp:attachment":[{"href":"https:\/\/israelbiblicalstudies.com\/es\/wp-json\/wp\/v2\/media?parent=45106"}],"wp:term":[{"taxonomy":"category","embeddable":true,"href":"https:\/\/israelbiblicalstudies.com\/es\/wp-json\/wp\/v2\/categories?post=45106"},{"taxonomy":"post_tag","embeddable":true,"href":"https:\/\/israelbiblicalstudies.com\/es\/wp-json\/wp\/v2\/tags?post=45106"}],"curies":[{"name":"wp","href":"https:\/\/api.w.org\/{rel}","templated":true}]}}