{"id":45121,"date":"2022-01-13T11:34:42","date_gmt":"2022-01-13T08:34:42","guid":{"rendered":"https:\/\/iibsblogsstg.wpenginepowered.com\/?p=17564"},"modified":"2025-08-13T11:26:42","modified_gmt":"2025-08-13T11:26:42","slug":"de-jerusalen-a-roma-pablo","status":"publish","type":"post","link":"https:\/\/israelbiblicalstudies.com\/es\/blog\/category\/jewish-studies\/de-jerusalen-a-roma-pablo\/","title":{"rendered":"De Jerusal\u00e9n A Roma: Pablo"},"content":{"rendered":"<div>\n<p><b>\u00bf<em>Sha\u00fal<\/em> fue miembro del Sanedr\u00edn?<\/b><\/p>\n<\/div>\n<div>\n<p>Nuestro pr\u00f3ximo encuentro es con Pablo (<i>Sha\u00fal<\/i>\u00a0-Sa\u00fal). Cuando Esteban fue apedreado por el Sanedr\u00edn, <em>Sha\u00fal<\/em> estuvo presente: \u00ab<i>Mientras tanto, los testigos pusieron sus t\u00fanicas a los pies de un joven llamado Sha\u00fal<\/i>\u00bb. Esta es la primera vez que mencionan a Pablo en el Nuevo Testamento. Todos sabemos que pronto\u00a0<i>Sha\u00fal<\/i>\u00a0experimentar\u00e1 una revelaci\u00f3n de Jes\u00fas y se convertir\u00e1 en su apasionado seguidor y Ap\u00f3stol. Mientras tanto, sin embargo, \u00e9l est\u00e1 all\u00ed, \u00bfpor qu\u00e9? \u00bfEst\u00e1 all\u00ed por su celo o por su estatus formal?<\/p>\n<\/div>\n<div>\n<p>Esto es lo que dice el\u00a0<i>Talm\u00fad\u00a0<\/i>acerca de la sentencia de lapidaci\u00f3n durante la \u00e9poca del Segundo Templo: \u00ab<i>un hombre era colocado en la puerta de la corte con una bandera de se\u00f1ales en su mano, y un hombre en caballo era colocado a la distancia pero todav\u00eda a su vista, y entonces si uno dice: \u201cTengo algo que declarar a su favor\u201d, el se\u00f1alero ondea la bandera, y el caballo corre y los detiene<\/i>\u00bb.<strong><a href=\"#_ftn1\" name=\"_ftnref1\">[1]<\/a><\/strong><\/p>\n<\/div>\n<div>\n<p>La bandera de se\u00f1alizaci\u00f3n en hebreo se llamaba\u00a0<i>sud\u00e1r<\/i>; esta palabra tambi\u00e9n podr\u00eda significar \u00abbufanda, chal\u00bb. David Stern, en su \u00abComentario jud\u00edo del Nuevo Testamento\u00bb, aporta la opini\u00f3n de que un escritor griego de Hechos (o un traductor griego de Hechos de un presunto texto original hebreo) no entendi\u00f3 el contexto jud\u00edo y, por lo tanto, escribi\u00f3 sobre poner abrigos en los pies de\u00a0<i>Sha\u00fal<\/i>, mientras que\u00a0<i>Sha\u00fal<\/i>\u00a0fue, de hecho, un miembro del Sanedr\u00edn que sostuvo el\u00a0<i>sud\u00e1r<\/i>. Si esta interpretaci\u00f3n es correcta, entonces\u00a0<u>Hechos 7:58\u00a0<\/u>puede leerse como evidencia de que\u00a0<i>Sha\u00fal<\/i>\u00a0fue miembro del Sanedr\u00edn antes de su conversi\u00f3n.<\/p>\n<\/div>\n<div>\n<p><b><i>Sha\u00fal<\/i><\/b><b>\u00a0en la calle Recta<\/b><\/p>\n<\/div>\n<div>\n<p>Luego, en Hechos 9, leemos acerca de un encuentro que cambia la vida: Jes\u00fas se revela a este fariseo. Esta revelaci\u00f3n da un vuelco a la vida de\u00a0<i>Sha\u00fal<\/i>\u00a0y le da un nuevo significado a todo lo que sab\u00eda y cre\u00eda. \u00bfAlguna vez has considerado lo que sucedi\u00f3 dentro de\u00a0<i>Sha\u00fal\u00a0<\/i>durante sus tres d\u00edas en Damasco, en la calle llamada Recta? \u00bfEn qu\u00e9 medit\u00f3 durante su inactividad forzada, mientras reevaluaba \u2014enderezaba\u2014 su vida y sus creencias?<\/p>\n<\/div>\n<div>\n<p>Tal vez incluso hoy, en la era de las c\u00e1maras digitales, algunos de ustedes a\u00fan recuerden c\u00f3mo se revelaron las fotograf\u00edas ordinarias y no digitales en el pasado (no muy lejano). La pel\u00edcula se colocaba en una soluci\u00f3n especial \u2014el revelador\u2014 y poco despu\u00e9s comenzaba a aparecer una imagen. Primero, aparec\u00edan los contornos, luego los detalles m\u00e1s finos de la imagen y, despu\u00e9s de un tiempo, aparec\u00eda la imagen completa. De hecho, este es el prop\u00f3sito del desarrollador:\u00a0<b>hacer visible la imagen latente.<\/b><\/p>\n<\/div>\n<div>\n<p>Para m\u00ed, todo este proceso siempre me ha parecido una especie de empresa misteriosa, casi m\u00edstica. Parece del todo incre\u00edble que, por un lado, la imagen ya est\u00e1 ah\u00ed \u2014ya existe en su totalidad, perfectamente impresa en la pel\u00edcula, el complejo proceso qu\u00edmico no cambia nada de esta imagen y no le agrega nada\u2014 simplemente se desarrolla, pone en exhibici\u00f3n, y\u00a0<b>revela<\/b>\u00a0lo que ya estaba all\u00ed. Sin embargo, por otro lado, aunque solo este paso nos separe de ver lo que est\u00e1 impreso en la fotograf\u00eda, sin este paso, sin revelar la pel\u00edcula, nunca descubriremos lo que est\u00e1 incrustado en ella;\u00a0<b>hasta que el revelador haga su trabajo, la imagen latente permanece invisible.<\/b><\/p>\n<\/div>\n<div>\n<p>Ahora podemos entender mejor lo que le pas\u00f3 a\u00a0<i>Sha\u00fal<\/i>. Como sabemos, \u00e9l estudi\u00f3 la Tor\u00e1 y las Escrituras toda su vida, pero hasta que estas Escrituras fueron \u00abdesarrolladas\u00bb, no vio a Jes\u00fas all\u00ed. Meditemos juntos sobre esta situaci\u00f3n: Pablo no recibi\u00f3 ning\u00fan texto nuevo, ning\u00fan rollo del Nuevo Testamento cay\u00f3 sobre \u00e9l del cielo, estas fueron las mismas Escrituras, los mismos textos\u00a0<i>del Tan\u00e1j<\/i>, que hab\u00eda le\u00eddo toda su vida. Hay una visi\u00f3n cristiana tradicional de la conversi\u00f3n de Pablo del juda\u00edsmo, que dice m\u00e1s o menos as\u00ed: \u00ab<i>Hubo una vez un jud\u00edo bueno, pero enga\u00f1ado que ley\u00f3 con celo y trat\u00f3 de cumplir la Tor\u00e1, pero mientras tanto no tuvo ninguna relaci\u00f3n con el Dios vivo. Entonces, de repente, al encontrarse con Jes\u00fas en el camino a Damasco, lo entendi\u00f3 todo, hizo una ruptura decisiva con Israel y la Tor\u00e1, se cambi\u00f3 de ropa y se convirti\u00f3 en una persona normal y un cristiano ejemplar, un precursor de la nueva religi\u00f3n (ortodoxa, cat\u00f3lica, pentecostal, dependiendo de qu\u00e9 denominaci\u00f3n est\u00e1 presentando estos puntos de vista)<\/i>\u00bb. Espero que, para la mayor\u00eda de mis lectores, sea perfectamente obvio cu\u00e1n rid\u00edculamente anacr\u00f3nica es esta imagen tradicional. No resiste ni la cr\u00edtica b\u00edblica ni la hist\u00f3rica:\u00a0<i>Sha\u00fal<\/i>\u00a0no podr\u00eda haberse vuelto cristiano en el sentido que lo entendemos hoy, si no fuera por otra raz\u00f3n que, en el momento en que conoci\u00f3 a Jes\u00fas, tal palabra ni siquiera exist\u00eda (la primera vez que aparece este t\u00e9rmino es en\u00a0<u>Hechos 11:26<\/u>).<\/p>\n<\/div>\n<p>Sin embargo, es indudable que, despu\u00e9s de su encuentro en el camino a Damasco, se produjo un cambio, no solo en el coraz\u00f3n, sino tambi\u00e9n en la cabeza de este fariseo. Una vez m\u00e1s, \u00bfqu\u00e9 estuvo pasando dentro de\u00a0<i>Sha\u00fal\u00a0<\/i>durante esos tres d\u00edas que pas\u00f3 conmocionado y cegado, en ayuno y oraci\u00f3n en Damasco en la calle Recta, antes de que le enviaran a Anan\u00edas? \u00bfEn qu\u00e9 pens\u00f3 durante su paralizaci\u00f3n impuesta, mientras repensaba \u2014enderezaba\u2014 su vida y sus convicciones, sin la capacidad de leer f\u00edsicamente, y por lo tanto hojeando mentalmente las Escrituras en las que se nutri\u00f3? Siguiendo la analog\u00eda del revelador, podemos decir que estas Escrituras comenzaron a ser \u00abdesarrolladas\u00bb, para ser vistas, entendidas y le\u00eddas bajo una luz completamente nueva. Siempre hab\u00edan sido su vida, el significado y el fundamento de su existencia, pero ahora, para su incre\u00edble desconcierto, Aquel de quien hace tres d\u00edas hab\u00eda estado completamente seguro de que no estaba all\u00ed\u00a0\u2014simplemente no pod\u00eda estar all\u00ed\u2014 comenz\u00f3 a aparecer en estas p\u00e1ginas, confirmando\u00a0\u00ab<i>otras cosas que no se oponen a las que dijeron los profetas y Mois\u00e9s<\/i>\u00bb<em>.<\/em><a href=\"#_ftn2\" name=\"_ftnref2\"><strong>[2]<\/strong><\/a><\/p>\n<div>\n<p><b>El Rabino desconocido<\/b><\/p>\n<\/div>\n<div>\n<p>La Iglesia siempre ha afirmado que\u00a0<i>Sha\u00fal<\/i>\u00a0renunci\u00f3 a su antiguo nombre y tom\u00f3 un nuevo nombre cristiano para identificarse ya no como jud\u00edo, sino como cristiano. Una vez, presenci\u00e9 una escena interesante. Un pastor cristiano asisti\u00f3 a una conferencia mesi\u00e1nica \u2014una gran reuni\u00f3n de jud\u00edos que creen en Jes\u00fas\u2014 y estaba escuchando atentamente a un predicador mesi\u00e1nico. En alg\u00fan momento, el predicador dijo: \u00ab<em>el Rabino\u00a0Sha\u00fal\u00a0escribi\u00f3<\/em>\u00bb y cit\u00f3 algunas palabras famosas del Ap\u00f3stol Pablo. En ese momento, el pastor salt\u00f3 de su asiento: \u00ab<em>\u00bfC\u00f3mo se atreve? \u00a1Estas son las palabras del Ap\u00f3stol Pablo, no de alg\u00fan\u00a0Sha\u00fal! \u00bfDe qui\u00e9n est\u00e1 hablando?<\/em>\u00bb.<\/p>\n<\/div>\n<div>\n<p>Entonces, \u00bffue Pablo o Sa\u00fal (<i>Sha\u00fal<\/i>)? El Ap\u00f3stol Pablo fue ciudadano romano y como tal debi\u00f3 tener un nombre en lat\u00edn. Sin embargo, su nombre hebreo original fue\u00a0<i>Sha\u00fal<\/i>, probablemente por el primer rey de Israel, que tambi\u00e9n fue de la tribu de Benjam\u00edn. Es muy significativo que, en el camino a Damasco, Jes\u00fas lo llamara por su nombre hebreo: \u00ab<i>Sha\u00fal, Sha\u00fal, \u00bfpor qu\u00e9 me persigues<\/i>?\u00bb. M\u00e1s tarde, cuando Anan\u00edas de Damasco vino a orar por \u00e9l, lo llam\u00f3: \u00ab<i>Hermano Sa\u00fal<\/i>\u00bb.<\/p>\n<\/div>\n<div>\n<p>En\u00a0<u>Hechos 13:9<\/u>,\u00a0<i>Sha\u00fal<\/i>\u00a0es llamado \u00abPablo\u00bb por primera vez. Lucas indica que los nombres eran intercambiables: \u00ab<i>Sha\u00fal, que tambi\u00e9n se llama Pablo<\/i>\u00bb. A partir de este momento, el Nuevo Testamento lo llama Pablo (<i>Pavlos<\/i>\u00a0en griego). Sin embargo, eso no significa que\u00a0<i>Sha\u00fal<\/i>\u00a0renunci\u00f3 a su antiguo nombre. De hecho, tambi\u00e9n encontramos pruebas abundantes de su identidad jud\u00eda despu\u00e9s de convertirse en seguidor de Jes\u00fas (sin duda hablaremos m\u00e1s sobre esto en publicaciones futuras). Simplemente era t\u00edpico que los jud\u00edos de la di\u00e1spora de esa \u00e9poca tuvieran dos nombres, uno hebreo y otro gentil (esta pr\u00e1ctica todav\u00eda existe hoy, por cierto).\u00a0<i>Sha\u00fal<\/i>\u00a0usaba su nombre hebreo con sus \u00ab<i>hermanos seg\u00fan la carne<\/i>\u00bb, y su nombre gentil cuando se dirig\u00eda a los gentiles.<\/p>\n<\/div>\n<p><a href=\"#_ftnref1\" name=\"_ftn1\">[1]<\/a> Sanedr\u00edn 42b.<\/p>\n<p><a href=\"#_ftnref2\" name=\"_ftn2\">[2]<\/a>\u00a0Hechos 26:22.<\/p>\n<p>&nbsp;<\/p>\n<div><i>Me gustar\u00eda recordarles, queridos amigos, que ofrecemos un curso maravilloso, \u00abAntecedentes Jud\u00edos del Nuevo Testamento\u00bb. Como siempre, los invitamos a\u00a0contactarme para obtener m\u00e1s informaci\u00f3n. Adem\u00e1s, si les gusta los art\u00edculos de este blog, tambi\u00e9n pueden disfrutar de mis libros, pueden conseguirlos\u00a0<\/i><a style=\"font-style: italic\" href=\"https:\/\/www.amazon.com\/s?k=julia+blum&amp;crid=2SC9DWF1NHZI&amp;sprefix=julia+blum+%2Caps%2C218&amp;ref=nb_sb_noss_2\"><u>aqu\u00ed<\/u><\/a><i>.<\/i><\/div>\n","protected":false},"excerpt":{"rendered":"<p>\u00bfSha\u00fal fue miembro del Sanedr\u00edn? Nuestro pr\u00f3ximo encuentro es con Pablo (Sha\u00fal\u00a0-Sa\u00fal). Cuando Esteban fue apedreado por el Sanedr\u00edn, Sha\u00fal estuvo presente: \u00abMientras tanto, los testigos pusieron sus t\u00fanicas a los pies de un joven llamado Sha\u00fal\u00bb. Esta es la primera vez que mencionan a Pablo en el Nuevo Testamento. Todos sabemos que pronto\u00a0Sha\u00fal\u00a0experimentar\u00e1 una [&hellip;]<\/p>\n","protected":false},"author":45,"featured_media":44675,"comment_status":"closed","ping_status":"open","sticky":false,"template":"","format":"standard","meta":{"_acf_changed":false,"inline_featured_image":false,"footnotes":""},"categories":[565],"tags":[],"class_list":["post-45121","post","type-post","status-publish","format-standard","has-post-thumbnail","hentry","category-jewish-studies"],"acf":[],"yoast_head":"<!-- This site is optimized with the Yoast SEO plugin v26.5 - https:\/\/yoast.com\/wordpress\/plugins\/seo\/ -->\n<title>De Jerusal\u00e9n A Roma: Pablo - Israel Institute of Biblical Studies<\/title>\n<meta name=\"description\" content=\"\u00bfSha\u00fal fue miembro del Sanedr\u00edn? Nuestro pr\u00f3ximo encuentro es con Pablo (Sha\u00fal\u00a0-Sa\u00fal). Cuando Esteban fue apedreado por el Sanedr\u00edn, Sha\u00fal estuvo\" \/>\n<meta name=\"robots\" content=\"index, follow, max-snippet:-1, max-image-preview:large, max-video-preview:-1\" \/>\n<link rel=\"canonical\" href=\"https:\/\/israelbiblicalstudies.com\/es\/blog\/category\/jewish-studies\/de-jerusalen-a-roma-pablo\/\" \/>\n<meta property=\"og:locale\" content=\"es_ES\" \/>\n<meta property=\"og:type\" content=\"article\" \/>\n<meta property=\"og:title\" content=\"De Jerusal\u00e9n A Roma: Pablo - Israel Institute of Biblical Studies\" \/>\n<meta property=\"og:description\" content=\"\u00bfSha\u00fal fue miembro del Sanedr\u00edn? Nuestro pr\u00f3ximo encuentro es con Pablo (Sha\u00fal\u00a0-Sa\u00fal). Cuando Esteban fue apedreado por el Sanedr\u00edn, Sha\u00fal estuvo\" \/>\n<meta property=\"og:url\" content=\"https:\/\/israelbiblicalstudies.com\/es\/blog\/category\/jewish-studies\/de-jerusalen-a-roma-pablo\/\" \/>\n<meta property=\"og:site_name\" content=\"Israel Institute of Biblical Studies\" \/>\n<meta property=\"article:published_time\" content=\"2022-01-13T08:34:42+00:00\" \/>\n<meta property=\"article:modified_time\" content=\"2025-08-13T11:26:42+00:00\" \/>\n<meta property=\"og:image\" content=\"https:\/\/israelbiblicalstudies.com\/wp-content\/uploads\/2022\/01\/shutterstock_1707105547.jpg\" \/>\n\t<meta property=\"og:image:width\" content=\"1024\" \/>\n\t<meta property=\"og:image:height\" content=\"535\" \/>\n\t<meta property=\"og:image:type\" content=\"image\/jpeg\" \/>\n<meta name=\"author\" content=\"Julia Blum\" \/>\n<meta name=\"twitter:card\" content=\"summary_large_image\" \/>\n<meta name=\"twitter:label1\" content=\"Escrito por\" \/>\n\t<meta name=\"twitter:data1\" content=\"Julia Blum\" \/>\n\t<meta name=\"twitter:label2\" content=\"Tiempo de lectura\" \/>\n\t<meta name=\"twitter:data2\" content=\"6 minutos\" \/>\n<script type=\"application\/ld+json\" class=\"yoast-schema-graph\">{\"@context\":\"https:\/\/schema.org\",\"@graph\":[{\"@type\":\"Article\",\"@id\":\"https:\/\/israelbiblicalstudies.com\/es\/blog\/category\/jewish-studies\/de-jerusalen-a-roma-pablo\/#article\",\"isPartOf\":{\"@id\":\"https:\/\/israelbiblicalstudies.com\/es\/blog\/category\/jewish-studies\/de-jerusalen-a-roma-pablo\/\"},\"author\":{\"name\":\"Julia Blum\",\"@id\":\"https:\/\/israelbiblicalstudies.com\/es\/#\/schema\/person\/470c9356fa72a497ecb801267dff4d15\"},\"headline\":\"De Jerusal\u00e9n A Roma: Pablo\",\"datePublished\":\"2022-01-13T08:34:42+00:00\",\"dateModified\":\"2025-08-13T11:26:42+00:00\",\"mainEntityOfPage\":{\"@id\":\"https:\/\/israelbiblicalstudies.com\/es\/blog\/category\/jewish-studies\/de-jerusalen-a-roma-pablo\/\"},\"wordCount\":1503,\"publisher\":{\"@id\":\"https:\/\/israelbiblicalstudies.com\/es\/#organization\"},\"image\":{\"@id\":\"https:\/\/israelbiblicalstudies.com\/es\/blog\/category\/jewish-studies\/de-jerusalen-a-roma-pablo\/#primaryimage\"},\"thumbnailUrl\":\"https:\/\/israelbiblicalstudies.com\/wp-content\/uploads\/2022\/01\/shutterstock_1707105547.jpg\",\"articleSection\":[\"Estudios Jud\u00edos\"],\"inLanguage\":\"es\"},{\"@type\":\"WebPage\",\"@id\":\"https:\/\/israelbiblicalstudies.com\/es\/blog\/category\/jewish-studies\/de-jerusalen-a-roma-pablo\/\",\"url\":\"https:\/\/israelbiblicalstudies.com\/es\/blog\/category\/jewish-studies\/de-jerusalen-a-roma-pablo\/\",\"name\":\"De Jerusal\u00e9n A Roma: Pablo - Israel Institute of Biblical Studies\",\"isPartOf\":{\"@id\":\"https:\/\/israelbiblicalstudies.com\/es\/#website\"},\"primaryImageOfPage\":{\"@id\":\"https:\/\/israelbiblicalstudies.com\/es\/blog\/category\/jewish-studies\/de-jerusalen-a-roma-pablo\/#primaryimage\"},\"image\":{\"@id\":\"https:\/\/israelbiblicalstudies.com\/es\/blog\/category\/jewish-studies\/de-jerusalen-a-roma-pablo\/#primaryimage\"},\"thumbnailUrl\":\"https:\/\/israelbiblicalstudies.com\/wp-content\/uploads\/2022\/01\/shutterstock_1707105547.jpg\",\"datePublished\":\"2022-01-13T08:34:42+00:00\",\"dateModified\":\"2025-08-13T11:26:42+00:00\",\"description\":\"\u00bfSha\u00fal fue miembro del Sanedr\u00edn? Nuestro pr\u00f3ximo encuentro es con Pablo (Sha\u00fal\u00a0-Sa\u00fal). Cuando Esteban fue apedreado por el Sanedr\u00edn, Sha\u00fal estuvo\",\"breadcrumb\":{\"@id\":\"https:\/\/israelbiblicalstudies.com\/es\/blog\/category\/jewish-studies\/de-jerusalen-a-roma-pablo\/#breadcrumb\"},\"inLanguage\":\"es\",\"potentialAction\":[{\"@type\":\"ReadAction\",\"target\":[\"https:\/\/israelbiblicalstudies.com\/es\/blog\/category\/jewish-studies\/de-jerusalen-a-roma-pablo\/\"]}]},{\"@type\":\"ImageObject\",\"inLanguage\":\"es\",\"@id\":\"https:\/\/israelbiblicalstudies.com\/es\/blog\/category\/jewish-studies\/de-jerusalen-a-roma-pablo\/#primaryimage\",\"url\":\"https:\/\/israelbiblicalstudies.com\/wp-content\/uploads\/2022\/01\/shutterstock_1707105547.jpg\",\"contentUrl\":\"https:\/\/israelbiblicalstudies.com\/wp-content\/uploads\/2022\/01\/shutterstock_1707105547.jpg\",\"width\":1024,\"height\":535},{\"@type\":\"BreadcrumbList\",\"@id\":\"https:\/\/israelbiblicalstudies.com\/es\/blog\/category\/jewish-studies\/de-jerusalen-a-roma-pablo\/#breadcrumb\",\"itemListElement\":[{\"@type\":\"ListItem\",\"position\":1,\"name\":\"Home\",\"item\":\"https:\/\/israelbiblicalstudies.com\/es\/\"},{\"@type\":\"ListItem\",\"position\":2,\"name\":\"Estudios Jud\u00edos\",\"item\":\"https:\/\/israelbiblicalstudies.com\/es\/blog\/category\/jewish-studies\/\"},{\"@type\":\"ListItem\",\"position\":3,\"name\":\"De Jerusal\u00e9n A Roma: Pablo\"}]},{\"@type\":\"WebSite\",\"@id\":\"https:\/\/israelbiblicalstudies.com\/es\/#website\",\"url\":\"https:\/\/israelbiblicalstudies.com\/es\/\",\"name\":\"Israel Institute of Biblical Studies\",\"description\":\"Deepen Your Understanding of the Bible\",\"publisher\":{\"@id\":\"https:\/\/israelbiblicalstudies.com\/es\/#organization\"},\"potentialAction\":[{\"@type\":\"SearchAction\",\"target\":{\"@type\":\"EntryPoint\",\"urlTemplate\":\"https:\/\/israelbiblicalstudies.com\/es\/?s={search_term_string}\"},\"query-input\":{\"@type\":\"PropertyValueSpecification\",\"valueRequired\":true,\"valueName\":\"search_term_string\"}}],\"inLanguage\":\"es\"},{\"@type\":\"Organization\",\"@id\":\"https:\/\/israelbiblicalstudies.com\/es\/#organization\",\"name\":\"Israel Biblical Studies\",\"url\":\"https:\/\/israelbiblicalstudies.com\/es\/\",\"logo\":{\"@type\":\"ImageObject\",\"inLanguage\":\"es\",\"@id\":\"https:\/\/israelbiblicalstudies.com\/es\/#\/schema\/logo\/image\/\",\"url\":\"https:\/\/israelbiblicalstudies.com\/wp-content\/uploads\/2016\/09\/logo-invert.png\",\"contentUrl\":\"https:\/\/israelbiblicalstudies.com\/wp-content\/uploads\/2016\/09\/logo-invert.png\",\"width\":152,\"height\":68,\"caption\":\"Israel Biblical Studies\"},\"image\":{\"@id\":\"https:\/\/israelbiblicalstudies.com\/es\/#\/schema\/logo\/image\/\"}},{\"@type\":\"Person\",\"@id\":\"https:\/\/israelbiblicalstudies.com\/es\/#\/schema\/person\/470c9356fa72a497ecb801267dff4d15\",\"name\":\"Julia Blum\",\"image\":{\"@type\":\"ImageObject\",\"inLanguage\":\"es\",\"@id\":\"https:\/\/israelbiblicalstudies.com\/es\/#\/schema\/person\/image\/\",\"url\":\"https:\/\/secure.gravatar.com\/avatar\/bba81953dcf8395e3b4a73607c07e2f9d3e53c113398ce1fd48361f3f137b781?s=96&d=mm&r=g\",\"contentUrl\":\"https:\/\/secure.gravatar.com\/avatar\/bba81953dcf8395e3b4a73607c07e2f9d3e53c113398ce1fd48361f3f137b781?s=96&d=mm&r=g\",\"caption\":\"Julia Blum\"},\"description\":\"Julia is a teacher and an author of several books on biblical topics. She teaches two biblical courses at the Israel Institute of Biblical Studies, \u201cDiscovering the Hebrew Bible\u201d and \u201cJewish Background of the New Testament\u201d, and writes Hebrew insights for these courses.\",\"url\":\"https:\/\/israelbiblicalstudies.com\/es\/blog\/author\/juliablum\/\"}]}<\/script>\n<!-- \/ Yoast SEO plugin. -->","yoast_head_json":{"title":"De Jerusal\u00e9n A Roma: Pablo - Israel Institute of Biblical Studies","description":"\u00bfSha\u00fal fue miembro del Sanedr\u00edn? Nuestro pr\u00f3ximo encuentro es con Pablo (Sha\u00fal\u00a0-Sa\u00fal). Cuando Esteban fue apedreado por el Sanedr\u00edn, Sha\u00fal estuvo","robots":{"index":"index","follow":"follow","max-snippet":"max-snippet:-1","max-image-preview":"max-image-preview:large","max-video-preview":"max-video-preview:-1"},"canonical":"https:\/\/israelbiblicalstudies.com\/es\/blog\/category\/jewish-studies\/de-jerusalen-a-roma-pablo\/","og_locale":"es_ES","og_type":"article","og_title":"De Jerusal\u00e9n A Roma: Pablo - Israel Institute of Biblical Studies","og_description":"\u00bfSha\u00fal fue miembro del Sanedr\u00edn? Nuestro pr\u00f3ximo encuentro es con Pablo (Sha\u00fal\u00a0-Sa\u00fal). Cuando Esteban fue apedreado por el Sanedr\u00edn, Sha\u00fal estuvo","og_url":"https:\/\/israelbiblicalstudies.com\/es\/blog\/category\/jewish-studies\/de-jerusalen-a-roma-pablo\/","og_site_name":"Israel Institute of Biblical Studies","article_published_time":"2022-01-13T08:34:42+00:00","article_modified_time":"2025-08-13T11:26:42+00:00","og_image":[{"width":1024,"height":535,"url":"https:\/\/israelbiblicalstudies.com\/wp-content\/uploads\/2022\/01\/shutterstock_1707105547.jpg","type":"image\/jpeg"}],"author":"Julia Blum","twitter_card":"summary_large_image","twitter_misc":{"Escrito por":"Julia Blum","Tiempo de lectura":"6 minutos"},"schema":{"@context":"https:\/\/schema.org","@graph":[{"@type":"Article","@id":"https:\/\/israelbiblicalstudies.com\/es\/blog\/category\/jewish-studies\/de-jerusalen-a-roma-pablo\/#article","isPartOf":{"@id":"https:\/\/israelbiblicalstudies.com\/es\/blog\/category\/jewish-studies\/de-jerusalen-a-roma-pablo\/"},"author":{"name":"Julia Blum","@id":"https:\/\/israelbiblicalstudies.com\/es\/#\/schema\/person\/470c9356fa72a497ecb801267dff4d15"},"headline":"De Jerusal\u00e9n A Roma: Pablo","datePublished":"2022-01-13T08:34:42+00:00","dateModified":"2025-08-13T11:26:42+00:00","mainEntityOfPage":{"@id":"https:\/\/israelbiblicalstudies.com\/es\/blog\/category\/jewish-studies\/de-jerusalen-a-roma-pablo\/"},"wordCount":1503,"publisher":{"@id":"https:\/\/israelbiblicalstudies.com\/es\/#organization"},"image":{"@id":"https:\/\/israelbiblicalstudies.com\/es\/blog\/category\/jewish-studies\/de-jerusalen-a-roma-pablo\/#primaryimage"},"thumbnailUrl":"https:\/\/israelbiblicalstudies.com\/wp-content\/uploads\/2022\/01\/shutterstock_1707105547.jpg","articleSection":["Estudios Jud\u00edos"],"inLanguage":"es"},{"@type":"WebPage","@id":"https:\/\/israelbiblicalstudies.com\/es\/blog\/category\/jewish-studies\/de-jerusalen-a-roma-pablo\/","url":"https:\/\/israelbiblicalstudies.com\/es\/blog\/category\/jewish-studies\/de-jerusalen-a-roma-pablo\/","name":"De Jerusal\u00e9n A Roma: Pablo - Israel Institute of Biblical Studies","isPartOf":{"@id":"https:\/\/israelbiblicalstudies.com\/es\/#website"},"primaryImageOfPage":{"@id":"https:\/\/israelbiblicalstudies.com\/es\/blog\/category\/jewish-studies\/de-jerusalen-a-roma-pablo\/#primaryimage"},"image":{"@id":"https:\/\/israelbiblicalstudies.com\/es\/blog\/category\/jewish-studies\/de-jerusalen-a-roma-pablo\/#primaryimage"},"thumbnailUrl":"https:\/\/israelbiblicalstudies.com\/wp-content\/uploads\/2022\/01\/shutterstock_1707105547.jpg","datePublished":"2022-01-13T08:34:42+00:00","dateModified":"2025-08-13T11:26:42+00:00","description":"\u00bfSha\u00fal fue miembro del Sanedr\u00edn? Nuestro pr\u00f3ximo encuentro es con Pablo (Sha\u00fal\u00a0-Sa\u00fal). Cuando Esteban fue apedreado por el Sanedr\u00edn, Sha\u00fal estuvo","breadcrumb":{"@id":"https:\/\/israelbiblicalstudies.com\/es\/blog\/category\/jewish-studies\/de-jerusalen-a-roma-pablo\/#breadcrumb"},"inLanguage":"es","potentialAction":[{"@type":"ReadAction","target":["https:\/\/israelbiblicalstudies.com\/es\/blog\/category\/jewish-studies\/de-jerusalen-a-roma-pablo\/"]}]},{"@type":"ImageObject","inLanguage":"es","@id":"https:\/\/israelbiblicalstudies.com\/es\/blog\/category\/jewish-studies\/de-jerusalen-a-roma-pablo\/#primaryimage","url":"https:\/\/israelbiblicalstudies.com\/wp-content\/uploads\/2022\/01\/shutterstock_1707105547.jpg","contentUrl":"https:\/\/israelbiblicalstudies.com\/wp-content\/uploads\/2022\/01\/shutterstock_1707105547.jpg","width":1024,"height":535},{"@type":"BreadcrumbList","@id":"https:\/\/israelbiblicalstudies.com\/es\/blog\/category\/jewish-studies\/de-jerusalen-a-roma-pablo\/#breadcrumb","itemListElement":[{"@type":"ListItem","position":1,"name":"Home","item":"https:\/\/israelbiblicalstudies.com\/es\/"},{"@type":"ListItem","position":2,"name":"Estudios Jud\u00edos","item":"https:\/\/israelbiblicalstudies.com\/es\/blog\/category\/jewish-studies\/"},{"@type":"ListItem","position":3,"name":"De Jerusal\u00e9n A Roma: Pablo"}]},{"@type":"WebSite","@id":"https:\/\/israelbiblicalstudies.com\/es\/#website","url":"https:\/\/israelbiblicalstudies.com\/es\/","name":"Israel Institute of Biblical Studies","description":"Deepen Your Understanding of the Bible","publisher":{"@id":"https:\/\/israelbiblicalstudies.com\/es\/#organization"},"potentialAction":[{"@type":"SearchAction","target":{"@type":"EntryPoint","urlTemplate":"https:\/\/israelbiblicalstudies.com\/es\/?s={search_term_string}"},"query-input":{"@type":"PropertyValueSpecification","valueRequired":true,"valueName":"search_term_string"}}],"inLanguage":"es"},{"@type":"Organization","@id":"https:\/\/israelbiblicalstudies.com\/es\/#organization","name":"Israel Biblical Studies","url":"https:\/\/israelbiblicalstudies.com\/es\/","logo":{"@type":"ImageObject","inLanguage":"es","@id":"https:\/\/israelbiblicalstudies.com\/es\/#\/schema\/logo\/image\/","url":"https:\/\/israelbiblicalstudies.com\/wp-content\/uploads\/2016\/09\/logo-invert.png","contentUrl":"https:\/\/israelbiblicalstudies.com\/wp-content\/uploads\/2016\/09\/logo-invert.png","width":152,"height":68,"caption":"Israel Biblical Studies"},"image":{"@id":"https:\/\/israelbiblicalstudies.com\/es\/#\/schema\/logo\/image\/"}},{"@type":"Person","@id":"https:\/\/israelbiblicalstudies.com\/es\/#\/schema\/person\/470c9356fa72a497ecb801267dff4d15","name":"Julia Blum","image":{"@type":"ImageObject","inLanguage":"es","@id":"https:\/\/israelbiblicalstudies.com\/es\/#\/schema\/person\/image\/","url":"https:\/\/secure.gravatar.com\/avatar\/bba81953dcf8395e3b4a73607c07e2f9d3e53c113398ce1fd48361f3f137b781?s=96&d=mm&r=g","contentUrl":"https:\/\/secure.gravatar.com\/avatar\/bba81953dcf8395e3b4a73607c07e2f9d3e53c113398ce1fd48361f3f137b781?s=96&d=mm&r=g","caption":"Julia Blum"},"description":"Julia is a teacher and an author of several books on biblical topics. She teaches two biblical courses at the Israel Institute of Biblical Studies, \u201cDiscovering the Hebrew Bible\u201d and \u201cJewish Background of the New Testament\u201d, and writes Hebrew insights for these courses.","url":"https:\/\/israelbiblicalstudies.com\/es\/blog\/author\/juliablum\/"}]}},"_links":{"self":[{"href":"https:\/\/israelbiblicalstudies.com\/es\/wp-json\/wp\/v2\/posts\/45121","targetHints":{"allow":["GET"]}}],"collection":[{"href":"https:\/\/israelbiblicalstudies.com\/es\/wp-json\/wp\/v2\/posts"}],"about":[{"href":"https:\/\/israelbiblicalstudies.com\/es\/wp-json\/wp\/v2\/types\/post"}],"author":[{"embeddable":true,"href":"https:\/\/israelbiblicalstudies.com\/es\/wp-json\/wp\/v2\/users\/45"}],"replies":[{"embeddable":true,"href":"https:\/\/israelbiblicalstudies.com\/es\/wp-json\/wp\/v2\/comments?post=45121"}],"version-history":[{"count":0,"href":"https:\/\/israelbiblicalstudies.com\/es\/wp-json\/wp\/v2\/posts\/45121\/revisions"}],"wp:featuredmedia":[{"embeddable":true,"href":"https:\/\/israelbiblicalstudies.com\/es\/wp-json\/wp\/v2\/media\/44675"}],"wp:attachment":[{"href":"https:\/\/israelbiblicalstudies.com\/es\/wp-json\/wp\/v2\/media?parent=45121"}],"wp:term":[{"taxonomy":"category","embeddable":true,"href":"https:\/\/israelbiblicalstudies.com\/es\/wp-json\/wp\/v2\/categories?post=45121"},{"taxonomy":"post_tag","embeddable":true,"href":"https:\/\/israelbiblicalstudies.com\/es\/wp-json\/wp\/v2\/tags?post=45121"}],"curies":[{"name":"wp","href":"https:\/\/api.w.org\/{rel}","templated":true}]}}