{"id":45138,"date":"2022-05-12T10:55:58","date_gmt":"2022-05-12T07:55:58","guid":{"rendered":"https:\/\/iibsblogsstg.wpenginepowered.com\/?p=17792"},"modified":"2025-08-13T11:26:40","modified_gmt":"2025-08-13T11:26:40","slug":"isaac-e-ismael-la-alegoria-1","status":"publish","type":"post","link":"https:\/\/israelbiblicalstudies.com\/es\/blog\/category\/jewish-studies\/isaac-e-ismael-la-alegoria-1\/","title":{"rendered":"ISAAC E ISMAEL: LA ALEGOR\u00cdA (1)"},"content":{"rendered":"<p>Mis queridos lectores, la Pascua ha terminado y pens\u00e9 que volver\u00edamos a nuestra serie de Hechos despu\u00e9s del festival. Sin embargo, dado que <em>Shavu\u00f3t<\/em> llegar\u00e1 en unas pocas semanas, y tampoco puedo perderme esta fiesta b\u00edblica, decid\u00ed que volver\u00edamos a Hechos despu\u00e9s de <em>Shavu\u00f3t<\/em>. Mientras tanto, continuaremos con el tema que inici\u00e9 en mi \u00faltimo art\u00edculo: \u201cIsaac e Ismael\u201d. Como algunos de ustedes sabr\u00e1n, este tema es muy especial para m\u00ed, y me gustar\u00eda mostrar que, no solo se pasa por alto el tema en s\u00ed mismo, sino que todo lo relacionado con esto se ha malinterpretado en gran medida. Mi misi\u00f3n principal aqu\u00ed sigue siendo la misma: \u00a1juntos releeremos y reinterpretaremos algunas partes de la Escritura!<\/p>\n<div><strong><span lang=\"ES-VE\">La alegor\u00eda de Pablo<\/span><\/strong><\/div>\n<div>\n<p><span lang=\"ES-PR\"><span lang=\"ES-PR\">\u00bfEl Nuevo Testamento dice algo acerca de Isaac e Ismael? El \u00fanico lugar en el Nuevo Testamento donde se refiere a los hijos de Abraham es en l<\/span><\/span><span lang=\"ES-VE\">a interpretaci\u00f3n aleg\u00f3rica de la historia de los dos hijos de Abraham Isaac e Ismael que se encuentra en el cap\u00edtulo cuarto de la Ep\u00edstola de Pablo a G\u00e1latas. Esta conocida alegor\u00eda es el \u00fanico lugar en el Nuevo Testamento que se refiere a nuestra historia. Sin duda, es una secci\u00f3n muy dif\u00edcil, y algunos comentaristas del Nuevo Testamento realmente afirman que \u00ab<em>en todo el Nuevo Testamento, quiz\u00e1s no hay un pasaje m\u00e1s dif\u00edcil de interpretar<\/em>\u00bb<\/span>.<a href=\"#_ftn1\" name=\"_ftnref1\"><sup><strong>[1]<\/strong><\/sup><\/a> <span lang=\"ES-PR\">Pero antes de comenzar a tratar con los comentarios, leamos el pasaje de la Escritura misma.<\/span><\/p>\n<\/div>\n<p>\u00ab<em>Decidme, los que quer\u00e9is estar bajo la ley: \u00bfno hab\u00e9is o\u00eddo la ley? Porque est\u00e1 escrito que Abraham tuvo dos hijos; uno de la esclava,\u00a0el otro de la libre. Pero el de la esclava naci\u00f3 seg\u00fan la carne; mas el de la libre, por la promesa.\u00a0Lo cual es una alegor\u00eda, pues estas mujeres son los dos pactos; el uno proviene del monte Sina\u00ed, el cual da hijos para esclavitud; este es Agar.\u00a0Porque Agar es el monte Sina\u00ed en Arabia, y corresponde a la Jerusal\u00e9n actual, pues esta, junto con sus hijos, est\u00e1 en esclavitud.\u00a0Mas la Jerusal\u00e9n de arriba, la cual es madre de todos nosotros, es libre.\u00a0Porque est\u00e1 escrito:<\/em><\/p>\n<p><em>\u201c<\/em><em>Regoc\u00edjate, oh est\u00e9ril,<br \/>\nt\u00fa que no das a luz;<br \/>\nProrrumpe en j\u00fabilo y clama, t\u00fa que no tienes dolores de parto;<br \/>\nPorque m\u00e1s son los hijos de la desolada,<br \/>\nque de la que tiene marido<\/em><em>\u201d.<\/em><\/p>\n<div><i><span lang=\"ES-VE\">As\u00ed que, hermanos, nosotros, como Isaac, somos hijos de la promesa.\u00a0Pero como entonces el que hab\u00eda nacido seg\u00fan la carne persegu\u00eda al que hab\u00eda nacido seg\u00fan el Esp\u00edritu,\u00a0as\u00ed tambi\u00e9n ahora.\u00a0M\u00e1s \u00bfqu\u00e9 dice la Escritura? Echa fuera a la esclava y a su hijo, porque no heredar\u00e1 el hijo de la esclava con el hijo de la libre. De manera, hermanos, que no somos hijos de la esclava, sino de la libre<\/span><\/i><span lang=\"ES-VE\">\u00bb<\/span><i><span lang=\"ES-VE\">.<\/span><\/i><a href=\"#_ftn2\" name=\"_ftnref2\"><sup><strong>[2]<\/strong><\/sup><\/a><\/div>\n<div><\/div>\n<div><span lang=\"ES-VE\"><span lang=\"ES-VE\">Incluso una lectura superficial de esta Escritura deja claro que la interpretaci\u00f3n aleg\u00f3rica de Pablo es extremadamente compleja. El texto parece vincular las leyes de la Tor\u00e1 dada en el Monte Sina\u00ed, <i>que es <\/i>\u00ab<i>ahora Jerusal\u00e9n<\/i>\u00bb, con la esclavitud, lo que implica que estaba representada por la condici\u00f3n de Agar como esclava, mientras que la Jerusal\u00e9n celestial\u00a0<\/span><\/span><span lang=\"ES-VE\"><span lang=\"ES-VE\">\u00ablibre\u00bb est\u00e1 representada por la Sara libre y su hijo<\/span><\/span><span lang=\"ES-VE\">. Se puede imaginar el completo choque que esta interpretaci\u00f3n ha sido para todos los creyentes jud\u00edos en Yesh\u00faa (Jes\u00fas); y para todos los que han sido criados en la Tor\u00e1 que han conocido desde la infancia las historias del G\u00e9nesis. \u00bfC\u00f3mo pudo Pablo hacer las ecuaciones \u00abAgar = Monte Sina\u00ed\u00bb\u00a0y \u00abSina\u00ed = la actual Jerusal\u00e9n\u00bb\u00a0frente a la convicci\u00f3n de los jud\u00edos fundamentalistas de que la Ley Mosaica fue dada a los descendientes de Isaac en el Monte Sina\u00ed y no tuvo nada que ver con Agar?<\/span><strong><a href=\"#_ftn3\" name=\"_ftnref3\"><sup>[3]<\/sup><\/a><\/strong>\u00a0Puedo imaginar a algunos de ellos realmente haciendo esa pregunta, y tal vez algunos todav\u00eda hacen la misma pregunta hoy. No es de extra\u00f1ar que <span lang=\"ES-VE\">\u00ab<\/span><em>este pasaje sea usado a menudo para acusar a Pablo de torcer y distorsionar la Escritura<\/em><span lang=\"ES-VE\">\u00bb<\/span><strong><a href=\"#_ftn4\" name=\"_ftnref4\"><sup>[4]<\/sup><\/a> <\/strong>La brecha entre el entendimiento jud\u00edo tradicional y la alegor\u00eda de Pablo fue enorme, incluso en el siglo I, y ha ido creciendo desde entonces, habiendo asumido una vida propia durante la tradici\u00f3n cristiana de dos milenios.<\/div>\n<div><\/div>\n<div>Durante siglos, la interpretaci\u00f3n cristiana tradicional ha le\u00eddo el texto de Pablo como una alegor\u00eda de la diferencia entre <em>la ley<\/em> y <em>la gracia<\/em> \u2014o entre jud\u00edos y cristianos\u2014. La Iglesia siempre ha visto el prop\u00f3sito principal de esta alegor\u00eda como la identificaci\u00f3n de los cristianos de Galacia, y los cristianos en su conjunto, como los verdaderos hijos de Abraham y Sara \u2014los hijos de la libertad, los hijos de la promesa\u2014 mientras que Agar representa el pacto hecho en el Sina\u00ed y el pueblo jud\u00edo como <span lang=\"ES-VE\">\u00ab<\/span><em>hijos nacidos de la esclavitud<\/em><span lang=\"ES-VE\">\u00bb.<\/span><\/div>\n<div><\/div>\n<div><span lang=\"ES-VE\">A partir de esta alegor\u00eda, las figuras de Sara e Isaac, originalmente los mismos s\u00edmbolos del pueblo jud\u00edo, el fundamento mismo de la identidad de Israel como un pueblo separado, fueron gradualmente reclamados por los cristianos como sus propios s\u00edmbolos. Ellos se equipararon con el pacto de promesa, una promesa que inclu\u00eda <i>la bendici\u00f3n de Abraha<\/i><\/span><em>m<\/em><a href=\"#_ftn5\" name=\"_ftnref5\"><sup><strong>[5]<\/strong><\/sup><\/a>\u00a0para los gentiles: <span lang=\"ES-VE\">\u00ab<\/span><i>para que pudi\u00e9ramos recibir la promesa del Esp\u00edritu por medio de la fe<\/i><span lang=\"ES-VE\">\u00bb<\/span><i>,<\/i><a href=\"#_ftn6\" name=\"_ftnref6\"><sup><strong>[6]<\/strong><\/sup><\/a>\u00a0mientras que Agar se convirti\u00f3 en un s\u00edmbolo del pacto en el Monte Sina\u00ed. En el siglo III, en la literatura cristiana, <span lang=\"ES-VE\">\u00ab<\/span>Agar<span lang=\"ES-VE\">\u00bb<\/span> y <span lang=\"ES-VE\">\u00ab<\/span>Sara<span lang=\"ES-VE\">\u00bb<\/span> se convirtieron en palabras clave para <span lang=\"ES-VE\">\u00ab<\/span>sinagoga<span lang=\"ES-VE\">\u00bb<\/span> e <span lang=\"ES-VE\">\u00ab<\/span>iglesia<span lang=\"ES-VE\">\u00bb<\/span>, respectivamente. Por ejemplo, Agust\u00edn de Hipona (d.430) afirma que los jud\u00edos, contrariamente a su afirmaci\u00f3n, descienden de Agar, mientras que los cristianos son la verdadera <span lang=\"ES-VE\">\u00ab<\/span>simiente de Abraham<span lang=\"ES-VE\">\u00bb.<\/span><\/div>\n<div><\/div>\n<div><span lang=\"ES-VE\">Tengo que admitir que durante mucho tiempo, yo misma luch\u00e9 con este pasaje de la Escritura. \u00bfC\u00f3mo pod\u00eda Pablo, \u00e9l mismo jud\u00edo, usar una ret\u00f3rica anti-jud\u00eda tan fuerte? Parece que la \u00fanica manera en que podemos darle sentido a este texto es tratar de entender lo que Pablo originalmente quiso decir. \u00bfQu\u00e9 pretend\u00eda \u00a0que entendieran inicialmente\u00a0sus lectores? En \u00abEl le\u00f3n, la bruja y el armario\u00bb (Las Cr\u00f3nicas de Narnia), cuando el viejo profesor responde de una manera completamente inesperada a los ni\u00f1os, que buscan su consejo, dice entonces, mirando sus caras atontadas: \u00ab<em>\u00a1L\u00f3gica!\u2026 \u00bfPor qu\u00e9 no ense\u00f1an l\u00f3gica en estas escuelas?<\/em>\u00bb.<\/span><strong><a href=\"#_ftn7\" name=\"_ftnref7\"><sup>[7]<\/sup><\/a> <\/strong>Repetir\u00eda lo mismo aqu\u00ed. Solo tenemos dos posibilidades: o Pablo contradice la Palabra de Dios, o la lectura tradicional de este texto est\u00e1 equivocada. Sabemos que la Palabra de Dios no puede contradecirse a s\u00ed misma, por lo tanto, nuestra \u00fanica opci\u00f3n aqu\u00ed es admitir que la interpretaci\u00f3n tradicional puede estar equivocada. \u00bfEra el significado original del texto muy diferente de su significado en la tradici\u00f3n cristiana de hoy? La pr\u00f3xima vez intentaremos entender juntos lo que Pablo quiso decir originalmente con sus palabras.<\/div>\n<p>&nbsp;<\/p>\n<p>&nbsp;<\/p>\n<p><a href=\"#_ftnref1\" name=\"_ftn1\">[1]<\/a> Comentarios del Nuevo Testamento del InterVarsity Press: G\u00e1latas 4.<\/p>\n<p><a href=\"#_ftnref2\" name=\"_ftn2\">[2]<\/a> G\u00e1latas 4:21-31.<\/p>\n<p><a href=\"#_ftnref3\" name=\"_ftn3\">[3]<\/a> Ibid.<\/p>\n<p><a href=\"#_ftnref4\" name=\"_ftn4\">[4]<\/a> Comentarios del Nuevo Testamento de InterVarsity Press: G\u00e1latas 4.<\/p>\n<p><a href=\"#_ftnref5\" name=\"_ftn5\">[5]<\/a> G\u00e1latas 3:14.<\/p>\n<p><a href=\"#_ftnref6\" name=\"_ftn6\">[6]<\/a> Ibid.<\/p>\n<p><a href=\"#_ftnref7\" name=\"_ftn7\">[7]<\/a> C.S. Lewis, <span lang=\"ES-VE\">El le\u00f3n, la bruja y el armario<\/span>, cap\u00edtulo.5.<\/p>\n<p>&nbsp;<\/p>\n<p><em>En este art\u00edculo se incluyen extractos de mi libro \u201cAbraham tuvo dos hijos\u201d, por lo que si te gusta el art\u00edculo, tambi\u00e9n puedes disfrutar del libro, puedes obtenerlo <a href=\"https:\/\/www.amazon.com\/s?k=julia+blum&amp;crid=2SC9DWF1NHZI&amp;sprefix=julia+blum+%2Caps%2C218&amp;ref=nb_sb_noss_2\"><u>aqu\u00ed<\/u><\/a>.<\/em><\/p>\n<p><em>Adem\u00e1s, si este blog abre tu apetito por descubrir los tesoros ocultos de la Biblia hebrea, o estudiar en profundidad la Parash\u00e1t Shav\u00faa, junto con las ideas del Nuevo Testamento, me complacer\u00e1 brindarle m\u00e1s informaci\u00f3n (y tambi\u00e9n un descuento de maestro para nuevos estudiantes) con respecto a los maravillosos cursos de eTeacher (<u>juliab@eteachergroup.com<\/u>).<\/em><\/p>\n","protected":false},"excerpt":{"rendered":"<p>Mis queridos lectores, la Pascua ha terminado y pens\u00e9 que volver\u00edamos a nuestra serie de Hechos despu\u00e9s del festival. Sin embargo, dado que Shavu\u00f3t llegar\u00e1 en unas pocas semanas, y tampoco puedo perderme esta fiesta b\u00edblica, decid\u00ed que volver\u00edamos a Hechos despu\u00e9s de Shavu\u00f3t. Mientras tanto, continuaremos con el tema que inici\u00e9 en mi \u00faltimo [&hellip;]<\/p>\n","protected":false},"author":45,"featured_media":44703,"comment_status":"closed","ping_status":"open","sticky":false,"template":"","format":"standard","meta":{"_acf_changed":false,"inline_featured_image":false,"footnotes":""},"categories":[565],"tags":[],"class_list":["post-45138","post","type-post","status-publish","format-standard","has-post-thumbnail","hentry","category-jewish-studies"],"acf":[],"yoast_head":"<!-- This site is optimized with the Yoast SEO plugin v26.5 - https:\/\/yoast.com\/wordpress\/plugins\/seo\/ -->\n<title>ISAAC E ISMAEL: LA ALEGOR\u00cdA (1) - Israel Institute of Biblical Studies<\/title>\n<meta name=\"description\" content=\"Mis queridos lectores, la Pascua ha terminado y pens\u00e9 que volver\u00edamos a nuestra serie de Hechos despu\u00e9s del festival. Sin embargo, dado que Shavu\u00f3t\" \/>\n<meta name=\"robots\" content=\"index, follow, max-snippet:-1, max-image-preview:large, max-video-preview:-1\" \/>\n<link rel=\"canonical\" href=\"https:\/\/israelbiblicalstudies.com\/es\/blog\/category\/jewish-studies\/isaac-e-ismael-la-alegoria-1\/\" \/>\n<meta property=\"og:locale\" content=\"es_ES\" \/>\n<meta property=\"og:type\" content=\"article\" \/>\n<meta property=\"og:title\" content=\"ISAAC E ISMAEL: LA ALEGOR\u00cdA (1) - Israel Institute of Biblical Studies\" \/>\n<meta property=\"og:description\" content=\"Mis queridos lectores, la Pascua ha terminado y pens\u00e9 que volver\u00edamos a nuestra serie de Hechos despu\u00e9s del festival. Sin embargo, dado que Shavu\u00f3t\" \/>\n<meta property=\"og:url\" content=\"https:\/\/israelbiblicalstudies.com\/es\/blog\/category\/jewish-studies\/isaac-e-ismael-la-alegoria-1\/\" \/>\n<meta property=\"og:site_name\" content=\"Israel Institute of Biblical Studies\" \/>\n<meta property=\"article:published_time\" content=\"2022-05-12T07:55:58+00:00\" \/>\n<meta property=\"article:modified_time\" content=\"2025-08-13T11:26:40+00:00\" \/>\n<meta property=\"og:image\" content=\"https:\/\/israelbiblicalstudies.com\/wp-content\/uploads\/2022\/05\/shutterstock_2067307730-3.jpg\" \/>\n\t<meta property=\"og:image:width\" content=\"1024\" \/>\n\t<meta property=\"og:image:height\" content=\"535\" \/>\n\t<meta property=\"og:image:type\" content=\"image\/jpeg\" \/>\n<meta name=\"author\" content=\"Julia Blum\" \/>\n<meta name=\"twitter:card\" content=\"summary_large_image\" \/>\n<meta name=\"twitter:label1\" content=\"Escrito por\" \/>\n\t<meta name=\"twitter:data1\" content=\"Julia Blum\" \/>\n\t<meta name=\"twitter:label2\" content=\"Tiempo de lectura\" \/>\n\t<meta name=\"twitter:data2\" content=\"6 minutos\" \/>\n<script type=\"application\/ld+json\" class=\"yoast-schema-graph\">{\"@context\":\"https:\/\/schema.org\",\"@graph\":[{\"@type\":\"Article\",\"@id\":\"https:\/\/israelbiblicalstudies.com\/es\/blog\/category\/jewish-studies\/isaac-e-ismael-la-alegoria-1\/#article\",\"isPartOf\":{\"@id\":\"https:\/\/israelbiblicalstudies.com\/es\/blog\/category\/jewish-studies\/isaac-e-ismael-la-alegoria-1\/\"},\"author\":{\"name\":\"Julia Blum\",\"@id\":\"https:\/\/israelbiblicalstudies.com\/es\/#\/schema\/person\/470c9356fa72a497ecb801267dff4d15\"},\"headline\":\"ISAAC E ISMAEL: LA ALEGOR\u00cdA (1)\",\"datePublished\":\"2022-05-12T07:55:58+00:00\",\"dateModified\":\"2025-08-13T11:26:40+00:00\",\"mainEntityOfPage\":{\"@id\":\"https:\/\/israelbiblicalstudies.com\/es\/blog\/category\/jewish-studies\/isaac-e-ismael-la-alegoria-1\/\"},\"wordCount\":1346,\"publisher\":{\"@id\":\"https:\/\/israelbiblicalstudies.com\/es\/#organization\"},\"image\":{\"@id\":\"https:\/\/israelbiblicalstudies.com\/es\/blog\/category\/jewish-studies\/isaac-e-ismael-la-alegoria-1\/#primaryimage\"},\"thumbnailUrl\":\"https:\/\/israelbiblicalstudies.com\/wp-content\/uploads\/2022\/05\/shutterstock_2067307730-3.jpg\",\"articleSection\":[\"Estudios Jud\u00edos\"],\"inLanguage\":\"es\"},{\"@type\":\"WebPage\",\"@id\":\"https:\/\/israelbiblicalstudies.com\/es\/blog\/category\/jewish-studies\/isaac-e-ismael-la-alegoria-1\/\",\"url\":\"https:\/\/israelbiblicalstudies.com\/es\/blog\/category\/jewish-studies\/isaac-e-ismael-la-alegoria-1\/\",\"name\":\"ISAAC E ISMAEL: LA ALEGOR\u00cdA (1) - Israel Institute of Biblical Studies\",\"isPartOf\":{\"@id\":\"https:\/\/israelbiblicalstudies.com\/es\/#website\"},\"primaryImageOfPage\":{\"@id\":\"https:\/\/israelbiblicalstudies.com\/es\/blog\/category\/jewish-studies\/isaac-e-ismael-la-alegoria-1\/#primaryimage\"},\"image\":{\"@id\":\"https:\/\/israelbiblicalstudies.com\/es\/blog\/category\/jewish-studies\/isaac-e-ismael-la-alegoria-1\/#primaryimage\"},\"thumbnailUrl\":\"https:\/\/israelbiblicalstudies.com\/wp-content\/uploads\/2022\/05\/shutterstock_2067307730-3.jpg\",\"datePublished\":\"2022-05-12T07:55:58+00:00\",\"dateModified\":\"2025-08-13T11:26:40+00:00\",\"description\":\"Mis queridos lectores, la Pascua ha terminado y pens\u00e9 que volver\u00edamos a nuestra serie de Hechos despu\u00e9s del festival. Sin embargo, dado que Shavu\u00f3t\",\"breadcrumb\":{\"@id\":\"https:\/\/israelbiblicalstudies.com\/es\/blog\/category\/jewish-studies\/isaac-e-ismael-la-alegoria-1\/#breadcrumb\"},\"inLanguage\":\"es\",\"potentialAction\":[{\"@type\":\"ReadAction\",\"target\":[\"https:\/\/israelbiblicalstudies.com\/es\/blog\/category\/jewish-studies\/isaac-e-ismael-la-alegoria-1\/\"]}]},{\"@type\":\"ImageObject\",\"inLanguage\":\"es\",\"@id\":\"https:\/\/israelbiblicalstudies.com\/es\/blog\/category\/jewish-studies\/isaac-e-ismael-la-alegoria-1\/#primaryimage\",\"url\":\"https:\/\/israelbiblicalstudies.com\/wp-content\/uploads\/2022\/05\/shutterstock_2067307730-3.jpg\",\"contentUrl\":\"https:\/\/israelbiblicalstudies.com\/wp-content\/uploads\/2022\/05\/shutterstock_2067307730-3.jpg\",\"width\":1024,\"height\":535},{\"@type\":\"BreadcrumbList\",\"@id\":\"https:\/\/israelbiblicalstudies.com\/es\/blog\/category\/jewish-studies\/isaac-e-ismael-la-alegoria-1\/#breadcrumb\",\"itemListElement\":[{\"@type\":\"ListItem\",\"position\":1,\"name\":\"Home\",\"item\":\"https:\/\/israelbiblicalstudies.com\/es\/\"},{\"@type\":\"ListItem\",\"position\":2,\"name\":\"Estudios Jud\u00edos\",\"item\":\"https:\/\/israelbiblicalstudies.com\/es\/blog\/category\/jewish-studies\/\"},{\"@type\":\"ListItem\",\"position\":3,\"name\":\"ISAAC E ISMAEL: LA ALEGOR\u00cdA (1)\"}]},{\"@type\":\"WebSite\",\"@id\":\"https:\/\/israelbiblicalstudies.com\/es\/#website\",\"url\":\"https:\/\/israelbiblicalstudies.com\/es\/\",\"name\":\"Israel Institute of Biblical Studies\",\"description\":\"Deepen Your Understanding of the Bible\",\"publisher\":{\"@id\":\"https:\/\/israelbiblicalstudies.com\/es\/#organization\"},\"potentialAction\":[{\"@type\":\"SearchAction\",\"target\":{\"@type\":\"EntryPoint\",\"urlTemplate\":\"https:\/\/israelbiblicalstudies.com\/es\/?s={search_term_string}\"},\"query-input\":{\"@type\":\"PropertyValueSpecification\",\"valueRequired\":true,\"valueName\":\"search_term_string\"}}],\"inLanguage\":\"es\"},{\"@type\":\"Organization\",\"@id\":\"https:\/\/israelbiblicalstudies.com\/es\/#organization\",\"name\":\"Israel Biblical Studies\",\"url\":\"https:\/\/israelbiblicalstudies.com\/es\/\",\"logo\":{\"@type\":\"ImageObject\",\"inLanguage\":\"es\",\"@id\":\"https:\/\/israelbiblicalstudies.com\/es\/#\/schema\/logo\/image\/\",\"url\":\"https:\/\/israelbiblicalstudies.com\/wp-content\/uploads\/2016\/09\/logo-invert.png\",\"contentUrl\":\"https:\/\/israelbiblicalstudies.com\/wp-content\/uploads\/2016\/09\/logo-invert.png\",\"width\":152,\"height\":68,\"caption\":\"Israel Biblical Studies\"},\"image\":{\"@id\":\"https:\/\/israelbiblicalstudies.com\/es\/#\/schema\/logo\/image\/\"}},{\"@type\":\"Person\",\"@id\":\"https:\/\/israelbiblicalstudies.com\/es\/#\/schema\/person\/470c9356fa72a497ecb801267dff4d15\",\"name\":\"Julia Blum\",\"image\":{\"@type\":\"ImageObject\",\"inLanguage\":\"es\",\"@id\":\"https:\/\/israelbiblicalstudies.com\/es\/#\/schema\/person\/image\/\",\"url\":\"https:\/\/secure.gravatar.com\/avatar\/bba81953dcf8395e3b4a73607c07e2f9d3e53c113398ce1fd48361f3f137b781?s=96&d=mm&r=g\",\"contentUrl\":\"https:\/\/secure.gravatar.com\/avatar\/bba81953dcf8395e3b4a73607c07e2f9d3e53c113398ce1fd48361f3f137b781?s=96&d=mm&r=g\",\"caption\":\"Julia Blum\"},\"description\":\"Julia is a teacher and an author of several books on biblical topics. She teaches two biblical courses at the Israel Institute of Biblical Studies, \u201cDiscovering the Hebrew Bible\u201d and \u201cJewish Background of the New Testament\u201d, and writes Hebrew insights for these courses.\",\"url\":\"https:\/\/israelbiblicalstudies.com\/es\/blog\/author\/juliablum\/\"}]}<\/script>\n<!-- \/ Yoast SEO plugin. -->","yoast_head_json":{"title":"ISAAC E ISMAEL: LA ALEGOR\u00cdA (1) - Israel Institute of Biblical Studies","description":"Mis queridos lectores, la Pascua ha terminado y pens\u00e9 que volver\u00edamos a nuestra serie de Hechos despu\u00e9s del festival. Sin embargo, dado que Shavu\u00f3t","robots":{"index":"index","follow":"follow","max-snippet":"max-snippet:-1","max-image-preview":"max-image-preview:large","max-video-preview":"max-video-preview:-1"},"canonical":"https:\/\/israelbiblicalstudies.com\/es\/blog\/category\/jewish-studies\/isaac-e-ismael-la-alegoria-1\/","og_locale":"es_ES","og_type":"article","og_title":"ISAAC E ISMAEL: LA ALEGOR\u00cdA (1) - Israel Institute of Biblical Studies","og_description":"Mis queridos lectores, la Pascua ha terminado y pens\u00e9 que volver\u00edamos a nuestra serie de Hechos despu\u00e9s del festival. Sin embargo, dado que Shavu\u00f3t","og_url":"https:\/\/israelbiblicalstudies.com\/es\/blog\/category\/jewish-studies\/isaac-e-ismael-la-alegoria-1\/","og_site_name":"Israel Institute of Biblical Studies","article_published_time":"2022-05-12T07:55:58+00:00","article_modified_time":"2025-08-13T11:26:40+00:00","og_image":[{"width":1024,"height":535,"url":"https:\/\/israelbiblicalstudies.com\/wp-content\/uploads\/2022\/05\/shutterstock_2067307730-3.jpg","type":"image\/jpeg"}],"author":"Julia Blum","twitter_card":"summary_large_image","twitter_misc":{"Escrito por":"Julia Blum","Tiempo de lectura":"6 minutos"},"schema":{"@context":"https:\/\/schema.org","@graph":[{"@type":"Article","@id":"https:\/\/israelbiblicalstudies.com\/es\/blog\/category\/jewish-studies\/isaac-e-ismael-la-alegoria-1\/#article","isPartOf":{"@id":"https:\/\/israelbiblicalstudies.com\/es\/blog\/category\/jewish-studies\/isaac-e-ismael-la-alegoria-1\/"},"author":{"name":"Julia Blum","@id":"https:\/\/israelbiblicalstudies.com\/es\/#\/schema\/person\/470c9356fa72a497ecb801267dff4d15"},"headline":"ISAAC E ISMAEL: LA ALEGOR\u00cdA (1)","datePublished":"2022-05-12T07:55:58+00:00","dateModified":"2025-08-13T11:26:40+00:00","mainEntityOfPage":{"@id":"https:\/\/israelbiblicalstudies.com\/es\/blog\/category\/jewish-studies\/isaac-e-ismael-la-alegoria-1\/"},"wordCount":1346,"publisher":{"@id":"https:\/\/israelbiblicalstudies.com\/es\/#organization"},"image":{"@id":"https:\/\/israelbiblicalstudies.com\/es\/blog\/category\/jewish-studies\/isaac-e-ismael-la-alegoria-1\/#primaryimage"},"thumbnailUrl":"https:\/\/israelbiblicalstudies.com\/wp-content\/uploads\/2022\/05\/shutterstock_2067307730-3.jpg","articleSection":["Estudios Jud\u00edos"],"inLanguage":"es"},{"@type":"WebPage","@id":"https:\/\/israelbiblicalstudies.com\/es\/blog\/category\/jewish-studies\/isaac-e-ismael-la-alegoria-1\/","url":"https:\/\/israelbiblicalstudies.com\/es\/blog\/category\/jewish-studies\/isaac-e-ismael-la-alegoria-1\/","name":"ISAAC E ISMAEL: LA ALEGOR\u00cdA (1) - Israel Institute of Biblical Studies","isPartOf":{"@id":"https:\/\/israelbiblicalstudies.com\/es\/#website"},"primaryImageOfPage":{"@id":"https:\/\/israelbiblicalstudies.com\/es\/blog\/category\/jewish-studies\/isaac-e-ismael-la-alegoria-1\/#primaryimage"},"image":{"@id":"https:\/\/israelbiblicalstudies.com\/es\/blog\/category\/jewish-studies\/isaac-e-ismael-la-alegoria-1\/#primaryimage"},"thumbnailUrl":"https:\/\/israelbiblicalstudies.com\/wp-content\/uploads\/2022\/05\/shutterstock_2067307730-3.jpg","datePublished":"2022-05-12T07:55:58+00:00","dateModified":"2025-08-13T11:26:40+00:00","description":"Mis queridos lectores, la Pascua ha terminado y pens\u00e9 que volver\u00edamos a nuestra serie de Hechos despu\u00e9s del festival. Sin embargo, dado que Shavu\u00f3t","breadcrumb":{"@id":"https:\/\/israelbiblicalstudies.com\/es\/blog\/category\/jewish-studies\/isaac-e-ismael-la-alegoria-1\/#breadcrumb"},"inLanguage":"es","potentialAction":[{"@type":"ReadAction","target":["https:\/\/israelbiblicalstudies.com\/es\/blog\/category\/jewish-studies\/isaac-e-ismael-la-alegoria-1\/"]}]},{"@type":"ImageObject","inLanguage":"es","@id":"https:\/\/israelbiblicalstudies.com\/es\/blog\/category\/jewish-studies\/isaac-e-ismael-la-alegoria-1\/#primaryimage","url":"https:\/\/israelbiblicalstudies.com\/wp-content\/uploads\/2022\/05\/shutterstock_2067307730-3.jpg","contentUrl":"https:\/\/israelbiblicalstudies.com\/wp-content\/uploads\/2022\/05\/shutterstock_2067307730-3.jpg","width":1024,"height":535},{"@type":"BreadcrumbList","@id":"https:\/\/israelbiblicalstudies.com\/es\/blog\/category\/jewish-studies\/isaac-e-ismael-la-alegoria-1\/#breadcrumb","itemListElement":[{"@type":"ListItem","position":1,"name":"Home","item":"https:\/\/israelbiblicalstudies.com\/es\/"},{"@type":"ListItem","position":2,"name":"Estudios Jud\u00edos","item":"https:\/\/israelbiblicalstudies.com\/es\/blog\/category\/jewish-studies\/"},{"@type":"ListItem","position":3,"name":"ISAAC E ISMAEL: LA ALEGOR\u00cdA (1)"}]},{"@type":"WebSite","@id":"https:\/\/israelbiblicalstudies.com\/es\/#website","url":"https:\/\/israelbiblicalstudies.com\/es\/","name":"Israel Institute of Biblical Studies","description":"Deepen Your Understanding of the Bible","publisher":{"@id":"https:\/\/israelbiblicalstudies.com\/es\/#organization"},"potentialAction":[{"@type":"SearchAction","target":{"@type":"EntryPoint","urlTemplate":"https:\/\/israelbiblicalstudies.com\/es\/?s={search_term_string}"},"query-input":{"@type":"PropertyValueSpecification","valueRequired":true,"valueName":"search_term_string"}}],"inLanguage":"es"},{"@type":"Organization","@id":"https:\/\/israelbiblicalstudies.com\/es\/#organization","name":"Israel Biblical Studies","url":"https:\/\/israelbiblicalstudies.com\/es\/","logo":{"@type":"ImageObject","inLanguage":"es","@id":"https:\/\/israelbiblicalstudies.com\/es\/#\/schema\/logo\/image\/","url":"https:\/\/israelbiblicalstudies.com\/wp-content\/uploads\/2016\/09\/logo-invert.png","contentUrl":"https:\/\/israelbiblicalstudies.com\/wp-content\/uploads\/2016\/09\/logo-invert.png","width":152,"height":68,"caption":"Israel Biblical Studies"},"image":{"@id":"https:\/\/israelbiblicalstudies.com\/es\/#\/schema\/logo\/image\/"}},{"@type":"Person","@id":"https:\/\/israelbiblicalstudies.com\/es\/#\/schema\/person\/470c9356fa72a497ecb801267dff4d15","name":"Julia Blum","image":{"@type":"ImageObject","inLanguage":"es","@id":"https:\/\/israelbiblicalstudies.com\/es\/#\/schema\/person\/image\/","url":"https:\/\/secure.gravatar.com\/avatar\/bba81953dcf8395e3b4a73607c07e2f9d3e53c113398ce1fd48361f3f137b781?s=96&d=mm&r=g","contentUrl":"https:\/\/secure.gravatar.com\/avatar\/bba81953dcf8395e3b4a73607c07e2f9d3e53c113398ce1fd48361f3f137b781?s=96&d=mm&r=g","caption":"Julia Blum"},"description":"Julia is a teacher and an author of several books on biblical topics. She teaches two biblical courses at the Israel Institute of Biblical Studies, \u201cDiscovering the Hebrew Bible\u201d and \u201cJewish Background of the New Testament\u201d, and writes Hebrew insights for these courses.","url":"https:\/\/israelbiblicalstudies.com\/es\/blog\/author\/juliablum\/"}]}},"_links":{"self":[{"href":"https:\/\/israelbiblicalstudies.com\/es\/wp-json\/wp\/v2\/posts\/45138","targetHints":{"allow":["GET"]}}],"collection":[{"href":"https:\/\/israelbiblicalstudies.com\/es\/wp-json\/wp\/v2\/posts"}],"about":[{"href":"https:\/\/israelbiblicalstudies.com\/es\/wp-json\/wp\/v2\/types\/post"}],"author":[{"embeddable":true,"href":"https:\/\/israelbiblicalstudies.com\/es\/wp-json\/wp\/v2\/users\/45"}],"replies":[{"embeddable":true,"href":"https:\/\/israelbiblicalstudies.com\/es\/wp-json\/wp\/v2\/comments?post=45138"}],"version-history":[{"count":0,"href":"https:\/\/israelbiblicalstudies.com\/es\/wp-json\/wp\/v2\/posts\/45138\/revisions"}],"wp:featuredmedia":[{"embeddable":true,"href":"https:\/\/israelbiblicalstudies.com\/es\/wp-json\/wp\/v2\/media\/44703"}],"wp:attachment":[{"href":"https:\/\/israelbiblicalstudies.com\/es\/wp-json\/wp\/v2\/media?parent=45138"}],"wp:term":[{"taxonomy":"category","embeddable":true,"href":"https:\/\/israelbiblicalstudies.com\/es\/wp-json\/wp\/v2\/categories?post=45138"},{"taxonomy":"post_tag","embeddable":true,"href":"https:\/\/israelbiblicalstudies.com\/es\/wp-json\/wp\/v2\/tags?post=45138"}],"curies":[{"name":"wp","href":"https:\/\/api.w.org\/{rel}","templated":true}]}}