{"id":45144,"date":"2022-06-23T10:54:24","date_gmt":"2022-06-23T07:54:24","guid":{"rendered":"https:\/\/iibsblogsstg.wpenginepowered.com\/?p=17867"},"modified":"2025-08-13T11:26:39","modified_gmt":"2025-08-13T11:26:39","slug":"de-jerusalen-a-roma-pablo-y-el-judaismo","status":"publish","type":"post","link":"https:\/\/israelbiblicalstudies.com\/es\/blog\/category\/jewish-studies\/de-jerusalen-a-roma-pablo-y-el-judaismo\/","title":{"rendered":"De Jerusal\u00e9n a Roma: Pablo y el juda\u00edsmo"},"content":{"rendered":"<div>\n<p><b>La tercera comida y la reuni\u00f3n de Pablo en Troas<\/b><\/p>\n<\/div>\n<div>\n<p>Mis queridos lectores, juntos seguimos avanzando a trav\u00e9s del libro de Hechos. Hechos 20 describe un incidente dram\u00e1tico en Troas. Mientras los creyentes locales se reun\u00edan para partir el pan, Pablo comenz\u00f3 a hablarles y las Escrituras nos dicen que \u00ab<i>prolong\u00f3 su mensaje hasta la medianoche<\/i>\u00bb. Esta reuni\u00f3n dur\u00f3 tanto que un joven sentado en la repisa de la ventana se sumi\u00f3 en un sue\u00f1o profundo y \u00ab<i>cay\u00f3 desde el tercer piso<\/i>\u00bb. Entonces sucedi\u00f3 el milagro: Pablo lo levant\u00f3 y lo resucit\u00f3: \u00ab<i>Pero Pablo descendi\u00f3, se ech\u00f3 sobre \u00e9l y, abraz\u00e1ndolo, le dijo: \u201cNo se preocupen, porque su vida est\u00e1 en \u00e9l\u201d<\/i>\u00bb. Este milagro fue asombroso y todos estaban emocionados: \u00abfueron grandemente consolados\u00bb, pero \u00bfpor qu\u00e9 esta reuni\u00f3n tom\u00f3 tanto tiempo para empezar? \u00bfQu\u00e9 tipo de reuni\u00f3n fue?<\/p>\n<\/div>\n<div>\n<p>La descripci\u00f3n de esta reuni\u00f3n comienza con las palabras: \u00ab<i>El primer d\u00eda de la semana<\/i>\u00bb. Literalmente la frase griega original\u00a0<i>en de te mia ton sabaton<\/i>\u00a0significa \u00aben el primero de\u00a0<i>shab\u00e1t<\/i>\u00bb. Solo hay una noche que se considera\u00a0<i>y\u00f3m rish\u00f3n<\/i>\u00a0\u2014primer d\u00eda\u2014 en el calendario jud\u00edo: la noche despu\u00e9s del d\u00eda de\u00a0<i>shab\u00e1t<\/i>\u00a0\u2014el s\u00e1bado por la noche\u2014. La noche siguiente ya ser\u00eda\u00a0<i>y\u00f3m shen\u00ed<\/i>\u00a0\u2014el segundo d\u00eda\u2014 ya que los jud\u00edos cuentan sus d\u00edas desde la noche anterior.<\/p>\n<\/div>\n<div>\n<p>La descripci\u00f3n contin\u00faa: \u00ab<em>cuando los disc\u00edpulos se juntaron para partir el pan<\/em>\u00bb. Si se reun\u00edan el s\u00e1bado por la noche, este \u00ab<em>partir el pan<\/em>\u00bb era de hecho la tercera y \u00faltima comida de\u00a0<i>shab\u00e1t<\/i>, llamada\u00a0<i>melav\u00e9 malk\u00e1<\/i>\u00a0\u2014\u00abescoltar a la reina\u00bb\u2014. Seg\u00fan la tradici\u00f3n jud\u00eda, esta comida frecuentemente contin\u00faa hasta tarde en la noche: Pablo, listo para partir al d\u00eda siguiente, les habl\u00f3 y continu\u00f3 su mensaje hasta la medianoche. Las oraciones antes de la comida y las discusiones sobre la comida suelen estar relacionadas con la venida del Mes\u00edas. A veces la reuni\u00f3n duraba hasta la ma\u00f1ana.<\/p>\n<\/div>\n<div>\n<p>Hoy en d\u00eda algunas iglesias a\u00fan celebran la Eucarist\u00eda el s\u00e1bado por la noche. Esta costumbre se basa en una antigua tradici\u00f3n que se habr\u00eda originado en la era apost\u00f3lica: los primeros creyentes jud\u00edos celebraban juntos\u00a0<i>melav\u00e9 malk\u00e1<\/i>\u00a0y luego probablemente observaban\u00a0<i>havdal\u00e1<\/i>\u00a0\u2014la finalizaci\u00f3n del\u00a0<i>shab\u00e1t<\/i>\u2014 con la cena del Se\u00f1or. En este sentido esta historia podr\u00eda ser un gran testimonio de las costumbres jud\u00edas de los ap\u00f3stoles jud\u00edos.<\/p>\n<\/div>\n<div>\n<p><b>Episodio significativo<\/b><\/p>\n<\/div>\n<div>\n<p>En Hechos 18 vimos a Pablo haciendo un voto. M\u00e1s tarde, en Hechos 21, vemos otra escena que involucra tanto a Pablo como al voto de nazareo. En\u00a0<u>Hechos 21:21-26<\/u>, Lucas registra uno de los episodios m\u00e1s fascinantes de su libro: \u00a1vemos al Ap\u00f3stol Pablo ofreciendo un sacrificio en el templo y experimentando una purificaci\u00f3n ceremonial durante siete d\u00edas! El trasfondo de este episodio es la terminaci\u00f3n de un voto de nazareo por parte de los cuatro hombres, afeit\u00e1ndose la cabeza y ofreciendo sacrificios, y en este caso, \u00a1Pablo fue invitado a pagar los costos! \u00bfPor qu\u00e9? \u00bfY por qu\u00e9 pas\u00f3 por la purificaci\u00f3n? \u00bfCu\u00e1l es el mensaje de esta historia?<\/p>\n<\/div>\n<div>\n<p>De los vers\u00edculos anteriores, aprendemos que debido a los rumores de la \u00abapostas\u00eda\u00bb de Pablo, Santiago, uno de los principales l\u00edderes de la comunidad mesi\u00e1nica de Jerusal\u00e9n, estaba preocupado por una posible confrontaci\u00f3n entre Pablo y los jud\u00edos mesi\u00e1nicos de Jerusal\u00e9n. Para mostrar la fidelidad de Pablo a la Tor\u00e1, sugiere que pague por los sacrificios requeridos de estos cuatro hombres. Este paso pr\u00e1ctico significaba mucho m\u00e1s que dinero y ten\u00eda implicaciones teol\u00f3gicas obvias: \u00a1significar\u00eda que Pablo todav\u00eda estaba siguiendo la Tor\u00e1!<\/p>\n<\/div>\n<div>\n<p>Este episodio siempre ha sido \u00aboscuro\u00bb y \u00abproblem\u00e1tico\u00bb para los comentaristas cristianos: \u00bfPor qu\u00e9 Pablo, \u00abel cristiano ejemplar\u00bb, se uni\u00f3 al acto real de la purificaci\u00f3n ritual jud\u00eda? Sin embargo, dado que Pablo accedi\u00f3 a hacer eso, entendemos que quiso probar su observancia de la Tor\u00e1, \u00a1y este es precisamente el mensaje de esta historia!<\/p>\n<\/div>\n<div>\n<p><b>Un gran maestro del asombroso estudiante<\/b><\/p>\n<\/div>\n<div>\n<p>En Hechos 22, dirigi\u00e9ndose a la multitud enfurecida en Jerusal\u00e9n, Saul de Tarso (Ap\u00f3stol Pablo), abre su discurso de defensa. Evidentemente, necesita decir algo tan importante, tan crucial, que afectar\u00eda e impresionar\u00eda a toda la multitud. \u00bfQue dijo? \u00ab<i>Soy jud\u00edo, nacido en Tarso de Cilicia, pero\u00a0<\/i><b><i>educado en esta ciudad a los pies de Gamaliel<\/i><\/b>\u00bb. Parece que la afirmaci\u00f3n \u00ab<em><b>educado en esta ciudad a los pies de Gamaliel<\/b><\/em>\u00bb, fue en verdad una poderosa credencial para el pueblo de Israel. \u00bfQui\u00e9n fue este Gamaliel?<\/p>\n<\/div>\n<div>\n<p>Gamaliel el Viejo, o\u00a0<i>Rabb\u00e1n<\/i>\u00a0Gamaliel I, fue el Rabino m\u00e1s distinguido de su \u00e9poca y una de las principales autoridades del Sanedr\u00edn. Fue el primero en llevar el t\u00edtulo\u00a0<i>Rabb\u00e1n<\/i>\u00a0en lugar del t\u00edtulo m\u00e1s com\u00fan \u00abRabino\u00bb. La\u00a0<i>Mishn\u00e1<\/i>\u00a0habla de Gamaliel como uno de los m\u00e1s grandes maestros en todos los anales del juda\u00edsmo: \u00ab<i>Desde que muri\u00f3 Rabb\u00e1n Gamaliel el Viejo, no ha habido m\u00e1s reverencia por la ley, y la pureza y la piedad se extinguieron al mismo tiempo<\/i>\u00bb.<\/p>\n<\/div>\n<p>Gamaliel fue nieto del gran maestro jud\u00edo, Hill\u00e9l el Viejo, y l\u00edder de su escuela,\u00a0<i>B\u00e9it Hill\u00e9l<\/i>. Toda esta escuela, y Gamaliel en particular, se destac\u00f3 por una actitud m\u00e1s tolerante y liberal en el dictamen legal religioso. Esto lo vemos claramente en Hechos: cuando algunos l\u00edderes jud\u00edos quisieron matar a Jes\u00fas, Gamaliel les dijo: \u00ab<i>Al\u00e9jense de estos hombres y d\u00e9jenlos; porque si este plan o esta obra es de los hombres, quedar\u00e1 en nada; pero si es de Dios, no pueden destruirlo, para que ni siquiera sean hallados luchando contra Dios<\/i>\u00bb.<strong><a href=\"#_ftn1\" name=\"_ftnref1\">[1]<\/a><\/strong><\/p>\n<div>\n<p>Hubo muchos rabinos y maestros en la \u00e9poca de Jes\u00fas, pero fue Gamaliel quien primero fue llamado\u00a0<i>Rabb\u00e1n<\/i>, en lugar de \u00abRabino\u00bb. \u00a1Y fue Gamaliel quien cri\u00f3 a un estudiante tan destacado y le dio al mundo al Ap\u00f3stol Pablo! Gamaliel es un nombre hebreo que significa \u00abDios es mi recompensa\u00bb o \u00abrecompensa de Dios\u00bb. \u00bf<i>Rabb\u00e1n\u00a0<\/i>Gamaliel vio a su asombroso alumno como su verdadera \u00abrecompensa de Dios\u00bb?<\/p>\n<\/div>\n<p><em>\u00a0<\/em><\/p>\n<p><em>\u00a0<\/em><\/p>\n<div>\n<p><i>Extractos de mis libros se incluyen en muchas publicaciones aqu\u00ed, por lo que si te gustan los art\u00edculos de este blog, tambi\u00e9n puedes disfrutar de mis libros, puedes obtenerlos\u00a0<a href=\"https:\/\/www.amazon.com\/s?k=julia+blum&amp;crid=2SC9DWF1NHZI&amp;sprefix=julia+blum+%2Caps%2C218&amp;ref=nb_sb_noss_2\"><u>aqu\u00ed<\/u><\/a>. Adem\u00e1s, me gustar\u00eda recordarte, querido amigo que ofrecemos un curso maravilloso \u00abAntecedentes Jud\u00edos del Nuevo Testamento\u00bb. Como siempre, puedes contactarme (<u><a href=\"mailto:juliab@eteachergroup.com\" target=\"_blank\" rel=\"noopener\">juliab@eteachergroup.com<\/a><\/u>) para obtener m\u00e1s informaci\u00f3n y el descuento para nuevos estudiantes.<\/i><\/p>\n<\/div>\n<p><em>\u00a0<\/em><\/p>\n<p><em>\u00a0<\/em><\/p>\n<p><em>\u00a0<\/em><\/p>\n<p><em>\u00a0<\/em><\/p>\n<p><em>\u00a0<\/em><\/p>\n<p><em>\u00a0<\/em><\/p>\n<p><em>\u00a0<\/em><\/p>\n<p><em>\u00a0<\/em><\/p>\n<p><a href=\"#_ftnref1\" name=\"_ftn1\">[1]<\/a>\u00a0Hechos 5:38,39.<\/p>\n","protected":false},"excerpt":{"rendered":"<p>La tercera comida y la reuni\u00f3n de Pablo en Troas Mis queridos lectores, juntos seguimos avanzando a trav\u00e9s del libro de Hechos. Hechos 20 describe un incidente dram\u00e1tico en Troas. Mientras los creyentes locales se reun\u00edan para partir el pan, Pablo comenz\u00f3 a hablarles y las Escrituras nos dicen que \u00abprolong\u00f3 su mensaje hasta la [&hellip;]<\/p>\n","protected":false},"author":45,"featured_media":44710,"comment_status":"closed","ping_status":"open","sticky":false,"template":"","format":"standard","meta":{"_acf_changed":false,"inline_featured_image":false,"footnotes":""},"categories":[565],"tags":[],"class_list":["post-45144","post","type-post","status-publish","format-standard","has-post-thumbnail","hentry","category-jewish-studies"],"acf":[],"yoast_head":"<!-- This site is optimized with the Yoast SEO plugin v26.5 - https:\/\/yoast.com\/wordpress\/plugins\/seo\/ -->\n<title>De Jerusal\u00e9n a Roma: Pablo y el juda\u00edsmo - Israel Institute of Biblical Studies<\/title>\n<meta name=\"description\" content=\"La tercera comida y la reuni\u00f3n de Pablo en Troas Mis queridos lectores, juntos seguimos avanzando a trav\u00e9s del libro de Hechos. Hechos 20 describe un\" \/>\n<meta name=\"robots\" content=\"index, follow, max-snippet:-1, max-image-preview:large, max-video-preview:-1\" \/>\n<link rel=\"canonical\" href=\"https:\/\/israelbiblicalstudies.com\/es\/blog\/category\/jewish-studies\/de-jerusalen-a-roma-pablo-y-el-judaismo\/\" \/>\n<meta property=\"og:locale\" content=\"es_ES\" \/>\n<meta property=\"og:type\" content=\"article\" \/>\n<meta property=\"og:title\" content=\"De Jerusal\u00e9n a Roma: Pablo y el juda\u00edsmo - Israel Institute of Biblical Studies\" \/>\n<meta property=\"og:description\" content=\"La tercera comida y la reuni\u00f3n de Pablo en Troas Mis queridos lectores, juntos seguimos avanzando a trav\u00e9s del libro de Hechos. Hechos 20 describe un\" \/>\n<meta property=\"og:url\" content=\"https:\/\/israelbiblicalstudies.com\/es\/blog\/category\/jewish-studies\/de-jerusalen-a-roma-pablo-y-el-judaismo\/\" \/>\n<meta property=\"og:site_name\" content=\"Israel Institute of Biblical Studies\" \/>\n<meta property=\"article:published_time\" content=\"2022-06-23T07:54:24+00:00\" \/>\n<meta property=\"article:modified_time\" content=\"2025-08-13T11:26:39+00:00\" \/>\n<meta property=\"og:image\" content=\"https:\/\/israelbiblicalstudies.com\/wp-content\/uploads\/2022\/06\/shutterstock_523347787-1-scaled-1.jpg\" \/>\n\t<meta property=\"og:image:width\" content=\"1024\" \/>\n\t<meta property=\"og:image:height\" content=\"683\" \/>\n\t<meta property=\"og:image:type\" content=\"image\/jpeg\" \/>\n<meta name=\"author\" content=\"Julia Blum\" \/>\n<meta name=\"twitter:card\" content=\"summary_large_image\" \/>\n<meta name=\"twitter:label1\" content=\"Escrito por\" \/>\n\t<meta name=\"twitter:data1\" content=\"Julia Blum\" \/>\n\t<meta name=\"twitter:label2\" content=\"Tiempo de lectura\" \/>\n\t<meta name=\"twitter:data2\" content=\"5 minutos\" \/>\n<script type=\"application\/ld+json\" class=\"yoast-schema-graph\">{\"@context\":\"https:\/\/schema.org\",\"@graph\":[{\"@type\":\"Article\",\"@id\":\"https:\/\/israelbiblicalstudies.com\/es\/blog\/category\/jewish-studies\/de-jerusalen-a-roma-pablo-y-el-judaismo\/#article\",\"isPartOf\":{\"@id\":\"https:\/\/israelbiblicalstudies.com\/es\/blog\/category\/jewish-studies\/de-jerusalen-a-roma-pablo-y-el-judaismo\/\"},\"author\":{\"name\":\"Julia Blum\",\"@id\":\"https:\/\/israelbiblicalstudies.com\/es\/#\/schema\/person\/470c9356fa72a497ecb801267dff4d15\"},\"headline\":\"De Jerusal\u00e9n a Roma: Pablo y el juda\u00edsmo\",\"datePublished\":\"2022-06-23T07:54:24+00:00\",\"dateModified\":\"2025-08-13T11:26:39+00:00\",\"mainEntityOfPage\":{\"@id\":\"https:\/\/israelbiblicalstudies.com\/es\/blog\/category\/jewish-studies\/de-jerusalen-a-roma-pablo-y-el-judaismo\/\"},\"wordCount\":1161,\"publisher\":{\"@id\":\"https:\/\/israelbiblicalstudies.com\/es\/#organization\"},\"image\":{\"@id\":\"https:\/\/israelbiblicalstudies.com\/es\/blog\/category\/jewish-studies\/de-jerusalen-a-roma-pablo-y-el-judaismo\/#primaryimage\"},\"thumbnailUrl\":\"https:\/\/israelbiblicalstudies.com\/wp-content\/uploads\/2022\/06\/shutterstock_523347787-1-scaled-1.jpg\",\"articleSection\":[\"Estudios Jud\u00edos\"],\"inLanguage\":\"es\"},{\"@type\":\"WebPage\",\"@id\":\"https:\/\/israelbiblicalstudies.com\/es\/blog\/category\/jewish-studies\/de-jerusalen-a-roma-pablo-y-el-judaismo\/\",\"url\":\"https:\/\/israelbiblicalstudies.com\/es\/blog\/category\/jewish-studies\/de-jerusalen-a-roma-pablo-y-el-judaismo\/\",\"name\":\"De Jerusal\u00e9n a Roma: Pablo y el juda\u00edsmo - Israel Institute of Biblical Studies\",\"isPartOf\":{\"@id\":\"https:\/\/israelbiblicalstudies.com\/es\/#website\"},\"primaryImageOfPage\":{\"@id\":\"https:\/\/israelbiblicalstudies.com\/es\/blog\/category\/jewish-studies\/de-jerusalen-a-roma-pablo-y-el-judaismo\/#primaryimage\"},\"image\":{\"@id\":\"https:\/\/israelbiblicalstudies.com\/es\/blog\/category\/jewish-studies\/de-jerusalen-a-roma-pablo-y-el-judaismo\/#primaryimage\"},\"thumbnailUrl\":\"https:\/\/israelbiblicalstudies.com\/wp-content\/uploads\/2022\/06\/shutterstock_523347787-1-scaled-1.jpg\",\"datePublished\":\"2022-06-23T07:54:24+00:00\",\"dateModified\":\"2025-08-13T11:26:39+00:00\",\"description\":\"La tercera comida y la reuni\u00f3n de Pablo en Troas Mis queridos lectores, juntos seguimos avanzando a trav\u00e9s del libro de Hechos. Hechos 20 describe un\",\"breadcrumb\":{\"@id\":\"https:\/\/israelbiblicalstudies.com\/es\/blog\/category\/jewish-studies\/de-jerusalen-a-roma-pablo-y-el-judaismo\/#breadcrumb\"},\"inLanguage\":\"es\",\"potentialAction\":[{\"@type\":\"ReadAction\",\"target\":[\"https:\/\/israelbiblicalstudies.com\/es\/blog\/category\/jewish-studies\/de-jerusalen-a-roma-pablo-y-el-judaismo\/\"]}]},{\"@type\":\"ImageObject\",\"inLanguage\":\"es\",\"@id\":\"https:\/\/israelbiblicalstudies.com\/es\/blog\/category\/jewish-studies\/de-jerusalen-a-roma-pablo-y-el-judaismo\/#primaryimage\",\"url\":\"https:\/\/israelbiblicalstudies.com\/wp-content\/uploads\/2022\/06\/shutterstock_523347787-1-scaled-1.jpg\",\"contentUrl\":\"https:\/\/israelbiblicalstudies.com\/wp-content\/uploads\/2022\/06\/shutterstock_523347787-1-scaled-1.jpg\",\"width\":1024,\"height\":683},{\"@type\":\"BreadcrumbList\",\"@id\":\"https:\/\/israelbiblicalstudies.com\/es\/blog\/category\/jewish-studies\/de-jerusalen-a-roma-pablo-y-el-judaismo\/#breadcrumb\",\"itemListElement\":[{\"@type\":\"ListItem\",\"position\":1,\"name\":\"Home\",\"item\":\"https:\/\/israelbiblicalstudies.com\/es\/\"},{\"@type\":\"ListItem\",\"position\":2,\"name\":\"Estudios Jud\u00edos\",\"item\":\"https:\/\/israelbiblicalstudies.com\/es\/blog\/category\/jewish-studies\/\"},{\"@type\":\"ListItem\",\"position\":3,\"name\":\"De Jerusal\u00e9n a Roma: Pablo y el juda\u00edsmo\"}]},{\"@type\":\"WebSite\",\"@id\":\"https:\/\/israelbiblicalstudies.com\/es\/#website\",\"url\":\"https:\/\/israelbiblicalstudies.com\/es\/\",\"name\":\"Israel Institute of Biblical Studies\",\"description\":\"Deepen Your Understanding of the Bible\",\"publisher\":{\"@id\":\"https:\/\/israelbiblicalstudies.com\/es\/#organization\"},\"potentialAction\":[{\"@type\":\"SearchAction\",\"target\":{\"@type\":\"EntryPoint\",\"urlTemplate\":\"https:\/\/israelbiblicalstudies.com\/es\/?s={search_term_string}\"},\"query-input\":{\"@type\":\"PropertyValueSpecification\",\"valueRequired\":true,\"valueName\":\"search_term_string\"}}],\"inLanguage\":\"es\"},{\"@type\":\"Organization\",\"@id\":\"https:\/\/israelbiblicalstudies.com\/es\/#organization\",\"name\":\"Israel Biblical Studies\",\"url\":\"https:\/\/israelbiblicalstudies.com\/es\/\",\"logo\":{\"@type\":\"ImageObject\",\"inLanguage\":\"es\",\"@id\":\"https:\/\/israelbiblicalstudies.com\/es\/#\/schema\/logo\/image\/\",\"url\":\"https:\/\/israelbiblicalstudies.com\/wp-content\/uploads\/2016\/09\/logo-invert.png\",\"contentUrl\":\"https:\/\/israelbiblicalstudies.com\/wp-content\/uploads\/2016\/09\/logo-invert.png\",\"width\":152,\"height\":68,\"caption\":\"Israel Biblical Studies\"},\"image\":{\"@id\":\"https:\/\/israelbiblicalstudies.com\/es\/#\/schema\/logo\/image\/\"}},{\"@type\":\"Person\",\"@id\":\"https:\/\/israelbiblicalstudies.com\/es\/#\/schema\/person\/470c9356fa72a497ecb801267dff4d15\",\"name\":\"Julia Blum\",\"image\":{\"@type\":\"ImageObject\",\"inLanguage\":\"es\",\"@id\":\"https:\/\/israelbiblicalstudies.com\/es\/#\/schema\/person\/image\/\",\"url\":\"https:\/\/secure.gravatar.com\/avatar\/bba81953dcf8395e3b4a73607c07e2f9d3e53c113398ce1fd48361f3f137b781?s=96&d=mm&r=g\",\"contentUrl\":\"https:\/\/secure.gravatar.com\/avatar\/bba81953dcf8395e3b4a73607c07e2f9d3e53c113398ce1fd48361f3f137b781?s=96&d=mm&r=g\",\"caption\":\"Julia Blum\"},\"description\":\"Julia is a teacher and an author of several books on biblical topics. She teaches two biblical courses at the Israel Institute of Biblical Studies, \u201cDiscovering the Hebrew Bible\u201d and \u201cJewish Background of the New Testament\u201d, and writes Hebrew insights for these courses.\",\"url\":\"https:\/\/israelbiblicalstudies.com\/es\/blog\/author\/juliablum\/\"}]}<\/script>\n<!-- \/ Yoast SEO plugin. -->","yoast_head_json":{"title":"De Jerusal\u00e9n a Roma: Pablo y el juda\u00edsmo - Israel Institute of Biblical Studies","description":"La tercera comida y la reuni\u00f3n de Pablo en Troas Mis queridos lectores, juntos seguimos avanzando a trav\u00e9s del libro de Hechos. Hechos 20 describe un","robots":{"index":"index","follow":"follow","max-snippet":"max-snippet:-1","max-image-preview":"max-image-preview:large","max-video-preview":"max-video-preview:-1"},"canonical":"https:\/\/israelbiblicalstudies.com\/es\/blog\/category\/jewish-studies\/de-jerusalen-a-roma-pablo-y-el-judaismo\/","og_locale":"es_ES","og_type":"article","og_title":"De Jerusal\u00e9n a Roma: Pablo y el juda\u00edsmo - Israel Institute of Biblical Studies","og_description":"La tercera comida y la reuni\u00f3n de Pablo en Troas Mis queridos lectores, juntos seguimos avanzando a trav\u00e9s del libro de Hechos. Hechos 20 describe un","og_url":"https:\/\/israelbiblicalstudies.com\/es\/blog\/category\/jewish-studies\/de-jerusalen-a-roma-pablo-y-el-judaismo\/","og_site_name":"Israel Institute of Biblical Studies","article_published_time":"2022-06-23T07:54:24+00:00","article_modified_time":"2025-08-13T11:26:39+00:00","og_image":[{"width":1024,"height":683,"url":"https:\/\/israelbiblicalstudies.com\/wp-content\/uploads\/2022\/06\/shutterstock_523347787-1-scaled-1.jpg","type":"image\/jpeg"}],"author":"Julia Blum","twitter_card":"summary_large_image","twitter_misc":{"Escrito por":"Julia Blum","Tiempo de lectura":"5 minutos"},"schema":{"@context":"https:\/\/schema.org","@graph":[{"@type":"Article","@id":"https:\/\/israelbiblicalstudies.com\/es\/blog\/category\/jewish-studies\/de-jerusalen-a-roma-pablo-y-el-judaismo\/#article","isPartOf":{"@id":"https:\/\/israelbiblicalstudies.com\/es\/blog\/category\/jewish-studies\/de-jerusalen-a-roma-pablo-y-el-judaismo\/"},"author":{"name":"Julia Blum","@id":"https:\/\/israelbiblicalstudies.com\/es\/#\/schema\/person\/470c9356fa72a497ecb801267dff4d15"},"headline":"De Jerusal\u00e9n a Roma: Pablo y el juda\u00edsmo","datePublished":"2022-06-23T07:54:24+00:00","dateModified":"2025-08-13T11:26:39+00:00","mainEntityOfPage":{"@id":"https:\/\/israelbiblicalstudies.com\/es\/blog\/category\/jewish-studies\/de-jerusalen-a-roma-pablo-y-el-judaismo\/"},"wordCount":1161,"publisher":{"@id":"https:\/\/israelbiblicalstudies.com\/es\/#organization"},"image":{"@id":"https:\/\/israelbiblicalstudies.com\/es\/blog\/category\/jewish-studies\/de-jerusalen-a-roma-pablo-y-el-judaismo\/#primaryimage"},"thumbnailUrl":"https:\/\/israelbiblicalstudies.com\/wp-content\/uploads\/2022\/06\/shutterstock_523347787-1-scaled-1.jpg","articleSection":["Estudios Jud\u00edos"],"inLanguage":"es"},{"@type":"WebPage","@id":"https:\/\/israelbiblicalstudies.com\/es\/blog\/category\/jewish-studies\/de-jerusalen-a-roma-pablo-y-el-judaismo\/","url":"https:\/\/israelbiblicalstudies.com\/es\/blog\/category\/jewish-studies\/de-jerusalen-a-roma-pablo-y-el-judaismo\/","name":"De Jerusal\u00e9n a Roma: Pablo y el juda\u00edsmo - Israel Institute of Biblical Studies","isPartOf":{"@id":"https:\/\/israelbiblicalstudies.com\/es\/#website"},"primaryImageOfPage":{"@id":"https:\/\/israelbiblicalstudies.com\/es\/blog\/category\/jewish-studies\/de-jerusalen-a-roma-pablo-y-el-judaismo\/#primaryimage"},"image":{"@id":"https:\/\/israelbiblicalstudies.com\/es\/blog\/category\/jewish-studies\/de-jerusalen-a-roma-pablo-y-el-judaismo\/#primaryimage"},"thumbnailUrl":"https:\/\/israelbiblicalstudies.com\/wp-content\/uploads\/2022\/06\/shutterstock_523347787-1-scaled-1.jpg","datePublished":"2022-06-23T07:54:24+00:00","dateModified":"2025-08-13T11:26:39+00:00","description":"La tercera comida y la reuni\u00f3n de Pablo en Troas Mis queridos lectores, juntos seguimos avanzando a trav\u00e9s del libro de Hechos. Hechos 20 describe un","breadcrumb":{"@id":"https:\/\/israelbiblicalstudies.com\/es\/blog\/category\/jewish-studies\/de-jerusalen-a-roma-pablo-y-el-judaismo\/#breadcrumb"},"inLanguage":"es","potentialAction":[{"@type":"ReadAction","target":["https:\/\/israelbiblicalstudies.com\/es\/blog\/category\/jewish-studies\/de-jerusalen-a-roma-pablo-y-el-judaismo\/"]}]},{"@type":"ImageObject","inLanguage":"es","@id":"https:\/\/israelbiblicalstudies.com\/es\/blog\/category\/jewish-studies\/de-jerusalen-a-roma-pablo-y-el-judaismo\/#primaryimage","url":"https:\/\/israelbiblicalstudies.com\/wp-content\/uploads\/2022\/06\/shutterstock_523347787-1-scaled-1.jpg","contentUrl":"https:\/\/israelbiblicalstudies.com\/wp-content\/uploads\/2022\/06\/shutterstock_523347787-1-scaled-1.jpg","width":1024,"height":683},{"@type":"BreadcrumbList","@id":"https:\/\/israelbiblicalstudies.com\/es\/blog\/category\/jewish-studies\/de-jerusalen-a-roma-pablo-y-el-judaismo\/#breadcrumb","itemListElement":[{"@type":"ListItem","position":1,"name":"Home","item":"https:\/\/israelbiblicalstudies.com\/es\/"},{"@type":"ListItem","position":2,"name":"Estudios Jud\u00edos","item":"https:\/\/israelbiblicalstudies.com\/es\/blog\/category\/jewish-studies\/"},{"@type":"ListItem","position":3,"name":"De Jerusal\u00e9n a Roma: Pablo y el juda\u00edsmo"}]},{"@type":"WebSite","@id":"https:\/\/israelbiblicalstudies.com\/es\/#website","url":"https:\/\/israelbiblicalstudies.com\/es\/","name":"Israel Institute of Biblical Studies","description":"Deepen Your Understanding of the Bible","publisher":{"@id":"https:\/\/israelbiblicalstudies.com\/es\/#organization"},"potentialAction":[{"@type":"SearchAction","target":{"@type":"EntryPoint","urlTemplate":"https:\/\/israelbiblicalstudies.com\/es\/?s={search_term_string}"},"query-input":{"@type":"PropertyValueSpecification","valueRequired":true,"valueName":"search_term_string"}}],"inLanguage":"es"},{"@type":"Organization","@id":"https:\/\/israelbiblicalstudies.com\/es\/#organization","name":"Israel Biblical Studies","url":"https:\/\/israelbiblicalstudies.com\/es\/","logo":{"@type":"ImageObject","inLanguage":"es","@id":"https:\/\/israelbiblicalstudies.com\/es\/#\/schema\/logo\/image\/","url":"https:\/\/israelbiblicalstudies.com\/wp-content\/uploads\/2016\/09\/logo-invert.png","contentUrl":"https:\/\/israelbiblicalstudies.com\/wp-content\/uploads\/2016\/09\/logo-invert.png","width":152,"height":68,"caption":"Israel Biblical Studies"},"image":{"@id":"https:\/\/israelbiblicalstudies.com\/es\/#\/schema\/logo\/image\/"}},{"@type":"Person","@id":"https:\/\/israelbiblicalstudies.com\/es\/#\/schema\/person\/470c9356fa72a497ecb801267dff4d15","name":"Julia Blum","image":{"@type":"ImageObject","inLanguage":"es","@id":"https:\/\/israelbiblicalstudies.com\/es\/#\/schema\/person\/image\/","url":"https:\/\/secure.gravatar.com\/avatar\/bba81953dcf8395e3b4a73607c07e2f9d3e53c113398ce1fd48361f3f137b781?s=96&d=mm&r=g","contentUrl":"https:\/\/secure.gravatar.com\/avatar\/bba81953dcf8395e3b4a73607c07e2f9d3e53c113398ce1fd48361f3f137b781?s=96&d=mm&r=g","caption":"Julia Blum"},"description":"Julia is a teacher and an author of several books on biblical topics. She teaches two biblical courses at the Israel Institute of Biblical Studies, \u201cDiscovering the Hebrew Bible\u201d and \u201cJewish Background of the New Testament\u201d, and writes Hebrew insights for these courses.","url":"https:\/\/israelbiblicalstudies.com\/es\/blog\/author\/juliablum\/"}]}},"_links":{"self":[{"href":"https:\/\/israelbiblicalstudies.com\/es\/wp-json\/wp\/v2\/posts\/45144","targetHints":{"allow":["GET"]}}],"collection":[{"href":"https:\/\/israelbiblicalstudies.com\/es\/wp-json\/wp\/v2\/posts"}],"about":[{"href":"https:\/\/israelbiblicalstudies.com\/es\/wp-json\/wp\/v2\/types\/post"}],"author":[{"embeddable":true,"href":"https:\/\/israelbiblicalstudies.com\/es\/wp-json\/wp\/v2\/users\/45"}],"replies":[{"embeddable":true,"href":"https:\/\/israelbiblicalstudies.com\/es\/wp-json\/wp\/v2\/comments?post=45144"}],"version-history":[{"count":0,"href":"https:\/\/israelbiblicalstudies.com\/es\/wp-json\/wp\/v2\/posts\/45144\/revisions"}],"wp:featuredmedia":[{"embeddable":true,"href":"https:\/\/israelbiblicalstudies.com\/es\/wp-json\/wp\/v2\/media\/44710"}],"wp:attachment":[{"href":"https:\/\/israelbiblicalstudies.com\/es\/wp-json\/wp\/v2\/media?parent=45144"}],"wp:term":[{"taxonomy":"category","embeddable":true,"href":"https:\/\/israelbiblicalstudies.com\/es\/wp-json\/wp\/v2\/categories?post=45144"},{"taxonomy":"post_tag","embeddable":true,"href":"https:\/\/israelbiblicalstudies.com\/es\/wp-json\/wp\/v2\/tags?post=45144"}],"curies":[{"name":"wp","href":"https:\/\/api.w.org\/{rel}","templated":true}]}}