{"id":45146,"date":"2022-07-07T10:14:53","date_gmt":"2022-07-07T07:14:53","guid":{"rendered":"https:\/\/iibsblogsstg.wpenginepowered.com\/?p=17893"},"modified":"2025-08-13T11:26:39","modified_gmt":"2025-08-13T11:26:39","slug":"jerusalen-y-roma-juntos-o-en-su-lugar","status":"publish","type":"post","link":"https:\/\/israelbiblicalstudies.com\/es\/blog\/category\/jewish-studies\/jerusalen-y-roma-juntos-o-en-su-lugar\/","title":{"rendered":"Jerusal\u00e9n y Roma: \u00bfjuntos o en su lugar?"},"content":{"rendered":"<p><strong>Misi\u00f3n a\u00fan no cumplida<\/strong><\/p>\n<p>Esta es mi \u00faltima publicaci\u00f3n sobre el libro de Hechos. Cuando comenc\u00e9 esta serie, hace casi un a\u00f1o, escrib\u00ed: \u00ab<em>Durante mucho tiempo he querido recorrer el libro de Hechos junto con mis lectores. Este libro en particular se percibe con demasiada frecuencia, como una l\u00ednea de demarcaci\u00f3n, como una declaraci\u00f3n de separaci\u00f3n de todo lo jud\u00edo<\/em>\u00bb. S\u00ed, todo el Nuevo Testamento ha sido malinterpretado en gran medida; sin embargo, el libro de Hechos es especialmente crucial para comprender esta separaci\u00f3n de caminos. Por lo tanto, he tratado de descubrir el car\u00e1cter jud\u00edo del libro de Hechos al demostrar su contexto hist\u00f3rico y cultural jud\u00edo del siglo I, para mostrarle los detalles relacionados con el contexto jud\u00edo que no son obvios para el lector cristiano.<\/p>\n<p>Sin embargo, con todo lo que est\u00e1 escrito y dicho, creo que la parte m\u00e1s importante de mi misi\u00f3n sobre el libro de Hechos a\u00fan no se ha cumplido, y esto es lo que vamos a hacer hoy: obtener la perspectiva adecuada de este libro. Todos sabemos que la narraci\u00f3n de Hechos comienza en Jerusal\u00e9n y termina en Roma, \u00a1y no podemos ignorar este hecho! En este sentido, el libro es muy claro, en efecto: el mensaje de Jes\u00fas ten\u00eda que dirigirse a los gentiles; ten\u00eda que extenderse desde Jerusal\u00e9n hasta Roma, el itinerario est\u00e1 fijado. Sin embargo, todos sabemos que cualquier navegador (aqu\u00ed en Israel siempre es Waze) puede llevarnos al mismo destino por rutas muy diferentes. Adem\u00e1s, si nos saltamos un giro o nos equivocamos de giro, nuestro navegador vuelve a calcular para volver a ponernos en el camino correcto (algunos incluso dicen: \u00abRecalculando\u00bb). \u00bfTal vez tambi\u00e9n se deba hacer un nuevo c\u00e1lculo aqu\u00ed? \u00bfNecesitamos aceptar las interpretaciones cristianas tradicionales? Es hora de restaurar la interpretaci\u00f3n original, es hora de volver a <strong>cambiar de paradigma<\/strong>.<\/p>\n<p><strong>Torcido y recto<\/strong><\/p>\n<p>Sin embargo, antes de hacer eso, me gustar\u00eda recordarte cu\u00e1nto los caminos de Dios y los caminos de Israel parecieron casi sin\u00f3nimos para los primeros creyentes. Volvamos a Hechos 13. Despu\u00e9s de que Pablo y Bernab\u00e9 son expulsados \u200b\u200bde Antioqu\u00eda, viajan a la ciudad de Pafos en Chipre, donde el Proc\u00f3nsul romano est\u00e1 dispuesto a escucharlos. Sin embargo, alguien llamado Elimas, descrito como un falso profeta y hechicero, se les opone, \u00ab<em>haciendo todo lo posible para apartar de la fe al gobernante<\/em>\u00bb. Entonces Sha&#8217;\u00fal, tambi\u00e9n conocido como Pablo, lleno del <em>r\u00faaj h\u00e1k\u00f3desh<\/em>, lo mira fijamente y dice: \u00ab<em>\u00a1T\u00fa, hijo de Satan\u00e1s, lleno de fraude y maldad! \u00a1Enemigo de todo lo bueno! \u00bfNunca dejar\u00e1s\u00a0<\/em><strong><em>de torcer los caminos rectos del Se\u00f1or?<\/em>\u00bb.<\/strong><a name=\"_ftnref5\"><\/a><a href=\"#_ftn1\" name=\"_ftnref1\"><strong>[1]<\/strong><\/a><\/p>\n<p>A prop\u00f3sito eleg\u00ed usar esta traducci\u00f3n aqu\u00ed (Biblia jud\u00eda completa), ya que traduce el texto griego con exactamente las mismas palabras que necesitamos para descomprimir el mensaje de Lucas. Pablo podr\u00eda haberle dicho mil cosas diferentes a Elimas: \u00bfNunca dejar\u00e1s de hacer tus malas obras? \u00bfNunca dejar\u00e1s de oponerte a Dios? \u00bfNunca dejar\u00e1s de resistirte a la fe verdadera? Entonces, \u00bfpor qu\u00e9 us\u00f3 esta peculiar frase sobre torcido y recto?<\/p>\n<p>Para responder a esta pregunta y ver el mensaje escondido por Lucas en esta historia, me gustar\u00eda recordarte que el nombre b\u00edblico de los descendientes de Abraham, Isaac y Jacob es \u00abIsrael\u00bb: son hijos de Jacob, que fue llamado <strong>Israel<\/strong> despu\u00e9s de haber luchado con el hombre misterioso en Penuel. \u00abEl hombre\u00bb que pele\u00f3 con Jacob, lo bendijo, y al bendecirlo cambi\u00f3 su nombre a Israel. \u00c9l dijo: \u00ab<em>Tu nombre ya no ser\u00e1 Jacob, sino Israel, porque has luchado con los seres divinos y humanos y has vencido<\/em>\u00bb. Por lo tanto, se cree ampliamente que la palabra \u00abIsrael\u00bb proviene de la palabra hebrea, \u05e9\u05e8\u05d9\u05ea, que en el hebreo b\u00edblico significa \u00abluchar\u00bb, \u00abejercer influencia\u00bb, \u00abprevalecer\u00bb.<\/p>\n<p>Sin embargo, hay una forma adicional de interpretar este nombre y esta forma nos ayuda a comprender la profundidad de la transformaci\u00f3n de Jacob a Israel, de <em>Ya&#8217;ak\u00f3v <\/em>a <em>Yisra\u00b4\u00e9l<\/em>. Creo que las palabras de Pablo en Hechos 13 son una clara alusi\u00f3n a este camino. En hebreo, el nombre Israel podr\u00eda leerse como (\u05d9\u05e9\u05e8-\u05d0\u05dc; <em>yash\u00e1r-\u00c9l<\/em>). La palabra hebrea, (\u05d9\u05b8\u05e9\u05b8\u05c1\u05e8; <em>yash\u00e1r<\/em>) significa \u00abrecto\u00bb, en el uso b\u00edblico, tambi\u00e9n podr\u00eda significar una \u00abpersona honesta, justa y temerosa de Dios\u00bb. La ra\u00edz \u05e2\u05b8\u05e7\u05b9\u05d1\u0599, por otro lado (la ra\u00edz del nombre <em>Ya&#8217;ak\u00f3v<\/em>) significa \u00abtorcido\u00bb, como en el vers\u00edculo: \u00ab<strong><em>lo torcido\u00a0<\/em><\/strong><em>(\u05d4\u05b6\u05bd\u05e2\u05b8\u05e7\u05b9\u05d1\u0599) <\/em><em>se\u00a0<\/em><strong><em>enderezar\u00e1<\/em><\/strong>\u00bb.<a href=\"#_ftn2\" name=\"_ftnref2\"><strong>[2]<\/strong><\/a><strong>\u00a0<\/strong>Esto es exactamente lo que significa esta transici\u00f3n de Jacob a Israel: \u00a1Dios enderez\u00f3 lo torcido!<\/p>\n<p>Ahora podemos entender la elecci\u00f3n de palabras de Pablo. De hecho, Pablo le dice a Elimas: \u00ab<em>\u00a1Tu comportamiento es lo opuesto a la definici\u00f3n misma de Israel!<\/em>\u00bb. \u00bfNo les parece que esta es una lecci\u00f3n muy importante del Ap\u00f3stol a los gentiles? Hacer algo contra Dios, oponerse a la fe, significa\u2026 ir contra el sentido mismo de la palabra \u00abIsrael\u00bb.<\/p>\n<p><strong>Cambio de paradigma: otra vez<\/strong><\/p>\n<p>Hace solo unas semanas estuvimos discutiendo la alegor\u00eda de Pablo de G\u00e1latas. Entonces tambi\u00e9n dijimos que necesit\u00e1bamos un cambio de paradigma. Para leer la alegor\u00eda de Pablo en la forma en que fue le\u00edda durante siglos por la Iglesia, algunas creencias debieron presuponerse: primero, Ismael fue solo un subproducto en el camino hacia Isaac y solo Isaac fue esencial en el plan de Dios; en segundo lugar, el Pacto del Sina\u00ed (y el Antiguo Testamento) fue solo un subproducto en el camino hacia el Nuevo Pacto y solo el Nuevo Pacto fue esencial en el plan de Dios. Es lo mismo aqu\u00ed: si uno supone que toda esta parte de \u00abJerusal\u00e9n\u00bb y esta parte \u00abjud\u00eda\u00bb fue solo un subproducto, una parada de tr\u00e1nsito en el camino hacia el destino final \u2014Roma y los gentiles\u2014 entonces realmente podemos ver esta trayectoria bidimensional y lineal, donde, una vez m\u00e1s, las \u00faltimas y mejores partes reemplazan a las antiguas \u00abimperfectas\u00bb: \u00abRoma\u00bb reemplaza a \u00abJerusal\u00e9n\u00bb. Lamentablemente, muchos comentaristas cristianos tradicionales a lo largo de la historia han le\u00eddo estos vers\u00edculos precisamente de esa manera, usando este libro como una justificaci\u00f3n de que Roma reemplaz\u00f3 a Jerusal\u00e9n.<\/p>\n<p>No sabemos exactamente cu\u00e1ndo se escribi\u00f3 Hechos, diferentes eruditos sugieren diferentes fechas, pero en cualquier caso, ser\u00eda a finales del siglo I o, a m\u00e1s tardar, a principios del siglo II. Y ya a principios del siglo II, en el tratado de Justino M\u00e1rtir \u00ab<em>Di\u00e1logos con Trif\u00f3n<\/em>\u00bb, encontramos, no solo una expresi\u00f3n muy clara de tal reemplazo, sino tambi\u00e9n su fundamento \u00abb\u00edblico\u00bb. Comentando la historia de No\u00e9 y sus hijos al final de G\u00e9nesis 9, \u00e9l se\u00f1ala el vers\u00edculo, \u00ab<em>que Dios ensanche a Jafet\u00a0<strong>y habite en las tiendas de Sem<\/strong><\/em>\u00bb<a href=\"#_ftn3\" name=\"_ftnref3\"><strong>[3]<\/strong><\/a> como una palabra prof\u00e9tica sobre c\u00f3mo en el futuro Jafet, las naciones gentiles que han recibido el cristianismo, en su entendimiento, se apoderar\u00edan de las tiendas de Sem, es decir, de Israel. Roma reemplaza a Jerusal\u00e9n, \u00a1como en el libro de Hechos! Seg\u00fan este concepto, Jafet vivir\u00e1 en las tiendas de Sem <strong>en lugar<\/strong> de Sem, no junto con Sem.<\/p>\n<p>\u00bfConoces la f\u00e1bula infantil del zorro y la liebre? El zorro ten\u00eda una caba\u00f1a de hielo y la liebre una casita de paja. La caba\u00f1a de hielo del zorro se derrite y la liebre lo acoge, solo para descubrir que el zorro lo echa y se lleva su casa. Esto equivale a lo que sucedi\u00f3 con Israel y el cristianismo, adem\u00e1s tan r\u00e1pido como en el segundo siglo. La interpretaci\u00f3n tradicional del libro de Hechos legitim\u00f3 definitivamente este proceso. Quisiera sugerir que el significado original del vers\u00edculo sobre Jafet, \u00abque <em>habitar\u00e1 en las tiendas de Sem<\/em>\u00bb, de ninguna manera asumi\u00f3 la expulsi\u00f3n de Sem de estas tiendas, como tampoco la liebre supuso que al dejar entrar al zorro sin hogar, pronto se encontrar\u00eda en la calle. La interpretaci\u00f3n de los comentaristas cristianos, sin embargo, solo sirvi\u00f3 para legitimar el proceso de exclusi\u00f3n de Israel de los planes y bendiciones de Dios, que en ese momento ya avanzaba a toda velocidad.<\/p>\n<p>Sin embargo, no podemos ignorar el hecho de que el libro de Hechos comienza en Jerusal\u00e9n y termina en Roma. Sin embargo, \u00bfno deber\u00edamos ver a Roma y a Jerusal\u00e9n juntos, no a Roma en lugar de Jerusal\u00e9n? Creo que la perspectiva adecuada ser\u00eda esta: seg\u00fan el libro de Hechos, el Evangelio ten\u00eda que salir de los jud\u00edos y de Jerusal\u00e9n y llegar a los gentiles, a todas partes: a Grecia, a Roma y m\u00e1s all\u00e1. Sin embargo, en lugar de ver un itinerario lineal, donde \u00abRoma\u00bb reemplaza a \u00abJerusal\u00e9n\u00bb, deber\u00edamos ver los c\u00edrculos que van desde Jerusal\u00e9n y llegan hasta Roma. Jerusal\u00e9n no es descartada ni reemplazada, los jud\u00edos siguen siendo el pueblo de Dios \u2013\u00ab<em>porque los dones gratuitos de Dios y su llamado son irrevocables<\/em>\u00bb.<a href=\"#_ftn4\" name=\"_ftnref4\"><strong>[4]<\/strong><\/a><\/p>\n<p>&nbsp;<\/p>\n<p><a href=\"#_ftnref1\" name=\"_ftn1\">[1]<\/a>\u00a0Hechos 13:10.<\/p>\n<p><a href=\"#_ftnref2\" name=\"_ftn2\">[2]<\/a> Isa\u00edas 40:4.<\/p>\n<p><a href=\"#_ftnref3\" name=\"_ftn3\">[3]<\/a> G\u00e9nesis 9:27.<\/p>\n<p><a href=\"#_ftnref4\" name=\"_ftn4\">[4]<\/a> Romanos 11:29.<\/p>\n<p>&nbsp;<\/p>\n<p><em>Se incluyen extractos de mis libros en este art\u00edculo (y muchas otras publicaciones aqu\u00ed), por lo que si te gustan los art\u00edculos en este blog, tambi\u00e9n puedes disfrutar de mis libros, puedes obtenerlos <a href=\"https:\/\/www.amazon.com\/s?k=julia+blum&amp;crid=2SC9DWF1NHZI&amp;sprefix=julia+blum+%2Caps%2C218&amp;ref=nb_sb_noss_2\"><u>aqu\u00ed<\/u><\/a>.<\/em><\/p>\n<p><em>Las ideas que lees en estas p\u00e1ginas son t\u00edpicas de lo que compartimos con nuestros estudiantes durante las clases DHB (<\/em><em>Discovering the Hebrew Bible<\/em>\/<em>Descubriendo la Biblia Hebrea) o WTP (<\/em><em>Weekly Torah Portion<\/em>\/<em>Porci\u00f3n Semanal de la Tor\u00e1). Si estos art\u00edculos abren tu apetito por descubrir los tesoros ocultos de la Biblia hebrea, o estudiar en profundidad la Parash\u00e1t Shav\u00faa, junto con las ideas del Nuevo Testamento, me complacer\u00eda brindarte m\u00e1s informaci\u00f3n (y tambi\u00e9n un descuento de maestro para nuevos estudiantes) respecto a los cursos de eTeacher (<u><a href=\"mailto:juliab@eteachergroup.com\">juliab@eteachergroup.com<\/a><\/u>).<\/em><\/p>\n","protected":false},"excerpt":{"rendered":"<p>Misi\u00f3n a\u00fan no cumplida Esta es mi \u00faltima publicaci\u00f3n sobre el libro de Hechos. Cuando comenc\u00e9 esta serie, hace casi un a\u00f1o, escrib\u00ed: \u00abDurante mucho tiempo he querido recorrer el libro de Hechos junto con mis lectores. Este libro en particular se percibe con demasiada frecuencia, como una l\u00ednea de demarcaci\u00f3n, como una declaraci\u00f3n de [&hellip;]<\/p>\n","protected":false},"author":45,"featured_media":44712,"comment_status":"closed","ping_status":"open","sticky":false,"template":"","format":"standard","meta":{"_acf_changed":false,"inline_featured_image":false,"footnotes":""},"categories":[565],"tags":[],"class_list":["post-45146","post","type-post","status-publish","format-standard","has-post-thumbnail","hentry","category-jewish-studies"],"acf":[],"yoast_head":"<!-- This site is optimized with the Yoast SEO plugin v26.5 - https:\/\/yoast.com\/wordpress\/plugins\/seo\/ -->\n<title>Jerusal\u00e9n y Roma: \u00bfjuntos o en su lugar? - Israel Institute of Biblical Studies<\/title>\n<meta name=\"description\" content=\"Misi\u00f3n a\u00fan no cumplida Esta es mi \u00faltima publicaci\u00f3n sobre el libro de Hechos. Cuando comenc\u00e9 esta serie, hace casi un a\u00f1o, escrib\u00ed: \u00abDurante mucho tiempo\" \/>\n<meta name=\"robots\" content=\"index, follow, max-snippet:-1, max-image-preview:large, max-video-preview:-1\" \/>\n<link rel=\"canonical\" href=\"https:\/\/israelbiblicalstudies.com\/es\/blog\/category\/jewish-studies\/jerusalen-y-roma-juntos-o-en-su-lugar\/\" \/>\n<meta property=\"og:locale\" content=\"es_ES\" \/>\n<meta property=\"og:type\" content=\"article\" \/>\n<meta property=\"og:title\" content=\"Jerusal\u00e9n y Roma: \u00bfjuntos o en su lugar? - Israel Institute of Biblical Studies\" \/>\n<meta property=\"og:description\" content=\"Misi\u00f3n a\u00fan no cumplida Esta es mi \u00faltima publicaci\u00f3n sobre el libro de Hechos. Cuando comenc\u00e9 esta serie, hace casi un a\u00f1o, escrib\u00ed: \u00abDurante mucho tiempo\" \/>\n<meta property=\"og:url\" content=\"https:\/\/israelbiblicalstudies.com\/es\/blog\/category\/jewish-studies\/jerusalen-y-roma-juntos-o-en-su-lugar\/\" \/>\n<meta property=\"og:site_name\" content=\"Israel Institute of Biblical Studies\" \/>\n<meta property=\"article:published_time\" content=\"2022-07-07T07:14:53+00:00\" \/>\n<meta property=\"article:modified_time\" content=\"2025-08-13T11:26:39+00:00\" \/>\n<meta property=\"og:image\" content=\"https:\/\/israelbiblicalstudies.com\/wp-content\/uploads\/2022\/07\/shutterstock_707361370.jpg\" \/>\n\t<meta property=\"og:image:width\" content=\"1000\" \/>\n\t<meta property=\"og:image:height\" content=\"667\" \/>\n\t<meta property=\"og:image:type\" content=\"image\/jpeg\" \/>\n<meta name=\"author\" content=\"Julia Blum\" \/>\n<meta name=\"twitter:card\" content=\"summary_large_image\" \/>\n<meta name=\"twitter:label1\" content=\"Escrito por\" \/>\n\t<meta name=\"twitter:data1\" content=\"Julia Blum\" \/>\n\t<meta name=\"twitter:label2\" content=\"Tiempo de lectura\" \/>\n\t<meta name=\"twitter:data2\" content=\"7 minutos\" \/>\n<script type=\"application\/ld+json\" class=\"yoast-schema-graph\">{\"@context\":\"https:\/\/schema.org\",\"@graph\":[{\"@type\":\"Article\",\"@id\":\"https:\/\/israelbiblicalstudies.com\/es\/blog\/category\/jewish-studies\/jerusalen-y-roma-juntos-o-en-su-lugar\/#article\",\"isPartOf\":{\"@id\":\"https:\/\/israelbiblicalstudies.com\/es\/blog\/category\/jewish-studies\/jerusalen-y-roma-juntos-o-en-su-lugar\/\"},\"author\":{\"name\":\"Julia Blum\",\"@id\":\"https:\/\/israelbiblicalstudies.com\/es\/#\/schema\/person\/470c9356fa72a497ecb801267dff4d15\"},\"headline\":\"Jerusal\u00e9n y Roma: \u00bfjuntos o en su lugar?\",\"datePublished\":\"2022-07-07T07:14:53+00:00\",\"dateModified\":\"2025-08-13T11:26:39+00:00\",\"mainEntityOfPage\":{\"@id\":\"https:\/\/israelbiblicalstudies.com\/es\/blog\/category\/jewish-studies\/jerusalen-y-roma-juntos-o-en-su-lugar\/\"},\"wordCount\":1705,\"publisher\":{\"@id\":\"https:\/\/israelbiblicalstudies.com\/es\/#organization\"},\"image\":{\"@id\":\"https:\/\/israelbiblicalstudies.com\/es\/blog\/category\/jewish-studies\/jerusalen-y-roma-juntos-o-en-su-lugar\/#primaryimage\"},\"thumbnailUrl\":\"https:\/\/israelbiblicalstudies.com\/wp-content\/uploads\/2022\/07\/shutterstock_707361370.jpg\",\"articleSection\":[\"Estudios Jud\u00edos\"],\"inLanguage\":\"es\"},{\"@type\":\"WebPage\",\"@id\":\"https:\/\/israelbiblicalstudies.com\/es\/blog\/category\/jewish-studies\/jerusalen-y-roma-juntos-o-en-su-lugar\/\",\"url\":\"https:\/\/israelbiblicalstudies.com\/es\/blog\/category\/jewish-studies\/jerusalen-y-roma-juntos-o-en-su-lugar\/\",\"name\":\"Jerusal\u00e9n y Roma: \u00bfjuntos o en su lugar? - Israel Institute of Biblical Studies\",\"isPartOf\":{\"@id\":\"https:\/\/israelbiblicalstudies.com\/es\/#website\"},\"primaryImageOfPage\":{\"@id\":\"https:\/\/israelbiblicalstudies.com\/es\/blog\/category\/jewish-studies\/jerusalen-y-roma-juntos-o-en-su-lugar\/#primaryimage\"},\"image\":{\"@id\":\"https:\/\/israelbiblicalstudies.com\/es\/blog\/category\/jewish-studies\/jerusalen-y-roma-juntos-o-en-su-lugar\/#primaryimage\"},\"thumbnailUrl\":\"https:\/\/israelbiblicalstudies.com\/wp-content\/uploads\/2022\/07\/shutterstock_707361370.jpg\",\"datePublished\":\"2022-07-07T07:14:53+00:00\",\"dateModified\":\"2025-08-13T11:26:39+00:00\",\"description\":\"Misi\u00f3n a\u00fan no cumplida Esta es mi \u00faltima publicaci\u00f3n sobre el libro de Hechos. Cuando comenc\u00e9 esta serie, hace casi un a\u00f1o, escrib\u00ed: \u00abDurante mucho tiempo\",\"breadcrumb\":{\"@id\":\"https:\/\/israelbiblicalstudies.com\/es\/blog\/category\/jewish-studies\/jerusalen-y-roma-juntos-o-en-su-lugar\/#breadcrumb\"},\"inLanguage\":\"es\",\"potentialAction\":[{\"@type\":\"ReadAction\",\"target\":[\"https:\/\/israelbiblicalstudies.com\/es\/blog\/category\/jewish-studies\/jerusalen-y-roma-juntos-o-en-su-lugar\/\"]}]},{\"@type\":\"ImageObject\",\"inLanguage\":\"es\",\"@id\":\"https:\/\/israelbiblicalstudies.com\/es\/blog\/category\/jewish-studies\/jerusalen-y-roma-juntos-o-en-su-lugar\/#primaryimage\",\"url\":\"https:\/\/israelbiblicalstudies.com\/wp-content\/uploads\/2022\/07\/shutterstock_707361370.jpg\",\"contentUrl\":\"https:\/\/israelbiblicalstudies.com\/wp-content\/uploads\/2022\/07\/shutterstock_707361370.jpg\",\"width\":1000,\"height\":667},{\"@type\":\"BreadcrumbList\",\"@id\":\"https:\/\/israelbiblicalstudies.com\/es\/blog\/category\/jewish-studies\/jerusalen-y-roma-juntos-o-en-su-lugar\/#breadcrumb\",\"itemListElement\":[{\"@type\":\"ListItem\",\"position\":1,\"name\":\"Home\",\"item\":\"https:\/\/israelbiblicalstudies.com\/es\/\"},{\"@type\":\"ListItem\",\"position\":2,\"name\":\"Estudios Jud\u00edos\",\"item\":\"https:\/\/israelbiblicalstudies.com\/es\/blog\/category\/jewish-studies\/\"},{\"@type\":\"ListItem\",\"position\":3,\"name\":\"Jerusal\u00e9n y Roma: \u00bfjuntos o en su lugar?\"}]},{\"@type\":\"WebSite\",\"@id\":\"https:\/\/israelbiblicalstudies.com\/es\/#website\",\"url\":\"https:\/\/israelbiblicalstudies.com\/es\/\",\"name\":\"Israel Institute of Biblical Studies\",\"description\":\"Deepen Your Understanding of the Bible\",\"publisher\":{\"@id\":\"https:\/\/israelbiblicalstudies.com\/es\/#organization\"},\"potentialAction\":[{\"@type\":\"SearchAction\",\"target\":{\"@type\":\"EntryPoint\",\"urlTemplate\":\"https:\/\/israelbiblicalstudies.com\/es\/?s={search_term_string}\"},\"query-input\":{\"@type\":\"PropertyValueSpecification\",\"valueRequired\":true,\"valueName\":\"search_term_string\"}}],\"inLanguage\":\"es\"},{\"@type\":\"Organization\",\"@id\":\"https:\/\/israelbiblicalstudies.com\/es\/#organization\",\"name\":\"Israel Biblical Studies\",\"url\":\"https:\/\/israelbiblicalstudies.com\/es\/\",\"logo\":{\"@type\":\"ImageObject\",\"inLanguage\":\"es\",\"@id\":\"https:\/\/israelbiblicalstudies.com\/es\/#\/schema\/logo\/image\/\",\"url\":\"https:\/\/israelbiblicalstudies.com\/wp-content\/uploads\/2016\/09\/logo-invert.png\",\"contentUrl\":\"https:\/\/israelbiblicalstudies.com\/wp-content\/uploads\/2016\/09\/logo-invert.png\",\"width\":152,\"height\":68,\"caption\":\"Israel Biblical Studies\"},\"image\":{\"@id\":\"https:\/\/israelbiblicalstudies.com\/es\/#\/schema\/logo\/image\/\"}},{\"@type\":\"Person\",\"@id\":\"https:\/\/israelbiblicalstudies.com\/es\/#\/schema\/person\/470c9356fa72a497ecb801267dff4d15\",\"name\":\"Julia Blum\",\"image\":{\"@type\":\"ImageObject\",\"inLanguage\":\"es\",\"@id\":\"https:\/\/israelbiblicalstudies.com\/es\/#\/schema\/person\/image\/\",\"url\":\"https:\/\/secure.gravatar.com\/avatar\/bba81953dcf8395e3b4a73607c07e2f9d3e53c113398ce1fd48361f3f137b781?s=96&d=mm&r=g\",\"contentUrl\":\"https:\/\/secure.gravatar.com\/avatar\/bba81953dcf8395e3b4a73607c07e2f9d3e53c113398ce1fd48361f3f137b781?s=96&d=mm&r=g\",\"caption\":\"Julia Blum\"},\"description\":\"Julia is a teacher and an author of several books on biblical topics. She teaches two biblical courses at the Israel Institute of Biblical Studies, \u201cDiscovering the Hebrew Bible\u201d and \u201cJewish Background of the New Testament\u201d, and writes Hebrew insights for these courses.\",\"url\":\"https:\/\/israelbiblicalstudies.com\/es\/blog\/author\/juliablum\/\"}]}<\/script>\n<!-- \/ Yoast SEO plugin. -->","yoast_head_json":{"title":"Jerusal\u00e9n y Roma: \u00bfjuntos o en su lugar? - Israel Institute of Biblical Studies","description":"Misi\u00f3n a\u00fan no cumplida Esta es mi \u00faltima publicaci\u00f3n sobre el libro de Hechos. Cuando comenc\u00e9 esta serie, hace casi un a\u00f1o, escrib\u00ed: \u00abDurante mucho tiempo","robots":{"index":"index","follow":"follow","max-snippet":"max-snippet:-1","max-image-preview":"max-image-preview:large","max-video-preview":"max-video-preview:-1"},"canonical":"https:\/\/israelbiblicalstudies.com\/es\/blog\/category\/jewish-studies\/jerusalen-y-roma-juntos-o-en-su-lugar\/","og_locale":"es_ES","og_type":"article","og_title":"Jerusal\u00e9n y Roma: \u00bfjuntos o en su lugar? - Israel Institute of Biblical Studies","og_description":"Misi\u00f3n a\u00fan no cumplida Esta es mi \u00faltima publicaci\u00f3n sobre el libro de Hechos. Cuando comenc\u00e9 esta serie, hace casi un a\u00f1o, escrib\u00ed: \u00abDurante mucho tiempo","og_url":"https:\/\/israelbiblicalstudies.com\/es\/blog\/category\/jewish-studies\/jerusalen-y-roma-juntos-o-en-su-lugar\/","og_site_name":"Israel Institute of Biblical Studies","article_published_time":"2022-07-07T07:14:53+00:00","article_modified_time":"2025-08-13T11:26:39+00:00","og_image":[{"width":1000,"height":667,"url":"https:\/\/israelbiblicalstudies.com\/wp-content\/uploads\/2022\/07\/shutterstock_707361370.jpg","type":"image\/jpeg"}],"author":"Julia Blum","twitter_card":"summary_large_image","twitter_misc":{"Escrito por":"Julia Blum","Tiempo de lectura":"7 minutos"},"schema":{"@context":"https:\/\/schema.org","@graph":[{"@type":"Article","@id":"https:\/\/israelbiblicalstudies.com\/es\/blog\/category\/jewish-studies\/jerusalen-y-roma-juntos-o-en-su-lugar\/#article","isPartOf":{"@id":"https:\/\/israelbiblicalstudies.com\/es\/blog\/category\/jewish-studies\/jerusalen-y-roma-juntos-o-en-su-lugar\/"},"author":{"name":"Julia Blum","@id":"https:\/\/israelbiblicalstudies.com\/es\/#\/schema\/person\/470c9356fa72a497ecb801267dff4d15"},"headline":"Jerusal\u00e9n y Roma: \u00bfjuntos o en su lugar?","datePublished":"2022-07-07T07:14:53+00:00","dateModified":"2025-08-13T11:26:39+00:00","mainEntityOfPage":{"@id":"https:\/\/israelbiblicalstudies.com\/es\/blog\/category\/jewish-studies\/jerusalen-y-roma-juntos-o-en-su-lugar\/"},"wordCount":1705,"publisher":{"@id":"https:\/\/israelbiblicalstudies.com\/es\/#organization"},"image":{"@id":"https:\/\/israelbiblicalstudies.com\/es\/blog\/category\/jewish-studies\/jerusalen-y-roma-juntos-o-en-su-lugar\/#primaryimage"},"thumbnailUrl":"https:\/\/israelbiblicalstudies.com\/wp-content\/uploads\/2022\/07\/shutterstock_707361370.jpg","articleSection":["Estudios Jud\u00edos"],"inLanguage":"es"},{"@type":"WebPage","@id":"https:\/\/israelbiblicalstudies.com\/es\/blog\/category\/jewish-studies\/jerusalen-y-roma-juntos-o-en-su-lugar\/","url":"https:\/\/israelbiblicalstudies.com\/es\/blog\/category\/jewish-studies\/jerusalen-y-roma-juntos-o-en-su-lugar\/","name":"Jerusal\u00e9n y Roma: \u00bfjuntos o en su lugar? - Israel Institute of Biblical Studies","isPartOf":{"@id":"https:\/\/israelbiblicalstudies.com\/es\/#website"},"primaryImageOfPage":{"@id":"https:\/\/israelbiblicalstudies.com\/es\/blog\/category\/jewish-studies\/jerusalen-y-roma-juntos-o-en-su-lugar\/#primaryimage"},"image":{"@id":"https:\/\/israelbiblicalstudies.com\/es\/blog\/category\/jewish-studies\/jerusalen-y-roma-juntos-o-en-su-lugar\/#primaryimage"},"thumbnailUrl":"https:\/\/israelbiblicalstudies.com\/wp-content\/uploads\/2022\/07\/shutterstock_707361370.jpg","datePublished":"2022-07-07T07:14:53+00:00","dateModified":"2025-08-13T11:26:39+00:00","description":"Misi\u00f3n a\u00fan no cumplida Esta es mi \u00faltima publicaci\u00f3n sobre el libro de Hechos. Cuando comenc\u00e9 esta serie, hace casi un a\u00f1o, escrib\u00ed: \u00abDurante mucho tiempo","breadcrumb":{"@id":"https:\/\/israelbiblicalstudies.com\/es\/blog\/category\/jewish-studies\/jerusalen-y-roma-juntos-o-en-su-lugar\/#breadcrumb"},"inLanguage":"es","potentialAction":[{"@type":"ReadAction","target":["https:\/\/israelbiblicalstudies.com\/es\/blog\/category\/jewish-studies\/jerusalen-y-roma-juntos-o-en-su-lugar\/"]}]},{"@type":"ImageObject","inLanguage":"es","@id":"https:\/\/israelbiblicalstudies.com\/es\/blog\/category\/jewish-studies\/jerusalen-y-roma-juntos-o-en-su-lugar\/#primaryimage","url":"https:\/\/israelbiblicalstudies.com\/wp-content\/uploads\/2022\/07\/shutterstock_707361370.jpg","contentUrl":"https:\/\/israelbiblicalstudies.com\/wp-content\/uploads\/2022\/07\/shutterstock_707361370.jpg","width":1000,"height":667},{"@type":"BreadcrumbList","@id":"https:\/\/israelbiblicalstudies.com\/es\/blog\/category\/jewish-studies\/jerusalen-y-roma-juntos-o-en-su-lugar\/#breadcrumb","itemListElement":[{"@type":"ListItem","position":1,"name":"Home","item":"https:\/\/israelbiblicalstudies.com\/es\/"},{"@type":"ListItem","position":2,"name":"Estudios Jud\u00edos","item":"https:\/\/israelbiblicalstudies.com\/es\/blog\/category\/jewish-studies\/"},{"@type":"ListItem","position":3,"name":"Jerusal\u00e9n y Roma: \u00bfjuntos o en su lugar?"}]},{"@type":"WebSite","@id":"https:\/\/israelbiblicalstudies.com\/es\/#website","url":"https:\/\/israelbiblicalstudies.com\/es\/","name":"Israel Institute of Biblical Studies","description":"Deepen Your Understanding of the Bible","publisher":{"@id":"https:\/\/israelbiblicalstudies.com\/es\/#organization"},"potentialAction":[{"@type":"SearchAction","target":{"@type":"EntryPoint","urlTemplate":"https:\/\/israelbiblicalstudies.com\/es\/?s={search_term_string}"},"query-input":{"@type":"PropertyValueSpecification","valueRequired":true,"valueName":"search_term_string"}}],"inLanguage":"es"},{"@type":"Organization","@id":"https:\/\/israelbiblicalstudies.com\/es\/#organization","name":"Israel Biblical Studies","url":"https:\/\/israelbiblicalstudies.com\/es\/","logo":{"@type":"ImageObject","inLanguage":"es","@id":"https:\/\/israelbiblicalstudies.com\/es\/#\/schema\/logo\/image\/","url":"https:\/\/israelbiblicalstudies.com\/wp-content\/uploads\/2016\/09\/logo-invert.png","contentUrl":"https:\/\/israelbiblicalstudies.com\/wp-content\/uploads\/2016\/09\/logo-invert.png","width":152,"height":68,"caption":"Israel Biblical Studies"},"image":{"@id":"https:\/\/israelbiblicalstudies.com\/es\/#\/schema\/logo\/image\/"}},{"@type":"Person","@id":"https:\/\/israelbiblicalstudies.com\/es\/#\/schema\/person\/470c9356fa72a497ecb801267dff4d15","name":"Julia Blum","image":{"@type":"ImageObject","inLanguage":"es","@id":"https:\/\/israelbiblicalstudies.com\/es\/#\/schema\/person\/image\/","url":"https:\/\/secure.gravatar.com\/avatar\/bba81953dcf8395e3b4a73607c07e2f9d3e53c113398ce1fd48361f3f137b781?s=96&d=mm&r=g","contentUrl":"https:\/\/secure.gravatar.com\/avatar\/bba81953dcf8395e3b4a73607c07e2f9d3e53c113398ce1fd48361f3f137b781?s=96&d=mm&r=g","caption":"Julia Blum"},"description":"Julia is a teacher and an author of several books on biblical topics. She teaches two biblical courses at the Israel Institute of Biblical Studies, \u201cDiscovering the Hebrew Bible\u201d and \u201cJewish Background of the New Testament\u201d, and writes Hebrew insights for these courses.","url":"https:\/\/israelbiblicalstudies.com\/es\/blog\/author\/juliablum\/"}]}},"_links":{"self":[{"href":"https:\/\/israelbiblicalstudies.com\/es\/wp-json\/wp\/v2\/posts\/45146","targetHints":{"allow":["GET"]}}],"collection":[{"href":"https:\/\/israelbiblicalstudies.com\/es\/wp-json\/wp\/v2\/posts"}],"about":[{"href":"https:\/\/israelbiblicalstudies.com\/es\/wp-json\/wp\/v2\/types\/post"}],"author":[{"embeddable":true,"href":"https:\/\/israelbiblicalstudies.com\/es\/wp-json\/wp\/v2\/users\/45"}],"replies":[{"embeddable":true,"href":"https:\/\/israelbiblicalstudies.com\/es\/wp-json\/wp\/v2\/comments?post=45146"}],"version-history":[{"count":0,"href":"https:\/\/israelbiblicalstudies.com\/es\/wp-json\/wp\/v2\/posts\/45146\/revisions"}],"wp:featuredmedia":[{"embeddable":true,"href":"https:\/\/israelbiblicalstudies.com\/es\/wp-json\/wp\/v2\/media\/44712"}],"wp:attachment":[{"href":"https:\/\/israelbiblicalstudies.com\/es\/wp-json\/wp\/v2\/media?parent=45146"}],"wp:term":[{"taxonomy":"category","embeddable":true,"href":"https:\/\/israelbiblicalstudies.com\/es\/wp-json\/wp\/v2\/categories?post=45146"},{"taxonomy":"post_tag","embeddable":true,"href":"https:\/\/israelbiblicalstudies.com\/es\/wp-json\/wp\/v2\/tags?post=45146"}],"curies":[{"name":"wp","href":"https:\/\/api.w.org\/{rel}","templated":true}]}}