{"id":45159,"date":"2023-05-07T16:43:14","date_gmt":"2023-05-07T13:43:14","guid":{"rendered":"https:\/\/iibsblogsstg.wpenginepowered.com\/?p=18085"},"modified":"2025-08-13T11:26:37","modified_gmt":"2025-08-13T11:26:37","slug":"pascua-semana-santa-y-el-calendario-hebreo","status":"publish","type":"post","link":"https:\/\/israelbiblicalstudies.com\/es\/blog\/category\/jewish-studies\/pascua-semana-santa-y-el-calendario-hebreo\/","title":{"rendered":"Pascua, Semana Santa y el Calendario Hebreo"},"content":{"rendered":"<p>Queridos amigos, es posible que se sorprendan con este t\u00edtulo: ha pasado tanto la Pascua como la Semana Santa, entonces, \u00bfpor qu\u00e9 deber\u00eda escribir sobre eso ahora? De hecho,\u00a0\u00bfpor qu\u00e9? Actualmente nos encontramos en el mes de\u00a0<em>Iy\u00e1r<\/em>, el segundo mes del calendario b\u00edblico. La ra\u00edz de esta palabra viene de la palabra \u00abluz\u00bb, este es el mes del aumento de la luz \u2014lo sentimos en la naturaleza, los d\u00edas son cada vez m\u00e1s largos y luminosos y queremos que este aumento de la luz se sienta dentro de nosotros, en nuestras almas, en nuestros corazones y en nuestras mentes\u2014. \u00a1Creo que las cosas que voy a compartir hoy realmente iluminar\u00e1n a mis lectores!<\/p>\n<p><strong>La \u00daltima Cena<\/strong><\/p>\n<p>Los \u00faltimos d\u00edas de Jes\u00fas han sido de los temas m\u00e1s debatidos a lo largo de la historia del Nuevo Testamento. Muchos acad\u00e9micos respetados han comentado sobre este tema a lo largo de los a\u00f1os. \u00bfCu\u00e1ndo fue la \u00daltima Cena, por ejemplo? \u00bfLa \u00daltima Cena fue un\u00a0<em>s\u00e9der<\/em>\u00a0\u2014la comida festiva que marca el comienzo de la Pascua?\u2014.<\/p>\n<p>Por supuesto, no pretendo tener las respuestas finales, pero personalmente no creo que haya sido un\u00a0<em>s\u00e9der<\/em>. \u00bfPor qu\u00e9? En primer lugar, siempre me ha dejado perpleja el hecho de que cuando Judas sali\u00f3\u00a0en medio de la \u00daltima Cena \u00ab<em>algunos pensaron, porque Judas ten\u00eda la alcanc\u00eda, que Jes\u00fas le hab\u00eda dicho: \u201cCompra lo que necesitamos para la festividad\u201d<\/em>\u00bb. En el Israel de hoy, todo estar\u00eda cerrado durante la festividad, pero incluso si algo estuviera abierto, ning\u00fan jud\u00edo piadoso pensar\u00eda en hacer algo con el dinero el d\u00eda de la festividad. Sin embargo, creo que el argumento m\u00e1s importante se encuentra en la\u00a0<em>Mishn\u00e1<\/em>: \u00ab<em>Un cordero pascual no es v\u00e1lido si fuese sacrificado para quienes no lo comer\u00e1n&#8230;<\/em>\u00bb.<strong><a href=\"#_ftn1\" name=\"_ftnref1\">[1]<\/a><\/strong> Seg\u00fan la tradici\u00f3n jud\u00eda, un cordero pascual ten\u00eda que ser comido durante la cena de Pascua! \u00a1Comer el sacrificio pascual era la parte principal del\u00a0<em>s\u00e9der<\/em>! Si el Nuevo Testamento presenta a Jes\u00fas como el Cordero Pascual, la comida que tuvo lugar ANTES del sacrificio del Cordero, por definici\u00f3n, no pudo haber sido un\u00a0<em>s\u00e9der<\/em>.<\/p>\n<p>Sin embargo, si no fue un\u00a0<em>s\u00e9der<\/em>, \u00bfqu\u00e9 fue? \u00bfCu\u00e1l era la naturaleza de esta comida? Perm\u00edtanme compartir una cita adicional de la<em>\u00a0Mishn\u00e1<\/em>, del mismo tratado de\u00a0<em>Pesaj\u00edm<\/em>:<\/p>\n<p>\u00ab<em><strong>\u2026Los sabios dicen que en Judea trabajaban el d\u00eda anterior a P\u00e9saj hasta el mediod\u00eda, mientras que en Galilea no trabajaban en absoluto\u2026 Cuando alguien va de un lugar donde trabaja a un lugar donde no trabaja (o de un lugar donde no lo hacen a un lugar donde lo hacen) aplicamos las restricciones m\u00e1s severas tanto del lugar de donde viene como del lugar al que va\u2026<\/strong><\/em>\u00bb.<strong><a href=\"#_ftn2\" name=\"_ftnref2\">[2]<\/a><\/strong><\/p>\n<p>En la \u00e9poca de Jes\u00fas hubo diferentes tradiciones festivas en diferentes lugares. Como todos sabemos, Jes\u00fas y sus disc\u00edpulos eran galileos, por lo tanto habr\u00edan observado las tradiciones de Galilea. Hab\u00edan varias diferencias entre la observancia de la Pascua en Judea y en Galilea, pero la m\u00e1s importante era un ayuno especial \u2014el ayuno de los primog\u00e9nitos\u2014, en memoria de los primog\u00e9nitos israelitas que fueron salvados de la muerte. Los galileos observaron este ayuno, y es por eso que leemos en la\u00a0<em>Mishn\u00e1\u00a0<\/em>que \u00aben Galilea, no trabajaron en absoluto\u00bb el d\u00eda de la Pascua. El ayuno tuvo lugar el 14 de\u00a0<em>Nis\u00e1n<\/em>.<\/p>\n<p>En hebreo la \u00faltima comida antes del ayuno se llama\u00a0<em>seud\u00e1 mafs\u00e9ket\u00a0<\/em>(si alguna vez has estado en Israel para\u00a0<em>Y\u00f3m Kip\u00far<\/em>, sabr\u00e1s que la\u00a0<em>seud\u00e1 mafs\u00e9ket<\/em>, la \u00faltima comida antes del ayuno de\u00a0<em>Y\u00f3m Kip\u00far<\/em>, es un evento muy especial). As\u00ed, en la tradici\u00f3n de Galilea, ten\u00eda que haber esta comida especial antes del comienzo de la Pascua (14 de\u00a0<em>Nis\u00e1n<\/em>) llamada\u00a0s<em>eud\u00e1 mafs\u00e9ket<\/em>. Despu\u00e9s de esta comida, habr\u00eda un d\u00eda completo de ayuno, y la pr\u00f3xima comida ser\u00eda la cena de Pascua, el\u00a0<em>s\u00e9der<\/em>.\u00a0En este sentido, esta comida era de hecho la \u00daltima Cena.<\/p>\n<p><strong>Domingo de Pascua\u2026 en\u00a0<em>shab\u00e1t<\/em><\/strong><\/p>\n<p>Tratemos ahora de averiguar los d\u00edas de la semana en que sucedi\u00f3 todo esto. La mayor\u00eda de los cristianos creen que Jes\u00fas fue crucificado el viernes y resucit\u00f3 el domingo. De acuerdo con este punto de vista tradicional, el jueves por la noche, Jes\u00fas y sus disc\u00edpulos se reunieron en Jerusal\u00e9n para la \u00daltima Cena, luego, muy tarde esa noche, Jes\u00fas fue arrestado. El viernes fue crucificado y muri\u00f3 en la cruz, para resucitar el domingo por la ma\u00f1ana. Sin embargo, \u00bfrealmente encontramos el Domingo de Resurrecci\u00f3n en los Evangelios, o este es uno de los errores m\u00e1s cruciales en la traducci\u00f3n de la Biblia?<\/p>\n<p>El texto griego del Nuevo Testamento nunca habla de la resurrecci\u00f3n de Jes\u00fas en \u00abel domingo\u00bb. Literalmente dice \u00aben<strong><em>\u00a0shab\u00e1t<\/em><\/strong>\u00bb o \u00aben\u00a0<strong>uno<\/strong>\u00a0de los\u00a0<em><strong>shabat\u00f3t<\/strong><\/em>\u00bb. Marcos escribe que Jes\u00fas resucit\u00f3 \u00ab<em>en el\u00a0<strong>primer shab\u00e1t\u00a0<\/strong>por la ma\u00f1ana<\/em>\u00bb<strong><a href=\"#_ftn3\" name=\"_ftnref3\">[3]<\/a><\/strong> (esta es la traducci\u00f3n literal; por supuesto, no la encontrar\u00edan en sus Biblias regulares). El significado de esta expresi\u00f3n es claro para quien conoce el calendario hebreo, el calendario de Dios. Es el \u00ab<em><strong>primer shab\u00e1t<\/strong><\/em>\u00bb de siete\u00a0<em>shabat\u00f3t\u00a0<\/em>semanales, contados cada a\u00f1o, desde Pascua hasta Pentecost\u00e9s. Los traductores, sin embargo, no sab\u00edan eso, por lo que decidieron que esta expresi\u00f3n significaba el \u00ab<strong>primer<\/strong>\u00a0d\u00eda de la semana\u00bb (domingo). De ah\u00ed la creencia cristiana tradicional en la resurrecci\u00f3n dominical \u2014el domingo de Pascua\u2014.<\/p>\n<p>Ahora que sabemos que Jes\u00fas resucit\u00f3 en el\u00a0<em>shab\u00e1t\u00a0<\/em>semanal, el\u00a0<strong>17 de<em>\u00a0Nis\u00e1n<\/em><\/strong>, podemos calcular todos los d\u00edas de esta semana. Si el 17 de\u00a0<em>Nis\u00e1n<\/em>\u00a0fue un\u00a0<em>shab\u00e1t<\/em>\u00a0semanal, entonces el 14 de\u00a0<em>Nis\u00e1n<\/em>, el D\u00eda del Cordero Pascual, el D\u00eda de la Crucifixi\u00f3n, fue mi\u00e9rcoles. Los cuatro Evangelios declaran que Jes\u00fas fue crucificado el D\u00eda de la Preparaci\u00f3n. Marcos, Lucas y Juan dicen que el d\u00eda siguiente fue\u00a0<em>shab\u00e1t<\/em>. Una vez m\u00e1s, si conocemos el calendario y la terminolog\u00eda de Dios, sabr\u00edamos que hay tres\u00a0<em>shabat\u00f3t<\/em>\u00a0cada a\u00f1o durante la fiesta de la Pascua: a saber, los dos\u00a0<em>shabat\u00f3t\u00a0<\/em>importantes el 15 y el 21 de\u00a0<em>Nis\u00e1n<\/em>, y un\u00a0<em>shab\u00e1t<\/em>\u00a0semanal regular en medio. Por lo tanto, tambi\u00e9n hay tres d\u00edas de Preparaci\u00f3n. Jes\u00fas fue crucificado el mi\u00e9rcoles 14 de\u00a0<em>Nis\u00e1n<\/em>, el D\u00eda de Preparaci\u00f3n para el Gran\u00a0<em>Shab\u00e1t<\/em>\u00a0del\u00a0<strong>15 de\u00a0<em>Nis\u00e1n<\/em><\/strong>. Muri\u00f3 a la hora novena (3 pm), al mismo tiempo que los corderos pascuales fueron sacrificados en Jerusal\u00e9n. Despu\u00e9s de \u00ab3 d\u00edas y 3 noches\u00bb, resucit\u00f3 el en el\u00a0<em>shab\u00e1t<\/em>\u00a0semanal, el\u00a0<strong>17 de\u00a0<em>Nis\u00e1n<\/em><\/strong>.<\/p>\n<p><strong>Entrando a Jerusal\u00e9n<\/strong><\/p>\n<p>Hoy los cristianos de todo el mundo saben que el Domingo de Ramos es el comienzo de la Semana de la Pasi\u00f3n. Una vez m\u00e1s, \u00bfestamos seguros de que Jes\u00fas entr\u00f3 el domingo a Jerusal\u00e9n? Leamos juntos los primeros vers\u00edculos de \u00c9xodo 12, donde Dios instruy\u00f3 que el cordero que iba a ser inmolado en la v\u00edspera del \u00e9xodo, fuera separado con cuatro d\u00edas de anticipaci\u00f3n:<\/p>\n<p>\u00ab<em>En el d\u00eda diez de este mes tomar\u00e1 cada uno para s\u00ed un cordero\u2026 Su cordero ser\u00e1 sin defecto\u2026 Y lo guardar\u00e1 hasta el d\u00eda catorce del mismo mes; y toda la asamblea de la congregaci\u00f3n de Israel lo sacrificar\u00e1 por la tarde<\/em>\u00bb.<\/p>\n<p>En la tradici\u00f3n jud\u00eda, el\u00a0<em>shab\u00e1t<\/em>\u00a0semanal anterior a la Pascua se llama\u00a0<em>Shab\u00e1t Hagad\u00f3l\u00a0<\/em>(Gran\u00a0<em>Shab\u00e1t<\/em>). El primer\u00a0<em>Shab\u00e1t Hagad\u00f3l<\/em>\u00a0fue en Egipto, el 10 de\u00a0<em>Nis\u00e1n<\/em>, cuando se escogi\u00f3 y apart\u00f3 el cordero pascual y comenzaron los preparativos para su matanza. Esta es la raz\u00f3n por la que Jes\u00fas tuvo que entrar a Jerusal\u00e9n el 10 de\u00a0<em>Nis\u00e1n<\/em>, el mismo d\u00eda en que el cordero perfecto iba a ser seleccionado y apartado. Una matem\u00e1tica simple nos mostrar\u00eda que si el 17 de\u00a0<em>Nis\u00e1n<\/em>\u00a0es un\u00a0<em>shab\u00e1t<\/em>\u00a0semanal, el 10 de\u00a0<em>Nis\u00e1n<\/em> tambi\u00e9n es un\u00a0<em>shab\u00e1t\u00a0<\/em>semanal. Jes\u00fas entr\u00f3 a Jerusal\u00e9n el <em>shab\u00e1t\u00a0<\/em>10 de\u00a0<em>Nis\u00e1n<\/em>, en este\u00a0<em>shab\u00e1t\u00a0<\/em>especial antes de\u00a0<em>P\u00e9saj<\/em> \u2014<em>Shab\u00e1t Hagad\u00f3l\u2014<\/em>.<\/p>\n<p>As\u00ed, el\u00a0<em>sh\u00e1bat\u00a0<\/em>10 de\u00a0<em>Nis\u00e1n<\/em>, Jes\u00fas entr\u00f3 a Jerusal\u00e9n. El martes 13 de\u00a0<em>Nis\u00e1n<\/em>, los disc\u00edpulos prepararon esta comida especial que llamamos la \u00daltima Cena y que fue, de hecho, la\u00a0<em>seud\u00e1 mafs\u00e9ket<\/em>, la \u00faltima comida antes del Ayuno de los Primog\u00e9nitos. Jes\u00fas y sus disc\u00edpulos comieron esta comida antes de la puesta del sol, antes de que el d\u00eda cambiara al 14 de\u00a0<em>Nis\u00e1n<\/em>. Luego, Jes\u00fas fue arrestado en la noche, juzgado y condenado temprano en la ma\u00f1ana, luego crucificado durante ese d\u00eda, y todo esto sucedi\u00f3 el 14 de\u00a0<em>Nis\u00e1n<\/em>, el d\u00eda de\u00a0<em>P\u00e9saj<\/em>\u00a0\u2014el d\u00eda del sacrificio del cordero pascual\u2014. El mi\u00e9rcoles 14 de\u00a0<em>Nis\u00e1n<\/em>, Jes\u00fas muri\u00f3 en la cruz; y el\u00a0<em>shab\u00e1t<\/em>\u00a017 de\u00a0<em>Nis\u00e1n<\/em>, despu\u00e9s de \u00ab3 d\u00edas y 3 noches\u00bb, \u00a1resucit\u00f3!<\/p>\n<p>&nbsp;<\/p>\n<p>&nbsp;<\/p>\n<p><a href=\"#_ftnref1\" name=\"_ftn1\">[1]<\/a> Mishn\u00e1, Tratado de Pesaj\u00edm, Cap\u00edtulo 5 Mishn\u00e1 3.<\/p>\n<p><a href=\"#_ftnref2\" name=\"_ftn2\">[2]<\/a> Mishn\u00e1, Tratado de Pesaj\u00edm, Cap\u00edtulo 4 Mishn\u00e1 1,5.<\/p>\n<p><a href=\"#_ftnref3\" name=\"_ftn3\">[3]<\/a> Marcos 16:9<\/p>\n<p>&nbsp;<\/p>\n<p><em>Si este art\u00edculo abre tu apetito por aprender m\u00e1s sobre el trasfondo jud\u00edo de las ense\u00f1anzas de Jes\u00fas, me complacer\u00eda brindarte m\u00e1s informaci\u00f3n (y tambi\u00e9n un descuento de maestro para los nuevos estudiantes) sobre nuestro incre\u00edble curso, El <span lang=\"PT-BR\"><i>\u00abJewish Background of the New Testament\u00bb (<\/i><\/span>Trasfondo jud\u00edo del Nuevo Testamento) (juliab@ <a href=\"http:\/\/eteachergroup.com\/\" target=\"_blank\" rel=\"noopener\" data-saferedirecturl=\"https:\/\/www.google.com\/url?q=http:\/\/eteachergroup.com&amp;source=gmail&amp;ust=1683729755052000&amp;usg=AOvVaw2mhXIc2kkdDL_BmPE_-gjb\">eteachergroup.com<\/a>). Tambi\u00e9n puedes disfrutar de mis libros, todos est\u00e1n basados en la Biblia y tienen ideas hebreas; puedes obtenerlos\u00a0<a href=\"https:\/\/www.amazon.com\/s?k=julia+blum&amp;crid=2SC9DWF1NHZI&amp;sprefix=julia+blum+%2Caps%2C218&amp;ref=nb_sb_noss_2\">aqu\u00ed<\/a>. En particular, despu\u00e9s de este art\u00edculo, puedo recomendarte mi libro \u00abUnlocking the Scriptures\u00bb (Desbloqueando las Escrituras), que explica varios detalles del Nuevo Testamento a trav\u00e9s del trasfondo jud\u00edo.<\/em><\/p>\n","protected":false},"excerpt":{"rendered":"<p>Queridos amigos, es posible que se sorprendan con este t\u00edtulo: ha pasado tanto la Pascua como la Semana Santa, entonces, \u00bfpor qu\u00e9 deber\u00eda escribir sobre eso ahora? De hecho,\u00a0\u00bfpor qu\u00e9? Actualmente nos encontramos en el mes de\u00a0Iy\u00e1r, el segundo mes del calendario b\u00edblico. La ra\u00edz de esta palabra viene de la palabra \u00abluz\u00bb, este es [&hellip;]<\/p>\n","protected":false},"author":45,"featured_media":44330,"comment_status":"closed","ping_status":"open","sticky":false,"template":"","format":"standard","meta":{"_acf_changed":false,"inline_featured_image":false,"footnotes":""},"categories":[565],"tags":[],"class_list":["post-45159","post","type-post","status-publish","format-standard","has-post-thumbnail","hentry","category-jewish-studies"],"acf":[],"yoast_head":"<!-- This site is optimized with the Yoast SEO plugin v26.5 - https:\/\/yoast.com\/wordpress\/plugins\/seo\/ -->\n<title>Pascua, Semana Santa y el Calendario Hebreo - Israel Institute of Biblical Studies<\/title>\n<meta name=\"description\" content=\"Queridos amigos, es posible que se sorprendan con este t\u00edtulo: ha pasado tanto la Pascua como la Semana Santa, entonces, \u00bfpor qu\u00e9 deber\u00eda escribir sobre\" \/>\n<meta name=\"robots\" content=\"index, follow, max-snippet:-1, max-image-preview:large, max-video-preview:-1\" \/>\n<link rel=\"canonical\" href=\"https:\/\/israelbiblicalstudies.com\/es\/blog\/category\/jewish-studies\/pascua-semana-santa-y-el-calendario-hebreo\/\" \/>\n<meta property=\"og:locale\" content=\"es_ES\" \/>\n<meta property=\"og:type\" content=\"article\" \/>\n<meta property=\"og:title\" content=\"Pascua, Semana Santa y el Calendario Hebreo - Israel Institute of Biblical Studies\" \/>\n<meta property=\"og:description\" content=\"Queridos amigos, es posible que se sorprendan con este t\u00edtulo: ha pasado tanto la Pascua como la Semana Santa, entonces, \u00bfpor qu\u00e9 deber\u00eda escribir sobre\" \/>\n<meta property=\"og:url\" content=\"https:\/\/israelbiblicalstudies.com\/es\/blog\/category\/jewish-studies\/pascua-semana-santa-y-el-calendario-hebreo\/\" \/>\n<meta property=\"og:site_name\" content=\"Israel Institute of Biblical Studies\" \/>\n<meta property=\"article:published_time\" content=\"2023-05-07T13:43:14+00:00\" \/>\n<meta property=\"article:modified_time\" content=\"2025-08-13T11:26:37+00:00\" \/>\n<meta property=\"og:image\" content=\"https:\/\/israelbiblicalstudies.com\/wp-content\/uploads\/2023\/05\/shutterstock_1032130249.jpg\" \/>\n\t<meta property=\"og:image:width\" content=\"1000\" \/>\n\t<meta property=\"og:image:height\" content=\"485\" \/>\n\t<meta property=\"og:image:type\" content=\"image\/jpeg\" \/>\n<meta name=\"author\" content=\"Julia Blum\" \/>\n<meta name=\"twitter:card\" content=\"summary_large_image\" \/>\n<meta name=\"twitter:label1\" content=\"Escrito por\" \/>\n\t<meta name=\"twitter:data1\" content=\"Julia Blum\" \/>\n\t<meta name=\"twitter:label2\" content=\"Tiempo de lectura\" \/>\n\t<meta name=\"twitter:data2\" content=\"7 minutos\" \/>\n<script type=\"application\/ld+json\" class=\"yoast-schema-graph\">{\"@context\":\"https:\/\/schema.org\",\"@graph\":[{\"@type\":\"Article\",\"@id\":\"https:\/\/israelbiblicalstudies.com\/es\/blog\/category\/jewish-studies\/pascua-semana-santa-y-el-calendario-hebreo\/#article\",\"isPartOf\":{\"@id\":\"https:\/\/israelbiblicalstudies.com\/es\/blog\/category\/jewish-studies\/pascua-semana-santa-y-el-calendario-hebreo\/\"},\"author\":{\"name\":\"Julia Blum\",\"@id\":\"https:\/\/israelbiblicalstudies.com\/es\/#\/schema\/person\/470c9356fa72a497ecb801267dff4d15\"},\"headline\":\"Pascua, Semana Santa y el Calendario Hebreo\",\"datePublished\":\"2023-05-07T13:43:14+00:00\",\"dateModified\":\"2025-08-13T11:26:37+00:00\",\"mainEntityOfPage\":{\"@id\":\"https:\/\/israelbiblicalstudies.com\/es\/blog\/category\/jewish-studies\/pascua-semana-santa-y-el-calendario-hebreo\/\"},\"wordCount\":1736,\"publisher\":{\"@id\":\"https:\/\/israelbiblicalstudies.com\/es\/#organization\"},\"image\":{\"@id\":\"https:\/\/israelbiblicalstudies.com\/es\/blog\/category\/jewish-studies\/pascua-semana-santa-y-el-calendario-hebreo\/#primaryimage\"},\"thumbnailUrl\":\"https:\/\/israelbiblicalstudies.com\/wp-content\/uploads\/2023\/05\/shutterstock_1032130249.jpg\",\"articleSection\":[\"Estudios Jud\u00edos\"],\"inLanguage\":\"es\"},{\"@type\":\"WebPage\",\"@id\":\"https:\/\/israelbiblicalstudies.com\/es\/blog\/category\/jewish-studies\/pascua-semana-santa-y-el-calendario-hebreo\/\",\"url\":\"https:\/\/israelbiblicalstudies.com\/es\/blog\/category\/jewish-studies\/pascua-semana-santa-y-el-calendario-hebreo\/\",\"name\":\"Pascua, Semana Santa y el Calendario Hebreo - Israel Institute of Biblical Studies\",\"isPartOf\":{\"@id\":\"https:\/\/israelbiblicalstudies.com\/es\/#website\"},\"primaryImageOfPage\":{\"@id\":\"https:\/\/israelbiblicalstudies.com\/es\/blog\/category\/jewish-studies\/pascua-semana-santa-y-el-calendario-hebreo\/#primaryimage\"},\"image\":{\"@id\":\"https:\/\/israelbiblicalstudies.com\/es\/blog\/category\/jewish-studies\/pascua-semana-santa-y-el-calendario-hebreo\/#primaryimage\"},\"thumbnailUrl\":\"https:\/\/israelbiblicalstudies.com\/wp-content\/uploads\/2023\/05\/shutterstock_1032130249.jpg\",\"datePublished\":\"2023-05-07T13:43:14+00:00\",\"dateModified\":\"2025-08-13T11:26:37+00:00\",\"description\":\"Queridos amigos, es posible que se sorprendan con este t\u00edtulo: ha pasado tanto la Pascua como la Semana Santa, entonces, \u00bfpor qu\u00e9 deber\u00eda escribir sobre\",\"breadcrumb\":{\"@id\":\"https:\/\/israelbiblicalstudies.com\/es\/blog\/category\/jewish-studies\/pascua-semana-santa-y-el-calendario-hebreo\/#breadcrumb\"},\"inLanguage\":\"es\",\"potentialAction\":[{\"@type\":\"ReadAction\",\"target\":[\"https:\/\/israelbiblicalstudies.com\/es\/blog\/category\/jewish-studies\/pascua-semana-santa-y-el-calendario-hebreo\/\"]}]},{\"@type\":\"ImageObject\",\"inLanguage\":\"es\",\"@id\":\"https:\/\/israelbiblicalstudies.com\/es\/blog\/category\/jewish-studies\/pascua-semana-santa-y-el-calendario-hebreo\/#primaryimage\",\"url\":\"https:\/\/israelbiblicalstudies.com\/wp-content\/uploads\/2023\/05\/shutterstock_1032130249.jpg\",\"contentUrl\":\"https:\/\/israelbiblicalstudies.com\/wp-content\/uploads\/2023\/05\/shutterstock_1032130249.jpg\",\"width\":1000,\"height\":485},{\"@type\":\"BreadcrumbList\",\"@id\":\"https:\/\/israelbiblicalstudies.com\/es\/blog\/category\/jewish-studies\/pascua-semana-santa-y-el-calendario-hebreo\/#breadcrumb\",\"itemListElement\":[{\"@type\":\"ListItem\",\"position\":1,\"name\":\"Home\",\"item\":\"https:\/\/israelbiblicalstudies.com\/es\/\"},{\"@type\":\"ListItem\",\"position\":2,\"name\":\"Estudios Jud\u00edos\",\"item\":\"https:\/\/israelbiblicalstudies.com\/es\/blog\/category\/jewish-studies\/\"},{\"@type\":\"ListItem\",\"position\":3,\"name\":\"Pascua, Semana Santa y el Calendario Hebreo\"}]},{\"@type\":\"WebSite\",\"@id\":\"https:\/\/israelbiblicalstudies.com\/es\/#website\",\"url\":\"https:\/\/israelbiblicalstudies.com\/es\/\",\"name\":\"Israel Institute of Biblical Studies\",\"description\":\"Deepen Your Understanding of the Bible\",\"publisher\":{\"@id\":\"https:\/\/israelbiblicalstudies.com\/es\/#organization\"},\"potentialAction\":[{\"@type\":\"SearchAction\",\"target\":{\"@type\":\"EntryPoint\",\"urlTemplate\":\"https:\/\/israelbiblicalstudies.com\/es\/?s={search_term_string}\"},\"query-input\":{\"@type\":\"PropertyValueSpecification\",\"valueRequired\":true,\"valueName\":\"search_term_string\"}}],\"inLanguage\":\"es\"},{\"@type\":\"Organization\",\"@id\":\"https:\/\/israelbiblicalstudies.com\/es\/#organization\",\"name\":\"Israel Biblical Studies\",\"url\":\"https:\/\/israelbiblicalstudies.com\/es\/\",\"logo\":{\"@type\":\"ImageObject\",\"inLanguage\":\"es\",\"@id\":\"https:\/\/israelbiblicalstudies.com\/es\/#\/schema\/logo\/image\/\",\"url\":\"https:\/\/israelbiblicalstudies.com\/wp-content\/uploads\/2016\/09\/logo-invert.png\",\"contentUrl\":\"https:\/\/israelbiblicalstudies.com\/wp-content\/uploads\/2016\/09\/logo-invert.png\",\"width\":152,\"height\":68,\"caption\":\"Israel Biblical Studies\"},\"image\":{\"@id\":\"https:\/\/israelbiblicalstudies.com\/es\/#\/schema\/logo\/image\/\"}},{\"@type\":\"Person\",\"@id\":\"https:\/\/israelbiblicalstudies.com\/es\/#\/schema\/person\/470c9356fa72a497ecb801267dff4d15\",\"name\":\"Julia Blum\",\"image\":{\"@type\":\"ImageObject\",\"inLanguage\":\"es\",\"@id\":\"https:\/\/israelbiblicalstudies.com\/es\/#\/schema\/person\/image\/\",\"url\":\"https:\/\/secure.gravatar.com\/avatar\/bba81953dcf8395e3b4a73607c07e2f9d3e53c113398ce1fd48361f3f137b781?s=96&d=mm&r=g\",\"contentUrl\":\"https:\/\/secure.gravatar.com\/avatar\/bba81953dcf8395e3b4a73607c07e2f9d3e53c113398ce1fd48361f3f137b781?s=96&d=mm&r=g\",\"caption\":\"Julia Blum\"},\"description\":\"Julia is a teacher and an author of several books on biblical topics. She teaches two biblical courses at the Israel Institute of Biblical Studies, \u201cDiscovering the Hebrew Bible\u201d and \u201cJewish Background of the New Testament\u201d, and writes Hebrew insights for these courses.\",\"url\":\"https:\/\/israelbiblicalstudies.com\/es\/blog\/author\/juliablum\/\"}]}<\/script>\n<!-- \/ Yoast SEO plugin. -->","yoast_head_json":{"title":"Pascua, Semana Santa y el Calendario Hebreo - Israel Institute of Biblical Studies","description":"Queridos amigos, es posible que se sorprendan con este t\u00edtulo: ha pasado tanto la Pascua como la Semana Santa, entonces, \u00bfpor qu\u00e9 deber\u00eda escribir sobre","robots":{"index":"index","follow":"follow","max-snippet":"max-snippet:-1","max-image-preview":"max-image-preview:large","max-video-preview":"max-video-preview:-1"},"canonical":"https:\/\/israelbiblicalstudies.com\/es\/blog\/category\/jewish-studies\/pascua-semana-santa-y-el-calendario-hebreo\/","og_locale":"es_ES","og_type":"article","og_title":"Pascua, Semana Santa y el Calendario Hebreo - Israel Institute of Biblical Studies","og_description":"Queridos amigos, es posible que se sorprendan con este t\u00edtulo: ha pasado tanto la Pascua como la Semana Santa, entonces, \u00bfpor qu\u00e9 deber\u00eda escribir sobre","og_url":"https:\/\/israelbiblicalstudies.com\/es\/blog\/category\/jewish-studies\/pascua-semana-santa-y-el-calendario-hebreo\/","og_site_name":"Israel Institute of Biblical Studies","article_published_time":"2023-05-07T13:43:14+00:00","article_modified_time":"2025-08-13T11:26:37+00:00","og_image":[{"width":1000,"height":485,"url":"https:\/\/israelbiblicalstudies.com\/wp-content\/uploads\/2023\/05\/shutterstock_1032130249.jpg","type":"image\/jpeg"}],"author":"Julia Blum","twitter_card":"summary_large_image","twitter_misc":{"Escrito por":"Julia Blum","Tiempo de lectura":"7 minutos"},"schema":{"@context":"https:\/\/schema.org","@graph":[{"@type":"Article","@id":"https:\/\/israelbiblicalstudies.com\/es\/blog\/category\/jewish-studies\/pascua-semana-santa-y-el-calendario-hebreo\/#article","isPartOf":{"@id":"https:\/\/israelbiblicalstudies.com\/es\/blog\/category\/jewish-studies\/pascua-semana-santa-y-el-calendario-hebreo\/"},"author":{"name":"Julia Blum","@id":"https:\/\/israelbiblicalstudies.com\/es\/#\/schema\/person\/470c9356fa72a497ecb801267dff4d15"},"headline":"Pascua, Semana Santa y el Calendario Hebreo","datePublished":"2023-05-07T13:43:14+00:00","dateModified":"2025-08-13T11:26:37+00:00","mainEntityOfPage":{"@id":"https:\/\/israelbiblicalstudies.com\/es\/blog\/category\/jewish-studies\/pascua-semana-santa-y-el-calendario-hebreo\/"},"wordCount":1736,"publisher":{"@id":"https:\/\/israelbiblicalstudies.com\/es\/#organization"},"image":{"@id":"https:\/\/israelbiblicalstudies.com\/es\/blog\/category\/jewish-studies\/pascua-semana-santa-y-el-calendario-hebreo\/#primaryimage"},"thumbnailUrl":"https:\/\/israelbiblicalstudies.com\/wp-content\/uploads\/2023\/05\/shutterstock_1032130249.jpg","articleSection":["Estudios Jud\u00edos"],"inLanguage":"es"},{"@type":"WebPage","@id":"https:\/\/israelbiblicalstudies.com\/es\/blog\/category\/jewish-studies\/pascua-semana-santa-y-el-calendario-hebreo\/","url":"https:\/\/israelbiblicalstudies.com\/es\/blog\/category\/jewish-studies\/pascua-semana-santa-y-el-calendario-hebreo\/","name":"Pascua, Semana Santa y el Calendario Hebreo - Israel Institute of Biblical Studies","isPartOf":{"@id":"https:\/\/israelbiblicalstudies.com\/es\/#website"},"primaryImageOfPage":{"@id":"https:\/\/israelbiblicalstudies.com\/es\/blog\/category\/jewish-studies\/pascua-semana-santa-y-el-calendario-hebreo\/#primaryimage"},"image":{"@id":"https:\/\/israelbiblicalstudies.com\/es\/blog\/category\/jewish-studies\/pascua-semana-santa-y-el-calendario-hebreo\/#primaryimage"},"thumbnailUrl":"https:\/\/israelbiblicalstudies.com\/wp-content\/uploads\/2023\/05\/shutterstock_1032130249.jpg","datePublished":"2023-05-07T13:43:14+00:00","dateModified":"2025-08-13T11:26:37+00:00","description":"Queridos amigos, es posible que se sorprendan con este t\u00edtulo: ha pasado tanto la Pascua como la Semana Santa, entonces, \u00bfpor qu\u00e9 deber\u00eda escribir sobre","breadcrumb":{"@id":"https:\/\/israelbiblicalstudies.com\/es\/blog\/category\/jewish-studies\/pascua-semana-santa-y-el-calendario-hebreo\/#breadcrumb"},"inLanguage":"es","potentialAction":[{"@type":"ReadAction","target":["https:\/\/israelbiblicalstudies.com\/es\/blog\/category\/jewish-studies\/pascua-semana-santa-y-el-calendario-hebreo\/"]}]},{"@type":"ImageObject","inLanguage":"es","@id":"https:\/\/israelbiblicalstudies.com\/es\/blog\/category\/jewish-studies\/pascua-semana-santa-y-el-calendario-hebreo\/#primaryimage","url":"https:\/\/israelbiblicalstudies.com\/wp-content\/uploads\/2023\/05\/shutterstock_1032130249.jpg","contentUrl":"https:\/\/israelbiblicalstudies.com\/wp-content\/uploads\/2023\/05\/shutterstock_1032130249.jpg","width":1000,"height":485},{"@type":"BreadcrumbList","@id":"https:\/\/israelbiblicalstudies.com\/es\/blog\/category\/jewish-studies\/pascua-semana-santa-y-el-calendario-hebreo\/#breadcrumb","itemListElement":[{"@type":"ListItem","position":1,"name":"Home","item":"https:\/\/israelbiblicalstudies.com\/es\/"},{"@type":"ListItem","position":2,"name":"Estudios Jud\u00edos","item":"https:\/\/israelbiblicalstudies.com\/es\/blog\/category\/jewish-studies\/"},{"@type":"ListItem","position":3,"name":"Pascua, Semana Santa y el Calendario Hebreo"}]},{"@type":"WebSite","@id":"https:\/\/israelbiblicalstudies.com\/es\/#website","url":"https:\/\/israelbiblicalstudies.com\/es\/","name":"Israel Institute of Biblical Studies","description":"Deepen Your Understanding of the Bible","publisher":{"@id":"https:\/\/israelbiblicalstudies.com\/es\/#organization"},"potentialAction":[{"@type":"SearchAction","target":{"@type":"EntryPoint","urlTemplate":"https:\/\/israelbiblicalstudies.com\/es\/?s={search_term_string}"},"query-input":{"@type":"PropertyValueSpecification","valueRequired":true,"valueName":"search_term_string"}}],"inLanguage":"es"},{"@type":"Organization","@id":"https:\/\/israelbiblicalstudies.com\/es\/#organization","name":"Israel Biblical Studies","url":"https:\/\/israelbiblicalstudies.com\/es\/","logo":{"@type":"ImageObject","inLanguage":"es","@id":"https:\/\/israelbiblicalstudies.com\/es\/#\/schema\/logo\/image\/","url":"https:\/\/israelbiblicalstudies.com\/wp-content\/uploads\/2016\/09\/logo-invert.png","contentUrl":"https:\/\/israelbiblicalstudies.com\/wp-content\/uploads\/2016\/09\/logo-invert.png","width":152,"height":68,"caption":"Israel Biblical Studies"},"image":{"@id":"https:\/\/israelbiblicalstudies.com\/es\/#\/schema\/logo\/image\/"}},{"@type":"Person","@id":"https:\/\/israelbiblicalstudies.com\/es\/#\/schema\/person\/470c9356fa72a497ecb801267dff4d15","name":"Julia Blum","image":{"@type":"ImageObject","inLanguage":"es","@id":"https:\/\/israelbiblicalstudies.com\/es\/#\/schema\/person\/image\/","url":"https:\/\/secure.gravatar.com\/avatar\/bba81953dcf8395e3b4a73607c07e2f9d3e53c113398ce1fd48361f3f137b781?s=96&d=mm&r=g","contentUrl":"https:\/\/secure.gravatar.com\/avatar\/bba81953dcf8395e3b4a73607c07e2f9d3e53c113398ce1fd48361f3f137b781?s=96&d=mm&r=g","caption":"Julia Blum"},"description":"Julia is a teacher and an author of several books on biblical topics. She teaches two biblical courses at the Israel Institute of Biblical Studies, \u201cDiscovering the Hebrew Bible\u201d and \u201cJewish Background of the New Testament\u201d, and writes Hebrew insights for these courses.","url":"https:\/\/israelbiblicalstudies.com\/es\/blog\/author\/juliablum\/"}]}},"_links":{"self":[{"href":"https:\/\/israelbiblicalstudies.com\/es\/wp-json\/wp\/v2\/posts\/45159","targetHints":{"allow":["GET"]}}],"collection":[{"href":"https:\/\/israelbiblicalstudies.com\/es\/wp-json\/wp\/v2\/posts"}],"about":[{"href":"https:\/\/israelbiblicalstudies.com\/es\/wp-json\/wp\/v2\/types\/post"}],"author":[{"embeddable":true,"href":"https:\/\/israelbiblicalstudies.com\/es\/wp-json\/wp\/v2\/users\/45"}],"replies":[{"embeddable":true,"href":"https:\/\/israelbiblicalstudies.com\/es\/wp-json\/wp\/v2\/comments?post=45159"}],"version-history":[{"count":0,"href":"https:\/\/israelbiblicalstudies.com\/es\/wp-json\/wp\/v2\/posts\/45159\/revisions"}],"wp:featuredmedia":[{"embeddable":true,"href":"https:\/\/israelbiblicalstudies.com\/es\/wp-json\/wp\/v2\/media\/44330"}],"wp:attachment":[{"href":"https:\/\/israelbiblicalstudies.com\/es\/wp-json\/wp\/v2\/media?parent=45159"}],"wp:term":[{"taxonomy":"category","embeddable":true,"href":"https:\/\/israelbiblicalstudies.com\/es\/wp-json\/wp\/v2\/categories?post=45159"},{"taxonomy":"post_tag","embeddable":true,"href":"https:\/\/israelbiblicalstudies.com\/es\/wp-json\/wp\/v2\/tags?post=45159"}],"curies":[{"name":"wp","href":"https:\/\/api.w.org\/{rel}","templated":true}]}}