{"id":12058,"date":"2017-12-26T11:36:21","date_gmt":"2017-12-26T08:36:21","guid":{"rendered":"https:\/\/iibsblogsstg.wpenginepowered.com\/?p=12058\/"},"modified":"2025-08-13T11:34:51","modified_gmt":"2025-08-13T11:34:51","slug":"inicio-de-2018-desde-jerusalem","status":"publish","type":"post","link":"https:\/\/israelbiblicalstudies.com\/pt\/blog\/category\/jewish-studies\/inicio-de-2018-desde-jerusalem\/","title":{"rendered":"In\u00edcio de 2018 desde Jerusal\u00e9m"},"content":{"rendered":"<p><strong>O rel\u00f3gio prof\u00e9tico<\/strong><\/p>\n<p>Talvez alguns dos meus leitores se lembrem da minha publica\u00e7\u00e3o do Ano Novo anterior: IN\u00cdCIO DE 2017 DESDE JERUSAL\u00c9M.\u00a0Eu escrevi sobre a &#8220;profecia&#8221; do Rabino Judah Ben Samuel (o nome Hebraico \u00e9 Yehudah Hachassid \u2013Judah the Pious\u2013) e in\u00fameros sites de l\u00edngua Inglesa que &#8220;profetizaram&#8221; a vinda do Messias em 2017. Mostrei que n\u00e3o t\u00ednhamos nenhuma prova de que havia tal profecia, e, portanto, temos todas as raz\u00f5es para sermos cautelosos sobre essas especula\u00e7\u00f5es.\u00a0Eu ent\u00e3o escrevi: &#8220;Tendo dito isto, tenho que admitir que entendo perfeitamente esses sentimentos sobre 2017, e tamb\u00e9m tenho tend\u00eancia a v\u00ea-lo como um ano de significado prof\u00e9tico. Todos sabemos que o rel\u00f3gio prof\u00e9tico de Deus est\u00e1 ligado a Israel e Jerusal\u00e9m. O primeiro ato oficial por uma na\u00e7\u00e3o Gentia que deu aos Judeus o direito legal sobre a Terra Santa, foi a Declara\u00e7\u00e3o de Balfour, e isso aconteceu em\u00a01917. Ent\u00e3o, 50 anos depois, em\u00a01967, ap\u00f3s a Guerra dos Seis Dias, Jerusal\u00e9m foi reconquistada, reunificada e declarada como a eterna e indivis\u00edvel capital do Estado de Israel. Ap\u00f3s 50 anos a partir de 1967, no inicio do ano de\u00a02017\u00a0\u2013e iniciando-o de Jerusal\u00e9m\u2013 eu n\u00e3o posso deixar de antecipar a import\u00e2ncia deste ano para o meu pa\u00eds e minha cidade, para Israel e para Jerusal\u00e9m, \u2013e para o mundo todo\u2013&#8221;.<\/p>\n<p>Quanto mais perto chegava o Ano Novo, mais preocupada eu estava ficando, enquanto pensava no meu post de Ano novo e no fato de que, apesar das minhas previs\u00f5es, em 2017 n\u00e3o havia acontecido nada de significativo em Israel ou em Jerusal\u00e9m. Por\u00e9m, h\u00e1 o tempo de Deus e n\u00e3o se pode ignorar isso.\u00a0De repente \u2013ou parecia de repente\u2013 em 6 de dezembro, ouvimos a declara\u00e7\u00e3o de Trump sobre o reconhecimento de Jerusal\u00e9m como a capital de Israel!\u00a0Eu sei que h\u00e1 opini\u00f5es controversas sobre isso, e eu n\u00e3o vou entrar em debates pol\u00edticos aqu\u00ed \u2013e confiem em mim\u2013, \u00e9 muito controverso aqui tamb\u00e9m, porque \u00e9 Israel, em primeiro lugar, quem paga o pre\u00e7o da ousadia de Trump mas, quando esperava ouvir a declara\u00e7\u00e3o de Trump, o comentarista de not\u00edcias da FOX disse: &#8220;Estamos esperando que o Presidente Trump venha e mude a hist\u00f3ria&#8221;. Provavelmente foi nesse momento que percebi que essa &#8220;mudan\u00e7a de hist\u00f3ria&#8221; est\u00e1 acontecendo em 2017!\u00a0Eu acredito que isso lan\u00e7a luz adicional sobre a atitude do presidente Trump: parece ser um evento prof\u00e9tico, especialmente porque aconteceu em uma correspond\u00eancia completa com o rel\u00f3gio prof\u00e9tico de Deus: 1917-1967-2017<a href=\"#_ftn1\" name=\"_ftnref1\">[1]<\/a>. \u00a0O ponteiro do rel\u00f3gio avan\u00e7ou mais uma ve.<\/p>\n<p>&nbsp;<\/p>\n<p><em><strong>Deus o tornou em Bem<\/strong><\/em><\/p>\n<p>Isso significa que, \u00e0 medida que nos aproximamos do Ano Novo, temos mais raz\u00f5es para ouvir o que Deus est\u00e1 nos dizendo?\u00a0Acredito que as por\u00e7\u00f5es semanais da Tor\u00e1 s\u00e3o ordenadas divinamente, e que Deus fala com Seu povo \u2013e com cada um de n\u00f3s pessoalmente\u2013 atrav\u00e9s dessas por\u00e7\u00f5es da Escritura \u2013<em>Parashot Shavua<\/em>\u2013.\u00a0A transi\u00e7\u00e3o de um ano para o outro torna-se ainda mais significativa quando percebemos que a por\u00e7\u00e3o da Tor\u00e1 para 30 de dezembro \u2013o \u00faltimo Shabbat de 2017\u2013 \u00e9\u00a0<em>Vayechi<\/em>, a \u00faltima parte do livro de G\u00eanesis.\u00a0Voc\u00eas podem imaginar?\u00a0Entraremos neste Ano Novo depois de ter terminado o livro do G\u00eanesis: abrindo verdadeiramente, n\u00e3o apenas uma nova p\u00e1gina, mas abrindo um novo livro em nossas vidas.<\/p>\n<p>H\u00e1 muitas coisas que podemos dizer sobre<em>\u00a0Vayechi<\/em>\u00a0(como sobre todas as partes da Tor\u00e1).\u00a0Por exemplo, as b\u00ean\u00e7\u00e3os profundas e prof\u00e9ticas de Jac\u00f3 para seus filhos est\u00e3o nesta por\u00e7\u00e3o e, claro, muito pode ser dito sobre essas b\u00ean\u00e7\u00e3os.\u00a0No entanto, queria apontar algo que foi de particular encorajamento para mim \u2013e espero que seja um encorajamento para voc\u00eas tamb\u00e9m\u2013.\u00a0No final do livro \u2013como um selo sobre a hist\u00f3ria de Jos\u00e9, no livro do G\u00eanesis, e tamb\u00e9m em nossas vidas\u2013 Jos\u00e9 diz aos seus irm\u00e3os: &#8220;<em>Deus o tornou em bem<\/em>&#8220;.\u00a0N\u00e3o s\u00e3o essas palavras incr\u00edveis para um Ano Novo?\u00a0Tanto na B\u00edblia quanto em nossas vidas, Deus sempre executa Seu plano atrav\u00e9s das pessoas: n\u00e3o s\u00f3 atrav\u00e9s das for\u00e7as e f\u00e9 das pessoas, mas tamb\u00e9m atrav\u00e9s de suas fraquezas e erros.\u00a0\u00c9 um sentimento maravilhoso: quando se pode olhar para tr\u00e1s o ano que est\u00e1 prestes a terminar, ver todos os erros e maldades que cada um de n\u00f3s experimentou este ano, e confiar que o Senhor pode realizar o Seu bem, mesmo com os nossos erros:\u00a0<em>Deus o tornou em bem<\/em>.<\/p>\n<p><strong>Como a Efraim e a Manass\u00e9s<\/strong><\/p>\n<p>H\u00e1 uma cena muito interessante nesta Por\u00e7\u00e3o que explica um dos dilemas dos costumes Judaicos.\u00a0Durante todas as celebra\u00e7\u00f5es do Shabbat na noite de Sexta-feira, os pais Judeus aben\u00e7oam seus filhos com a ben\u00e7\u00e3o sacerdotal.<a href=\"#_ftn2\" name=\"_ftnref2\">[2]<\/a> A linha introdut\u00f3ria desta ben\u00e7\u00e3o depende se a crian\u00e7a \u00e9 um menino ou uma menina.<\/p>\n<p>Para as meninas, a linha introdut\u00f3ria \u00e9:<\/p>\n<p>Que Deus fa\u00e7a com voc\u00ea como fez com Sara, Rebeca, Raquel e Lia.<\/p>\n<p>Para meninos, a linha introdut\u00f3ria \u00e9:<\/p>\n<p><strong>Que Deus fa\u00e7a com voc\u00ea como fez com Efraim e com Manass\u00e9s.<\/strong><\/p>\n<p>Por que os pais Judeus aben\u00e7oam seus filhos pelos nomes dos filhos de Jos\u00e9?\u00a0Por que os filhos de Jos\u00e9 s\u00e3o escolhidos para essa ben\u00e7\u00e3o em vez dos patriarcas, Abra\u00e3o, Isaque e Jac\u00f3?<\/p>\n<p>Sabemos que Jos\u00e9 teve dois filhos no Egito.\u00a0Em primeiro lugar, vamos tentar entender o significado Hebraico original de seus nomes.<em>\u00a0Jos\u00e9 chamou o nome do primog\u00eanito Manass\u00e9s. \u00a0<\/em>O nome de\u00a0<strong>Menashe <\/strong>(<strong>Manass\u00e9s<\/strong>) \u00e9 derivado da raiz Hebraica \u05e0\u05b8\u05e9\u05b8\u05c1\u05d4 : &#8220;fazer esquecer&#8221;. Jos\u00e9 queria esquecer todo o sofrimento e afli\u00e7\u00e3o que ele atravessou.\u00a0\u00c9 por isso que ele chamou seu filho Manass\u00e9s.\u00a0<em>O segundo foi chamado\u00a0<strong>Efraim<\/strong>. <\/em>O nome de Efraim \u00e9 derivado da raiz<em>\u00a0<\/em>\u00a0\u05e4\u05bc\u05b8\u05e8\u05b8\u05d4 \u00a0\u2013 &#8220;tornar frut\u00edfero&#8221;.\u00a0Evidentemente, Jos\u00e9 conseguiu esquecer seu sofrimento e avan\u00e7ar: tornar-se frut\u00edfero e produtivo na terra estrangeira.<\/p>\n<p>Antes de sua morte, Jac\u00f3 escolhe seus dois netos para as ben\u00e7\u00e3os atrav\u00e9s dos tempos:\u00a0aben\u00e7oou-os naquele dia, dizendo: <em>Os Israelitas usar\u00e3o os nomes de voc\u00eas para dar a ben\u00e7\u00e3o. Eles v\u00e3o dizer assim: &#8220;Que Deus fa\u00e7a com voc\u00ea como fez com Efraim e com Manass\u00e9s&#8221;.\u2019<\/em><a href=\"#_ftn3\" name=\"_ftnref3\">[3]<\/a> Os Rabinos Judeus veem uma mensagem poderosa nesta b\u00ean\u00e7\u00e3o.\u00a0Quando dizemos aos nossos filhos: &#8220;Que Deus fa\u00e7a com voc\u00ea como fez com Efraim e com Manass\u00e9s&#8221;, desejamos que estejam sempre espiritualmente ligados ao seu povo e ao seu Deus, independentemente de onde eles vivam e cres\u00e7am.\u00a0Al\u00e9m disso, Efraim e Manass\u00e9s s\u00e3o os primeiros irm\u00e3os da Tor\u00e1, cuja rela\u00e7\u00e3o n\u00e3o \u00e9 marcada pelo ci\u00fame e pela rivalidade \u2013um poderoso testemunho da paz no cora\u00e7\u00e3o de Jos\u00e9 e na casa de Jos\u00e9\u2013.\u00a0Eu acredito que esta \u00e9 a mensagem de Deus para este Ano Novo: Ele quer que possamos ter paz em nossos cora\u00e7\u00f5es e paz em nossas casas, e estar sempre em sintonia com o Deus de Israel, n\u00e3o importando quanto possa ser poderoso ou tentador o ambiente &#8220;Eg\u00edpcio&#8221; que nos cerca.<\/p>\n<p>&nbsp;<\/p>\n<p><a href=\"#_ftnref1\" name=\"_ftn1\">[1]<\/a>\u00a0Foi tamb\u00e9m em 8 de dezembro de 1947 que a ONU pediu o estabelecimento de um Estado Judeu na terra de Israel, quase exatamente 70 anos antes da declara\u00e7\u00e3o de Trump, 70 sendo outro n\u00famero b\u00edblico significativo.<\/p>\n<p><a href=\"#_ftnref2\" name=\"_ftn2\">[2]<\/a> N\u00fameros 6:24-26<\/p>\n<p><a href=\"#_ftnref3\" name=\"_ftn3\">[3]<\/a> G\u00eanesis 48:20<\/p>\n","protected":false},"excerpt":{"rendered":"<p>O rel\u00f3gio prof\u00e9tico Talvez alguns dos meus leitores se lembrem da minha publica\u00e7\u00e3o do Ano Novo anterior: IN\u00cdCIO DE 2017 DESDE JERUSAL\u00c9M.\u00a0Eu escrevi sobre a &#8220;profecia&#8221; do Rabino Judah Ben Samuel (o nome Hebraico \u00e9 Yehudah Hachassid \u2013Judah the Pious\u2013) e in\u00fameros sites de l\u00edngua Inglesa que &#8220;profetizaram&#8221; a vinda do Messias em 2017. Mostrei [&hellip;]<\/p>\n","protected":false},"author":45,"featured_media":12047,"comment_status":"closed","ping_status":"open","sticky":false,"template":"","format":"standard","meta":{"_acf_changed":false,"inline_featured_image":false,"footnotes":""},"categories":[395],"tags":[],"class_list":["post-12058","post","type-post","status-publish","format-standard","has-post-thumbnail","hentry","category-jewish-studies"],"acf":[],"yoast_head":"<!-- This site is optimized with the Yoast SEO plugin v26.5 - https:\/\/yoast.com\/wordpress\/plugins\/seo\/ -->\n<title>In\u00edcio de 2018 desde Jerusal\u00e9m - Israel Institute of Biblical Studies<\/title>\n<meta name=\"description\" content=\"O rel\u00f3gio prof\u00e9tico Talvez alguns dos meus leitores se lembrem da minha publica\u00e7\u00e3o do Ano Novo anterior: IN\u00cdCIO DE 2017 DESDE JERUSAL\u00c9M.\u00a0Eu escrevi sobre\" \/>\n<meta name=\"robots\" content=\"index, follow, max-snippet:-1, max-image-preview:large, max-video-preview:-1\" \/>\n<link rel=\"canonical\" href=\"https:\/\/israelbiblicalstudies.com\/pt\/blog\/category\/jewish-studies\/inicio-de-2018-desde-jerusalem\/\" \/>\n<meta property=\"og:locale\" content=\"pt_BR\" \/>\n<meta property=\"og:type\" content=\"article\" \/>\n<meta property=\"og:title\" content=\"In\u00edcio de 2018 desde Jerusal\u00e9m - Israel Institute of Biblical Studies\" \/>\n<meta property=\"og:description\" content=\"O rel\u00f3gio prof\u00e9tico Talvez alguns dos meus leitores se lembrem da minha publica\u00e7\u00e3o do Ano Novo anterior: IN\u00cdCIO DE 2017 DESDE JERUSAL\u00c9M.\u00a0Eu escrevi sobre\" \/>\n<meta property=\"og:url\" content=\"https:\/\/israelbiblicalstudies.com\/pt\/blog\/category\/jewish-studies\/inicio-de-2018-desde-jerusalem\/\" \/>\n<meta property=\"og:site_name\" content=\"Israel Institute of Biblical Studies\" \/>\n<meta property=\"article:published_time\" content=\"2017-12-26T08:36:21+00:00\" \/>\n<meta property=\"article:modified_time\" content=\"2025-08-13T11:34:51+00:00\" \/>\n<meta property=\"og:image\" content=\"https:\/\/israelbiblicalstudies.com\/wp-content\/uploads\/2017\/12\/shutterstock_351014744-1.jpg\" \/>\n\t<meta property=\"og:image:width\" content=\"1000\" \/>\n\t<meta property=\"og:image:height\" content=\"492\" \/>\n\t<meta property=\"og:image:type\" content=\"image\/jpeg\" \/>\n<meta name=\"author\" content=\"Julia Blum\" \/>\n<meta name=\"twitter:card\" content=\"summary_large_image\" \/>\n<meta name=\"twitter:label1\" content=\"Escrito por\" \/>\n\t<meta name=\"twitter:data1\" content=\"Julia Blum\" \/>\n\t<meta name=\"twitter:label2\" content=\"Est. tempo de leitura\" \/>\n\t<meta name=\"twitter:data2\" content=\"6 minutos\" \/>\n<script type=\"application\/ld+json\" class=\"yoast-schema-graph\">{\"@context\":\"https:\/\/schema.org\",\"@graph\":[{\"@type\":\"Article\",\"@id\":\"https:\/\/israelbiblicalstudies.com\/pt\/blog\/category\/jewish-studies\/inicio-de-2018-desde-jerusalem\/#article\",\"isPartOf\":{\"@id\":\"https:\/\/israelbiblicalstudies.com\/pt\/blog\/category\/jewish-studies\/inicio-de-2018-desde-jerusalem\/\"},\"author\":{\"name\":\"Julia Blum\",\"@id\":\"https:\/\/israelbiblicalstudies.com\/pt\/#\/schema\/person\/470c9356fa72a497ecb801267dff4d15\"},\"headline\":\"In\u00edcio de 2018 desde Jerusal\u00e9m\",\"datePublished\":\"2017-12-26T08:36:21+00:00\",\"dateModified\":\"2025-08-13T11:34:51+00:00\",\"mainEntityOfPage\":{\"@id\":\"https:\/\/israelbiblicalstudies.com\/pt\/blog\/category\/jewish-studies\/inicio-de-2018-desde-jerusalem\/\"},\"wordCount\":1290,\"publisher\":{\"@id\":\"https:\/\/israelbiblicalstudies.com\/pt\/#organization\"},\"image\":{\"@id\":\"https:\/\/israelbiblicalstudies.com\/pt\/blog\/category\/jewish-studies\/inicio-de-2018-desde-jerusalem\/#primaryimage\"},\"thumbnailUrl\":\"https:\/\/israelbiblicalstudies.com\/wp-content\/uploads\/2017\/12\/shutterstock_351014744-1.jpg\",\"articleSection\":[\"Estudos Judaicos\"],\"inLanguage\":\"pt-BR\"},{\"@type\":\"WebPage\",\"@id\":\"https:\/\/israelbiblicalstudies.com\/pt\/blog\/category\/jewish-studies\/inicio-de-2018-desde-jerusalem\/\",\"url\":\"https:\/\/israelbiblicalstudies.com\/pt\/blog\/category\/jewish-studies\/inicio-de-2018-desde-jerusalem\/\",\"name\":\"In\u00edcio de 2018 desde Jerusal\u00e9m - Israel Institute of Biblical Studies\",\"isPartOf\":{\"@id\":\"https:\/\/israelbiblicalstudies.com\/pt\/#website\"},\"primaryImageOfPage\":{\"@id\":\"https:\/\/israelbiblicalstudies.com\/pt\/blog\/category\/jewish-studies\/inicio-de-2018-desde-jerusalem\/#primaryimage\"},\"image\":{\"@id\":\"https:\/\/israelbiblicalstudies.com\/pt\/blog\/category\/jewish-studies\/inicio-de-2018-desde-jerusalem\/#primaryimage\"},\"thumbnailUrl\":\"https:\/\/israelbiblicalstudies.com\/wp-content\/uploads\/2017\/12\/shutterstock_351014744-1.jpg\",\"datePublished\":\"2017-12-26T08:36:21+00:00\",\"dateModified\":\"2025-08-13T11:34:51+00:00\",\"description\":\"O rel\u00f3gio prof\u00e9tico Talvez alguns dos meus leitores se lembrem da minha publica\u00e7\u00e3o do Ano Novo anterior: IN\u00cdCIO DE 2017 DESDE JERUSAL\u00c9M.\u00a0Eu escrevi sobre\",\"breadcrumb\":{\"@id\":\"https:\/\/israelbiblicalstudies.com\/pt\/blog\/category\/jewish-studies\/inicio-de-2018-desde-jerusalem\/#breadcrumb\"},\"inLanguage\":\"pt-BR\",\"potentialAction\":[{\"@type\":\"ReadAction\",\"target\":[\"https:\/\/israelbiblicalstudies.com\/pt\/blog\/category\/jewish-studies\/inicio-de-2018-desde-jerusalem\/\"]}]},{\"@type\":\"ImageObject\",\"inLanguage\":\"pt-BR\",\"@id\":\"https:\/\/israelbiblicalstudies.com\/pt\/blog\/category\/jewish-studies\/inicio-de-2018-desde-jerusalem\/#primaryimage\",\"url\":\"https:\/\/israelbiblicalstudies.com\/wp-content\/uploads\/2017\/12\/shutterstock_351014744-1.jpg\",\"contentUrl\":\"https:\/\/israelbiblicalstudies.com\/wp-content\/uploads\/2017\/12\/shutterstock_351014744-1.jpg\",\"width\":1000,\"height\":492},{\"@type\":\"BreadcrumbList\",\"@id\":\"https:\/\/israelbiblicalstudies.com\/pt\/blog\/category\/jewish-studies\/inicio-de-2018-desde-jerusalem\/#breadcrumb\",\"itemListElement\":[{\"@type\":\"ListItem\",\"position\":1,\"name\":\"Home\",\"item\":\"https:\/\/israelbiblicalstudies.com\/pt\/\"},{\"@type\":\"ListItem\",\"position\":2,\"name\":\"Estudos Judaicos\",\"item\":\"https:\/\/israelbiblicalstudies.com\/pt\/blog\/category\/jewish-studies\/\"},{\"@type\":\"ListItem\",\"position\":3,\"name\":\"In\u00edcio de 2018 desde Jerusal\u00e9m\"}]},{\"@type\":\"WebSite\",\"@id\":\"https:\/\/israelbiblicalstudies.com\/pt\/#website\",\"url\":\"https:\/\/israelbiblicalstudies.com\/pt\/\",\"name\":\"Israel Institute of Biblical Studies\",\"description\":\"Deepen Your Understanding of the Bible\",\"publisher\":{\"@id\":\"https:\/\/israelbiblicalstudies.com\/pt\/#organization\"},\"potentialAction\":[{\"@type\":\"SearchAction\",\"target\":{\"@type\":\"EntryPoint\",\"urlTemplate\":\"https:\/\/israelbiblicalstudies.com\/pt\/?s={search_term_string}\"},\"query-input\":{\"@type\":\"PropertyValueSpecification\",\"valueRequired\":true,\"valueName\":\"search_term_string\"}}],\"inLanguage\":\"pt-BR\"},{\"@type\":\"Organization\",\"@id\":\"https:\/\/israelbiblicalstudies.com\/pt\/#organization\",\"name\":\"Israel Biblical Studies\",\"url\":\"https:\/\/israelbiblicalstudies.com\/pt\/\",\"logo\":{\"@type\":\"ImageObject\",\"inLanguage\":\"pt-BR\",\"@id\":\"https:\/\/israelbiblicalstudies.com\/pt\/#\/schema\/logo\/image\/\",\"url\":\"https:\/\/israelbiblicalstudies.com\/wp-content\/uploads\/2016\/09\/logo-invert.png\",\"contentUrl\":\"https:\/\/israelbiblicalstudies.com\/wp-content\/uploads\/2016\/09\/logo-invert.png\",\"width\":152,\"height\":68,\"caption\":\"Israel Biblical Studies\"},\"image\":{\"@id\":\"https:\/\/israelbiblicalstudies.com\/pt\/#\/schema\/logo\/image\/\"}},{\"@type\":\"Person\",\"@id\":\"https:\/\/israelbiblicalstudies.com\/pt\/#\/schema\/person\/470c9356fa72a497ecb801267dff4d15\",\"name\":\"Julia Blum\",\"image\":{\"@type\":\"ImageObject\",\"inLanguage\":\"pt-BR\",\"@id\":\"https:\/\/israelbiblicalstudies.com\/pt\/#\/schema\/person\/image\/\",\"url\":\"https:\/\/secure.gravatar.com\/avatar\/bba81953dcf8395e3b4a73607c07e2f9d3e53c113398ce1fd48361f3f137b781?s=96&d=mm&r=g\",\"contentUrl\":\"https:\/\/secure.gravatar.com\/avatar\/bba81953dcf8395e3b4a73607c07e2f9d3e53c113398ce1fd48361f3f137b781?s=96&d=mm&r=g\",\"caption\":\"Julia Blum\"},\"description\":\"Julia is a teacher and an author of several books on biblical topics. She teaches two biblical courses at the Israel Institute of Biblical Studies, \u201cDiscovering the Hebrew Bible\u201d and \u201cJewish Background of the New Testament\u201d, and writes Hebrew insights for these courses.\",\"url\":\"https:\/\/israelbiblicalstudies.com\/pt\/blog\/author\/juliablum\/\"}]}<\/script>\n<!-- \/ Yoast SEO plugin. -->","yoast_head_json":{"title":"In\u00edcio de 2018 desde Jerusal\u00e9m - Israel Institute of Biblical Studies","description":"O rel\u00f3gio prof\u00e9tico Talvez alguns dos meus leitores se lembrem da minha publica\u00e7\u00e3o do Ano Novo anterior: IN\u00cdCIO DE 2017 DESDE JERUSAL\u00c9M.\u00a0Eu escrevi sobre","robots":{"index":"index","follow":"follow","max-snippet":"max-snippet:-1","max-image-preview":"max-image-preview:large","max-video-preview":"max-video-preview:-1"},"canonical":"https:\/\/israelbiblicalstudies.com\/pt\/blog\/category\/jewish-studies\/inicio-de-2018-desde-jerusalem\/","og_locale":"pt_BR","og_type":"article","og_title":"In\u00edcio de 2018 desde Jerusal\u00e9m - Israel Institute of Biblical Studies","og_description":"O rel\u00f3gio prof\u00e9tico Talvez alguns dos meus leitores se lembrem da minha publica\u00e7\u00e3o do Ano Novo anterior: IN\u00cdCIO DE 2017 DESDE JERUSAL\u00c9M.\u00a0Eu escrevi sobre","og_url":"https:\/\/israelbiblicalstudies.com\/pt\/blog\/category\/jewish-studies\/inicio-de-2018-desde-jerusalem\/","og_site_name":"Israel Institute of Biblical Studies","article_published_time":"2017-12-26T08:36:21+00:00","article_modified_time":"2025-08-13T11:34:51+00:00","og_image":[{"width":1000,"height":492,"url":"https:\/\/israelbiblicalstudies.com\/wp-content\/uploads\/2017\/12\/shutterstock_351014744-1.jpg","type":"image\/jpeg"}],"author":"Julia Blum","twitter_card":"summary_large_image","twitter_misc":{"Escrito por":"Julia Blum","Est. tempo de leitura":"6 minutos"},"schema":{"@context":"https:\/\/schema.org","@graph":[{"@type":"Article","@id":"https:\/\/israelbiblicalstudies.com\/pt\/blog\/category\/jewish-studies\/inicio-de-2018-desde-jerusalem\/#article","isPartOf":{"@id":"https:\/\/israelbiblicalstudies.com\/pt\/blog\/category\/jewish-studies\/inicio-de-2018-desde-jerusalem\/"},"author":{"name":"Julia Blum","@id":"https:\/\/israelbiblicalstudies.com\/pt\/#\/schema\/person\/470c9356fa72a497ecb801267dff4d15"},"headline":"In\u00edcio de 2018 desde Jerusal\u00e9m","datePublished":"2017-12-26T08:36:21+00:00","dateModified":"2025-08-13T11:34:51+00:00","mainEntityOfPage":{"@id":"https:\/\/israelbiblicalstudies.com\/pt\/blog\/category\/jewish-studies\/inicio-de-2018-desde-jerusalem\/"},"wordCount":1290,"publisher":{"@id":"https:\/\/israelbiblicalstudies.com\/pt\/#organization"},"image":{"@id":"https:\/\/israelbiblicalstudies.com\/pt\/blog\/category\/jewish-studies\/inicio-de-2018-desde-jerusalem\/#primaryimage"},"thumbnailUrl":"https:\/\/israelbiblicalstudies.com\/wp-content\/uploads\/2017\/12\/shutterstock_351014744-1.jpg","articleSection":["Estudos Judaicos"],"inLanguage":"pt-BR"},{"@type":"WebPage","@id":"https:\/\/israelbiblicalstudies.com\/pt\/blog\/category\/jewish-studies\/inicio-de-2018-desde-jerusalem\/","url":"https:\/\/israelbiblicalstudies.com\/pt\/blog\/category\/jewish-studies\/inicio-de-2018-desde-jerusalem\/","name":"In\u00edcio de 2018 desde Jerusal\u00e9m - Israel Institute of Biblical Studies","isPartOf":{"@id":"https:\/\/israelbiblicalstudies.com\/pt\/#website"},"primaryImageOfPage":{"@id":"https:\/\/israelbiblicalstudies.com\/pt\/blog\/category\/jewish-studies\/inicio-de-2018-desde-jerusalem\/#primaryimage"},"image":{"@id":"https:\/\/israelbiblicalstudies.com\/pt\/blog\/category\/jewish-studies\/inicio-de-2018-desde-jerusalem\/#primaryimage"},"thumbnailUrl":"https:\/\/israelbiblicalstudies.com\/wp-content\/uploads\/2017\/12\/shutterstock_351014744-1.jpg","datePublished":"2017-12-26T08:36:21+00:00","dateModified":"2025-08-13T11:34:51+00:00","description":"O rel\u00f3gio prof\u00e9tico Talvez alguns dos meus leitores se lembrem da minha publica\u00e7\u00e3o do Ano Novo anterior: IN\u00cdCIO DE 2017 DESDE JERUSAL\u00c9M.\u00a0Eu escrevi sobre","breadcrumb":{"@id":"https:\/\/israelbiblicalstudies.com\/pt\/blog\/category\/jewish-studies\/inicio-de-2018-desde-jerusalem\/#breadcrumb"},"inLanguage":"pt-BR","potentialAction":[{"@type":"ReadAction","target":["https:\/\/israelbiblicalstudies.com\/pt\/blog\/category\/jewish-studies\/inicio-de-2018-desde-jerusalem\/"]}]},{"@type":"ImageObject","inLanguage":"pt-BR","@id":"https:\/\/israelbiblicalstudies.com\/pt\/blog\/category\/jewish-studies\/inicio-de-2018-desde-jerusalem\/#primaryimage","url":"https:\/\/israelbiblicalstudies.com\/wp-content\/uploads\/2017\/12\/shutterstock_351014744-1.jpg","contentUrl":"https:\/\/israelbiblicalstudies.com\/wp-content\/uploads\/2017\/12\/shutterstock_351014744-1.jpg","width":1000,"height":492},{"@type":"BreadcrumbList","@id":"https:\/\/israelbiblicalstudies.com\/pt\/blog\/category\/jewish-studies\/inicio-de-2018-desde-jerusalem\/#breadcrumb","itemListElement":[{"@type":"ListItem","position":1,"name":"Home","item":"https:\/\/israelbiblicalstudies.com\/pt\/"},{"@type":"ListItem","position":2,"name":"Estudos Judaicos","item":"https:\/\/israelbiblicalstudies.com\/pt\/blog\/category\/jewish-studies\/"},{"@type":"ListItem","position":3,"name":"In\u00edcio de 2018 desde Jerusal\u00e9m"}]},{"@type":"WebSite","@id":"https:\/\/israelbiblicalstudies.com\/pt\/#website","url":"https:\/\/israelbiblicalstudies.com\/pt\/","name":"Israel Institute of Biblical Studies","description":"Deepen Your Understanding of the Bible","publisher":{"@id":"https:\/\/israelbiblicalstudies.com\/pt\/#organization"},"potentialAction":[{"@type":"SearchAction","target":{"@type":"EntryPoint","urlTemplate":"https:\/\/israelbiblicalstudies.com\/pt\/?s={search_term_string}"},"query-input":{"@type":"PropertyValueSpecification","valueRequired":true,"valueName":"search_term_string"}}],"inLanguage":"pt-BR"},{"@type":"Organization","@id":"https:\/\/israelbiblicalstudies.com\/pt\/#organization","name":"Israel Biblical Studies","url":"https:\/\/israelbiblicalstudies.com\/pt\/","logo":{"@type":"ImageObject","inLanguage":"pt-BR","@id":"https:\/\/israelbiblicalstudies.com\/pt\/#\/schema\/logo\/image\/","url":"https:\/\/israelbiblicalstudies.com\/wp-content\/uploads\/2016\/09\/logo-invert.png","contentUrl":"https:\/\/israelbiblicalstudies.com\/wp-content\/uploads\/2016\/09\/logo-invert.png","width":152,"height":68,"caption":"Israel Biblical Studies"},"image":{"@id":"https:\/\/israelbiblicalstudies.com\/pt\/#\/schema\/logo\/image\/"}},{"@type":"Person","@id":"https:\/\/israelbiblicalstudies.com\/pt\/#\/schema\/person\/470c9356fa72a497ecb801267dff4d15","name":"Julia Blum","image":{"@type":"ImageObject","inLanguage":"pt-BR","@id":"https:\/\/israelbiblicalstudies.com\/pt\/#\/schema\/person\/image\/","url":"https:\/\/secure.gravatar.com\/avatar\/bba81953dcf8395e3b4a73607c07e2f9d3e53c113398ce1fd48361f3f137b781?s=96&d=mm&r=g","contentUrl":"https:\/\/secure.gravatar.com\/avatar\/bba81953dcf8395e3b4a73607c07e2f9d3e53c113398ce1fd48361f3f137b781?s=96&d=mm&r=g","caption":"Julia Blum"},"description":"Julia is a teacher and an author of several books on biblical topics. She teaches two biblical courses at the Israel Institute of Biblical Studies, \u201cDiscovering the Hebrew Bible\u201d and \u201cJewish Background of the New Testament\u201d, and writes Hebrew insights for these courses.","url":"https:\/\/israelbiblicalstudies.com\/pt\/blog\/author\/juliablum\/"}]}},"_links":{"self":[{"href":"https:\/\/israelbiblicalstudies.com\/pt\/wp-json\/wp\/v2\/posts\/12058","targetHints":{"allow":["GET"]}}],"collection":[{"href":"https:\/\/israelbiblicalstudies.com\/pt\/wp-json\/wp\/v2\/posts"}],"about":[{"href":"https:\/\/israelbiblicalstudies.com\/pt\/wp-json\/wp\/v2\/types\/post"}],"author":[{"embeddable":true,"href":"https:\/\/israelbiblicalstudies.com\/pt\/wp-json\/wp\/v2\/users\/45"}],"replies":[{"embeddable":true,"href":"https:\/\/israelbiblicalstudies.com\/pt\/wp-json\/wp\/v2\/comments?post=12058"}],"version-history":[{"count":0,"href":"https:\/\/israelbiblicalstudies.com\/pt\/wp-json\/wp\/v2\/posts\/12058\/revisions"}],"wp:featuredmedia":[{"embeddable":true,"href":"https:\/\/israelbiblicalstudies.com\/pt\/wp-json\/wp\/v2\/media\/12047"}],"wp:attachment":[{"href":"https:\/\/israelbiblicalstudies.com\/pt\/wp-json\/wp\/v2\/media?parent=12058"}],"wp:term":[{"taxonomy":"category","embeddable":true,"href":"https:\/\/israelbiblicalstudies.com\/pt\/wp-json\/wp\/v2\/categories?post=12058"},{"taxonomy":"post_tag","embeddable":true,"href":"https:\/\/israelbiblicalstudies.com\/pt\/wp-json\/wp\/v2\/tags?post=12058"}],"curies":[{"name":"wp","href":"https:\/\/api.w.org\/{rel}","templated":true}]}}