{"id":12149,"date":"2018-03-01T12:21:36","date_gmt":"2018-03-01T09:21:36","guid":{"rendered":"https:\/\/iibsblogsstg.wpenginepowered.com\/?p=12149"},"modified":"2025-08-13T11:34:48","modified_gmt":"2025-08-13T11:34:48","slug":"purim-historia-e-profecia","status":"publish","type":"post","link":"https:\/\/israelbiblicalstudies.com\/pt\/blog\/category\/jewish-studies\/purim-historia-e-profecia\/","title":{"rendered":"Purim: A Hist\u00f3ria e A Profecia"},"content":{"rendered":"<p>Meus leitores devem saber que uma das palavras mais importantes em meus escritos \u00e9 &#8220;oculto&#8221;.\u00a0Hoje, \u00e0 medida que entramos nas celebra\u00e7\u00f5es do Purim (especialmente alegre este ano, uma vez que \u00e9 o ano do 70<sup> \u00ba<\/sup>\u00a0anivers\u00e1rio de Israel), eu estou feliz em escrever sobre o livro de Ester, porque existem muitos temas \u201cocultos\u201d neste livro prof\u00e9tico.<\/p>\n<p>&nbsp;<\/p>\n<p><b>A HIST\u00d3RIA\u00a0<\/b><\/p>\n<p>Todos voc\u00eas conhecem a hist\u00f3ria: expulsos da Terra Santa, os Judeus se estabeleceram em diferentes cidades do Imp\u00e9rio Persa.\u00a0Em algum momento, o rei do imp\u00e9rio, o Imperador Assuero, estava \u00e0 procura de uma nova esposa e, portanto, a bela e pura Ester \u2014<i>Hadasah<\/i>, uma \u00f3rf\u00e3 criada por seu primo, um homem Judeu devoto chamado Mordecai\u2014 tornou-se\u00a0 rainha deste imp\u00e9rio mundial.\u00a0Obediente ao comando de Mordecai, ela n\u00e3o revelou seus antecedentes a ningu\u00e9m.\u00a0(Esse \u00e9 o nosso primeiro &#8220;oculto&#8221;, a prop\u00f3sito: uma jovem Judia justa com a luz de Deus dentro de seu cora\u00e7\u00e3o, est\u00e1 oculta dentro desse lugar pag\u00e3o e escuro \u2014o pal\u00e1cio do Rei\u2014.<\/p>\n<p>A hist\u00f3ria conta que Mordecai se recusou a curvar sua cabe\u00e7a em honra a Ham\u00e3, um conselheiro real do imperador Assuero.\u00a0Em um ataque de f\u00faria contra Mordecai, Ham\u00e3 paga o Rei para decretar um genoc\u00eddio em massa de todos os Judeus: o Imperador emite um decreto que manda\u00a0<i>&#8220;destruir, matar e aniquilar todos os Judeus, jovens e velhos, crian\u00e7as pequenas e mulheres, em um dia&#8221;<\/i>\u00a0(Ester 3:13).<\/p>\n<p>Segue-se uma conversa incr\u00edvel entre Mordecai e a Rainha Ester: Mordecai diz a Ester sobre o plano de Ham\u00e3 e o decreto do Rei, e pede a ela para intervir para salvar seu povo.\u00a0Todos conhecemos suas famosas palavras: &#8220;<i>Quem sabe se voc\u00ea veio para o reino para um momento tal como este?&#8221;<\/i>\u00a0(Ester 4:14).<\/p>\n<p>Mordecai reuniu os Judeus para o jejum e a ora\u00e7\u00e3o, Ester tamb\u00e9m jejuou e orou por tr\u00eas dias e, como resultado, o mal foi revertido e os Judeus salvos.\u00a0Um decreto que o rei tinha selado n\u00e3o poderia ser anulado, mas Ester p\u00f4de convencer Assuero a enforcar Ham\u00e3 e emitir um segundo decreto, permitindo que o povo Judeu se defendesse.\u00a0No dia 13 de Adar, foram travadas batalhas por todo o imp\u00e9rio entre os Judeus e aqueles que procuraram destru\u00ed-los.\u00a0No dia seguinte, 14 de Adar, tornou-se um dia de celebra\u00e7\u00e3o da vit\u00f3ria Judaica que se seguiu.\u00a0Uma vez que a batalha em Sus\u00e3 prosseguiu por dois dias, a celebra\u00e7\u00e3o em Sus\u00e3 foi realizada no dia 15 de Adar. Assim, esses dois dias foram institu\u00eddos como o festival de Purim \u201415 de Adar em cidades muradas, e 14 de Adar\u00a0 em cidades n\u00e3o muradas \u2014 (hoje, o \u00fanica cidade em que o Purim \u00e9 comemorado no d\u00e9cimo quinto dia de Adar \u00e9 Jerusal\u00e9m.)<\/p>\n<p><strong>\u00a0<\/strong><\/p>\n<p><b>A PROFECIA<\/b><\/p>\n<p>Agora, avan\u00e7ando at\u00e9 1946 (cerca de 2500 anos), e voc\u00eas ver\u00e3o que\u00a0 quando eu escrevi: &#8220;livro prof\u00e9tico&#8221;, n\u00e3o foi um erro de digita\u00e7\u00e3o \u2014embora, como voc\u00eas provavelmente sabem, o livro de Ester \u00e9 Parte dos\u00a0\u00a0<i>Ketuvim,<\/i>\u00a0ou Escritos, da B\u00edblia Hebraica\u2014.\u00a0Em 1 de outubro de 1946, depois de 216 sess\u00f5es do tribunal, o Tribunal Militar Internacional de Nuremberg emitiu vereditos de condena\u00e7\u00e3o \u00e0 morte dos l\u00edderes do partido Nazista.\u00a0Dez l\u00edderes Nazistas deveriam ser enforcados.\u00a0Um deles foi Julius Streicher, um importante propagandista Nazista e o editor do jornal anti-Semita Der Sturmer.\u00a0Segundos antes de ser enforcado, Streicher virou de repente para encarar as testemunhas e gritou: &#8220;<b>Festa de<\/b> <b>Purim\u00a0 1946<\/b>&#8220;.<\/p>\n<p>Para entender as palavras finais de Streicher, vejamos o texto.\u00a0No cap\u00edtulo 9, lemos:<\/p>\n<p><i>Disse o rei\u00a0 \u00e0 rainha Ester: &#8220;Na cidadela de Sus\u00e3 mataram e destru\u00edram os Judeus quinhentos homens, <\/i><b><i>e<\/i><\/b><i> <\/i><b><i>os dez filhos de Ham\u00e3<\/i><\/b><i>&#8230; Qual \u00e9, pois, a tua peti\u00e7\u00e3o? E se te dar\u00e1. Ou que \u00e9 que desejas ainda? E se cumprir\u00e1&#8221;.<\/i><\/p>\n<p><i>Ent\u00e3o disse Ester: &#8220;Se bem parecer ao rei, conceda-se aos Judeus que se acham em Sus\u00e3 que tamb\u00e9m <\/i><b><i>fa\u00e7am amanh\u00e3 segundo o edito de hoje, e dependurem em forca os dez filhos de Ham\u00e3<\/i><\/b><i>&#8221;\u00a0<\/i>(Ester 9:12-13).<\/p>\n<p>Por gera\u00e7\u00f5es, nossos s\u00e1bios comentaram esse estranho pedido: se os dez filhos de Ham\u00e3 j\u00e1 haviam sido mortos, como eles poderiam ser enforcados?\u00a0Eles encontraram uma resposta na palavra &#8220;amanh\u00e3&#8221;: &#8220;H\u00e1 um futuro que \u00e9 agora, e um futuro que ser\u00e1 mais tarde&#8221;.\u00a0Em outras palavras, Ester estava pedindo que o enforcamento dos dez filhos de Ham\u00e3 tamb\u00e9m se repetisse no futuro.\u00a0Por qu\u00ea?\u00a0Porque, embora nos dias de Ester o genoc\u00eddio foi evitado, Megillat Ester est\u00e1 nos dizendo explicitamente\u00a0<b>que o primeiro decreto nunca foi anulado<\/b>.\u00a0Os planos odiosos e as inten\u00e7\u00f5es cru\u00e9is de Ham\u00e3 \u2014<i>&#8220;destruir, matar e aniquilar todos os Judeus&#8221;<\/i>\u2014 \u00a0estiveram l\u00e1 desde ent\u00e3o, e ainda est\u00e3o l\u00e1\u00a0<i>. <\/i>Portanto, Ester est\u00e1 pedindo as mesmas vit\u00f3rias no futuro.\u00a0Nesse sentido, o enforcamento dos 10 l\u00edderes Nazistas em 1946 foi, de fato, Purim de 1946.<\/p>\n<p>Mas h\u00e1 uma &#8220;profecia oculta&#8221; ainda mais incr\u00edvel no texto de Megillat Ester que liga a hist\u00f3ria do Purim com essa execu\u00e7\u00e3o.\u00a0Se lemos o texto original, vemos que quatro letras nos nomes dos 10 filhos de Ham\u00e3 est\u00e3o escritas com uma fonte diferente: tr\u00eas letras s\u00e3o menores \u2014<i>tav<\/i>\u00a0,\u00a0<i>shin<\/i>\u00a0\u00a0e\u00a0<i>zayin<\/i>\u2014 enquanto uma letra \u00e9 maior \u2014<i>vav<\/i>\u2014.\u00a0Os s\u00e1bios Judeus sempre ensinaram que qualquer varia\u00e7\u00e3o no tamanho de uma letra na Escritura tem um significado espec\u00edfico.\u00a0Ent\u00e3o, qual \u00e9 o significado dessas letras de tamanho incomum?<\/p>\n<p><a href=\"#_ftn1\" name=\"_ftnref1\"><\/a><\/p>\n<p>O valor num\u00e9rico de uma letra\u00a0<i>vav,<\/i>\u00a0(a maior), \u00e9 6;\u00a0as menores\u00a0<i>tav, shin<\/i>\u00a0e\u00a0<i>zayin<\/i>\u00a0\u00a0juntas formam 707 (400 + 300 + 7).\u00a0Portanto, estes n\u00fameros significam ano 707 do sexto mil\u00eanio \u2014em outras palavras\u2014, o ano Judaico 5707, que corresponde a&#8230; sim, o seu palpite \u00e9 correto, 1946, ano da execu\u00e7\u00e3o desses dez criminosos de guerra Nazistas.\u00a0Note-se que o n\u00famero original dos l\u00edderes Nazistas a serem executados era de 11;\u00a0no entanto, depois do Julgamento de Nuremberg, Hermann G\u00f6ring cometeu suic\u00eddio e, portanto, o n\u00famero se tornou 10 \u2014exatamente como no pedido de Ester\u2014.\u00a0Note-se tamb\u00e9m que, uma vez que o julgamento foi conduzido por um tribunal militar, o condenado deveria ter sido executado por um pelot\u00e3o de fuzilamento;\u00a0no entanto, o veredito do tribunal era &#8220;morte por enforcamento&#8221; \u2014tudo, exatamente como no pedido de Ester\u2014.\u00a0Indubitavelmente, a m\u00e3o soberana de Deus orquestrou esses eventos \u2014e, aparentemente\u2014, um dos condenados, Julius Streicher, p\u00f4de ver essa m\u00e3o de Deus enquanto aproveitou esta liga\u00e7\u00e3o para Purim nas suas palavras finais: &#8220;Festa de Purim\u00a0 1946&#8221;<a href=\"#_ftn1\" name=\"_ftnref1\">[1]<\/a>.\u00a0Agora, eu acho que voc\u00eas concordar\u00e3o que o Livro de Ester \u00e9 um livro prof\u00e9tico.<\/p>\n<p>CHAG PURIM SAMEACH!<\/p>\n<p><i>Da pr\u00f3xima vez, continuaremos a discuss\u00e3o deste livro fascinante e das li\u00e7\u00f5es profundas que ele nos ensina<\/i><em>.<\/em><\/p>\n<p><i>Para obter os livros de Julia, clique aqui<\/i><em>:\u00a0<a href=\"https:\/\/www.amazon.com\/Julia-Blum\/e\/B00LUY0JN8\/ref=dp_byline_cont_ebooks_1?&amp;_encoding=UTF8&amp;tag=blum0e-20&amp;linkCode=ur2&amp;linkId=8426824b04e8f9ceff4fcbc0dfda9040&amp;camp=1789&amp;creative=9325\">all Books by Julia<\/a><\/em><\/p>\n<p><strong>\u00a0<\/strong><\/p>\n<p><a href=\"#_ftnref1\" name=\"_ftn1\">[1]<\/a> Voc\u00eas podem estar interessados em saber que eles foram enforcados no dia 16\u00a0de outubro, que naquele ano foi Hoshana Rabbah \u2014o dia em que, de acordo com o Juda\u00edsmo, \u00e9 finalizado o julgamento do mundo para o pr\u00f3ximo ano\u2014.<\/p>\n<p>&nbsp;<\/p>\n","protected":false},"excerpt":{"rendered":"<p>Meus leitores devem saber que uma das palavras mais importantes em meus escritos \u00e9 &#8220;oculto&#8221;.\u00a0Hoje, \u00e0 medida que entramos nas celebra\u00e7\u00f5es do Purim (especialmente alegre este ano, uma vez que \u00e9 o ano do 70 \u00ba\u00a0anivers\u00e1rio de Israel), eu estou feliz em escrever sobre o livro de Ester, porque existem muitos temas \u201cocultos\u201d neste livro [&hellip;]<\/p>\n","protected":false},"author":45,"featured_media":12144,"comment_status":"closed","ping_status":"open","sticky":false,"template":"","format":"standard","meta":{"_acf_changed":false,"inline_featured_image":false,"footnotes":""},"categories":[395],"tags":[],"class_list":["post-12149","post","type-post","status-publish","format-standard","has-post-thumbnail","hentry","category-jewish-studies"],"acf":[],"yoast_head":"<!-- This site is optimized with the Yoast SEO plugin v26.5 - https:\/\/yoast.com\/wordpress\/plugins\/seo\/ -->\n<title>Purim: A Hist\u00f3ria e A Profecia - Israel Institute of Biblical Studies<\/title>\n<meta name=\"description\" content=\"Meus leitores devem saber que uma das palavras mais importantes em meus escritos \u00e9 &quot;oculto&quot;.\u00a0Hoje, \u00e0 medida que entramos nas celebra\u00e7\u00f5es do Purim\" \/>\n<meta name=\"robots\" content=\"index, follow, max-snippet:-1, max-image-preview:large, max-video-preview:-1\" \/>\n<link rel=\"canonical\" href=\"https:\/\/israelbiblicalstudies.com\/pt\/blog\/category\/jewish-studies\/purim-historia-e-profecia\/\" \/>\n<meta property=\"og:locale\" content=\"pt_BR\" \/>\n<meta property=\"og:type\" content=\"article\" \/>\n<meta property=\"og:title\" content=\"Purim: A Hist\u00f3ria e A Profecia - Israel Institute of Biblical Studies\" \/>\n<meta property=\"og:description\" content=\"Meus leitores devem saber que uma das palavras mais importantes em meus escritos \u00e9 &quot;oculto&quot;.\u00a0Hoje, \u00e0 medida que entramos nas celebra\u00e7\u00f5es do Purim\" \/>\n<meta property=\"og:url\" content=\"https:\/\/israelbiblicalstudies.com\/pt\/blog\/category\/jewish-studies\/purim-historia-e-profecia\/\" \/>\n<meta property=\"og:site_name\" content=\"Israel Institute of Biblical Studies\" \/>\n<meta property=\"article:published_time\" content=\"2018-03-01T09:21:36+00:00\" \/>\n<meta property=\"article:modified_time\" content=\"2025-08-13T11:34:48+00:00\" \/>\n<meta property=\"og:image\" content=\"https:\/\/israelbiblicalstudies.com\/wp-content\/uploads\/2018\/02\/shutterstock_1033229869-1.jpg\" \/>\n\t<meta property=\"og:image:width\" content=\"1024\" \/>\n\t<meta property=\"og:image:height\" content=\"512\" \/>\n\t<meta property=\"og:image:type\" content=\"image\/jpeg\" \/>\n<meta name=\"author\" content=\"Julia Blum\" \/>\n<meta name=\"twitter:card\" content=\"summary_large_image\" \/>\n<meta name=\"twitter:label1\" content=\"Escrito por\" \/>\n\t<meta name=\"twitter:data1\" content=\"Julia Blum\" \/>\n\t<meta name=\"twitter:label2\" content=\"Est. tempo de leitura\" \/>\n\t<meta name=\"twitter:data2\" content=\"6 minutos\" \/>\n<script type=\"application\/ld+json\" class=\"yoast-schema-graph\">{\"@context\":\"https:\/\/schema.org\",\"@graph\":[{\"@type\":\"Article\",\"@id\":\"https:\/\/israelbiblicalstudies.com\/pt\/blog\/category\/jewish-studies\/purim-historia-e-profecia\/#article\",\"isPartOf\":{\"@id\":\"https:\/\/israelbiblicalstudies.com\/pt\/blog\/category\/jewish-studies\/purim-historia-e-profecia\/\"},\"author\":{\"name\":\"Julia Blum\",\"@id\":\"https:\/\/israelbiblicalstudies.com\/pt\/#\/schema\/person\/470c9356fa72a497ecb801267dff4d15\"},\"headline\":\"Purim: A Hist\u00f3ria e A Profecia\",\"datePublished\":\"2018-03-01T09:21:36+00:00\",\"dateModified\":\"2025-08-13T11:34:48+00:00\",\"mainEntityOfPage\":{\"@id\":\"https:\/\/israelbiblicalstudies.com\/pt\/blog\/category\/jewish-studies\/purim-historia-e-profecia\/\"},\"wordCount\":1196,\"publisher\":{\"@id\":\"https:\/\/israelbiblicalstudies.com\/pt\/#organization\"},\"image\":{\"@id\":\"https:\/\/israelbiblicalstudies.com\/pt\/blog\/category\/jewish-studies\/purim-historia-e-profecia\/#primaryimage\"},\"thumbnailUrl\":\"https:\/\/israelbiblicalstudies.com\/wp-content\/uploads\/2018\/02\/shutterstock_1033229869-1.jpg\",\"articleSection\":[\"Estudos Judaicos\"],\"inLanguage\":\"pt-BR\"},{\"@type\":\"WebPage\",\"@id\":\"https:\/\/israelbiblicalstudies.com\/pt\/blog\/category\/jewish-studies\/purim-historia-e-profecia\/\",\"url\":\"https:\/\/israelbiblicalstudies.com\/pt\/blog\/category\/jewish-studies\/purim-historia-e-profecia\/\",\"name\":\"Purim: A Hist\u00f3ria e A Profecia - Israel Institute of Biblical Studies\",\"isPartOf\":{\"@id\":\"https:\/\/israelbiblicalstudies.com\/pt\/#website\"},\"primaryImageOfPage\":{\"@id\":\"https:\/\/israelbiblicalstudies.com\/pt\/blog\/category\/jewish-studies\/purim-historia-e-profecia\/#primaryimage\"},\"image\":{\"@id\":\"https:\/\/israelbiblicalstudies.com\/pt\/blog\/category\/jewish-studies\/purim-historia-e-profecia\/#primaryimage\"},\"thumbnailUrl\":\"https:\/\/israelbiblicalstudies.com\/wp-content\/uploads\/2018\/02\/shutterstock_1033229869-1.jpg\",\"datePublished\":\"2018-03-01T09:21:36+00:00\",\"dateModified\":\"2025-08-13T11:34:48+00:00\",\"description\":\"Meus leitores devem saber que uma das palavras mais importantes em meus escritos \u00e9 \\\"oculto\\\".\u00a0Hoje, \u00e0 medida que entramos nas celebra\u00e7\u00f5es do Purim\",\"breadcrumb\":{\"@id\":\"https:\/\/israelbiblicalstudies.com\/pt\/blog\/category\/jewish-studies\/purim-historia-e-profecia\/#breadcrumb\"},\"inLanguage\":\"pt-BR\",\"potentialAction\":[{\"@type\":\"ReadAction\",\"target\":[\"https:\/\/israelbiblicalstudies.com\/pt\/blog\/category\/jewish-studies\/purim-historia-e-profecia\/\"]}]},{\"@type\":\"ImageObject\",\"inLanguage\":\"pt-BR\",\"@id\":\"https:\/\/israelbiblicalstudies.com\/pt\/blog\/category\/jewish-studies\/purim-historia-e-profecia\/#primaryimage\",\"url\":\"https:\/\/israelbiblicalstudies.com\/wp-content\/uploads\/2018\/02\/shutterstock_1033229869-1.jpg\",\"contentUrl\":\"https:\/\/israelbiblicalstudies.com\/wp-content\/uploads\/2018\/02\/shutterstock_1033229869-1.jpg\",\"width\":1024,\"height\":512},{\"@type\":\"BreadcrumbList\",\"@id\":\"https:\/\/israelbiblicalstudies.com\/pt\/blog\/category\/jewish-studies\/purim-historia-e-profecia\/#breadcrumb\",\"itemListElement\":[{\"@type\":\"ListItem\",\"position\":1,\"name\":\"Home\",\"item\":\"https:\/\/israelbiblicalstudies.com\/pt\/\"},{\"@type\":\"ListItem\",\"position\":2,\"name\":\"Estudos Judaicos\",\"item\":\"https:\/\/israelbiblicalstudies.com\/pt\/blog\/category\/jewish-studies\/\"},{\"@type\":\"ListItem\",\"position\":3,\"name\":\"Purim: A Hist\u00f3ria e A Profecia\"}]},{\"@type\":\"WebSite\",\"@id\":\"https:\/\/israelbiblicalstudies.com\/pt\/#website\",\"url\":\"https:\/\/israelbiblicalstudies.com\/pt\/\",\"name\":\"Israel Institute of Biblical Studies\",\"description\":\"Deepen Your Understanding of the Bible\",\"publisher\":{\"@id\":\"https:\/\/israelbiblicalstudies.com\/pt\/#organization\"},\"potentialAction\":[{\"@type\":\"SearchAction\",\"target\":{\"@type\":\"EntryPoint\",\"urlTemplate\":\"https:\/\/israelbiblicalstudies.com\/pt\/?s={search_term_string}\"},\"query-input\":{\"@type\":\"PropertyValueSpecification\",\"valueRequired\":true,\"valueName\":\"search_term_string\"}}],\"inLanguage\":\"pt-BR\"},{\"@type\":\"Organization\",\"@id\":\"https:\/\/israelbiblicalstudies.com\/pt\/#organization\",\"name\":\"Israel Biblical Studies\",\"url\":\"https:\/\/israelbiblicalstudies.com\/pt\/\",\"logo\":{\"@type\":\"ImageObject\",\"inLanguage\":\"pt-BR\",\"@id\":\"https:\/\/israelbiblicalstudies.com\/pt\/#\/schema\/logo\/image\/\",\"url\":\"https:\/\/israelbiblicalstudies.com\/wp-content\/uploads\/2016\/09\/logo-invert.png\",\"contentUrl\":\"https:\/\/israelbiblicalstudies.com\/wp-content\/uploads\/2016\/09\/logo-invert.png\",\"width\":152,\"height\":68,\"caption\":\"Israel Biblical Studies\"},\"image\":{\"@id\":\"https:\/\/israelbiblicalstudies.com\/pt\/#\/schema\/logo\/image\/\"}},{\"@type\":\"Person\",\"@id\":\"https:\/\/israelbiblicalstudies.com\/pt\/#\/schema\/person\/470c9356fa72a497ecb801267dff4d15\",\"name\":\"Julia Blum\",\"image\":{\"@type\":\"ImageObject\",\"inLanguage\":\"pt-BR\",\"@id\":\"https:\/\/israelbiblicalstudies.com\/pt\/#\/schema\/person\/image\/\",\"url\":\"https:\/\/secure.gravatar.com\/avatar\/bba81953dcf8395e3b4a73607c07e2f9d3e53c113398ce1fd48361f3f137b781?s=96&d=mm&r=g\",\"contentUrl\":\"https:\/\/secure.gravatar.com\/avatar\/bba81953dcf8395e3b4a73607c07e2f9d3e53c113398ce1fd48361f3f137b781?s=96&d=mm&r=g\",\"caption\":\"Julia Blum\"},\"description\":\"Julia is a teacher and an author of several books on biblical topics. She teaches two biblical courses at the Israel Institute of Biblical Studies, \u201cDiscovering the Hebrew Bible\u201d and \u201cJewish Background of the New Testament\u201d, and writes Hebrew insights for these courses.\",\"url\":\"https:\/\/israelbiblicalstudies.com\/pt\/blog\/author\/juliablum\/\"}]}<\/script>\n<!-- \/ Yoast SEO plugin. -->","yoast_head_json":{"title":"Purim: A Hist\u00f3ria e A Profecia - Israel Institute of Biblical Studies","description":"Meus leitores devem saber que uma das palavras mais importantes em meus escritos \u00e9 \"oculto\".\u00a0Hoje, \u00e0 medida que entramos nas celebra\u00e7\u00f5es do Purim","robots":{"index":"index","follow":"follow","max-snippet":"max-snippet:-1","max-image-preview":"max-image-preview:large","max-video-preview":"max-video-preview:-1"},"canonical":"https:\/\/israelbiblicalstudies.com\/pt\/blog\/category\/jewish-studies\/purim-historia-e-profecia\/","og_locale":"pt_BR","og_type":"article","og_title":"Purim: A Hist\u00f3ria e A Profecia - Israel Institute of Biblical Studies","og_description":"Meus leitores devem saber que uma das palavras mais importantes em meus escritos \u00e9 \"oculto\".\u00a0Hoje, \u00e0 medida que entramos nas celebra\u00e7\u00f5es do Purim","og_url":"https:\/\/israelbiblicalstudies.com\/pt\/blog\/category\/jewish-studies\/purim-historia-e-profecia\/","og_site_name":"Israel Institute of Biblical Studies","article_published_time":"2018-03-01T09:21:36+00:00","article_modified_time":"2025-08-13T11:34:48+00:00","og_image":[{"width":1024,"height":512,"url":"https:\/\/israelbiblicalstudies.com\/wp-content\/uploads\/2018\/02\/shutterstock_1033229869-1.jpg","type":"image\/jpeg"}],"author":"Julia Blum","twitter_card":"summary_large_image","twitter_misc":{"Escrito por":"Julia Blum","Est. tempo de leitura":"6 minutos"},"schema":{"@context":"https:\/\/schema.org","@graph":[{"@type":"Article","@id":"https:\/\/israelbiblicalstudies.com\/pt\/blog\/category\/jewish-studies\/purim-historia-e-profecia\/#article","isPartOf":{"@id":"https:\/\/israelbiblicalstudies.com\/pt\/blog\/category\/jewish-studies\/purim-historia-e-profecia\/"},"author":{"name":"Julia Blum","@id":"https:\/\/israelbiblicalstudies.com\/pt\/#\/schema\/person\/470c9356fa72a497ecb801267dff4d15"},"headline":"Purim: A Hist\u00f3ria e A Profecia","datePublished":"2018-03-01T09:21:36+00:00","dateModified":"2025-08-13T11:34:48+00:00","mainEntityOfPage":{"@id":"https:\/\/israelbiblicalstudies.com\/pt\/blog\/category\/jewish-studies\/purim-historia-e-profecia\/"},"wordCount":1196,"publisher":{"@id":"https:\/\/israelbiblicalstudies.com\/pt\/#organization"},"image":{"@id":"https:\/\/israelbiblicalstudies.com\/pt\/blog\/category\/jewish-studies\/purim-historia-e-profecia\/#primaryimage"},"thumbnailUrl":"https:\/\/israelbiblicalstudies.com\/wp-content\/uploads\/2018\/02\/shutterstock_1033229869-1.jpg","articleSection":["Estudos Judaicos"],"inLanguage":"pt-BR"},{"@type":"WebPage","@id":"https:\/\/israelbiblicalstudies.com\/pt\/blog\/category\/jewish-studies\/purim-historia-e-profecia\/","url":"https:\/\/israelbiblicalstudies.com\/pt\/blog\/category\/jewish-studies\/purim-historia-e-profecia\/","name":"Purim: A Hist\u00f3ria e A Profecia - Israel Institute of Biblical Studies","isPartOf":{"@id":"https:\/\/israelbiblicalstudies.com\/pt\/#website"},"primaryImageOfPage":{"@id":"https:\/\/israelbiblicalstudies.com\/pt\/blog\/category\/jewish-studies\/purim-historia-e-profecia\/#primaryimage"},"image":{"@id":"https:\/\/israelbiblicalstudies.com\/pt\/blog\/category\/jewish-studies\/purim-historia-e-profecia\/#primaryimage"},"thumbnailUrl":"https:\/\/israelbiblicalstudies.com\/wp-content\/uploads\/2018\/02\/shutterstock_1033229869-1.jpg","datePublished":"2018-03-01T09:21:36+00:00","dateModified":"2025-08-13T11:34:48+00:00","description":"Meus leitores devem saber que uma das palavras mais importantes em meus escritos \u00e9 \"oculto\".\u00a0Hoje, \u00e0 medida que entramos nas celebra\u00e7\u00f5es do Purim","breadcrumb":{"@id":"https:\/\/israelbiblicalstudies.com\/pt\/blog\/category\/jewish-studies\/purim-historia-e-profecia\/#breadcrumb"},"inLanguage":"pt-BR","potentialAction":[{"@type":"ReadAction","target":["https:\/\/israelbiblicalstudies.com\/pt\/blog\/category\/jewish-studies\/purim-historia-e-profecia\/"]}]},{"@type":"ImageObject","inLanguage":"pt-BR","@id":"https:\/\/israelbiblicalstudies.com\/pt\/blog\/category\/jewish-studies\/purim-historia-e-profecia\/#primaryimage","url":"https:\/\/israelbiblicalstudies.com\/wp-content\/uploads\/2018\/02\/shutterstock_1033229869-1.jpg","contentUrl":"https:\/\/israelbiblicalstudies.com\/wp-content\/uploads\/2018\/02\/shutterstock_1033229869-1.jpg","width":1024,"height":512},{"@type":"BreadcrumbList","@id":"https:\/\/israelbiblicalstudies.com\/pt\/blog\/category\/jewish-studies\/purim-historia-e-profecia\/#breadcrumb","itemListElement":[{"@type":"ListItem","position":1,"name":"Home","item":"https:\/\/israelbiblicalstudies.com\/pt\/"},{"@type":"ListItem","position":2,"name":"Estudos Judaicos","item":"https:\/\/israelbiblicalstudies.com\/pt\/blog\/category\/jewish-studies\/"},{"@type":"ListItem","position":3,"name":"Purim: A Hist\u00f3ria e A Profecia"}]},{"@type":"WebSite","@id":"https:\/\/israelbiblicalstudies.com\/pt\/#website","url":"https:\/\/israelbiblicalstudies.com\/pt\/","name":"Israel Institute of Biblical Studies","description":"Deepen Your Understanding of the Bible","publisher":{"@id":"https:\/\/israelbiblicalstudies.com\/pt\/#organization"},"potentialAction":[{"@type":"SearchAction","target":{"@type":"EntryPoint","urlTemplate":"https:\/\/israelbiblicalstudies.com\/pt\/?s={search_term_string}"},"query-input":{"@type":"PropertyValueSpecification","valueRequired":true,"valueName":"search_term_string"}}],"inLanguage":"pt-BR"},{"@type":"Organization","@id":"https:\/\/israelbiblicalstudies.com\/pt\/#organization","name":"Israel Biblical Studies","url":"https:\/\/israelbiblicalstudies.com\/pt\/","logo":{"@type":"ImageObject","inLanguage":"pt-BR","@id":"https:\/\/israelbiblicalstudies.com\/pt\/#\/schema\/logo\/image\/","url":"https:\/\/israelbiblicalstudies.com\/wp-content\/uploads\/2016\/09\/logo-invert.png","contentUrl":"https:\/\/israelbiblicalstudies.com\/wp-content\/uploads\/2016\/09\/logo-invert.png","width":152,"height":68,"caption":"Israel Biblical Studies"},"image":{"@id":"https:\/\/israelbiblicalstudies.com\/pt\/#\/schema\/logo\/image\/"}},{"@type":"Person","@id":"https:\/\/israelbiblicalstudies.com\/pt\/#\/schema\/person\/470c9356fa72a497ecb801267dff4d15","name":"Julia Blum","image":{"@type":"ImageObject","inLanguage":"pt-BR","@id":"https:\/\/israelbiblicalstudies.com\/pt\/#\/schema\/person\/image\/","url":"https:\/\/secure.gravatar.com\/avatar\/bba81953dcf8395e3b4a73607c07e2f9d3e53c113398ce1fd48361f3f137b781?s=96&d=mm&r=g","contentUrl":"https:\/\/secure.gravatar.com\/avatar\/bba81953dcf8395e3b4a73607c07e2f9d3e53c113398ce1fd48361f3f137b781?s=96&d=mm&r=g","caption":"Julia Blum"},"description":"Julia is a teacher and an author of several books on biblical topics. She teaches two biblical courses at the Israel Institute of Biblical Studies, \u201cDiscovering the Hebrew Bible\u201d and \u201cJewish Background of the New Testament\u201d, and writes Hebrew insights for these courses.","url":"https:\/\/israelbiblicalstudies.com\/pt\/blog\/author\/juliablum\/"}]}},"_links":{"self":[{"href":"https:\/\/israelbiblicalstudies.com\/pt\/wp-json\/wp\/v2\/posts\/12149","targetHints":{"allow":["GET"]}}],"collection":[{"href":"https:\/\/israelbiblicalstudies.com\/pt\/wp-json\/wp\/v2\/posts"}],"about":[{"href":"https:\/\/israelbiblicalstudies.com\/pt\/wp-json\/wp\/v2\/types\/post"}],"author":[{"embeddable":true,"href":"https:\/\/israelbiblicalstudies.com\/pt\/wp-json\/wp\/v2\/users\/45"}],"replies":[{"embeddable":true,"href":"https:\/\/israelbiblicalstudies.com\/pt\/wp-json\/wp\/v2\/comments?post=12149"}],"version-history":[{"count":0,"href":"https:\/\/israelbiblicalstudies.com\/pt\/wp-json\/wp\/v2\/posts\/12149\/revisions"}],"wp:featuredmedia":[{"embeddable":true,"href":"https:\/\/israelbiblicalstudies.com\/pt\/wp-json\/wp\/v2\/media\/12144"}],"wp:attachment":[{"href":"https:\/\/israelbiblicalstudies.com\/pt\/wp-json\/wp\/v2\/media?parent=12149"}],"wp:term":[{"taxonomy":"category","embeddable":true,"href":"https:\/\/israelbiblicalstudies.com\/pt\/wp-json\/wp\/v2\/categories?post=12149"},{"taxonomy":"post_tag","embeddable":true,"href":"https:\/\/israelbiblicalstudies.com\/pt\/wp-json\/wp\/v2\/tags?post=12149"}],"curies":[{"name":"wp","href":"https:\/\/api.w.org\/{rel}","templated":true}]}}