{"id":12207,"date":"2018-03-29T10:27:19","date_gmt":"2018-03-29T07:27:19","guid":{"rendered":"https:\/\/iibsblogsstg.wpenginepowered.com\/?p=12207"},"modified":"2025-08-13T11:34:47","modified_gmt":"2025-08-13T11:34:47","slug":"porcao-da-tora-no-tempo-atual-3-o-cordeiro-da-pascoa","status":"publish","type":"post","link":"https:\/\/israelbiblicalstudies.com\/pt\/blog\/category\/jewish-studies\/porcao-da-tora-no-tempo-atual-3-o-cordeiro-da-pascoa\/","title":{"rendered":"Por\u00e7\u00e3o da Tor\u00e1 no Tempo Atual (3): O Cordeiro da P\u00e1scoa"},"content":{"rendered":"<p>&nbsp;<\/p>\n<p>Estamos continuando nossa jornada atrav\u00e9s das leituras da Tor\u00e1 desta \u00e9poca especial de P\u00e1scoa.\u00a0\u00c9 claro que h\u00e1 uma leitura especial para a P\u00e1scoa \u2014como voc\u00eas podem imaginar \u00e9 \u00caxodo 12, a hist\u00f3ria do \u00caxodo\u2014.\u00a0Do relato do Novo Testamento, sabemos que Jesus j\u00e1 havia sido crucificado e sepultado, mas onde seus disc\u00edpulos passaram este Dia Santo?\u00a0N\u00f3s lemos no Evangelho que \u201celes descansaram no S\u00e1bado de acordo com o mandamento\u201d, e eles podem ter ido a uma sinagoga para ouvir a leitura da Tor\u00e1.\u00a0Acredito que, enquanto eles estavam ouvindo a hist\u00f3ria do \u00eaxodo, eles teriam tido retrospectivas dos eventos da semana anterior e provavelmente teriam encontrado respostas para algumas perguntas n\u00e3o respondidas que tinham.<\/p>\n<p>&nbsp;<\/p>\n<p>POR QUE JESUS \u200b\u200bENTROU EM JERUSAL\u00c9M NO DOMINGO?<\/p>\n<p>Hoje, os Crist\u00e3os de todo o mundo sabem que o Domingo de Ramos \u00e9 o come\u00e7o da Semana da Paix\u00e3o, mas voc\u00eas sabem por que Jesus entrou em Jerusal\u00e9m naquele dia em particular?\u00a0Podemos encontrar uma resposta nos primeiros vers\u00edculos de \u00caxodo 12, onde Deus instruiu que o cordeiro que seria morto na v\u00e9spera do \u00eaxodo, seria separado quatro dias antes:<\/p>\n<p><i>\u201cAos dez dias deste m\u00eas cada um tomar\u00e1 para si um cordeiro segundo a casa de seus pais&#8230; O\u00a0 cordeiro ser\u00e1 sem defeito&#8230; E o guardareis at\u00e9 o d\u00e9cimo quarto dia deste m\u00eas; e todo o ajuntamento\u00a0 da congrega\u00e7\u00e3o de Israel o matar\u00e1 no crep\u00fasculo da tarde\u201d.<\/i><\/p>\n<p>Assim, no 10<sup>o<\/sup> dia de Nissan, o cordeiro Pascal era escolhido e separado e come\u00e7avam as prepara\u00e7\u00f5es para o seu abate.\u00a0Esta \u00e9 a raz\u00e3o pela qual Jesus teve que entrar em Jerusal\u00e9m no domingo, o 10\u00a0<sup>\u00ba<\/sup>\u00a0dia de Nissan \u2014no mesmo dia quando o cordeiro perfeito seria\u00a0 selecionado e separado\u2014.<\/p>\n<p>&nbsp;<\/p>\n<p>A \u00daLTIMA CEIA<\/p>\n<p>Eles definitivamente estariam pensando na \u00faltima refei\u00e7\u00e3o que Jesus compartilhou com eles.\u00a0Como sabemos hoje, a natureza precisa e o momento da \u00daltima Ceia est\u00e3o entre os t\u00f3picos mais debatidos ao longo da hist\u00f3ria do Novo Testamento.\u00a0Ao contr\u00e1rio de n\u00f3s, os disc\u00edpulos, claro, sabiam exatamente quando ela aconteceu.\u00a0Creio que foi na quarta-feira, dia 13 de Nissan, que os disc\u00edpulos prepararam esta refei\u00e7\u00e3o especial que chamamos de \u00daltima Ceia e que, na verdade, era\u00a0<i>seudah maphsehket<\/i> \u2014a \u00faltima refei\u00e7\u00e3o antes do jejum dos primog\u00eanitos\u2014.\u00a0Um ano atr\u00e1s, eu escrevi um post neste blog discutindo a natureza desta refei\u00e7\u00e3o, e se voc\u00eas estiverem interessados em saber mais detalhes, eu indico este artigo (\u201cA \u00daltima Ceia e o sinal de Jonas -2\u201d).\u00a0Aqui, basta dizer que, como Jesus e seus disc\u00edpulos eram Galileus, eles teriam observado as tradi\u00e7\u00f5es da Galileia.\u00a0Havia v\u00e1rias diferen\u00e7as entre a observ\u00e2ncia da P\u00e1scoa Judaica e da Galileia, mas a mais importante era um jejum especial \u2014o Jejum dos Primog\u00eanitos\u2014, em lembran\u00e7a dos primog\u00eanitos Israelitas que foram salvos da morte (\u00e9 por isso que lemos na Mishna que \u201cna Galileia, eles n\u00e3o trabalhavam de jeito nenhum\u201d no dia da P\u00e1scoa).\u00a0O jejum ocorria no dia 14 de Nissan, no dia da P\u00e1scoa.\u00a0Em Hebraico a \u00faltima refei\u00e7\u00e3o antes do jejum \u00e9 chamada\u00a0<i>seudah maphsehket<\/i>.\u00a0Assim, na tradi\u00e7\u00e3o da Galileia, havia esta refei\u00e7\u00e3o especial no in\u00edcio da P\u00e1scoa (dia 14 de Nissan)\u00a0chamada <i>seudah maphsehket<\/i>.\u00a0Depois dessa refei\u00e7\u00e3o, haveria um dia inteiro de jejum, e a pr\u00f3xima refei\u00e7\u00e3o seria a refei\u00e7\u00e3o da P\u00e1scoa \u2014o Seder\u2014.\u00a0<i>Nesse sentido, essa refei\u00e7\u00e3o foi de fato a \u00daltima Ceia.<\/i><\/p>\n<p>Jesus e os disc\u00edpulos comeram esta refei\u00e7\u00e3o na noite de Quarta-feira, no in\u00edcio da P\u00e1scoa, quando o dia mudava para 14 de Nissan. Ent\u00e3o Jesus foi preso \u00e0 noite, julgado e condenado no in\u00edcio da manh\u00e3 de Quinta-feira e depois crucificado durante o dia \u2014e tudo isso aconteceu durante o dia da P\u00e1scoa, dia\u00a0 14 de Nissan, Quinta-feira\u2014.\u00a0Ent\u00e3o, na Quinta-feira, dia 14 de Nissan, Jesus morreu na cruz.<\/p>\n<p>&nbsp;<\/p>\n<p>O FIM OU O COME\u00c7O?<\/p>\n<p>E aqui seus pensamentos trope\u00e7ariam: tudo ainda era muito cru e terr\u00edvel.\u00a0Sabemos que os relatos Evang\u00e9licos (exceto Jo\u00e3o) n\u00e3o mencionam os disc\u00edpulos \u201cperto da cruz\u201d, apenas algumas das mulheres seguidoras;\u00a0mas acho um pouco dif\u00edcil imaginar que eles n\u00e3o estivessem observando a agonia de seu Mestre \u00e0 dist\u00e2ncia.\u00a0Voc\u00eas j\u00e1 pensaram em como eles devem ter se sentido quando ouviram o Rabino ofegante da cruz com uma voz baixa e fraca: \u201c<i>Est\u00e1 consumado\u201d.<\/i><em><a href=\"#_ftn1\" name=\"_ftnref1\"><strong>[1]<\/strong><\/a><\/em>\u00a0Eles provavelmente engasgaram desesperadamente quando perceberam o significado claro dessas palavras:\u00a0&#8220;<i>Est\u00e1 consumado<\/i>\u201d. \u201cTodas as nossas esperan\u00e7as se foram!\u00a0Est\u00e1 consumado\u201d. Suponho que at\u00e9 aquele momento eles ainda esperavam, ainda acreditavam em um milagre \u2014n\u00e3o apenas aqueles que zombaram dele\u2014, mas muito mais Seus seguidores devem ter esperado que Ele descesse da cruz \u2014para livrar a Si mesmo e a todo o Israel e assim provar que Ele era de fato o Filho de Deus\u2014. Eles esperaram e acreditaram at\u00e9 o \u00faltimo momento.\u00a0No entanto, n\u00e3o somente isso n\u00e3o aconteceu, mas Ele mesmo disse que tudo estava consumado. At\u00f4nitos, ficaram olhando um para o outro: Voc\u00ea ouviu isso?\u00a0Ele mesmo disse isso;\u00a0estas foram Suas \u00faltimas palavras:\u00a0\u201c<i>est\u00e1 consumado<\/i>\u201d. Tudo o que esperavamos, tudo o que acredit\u00e1vamos \u2014tudo est\u00e1 consumado\u2014. N\u00e3o h\u00e1 mais nada a esperar, nada mais a aguardar.\u00a0N\u00e3o s\u00f3 o nosso Mestre foi crucificado, n\u00e3o apenas Ele morreu uma morte horr\u00edvel, cruel e humilhante em uma cruz Romana, mas antes de morrer Ele se assegurou de que n\u00e3o manter\u00edamos falsas expectativas:\u00a0\u201c<b><i>Est\u00e1 consumado<\/i><\/b>\u201d.<\/p>\n<p>Eles sabiam muitos detalhes que desejamos saber: eles sabiam exatamente quando ocorreu a \u00daltima Ceia, exatamente quando ele foi crucificado, quem estava perto da cruz \u2014mas eles n\u00e3o entenderam porque tudo aconteceu, porque ele teve que morrer\u2014. porque tudo estava consumado?\u00a0Desde sua morte, eles ficaram confusos e aterrorizados, atordoados pelo horror e descren\u00e7a \u2014mas agora, enquanto ouviam \u00caxodo 12\u2014, eles come\u00e7aram a ver as conex\u00f5es e paralelos entre as hist\u00f3rias?\u00a0Come\u00e7aram a compreender um novo significado deste &#8220;est\u00e1 consumado&#8221;?\u00a0Esse novo significado come\u00e7ou a surgir em seus cora\u00e7\u00f5es?\u00a0A morte do Cordeiro Pascal, quando consumada, n\u00e3o significava o fim, mas o come\u00e7o de uma nova era;\u00a0talvez a morte de Jesus que foi completada, realizada<b>, consumada<\/b>\u00a0na P\u00e1scoa, tamb\u00e9m representaria, n\u00e3o o fim, mas o contr\u00e1rio \u2014o come\u00e7o de uma nova era?\u2014<\/p>\n<p>&nbsp;<\/p>\n<p><i>Gostaria de lembrar a voc\u00eas, meus queridos leitores, que oferecemos um novo curso, chamado Por\u00e7\u00e3o Semanal da Tor\u00e1, e os interessados \u200b\u200bem estudar em profundidade a Parashat Shavua, juntamente com os conhecimentos do Novo Testamento, s\u00e3o convidados a se inscrever neste curso. (entrem em contato comigo para mais informa\u00e7\u00f5es e para o desconto).\u00a0Al\u00e9m disso<\/i>,\u00a0<i>se voc\u00eas gostaram dos artigos neste blog, voc\u00eas podem tamb\u00e9m gostar dos meus livros, voc\u00eas podem obt\u00ea-los atrav\u00e9s da minha p\u00e1gina:<\/i><em>\u00a0<a href=\"https:\/\/israelbiblicalstudies.com\/blog\/author\/juliablum\/\">https:\/\/israelbiblicalstudies.com\/blog\/author\/juliablum\/.<\/a><\/em><\/p>\n<p>CHAG PESACH SAMEACH!<\/p>\n<p>FELIZ P\u00c1SCOA!<\/p>\n<p>MUITAS B\u00caN\u00c7\u00c3OS A TODOS OS MEUS MARAVILHOSOS LEITORES PARA ESTA \u00c9POCA ESPECIAL!<\/p>\n<p><a href=\"#_ftnref1\" name=\"_ftn1\">[1]<\/a> Jo\u00e3o 19:30<\/p>\n","protected":false},"excerpt":{"rendered":"<p>&nbsp; Estamos continuando nossa jornada atrav\u00e9s das leituras da Tor\u00e1 desta \u00e9poca especial de P\u00e1scoa.\u00a0\u00c9 claro que h\u00e1 uma leitura especial para a P\u00e1scoa \u2014como voc\u00eas podem imaginar \u00e9 \u00caxodo 12, a hist\u00f3ria do \u00caxodo\u2014.\u00a0Do relato do Novo Testamento, sabemos que Jesus j\u00e1 havia sido crucificado e sepultado, mas onde seus disc\u00edpulos passaram este Dia [&hellip;]<\/p>\n","protected":false},"author":45,"featured_media":12200,"comment_status":"closed","ping_status":"open","sticky":false,"template":"","format":"standard","meta":{"_acf_changed":false,"inline_featured_image":false,"footnotes":""},"categories":[395],"tags":[],"class_list":["post-12207","post","type-post","status-publish","format-standard","has-post-thumbnail","hentry","category-jewish-studies"],"acf":[],"yoast_head":"<!-- This site is optimized with the Yoast SEO plugin v26.5 - https:\/\/yoast.com\/wordpress\/plugins\/seo\/ -->\n<title>Por\u00e7\u00e3o da Tor\u00e1 no Tempo Atual (3): O Cordeiro da P\u00e1scoa - Israel Institute of Biblical Studies<\/title>\n<meta name=\"description\" content=\"&nbsp; Estamos continuando nossa jornada atrav\u00e9s das leituras da Tor\u00e1 desta \u00e9poca especial de P\u00e1scoa.\u00a0\u00c9 claro que h\u00e1 uma leitura especial para a P\u00e1scoa\" \/>\n<meta name=\"robots\" content=\"index, follow, max-snippet:-1, max-image-preview:large, max-video-preview:-1\" \/>\n<link rel=\"canonical\" href=\"https:\/\/israelbiblicalstudies.com\/pt\/blog\/category\/jewish-studies\/porcao-da-tora-no-tempo-atual-3-o-cordeiro-da-pascoa\/\" \/>\n<meta property=\"og:locale\" content=\"pt_BR\" \/>\n<meta property=\"og:type\" content=\"article\" \/>\n<meta property=\"og:title\" content=\"Por\u00e7\u00e3o da Tor\u00e1 no Tempo Atual (3): O Cordeiro da P\u00e1scoa - Israel Institute of Biblical Studies\" \/>\n<meta property=\"og:description\" content=\"&nbsp; Estamos continuando nossa jornada atrav\u00e9s das leituras da Tor\u00e1 desta \u00e9poca especial de P\u00e1scoa.\u00a0\u00c9 claro que h\u00e1 uma leitura especial para a P\u00e1scoa\" \/>\n<meta property=\"og:url\" content=\"https:\/\/israelbiblicalstudies.com\/pt\/blog\/category\/jewish-studies\/porcao-da-tora-no-tempo-atual-3-o-cordeiro-da-pascoa\/\" \/>\n<meta property=\"og:site_name\" content=\"Israel Institute of Biblical Studies\" \/>\n<meta property=\"article:published_time\" content=\"2018-03-29T07:27:19+00:00\" \/>\n<meta property=\"article:modified_time\" content=\"2025-08-13T11:34:47+00:00\" \/>\n<meta property=\"og:image\" content=\"https:\/\/israelbiblicalstudies.com\/wp-content\/uploads\/2018\/03\/shutterstock_336919088-e1522304815655.jpg\" \/>\n\t<meta property=\"og:image:width\" content=\"707\" \/>\n\t<meta property=\"og:image:height\" content=\"1000\" \/>\n\t<meta property=\"og:image:type\" content=\"image\/jpeg\" \/>\n<meta name=\"author\" content=\"Julia Blum\" \/>\n<meta name=\"twitter:card\" content=\"summary_large_image\" \/>\n<meta name=\"twitter:label1\" content=\"Escrito por\" \/>\n\t<meta name=\"twitter:data1\" content=\"Julia Blum\" \/>\n\t<meta name=\"twitter:label2\" content=\"Est. tempo de leitura\" \/>\n\t<meta name=\"twitter:data2\" content=\"6 minutos\" \/>\n<script type=\"application\/ld+json\" class=\"yoast-schema-graph\">{\"@context\":\"https:\/\/schema.org\",\"@graph\":[{\"@type\":\"Article\",\"@id\":\"https:\/\/israelbiblicalstudies.com\/pt\/blog\/category\/jewish-studies\/porcao-da-tora-no-tempo-atual-3-o-cordeiro-da-pascoa\/#article\",\"isPartOf\":{\"@id\":\"https:\/\/israelbiblicalstudies.com\/pt\/blog\/category\/jewish-studies\/porcao-da-tora-no-tempo-atual-3-o-cordeiro-da-pascoa\/\"},\"author\":{\"name\":\"Julia Blum\",\"@id\":\"https:\/\/israelbiblicalstudies.com\/pt\/#\/schema\/person\/470c9356fa72a497ecb801267dff4d15\"},\"headline\":\"Por\u00e7\u00e3o da Tor\u00e1 no Tempo Atual (3): O Cordeiro da P\u00e1scoa\",\"datePublished\":\"2018-03-29T07:27:19+00:00\",\"dateModified\":\"2025-08-13T11:34:47+00:00\",\"mainEntityOfPage\":{\"@id\":\"https:\/\/israelbiblicalstudies.com\/pt\/blog\/category\/jewish-studies\/porcao-da-tora-no-tempo-atual-3-o-cordeiro-da-pascoa\/\"},\"wordCount\":1235,\"publisher\":{\"@id\":\"https:\/\/israelbiblicalstudies.com\/pt\/#organization\"},\"image\":{\"@id\":\"https:\/\/israelbiblicalstudies.com\/pt\/blog\/category\/jewish-studies\/porcao-da-tora-no-tempo-atual-3-o-cordeiro-da-pascoa\/#primaryimage\"},\"thumbnailUrl\":\"https:\/\/israelbiblicalstudies.com\/wp-content\/uploads\/2018\/03\/shutterstock_336919088-e1522304815655.jpg\",\"articleSection\":[\"Estudos Judaicos\"],\"inLanguage\":\"pt-BR\"},{\"@type\":\"WebPage\",\"@id\":\"https:\/\/israelbiblicalstudies.com\/pt\/blog\/category\/jewish-studies\/porcao-da-tora-no-tempo-atual-3-o-cordeiro-da-pascoa\/\",\"url\":\"https:\/\/israelbiblicalstudies.com\/pt\/blog\/category\/jewish-studies\/porcao-da-tora-no-tempo-atual-3-o-cordeiro-da-pascoa\/\",\"name\":\"Por\u00e7\u00e3o da Tor\u00e1 no Tempo Atual (3): O Cordeiro da P\u00e1scoa - Israel Institute of Biblical Studies\",\"isPartOf\":{\"@id\":\"https:\/\/israelbiblicalstudies.com\/pt\/#website\"},\"primaryImageOfPage\":{\"@id\":\"https:\/\/israelbiblicalstudies.com\/pt\/blog\/category\/jewish-studies\/porcao-da-tora-no-tempo-atual-3-o-cordeiro-da-pascoa\/#primaryimage\"},\"image\":{\"@id\":\"https:\/\/israelbiblicalstudies.com\/pt\/blog\/category\/jewish-studies\/porcao-da-tora-no-tempo-atual-3-o-cordeiro-da-pascoa\/#primaryimage\"},\"thumbnailUrl\":\"https:\/\/israelbiblicalstudies.com\/wp-content\/uploads\/2018\/03\/shutterstock_336919088-e1522304815655.jpg\",\"datePublished\":\"2018-03-29T07:27:19+00:00\",\"dateModified\":\"2025-08-13T11:34:47+00:00\",\"description\":\"&nbsp; Estamos continuando nossa jornada atrav\u00e9s das leituras da Tor\u00e1 desta \u00e9poca especial de P\u00e1scoa.\u00a0\u00c9 claro que h\u00e1 uma leitura especial para a P\u00e1scoa\",\"breadcrumb\":{\"@id\":\"https:\/\/israelbiblicalstudies.com\/pt\/blog\/category\/jewish-studies\/porcao-da-tora-no-tempo-atual-3-o-cordeiro-da-pascoa\/#breadcrumb\"},\"inLanguage\":\"pt-BR\",\"potentialAction\":[{\"@type\":\"ReadAction\",\"target\":[\"https:\/\/israelbiblicalstudies.com\/pt\/blog\/category\/jewish-studies\/porcao-da-tora-no-tempo-atual-3-o-cordeiro-da-pascoa\/\"]}]},{\"@type\":\"ImageObject\",\"inLanguage\":\"pt-BR\",\"@id\":\"https:\/\/israelbiblicalstudies.com\/pt\/blog\/category\/jewish-studies\/porcao-da-tora-no-tempo-atual-3-o-cordeiro-da-pascoa\/#primaryimage\",\"url\":\"https:\/\/israelbiblicalstudies.com\/wp-content\/uploads\/2018\/03\/shutterstock_336919088-e1522304815655.jpg\",\"contentUrl\":\"https:\/\/israelbiblicalstudies.com\/wp-content\/uploads\/2018\/03\/shutterstock_336919088-e1522304815655.jpg\",\"width\":707,\"height\":1000},{\"@type\":\"BreadcrumbList\",\"@id\":\"https:\/\/israelbiblicalstudies.com\/pt\/blog\/category\/jewish-studies\/porcao-da-tora-no-tempo-atual-3-o-cordeiro-da-pascoa\/#breadcrumb\",\"itemListElement\":[{\"@type\":\"ListItem\",\"position\":1,\"name\":\"Home\",\"item\":\"https:\/\/israelbiblicalstudies.com\/pt\/\"},{\"@type\":\"ListItem\",\"position\":2,\"name\":\"Estudos Judaicos\",\"item\":\"https:\/\/israelbiblicalstudies.com\/pt\/blog\/category\/jewish-studies\/\"},{\"@type\":\"ListItem\",\"position\":3,\"name\":\"Por\u00e7\u00e3o da Tor\u00e1 no Tempo Atual (3): O Cordeiro da P\u00e1scoa\"}]},{\"@type\":\"WebSite\",\"@id\":\"https:\/\/israelbiblicalstudies.com\/pt\/#website\",\"url\":\"https:\/\/israelbiblicalstudies.com\/pt\/\",\"name\":\"Israel Institute of Biblical Studies\",\"description\":\"Deepen Your Understanding of the Bible\",\"publisher\":{\"@id\":\"https:\/\/israelbiblicalstudies.com\/pt\/#organization\"},\"potentialAction\":[{\"@type\":\"SearchAction\",\"target\":{\"@type\":\"EntryPoint\",\"urlTemplate\":\"https:\/\/israelbiblicalstudies.com\/pt\/?s={search_term_string}\"},\"query-input\":{\"@type\":\"PropertyValueSpecification\",\"valueRequired\":true,\"valueName\":\"search_term_string\"}}],\"inLanguage\":\"pt-BR\"},{\"@type\":\"Organization\",\"@id\":\"https:\/\/israelbiblicalstudies.com\/pt\/#organization\",\"name\":\"Israel Biblical Studies\",\"url\":\"https:\/\/israelbiblicalstudies.com\/pt\/\",\"logo\":{\"@type\":\"ImageObject\",\"inLanguage\":\"pt-BR\",\"@id\":\"https:\/\/israelbiblicalstudies.com\/pt\/#\/schema\/logo\/image\/\",\"url\":\"https:\/\/israelbiblicalstudies.com\/wp-content\/uploads\/2016\/09\/logo-invert.png\",\"contentUrl\":\"https:\/\/israelbiblicalstudies.com\/wp-content\/uploads\/2016\/09\/logo-invert.png\",\"width\":152,\"height\":68,\"caption\":\"Israel Biblical Studies\"},\"image\":{\"@id\":\"https:\/\/israelbiblicalstudies.com\/pt\/#\/schema\/logo\/image\/\"}},{\"@type\":\"Person\",\"@id\":\"https:\/\/israelbiblicalstudies.com\/pt\/#\/schema\/person\/470c9356fa72a497ecb801267dff4d15\",\"name\":\"Julia Blum\",\"image\":{\"@type\":\"ImageObject\",\"inLanguage\":\"pt-BR\",\"@id\":\"https:\/\/israelbiblicalstudies.com\/pt\/#\/schema\/person\/image\/\",\"url\":\"https:\/\/secure.gravatar.com\/avatar\/bba81953dcf8395e3b4a73607c07e2f9d3e53c113398ce1fd48361f3f137b781?s=96&d=mm&r=g\",\"contentUrl\":\"https:\/\/secure.gravatar.com\/avatar\/bba81953dcf8395e3b4a73607c07e2f9d3e53c113398ce1fd48361f3f137b781?s=96&d=mm&r=g\",\"caption\":\"Julia Blum\"},\"description\":\"Julia is a teacher and an author of several books on biblical topics. She teaches two biblical courses at the Israel Institute of Biblical Studies, \u201cDiscovering the Hebrew Bible\u201d and \u201cJewish Background of the New Testament\u201d, and writes Hebrew insights for these courses.\",\"url\":\"https:\/\/israelbiblicalstudies.com\/pt\/blog\/author\/juliablum\/\"}]}<\/script>\n<!-- \/ Yoast SEO plugin. -->","yoast_head_json":{"title":"Por\u00e7\u00e3o da Tor\u00e1 no Tempo Atual (3): O Cordeiro da P\u00e1scoa - Israel Institute of Biblical Studies","description":"&nbsp; Estamos continuando nossa jornada atrav\u00e9s das leituras da Tor\u00e1 desta \u00e9poca especial de P\u00e1scoa.\u00a0\u00c9 claro que h\u00e1 uma leitura especial para a P\u00e1scoa","robots":{"index":"index","follow":"follow","max-snippet":"max-snippet:-1","max-image-preview":"max-image-preview:large","max-video-preview":"max-video-preview:-1"},"canonical":"https:\/\/israelbiblicalstudies.com\/pt\/blog\/category\/jewish-studies\/porcao-da-tora-no-tempo-atual-3-o-cordeiro-da-pascoa\/","og_locale":"pt_BR","og_type":"article","og_title":"Por\u00e7\u00e3o da Tor\u00e1 no Tempo Atual (3): O Cordeiro da P\u00e1scoa - Israel Institute of Biblical Studies","og_description":"&nbsp; Estamos continuando nossa jornada atrav\u00e9s das leituras da Tor\u00e1 desta \u00e9poca especial de P\u00e1scoa.\u00a0\u00c9 claro que h\u00e1 uma leitura especial para a P\u00e1scoa","og_url":"https:\/\/israelbiblicalstudies.com\/pt\/blog\/category\/jewish-studies\/porcao-da-tora-no-tempo-atual-3-o-cordeiro-da-pascoa\/","og_site_name":"Israel Institute of Biblical Studies","article_published_time":"2018-03-29T07:27:19+00:00","article_modified_time":"2025-08-13T11:34:47+00:00","og_image":[{"width":707,"height":1000,"url":"https:\/\/israelbiblicalstudies.com\/wp-content\/uploads\/2018\/03\/shutterstock_336919088-e1522304815655.jpg","type":"image\/jpeg"}],"author":"Julia Blum","twitter_card":"summary_large_image","twitter_misc":{"Escrito por":"Julia Blum","Est. tempo de leitura":"6 minutos"},"schema":{"@context":"https:\/\/schema.org","@graph":[{"@type":"Article","@id":"https:\/\/israelbiblicalstudies.com\/pt\/blog\/category\/jewish-studies\/porcao-da-tora-no-tempo-atual-3-o-cordeiro-da-pascoa\/#article","isPartOf":{"@id":"https:\/\/israelbiblicalstudies.com\/pt\/blog\/category\/jewish-studies\/porcao-da-tora-no-tempo-atual-3-o-cordeiro-da-pascoa\/"},"author":{"name":"Julia Blum","@id":"https:\/\/israelbiblicalstudies.com\/pt\/#\/schema\/person\/470c9356fa72a497ecb801267dff4d15"},"headline":"Por\u00e7\u00e3o da Tor\u00e1 no Tempo Atual (3): O Cordeiro da P\u00e1scoa","datePublished":"2018-03-29T07:27:19+00:00","dateModified":"2025-08-13T11:34:47+00:00","mainEntityOfPage":{"@id":"https:\/\/israelbiblicalstudies.com\/pt\/blog\/category\/jewish-studies\/porcao-da-tora-no-tempo-atual-3-o-cordeiro-da-pascoa\/"},"wordCount":1235,"publisher":{"@id":"https:\/\/israelbiblicalstudies.com\/pt\/#organization"},"image":{"@id":"https:\/\/israelbiblicalstudies.com\/pt\/blog\/category\/jewish-studies\/porcao-da-tora-no-tempo-atual-3-o-cordeiro-da-pascoa\/#primaryimage"},"thumbnailUrl":"https:\/\/israelbiblicalstudies.com\/wp-content\/uploads\/2018\/03\/shutterstock_336919088-e1522304815655.jpg","articleSection":["Estudos Judaicos"],"inLanguage":"pt-BR"},{"@type":"WebPage","@id":"https:\/\/israelbiblicalstudies.com\/pt\/blog\/category\/jewish-studies\/porcao-da-tora-no-tempo-atual-3-o-cordeiro-da-pascoa\/","url":"https:\/\/israelbiblicalstudies.com\/pt\/blog\/category\/jewish-studies\/porcao-da-tora-no-tempo-atual-3-o-cordeiro-da-pascoa\/","name":"Por\u00e7\u00e3o da Tor\u00e1 no Tempo Atual (3): O Cordeiro da P\u00e1scoa - Israel Institute of Biblical Studies","isPartOf":{"@id":"https:\/\/israelbiblicalstudies.com\/pt\/#website"},"primaryImageOfPage":{"@id":"https:\/\/israelbiblicalstudies.com\/pt\/blog\/category\/jewish-studies\/porcao-da-tora-no-tempo-atual-3-o-cordeiro-da-pascoa\/#primaryimage"},"image":{"@id":"https:\/\/israelbiblicalstudies.com\/pt\/blog\/category\/jewish-studies\/porcao-da-tora-no-tempo-atual-3-o-cordeiro-da-pascoa\/#primaryimage"},"thumbnailUrl":"https:\/\/israelbiblicalstudies.com\/wp-content\/uploads\/2018\/03\/shutterstock_336919088-e1522304815655.jpg","datePublished":"2018-03-29T07:27:19+00:00","dateModified":"2025-08-13T11:34:47+00:00","description":"&nbsp; Estamos continuando nossa jornada atrav\u00e9s das leituras da Tor\u00e1 desta \u00e9poca especial de P\u00e1scoa.\u00a0\u00c9 claro que h\u00e1 uma leitura especial para a P\u00e1scoa","breadcrumb":{"@id":"https:\/\/israelbiblicalstudies.com\/pt\/blog\/category\/jewish-studies\/porcao-da-tora-no-tempo-atual-3-o-cordeiro-da-pascoa\/#breadcrumb"},"inLanguage":"pt-BR","potentialAction":[{"@type":"ReadAction","target":["https:\/\/israelbiblicalstudies.com\/pt\/blog\/category\/jewish-studies\/porcao-da-tora-no-tempo-atual-3-o-cordeiro-da-pascoa\/"]}]},{"@type":"ImageObject","inLanguage":"pt-BR","@id":"https:\/\/israelbiblicalstudies.com\/pt\/blog\/category\/jewish-studies\/porcao-da-tora-no-tempo-atual-3-o-cordeiro-da-pascoa\/#primaryimage","url":"https:\/\/israelbiblicalstudies.com\/wp-content\/uploads\/2018\/03\/shutterstock_336919088-e1522304815655.jpg","contentUrl":"https:\/\/israelbiblicalstudies.com\/wp-content\/uploads\/2018\/03\/shutterstock_336919088-e1522304815655.jpg","width":707,"height":1000},{"@type":"BreadcrumbList","@id":"https:\/\/israelbiblicalstudies.com\/pt\/blog\/category\/jewish-studies\/porcao-da-tora-no-tempo-atual-3-o-cordeiro-da-pascoa\/#breadcrumb","itemListElement":[{"@type":"ListItem","position":1,"name":"Home","item":"https:\/\/israelbiblicalstudies.com\/pt\/"},{"@type":"ListItem","position":2,"name":"Estudos Judaicos","item":"https:\/\/israelbiblicalstudies.com\/pt\/blog\/category\/jewish-studies\/"},{"@type":"ListItem","position":3,"name":"Por\u00e7\u00e3o da Tor\u00e1 no Tempo Atual (3): O Cordeiro da P\u00e1scoa"}]},{"@type":"WebSite","@id":"https:\/\/israelbiblicalstudies.com\/pt\/#website","url":"https:\/\/israelbiblicalstudies.com\/pt\/","name":"Israel Institute of Biblical Studies","description":"Deepen Your Understanding of the Bible","publisher":{"@id":"https:\/\/israelbiblicalstudies.com\/pt\/#organization"},"potentialAction":[{"@type":"SearchAction","target":{"@type":"EntryPoint","urlTemplate":"https:\/\/israelbiblicalstudies.com\/pt\/?s={search_term_string}"},"query-input":{"@type":"PropertyValueSpecification","valueRequired":true,"valueName":"search_term_string"}}],"inLanguage":"pt-BR"},{"@type":"Organization","@id":"https:\/\/israelbiblicalstudies.com\/pt\/#organization","name":"Israel Biblical Studies","url":"https:\/\/israelbiblicalstudies.com\/pt\/","logo":{"@type":"ImageObject","inLanguage":"pt-BR","@id":"https:\/\/israelbiblicalstudies.com\/pt\/#\/schema\/logo\/image\/","url":"https:\/\/israelbiblicalstudies.com\/wp-content\/uploads\/2016\/09\/logo-invert.png","contentUrl":"https:\/\/israelbiblicalstudies.com\/wp-content\/uploads\/2016\/09\/logo-invert.png","width":152,"height":68,"caption":"Israel Biblical Studies"},"image":{"@id":"https:\/\/israelbiblicalstudies.com\/pt\/#\/schema\/logo\/image\/"}},{"@type":"Person","@id":"https:\/\/israelbiblicalstudies.com\/pt\/#\/schema\/person\/470c9356fa72a497ecb801267dff4d15","name":"Julia Blum","image":{"@type":"ImageObject","inLanguage":"pt-BR","@id":"https:\/\/israelbiblicalstudies.com\/pt\/#\/schema\/person\/image\/","url":"https:\/\/secure.gravatar.com\/avatar\/bba81953dcf8395e3b4a73607c07e2f9d3e53c113398ce1fd48361f3f137b781?s=96&d=mm&r=g","contentUrl":"https:\/\/secure.gravatar.com\/avatar\/bba81953dcf8395e3b4a73607c07e2f9d3e53c113398ce1fd48361f3f137b781?s=96&d=mm&r=g","caption":"Julia Blum"},"description":"Julia is a teacher and an author of several books on biblical topics. She teaches two biblical courses at the Israel Institute of Biblical Studies, \u201cDiscovering the Hebrew Bible\u201d and \u201cJewish Background of the New Testament\u201d, and writes Hebrew insights for these courses.","url":"https:\/\/israelbiblicalstudies.com\/pt\/blog\/author\/juliablum\/"}]}},"_links":{"self":[{"href":"https:\/\/israelbiblicalstudies.com\/pt\/wp-json\/wp\/v2\/posts\/12207","targetHints":{"allow":["GET"]}}],"collection":[{"href":"https:\/\/israelbiblicalstudies.com\/pt\/wp-json\/wp\/v2\/posts"}],"about":[{"href":"https:\/\/israelbiblicalstudies.com\/pt\/wp-json\/wp\/v2\/types\/post"}],"author":[{"embeddable":true,"href":"https:\/\/israelbiblicalstudies.com\/pt\/wp-json\/wp\/v2\/users\/45"}],"replies":[{"embeddable":true,"href":"https:\/\/israelbiblicalstudies.com\/pt\/wp-json\/wp\/v2\/comments?post=12207"}],"version-history":[{"count":0,"href":"https:\/\/israelbiblicalstudies.com\/pt\/wp-json\/wp\/v2\/posts\/12207\/revisions"}],"wp:featuredmedia":[{"embeddable":true,"href":"https:\/\/israelbiblicalstudies.com\/pt\/wp-json\/wp\/v2\/media\/12200"}],"wp:attachment":[{"href":"https:\/\/israelbiblicalstudies.com\/pt\/wp-json\/wp\/v2\/media?parent=12207"}],"wp:term":[{"taxonomy":"category","embeddable":true,"href":"https:\/\/israelbiblicalstudies.com\/pt\/wp-json\/wp\/v2\/categories?post=12207"},{"taxonomy":"post_tag","embeddable":true,"href":"https:\/\/israelbiblicalstudies.com\/pt\/wp-json\/wp\/v2\/tags?post=12207"}],"curies":[{"name":"wp","href":"https:\/\/api.w.org\/{rel}","templated":true}]}}