{"id":12448,"date":"2018-07-26T11:33:28","date_gmt":"2018-07-26T08:33:28","guid":{"rendered":"https:\/\/iibsblogsstg.wpenginepowered.com\/?p=12448"},"modified":"2025-08-13T11:34:43","modified_gmt":"2025-08-13T11:34:43","slug":"este-dia-na-historia-judaica","status":"publish","type":"post","link":"https:\/\/israelbiblicalstudies.com\/pt\/blog\/category\/jewish-studies\/este-dia-na-historia-judaica\/","title":{"rendered":"Este Dia na Hist\u00f3ria Judaica"},"content":{"rendered":"<p>QU\u00c9 \u00c9 TISHA B\u2019AV?<\/p>\n<p>Meus caros leitores, com todo o meu entusiasmo sobre o Filho do Homem e a import\u00e2ncia deste t\u00f3pico, com todo o meu desejo de lhes mostrar as incr\u00edveis semelhan\u00e7as entre o livro de Enoque e os Evangelhos, eu preciso fazer uma pausa e escrever sobre este dia especial no calend\u00e1rio Judaico que acabamos de observar \u2014Tisha B&#8217;Av\u2014.<\/p>\n<p>No Juda\u00edsmo, Tisha B&#8217;Av (Hebraico: \u05d1\u05d0\u05d1 \u05ea\u05e9\u05e2\u05d4), &#8220;o nono dia de Av&#8221;, \u00e9 um dia de jejum anual.\u00a0\u00c9 o nono dia (Tisha) do m\u00eas de Av \u2014da\u00ed o nome\u2014.\u00a0Tisha B&#8217;Av nunca \u00e9 observado no Shabbat, ent\u00e3o se o dia nove de Av cai s\u00e1bado, como aconteceu neste ano, o jejum \u00e9 adiado at\u00e9 o dia dez de Av.\u00a0Portanto, este ano o jejum de Tish&#8217;a B&#8217;Av come\u00e7ou ao p\u00f4r do sol no s\u00e1bado, 21 de julho de 2018 (Motzey Shabbat) e terminou no dia seguinte, domingo, 22 de julho de 2018, ao anoitecer.<\/p>\n<p>Originalmente, o jejum de Tisha B\u2019Av comemorava a destrui\u00e7\u00e3o dos Templos em Jerusal\u00e9m: tanto o Primeiro Templo quanto o Segundo Templo em Jerusal\u00e9m foram destru\u00eddos na mesma data do calend\u00e1rio Hebraico (cerca de 500 anos de diferen\u00e7a).\u00a0O Primeiro Templo, constru\u00eddo pelo rei Salom\u00e3o, foi destru\u00eddo por Nabucodonosor em 586 a.C.\u00a0 Apesar de lermos em\u00a0<u><a href=\"https:\/\/biblia.com\/bible\/esv\/2%20Kings%2025.8\">2 Reis 25: 8<\/a><\/u>\u00a0que a destrui\u00e7\u00e3o do Primeiro Templo come\u00e7ou no dia sete de Av, de acordo com o Talmud, a destrui\u00e7\u00e3o real do Templo come\u00e7ou no nono dia de Av, e o Templo continuou a queimar ao longo do d\u00e9cimo dia de Av.\u00a0O Segundo Templo foi destru\u00eddo pelos Romanos em 70 d.C.<\/p>\n<p>No entanto, com o tempo, Tisha B&#8217;Av tornou-se um dia de luto Judaico, n\u00e3o apenas por esses eventos, mas tamb\u00e9m por calamidades posteriores que ocorreram neste dia (ou em torno deste dia).\u00a0Aqui est\u00e3o apenas algumas delas:<a href=\"#_ftn1\" name=\"_ftnref1\">[1]<\/a><\/p>\n<p>&#8211; A revolta de Bar Kochba contra os Romanos foi reprimida e terminou em derrota em 4 de agosto de 135 d.C.\u00a0Na mesma data, mas,\u00a0um ano depois, os Romanos araram o local do Templo em Jerusal\u00e9m e arredores.<\/p>\n<p>&#8211; A primeira cruzada come\u00e7ou oficialmente em 15 de agosto de 1096 (24 de Av, 4856), matando 10.000 Judeus em seu primeiro m\u00eas e destruindo comunidades Judaicas na Fran\u00e7a e na Ren\u00e2nia.<\/p>\n<p>&#8211; Os Judeus foram expulsos da Inglaterra em 18 de julho de 1290 (9 de Av, 5050).<\/p>\n<p>&#8211; Os Judeus foram expulsos da Fran\u00e7a em 22 de julho de 1306 (10 de Av, 5066).<\/p>\n<p>&#8211; Os Judeus foram expulsos da Espanha em 31 de julho de 1492 (7 de Av, 5252).<\/p>\n<p>&#8211; A Alemanha entrou na Primeira Guerra Mundial em 1 &#8211; 2 de agosto de 1914 (9 \u2013 10 de Av, 5674), o que causou uma grande agita\u00e7\u00e3o na comunidade Judaica Europeia e cujo resultado conduziu ao Holocausto.<\/p>\n<p>&#8211; Em 2 de agosto de 1941 (9 de Av, 5701), o comandante da SS Heinrich Himmler recebeu formalmente a aprova\u00e7\u00e3o do Partido Nazista para\u00a0 \u201cA Solu\u00e7\u00e3o Final\u201d.\u00a0Como resultado, come\u00e7ou o Holocausto, durante o qual pereceu quase um ter\u00e7o da popula\u00e7\u00e3o Judaica do mundo.<\/p>\n<p>&#8211; Em 23 de julho de 1942 (9 de Av, 5702), come\u00e7ou a deporta\u00e7\u00e3o em massa de Judeus do Gueto de Vars\u00f3via, a caminho de Treblinka.<\/p>\n<p>&#8211; O bombardeio do centro comunit\u00e1rio Judaico em Buenos Aires, matou 85 e ferindo 300 em 18 de julho de 1994 (10 de Av, 5754).<\/p>\n<p>&#8211; A retirada de Israel de Gaza come\u00e7ou na faixa de Gaza, expulsando 8000 Judeus que viviam em Gush Katif;\u00a015 de agosto de 2005;\u00a010 de av, 5765.<\/p>\n<p>Gostaria de acrescentar algumas palavras pessoais sobre a \u00faltima trag\u00e9dia desta lista.\u00a0Lembro claramente do meu sentimento de descren\u00e7a quando soube, pela primeira vez, que a desocupa\u00e7\u00e3o foi marcada para aquela data.\u00a0Pensei: \u201cComo qualquer l\u00edder Judeu poderia planejar alguma coisa para essa data?\u00a0Ele n\u00e3o conhece a hist\u00f3ria? \u201dMas a m\u00e3o de Deus orquestra a hist\u00f3ria \u2014e a hist\u00f3ria Judaica em particular\u2014e mesmo que nem todos em Israel a vissem como uma calamidade, \u201cassociando\u201d este evento a esta data, Deus definitivamente pronunciou Seu ju\u00edzo mesmo assim.\u00a0Estou escrevendo estas linhas depois do fim de semana em que quase 200 foguetes Palestinianos foram lan\u00e7ados da Faixa de Gaza para o nosso Sul \u2014escrevendo e imaginando\u2014: Por que nossa lideran\u00e7a n\u00e3o deu aten\u00e7\u00e3o ao aviso de Deus em 2005?<\/p>\n<p>O PERIGO DE DIFAMAR A TERRA<\/p>\n<p>Em N\u00fameros 13-14, lemos sobre os Doze Espias enviados por Mois\u00e9s para sondar a terra de Cana\u00e3.\u00a0Quando retornaram de sua miss\u00e3o, apenas dois deles, Josu\u00e9 e Calebe, trouxeram um relat\u00f3rio positivo, enquanto os outros desencorajaram o povo.\u00a0Por causa de seu relato desanimador, o povo de Israel chorou e entrou em p\u00e2nico e recusou-se a entrar na Terra.\u00a0Deus estava zangado com o povo;\u00a0e mesmo que ele os tenha perdoado ap\u00f3s a intercess\u00e3o de Mois\u00e9s, Ele os castigou apesar de tudo:\u00a0<em><b><i><sup>\u201c<\/sup><\/i><\/b><i>Ent\u00e3o o SENHOR disse: Eu perdoei, segundo \u00a0a tua palavra;\u00a0mas realmente t\u00e3o certo \u00a0como eu vivo<\/i>&#8230;\u00a0<i>todos estes homens que viram a minha gl\u00f3ria e os sinais que fiz no Egito e no deserto<\/i>&#8230;\u00a0<i>e n\u00e3o deram ouvidos \u00e0 Minha voz,\u00a0certamente n\u00e3o ver\u00e3o a terra&#8221;.<\/i><\/em><a href=\"#_ftn2\" name=\"_ftnref2\"><em><strong>[2]<\/strong><\/em><\/a><\/p>\n<p>Isso \u00e9 o que encontramos na Tor\u00e1.\u00a0No entanto, a tradi\u00e7\u00e3o Judaica adiciona alguns detalhes.\u00a0Quando lemos: \u201c<i>Levantou-se, pois, toda a congrega\u00e7\u00e3o, e gritou em voz alta, e o povo chorou aquela noite<\/i>\u201d,<a href=\"#_ftn3\" name=\"_ftnref3\">[3]<\/a> o Talmud aperfei\u00e7oa: \u201cAquela noite foi a noite do dia nove de Av.\u00a0O Santo, Bendito seja Ele, disse-lhes: voc\u00eas choraram desnecessariamente naquela noite e \u00a0vou, portanto, estabelecer para voc\u00eas uma verdadeira trag\u00e9dia sobre a qual haver\u00e1 choro nas gera\u00e7\u00f5es futuras\u201d.<a href=\"#_ftn4\" name=\"_ftnref4\">[4]<\/a><\/p>\n<p>\u00c9 um lembrete muito s\u00e9rio para todos n\u00f3s, n\u00e3o \u00e9?\u00a0(e n\u00e3o apenas para aqueles que vivem em Israel).\u00a0Voc\u00eas n\u00e3o ouviram as pessoas dizerem: Eu sou uma boa pessoa, n\u00e3o mato, n\u00e3o roubo, n\u00e3o cometo adult\u00e9rio.\u00a0Pensem nisso: de acordo com a tradi\u00e7\u00e3o Judaica, os espias eram os melhores do povo \u2014eles certamente n\u00e3o matavam, n\u00e3o roubavam e n\u00e3o cometiam adult\u00e9rio, e ainda assim, o pecado deles foi uma coisa t\u00e3o terr\u00edvel aos olhos de Deus\u2014.<\/p>\n<p>O JEJUM DO QUINTO M\u00caS<\/p>\n<p>Como voc\u00eas entendem agora, Tisha B&#8217;Av, o nono dia do m\u00eas de Av, \u00e9 o dia mais triste do calend\u00e1rio Judaico.\u00a0E, no entanto, h\u00e1 uma alegre expectativa ligada at\u00e9 mesmo a este triste dia.\u00a0Voc\u00eas se lembram que algumas semanas atr\u00e1s eu mencionei algo que poderia ser designado como \u201cum porco kosher\u201d \u2014uma profunda cren\u00e7a Judaica de que quando o Messias vier, tudo ser\u00e1 consertado e todas as coisas ruins ser\u00e3o revertidas\u2014.\u00a0Esta \u00e9 uma tradi\u00e7\u00e3o rab\u00ednica, mas \u00e9 claro que est\u00e1 \u00a0baseada nas Escrituras.\u00a0Vejam este vers\u00edculo de Zacarias:<\/p>\n<p><em>\u201cAssim diz o Senhor dos ex\u00e9rcitos:<\/em><\/p>\n<p><em><i>O jejum do quarto m\u00eas,<br \/>\n<b>o jejum do quinto,<\/b><br \/>\no jejum do s\u00e9timo,<br \/>\ne o jejum do d\u00e9cimo,<br \/>\nser\u00e1 regozijo, alegria, e \u00a0festividades solenes,<br \/>\npara a casa de Jud\u00e1\u201d.\u00a0<\/i><\/em><em><a href=\"#_ftn5\" name=\"_ftnref5\"><strong>[5]<\/strong><\/a> <\/em><\/p>\n<p>Zacarias fala do jejum de Tisha B&#8217;Av (&#8220;o jejum do quinto m\u00eas&#8221;) finalmente\u00a0 sendo transformado em um dia de alegria com a vinda do Messias.\u00a0N\u00e3o estamos todos antecipando essa alegria?<\/p>\n<p>&nbsp;<\/p>\n<p><a href=\"#_ftnref1\" name=\"_ftn1\">[1]<\/a> Voc\u00eas podem encontrar as listas das trag\u00e9dias que ocorreram com os Judeus em Tisha B&#8217;Av, em muitos sites diferentes.\u00a0Esta lista em particular \u00e9 retirada de <a href=\"https:\/\/en.wikipedia.org\/wiki\/Tisha_B%27Av\">https:\/\/en.wikipedia.org\/wiki\/Tisha_B%27Av<\/a><\/p>\n<p><a href=\"#_ftnref2\" name=\"_ftn2\">[2]<\/a> N\u00fameros 14:20-23<\/p>\n<p><a href=\"#_ftnref3\" name=\"_ftn3\">[3]<\/a> N\u00fameros 14:1<\/p>\n<p><a href=\"#_ftnref4\" name=\"_ftn4\">[4]<\/a> Taanit, 29a<\/p>\n<p><a href=\"#_ftnref5\" name=\"_ftn5\">[5]<\/a> Zacarias 8:19<\/p>\n","protected":false},"excerpt":{"rendered":"<p>QU\u00c9 \u00c9 TISHA B\u2019AV? Meus caros leitores, com todo o meu entusiasmo sobre o Filho do Homem e a import\u00e2ncia deste t\u00f3pico, com todo o meu desejo de lhes mostrar as incr\u00edveis semelhan\u00e7as entre o livro de Enoque e os Evangelhos, eu preciso fazer uma pausa e escrever sobre este dia especial no calend\u00e1rio Judaico [&hellip;]<\/p>\n","protected":false},"author":45,"featured_media":12441,"comment_status":"closed","ping_status":"open","sticky":false,"template":"","format":"standard","meta":{"_acf_changed":false,"inline_featured_image":false,"footnotes":""},"categories":[395],"tags":[],"class_list":["post-12448","post","type-post","status-publish","format-standard","has-post-thumbnail","hentry","category-jewish-studies"],"acf":[],"yoast_head":"<!-- This site is optimized with the Yoast SEO plugin v26.5 - https:\/\/yoast.com\/wordpress\/plugins\/seo\/ -->\n<title>Este Dia na Hist\u00f3ria Judaica - Israel Institute of Biblical Studies<\/title>\n<meta name=\"description\" content=\"QU\u00c9 \u00c9 TISHA B\u2019AV? Meus caros leitores, com todo o meu entusiasmo sobre o Filho do Homem e a import\u00e2ncia deste t\u00f3pico, com todo o meu desejo de lhes\" \/>\n<meta name=\"robots\" content=\"index, follow, max-snippet:-1, max-image-preview:large, max-video-preview:-1\" \/>\n<link rel=\"canonical\" href=\"https:\/\/israelbiblicalstudies.com\/pt\/blog\/category\/jewish-studies\/este-dia-na-historia-judaica\/\" \/>\n<meta property=\"og:locale\" content=\"pt_BR\" \/>\n<meta property=\"og:type\" content=\"article\" \/>\n<meta property=\"og:title\" content=\"Este Dia na Hist\u00f3ria Judaica - Israel Institute of Biblical Studies\" \/>\n<meta property=\"og:description\" content=\"QU\u00c9 \u00c9 TISHA B\u2019AV? Meus caros leitores, com todo o meu entusiasmo sobre o Filho do Homem e a import\u00e2ncia deste t\u00f3pico, com todo o meu desejo de lhes\" \/>\n<meta property=\"og:url\" content=\"https:\/\/israelbiblicalstudies.com\/pt\/blog\/category\/jewish-studies\/este-dia-na-historia-judaica\/\" \/>\n<meta property=\"og:site_name\" content=\"Israel Institute of Biblical Studies\" \/>\n<meta property=\"article:published_time\" content=\"2018-07-26T08:33:28+00:00\" \/>\n<meta property=\"article:modified_time\" content=\"2025-08-13T11:34:43+00:00\" \/>\n<meta property=\"og:image\" content=\"https:\/\/israelbiblicalstudies.com\/wp-content\/uploads\/2018\/07\/shutterstock_299810561.jpg\" \/>\n\t<meta property=\"og:image:width\" content=\"1000\" \/>\n\t<meta property=\"og:image:height\" content=\"563\" \/>\n\t<meta property=\"og:image:type\" content=\"image\/jpeg\" \/>\n<meta name=\"author\" content=\"Julia Blum\" \/>\n<meta name=\"twitter:card\" content=\"summary_large_image\" \/>\n<meta name=\"twitter:label1\" content=\"Escrito por\" \/>\n\t<meta name=\"twitter:data1\" content=\"Julia Blum\" \/>\n\t<meta name=\"twitter:label2\" content=\"Est. tempo de leitura\" \/>\n\t<meta name=\"twitter:data2\" content=\"6 minutos\" \/>\n<script type=\"application\/ld+json\" class=\"yoast-schema-graph\">{\"@context\":\"https:\/\/schema.org\",\"@graph\":[{\"@type\":\"Article\",\"@id\":\"https:\/\/israelbiblicalstudies.com\/pt\/blog\/category\/jewish-studies\/este-dia-na-historia-judaica\/#article\",\"isPartOf\":{\"@id\":\"https:\/\/israelbiblicalstudies.com\/pt\/blog\/category\/jewish-studies\/este-dia-na-historia-judaica\/\"},\"author\":{\"name\":\"Julia Blum\",\"@id\":\"https:\/\/israelbiblicalstudies.com\/pt\/#\/schema\/person\/470c9356fa72a497ecb801267dff4d15\"},\"headline\":\"Este Dia na Hist\u00f3ria Judaica\",\"datePublished\":\"2018-07-26T08:33:28+00:00\",\"dateModified\":\"2025-08-13T11:34:43+00:00\",\"mainEntityOfPage\":{\"@id\":\"https:\/\/israelbiblicalstudies.com\/pt\/blog\/category\/jewish-studies\/este-dia-na-historia-judaica\/\"},\"wordCount\":1276,\"publisher\":{\"@id\":\"https:\/\/israelbiblicalstudies.com\/pt\/#organization\"},\"image\":{\"@id\":\"https:\/\/israelbiblicalstudies.com\/pt\/blog\/category\/jewish-studies\/este-dia-na-historia-judaica\/#primaryimage\"},\"thumbnailUrl\":\"https:\/\/israelbiblicalstudies.com\/wp-content\/uploads\/2018\/07\/shutterstock_299810561.jpg\",\"articleSection\":[\"Estudos Judaicos\"],\"inLanguage\":\"pt-BR\"},{\"@type\":\"WebPage\",\"@id\":\"https:\/\/israelbiblicalstudies.com\/pt\/blog\/category\/jewish-studies\/este-dia-na-historia-judaica\/\",\"url\":\"https:\/\/israelbiblicalstudies.com\/pt\/blog\/category\/jewish-studies\/este-dia-na-historia-judaica\/\",\"name\":\"Este Dia na Hist\u00f3ria Judaica - Israel Institute of Biblical Studies\",\"isPartOf\":{\"@id\":\"https:\/\/israelbiblicalstudies.com\/pt\/#website\"},\"primaryImageOfPage\":{\"@id\":\"https:\/\/israelbiblicalstudies.com\/pt\/blog\/category\/jewish-studies\/este-dia-na-historia-judaica\/#primaryimage\"},\"image\":{\"@id\":\"https:\/\/israelbiblicalstudies.com\/pt\/blog\/category\/jewish-studies\/este-dia-na-historia-judaica\/#primaryimage\"},\"thumbnailUrl\":\"https:\/\/israelbiblicalstudies.com\/wp-content\/uploads\/2018\/07\/shutterstock_299810561.jpg\",\"datePublished\":\"2018-07-26T08:33:28+00:00\",\"dateModified\":\"2025-08-13T11:34:43+00:00\",\"description\":\"QU\u00c9 \u00c9 TISHA B\u2019AV? Meus caros leitores, com todo o meu entusiasmo sobre o Filho do Homem e a import\u00e2ncia deste t\u00f3pico, com todo o meu desejo de lhes\",\"breadcrumb\":{\"@id\":\"https:\/\/israelbiblicalstudies.com\/pt\/blog\/category\/jewish-studies\/este-dia-na-historia-judaica\/#breadcrumb\"},\"inLanguage\":\"pt-BR\",\"potentialAction\":[{\"@type\":\"ReadAction\",\"target\":[\"https:\/\/israelbiblicalstudies.com\/pt\/blog\/category\/jewish-studies\/este-dia-na-historia-judaica\/\"]}]},{\"@type\":\"ImageObject\",\"inLanguage\":\"pt-BR\",\"@id\":\"https:\/\/israelbiblicalstudies.com\/pt\/blog\/category\/jewish-studies\/este-dia-na-historia-judaica\/#primaryimage\",\"url\":\"https:\/\/israelbiblicalstudies.com\/wp-content\/uploads\/2018\/07\/shutterstock_299810561.jpg\",\"contentUrl\":\"https:\/\/israelbiblicalstudies.com\/wp-content\/uploads\/2018\/07\/shutterstock_299810561.jpg\",\"width\":1000,\"height\":563},{\"@type\":\"BreadcrumbList\",\"@id\":\"https:\/\/israelbiblicalstudies.com\/pt\/blog\/category\/jewish-studies\/este-dia-na-historia-judaica\/#breadcrumb\",\"itemListElement\":[{\"@type\":\"ListItem\",\"position\":1,\"name\":\"Home\",\"item\":\"https:\/\/israelbiblicalstudies.com\/pt\/\"},{\"@type\":\"ListItem\",\"position\":2,\"name\":\"Estudos Judaicos\",\"item\":\"https:\/\/israelbiblicalstudies.com\/pt\/blog\/category\/jewish-studies\/\"},{\"@type\":\"ListItem\",\"position\":3,\"name\":\"Este Dia na Hist\u00f3ria Judaica\"}]},{\"@type\":\"WebSite\",\"@id\":\"https:\/\/israelbiblicalstudies.com\/pt\/#website\",\"url\":\"https:\/\/israelbiblicalstudies.com\/pt\/\",\"name\":\"Israel Institute of Biblical Studies\",\"description\":\"Deepen Your Understanding of the Bible\",\"publisher\":{\"@id\":\"https:\/\/israelbiblicalstudies.com\/pt\/#organization\"},\"potentialAction\":[{\"@type\":\"SearchAction\",\"target\":{\"@type\":\"EntryPoint\",\"urlTemplate\":\"https:\/\/israelbiblicalstudies.com\/pt\/?s={search_term_string}\"},\"query-input\":{\"@type\":\"PropertyValueSpecification\",\"valueRequired\":true,\"valueName\":\"search_term_string\"}}],\"inLanguage\":\"pt-BR\"},{\"@type\":\"Organization\",\"@id\":\"https:\/\/israelbiblicalstudies.com\/pt\/#organization\",\"name\":\"Israel Biblical Studies\",\"url\":\"https:\/\/israelbiblicalstudies.com\/pt\/\",\"logo\":{\"@type\":\"ImageObject\",\"inLanguage\":\"pt-BR\",\"@id\":\"https:\/\/israelbiblicalstudies.com\/pt\/#\/schema\/logo\/image\/\",\"url\":\"https:\/\/israelbiblicalstudies.com\/wp-content\/uploads\/2016\/09\/logo-invert.png\",\"contentUrl\":\"https:\/\/israelbiblicalstudies.com\/wp-content\/uploads\/2016\/09\/logo-invert.png\",\"width\":152,\"height\":68,\"caption\":\"Israel Biblical Studies\"},\"image\":{\"@id\":\"https:\/\/israelbiblicalstudies.com\/pt\/#\/schema\/logo\/image\/\"}},{\"@type\":\"Person\",\"@id\":\"https:\/\/israelbiblicalstudies.com\/pt\/#\/schema\/person\/470c9356fa72a497ecb801267dff4d15\",\"name\":\"Julia Blum\",\"image\":{\"@type\":\"ImageObject\",\"inLanguage\":\"pt-BR\",\"@id\":\"https:\/\/israelbiblicalstudies.com\/pt\/#\/schema\/person\/image\/\",\"url\":\"https:\/\/secure.gravatar.com\/avatar\/bba81953dcf8395e3b4a73607c07e2f9d3e53c113398ce1fd48361f3f137b781?s=96&d=mm&r=g\",\"contentUrl\":\"https:\/\/secure.gravatar.com\/avatar\/bba81953dcf8395e3b4a73607c07e2f9d3e53c113398ce1fd48361f3f137b781?s=96&d=mm&r=g\",\"caption\":\"Julia Blum\"},\"description\":\"Julia is a teacher and an author of several books on biblical topics. She teaches two biblical courses at the Israel Institute of Biblical Studies, \u201cDiscovering the Hebrew Bible\u201d and \u201cJewish Background of the New Testament\u201d, and writes Hebrew insights for these courses.\",\"url\":\"https:\/\/israelbiblicalstudies.com\/pt\/blog\/author\/juliablum\/\"}]}<\/script>\n<!-- \/ Yoast SEO plugin. -->","yoast_head_json":{"title":"Este Dia na Hist\u00f3ria Judaica - Israel Institute of Biblical Studies","description":"QU\u00c9 \u00c9 TISHA B\u2019AV? Meus caros leitores, com todo o meu entusiasmo sobre o Filho do Homem e a import\u00e2ncia deste t\u00f3pico, com todo o meu desejo de lhes","robots":{"index":"index","follow":"follow","max-snippet":"max-snippet:-1","max-image-preview":"max-image-preview:large","max-video-preview":"max-video-preview:-1"},"canonical":"https:\/\/israelbiblicalstudies.com\/pt\/blog\/category\/jewish-studies\/este-dia-na-historia-judaica\/","og_locale":"pt_BR","og_type":"article","og_title":"Este Dia na Hist\u00f3ria Judaica - Israel Institute of Biblical Studies","og_description":"QU\u00c9 \u00c9 TISHA B\u2019AV? Meus caros leitores, com todo o meu entusiasmo sobre o Filho do Homem e a import\u00e2ncia deste t\u00f3pico, com todo o meu desejo de lhes","og_url":"https:\/\/israelbiblicalstudies.com\/pt\/blog\/category\/jewish-studies\/este-dia-na-historia-judaica\/","og_site_name":"Israel Institute of Biblical Studies","article_published_time":"2018-07-26T08:33:28+00:00","article_modified_time":"2025-08-13T11:34:43+00:00","og_image":[{"width":1000,"height":563,"url":"https:\/\/israelbiblicalstudies.com\/wp-content\/uploads\/2018\/07\/shutterstock_299810561.jpg","type":"image\/jpeg"}],"author":"Julia Blum","twitter_card":"summary_large_image","twitter_misc":{"Escrito por":"Julia Blum","Est. tempo de leitura":"6 minutos"},"schema":{"@context":"https:\/\/schema.org","@graph":[{"@type":"Article","@id":"https:\/\/israelbiblicalstudies.com\/pt\/blog\/category\/jewish-studies\/este-dia-na-historia-judaica\/#article","isPartOf":{"@id":"https:\/\/israelbiblicalstudies.com\/pt\/blog\/category\/jewish-studies\/este-dia-na-historia-judaica\/"},"author":{"name":"Julia Blum","@id":"https:\/\/israelbiblicalstudies.com\/pt\/#\/schema\/person\/470c9356fa72a497ecb801267dff4d15"},"headline":"Este Dia na Hist\u00f3ria Judaica","datePublished":"2018-07-26T08:33:28+00:00","dateModified":"2025-08-13T11:34:43+00:00","mainEntityOfPage":{"@id":"https:\/\/israelbiblicalstudies.com\/pt\/blog\/category\/jewish-studies\/este-dia-na-historia-judaica\/"},"wordCount":1276,"publisher":{"@id":"https:\/\/israelbiblicalstudies.com\/pt\/#organization"},"image":{"@id":"https:\/\/israelbiblicalstudies.com\/pt\/blog\/category\/jewish-studies\/este-dia-na-historia-judaica\/#primaryimage"},"thumbnailUrl":"https:\/\/israelbiblicalstudies.com\/wp-content\/uploads\/2018\/07\/shutterstock_299810561.jpg","articleSection":["Estudos Judaicos"],"inLanguage":"pt-BR"},{"@type":"WebPage","@id":"https:\/\/israelbiblicalstudies.com\/pt\/blog\/category\/jewish-studies\/este-dia-na-historia-judaica\/","url":"https:\/\/israelbiblicalstudies.com\/pt\/blog\/category\/jewish-studies\/este-dia-na-historia-judaica\/","name":"Este Dia na Hist\u00f3ria Judaica - Israel Institute of Biblical Studies","isPartOf":{"@id":"https:\/\/israelbiblicalstudies.com\/pt\/#website"},"primaryImageOfPage":{"@id":"https:\/\/israelbiblicalstudies.com\/pt\/blog\/category\/jewish-studies\/este-dia-na-historia-judaica\/#primaryimage"},"image":{"@id":"https:\/\/israelbiblicalstudies.com\/pt\/blog\/category\/jewish-studies\/este-dia-na-historia-judaica\/#primaryimage"},"thumbnailUrl":"https:\/\/israelbiblicalstudies.com\/wp-content\/uploads\/2018\/07\/shutterstock_299810561.jpg","datePublished":"2018-07-26T08:33:28+00:00","dateModified":"2025-08-13T11:34:43+00:00","description":"QU\u00c9 \u00c9 TISHA B\u2019AV? Meus caros leitores, com todo o meu entusiasmo sobre o Filho do Homem e a import\u00e2ncia deste t\u00f3pico, com todo o meu desejo de lhes","breadcrumb":{"@id":"https:\/\/israelbiblicalstudies.com\/pt\/blog\/category\/jewish-studies\/este-dia-na-historia-judaica\/#breadcrumb"},"inLanguage":"pt-BR","potentialAction":[{"@type":"ReadAction","target":["https:\/\/israelbiblicalstudies.com\/pt\/blog\/category\/jewish-studies\/este-dia-na-historia-judaica\/"]}]},{"@type":"ImageObject","inLanguage":"pt-BR","@id":"https:\/\/israelbiblicalstudies.com\/pt\/blog\/category\/jewish-studies\/este-dia-na-historia-judaica\/#primaryimage","url":"https:\/\/israelbiblicalstudies.com\/wp-content\/uploads\/2018\/07\/shutterstock_299810561.jpg","contentUrl":"https:\/\/israelbiblicalstudies.com\/wp-content\/uploads\/2018\/07\/shutterstock_299810561.jpg","width":1000,"height":563},{"@type":"BreadcrumbList","@id":"https:\/\/israelbiblicalstudies.com\/pt\/blog\/category\/jewish-studies\/este-dia-na-historia-judaica\/#breadcrumb","itemListElement":[{"@type":"ListItem","position":1,"name":"Home","item":"https:\/\/israelbiblicalstudies.com\/pt\/"},{"@type":"ListItem","position":2,"name":"Estudos Judaicos","item":"https:\/\/israelbiblicalstudies.com\/pt\/blog\/category\/jewish-studies\/"},{"@type":"ListItem","position":3,"name":"Este Dia na Hist\u00f3ria Judaica"}]},{"@type":"WebSite","@id":"https:\/\/israelbiblicalstudies.com\/pt\/#website","url":"https:\/\/israelbiblicalstudies.com\/pt\/","name":"Israel Institute of Biblical Studies","description":"Deepen Your Understanding of the Bible","publisher":{"@id":"https:\/\/israelbiblicalstudies.com\/pt\/#organization"},"potentialAction":[{"@type":"SearchAction","target":{"@type":"EntryPoint","urlTemplate":"https:\/\/israelbiblicalstudies.com\/pt\/?s={search_term_string}"},"query-input":{"@type":"PropertyValueSpecification","valueRequired":true,"valueName":"search_term_string"}}],"inLanguage":"pt-BR"},{"@type":"Organization","@id":"https:\/\/israelbiblicalstudies.com\/pt\/#organization","name":"Israel Biblical Studies","url":"https:\/\/israelbiblicalstudies.com\/pt\/","logo":{"@type":"ImageObject","inLanguage":"pt-BR","@id":"https:\/\/israelbiblicalstudies.com\/pt\/#\/schema\/logo\/image\/","url":"https:\/\/israelbiblicalstudies.com\/wp-content\/uploads\/2016\/09\/logo-invert.png","contentUrl":"https:\/\/israelbiblicalstudies.com\/wp-content\/uploads\/2016\/09\/logo-invert.png","width":152,"height":68,"caption":"Israel Biblical Studies"},"image":{"@id":"https:\/\/israelbiblicalstudies.com\/pt\/#\/schema\/logo\/image\/"}},{"@type":"Person","@id":"https:\/\/israelbiblicalstudies.com\/pt\/#\/schema\/person\/470c9356fa72a497ecb801267dff4d15","name":"Julia Blum","image":{"@type":"ImageObject","inLanguage":"pt-BR","@id":"https:\/\/israelbiblicalstudies.com\/pt\/#\/schema\/person\/image\/","url":"https:\/\/secure.gravatar.com\/avatar\/bba81953dcf8395e3b4a73607c07e2f9d3e53c113398ce1fd48361f3f137b781?s=96&d=mm&r=g","contentUrl":"https:\/\/secure.gravatar.com\/avatar\/bba81953dcf8395e3b4a73607c07e2f9d3e53c113398ce1fd48361f3f137b781?s=96&d=mm&r=g","caption":"Julia Blum"},"description":"Julia is a teacher and an author of several books on biblical topics. She teaches two biblical courses at the Israel Institute of Biblical Studies, \u201cDiscovering the Hebrew Bible\u201d and \u201cJewish Background of the New Testament\u201d, and writes Hebrew insights for these courses.","url":"https:\/\/israelbiblicalstudies.com\/pt\/blog\/author\/juliablum\/"}]}},"_links":{"self":[{"href":"https:\/\/israelbiblicalstudies.com\/pt\/wp-json\/wp\/v2\/posts\/12448","targetHints":{"allow":["GET"]}}],"collection":[{"href":"https:\/\/israelbiblicalstudies.com\/pt\/wp-json\/wp\/v2\/posts"}],"about":[{"href":"https:\/\/israelbiblicalstudies.com\/pt\/wp-json\/wp\/v2\/types\/post"}],"author":[{"embeddable":true,"href":"https:\/\/israelbiblicalstudies.com\/pt\/wp-json\/wp\/v2\/users\/45"}],"replies":[{"embeddable":true,"href":"https:\/\/israelbiblicalstudies.com\/pt\/wp-json\/wp\/v2\/comments?post=12448"}],"version-history":[{"count":0,"href":"https:\/\/israelbiblicalstudies.com\/pt\/wp-json\/wp\/v2\/posts\/12448\/revisions"}],"wp:featuredmedia":[{"embeddable":true,"href":"https:\/\/israelbiblicalstudies.com\/pt\/wp-json\/wp\/v2\/media\/12441"}],"wp:attachment":[{"href":"https:\/\/israelbiblicalstudies.com\/pt\/wp-json\/wp\/v2\/media?parent=12448"}],"wp:term":[{"taxonomy":"category","embeddable":true,"href":"https:\/\/israelbiblicalstudies.com\/pt\/wp-json\/wp\/v2\/categories?post=12448"},{"taxonomy":"post_tag","embeddable":true,"href":"https:\/\/israelbiblicalstudies.com\/pt\/wp-json\/wp\/v2\/tags?post=12448"}],"curies":[{"name":"wp","href":"https:\/\/api.w.org\/{rel}","templated":true}]}}