{"id":12530,"date":"2018-09-20T10:24:37","date_gmt":"2018-09-20T07:24:37","guid":{"rendered":"https:\/\/iibsblogsstg.wpenginepowered.com\/?p=12530"},"modified":"2025-08-13T11:34:40","modified_gmt":"2025-08-13T11:34:40","slug":"voces-habitarao-em-cabanas","status":"publish","type":"post","link":"https:\/\/israelbiblicalstudies.com\/pt\/blog\/category\/jewish-studies\/voces-habitarao-em-cabanas\/","title":{"rendered":"Voc\u00eas Habitar\u00e3o em Cabanas&#8230;"},"content":{"rendered":"<p><em>A ALEGRIA DA COMUNH\u00c3O RENOVADA<\/em><\/p>\n<p>Como meus leitores provavelmente sabem, o n\u00famero 7 sempre foi considerado pelos int\u00e9rpretes e comentaristas da Tor\u00e1, como o n\u00famero da perfei\u00e7\u00e3o.\u00a0Portanto, o s\u00e9timo m\u00eas do ano,\u00a0<em>Tishrei,<\/em>\u00a0\u00e9 de fato um m\u00eas muito importante no calend\u00e1rio sagrado de Deus.\u00a0Est\u00e1 cheio de dias solenes especiais,\u00a0<em>mo&#8217;adim,<\/em>\u00a0e eu j\u00e1 tentei expressar a beleza de Rosh HaShanah e a atmosfera solene do Yom Kippur nestas p\u00e1ginas.\u00a0Agora, finalmente, estamos nos aproximando da \u00faltima das \u201cassembleias solenes\u201d de\u00a0<em>Tishrei<\/em>, a Festa dos Tabern\u00e1culos.\u00a0Para mim, pessoalmente, esta Festa sempre se destacou entre todas as festas do calend\u00e1rio sagrado de Deus;\u00a0e tenho certeza que n\u00e3o sou s\u00f3 eu, afinal, n\u00e3o \u00e9 por acaso que na B\u00edblia \u00e0s vezes \u00e9 simplesmente chamada de &#8220;A Festa&#8221; (<u><a href=\"https:\/\/biblia.com\/bible\/esv\/1%20Kings%208.2\">1 Reis 8: 2<\/a><\/u>) ou \u201ca Festa do Senhor\u201d (<u><a href=\"https:\/\/biblia.com\/bible\/esv\/Lev.23.39\">Lev\u00edtico<\/a><\/u>\u00a0<u><a href=\"https:\/\/biblia.com\/bible\/esv\/Lev.23.39\">23:39<\/a><\/u>).\u00a0Por qu\u00ea?\u00a0O que h\u00e1 de t\u00e3o especial em Sukkot?<\/p>\n<p>\u00c0 primeira vista, parece n\u00e3o haver nenhuma explica\u00e7\u00e3o razo\u00e1vel: geralmente, as Festas de Israel comemoram algum evento que salvou o povo Judeu do grave perigo que ocorreu naquela data em particular (como P\u00e1scoa, Chanukahou Purim), mas nada aconteceu o dia 15 de Tishrei que explicaria o estabelecimento de um feriado nesta data.\u00a0Ent\u00e3o, o que celebramos e por que nos alegramos?<\/p>\n<p>Sukkot come\u00e7a quase imediatamente ap\u00f3s os solenes e s\u00f3brios Dias do Temor \u2014os dias de tremor e arrependimento\u2014.\u00a0Terminamos o jejum de Yom Kippur, e na mesma noite, come\u00e7amos a construir sukkot \u2014tabern\u00e1culos\u2014.\u00a0Anos atr\u00e1s, eu morava em uma casa com um grande quintal comum e eu adorava ver meus vizinhos religiosos se alegrando em erguer suas sukkahneste jardim na noite imediatamente depois de Yom Kippur.<\/p>\n<p>Segundo a tradi\u00e7\u00e3o Judaica, Mois\u00e9s voltou com o segundo conjunto de tabuas no Yom Kippur.\u00a0No Yom Kippur, Deus perdoou Seu povo ap\u00f3s o terr\u00edvel pecado do Bezerro de Ouro.\u00a0Contudo, \u00e9 somente em Sukkot que a presen\u00e7a de Deus volta a habitar entre o Seu povo;\u00a0\u00e9 s\u00f3 em Sukkot que aquelas nuvens Divinas cobriram as cabanas feitas \u00e0 m\u00e3o.\u00a0Este \u00e9 o mist\u00e9rio e a alegria de Sukkot \u2014o mist\u00e9rio e a alegria do retorno de Deus e da comunh\u00e3o renovada\u2014.\u00a0\u00c9 por isso que Sukkot \u00e9 de fato o feriado da intimidade divina e da presen\u00e7a divina;\u00a0\u00e9 por isso que Sukkot \u00e9 o mais alegre dos festivais B\u00edblicos: se a P\u00e1scoa \u00e9 chamada de \u201c\u00c9poca \u00a0da nossa Liberta\u00e7\u00e3o\u201d e Shavuot \u00e9 chamada de \u201c\u00c9poca da\u00a0Entrega\u00a0da Tor\u00e1\u201d, Sukkot \u00e9 chamado de\u00a0<em>zman simchateinu<\/em>,\u00a0a \u201c\u00c9poca da nossa Alegria\u201d \u2014porque Deus, em sua miseric\u00f3rdia, veio para o\u00a0tabern\u00e1culo com o Seu povo\u2014.<\/p>\n<p>CABANAS OU NUVENS?<\/p>\n<p><em><b><i><sup>\u201c<\/sup><\/i><\/b><i>Sete dias habitareis em tendas de ramos; todos os naturais em Israel habitar\u00e3o em tendas; para que saibam as vossas gera\u00e7\u00f5es que eu fiz habitar os filhos de Israel em tendas; quando eu os tirei da terra do Egito: Eu sou o Senhor vosso Deus<\/i>\u201d.<\/em><a href=\"#_ftn1\" name=\"_ftnref1\"><em><strong>[1]<\/strong><\/em><\/a><\/p>\n<p>Nos textos Judaicos, encontramos duas abordagens diferentes em rela\u00e7\u00e3o ao simbolismo da sukkah.\u00a0De acordo com a primeira, uma sukkah simboliza as nuvens divinas que Deus protegeu Seus filhos no deserto \u2014as Nuvens da Gl\u00f3ria que milagrosamente cercaram os Judeus pelos quarenta anos que passaram no deserto\u2014.\u00a0De acordo com a segunda abordagem, o povo de Israel construiu cabanas no deserto para se proteger, e nos \u00e9 ordenado construir sukkot para lembrar aqueles\u00a0\u00a0<em>sukkot<\/em>\u00a0no deserto em que vivemos quando Deus nos tirou do Egito (<a href=\"https:\/\/biblia.com\/bible\/esv\/Lev%2023.43\">Lev\u00edtico 23: 43<\/a>).\u00a0Essas duas abordagens s\u00e3o mutuamente exclusivas?\u00a0Vamos tentar reconcili\u00e1-las.<\/p>\n<p>A palavra \u201csukkah\u201d pode ser relacionada \u00e0 antiga raiz\u00a0 \u05e1\u05db\u05d4,\u00a0<i>ver<\/i>.\u00a0Portanto, pode ser entendida como uma alus\u00e3o ao grau mais elevado de vis\u00e3o espiritual adquirida por Israel no deserto.\u00a0Embora o povo Judeu provavelmente constru\u00edsse pequenas cabanas, a fim de ganhar alguma seguran\u00e7a e abrigo no deserto, \u201celes tamb\u00e9m tinham o privil\u00e9gio de desfrutar de uma prote\u00e7\u00e3o ainda maior, que ultrapassava n\u00e3o somente cabanas, mas fortalezas.\u00a0Israel foi envolvido pelas Nuvens de Gl\u00f3ria de Deus.\u00a0Isso era totalmente diferente da prote\u00e7\u00e3o fornecida pelo a\u00e7o e rocha s\u00f3lida\u201d.<a href=\"#_ftn2\" name=\"_ftnref2\">[2]<\/a> Assim, nessas duas abordagens, podemos ver um reflexo da dupla experi\u00eancia de Israel no deserto, extremamente dif\u00edcil e extremamente gloriosa \u2014vivendo em humildes cabanas mas conduzidos e cobertos pela Gl\u00f3ria de Deus\u2014.<\/p>\n<p>AS QUATRO ESP\u00c9CIES: TR\u00caS MAIS UM<\/p>\n<p><em><i>\u201cNo primeiro dia tomareis para v\u00f3s outros fruto \u00a0de\u00a0\u00e1rvores formosas, ramos de palmeiras, ramos de \u00e1rvores frondosas, e salgueiros de ribeiros; e, por sete dias, vos alegrareis perante o Senhor vosso Deus. Celebrareis esta como festa ao Senhor por sete dias cada ano; \u00e9 estatuto perp\u00e9tuo pelas vossas gera\u00e7\u00f5es; no m\u00eas s\u00e9timo a celebrareis<\/i><i>\u201d.<\/i><\/em><a href=\"#_ftn3\" name=\"_ftnref3\"><em><strong>[3]<\/strong><\/em><\/a><\/p>\n<p>A Tor\u00e1 nos ordena a pegar\u00a0<b>quatro esp\u00e9cies<\/b> (\u05d0\u05e8\u05d1\u05e2\u05ea \u05d4\u05de\u05d9\u05e0\u05d9\u05dd\u00a0<em>arba&#8217;at ha-minim). <\/em>Em\u00a0<u><a href=\"https:\/\/biblia.com\/bible\/esv\/Lev%2023.40\" target=\"_blank\" rel=\"noopener\">Lev\u00edtico 23:40<\/a><\/u>\u00a0os termos Hebraicos para as quatro plantas s\u00e3o: 1) <em>etz hadar<\/em> (\u05e2\u05b5\u05e5 \u05d4\u05b8\u05d3\u05b8\u05e8), que pode ser traduzido como \u201cbela\/espl\u00eandida \u00e1rvore\u201d ou \u201c\u00e1rvore c\u00edtrica\u201d; 2) <em>t\u2019m\u0101r\u00eem<\/em> (\u05ea\u05b0\u05bc\u05de\u05b8\u05e8\u05b4\u05d9\u05dd), palmeiras; 3) <em>etz-avot <\/em>(\u05e2\u05b5\u05e5\u05be\u05e2\u05b8\u05d1\u05b9\u05ea), \u00e1rvores grossas (folhosas) e 4) <em>arvey nahal\u00a0 <\/em>(\u05e2\u05b7\u05e8\u05b0\u05d1\u05b5\u05d9 \u05e0\u05b7\u05d7\u05b7\u05dc),\u00a0salgueiros do riacho.\u00a0Hoje, as esp\u00e9cies s\u00e3o identificadas como:<\/p>\n<ul>\n<li>Etrog \u00a0(\u05d0\u05ea\u05e8\u05d5\u05d2) \u2013\u00a0o fruto de uma \u00e1rvore de cidra<\/li>\n<li>Lulav (\u05dc\u05d5\u05dc\u05d1) \u2013 um ramo de uma tamareira<\/li>\n<li>Hadass \u00a0(\u05d4\u05d3\u05e1) \u2013 galhos com folhas da murta<\/li>\n<li>Aravah \u00a0(\u05e2\u05e8\u05d1\u05d4) \u2013 ramos com folhas do salgueiro<\/li>\n<\/ul>\n<p>&nbsp;<\/p>\n<p>Na tradi\u00e7\u00e3o Judaica, estas Quatro Esp\u00e9cies representam o povo de Israel.<\/p>\n<p>O Etrog tem tanto gosto quanto fragr\u00e2ncia &#8211; representa os Judeus que possuem tanto conhecimento quanto boas obras.<\/p>\n<p>O Lulav tem gosto (t\u00e2mara), mas n\u00e3o tem fragr\u00e2ncia &#8211; representa os Judeus que possuem conhecimento \u00a0mas n\u00e3o boas a\u00e7\u00f5es.<\/p>\n<p>O Hadass tem fragr\u00e2ncia, mas n\u00e3o tem gosto &#8211; representa os Judeus que possuem boas a\u00e7\u00f5es mas n\u00e3o conhecimento.<\/p>\n<p>O Aravah n\u00e3o tem nem gosto nem fragr\u00e2ncia &#8211; representa os Judeus que n\u00e3o possuem conhecimento nem boas obras.<\/p>\n<p>Na Midrash n\u00f3s lemos: \u201cDeus diz: &#8216;Que todos sejam amarrados com uma faixa, e eles expiar\u00e3o uns aos outros&#8217;\u201d.<a href=\"#_ftn4\" name=\"_ftnref4\">[4]<em>\u00a0<\/em><\/a>Portanto, os Judeus juntam essas quatro esp\u00e9cies (na verdade, n\u00f3s unimos tr\u00eas tipos de ramos \u2014lulav, salgueiros e murta\u2014, deixando o etrog solto, mas perto dos outros) e os acenamos diante de Deus durante este alegre festival.<\/p>\n<p><a href=\"#_ftn4\" name=\"_ftnref4\"><\/a><\/p>\n<p>&nbsp;<\/p>\n<p><a href=\"#_ftnref1\" name=\"_ftn1\">[1]<\/a> Lev\u00edtico 23:42-43<\/p>\n<p><a href=\"#_ftnref2\" name=\"_ftn2\">[2]<\/a> <em>Succos,\u00a0<\/em>Artscroll Mesorah Series, 2002, p.22<\/p>\n<p><a href=\"#_ftnref3\" name=\"_ftn3\">[3]<\/a> Lev\u00edtico 23:40,41<\/p>\n<p><a href=\"#_ftnref4\" name=\"_ftn4\">[4]<\/a> Vayikra Rabbah, 30<\/p>\n<p>&nbsp;<\/p>\n<p><em><i>Trechos de meus livros est\u00e3o inclu\u00eddos neste artigo (e muitos outros posts aqui), ent\u00e3o\u00a0se voc\u00eas gostam dos artigos neste blog, voc\u00eas podem gostar tamb\u00e9m dos meus livros, voc\u00eas podem obt\u00ea-los da minha p\u00e1gina<\/i>: \u00a0\u00a0<a href=\"https:\/\/israelbiblicalstudies.com\/blog\/author\/juliablum\/\">https:\/\/israelbiblicalstudies.com\/blog\/author\/juliablum\/\u00a0 \u00a0<\/a><\/em><\/p>\n","protected":false},"excerpt":{"rendered":"<p>A ALEGRIA DA COMUNH\u00c3O RENOVADA Como meus leitores provavelmente sabem, o n\u00famero 7 sempre foi considerado pelos int\u00e9rpretes e comentaristas da Tor\u00e1, como o n\u00famero da perfei\u00e7\u00e3o.\u00a0Portanto, o s\u00e9timo m\u00eas do ano,\u00a0Tishrei,\u00a0\u00e9 de fato um m\u00eas muito importante no calend\u00e1rio sagrado de Deus.\u00a0Est\u00e1 cheio de dias solenes especiais,\u00a0mo&#8217;adim,\u00a0e eu j\u00e1 tentei expressar a beleza de [&hellip;]<\/p>\n","protected":false},"author":45,"featured_media":12524,"comment_status":"closed","ping_status":"open","sticky":false,"template":"","format":"standard","meta":{"_acf_changed":false,"inline_featured_image":false,"footnotes":""},"categories":[395],"tags":[],"class_list":["post-12530","post","type-post","status-publish","format-standard","has-post-thumbnail","hentry","category-jewish-studies"],"acf":[],"yoast_head":"<!-- This site is optimized with the Yoast SEO plugin v26.5 - https:\/\/yoast.com\/wordpress\/plugins\/seo\/ -->\n<title>Voc\u00eas Habitar\u00e3o em Cabanas... - Israel Institute of Biblical Studies<\/title>\n<meta name=\"description\" content=\"A ALEGRIA DA COMUNH\u00c3O RENOVADA Como meus leitores provavelmente sabem, o n\u00famero 7 sempre foi considerado pelos int\u00e9rpretes e comentaristas da Tor\u00e1, como o\" \/>\n<meta name=\"robots\" content=\"index, follow, max-snippet:-1, max-image-preview:large, max-video-preview:-1\" \/>\n<link rel=\"canonical\" href=\"https:\/\/israelbiblicalstudies.com\/pt\/blog\/category\/jewish-studies\/voces-habitarao-em-cabanas\/\" \/>\n<meta property=\"og:locale\" content=\"pt_BR\" \/>\n<meta property=\"og:type\" content=\"article\" \/>\n<meta property=\"og:title\" content=\"Voc\u00eas Habitar\u00e3o em Cabanas... - Israel Institute of Biblical Studies\" \/>\n<meta property=\"og:description\" content=\"A ALEGRIA DA COMUNH\u00c3O RENOVADA Como meus leitores provavelmente sabem, o n\u00famero 7 sempre foi considerado pelos int\u00e9rpretes e comentaristas da Tor\u00e1, como o\" \/>\n<meta property=\"og:url\" content=\"https:\/\/israelbiblicalstudies.com\/pt\/blog\/category\/jewish-studies\/voces-habitarao-em-cabanas\/\" \/>\n<meta property=\"og:site_name\" content=\"Israel Institute of Biblical Studies\" \/>\n<meta property=\"article:published_time\" content=\"2018-09-20T07:24:37+00:00\" \/>\n<meta property=\"article:modified_time\" content=\"2025-08-13T11:34:40+00:00\" \/>\n<meta property=\"og:image\" content=\"https:\/\/israelbiblicalstudies.com\/wp-content\/uploads\/2018\/09\/shutterstock_1139371235.jpg\" \/>\n\t<meta property=\"og:image:width\" content=\"1000\" \/>\n\t<meta property=\"og:image:height\" content=\"404\" \/>\n\t<meta property=\"og:image:type\" content=\"image\/jpeg\" \/>\n<meta name=\"author\" content=\"Julia Blum\" \/>\n<meta name=\"twitter:card\" content=\"summary_large_image\" \/>\n<meta name=\"twitter:label1\" content=\"Escrito por\" \/>\n\t<meta name=\"twitter:data1\" content=\"Julia Blum\" \/>\n\t<meta name=\"twitter:label2\" content=\"Est. tempo de leitura\" \/>\n\t<meta name=\"twitter:data2\" content=\"6 minutos\" \/>\n<script type=\"application\/ld+json\" class=\"yoast-schema-graph\">{\"@context\":\"https:\/\/schema.org\",\"@graph\":[{\"@type\":\"Article\",\"@id\":\"https:\/\/israelbiblicalstudies.com\/pt\/blog\/category\/jewish-studies\/voces-habitarao-em-cabanas\/#article\",\"isPartOf\":{\"@id\":\"https:\/\/israelbiblicalstudies.com\/pt\/blog\/category\/jewish-studies\/voces-habitarao-em-cabanas\/\"},\"author\":{\"name\":\"Julia Blum\",\"@id\":\"https:\/\/israelbiblicalstudies.com\/pt\/#\/schema\/person\/470c9356fa72a497ecb801267dff4d15\"},\"headline\":\"Voc\u00eas Habitar\u00e3o em Cabanas&#8230;\",\"datePublished\":\"2018-09-20T07:24:37+00:00\",\"dateModified\":\"2025-08-13T11:34:40+00:00\",\"mainEntityOfPage\":{\"@id\":\"https:\/\/israelbiblicalstudies.com\/pt\/blog\/category\/jewish-studies\/voces-habitarao-em-cabanas\/\"},\"wordCount\":1126,\"publisher\":{\"@id\":\"https:\/\/israelbiblicalstudies.com\/pt\/#organization\"},\"image\":{\"@id\":\"https:\/\/israelbiblicalstudies.com\/pt\/blog\/category\/jewish-studies\/voces-habitarao-em-cabanas\/#primaryimage\"},\"thumbnailUrl\":\"https:\/\/israelbiblicalstudies.com\/wp-content\/uploads\/2018\/09\/shutterstock_1139371235.jpg\",\"articleSection\":[\"Estudos Judaicos\"],\"inLanguage\":\"pt-BR\"},{\"@type\":\"WebPage\",\"@id\":\"https:\/\/israelbiblicalstudies.com\/pt\/blog\/category\/jewish-studies\/voces-habitarao-em-cabanas\/\",\"url\":\"https:\/\/israelbiblicalstudies.com\/pt\/blog\/category\/jewish-studies\/voces-habitarao-em-cabanas\/\",\"name\":\"Voc\u00eas Habitar\u00e3o em Cabanas... - Israel Institute of Biblical Studies\",\"isPartOf\":{\"@id\":\"https:\/\/israelbiblicalstudies.com\/pt\/#website\"},\"primaryImageOfPage\":{\"@id\":\"https:\/\/israelbiblicalstudies.com\/pt\/blog\/category\/jewish-studies\/voces-habitarao-em-cabanas\/#primaryimage\"},\"image\":{\"@id\":\"https:\/\/israelbiblicalstudies.com\/pt\/blog\/category\/jewish-studies\/voces-habitarao-em-cabanas\/#primaryimage\"},\"thumbnailUrl\":\"https:\/\/israelbiblicalstudies.com\/wp-content\/uploads\/2018\/09\/shutterstock_1139371235.jpg\",\"datePublished\":\"2018-09-20T07:24:37+00:00\",\"dateModified\":\"2025-08-13T11:34:40+00:00\",\"description\":\"A ALEGRIA DA COMUNH\u00c3O RENOVADA Como meus leitores provavelmente sabem, o n\u00famero 7 sempre foi considerado pelos int\u00e9rpretes e comentaristas da Tor\u00e1, como o\",\"breadcrumb\":{\"@id\":\"https:\/\/israelbiblicalstudies.com\/pt\/blog\/category\/jewish-studies\/voces-habitarao-em-cabanas\/#breadcrumb\"},\"inLanguage\":\"pt-BR\",\"potentialAction\":[{\"@type\":\"ReadAction\",\"target\":[\"https:\/\/israelbiblicalstudies.com\/pt\/blog\/category\/jewish-studies\/voces-habitarao-em-cabanas\/\"]}]},{\"@type\":\"ImageObject\",\"inLanguage\":\"pt-BR\",\"@id\":\"https:\/\/israelbiblicalstudies.com\/pt\/blog\/category\/jewish-studies\/voces-habitarao-em-cabanas\/#primaryimage\",\"url\":\"https:\/\/israelbiblicalstudies.com\/wp-content\/uploads\/2018\/09\/shutterstock_1139371235.jpg\",\"contentUrl\":\"https:\/\/israelbiblicalstudies.com\/wp-content\/uploads\/2018\/09\/shutterstock_1139371235.jpg\",\"width\":1000,\"height\":404},{\"@type\":\"BreadcrumbList\",\"@id\":\"https:\/\/israelbiblicalstudies.com\/pt\/blog\/category\/jewish-studies\/voces-habitarao-em-cabanas\/#breadcrumb\",\"itemListElement\":[{\"@type\":\"ListItem\",\"position\":1,\"name\":\"Home\",\"item\":\"https:\/\/israelbiblicalstudies.com\/pt\/\"},{\"@type\":\"ListItem\",\"position\":2,\"name\":\"Estudos Judaicos\",\"item\":\"https:\/\/israelbiblicalstudies.com\/pt\/blog\/category\/jewish-studies\/\"},{\"@type\":\"ListItem\",\"position\":3,\"name\":\"Voc\u00eas Habitar\u00e3o em Cabanas&#8230;\"}]},{\"@type\":\"WebSite\",\"@id\":\"https:\/\/israelbiblicalstudies.com\/pt\/#website\",\"url\":\"https:\/\/israelbiblicalstudies.com\/pt\/\",\"name\":\"Israel Institute of Biblical Studies\",\"description\":\"Deepen Your Understanding of the Bible\",\"publisher\":{\"@id\":\"https:\/\/israelbiblicalstudies.com\/pt\/#organization\"},\"potentialAction\":[{\"@type\":\"SearchAction\",\"target\":{\"@type\":\"EntryPoint\",\"urlTemplate\":\"https:\/\/israelbiblicalstudies.com\/pt\/?s={search_term_string}\"},\"query-input\":{\"@type\":\"PropertyValueSpecification\",\"valueRequired\":true,\"valueName\":\"search_term_string\"}}],\"inLanguage\":\"pt-BR\"},{\"@type\":\"Organization\",\"@id\":\"https:\/\/israelbiblicalstudies.com\/pt\/#organization\",\"name\":\"Israel Biblical Studies\",\"url\":\"https:\/\/israelbiblicalstudies.com\/pt\/\",\"logo\":{\"@type\":\"ImageObject\",\"inLanguage\":\"pt-BR\",\"@id\":\"https:\/\/israelbiblicalstudies.com\/pt\/#\/schema\/logo\/image\/\",\"url\":\"https:\/\/israelbiblicalstudies.com\/wp-content\/uploads\/2016\/09\/logo-invert.png\",\"contentUrl\":\"https:\/\/israelbiblicalstudies.com\/wp-content\/uploads\/2016\/09\/logo-invert.png\",\"width\":152,\"height\":68,\"caption\":\"Israel Biblical Studies\"},\"image\":{\"@id\":\"https:\/\/israelbiblicalstudies.com\/pt\/#\/schema\/logo\/image\/\"}},{\"@type\":\"Person\",\"@id\":\"https:\/\/israelbiblicalstudies.com\/pt\/#\/schema\/person\/470c9356fa72a497ecb801267dff4d15\",\"name\":\"Julia Blum\",\"image\":{\"@type\":\"ImageObject\",\"inLanguage\":\"pt-BR\",\"@id\":\"https:\/\/israelbiblicalstudies.com\/pt\/#\/schema\/person\/image\/\",\"url\":\"https:\/\/secure.gravatar.com\/avatar\/bba81953dcf8395e3b4a73607c07e2f9d3e53c113398ce1fd48361f3f137b781?s=96&d=mm&r=g\",\"contentUrl\":\"https:\/\/secure.gravatar.com\/avatar\/bba81953dcf8395e3b4a73607c07e2f9d3e53c113398ce1fd48361f3f137b781?s=96&d=mm&r=g\",\"caption\":\"Julia Blum\"},\"description\":\"Julia is a teacher and an author of several books on biblical topics. She teaches two biblical courses at the Israel Institute of Biblical Studies, \u201cDiscovering the Hebrew Bible\u201d and \u201cJewish Background of the New Testament\u201d, and writes Hebrew insights for these courses.\",\"url\":\"https:\/\/israelbiblicalstudies.com\/pt\/blog\/author\/juliablum\/\"}]}<\/script>\n<!-- \/ Yoast SEO plugin. -->","yoast_head_json":{"title":"Voc\u00eas Habitar\u00e3o em Cabanas... - Israel Institute of Biblical Studies","description":"A ALEGRIA DA COMUNH\u00c3O RENOVADA Como meus leitores provavelmente sabem, o n\u00famero 7 sempre foi considerado pelos int\u00e9rpretes e comentaristas da Tor\u00e1, como o","robots":{"index":"index","follow":"follow","max-snippet":"max-snippet:-1","max-image-preview":"max-image-preview:large","max-video-preview":"max-video-preview:-1"},"canonical":"https:\/\/israelbiblicalstudies.com\/pt\/blog\/category\/jewish-studies\/voces-habitarao-em-cabanas\/","og_locale":"pt_BR","og_type":"article","og_title":"Voc\u00eas Habitar\u00e3o em Cabanas... - Israel Institute of Biblical Studies","og_description":"A ALEGRIA DA COMUNH\u00c3O RENOVADA Como meus leitores provavelmente sabem, o n\u00famero 7 sempre foi considerado pelos int\u00e9rpretes e comentaristas da Tor\u00e1, como o","og_url":"https:\/\/israelbiblicalstudies.com\/pt\/blog\/category\/jewish-studies\/voces-habitarao-em-cabanas\/","og_site_name":"Israel Institute of Biblical Studies","article_published_time":"2018-09-20T07:24:37+00:00","article_modified_time":"2025-08-13T11:34:40+00:00","og_image":[{"width":1000,"height":404,"url":"https:\/\/israelbiblicalstudies.com\/wp-content\/uploads\/2018\/09\/shutterstock_1139371235.jpg","type":"image\/jpeg"}],"author":"Julia Blum","twitter_card":"summary_large_image","twitter_misc":{"Escrito por":"Julia Blum","Est. tempo de leitura":"6 minutos"},"schema":{"@context":"https:\/\/schema.org","@graph":[{"@type":"Article","@id":"https:\/\/israelbiblicalstudies.com\/pt\/blog\/category\/jewish-studies\/voces-habitarao-em-cabanas\/#article","isPartOf":{"@id":"https:\/\/israelbiblicalstudies.com\/pt\/blog\/category\/jewish-studies\/voces-habitarao-em-cabanas\/"},"author":{"name":"Julia Blum","@id":"https:\/\/israelbiblicalstudies.com\/pt\/#\/schema\/person\/470c9356fa72a497ecb801267dff4d15"},"headline":"Voc\u00eas Habitar\u00e3o em Cabanas&#8230;","datePublished":"2018-09-20T07:24:37+00:00","dateModified":"2025-08-13T11:34:40+00:00","mainEntityOfPage":{"@id":"https:\/\/israelbiblicalstudies.com\/pt\/blog\/category\/jewish-studies\/voces-habitarao-em-cabanas\/"},"wordCount":1126,"publisher":{"@id":"https:\/\/israelbiblicalstudies.com\/pt\/#organization"},"image":{"@id":"https:\/\/israelbiblicalstudies.com\/pt\/blog\/category\/jewish-studies\/voces-habitarao-em-cabanas\/#primaryimage"},"thumbnailUrl":"https:\/\/israelbiblicalstudies.com\/wp-content\/uploads\/2018\/09\/shutterstock_1139371235.jpg","articleSection":["Estudos Judaicos"],"inLanguage":"pt-BR"},{"@type":"WebPage","@id":"https:\/\/israelbiblicalstudies.com\/pt\/blog\/category\/jewish-studies\/voces-habitarao-em-cabanas\/","url":"https:\/\/israelbiblicalstudies.com\/pt\/blog\/category\/jewish-studies\/voces-habitarao-em-cabanas\/","name":"Voc\u00eas Habitar\u00e3o em Cabanas... - Israel Institute of Biblical Studies","isPartOf":{"@id":"https:\/\/israelbiblicalstudies.com\/pt\/#website"},"primaryImageOfPage":{"@id":"https:\/\/israelbiblicalstudies.com\/pt\/blog\/category\/jewish-studies\/voces-habitarao-em-cabanas\/#primaryimage"},"image":{"@id":"https:\/\/israelbiblicalstudies.com\/pt\/blog\/category\/jewish-studies\/voces-habitarao-em-cabanas\/#primaryimage"},"thumbnailUrl":"https:\/\/israelbiblicalstudies.com\/wp-content\/uploads\/2018\/09\/shutterstock_1139371235.jpg","datePublished":"2018-09-20T07:24:37+00:00","dateModified":"2025-08-13T11:34:40+00:00","description":"A ALEGRIA DA COMUNH\u00c3O RENOVADA Como meus leitores provavelmente sabem, o n\u00famero 7 sempre foi considerado pelos int\u00e9rpretes e comentaristas da Tor\u00e1, como o","breadcrumb":{"@id":"https:\/\/israelbiblicalstudies.com\/pt\/blog\/category\/jewish-studies\/voces-habitarao-em-cabanas\/#breadcrumb"},"inLanguage":"pt-BR","potentialAction":[{"@type":"ReadAction","target":["https:\/\/israelbiblicalstudies.com\/pt\/blog\/category\/jewish-studies\/voces-habitarao-em-cabanas\/"]}]},{"@type":"ImageObject","inLanguage":"pt-BR","@id":"https:\/\/israelbiblicalstudies.com\/pt\/blog\/category\/jewish-studies\/voces-habitarao-em-cabanas\/#primaryimage","url":"https:\/\/israelbiblicalstudies.com\/wp-content\/uploads\/2018\/09\/shutterstock_1139371235.jpg","contentUrl":"https:\/\/israelbiblicalstudies.com\/wp-content\/uploads\/2018\/09\/shutterstock_1139371235.jpg","width":1000,"height":404},{"@type":"BreadcrumbList","@id":"https:\/\/israelbiblicalstudies.com\/pt\/blog\/category\/jewish-studies\/voces-habitarao-em-cabanas\/#breadcrumb","itemListElement":[{"@type":"ListItem","position":1,"name":"Home","item":"https:\/\/israelbiblicalstudies.com\/pt\/"},{"@type":"ListItem","position":2,"name":"Estudos Judaicos","item":"https:\/\/israelbiblicalstudies.com\/pt\/blog\/category\/jewish-studies\/"},{"@type":"ListItem","position":3,"name":"Voc\u00eas Habitar\u00e3o em Cabanas&#8230;"}]},{"@type":"WebSite","@id":"https:\/\/israelbiblicalstudies.com\/pt\/#website","url":"https:\/\/israelbiblicalstudies.com\/pt\/","name":"Israel Institute of Biblical Studies","description":"Deepen Your Understanding of the Bible","publisher":{"@id":"https:\/\/israelbiblicalstudies.com\/pt\/#organization"},"potentialAction":[{"@type":"SearchAction","target":{"@type":"EntryPoint","urlTemplate":"https:\/\/israelbiblicalstudies.com\/pt\/?s={search_term_string}"},"query-input":{"@type":"PropertyValueSpecification","valueRequired":true,"valueName":"search_term_string"}}],"inLanguage":"pt-BR"},{"@type":"Organization","@id":"https:\/\/israelbiblicalstudies.com\/pt\/#organization","name":"Israel Biblical Studies","url":"https:\/\/israelbiblicalstudies.com\/pt\/","logo":{"@type":"ImageObject","inLanguage":"pt-BR","@id":"https:\/\/israelbiblicalstudies.com\/pt\/#\/schema\/logo\/image\/","url":"https:\/\/israelbiblicalstudies.com\/wp-content\/uploads\/2016\/09\/logo-invert.png","contentUrl":"https:\/\/israelbiblicalstudies.com\/wp-content\/uploads\/2016\/09\/logo-invert.png","width":152,"height":68,"caption":"Israel Biblical Studies"},"image":{"@id":"https:\/\/israelbiblicalstudies.com\/pt\/#\/schema\/logo\/image\/"}},{"@type":"Person","@id":"https:\/\/israelbiblicalstudies.com\/pt\/#\/schema\/person\/470c9356fa72a497ecb801267dff4d15","name":"Julia Blum","image":{"@type":"ImageObject","inLanguage":"pt-BR","@id":"https:\/\/israelbiblicalstudies.com\/pt\/#\/schema\/person\/image\/","url":"https:\/\/secure.gravatar.com\/avatar\/bba81953dcf8395e3b4a73607c07e2f9d3e53c113398ce1fd48361f3f137b781?s=96&d=mm&r=g","contentUrl":"https:\/\/secure.gravatar.com\/avatar\/bba81953dcf8395e3b4a73607c07e2f9d3e53c113398ce1fd48361f3f137b781?s=96&d=mm&r=g","caption":"Julia Blum"},"description":"Julia is a teacher and an author of several books on biblical topics. She teaches two biblical courses at the Israel Institute of Biblical Studies, \u201cDiscovering the Hebrew Bible\u201d and \u201cJewish Background of the New Testament\u201d, and writes Hebrew insights for these courses.","url":"https:\/\/israelbiblicalstudies.com\/pt\/blog\/author\/juliablum\/"}]}},"_links":{"self":[{"href":"https:\/\/israelbiblicalstudies.com\/pt\/wp-json\/wp\/v2\/posts\/12530","targetHints":{"allow":["GET"]}}],"collection":[{"href":"https:\/\/israelbiblicalstudies.com\/pt\/wp-json\/wp\/v2\/posts"}],"about":[{"href":"https:\/\/israelbiblicalstudies.com\/pt\/wp-json\/wp\/v2\/types\/post"}],"author":[{"embeddable":true,"href":"https:\/\/israelbiblicalstudies.com\/pt\/wp-json\/wp\/v2\/users\/45"}],"replies":[{"embeddable":true,"href":"https:\/\/israelbiblicalstudies.com\/pt\/wp-json\/wp\/v2\/comments?post=12530"}],"version-history":[{"count":0,"href":"https:\/\/israelbiblicalstudies.com\/pt\/wp-json\/wp\/v2\/posts\/12530\/revisions"}],"wp:featuredmedia":[{"embeddable":true,"href":"https:\/\/israelbiblicalstudies.com\/pt\/wp-json\/wp\/v2\/media\/12524"}],"wp:attachment":[{"href":"https:\/\/israelbiblicalstudies.com\/pt\/wp-json\/wp\/v2\/media?parent=12530"}],"wp:term":[{"taxonomy":"category","embeddable":true,"href":"https:\/\/israelbiblicalstudies.com\/pt\/wp-json\/wp\/v2\/categories?post=12530"},{"taxonomy":"post_tag","embeddable":true,"href":"https:\/\/israelbiblicalstudies.com\/pt\/wp-json\/wp\/v2\/tags?post=12530"}],"curies":[{"name":"wp","href":"https:\/\/api.w.org\/{rel}","templated":true}]}}