{"id":12591,"date":"2018-11-01T11:43:49","date_gmt":"2018-11-01T08:43:49","guid":{"rendered":"https:\/\/iibsblogsstg.wpenginepowered.com\/?p=12591"},"modified":"2025-08-13T11:34:38","modified_gmt":"2025-08-13T11:34:38","slug":"porcao-da-torah-no-tempo-atual-hayyei-sara","status":"publish","type":"post","link":"https:\/\/israelbiblicalstudies.com\/pt\/blog\/category\/jewish-studies\/porcao-da-torah-no-tempo-atual-hayyei-sara\/","title":{"rendered":"POR\u00c7\u00c3O DA TORAH NO TEMPO ATUAL: HAYYEI-SARA"},"content":{"rendered":"<p>Meus queridos leitores, no come\u00e7o eu estava insegura ao publicar o artigo sobre a primeira Por\u00e7\u00e3o da Torah do ano. Existem tantos sites com coment\u00e1rios da Parashat Shavua, ent\u00e3o eu pensei: meus leitores realmente precisam de outro? No entanto, o interesse nestes artigos tem sido muito encorajador, ent\u00e3o n\u00f3s vamos continuar discutindo a Parashat Shavua, pelo menos atrav\u00e9s do livro de G\u00eanesis. Esta semana n\u00f3s lemos Hayyei-Sara (a vida de Sara), G\u00eanesis 23:1-25:18 e esta por\u00e7\u00e3o da Torah, como quase todos os cap\u00edtulos da Palavra, tem uma mensagem para todos: para os jovens, procurando sua &#8220;outra metade&#8221;, para os pais educando seus filhos e para as pessoas bem avan\u00e7adas em idade. Vamos nos aprofundar no texto.<\/p>\n<p>VIDA NA MORTE<\/p>\n<p><span lang=\"PT-BR\">Primeiro de tudo, parece que o t\u00edtulo &#8220;Hayyei-Sara&#8221; (a vida de Sara) n\u00e3o \u00e9 o t\u00edtulo mais adequado para uma Por\u00e7\u00e3o iniciando com a morte de Sara <\/span>\u2014<span lang=\"PT-BR\">imediatamente, no segundo vers\u00edculo, Sara morre<\/span>\u2014<span lang=\"PT-BR\">:\u00a0<\/span><em><span lang=\"PT-BR\">\u201c<\/span><i><span lang=\"PT-BR\">Sara morreu em Quiriate-Arba\u2014que \u00e9\u00a0 Hebrom &#8211; na terra de Cana\u00e3<\/span><\/i>\u201d.<a href=\"#_ftn1\" name=\"_ftnref1\"><strong>[1]<\/strong><\/a><\/em>\u00a0Mas aqui est\u00e1 a primeira li\u00e7\u00e3o desta por\u00e7\u00e3o: mesmo ap\u00f3s a morte de Sara, vidas e narrativas ainda foram influenciadas por sua vida \u2014<em>Hayyei Sara<\/em>\u2014. Deus deseja que Seu povo viva de modo que suas vidas tenham impacto sobre os outros ao seu redor \u2014mesmo quando eles passam deste mundo, pessoas e hist\u00f3rias continuar\u00e3o a mencionar seus nomes\u2014.<\/p>\n<p><span lang=\"PT-BR\">Por que Sara morreu? Na tradi\u00e7\u00e3o Judaica a morte da Sara em G\u00eanesis 23 \u00e9 justaposta aos eventos de G\u00eanesis 22:\u00a0<\/span><i>\u201c<span lang=\"PT-BR\">quando Sara soube que o filho dela estava preparado para a morte \u00a0e quase foi morto, \u00a0sua alma saiu e ela morreu<\/span>\u201d<\/i><a href=\"#_ftn2\" name=\"_ftnref2\">[2]<\/a>\u00a0(Sara morreu com a idade de 127 anos, isso significa, a prop\u00f3sito, que Isaque tinha 37 anos de idade, quando ele foi conduzido ao Monte Mori\u00e1 e n\u00e3o uma crian\u00e7a como ele \u00e9 frequentemente retratado no Cristianismo).<\/p>\n<p><span lang=\"PT-BR\">Em seguida, aprendemos algo muito importante sobre Abra\u00e3o. Prestem muita aten\u00e7\u00e3o o que Abra\u00e3o diz aos filhos de Hete ao tentar comprar um lugar para enterrar Sara<\/span>:\u00a0<span lang=\"PT-BR\">\u201c<b><i>Eu sou um estrangeiro e um peregrino<\/i><\/b>\u201d. Como s\u00e3o humildes estas palavras: ele sabe muito bem que ele \u00e9 s\u00f3 um estrangeiro entre as pessoas ao seu redor. Mas o que os filhos de Hete responderam a ele? \u201c<b><i>Ouve-nos, meu senhor: tu \u00e9s um poderoso pr\u00edncipe entre n\u00f3s<\/i><\/b>\u201d. Este \u00e9 o melhor testemunho que uma pessoa pode aspirar: se voc\u00eas sabem que s\u00e3o apenas um estrangeiro e um peregrino, e ainda as pessoas ao seu redor os veem como \u201c<strong>pr\u00edncipe poderoso<\/strong>\u201d, n\u00e3o como um estrangeiro indefeso, isso significa que Deus deve estar brilhando atrav\u00e9s de voc\u00eas. Significa que Sua for\u00e7a \u00e9 vista na sua fraqueza, que Seu poder confere poder a voc\u00eas, que n\u00e3o s\u00e3o voc\u00eas quem as pessoas veem <\/span>\u2014<span lang=\"PT-BR\">mas Deus em voc\u00eas<\/span>\u2014<span lang=\"PT-BR\">.<\/span><\/p>\n<p>O DETALHE INTRIGANTE<\/p>\n<p><span lang=\"PT-BR\">Em G\u00eanesis 24, Rebeca, uma mulher jovem maravilhosa, toma uma decis\u00e3o de mudan\u00e7a de vida: deixar sua casa e ir para Cana\u00e3 para se casar com Isaque. No final deste cap\u00edtulo longo e agitado Rebeca v\u00ea Isaque pela primeira vez. Em Portugu\u00eas, n\u00f3s lemos<\/span>: <span lang=\"PT-BR\">\u201c<i>ela desmontou de seu camelo\u201d<\/i>. No entanto, estas palavras n\u00e3o extraem corretamente o significado do original Hebraico<\/span>: <strong><em>\u05d5\u05ea\u05e4\u05dc \u05de\u05e2\u05dc \u05d4\u05d2\u05de\u05dc\u00a0<\/em><\/strong>\u2014e ela caiu no ch\u00e3o, caiu do camelo\u2014. Ela literalmente caiu de seu camelo. Por que Rebeca caiu?<\/p>\n<p><span lang=\"PT-BR\">Lemos que Isaque<\/span><em><i><span lang=\"PT-BR\"> &#8220;estava vindo de caminho de Beer Lahai Roi<\/span>&#8220;<\/i><\/em><a href=\"#_ftn3\" name=\"_ftnref3\"><em><strong>[3]<\/strong><\/em><\/a><em>,\u00a0<\/em><em>o Po\u00e7o Daquele Que Me V\u00ea.\u00a0<\/em>Este nome profundo nos diz que, mesmo ap\u00f3s o evento do Monte Mori\u00e1, quando Isaque desaparece completamente das p\u00e1ginas da Torah, ele n\u00e3o desapareceu da vis\u00e3o de Deus: n\u00e3o foi seu pai terreno, mas seu Pai Celestial que o restaurou ap\u00f3s o choque terr\u00edvel pelo qual ele passou \u2014<em><strong>Aquele Que Me V\u00ea Vive<\/strong><\/em>\u2014.<\/p>\n<p>Eu acredito que, ap\u00f3s o tempo que esteve com Deus, Isaque deve ter ficado resplandecente com a luz de Deus e brilhando com a gl\u00f3ria de Deus. Rashi escreve sobre Rebeca e este encontro inicial: \u201cEla viu sua apar\u00eancia majestosa, e ela ficou surpreendida com ele\u201d. Isaque est\u00e1 saindo do deserto, irradiando a luz de Deus e deslumbrando Rebeca quando ela olhou para ele pela primeira vez.<\/p>\n<p><span lang=\"PT-BR\">Talvez, esta seja uma raz\u00e3o adicional pela qual, \u201c<i>ela tomou seu v\u00e9u e se cobriu<\/i><\/span>\u201d.<a href=\"#_ftn4\" name=\"_ftnref4\">[4]<\/a>\u00a0Claro, ela se cobriu como um s\u00edmbolo de sujei\u00e7\u00e3o \u00e0 seu futuro marido \u2014uma noiva tinha que ser conduzida velada para a presen\u00e7a de seu noivo\u2014. No entanto, ambos ela caindo do camelo e se cobrindo, fazem mais sentido ainda quando imaginamos Isaque brilhando e deslumbrando Rebeca.<\/p>\n<p>A hist\u00f3ria de amor de Isaque e Rebeca \u00e9 uma das mais lindas e rom\u00e2nticas hist\u00f3rias na Torah. No entanto, a coisa mais maravilhosa sobre esta hist\u00f3ria \u00e9 que ela requereu a f\u00e9 de v\u00e1rias pessoas para se tornar uma hist\u00f3ria de amor verdadeiro. A li\u00e7\u00e3o \u00e9 muito clara: as melhores fam\u00edlias e casamentos, antes que se tornem hist\u00f3rias de amor, tem que ser hist\u00f3rias de f\u00e9.<\/p>\n<p>O PRIMEIRO \u201cAMOR\u201d<\/p>\n<p><span lang=\"PT-BR\">Testemunhamos, ent\u00e3o, a hist\u00f3ria de f\u00e9 tornando-se, de fato, uma hist\u00f3ria de amor:<\/span><em><span lang=\"PT-BR\"> \u201c<\/span><span lang=\"PT-BR\">Isaque&#8230; tomou Rebeca e ela se tornou sua esposa, e ele a amava\u00a0<\/span>(<\/em><em><strong>\u05d9\u05b6\u05bc<\/strong><\/em><em>\u05d0\u05b1\u05d4\u05b8\u05d1\u05b6\u0591\u05d4\u05b8<\/em><em>)&#8221;.\u00a0<\/em><em>H\u00e1 aqui alguma coisa espec\u00edfica que esta maravilhosa raiz Hebraica, ahav, pode nos dizer? <\/em><\/p>\n<p><span lang=\"PT-BR\">\u00c9 muito importante notar que em um sentido rom\u00e2ntico, como se referindo a um relacionamento entre um homem e uma mulher, o verbo &#8220;amar&#8221; (<i>ahav)\u00a0<\/i>ocorre aqui pela primeira vez em toda a Tor\u00e1 (e pela segunda vez nela inteira). N\u00e3o h\u00e1 d\u00favida que Abra\u00e3o amava Sara, contudo a Escritura nunca usa essa palavra para descrever o relacionamento <i>deles<\/i>. Os sentimentos de Isaque para com Rebeca devem ter sido muito intensos se a Torah considera necess\u00e1rio usar este verbo.<\/span><\/p>\n<p><span lang=\"PT-BR\">Ainda mais not\u00e1vel \u00e9 o fato de que a primeira vez que encontramos esta raiz \u00e9 em G\u00eanesis 22, onde Deus diz a Abra\u00e3o, \u201cpegue seu filho, seu \u00fanico <i>filho\u00a0<\/i><\/span><span lang=\"PT-BR\">Isaque, a quem voc\u00ea\u00a0<\/span><strong><b><span lang=\"PT-BR\">ama\u00a0<\/span>(<\/b><\/strong><strong>\u05d0\u05d4\u05d1\u05ea<\/strong><strong>)<\/strong>\u201d.\u00a0\u00c9 interessante notar que, em ambas as ocasi\u00f5es, o verbo \u201camar\u201d est\u00e1 associado a Isaque: ele era o \u00fanico que era amado em G\u00eanesis 22, e ele \u00e9 a pessoa que ama em G\u00eanesis 24.<\/p>\n<p>A verdade eterna da paternidade \u00e9 revelada atrav\u00e9s desta raiz Hebraica: Devemos amar nossos filhos, para que eles sejam cheios de amor quando crescerem. \u00c9 preciso ser amado (pelo pai terreno e\/ou pelo Pai Celestial), a fim de ser capaz de amar. Isaque foi a primeira pessoa a quem a Torah se dirige como <strong>sendo \u201camado\u201d<\/strong> por seu pai \u2014ele tamb\u00e9m foi a primeira pessoa a quem a Torah se dirige como <strong>\u201camando\u201d<\/strong> sua esposa\u2014.<\/p>\n<p>&nbsp;<\/p>\n<p>&nbsp;<\/p>\n<p><em>Se voc\u00eas gostam dos artigos deste blog, voc\u00eas tamb\u00e9m podem gostar dos meus livros, voc\u00eas podem obt\u00ea-los da minha p\u00e1gina: <a href=\"https:\/\/israelbiblicalstudies.com\/blog\/author\/juliablum\/\">https:\/\/israelbiblicalstudies.com\/blog\/author\/juliablum\/\u00a0<\/a>Tamb\u00e9m eu gostaria de lembrar a voc\u00eas que oferecemos um curso sobre a Por\u00e7\u00e3o Semanal da Tor\u00e1, e aqueles interessados \u200b\u200bem estudar em profundidade a Parashat Shavua, juntamente com os insights do Novo Testamento, s\u00e3o bem-vindos para entrar em contato comigo (juliab@eteachergroup.com)\u00a0para mais informa\u00e7\u00f5es e para o desconto.<\/em><\/p>\n<p><a href=\"#_ftnref1\" name=\"_ftn1\">[1]<\/a> G<span lang=\"PT-BR\">\u00ea<\/span>nesis 23:2<\/p>\n<p><a href=\"#_ftnref2\" name=\"_ftn2\">[2]<\/a> G<span lang=\"PT-BR\">\u00ea<\/span>nesis Rabbah 58:5<\/p>\n<p><a href=\"#_ftnref3\" name=\"_ftn3\">[3]<\/a> G<span lang=\"PT-BR\">\u00ea<\/span>nesis 24:62<\/p>\n<p><a href=\"#_ftnref4\" name=\"_ftn4\">[4]<\/a> G<span lang=\"PT-BR\">\u00ea<\/span>nesis 24:65<\/p>\n","protected":false},"excerpt":{"rendered":"<p>Meus queridos leitores, no come\u00e7o eu estava insegura ao publicar o artigo sobre a primeira Por\u00e7\u00e3o da Torah do ano. Existem tantos sites com coment\u00e1rios da Parashat Shavua, ent\u00e3o eu pensei: meus leitores realmente precisam de outro? No entanto, o interesse nestes artigos tem sido muito encorajador, ent\u00e3o n\u00f3s vamos continuar discutindo a Parashat Shavua, [&hellip;]<\/p>\n","protected":false},"author":45,"featured_media":44216,"comment_status":"closed","ping_status":"open","sticky":false,"template":"","format":"standard","meta":{"_acf_changed":false,"inline_featured_image":false,"footnotes":""},"categories":[395],"tags":[],"class_list":["post-12591","post","type-post","status-publish","format-standard","has-post-thumbnail","hentry","category-jewish-studies"],"acf":[],"yoast_head":"<!-- This site is optimized with the Yoast SEO plugin v26.5 - https:\/\/yoast.com\/wordpress\/plugins\/seo\/ -->\n<title>POR\u00c7\u00c3O DA TORAH NO TEMPO ATUAL: HAYYEI-SARA - Israel Institute of Biblical Studies<\/title>\n<meta name=\"description\" content=\"Meus queridos leitores, no come\u00e7o eu estava insegura ao publicar o artigo sobre a primeira Por\u00e7\u00e3o da Torah do ano. Existem tantos sites com coment\u00e1rios da\" \/>\n<meta name=\"robots\" content=\"index, follow, max-snippet:-1, max-image-preview:large, max-video-preview:-1\" \/>\n<link rel=\"canonical\" href=\"https:\/\/israelbiblicalstudies.com\/pt\/blog\/category\/jewish-studies\/porcao-da-torah-no-tempo-atual-hayyei-sara\/\" \/>\n<meta property=\"og:locale\" content=\"pt_BR\" \/>\n<meta property=\"og:type\" content=\"article\" \/>\n<meta property=\"og:title\" content=\"POR\u00c7\u00c3O DA TORAH NO TEMPO ATUAL: HAYYEI-SARA - Israel Institute of Biblical Studies\" \/>\n<meta property=\"og:description\" content=\"Meus queridos leitores, no come\u00e7o eu estava insegura ao publicar o artigo sobre a primeira Por\u00e7\u00e3o da Torah do ano. Existem tantos sites com coment\u00e1rios da\" \/>\n<meta property=\"og:url\" content=\"https:\/\/israelbiblicalstudies.com\/pt\/blog\/category\/jewish-studies\/porcao-da-torah-no-tempo-atual-hayyei-sara\/\" \/>\n<meta property=\"og:site_name\" content=\"Israel Institute of Biblical Studies\" \/>\n<meta property=\"article:published_time\" content=\"2018-11-01T08:43:49+00:00\" \/>\n<meta property=\"article:modified_time\" content=\"2025-08-13T11:34:38+00:00\" \/>\n<meta property=\"og:image\" content=\"https:\/\/israelbiblicalstudies.com\/wp-content\/uploads\/2017\/07\/shutterstock_95148256.jpg\" \/>\n\t<meta property=\"og:image:width\" content=\"1000\" \/>\n\t<meta property=\"og:image:height\" content=\"667\" \/>\n\t<meta property=\"og:image:type\" content=\"image\/jpeg\" \/>\n<meta name=\"author\" content=\"Julia Blum\" \/>\n<meta name=\"twitter:card\" content=\"summary_large_image\" \/>\n<meta name=\"twitter:label1\" content=\"Escrito por\" \/>\n\t<meta name=\"twitter:data1\" content=\"Julia Blum\" \/>\n\t<meta name=\"twitter:label2\" content=\"Est. tempo de leitura\" \/>\n\t<meta name=\"twitter:data2\" content=\"6 minutos\" \/>\n<script type=\"application\/ld+json\" class=\"yoast-schema-graph\">{\"@context\":\"https:\/\/schema.org\",\"@graph\":[{\"@type\":\"Article\",\"@id\":\"https:\/\/israelbiblicalstudies.com\/pt\/blog\/category\/jewish-studies\/porcao-da-torah-no-tempo-atual-hayyei-sara\/#article\",\"isPartOf\":{\"@id\":\"https:\/\/israelbiblicalstudies.com\/pt\/blog\/category\/jewish-studies\/porcao-da-torah-no-tempo-atual-hayyei-sara\/\"},\"author\":{\"name\":\"Julia Blum\",\"@id\":\"https:\/\/israelbiblicalstudies.com\/pt\/#\/schema\/person\/470c9356fa72a497ecb801267dff4d15\"},\"headline\":\"POR\u00c7\u00c3O DA TORAH NO TEMPO ATUAL: HAYYEI-SARA\",\"datePublished\":\"2018-11-01T08:43:49+00:00\",\"dateModified\":\"2025-08-13T11:34:38+00:00\",\"mainEntityOfPage\":{\"@id\":\"https:\/\/israelbiblicalstudies.com\/pt\/blog\/category\/jewish-studies\/porcao-da-torah-no-tempo-atual-hayyei-sara\/\"},\"wordCount\":1248,\"publisher\":{\"@id\":\"https:\/\/israelbiblicalstudies.com\/pt\/#organization\"},\"image\":{\"@id\":\"https:\/\/israelbiblicalstudies.com\/pt\/blog\/category\/jewish-studies\/porcao-da-torah-no-tempo-atual-hayyei-sara\/#primaryimage\"},\"thumbnailUrl\":\"https:\/\/israelbiblicalstudies.com\/wp-content\/uploads\/2017\/07\/shutterstock_95148256.jpg\",\"articleSection\":[\"Estudos Judaicos\"],\"inLanguage\":\"pt-BR\"},{\"@type\":\"WebPage\",\"@id\":\"https:\/\/israelbiblicalstudies.com\/pt\/blog\/category\/jewish-studies\/porcao-da-torah-no-tempo-atual-hayyei-sara\/\",\"url\":\"https:\/\/israelbiblicalstudies.com\/pt\/blog\/category\/jewish-studies\/porcao-da-torah-no-tempo-atual-hayyei-sara\/\",\"name\":\"POR\u00c7\u00c3O DA TORAH NO TEMPO ATUAL: HAYYEI-SARA - Israel Institute of Biblical Studies\",\"isPartOf\":{\"@id\":\"https:\/\/israelbiblicalstudies.com\/pt\/#website\"},\"primaryImageOfPage\":{\"@id\":\"https:\/\/israelbiblicalstudies.com\/pt\/blog\/category\/jewish-studies\/porcao-da-torah-no-tempo-atual-hayyei-sara\/#primaryimage\"},\"image\":{\"@id\":\"https:\/\/israelbiblicalstudies.com\/pt\/blog\/category\/jewish-studies\/porcao-da-torah-no-tempo-atual-hayyei-sara\/#primaryimage\"},\"thumbnailUrl\":\"https:\/\/israelbiblicalstudies.com\/wp-content\/uploads\/2017\/07\/shutterstock_95148256.jpg\",\"datePublished\":\"2018-11-01T08:43:49+00:00\",\"dateModified\":\"2025-08-13T11:34:38+00:00\",\"description\":\"Meus queridos leitores, no come\u00e7o eu estava insegura ao publicar o artigo sobre a primeira Por\u00e7\u00e3o da Torah do ano. Existem tantos sites com coment\u00e1rios da\",\"breadcrumb\":{\"@id\":\"https:\/\/israelbiblicalstudies.com\/pt\/blog\/category\/jewish-studies\/porcao-da-torah-no-tempo-atual-hayyei-sara\/#breadcrumb\"},\"inLanguage\":\"pt-BR\",\"potentialAction\":[{\"@type\":\"ReadAction\",\"target\":[\"https:\/\/israelbiblicalstudies.com\/pt\/blog\/category\/jewish-studies\/porcao-da-torah-no-tempo-atual-hayyei-sara\/\"]}]},{\"@type\":\"ImageObject\",\"inLanguage\":\"pt-BR\",\"@id\":\"https:\/\/israelbiblicalstudies.com\/pt\/blog\/category\/jewish-studies\/porcao-da-torah-no-tempo-atual-hayyei-sara\/#primaryimage\",\"url\":\"https:\/\/israelbiblicalstudies.com\/wp-content\/uploads\/2017\/07\/shutterstock_95148256.jpg\",\"contentUrl\":\"https:\/\/israelbiblicalstudies.com\/wp-content\/uploads\/2017\/07\/shutterstock_95148256.jpg\",\"width\":1000,\"height\":667},{\"@type\":\"BreadcrumbList\",\"@id\":\"https:\/\/israelbiblicalstudies.com\/pt\/blog\/category\/jewish-studies\/porcao-da-torah-no-tempo-atual-hayyei-sara\/#breadcrumb\",\"itemListElement\":[{\"@type\":\"ListItem\",\"position\":1,\"name\":\"Home\",\"item\":\"https:\/\/israelbiblicalstudies.com\/pt\/\"},{\"@type\":\"ListItem\",\"position\":2,\"name\":\"Estudos Judaicos\",\"item\":\"https:\/\/israelbiblicalstudies.com\/pt\/blog\/category\/jewish-studies\/\"},{\"@type\":\"ListItem\",\"position\":3,\"name\":\"POR\u00c7\u00c3O DA TORAH NO TEMPO ATUAL: HAYYEI-SARA\"}]},{\"@type\":\"WebSite\",\"@id\":\"https:\/\/israelbiblicalstudies.com\/pt\/#website\",\"url\":\"https:\/\/israelbiblicalstudies.com\/pt\/\",\"name\":\"Israel Institute of Biblical Studies\",\"description\":\"Deepen Your Understanding of the Bible\",\"publisher\":{\"@id\":\"https:\/\/israelbiblicalstudies.com\/pt\/#organization\"},\"potentialAction\":[{\"@type\":\"SearchAction\",\"target\":{\"@type\":\"EntryPoint\",\"urlTemplate\":\"https:\/\/israelbiblicalstudies.com\/pt\/?s={search_term_string}\"},\"query-input\":{\"@type\":\"PropertyValueSpecification\",\"valueRequired\":true,\"valueName\":\"search_term_string\"}}],\"inLanguage\":\"pt-BR\"},{\"@type\":\"Organization\",\"@id\":\"https:\/\/israelbiblicalstudies.com\/pt\/#organization\",\"name\":\"Israel Biblical Studies\",\"url\":\"https:\/\/israelbiblicalstudies.com\/pt\/\",\"logo\":{\"@type\":\"ImageObject\",\"inLanguage\":\"pt-BR\",\"@id\":\"https:\/\/israelbiblicalstudies.com\/pt\/#\/schema\/logo\/image\/\",\"url\":\"https:\/\/israelbiblicalstudies.com\/wp-content\/uploads\/2016\/09\/logo-invert.png\",\"contentUrl\":\"https:\/\/israelbiblicalstudies.com\/wp-content\/uploads\/2016\/09\/logo-invert.png\",\"width\":152,\"height\":68,\"caption\":\"Israel Biblical Studies\"},\"image\":{\"@id\":\"https:\/\/israelbiblicalstudies.com\/pt\/#\/schema\/logo\/image\/\"}},{\"@type\":\"Person\",\"@id\":\"https:\/\/israelbiblicalstudies.com\/pt\/#\/schema\/person\/470c9356fa72a497ecb801267dff4d15\",\"name\":\"Julia Blum\",\"image\":{\"@type\":\"ImageObject\",\"inLanguage\":\"pt-BR\",\"@id\":\"https:\/\/israelbiblicalstudies.com\/pt\/#\/schema\/person\/image\/\",\"url\":\"https:\/\/secure.gravatar.com\/avatar\/bba81953dcf8395e3b4a73607c07e2f9d3e53c113398ce1fd48361f3f137b781?s=96&d=mm&r=g\",\"contentUrl\":\"https:\/\/secure.gravatar.com\/avatar\/bba81953dcf8395e3b4a73607c07e2f9d3e53c113398ce1fd48361f3f137b781?s=96&d=mm&r=g\",\"caption\":\"Julia Blum\"},\"description\":\"Julia is a teacher and an author of several books on biblical topics. She teaches two biblical courses at the Israel Institute of Biblical Studies, \u201cDiscovering the Hebrew Bible\u201d and \u201cJewish Background of the New Testament\u201d, and writes Hebrew insights for these courses.\",\"url\":\"https:\/\/israelbiblicalstudies.com\/pt\/blog\/author\/juliablum\/\"}]}<\/script>\n<!-- \/ Yoast SEO plugin. -->","yoast_head_json":{"title":"POR\u00c7\u00c3O DA TORAH NO TEMPO ATUAL: HAYYEI-SARA - Israel Institute of Biblical Studies","description":"Meus queridos leitores, no come\u00e7o eu estava insegura ao publicar o artigo sobre a primeira Por\u00e7\u00e3o da Torah do ano. Existem tantos sites com coment\u00e1rios da","robots":{"index":"index","follow":"follow","max-snippet":"max-snippet:-1","max-image-preview":"max-image-preview:large","max-video-preview":"max-video-preview:-1"},"canonical":"https:\/\/israelbiblicalstudies.com\/pt\/blog\/category\/jewish-studies\/porcao-da-torah-no-tempo-atual-hayyei-sara\/","og_locale":"pt_BR","og_type":"article","og_title":"POR\u00c7\u00c3O DA TORAH NO TEMPO ATUAL: HAYYEI-SARA - Israel Institute of Biblical Studies","og_description":"Meus queridos leitores, no come\u00e7o eu estava insegura ao publicar o artigo sobre a primeira Por\u00e7\u00e3o da Torah do ano. Existem tantos sites com coment\u00e1rios da","og_url":"https:\/\/israelbiblicalstudies.com\/pt\/blog\/category\/jewish-studies\/porcao-da-torah-no-tempo-atual-hayyei-sara\/","og_site_name":"Israel Institute of Biblical Studies","article_published_time":"2018-11-01T08:43:49+00:00","article_modified_time":"2025-08-13T11:34:38+00:00","og_image":[{"width":1000,"height":667,"url":"https:\/\/israelbiblicalstudies.com\/wp-content\/uploads\/2017\/07\/shutterstock_95148256.jpg","type":"image\/jpeg"}],"author":"Julia Blum","twitter_card":"summary_large_image","twitter_misc":{"Escrito por":"Julia Blum","Est. tempo de leitura":"6 minutos"},"schema":{"@context":"https:\/\/schema.org","@graph":[{"@type":"Article","@id":"https:\/\/israelbiblicalstudies.com\/pt\/blog\/category\/jewish-studies\/porcao-da-torah-no-tempo-atual-hayyei-sara\/#article","isPartOf":{"@id":"https:\/\/israelbiblicalstudies.com\/pt\/blog\/category\/jewish-studies\/porcao-da-torah-no-tempo-atual-hayyei-sara\/"},"author":{"name":"Julia Blum","@id":"https:\/\/israelbiblicalstudies.com\/pt\/#\/schema\/person\/470c9356fa72a497ecb801267dff4d15"},"headline":"POR\u00c7\u00c3O DA TORAH NO TEMPO ATUAL: HAYYEI-SARA","datePublished":"2018-11-01T08:43:49+00:00","dateModified":"2025-08-13T11:34:38+00:00","mainEntityOfPage":{"@id":"https:\/\/israelbiblicalstudies.com\/pt\/blog\/category\/jewish-studies\/porcao-da-torah-no-tempo-atual-hayyei-sara\/"},"wordCount":1248,"publisher":{"@id":"https:\/\/israelbiblicalstudies.com\/pt\/#organization"},"image":{"@id":"https:\/\/israelbiblicalstudies.com\/pt\/blog\/category\/jewish-studies\/porcao-da-torah-no-tempo-atual-hayyei-sara\/#primaryimage"},"thumbnailUrl":"https:\/\/israelbiblicalstudies.com\/wp-content\/uploads\/2017\/07\/shutterstock_95148256.jpg","articleSection":["Estudos Judaicos"],"inLanguage":"pt-BR"},{"@type":"WebPage","@id":"https:\/\/israelbiblicalstudies.com\/pt\/blog\/category\/jewish-studies\/porcao-da-torah-no-tempo-atual-hayyei-sara\/","url":"https:\/\/israelbiblicalstudies.com\/pt\/blog\/category\/jewish-studies\/porcao-da-torah-no-tempo-atual-hayyei-sara\/","name":"POR\u00c7\u00c3O DA TORAH NO TEMPO ATUAL: HAYYEI-SARA - Israel Institute of Biblical Studies","isPartOf":{"@id":"https:\/\/israelbiblicalstudies.com\/pt\/#website"},"primaryImageOfPage":{"@id":"https:\/\/israelbiblicalstudies.com\/pt\/blog\/category\/jewish-studies\/porcao-da-torah-no-tempo-atual-hayyei-sara\/#primaryimage"},"image":{"@id":"https:\/\/israelbiblicalstudies.com\/pt\/blog\/category\/jewish-studies\/porcao-da-torah-no-tempo-atual-hayyei-sara\/#primaryimage"},"thumbnailUrl":"https:\/\/israelbiblicalstudies.com\/wp-content\/uploads\/2017\/07\/shutterstock_95148256.jpg","datePublished":"2018-11-01T08:43:49+00:00","dateModified":"2025-08-13T11:34:38+00:00","description":"Meus queridos leitores, no come\u00e7o eu estava insegura ao publicar o artigo sobre a primeira Por\u00e7\u00e3o da Torah do ano. Existem tantos sites com coment\u00e1rios da","breadcrumb":{"@id":"https:\/\/israelbiblicalstudies.com\/pt\/blog\/category\/jewish-studies\/porcao-da-torah-no-tempo-atual-hayyei-sara\/#breadcrumb"},"inLanguage":"pt-BR","potentialAction":[{"@type":"ReadAction","target":["https:\/\/israelbiblicalstudies.com\/pt\/blog\/category\/jewish-studies\/porcao-da-torah-no-tempo-atual-hayyei-sara\/"]}]},{"@type":"ImageObject","inLanguage":"pt-BR","@id":"https:\/\/israelbiblicalstudies.com\/pt\/blog\/category\/jewish-studies\/porcao-da-torah-no-tempo-atual-hayyei-sara\/#primaryimage","url":"https:\/\/israelbiblicalstudies.com\/wp-content\/uploads\/2017\/07\/shutterstock_95148256.jpg","contentUrl":"https:\/\/israelbiblicalstudies.com\/wp-content\/uploads\/2017\/07\/shutterstock_95148256.jpg","width":1000,"height":667},{"@type":"BreadcrumbList","@id":"https:\/\/israelbiblicalstudies.com\/pt\/blog\/category\/jewish-studies\/porcao-da-torah-no-tempo-atual-hayyei-sara\/#breadcrumb","itemListElement":[{"@type":"ListItem","position":1,"name":"Home","item":"https:\/\/israelbiblicalstudies.com\/pt\/"},{"@type":"ListItem","position":2,"name":"Estudos Judaicos","item":"https:\/\/israelbiblicalstudies.com\/pt\/blog\/category\/jewish-studies\/"},{"@type":"ListItem","position":3,"name":"POR\u00c7\u00c3O DA TORAH NO TEMPO ATUAL: HAYYEI-SARA"}]},{"@type":"WebSite","@id":"https:\/\/israelbiblicalstudies.com\/pt\/#website","url":"https:\/\/israelbiblicalstudies.com\/pt\/","name":"Israel Institute of Biblical Studies","description":"Deepen Your Understanding of the Bible","publisher":{"@id":"https:\/\/israelbiblicalstudies.com\/pt\/#organization"},"potentialAction":[{"@type":"SearchAction","target":{"@type":"EntryPoint","urlTemplate":"https:\/\/israelbiblicalstudies.com\/pt\/?s={search_term_string}"},"query-input":{"@type":"PropertyValueSpecification","valueRequired":true,"valueName":"search_term_string"}}],"inLanguage":"pt-BR"},{"@type":"Organization","@id":"https:\/\/israelbiblicalstudies.com\/pt\/#organization","name":"Israel Biblical Studies","url":"https:\/\/israelbiblicalstudies.com\/pt\/","logo":{"@type":"ImageObject","inLanguage":"pt-BR","@id":"https:\/\/israelbiblicalstudies.com\/pt\/#\/schema\/logo\/image\/","url":"https:\/\/israelbiblicalstudies.com\/wp-content\/uploads\/2016\/09\/logo-invert.png","contentUrl":"https:\/\/israelbiblicalstudies.com\/wp-content\/uploads\/2016\/09\/logo-invert.png","width":152,"height":68,"caption":"Israel Biblical Studies"},"image":{"@id":"https:\/\/israelbiblicalstudies.com\/pt\/#\/schema\/logo\/image\/"}},{"@type":"Person","@id":"https:\/\/israelbiblicalstudies.com\/pt\/#\/schema\/person\/470c9356fa72a497ecb801267dff4d15","name":"Julia Blum","image":{"@type":"ImageObject","inLanguage":"pt-BR","@id":"https:\/\/israelbiblicalstudies.com\/pt\/#\/schema\/person\/image\/","url":"https:\/\/secure.gravatar.com\/avatar\/bba81953dcf8395e3b4a73607c07e2f9d3e53c113398ce1fd48361f3f137b781?s=96&d=mm&r=g","contentUrl":"https:\/\/secure.gravatar.com\/avatar\/bba81953dcf8395e3b4a73607c07e2f9d3e53c113398ce1fd48361f3f137b781?s=96&d=mm&r=g","caption":"Julia Blum"},"description":"Julia is a teacher and an author of several books on biblical topics. She teaches two biblical courses at the Israel Institute of Biblical Studies, \u201cDiscovering the Hebrew Bible\u201d and \u201cJewish Background of the New Testament\u201d, and writes Hebrew insights for these courses.","url":"https:\/\/israelbiblicalstudies.com\/pt\/blog\/author\/juliablum\/"}]}},"_links":{"self":[{"href":"https:\/\/israelbiblicalstudies.com\/pt\/wp-json\/wp\/v2\/posts\/12591","targetHints":{"allow":["GET"]}}],"collection":[{"href":"https:\/\/israelbiblicalstudies.com\/pt\/wp-json\/wp\/v2\/posts"}],"about":[{"href":"https:\/\/israelbiblicalstudies.com\/pt\/wp-json\/wp\/v2\/types\/post"}],"author":[{"embeddable":true,"href":"https:\/\/israelbiblicalstudies.com\/pt\/wp-json\/wp\/v2\/users\/45"}],"replies":[{"embeddable":true,"href":"https:\/\/israelbiblicalstudies.com\/pt\/wp-json\/wp\/v2\/comments?post=12591"}],"version-history":[{"count":0,"href":"https:\/\/israelbiblicalstudies.com\/pt\/wp-json\/wp\/v2\/posts\/12591\/revisions"}],"wp:featuredmedia":[{"embeddable":true,"href":"https:\/\/israelbiblicalstudies.com\/pt\/wp-json\/wp\/v2\/media\/44216"}],"wp:attachment":[{"href":"https:\/\/israelbiblicalstudies.com\/pt\/wp-json\/wp\/v2\/media?parent=12591"}],"wp:term":[{"taxonomy":"category","embeddable":true,"href":"https:\/\/israelbiblicalstudies.com\/pt\/wp-json\/wp\/v2\/categories?post=12591"},{"taxonomy":"post_tag","embeddable":true,"href":"https:\/\/israelbiblicalstudies.com\/pt\/wp-json\/wp\/v2\/tags?post=12591"}],"curies":[{"name":"wp","href":"https:\/\/api.w.org\/{rel}","templated":true}]}}