{"id":13006,"date":"2019-08-08T12:35:48","date_gmt":"2019-08-08T09:35:48","guid":{"rendered":"https:\/\/iibsblogsstg.wpenginepowered.com\/?p=13006"},"modified":"2025-08-13T11:38:38","modified_gmt":"2025-08-13T11:38:38","slug":"porcao-da-tora-no-tempo-atual-dvarim-e-tisha-bav","status":"publish","type":"post","link":"https:\/\/israelbiblicalstudies.com\/pt\/blog\/category\/jewish-studies\/porcao-da-tora-no-tempo-atual-dvarim-e-tisha-bav\/","title":{"rendered":"Por\u00e7\u00e3o da Tor\u00e1 no Tempo Atual: Dvarim e Tisha B&#8217;Av"},"content":{"rendered":"<p>Com o \u00abRetrato B\u00edblico de Abra\u00e3o\u00bb conclu\u00eddo, vamos passar para Sara e come\u00e7aremos seu retrato b\u00edblico na pr\u00f3xima vez.\u00a0Fiquem ligados, voc\u00eas ficar\u00e3o surpresos ao ver quantos detalhes podemos descobrir no texto Hebraico das Escrituras.\u00a0Mas, enquanto isso, como muitas vezes acontece, eu gostaria de parar e falar com voc\u00eas sobre uma das mais importantes por\u00e7\u00f5es da Tor\u00e1 \u2014Dvarim, iniciando o \u00faltimo livro da Tor\u00e1\u2014 o livro do Deuteron\u00f4mio (e sim, isso significa que estamos nos aproximando do fim do ano Judaico, e as grandes festas est\u00e3o pr\u00f3ximas).<\/p>\n<p><strong>Deuteron\u00f4mio e o Novo Testamento<\/strong><\/p>\n<p>Deuteron\u00f4mio \u00e9 um dos quatro livros da B\u00edblia Hebraica mais citados no Novo Testamento (quer dizer, \u00caxodo, Isa\u00edas, Deuteron\u00f4mio, Salmos).\u00a0Deuteron\u00f4mio deve ter sido um dos livros favoritos de Jesus, j\u00e1 que Ele o cita em muitas ocasi\u00f5es<b>\u00a0<\/b>nos Evangelhos.\u00a0A maioria de voc\u00eas provavelmente sabe que Jesus cita Deuteron\u00f4mio durante sua tenta\u00e7\u00e3o por Satan\u00e1s no deserto.\u00a0Quais s\u00e3o as outras ocasi\u00f5es em que Jesus se refere a este livro?<\/p>\n<p>Jesus resume a lei e os profetas citando Deuteron\u00f4mio (e tamb\u00e9m Lev\u00edtico): Amar a Deus e amar o pr\u00f3ximo como a si mesmo (Mateus 22,37; Marcos 12,29-33; Lucas 10:27; Deuteron\u00f4mio 6:5).<\/p>\n<p>Os dez mandamentos est\u00e3o em \u00caxodo e Deuteron\u00f4mio: assim, Jesus se refere a ambos os livros quando ele cita os mandamentos.<\/p>\n<p>Jesus se refere ao Deuteron\u00f4mio quando ele discute o div\u00f3rcio (Mateus 5:31, 19: 7; Marcos 10:4; 24:1-3).<\/p>\n<p>H\u00e1 uma alus\u00e3o ao Deuteron\u00f4mio quando Jesus fala sobre a disciplina congregacional (Mateus 18:16; Deuter\u00f4nomio 19:15).<\/p>\n<p><b>Advertindo contra a descren\u00e7a<\/b><\/p>\n<p><i><em>\u00ab<\/em>Eis aqui a terra que \u00a0eu pus diante de v\u00f3s: entrai e possui a terra que o Senhor com juramento deu a vossos pais, Abra\u00e3o,\u00a0 Isaque e\u00a0Jac\u00f3,\u00a0 a eles e \u00e0 sua descend\u00eancia depois deles&#8230; Por\u00e9m v\u00f3s n\u00e3o quisestes subir, mas fostes rebeldes \u00e0 ordem do Senhor vosso Deus<\/i>\u00bb (Deuter\u00f4nomio 1:26-27).<\/p>\n<p>Embora mais tarde em seu discurso Mois\u00e9s fale repetidamente sobre idolatria, aqui nos primeiros cap\u00edtulos do livro ele fala sobre o pecado da incredulidade.\u00a0Nesse sentido, o Novo Testamento apresenta uma forte continua\u00e7\u00e3o da exposi\u00e7\u00e3o de Mois\u00e9s: podemos encontrar paralelos importantes entre o poderoso discurso de Mois\u00e9s e as ep\u00edstolas do Novo Testamento.\u00a0Por exemplo, o autor de Hebreus fala incansavelmente de f\u00e9, encorajando seus leitores a acreditar, confiar em Deus e em suas promessas, e a viver uma vida de f\u00e9 e obedi\u00eancia.\u00a0Como Mois\u00e9s, l\u00edder do povo de Deus, confronta o povo com respeito \u00e0s consequ\u00eancias da falta de fidelidade \u00e0 sua alian\u00e7a com Deus, da mesma forma, o autor de Hebreus tamb\u00e9m est\u00e1 preocupado com a falta de fidelidade e suas consequ\u00eancias: <em>\u00ab<i>Tende cuidado irm\u00e3os, jamais aconte\u00e7a haver em qualquer de v\u00f3s perverso cora\u00e7\u00e3o de incredulidade que vos afaste do Deus vivo<\/i>\u00bb.<\/em><a href=\"#_ftn1\" name=\"_ftnref1\"><em><strong>[1]<\/strong><\/em><\/a><em> \u00a0<\/em><\/p>\n<p>Como j\u00e1 vimos muitas vezes, h\u00e1 tanto continuidade e descontinuidade entre a B\u00edblia Hebraica e as situa\u00e7\u00f5es do Novo Testamento.\u00a0Embora os destinat\u00e1rios de Hebreus estejam em outro momento e em outra situa\u00e7\u00e3o, eles t\u00eam o potencial de seguir o mesmo padr\u00e3o ruim de incredulidade e infidelidade.\u00a0O desafio de escolher outro caminho, o caminho da f\u00e9 e obedi\u00eancia, constitui a exorta\u00e7\u00e3o em Hebreus: <em>\u00abAssim, pois, como diz o <i>\u00a0Esp\u00edrito Santo: \u201cHoje se ouvirdes a sua voz, n\u00e3o endure\u00e7ais os vossos cora\u00e7\u00f5es como foi na provoca\u00e7\u00e3o no dia da tenta\u00e7\u00e3o no deserto\u201d<\/i>\u00bb<a href=\"#_ftn2\" name=\"_ftnref2\"><strong>[2]<\/strong><\/a> <\/em>e esta \u00e9 a mesma exorta\u00e7\u00e3o que permeia as palavras de Mois\u00e9s em nossa por\u00e7\u00e3o da Tor\u00e1.<\/p>\n<p><strong>As consequ\u00eancias<\/strong><\/p>\n<p>O tempo de Deus \u00e9 sempre surpreendente \u2014e a coincid\u00eancia de nossas leituras semanais da Tor\u00e1 com alguns outros eventos de nossas vidas \u00e9 realmente incr\u00edvel\u2014.\u00a0Este ano, a por\u00e7\u00e3o da Tor\u00e1, Dvarim, est\u00e1 sendo lida no shabbat antes de Tisha B&#8217;Av \u2014o dia mais triste do calend\u00e1rio Judaico\u2014.\u00a0No Juda\u00edsmo, Tisha B&#8217;Av (Hebraico:\u00a0\u05ea\u05e9\u05e2\u05d4 \u05d1\u05d0\u05d1\u00a0), \u00abo nono dia de Av\u00bb, \u00e9 um dia de jejum anual.\u00a0\u00c9 o nono dia (tisha) do m\u00eas de Av \u2014da\u00ed o nome\u2014.\u00a0Originalmente, o jejum de Tisha B&#8217;Av comemorava a destrui\u00e7\u00e3o dos templos em Jerusal\u00e9m: tanto o primeiro templo quanto o segundo templo em Jerusal\u00e9m foram destru\u00eddos na mesma data no calend\u00e1rio Hebraico (separados por cerca de 500 anos).\u00a0O primeiro templo, constru\u00eddo pelo Rei Salom\u00e3o, foi destru\u00eddo por Nabucodonosor em 586 a.C.\u00a0Mesmo que lemos em 2 Reis 25:8\u00a0que a destrui\u00e7\u00e3o do primeiro templo come\u00e7ou no dia sete de Av, de acordo com o Talmud, a destrui\u00e7\u00e3o real do Templo come\u00e7ou no nono dia de Av, e o templo continuou a queimar ao longo do d\u00e9cimo dia de Av.\u00a0O segundo templo foi destru\u00eddo pelos Romanos em 70 d.C., em Tisha B&#8217;Av.\u00a0Com o tempo, no entanto, Tisha B&#8217;Av tornou-se um dia de luto Judaico\u2014n\u00e3o apenas por esses eventos\u2014, mas tamb\u00e9m por calamidades posteriores que ocorreram neste dia ou em torno deste dia (voc\u00eas podem encontrar facilmente a lista dessas calamidades no Internet).<\/p>\n<p>A maioria dos meus leitores pode saber disso j\u00e1 \u2014mas o que voc\u00eas provavelmente n\u00e3o conhecem \u00e9 o elo entre Tisha B&#8217;Av e a descren\u00e7a e o medo dos Israelitas de entrar na terra prometida\u2014.\u00a0Este ano, esta liga\u00e7\u00e3o se torna ainda mais proeminente \u00e0 luz da nossa por\u00e7\u00e3o da Tor\u00e1: esta \u00e9 uma das primeiras coisas a que Mois\u00e9s se refere.\u00a0Lemos em N\u00fameros, que por causa do relato desanimador dos espias, o povo de Israel chorou e entrou em p\u00e2nico e recusou-se a entrar na terra.\u00a0Deus estava zangado com o povo;\u00a0e mesmo que Ele os tenha perdoado ap\u00f3s a intercess\u00e3o de Mois\u00e9s, Ele os castigou, no entanto: <em>\u00ab<i>Tornou-lhes o SENHOR: \u201csegundo a tua palavra eu lhe perdoei. Por\u00e9m, t\u00e3o certo como eu vivo&#8230; nenhum dos homens que, tendo visto a minha gl\u00f3ria e os prod\u00edgios que fiz no Egito e no deserto&#8230; nenhum daqueles que me desprezaram, a ver\u00e1\u201d<\/i>\u00bb<i>.<\/i><\/em><a href=\"#_ftn3\" name=\"_ftnref3\"><em><strong>[3]<\/strong><\/em><\/a><\/p>\n<p>A tradi\u00e7\u00e3o Judaica acrescenta alguns detalhes a esta hist\u00f3ria bem conhecida e triste.\u00a0Quando lemos: \u00ab<i>Levantou-se, pois, toda a congrega\u00e7\u00e3o, e gritou em voz alta; e o povo chorou aquela noite<\/i>\u00bb,<a href=\"#_ftn4\" name=\"_ftnref4\">[4]<\/a> o Talmud aperfei\u00e7oa: \u00abAquela noite foi a noite do dia nono de Av.\u00a0O Santo, Bendito seja Ele, disse-lhes: \u201cchorastes desnecessariamente naquela noite e, portanto, estabelecerei para v\u00f3s uma verdadeira trag\u00e9dia sobre a qual haver\u00e1 choro nas gera\u00e7\u00f5es futuras\u201d\u00bb.<a href=\"#_ftn5\" name=\"_ftnref5\">[5]<\/a><\/p>\n<p>\u00c9 um lembrete muito s\u00e9rio para todos n\u00f3s, n\u00e3o \u00e9?\u00a0(n\u00e3o s\u00f3 para aqueles que vivem em Israel).\u00a0Muitas vezes, as pessoas dizem: De que pecados voc\u00ea est\u00e1 falando?\u00a0Eu sou uma boa pessoa, n\u00e3o mato, n\u00e3o roubo, n\u00e3o cometo adult\u00e9rio.\u00a0Bem, de acordo com a tradi\u00e7\u00e3o Judaica, os espias eram os melhores do povo \u2014eles certamente n\u00e3o matavam, n\u00e3o roubavam e n\u00e3o cometeram adult\u00e9rio\u2014.\u00a0No entanto, seu pecado de incredulidade foi uma coisa t\u00e3o terr\u00edvel aos olhos de Deus que somos lembrados disso todos os anos, e este ano at\u00e9 duas vezes: quando lemos a por\u00e7\u00e3o da Tor\u00e1 desta semana no shabbat \u2014e quando jejuamos no Domingo\u2014 em Tisha B&#8217;Av.<\/p>\n<p><a href=\"#_ftnref1\" name=\"_ftn1\">[1]<\/a> Hebreus 3:12.<\/p>\n<p><a href=\"#_ftnref2\" name=\"_ftn2\">[2]<\/a> Hebreus 3:7,8.<\/p>\n<p><a href=\"#_ftnref3\" name=\"_ftn3\">[3]<\/a> N\u00fameros 14:20-23.<\/p>\n<p><a href=\"#_ftnref4\" name=\"_ftn4\">[4]<\/a> N\u00fameros 14:1.<\/p>\n<p><a href=\"#_ftnref5\" name=\"_ftn5\">[5]<\/a> Taanit, 29a.<\/p>\n<p>&nbsp;<\/p>\n<p><em> <i>Gostaria de lembrar que temos um curso maravilhoso na eTeacher, onde voc\u00eas podem aprender com os coment\u00e1rios da Parashat Shavua junto com sua interpreta\u00e7\u00e3o do Novo Testamento.\u00a0Como sempre, voc\u00eas est\u00e3o convidados a entrar em contato comigo para mais informa\u00e7\u00f5es!<\/i><\/em><\/p>\n<p>Trechos\u00a0<i>de meus livros <\/i>est\u00e3o\u00a0<i>inclu\u00eddos em muitos posts deste blog, voc\u00eas podem obter os meus livros de minha p\u00e1gina: \u00a0<\/i><a href=\"https:\/\/israelbiblicalstudies.com\/blog\/author\/juliablum\/\"><i>https:\/\/israelbiblicalstudies.com\/blog\/author\/juliablum\/\u00a0\u00a0<\/i><\/a><\/p>\n<p><em>Al\u00e9m disso, meu novo livro \u00abUnlocking the Scriptures\u00bb\u00a0j\u00e1 est\u00e1 publicado e dispon\u00edvel na Amazon.\u00a0[Por o momento somente esta em ingl\u00eas]:\u00a0<\/em><a href=\"https:\/\/www.amazon.com\/s?k=unlocking+the+scriptures+by+julia+blum&amp;crid=2IHYED6W7ZVYI&amp;sprefix=julia+blum+%2Caps%2C689&amp;ref=nb_sb_ss_i_4_11\"><em>https:\/\/www.amazon.com\/s?k=unlocking+the+scriptures+by+julia+blum&amp;crid=2IHYED6W7ZVYI&amp;sprefix=julia+blum+%2Caps%2C689&amp;ref=nb_sb_ss_i_4_11<\/em><\/a><em>\u00a0<\/em><\/p>\n<p>&nbsp;<\/p>\n","protected":false},"excerpt":{"rendered":"<p>Com o \u00abRetrato B\u00edblico de Abra\u00e3o\u00bb conclu\u00eddo, vamos passar para Sara e come\u00e7aremos seu retrato b\u00edblico na pr\u00f3xima vez.\u00a0Fiquem ligados, voc\u00eas ficar\u00e3o surpresos ao ver quantos detalhes podemos descobrir no texto Hebraico das Escrituras.\u00a0Mas, enquanto isso, como muitas vezes acontece, eu gostaria de parar e falar com voc\u00eas sobre uma das mais importantes por\u00e7\u00f5es da [&hellip;]<\/p>\n","protected":false},"author":45,"featured_media":12989,"comment_status":"closed","ping_status":"open","sticky":false,"template":"","format":"standard","meta":{"_acf_changed":false,"inline_featured_image":false,"footnotes":""},"categories":[395],"tags":[],"class_list":["post-13006","post","type-post","status-publish","format-standard","has-post-thumbnail","hentry","category-jewish-studies"],"acf":[],"yoast_head":"<!-- This site is optimized with the Yoast SEO plugin v26.5 - https:\/\/yoast.com\/wordpress\/plugins\/seo\/ -->\n<title>Por\u00e7\u00e3o da Tor\u00e1 no Tempo Atual: Dvarim e Tisha B&#039;Av - Israel Institute of Biblical Studies<\/title>\n<meta name=\"description\" content=\"Com o \u00abRetrato B\u00edblico de Abra\u00e3o\u00bb conclu\u00eddo, vamos passar para Sara e come\u00e7aremos seu retrato b\u00edblico na pr\u00f3xima vez.\u00a0Fiquem ligados, voc\u00eas ficar\u00e3o\" \/>\n<meta name=\"robots\" content=\"index, follow, max-snippet:-1, max-image-preview:large, max-video-preview:-1\" \/>\n<link rel=\"canonical\" href=\"https:\/\/israelbiblicalstudies.com\/pt\/blog\/category\/jewish-studies\/porcao-da-tora-no-tempo-atual-dvarim-e-tisha-bav\/\" \/>\n<meta property=\"og:locale\" content=\"pt_BR\" \/>\n<meta property=\"og:type\" content=\"article\" \/>\n<meta property=\"og:title\" content=\"Por\u00e7\u00e3o da Tor\u00e1 no Tempo Atual: Dvarim e Tisha B&#039;Av - Israel Institute of Biblical Studies\" \/>\n<meta property=\"og:description\" content=\"Com o \u00abRetrato B\u00edblico de Abra\u00e3o\u00bb conclu\u00eddo, vamos passar para Sara e come\u00e7aremos seu retrato b\u00edblico na pr\u00f3xima vez.\u00a0Fiquem ligados, voc\u00eas ficar\u00e3o\" \/>\n<meta property=\"og:url\" content=\"https:\/\/israelbiblicalstudies.com\/pt\/blog\/category\/jewish-studies\/porcao-da-tora-no-tempo-atual-dvarim-e-tisha-bav\/\" \/>\n<meta property=\"og:site_name\" content=\"Israel Institute of Biblical Studies\" \/>\n<meta property=\"article:published_time\" content=\"2019-08-08T09:35:48+00:00\" \/>\n<meta property=\"article:modified_time\" content=\"2025-08-13T11:38:38+00:00\" \/>\n<meta property=\"og:image\" content=\"https:\/\/israelbiblicalstudies.com\/wp-content\/uploads\/2019\/07\/shutterstock_85849255-1.png\" \/>\n\t<meta property=\"og:image:width\" content=\"1024\" \/>\n\t<meta property=\"og:image:height\" content=\"535\" \/>\n\t<meta property=\"og:image:type\" content=\"image\/png\" \/>\n<meta name=\"author\" content=\"Julia Blum\" \/>\n<meta name=\"twitter:card\" content=\"summary_large_image\" \/>\n<meta name=\"twitter:label1\" content=\"Escrito por\" \/>\n\t<meta name=\"twitter:data1\" content=\"Julia Blum\" \/>\n\t<meta name=\"twitter:label2\" content=\"Est. tempo de leitura\" \/>\n\t<meta name=\"twitter:data2\" content=\"7 minutos\" \/>\n<script type=\"application\/ld+json\" class=\"yoast-schema-graph\">{\"@context\":\"https:\/\/schema.org\",\"@graph\":[{\"@type\":\"Article\",\"@id\":\"https:\/\/israelbiblicalstudies.com\/pt\/blog\/category\/jewish-studies\/porcao-da-tora-no-tempo-atual-dvarim-e-tisha-bav\/#article\",\"isPartOf\":{\"@id\":\"https:\/\/israelbiblicalstudies.com\/pt\/blog\/category\/jewish-studies\/porcao-da-tora-no-tempo-atual-dvarim-e-tisha-bav\/\"},\"author\":{\"name\":\"Julia Blum\",\"@id\":\"https:\/\/israelbiblicalstudies.com\/pt\/#\/schema\/person\/470c9356fa72a497ecb801267dff4d15\"},\"headline\":\"Por\u00e7\u00e3o da Tor\u00e1 no Tempo Atual: Dvarim e Tisha B&#8217;Av\",\"datePublished\":\"2019-08-08T09:35:48+00:00\",\"dateModified\":\"2025-08-13T11:38:38+00:00\",\"mainEntityOfPage\":{\"@id\":\"https:\/\/israelbiblicalstudies.com\/pt\/blog\/category\/jewish-studies\/porcao-da-tora-no-tempo-atual-dvarim-e-tisha-bav\/\"},\"wordCount\":1402,\"publisher\":{\"@id\":\"https:\/\/israelbiblicalstudies.com\/pt\/#organization\"},\"image\":{\"@id\":\"https:\/\/israelbiblicalstudies.com\/pt\/blog\/category\/jewish-studies\/porcao-da-tora-no-tempo-atual-dvarim-e-tisha-bav\/#primaryimage\"},\"thumbnailUrl\":\"https:\/\/israelbiblicalstudies.com\/wp-content\/uploads\/2019\/07\/shutterstock_85849255-1.png\",\"articleSection\":[\"Estudos Judaicos\"],\"inLanguage\":\"pt-BR\"},{\"@type\":\"WebPage\",\"@id\":\"https:\/\/israelbiblicalstudies.com\/pt\/blog\/category\/jewish-studies\/porcao-da-tora-no-tempo-atual-dvarim-e-tisha-bav\/\",\"url\":\"https:\/\/israelbiblicalstudies.com\/pt\/blog\/category\/jewish-studies\/porcao-da-tora-no-tempo-atual-dvarim-e-tisha-bav\/\",\"name\":\"Por\u00e7\u00e3o da Tor\u00e1 no Tempo Atual: Dvarim e Tisha B'Av - Israel Institute of Biblical Studies\",\"isPartOf\":{\"@id\":\"https:\/\/israelbiblicalstudies.com\/pt\/#website\"},\"primaryImageOfPage\":{\"@id\":\"https:\/\/israelbiblicalstudies.com\/pt\/blog\/category\/jewish-studies\/porcao-da-tora-no-tempo-atual-dvarim-e-tisha-bav\/#primaryimage\"},\"image\":{\"@id\":\"https:\/\/israelbiblicalstudies.com\/pt\/blog\/category\/jewish-studies\/porcao-da-tora-no-tempo-atual-dvarim-e-tisha-bav\/#primaryimage\"},\"thumbnailUrl\":\"https:\/\/israelbiblicalstudies.com\/wp-content\/uploads\/2019\/07\/shutterstock_85849255-1.png\",\"datePublished\":\"2019-08-08T09:35:48+00:00\",\"dateModified\":\"2025-08-13T11:38:38+00:00\",\"description\":\"Com o \u00abRetrato B\u00edblico de Abra\u00e3o\u00bb conclu\u00eddo, vamos passar para Sara e come\u00e7aremos seu retrato b\u00edblico na pr\u00f3xima vez.\u00a0Fiquem ligados, voc\u00eas ficar\u00e3o\",\"breadcrumb\":{\"@id\":\"https:\/\/israelbiblicalstudies.com\/pt\/blog\/category\/jewish-studies\/porcao-da-tora-no-tempo-atual-dvarim-e-tisha-bav\/#breadcrumb\"},\"inLanguage\":\"pt-BR\",\"potentialAction\":[{\"@type\":\"ReadAction\",\"target\":[\"https:\/\/israelbiblicalstudies.com\/pt\/blog\/category\/jewish-studies\/porcao-da-tora-no-tempo-atual-dvarim-e-tisha-bav\/\"]}]},{\"@type\":\"ImageObject\",\"inLanguage\":\"pt-BR\",\"@id\":\"https:\/\/israelbiblicalstudies.com\/pt\/blog\/category\/jewish-studies\/porcao-da-tora-no-tempo-atual-dvarim-e-tisha-bav\/#primaryimage\",\"url\":\"https:\/\/israelbiblicalstudies.com\/wp-content\/uploads\/2019\/07\/shutterstock_85849255-1.png\",\"contentUrl\":\"https:\/\/israelbiblicalstudies.com\/wp-content\/uploads\/2019\/07\/shutterstock_85849255-1.png\",\"width\":1024,\"height\":535},{\"@type\":\"BreadcrumbList\",\"@id\":\"https:\/\/israelbiblicalstudies.com\/pt\/blog\/category\/jewish-studies\/porcao-da-tora-no-tempo-atual-dvarim-e-tisha-bav\/#breadcrumb\",\"itemListElement\":[{\"@type\":\"ListItem\",\"position\":1,\"name\":\"Home\",\"item\":\"https:\/\/israelbiblicalstudies.com\/pt\/\"},{\"@type\":\"ListItem\",\"position\":2,\"name\":\"Estudos Judaicos\",\"item\":\"https:\/\/israelbiblicalstudies.com\/pt\/blog\/category\/jewish-studies\/\"},{\"@type\":\"ListItem\",\"position\":3,\"name\":\"Por\u00e7\u00e3o da Tor\u00e1 no Tempo Atual: Dvarim e Tisha B&#8217;Av\"}]},{\"@type\":\"WebSite\",\"@id\":\"https:\/\/israelbiblicalstudies.com\/pt\/#website\",\"url\":\"https:\/\/israelbiblicalstudies.com\/pt\/\",\"name\":\"Israel Institute of Biblical Studies\",\"description\":\"Deepen Your Understanding of the Bible\",\"publisher\":{\"@id\":\"https:\/\/israelbiblicalstudies.com\/pt\/#organization\"},\"potentialAction\":[{\"@type\":\"SearchAction\",\"target\":{\"@type\":\"EntryPoint\",\"urlTemplate\":\"https:\/\/israelbiblicalstudies.com\/pt\/?s={search_term_string}\"},\"query-input\":{\"@type\":\"PropertyValueSpecification\",\"valueRequired\":true,\"valueName\":\"search_term_string\"}}],\"inLanguage\":\"pt-BR\"},{\"@type\":\"Organization\",\"@id\":\"https:\/\/israelbiblicalstudies.com\/pt\/#organization\",\"name\":\"Israel Biblical Studies\",\"url\":\"https:\/\/israelbiblicalstudies.com\/pt\/\",\"logo\":{\"@type\":\"ImageObject\",\"inLanguage\":\"pt-BR\",\"@id\":\"https:\/\/israelbiblicalstudies.com\/pt\/#\/schema\/logo\/image\/\",\"url\":\"https:\/\/israelbiblicalstudies.com\/wp-content\/uploads\/2016\/09\/logo-invert.png\",\"contentUrl\":\"https:\/\/israelbiblicalstudies.com\/wp-content\/uploads\/2016\/09\/logo-invert.png\",\"width\":152,\"height\":68,\"caption\":\"Israel Biblical Studies\"},\"image\":{\"@id\":\"https:\/\/israelbiblicalstudies.com\/pt\/#\/schema\/logo\/image\/\"}},{\"@type\":\"Person\",\"@id\":\"https:\/\/israelbiblicalstudies.com\/pt\/#\/schema\/person\/470c9356fa72a497ecb801267dff4d15\",\"name\":\"Julia Blum\",\"image\":{\"@type\":\"ImageObject\",\"inLanguage\":\"pt-BR\",\"@id\":\"https:\/\/israelbiblicalstudies.com\/pt\/#\/schema\/person\/image\/\",\"url\":\"https:\/\/secure.gravatar.com\/avatar\/bba81953dcf8395e3b4a73607c07e2f9d3e53c113398ce1fd48361f3f137b781?s=96&d=mm&r=g\",\"contentUrl\":\"https:\/\/secure.gravatar.com\/avatar\/bba81953dcf8395e3b4a73607c07e2f9d3e53c113398ce1fd48361f3f137b781?s=96&d=mm&r=g\",\"caption\":\"Julia Blum\"},\"description\":\"Julia is a teacher and an author of several books on biblical topics. She teaches two biblical courses at the Israel Institute of Biblical Studies, \u201cDiscovering the Hebrew Bible\u201d and \u201cJewish Background of the New Testament\u201d, and writes Hebrew insights for these courses.\",\"url\":\"https:\/\/israelbiblicalstudies.com\/pt\/blog\/author\/juliablum\/\"}]}<\/script>\n<!-- \/ Yoast SEO plugin. -->","yoast_head_json":{"title":"Por\u00e7\u00e3o da Tor\u00e1 no Tempo Atual: Dvarim e Tisha B'Av - Israel Institute of Biblical Studies","description":"Com o \u00abRetrato B\u00edblico de Abra\u00e3o\u00bb conclu\u00eddo, vamos passar para Sara e come\u00e7aremos seu retrato b\u00edblico na pr\u00f3xima vez.\u00a0Fiquem ligados, voc\u00eas ficar\u00e3o","robots":{"index":"index","follow":"follow","max-snippet":"max-snippet:-1","max-image-preview":"max-image-preview:large","max-video-preview":"max-video-preview:-1"},"canonical":"https:\/\/israelbiblicalstudies.com\/pt\/blog\/category\/jewish-studies\/porcao-da-tora-no-tempo-atual-dvarim-e-tisha-bav\/","og_locale":"pt_BR","og_type":"article","og_title":"Por\u00e7\u00e3o da Tor\u00e1 no Tempo Atual: Dvarim e Tisha B'Av - Israel Institute of Biblical Studies","og_description":"Com o \u00abRetrato B\u00edblico de Abra\u00e3o\u00bb conclu\u00eddo, vamos passar para Sara e come\u00e7aremos seu retrato b\u00edblico na pr\u00f3xima vez.\u00a0Fiquem ligados, voc\u00eas ficar\u00e3o","og_url":"https:\/\/israelbiblicalstudies.com\/pt\/blog\/category\/jewish-studies\/porcao-da-tora-no-tempo-atual-dvarim-e-tisha-bav\/","og_site_name":"Israel Institute of Biblical Studies","article_published_time":"2019-08-08T09:35:48+00:00","article_modified_time":"2025-08-13T11:38:38+00:00","og_image":[{"width":1024,"height":535,"url":"https:\/\/israelbiblicalstudies.com\/wp-content\/uploads\/2019\/07\/shutterstock_85849255-1.png","type":"image\/png"}],"author":"Julia Blum","twitter_card":"summary_large_image","twitter_misc":{"Escrito por":"Julia Blum","Est. tempo de leitura":"7 minutos"},"schema":{"@context":"https:\/\/schema.org","@graph":[{"@type":"Article","@id":"https:\/\/israelbiblicalstudies.com\/pt\/blog\/category\/jewish-studies\/porcao-da-tora-no-tempo-atual-dvarim-e-tisha-bav\/#article","isPartOf":{"@id":"https:\/\/israelbiblicalstudies.com\/pt\/blog\/category\/jewish-studies\/porcao-da-tora-no-tempo-atual-dvarim-e-tisha-bav\/"},"author":{"name":"Julia Blum","@id":"https:\/\/israelbiblicalstudies.com\/pt\/#\/schema\/person\/470c9356fa72a497ecb801267dff4d15"},"headline":"Por\u00e7\u00e3o da Tor\u00e1 no Tempo Atual: Dvarim e Tisha B&#8217;Av","datePublished":"2019-08-08T09:35:48+00:00","dateModified":"2025-08-13T11:38:38+00:00","mainEntityOfPage":{"@id":"https:\/\/israelbiblicalstudies.com\/pt\/blog\/category\/jewish-studies\/porcao-da-tora-no-tempo-atual-dvarim-e-tisha-bav\/"},"wordCount":1402,"publisher":{"@id":"https:\/\/israelbiblicalstudies.com\/pt\/#organization"},"image":{"@id":"https:\/\/israelbiblicalstudies.com\/pt\/blog\/category\/jewish-studies\/porcao-da-tora-no-tempo-atual-dvarim-e-tisha-bav\/#primaryimage"},"thumbnailUrl":"https:\/\/israelbiblicalstudies.com\/wp-content\/uploads\/2019\/07\/shutterstock_85849255-1.png","articleSection":["Estudos Judaicos"],"inLanguage":"pt-BR"},{"@type":"WebPage","@id":"https:\/\/israelbiblicalstudies.com\/pt\/blog\/category\/jewish-studies\/porcao-da-tora-no-tempo-atual-dvarim-e-tisha-bav\/","url":"https:\/\/israelbiblicalstudies.com\/pt\/blog\/category\/jewish-studies\/porcao-da-tora-no-tempo-atual-dvarim-e-tisha-bav\/","name":"Por\u00e7\u00e3o da Tor\u00e1 no Tempo Atual: Dvarim e Tisha B'Av - Israel Institute of Biblical Studies","isPartOf":{"@id":"https:\/\/israelbiblicalstudies.com\/pt\/#website"},"primaryImageOfPage":{"@id":"https:\/\/israelbiblicalstudies.com\/pt\/blog\/category\/jewish-studies\/porcao-da-tora-no-tempo-atual-dvarim-e-tisha-bav\/#primaryimage"},"image":{"@id":"https:\/\/israelbiblicalstudies.com\/pt\/blog\/category\/jewish-studies\/porcao-da-tora-no-tempo-atual-dvarim-e-tisha-bav\/#primaryimage"},"thumbnailUrl":"https:\/\/israelbiblicalstudies.com\/wp-content\/uploads\/2019\/07\/shutterstock_85849255-1.png","datePublished":"2019-08-08T09:35:48+00:00","dateModified":"2025-08-13T11:38:38+00:00","description":"Com o \u00abRetrato B\u00edblico de Abra\u00e3o\u00bb conclu\u00eddo, vamos passar para Sara e come\u00e7aremos seu retrato b\u00edblico na pr\u00f3xima vez.\u00a0Fiquem ligados, voc\u00eas ficar\u00e3o","breadcrumb":{"@id":"https:\/\/israelbiblicalstudies.com\/pt\/blog\/category\/jewish-studies\/porcao-da-tora-no-tempo-atual-dvarim-e-tisha-bav\/#breadcrumb"},"inLanguage":"pt-BR","potentialAction":[{"@type":"ReadAction","target":["https:\/\/israelbiblicalstudies.com\/pt\/blog\/category\/jewish-studies\/porcao-da-tora-no-tempo-atual-dvarim-e-tisha-bav\/"]}]},{"@type":"ImageObject","inLanguage":"pt-BR","@id":"https:\/\/israelbiblicalstudies.com\/pt\/blog\/category\/jewish-studies\/porcao-da-tora-no-tempo-atual-dvarim-e-tisha-bav\/#primaryimage","url":"https:\/\/israelbiblicalstudies.com\/wp-content\/uploads\/2019\/07\/shutterstock_85849255-1.png","contentUrl":"https:\/\/israelbiblicalstudies.com\/wp-content\/uploads\/2019\/07\/shutterstock_85849255-1.png","width":1024,"height":535},{"@type":"BreadcrumbList","@id":"https:\/\/israelbiblicalstudies.com\/pt\/blog\/category\/jewish-studies\/porcao-da-tora-no-tempo-atual-dvarim-e-tisha-bav\/#breadcrumb","itemListElement":[{"@type":"ListItem","position":1,"name":"Home","item":"https:\/\/israelbiblicalstudies.com\/pt\/"},{"@type":"ListItem","position":2,"name":"Estudos Judaicos","item":"https:\/\/israelbiblicalstudies.com\/pt\/blog\/category\/jewish-studies\/"},{"@type":"ListItem","position":3,"name":"Por\u00e7\u00e3o da Tor\u00e1 no Tempo Atual: Dvarim e Tisha B&#8217;Av"}]},{"@type":"WebSite","@id":"https:\/\/israelbiblicalstudies.com\/pt\/#website","url":"https:\/\/israelbiblicalstudies.com\/pt\/","name":"Israel Institute of Biblical Studies","description":"Deepen Your Understanding of the Bible","publisher":{"@id":"https:\/\/israelbiblicalstudies.com\/pt\/#organization"},"potentialAction":[{"@type":"SearchAction","target":{"@type":"EntryPoint","urlTemplate":"https:\/\/israelbiblicalstudies.com\/pt\/?s={search_term_string}"},"query-input":{"@type":"PropertyValueSpecification","valueRequired":true,"valueName":"search_term_string"}}],"inLanguage":"pt-BR"},{"@type":"Organization","@id":"https:\/\/israelbiblicalstudies.com\/pt\/#organization","name":"Israel Biblical Studies","url":"https:\/\/israelbiblicalstudies.com\/pt\/","logo":{"@type":"ImageObject","inLanguage":"pt-BR","@id":"https:\/\/israelbiblicalstudies.com\/pt\/#\/schema\/logo\/image\/","url":"https:\/\/israelbiblicalstudies.com\/wp-content\/uploads\/2016\/09\/logo-invert.png","contentUrl":"https:\/\/israelbiblicalstudies.com\/wp-content\/uploads\/2016\/09\/logo-invert.png","width":152,"height":68,"caption":"Israel Biblical Studies"},"image":{"@id":"https:\/\/israelbiblicalstudies.com\/pt\/#\/schema\/logo\/image\/"}},{"@type":"Person","@id":"https:\/\/israelbiblicalstudies.com\/pt\/#\/schema\/person\/470c9356fa72a497ecb801267dff4d15","name":"Julia Blum","image":{"@type":"ImageObject","inLanguage":"pt-BR","@id":"https:\/\/israelbiblicalstudies.com\/pt\/#\/schema\/person\/image\/","url":"https:\/\/secure.gravatar.com\/avatar\/bba81953dcf8395e3b4a73607c07e2f9d3e53c113398ce1fd48361f3f137b781?s=96&d=mm&r=g","contentUrl":"https:\/\/secure.gravatar.com\/avatar\/bba81953dcf8395e3b4a73607c07e2f9d3e53c113398ce1fd48361f3f137b781?s=96&d=mm&r=g","caption":"Julia Blum"},"description":"Julia is a teacher and an author of several books on biblical topics. She teaches two biblical courses at the Israel Institute of Biblical Studies, \u201cDiscovering the Hebrew Bible\u201d and \u201cJewish Background of the New Testament\u201d, and writes Hebrew insights for these courses.","url":"https:\/\/israelbiblicalstudies.com\/pt\/blog\/author\/juliablum\/"}]}},"_links":{"self":[{"href":"https:\/\/israelbiblicalstudies.com\/pt\/wp-json\/wp\/v2\/posts\/13006","targetHints":{"allow":["GET"]}}],"collection":[{"href":"https:\/\/israelbiblicalstudies.com\/pt\/wp-json\/wp\/v2\/posts"}],"about":[{"href":"https:\/\/israelbiblicalstudies.com\/pt\/wp-json\/wp\/v2\/types\/post"}],"author":[{"embeddable":true,"href":"https:\/\/israelbiblicalstudies.com\/pt\/wp-json\/wp\/v2\/users\/45"}],"replies":[{"embeddable":true,"href":"https:\/\/israelbiblicalstudies.com\/pt\/wp-json\/wp\/v2\/comments?post=13006"}],"version-history":[{"count":0,"href":"https:\/\/israelbiblicalstudies.com\/pt\/wp-json\/wp\/v2\/posts\/13006\/revisions"}],"wp:featuredmedia":[{"embeddable":true,"href":"https:\/\/israelbiblicalstudies.com\/pt\/wp-json\/wp\/v2\/media\/12989"}],"wp:attachment":[{"href":"https:\/\/israelbiblicalstudies.com\/pt\/wp-json\/wp\/v2\/media?parent=13006"}],"wp:term":[{"taxonomy":"category","embeddable":true,"href":"https:\/\/israelbiblicalstudies.com\/pt\/wp-json\/wp\/v2\/categories?post=13006"},{"taxonomy":"post_tag","embeddable":true,"href":"https:\/\/israelbiblicalstudies.com\/pt\/wp-json\/wp\/v2\/tags?post=13006"}],"curies":[{"name":"wp","href":"https:\/\/api.w.org\/{rel}","templated":true}]}}