{"id":13015,"date":"2019-08-15T11:01:26","date_gmt":"2019-08-15T08:01:26","guid":{"rendered":"https:\/\/iibsblogsstg.wpenginepowered.com\/?p=13015"},"modified":"2025-08-13T11:38:38","modified_gmt":"2025-08-13T11:38:38","slug":"retratos-biblicos-sara-vagando-e-refletindo","status":"publish","type":"post","link":"https:\/\/israelbiblicalstudies.com\/pt\/blog\/category\/jewish-studies\/retratos-biblicos-sara-vagando-e-refletindo\/","title":{"rendered":"Retratos b\u00edblicos: Sara \u2013 Vagando e refletindo"},"content":{"rendered":"<p><b>Por detr\u00e1s da cortina<\/b><\/p>\n<p>Estamos de volta \u00e0 nossa s\u00e9rie de retratos b\u00edblicos e agora passamos para o\u00a0retrato de\u00a0Sara.<a href=\"#_ftn1\" name=\"_ftnref1\">[1]<\/a>\u00a0N\u00f3s vamos acompanhar e observar Sara agora.\u00a0As p\u00e1ginas s\u00e3o as mesmas, o texto \u00e9 o mesmo e, no entanto, acho que voc\u00eas ficar\u00e3o surpresos ao descobrir como nossas conclus\u00f5es ser\u00e3o diferentes comparadas com o que revelamos em rela\u00e7\u00e3o a Abra\u00e3o.<\/p>\n<p>Primeiro de tudo, o pr\u00f3prio ambiente \u00e9 muito diferente.\u00a0As fun\u00e7\u00f5es dos g\u00eaneros foram muito mais definidas durante os tempos b\u00edblicos;\u00a0a vida de um homem era muito diferente da vida de uma mulher.\u00a0Vamos ler, por exemplo, o famoso cap\u00edtulo 18 do livro de G\u00eanesis \u2014o mesmo cap\u00edtulo em que Deus aparece a Abra\u00e3o e promete a ele que sua esposa Sara lhe dar\u00e1 um filho\u2014.<\/p>\n<p>No in\u00edcio deste cap\u00edtulo, quando Abra\u00e3o est\u00e1 sentado\u00a0na porta da tenda,\u00a0ele v\u00ea tr\u00eas homens se aproximando da tenda e os cumprimenta com a hospitalidade ritual.\u00a0Ele vai em dire\u00e7\u00e3o a eles, os sa\u00fada e oferece-lhes \u00e1gua e comida.\u00a0Eles concordam em compartilhar sua comida, e\u00a0ele correu para a tenda de Sara<a href=\"#_ftn2\" name=\"_ftnref2\">[2]<\/a> e pediu a ela que preparasse alguma comida.\u00a0Sara faz a comida e depois os homens comem.\u00a0Enquanto eles comem, Abra\u00e3o est\u00e1 com eles, mas onde est\u00e1 Sara?<\/p>\n<p>De nosso texto, entendemos que Sara permanece escondida no interior, atr\u00e1s da cortina, como era apropriado para uma mulher na presen\u00e7a de homens estranhos.\u00a0Sim, ela est\u00e1 ouvindo a conversa \u2014o motivo de seu famoso riso\u2014 mas est\u00e1 escutando atr\u00e1s da cortina, embora a conversa em si a preocupe diretamente.\u00a0Acredito que esta imagem fornece uma ilustra\u00e7\u00e3o muito v\u00edvida de como as vidas de homens e mulheres eram separadas.\u00a0Em todas as tendas, havia uma se\u00e7\u00e3o p\u00fablica frontal para homens, e havia uma parte traseira, uma se\u00e7\u00e3o privada para mulheres e crian\u00e7as separada da se\u00e7\u00e3o frontal por uma cortina pesada.\u00a0Da mesma forma, na vida de toda fam\u00edlia, exatamente como numa tenda, os homens ocupavam a posi\u00e7\u00e3o p\u00fablica, enquanto mulheres e crian\u00e7as permaneciam em profunda privacidade.\u00a0Exceto&#8230; n\u00e3o havia filhos na tenda de Abra\u00e3o e Sara. N\u00e3o havia filhos na vida de Abra\u00e3o e Sara!<\/p>\n<p>Estamos tocando aqui no ponto sens\u00edvel de Sara \u2014um ponto sens\u00edvel que estava doendo h\u00e1 anos\u2014.\u00a0Durante a maior parte de sua vida, Sara viveu com essa dor terr\u00edvel em seu cora\u00e7\u00e3o.\u00a0N\u00f3s j\u00e1 vimos o quanto Abra\u00e3o ansiava por ser pai, muito antes de ele realmente se tornar um, mas esse anseio teria sido muito pior para Sara: ela havia sido est\u00e9ril quase toda a sua vida, e para uma mulher casada ser est\u00e9ril aquele tempo era uma calamidade terr\u00edvel e, aos olhos de todos, um claro sinal da desaprova\u00e7\u00e3o de Deus.\u00a0\u00c0 medida que percorremos as mesmas p\u00e1ginas que j\u00e1 lemos para Abra\u00e3o, vamos tentar compreender a incr\u00edvel dor que brotou no cora\u00e7\u00e3o desta mulher com o passar dos anos.<\/p>\n<p><strong>Silenciosa e obediente<\/strong><\/p>\n<p>Notavelmente, a primeira coisa que aprendemos sobre Sara \u00e9 o fato de ela ser est\u00e9ril:\u00a0<em>\u00ab<i>mas Sarai era est\u00e9ril;\u00a0ela n\u00e3o tinha filhos<\/i>\u00bb.<\/em><a href=\"#_ftn3\" name=\"_ftnref3\">[3]<\/a> Esta breve nota ocorre antes mesmo de G\u00eanesis 12 \u2014antes de Abra\u00e3o receber ordens para sair de Har\u00e3 e fala por si\u2014.\u00a0Se esta \u00e9 a primeira informa\u00e7\u00e3o que aprendemos sobre Sara, ent\u00e3o, claramente, era a principal coisa que definia uma mulher naquela sociedade.\u00a0O valor de uma mulher era medido pela fertilidade, e \u00e9 nessa mesma sociedade que \u00absucedeu\u00bb Sara ser est\u00e9ril!<\/p>\n<p>Meus leitores devem saber que, at\u00e9 hoje, uma esposa est\u00e9ril representa um enorme problema em uma fam\u00edlia Judia, e que sua esterilidade fornece raz\u00e3o suficiente para um marido se divorciar dela.\u00a0Sem d\u00favida, era muito pior no tempo de Abra\u00e3o: para uma mulher casada, ser est\u00e9ril era a pior coisa que poderia acontecer.\u00a0Significava que a dor da inadequa\u00e7\u00e3o, da vergonha e da culpa era algo com que Sara vivera e lutara h\u00e1 muitos anos, desde os primeiros anos de seu longo casamento.<\/p>\n<p>Assim, vamos entender que esta hist\u00f3ria tem que ser uma hist\u00f3ria de cura: antes de Sarai se tornar Sara no cap\u00edtulo 17, antes que ela pudesse se tornar m\u00e3e e matriarca, ela tinha que ser curada por dentro.\u00a0N\u00e3o podemos fazer nossa parte e cumprir o destino que o Senhor preparou para cada um de n\u00f3s, a menos que nosso cora\u00e7\u00e3o esteja completo, a menos que nos reconciliemos plenamente com quem somos e onde estamos.\u00a0Antes que as circunst\u00e2ncias mudem, e para que elas mudem, uma cura interior do cora\u00e7\u00e3o tem que acontecer.\u00a0Precisamos permitir que o Senhor transforme o invis\u00edvel primeiro, e ent\u00e3o o vis\u00edvel tamb\u00e9m ser\u00e1 transformado.<\/p>\n<p>Eu acho dif\u00edcil entender como as fontes Judaicas afirmam que Sara, a primeira matriarca, era perfeita e <em>\u00abinteiramente livre de pecado\u00bb.\u00a0<\/em>Talvez, no final da estrada, depois de todo o trabalho de cura que ela experimentou, ela realmente se tornou quase perfeita, mas os cap\u00edtulos pelos quais estamos passando agora, os primeiros cap\u00edtulos de sua jornada na terra, nos mostram uma mulher com muita dor, \u00e0s vezes agindo injusta e injustificadamente por causa dessa dor.\u00a0N\u00f3s n\u00e3o ouvimos muito dela nesses cap\u00edtulos;\u00a0na verdade, a primeira vez que a ouvimos dizer alguma coisa, \u00e9 quando ela pede ao marido para<em>\u00a0\u00ab<i>unir-se \u00e0<\/i>\u00bb<\/em><a href=\"#_ftn4\" name=\"_ftnref4\">[4]<\/a> Hagar. Antes disso, ela fica completamente em sil\u00eancio.\u00a0Mas, novamente, at\u00e9 mesmo uma mulher normal naquela sociedade n\u00e3o seria ouvida;\u00a0quanto mais, ent\u00e3o, uma mulher humilhada pela \u00abesterilidade\u00bb seria silenciosa e obediente!\u00a0E Sara, de fato, era silenciosa e obediente \u2014provavelmente um pouco calada e obediente demais\u2014.\u00a0Um leitor atento n\u00e3o pode deixar de perceber o fato de que viajou mais naqueles primeiros cap\u00edtulos do que qualquer esposa normalmente concordaria \u2014a menos que tivesse raz\u00f5es especiais para concordar com isso\u2014.<\/p>\n<p>A primeira vez que Sara se mudou com o marido foi no final do cap\u00edtulo 11:<\/p>\n<p><em>\u00abE\u00a0<b><i>Tera tomou seu filho Abr\u00e3o, <\/i><\/b><i>\u00a0seu neto L\u00f3, filho de Har\u00e3,\u00a0<b>e sua nora Sarai, mulher de seu filho Abr\u00e3o. <\/b>Ele os fez sair de Ur dos Caldeus para que fossem\u00a0 \u00e0 terra de Cana\u00e3&#8230;<\/i>\u00bb<\/em><a href=\"#_ftn5\" name=\"_ftnref5\">[5]<\/a><\/p>\n<p>A segunda vez ela seguiu seu marido em sua chamada L\u00e9j-Lej\u00e1:<\/p>\n<p><em>\u00abEnt\u00e3o\u00a0<b><i>Abr\u00e3o levou consigo sua mulher \u00a0Sarai, <\/i><\/b><i>seu sobrinho<b><\/b>L\u00f3&#8230; e\u00a0partiram para a terra de Cana\u00e3 e a\u00ed chegaram<\/i>\u00bb.<\/em><a href=\"#_ftn6\" name=\"_ftnref6\">[6]<\/a><\/p>\n<p>Ent\u00e3o vemos Abr\u00e3o vagando interminavelmente pela terra, e \u00e9 evidente que sua esposa o seguia por toda parte:<\/p>\n<p>\u00ab<em>Abr\u00e3o\u00a0<strong>atravessou a terra<\/strong>\u00a0para a terra de Siqu\u00e9m&#8230;\u00a0<\/em><\/p>\n<p><em>E ele\u00a0<strong>se mudou de l\u00e1<\/strong>\u00a0para a montanha a leste de Betel&#8230;<\/em><\/p>\n<p><em>Abr\u00e3o\u00a0<strong>viajou, continuando ainda<\/strong>\u00a0<strong>em<\/strong>dire\u00e7\u00e3o ao Sul\u00bb. <\/em><a href=\"#_ftn7\" name=\"_ftnref7\">[7]<\/a><\/p>\n<p>Finalmente, depois de vagarem pela terra, eles descem para o Egito:<\/p>\n<p><em>\u00ab<i>\u2026E Abr\u00e3o\u00a0<b>desceu<\/b>\u00a0ao Egito<\/i>\u00bb. <\/em><a href=\"#_ftn8\" name=\"_ftnref8\">[8]<\/a><\/p>\n<p>Por que Sara nunca questionou ou discutiu as decis\u00f5es de Abra\u00e3o (pelo menos, as Escrituras n\u00e3o a mencionam fazendo isso)?\u00a0Qual foi o segredo que permitiu que ela seguisse seu marido de forma t\u00e3o inquestion\u00e1vel e sem reservas em todas as suas andan\u00e7as?\u00a0Ela seguiu o marido por obedi\u00eancia?\u00a0Ela seguiu o marido por vergonha e culpa?\u00a0Ela seguiu o marido com a esperan\u00e7a de que ela se tornasse f\u00e9rtil, um dia?\u00a0Afinal, quando o Senhor chamou Abra\u00e3o e ordenou que ele fosse para a Terra, Ele prometeu a ele uma multid\u00e3o de descendentes:<\/p>\n<p><em><i>\u00a0<\/i>\u00ab<i>Eu farei de ti uma grande na\u00e7\u00e3o&#8230;<br \/>\nE em ti todas as fam\u00edlias da terra ser\u00e3o aben\u00e7oadas<\/i>\u00bb.<\/em><a href=\"#_ftn9\" name=\"_ftnref9\">[9]<\/a><\/p>\n<p>Naquele momento, Sara era a \u00fanica mulher na vida de Abra\u00e3o;\u00a0tenho certeza de que ela esperava e acreditava que todos aqueles descendentes que formariam\u00a0<em>uma grande na\u00e7\u00e3o<\/em>\u00a0passariam por ela.\u00a0Talvez tenha sido essa esperan\u00e7a e cren\u00e7a que lhe deu for\u00e7a e motiva\u00e7\u00e3o para seguir o marido em todas as suas andan\u00e7as e para se mudar com ele constantemente.<\/p>\n<p>&nbsp;<\/p>\n<p><a href=\"#_ftnref1\" name=\"_ftn1\">[1]<\/a> Para a conveni\u00eancia do leitor, usaremos o nome Sara ao longo da s\u00e9rie (exceto as cita\u00e7\u00f5es das Escrituras anteriores a G\u00eanesis 17).<\/p>\n<p><a href=\"#_ftnref2\" name=\"_ftn2\">[2]<\/a> G\u00eanesis 18:6.<\/p>\n<p><a href=\"#_ftnref3\" name=\"_ftn3\">[3]<\/a> G\u00eanesis 11:30.<\/p>\n<p><a href=\"#_ftnref4\" name=\"_ftn4\">[4]<\/a> G\u00eanesis 16:2.<\/p>\n<p><a href=\"#_ftnref5\" name=\"_ftn5\">[5]<\/a> G\u00eanesis 11:31.<\/p>\n<p><a href=\"#_ftnref6\" name=\"_ftn6\">[6]<\/a> G\u00eanesis 12:5.<\/p>\n<p><a href=\"#_ftnref7\" name=\"_ftn7\">[7]<\/a> G\u00eanesis 12:6-9.<\/p>\n<p><a href=\"#_ftnref8\" name=\"_ftn8\">[8]<\/a> G\u00eanesis 12:10.<\/p>\n<p><a href=\"#_ftnref9\" name=\"_ftn9\">[9]<\/a> G\u00eanesis 12:2-3.<\/p>\n<p>&nbsp;<\/p>\n<p>Trechos\u00a0<em>do meu livro <\/em>\u00ab<em>Abraham had two sons<\/em>\u00bb<em>\u00a0<\/em>est\u00e3o\u00a0<em>inclu\u00eddos nesta s\u00e9rie, voc\u00eas podem obter este livro e meus outros livros da minha p\u00e1gina neste blog: <\/em><em><u><a href=\"https:\/\/israelbiblicalstudies.com\/blog\/author\/juliablum\/%C2%A0%C2%A0\">https:\/\/israelbiblicalstudies.com\/blog\/author\/juliablum\/\u00a0\u00a0<\/a><\/u><\/em><em>. <\/em><em>Al\u00e9m disso, meu novo livro <\/em>\u00ab<em>Unlocking the Scriptures<\/em>\u00bb\u00a0<em>est\u00e1 dispon\u00edvel na Amazon:\u00a0<\/em><a href=\"https:\/\/www.amazon.com\/s?k=unlocking+the+scriptures+by+julia+blum&amp;crid=2IHYED6W7ZVYI&amp;sprefix=julia+blum+%2Caps%2C689&amp;ref%20=%20nb_sb_ss_i_4_11\"><em>https:\/\/www.amazon.com\/s?k=unlocking+the+scriptures+by+julia+blum&amp;crid=2IHYED6W7ZVYI&amp;sprefix=julia+blum+%2Caps%2C689&amp;ref = nb_sb_ss_i_4_11<\/em><\/a><\/p>\n<p><em>Se esses artigos despertarem seu interesse por descobrir os tesouros ocultos da B\u00edblia Hebraica<\/em>, <em>eu ficaria feliz em fornecer mais informa\u00e7\u00f5es (e tamb\u00e9m um desconto de professor para novos alunos) em rela\u00e7\u00e3o aos nossos maravilhosos cursos\u00a0 (\u00a0<\/em><a href=\"mailto:juliab@eteachergroup.com\"><em>juliab@eteachergroup.com<\/em><\/a><em>).<\/em><\/p>\n<p>&nbsp;<\/p>\n<p>&nbsp;<\/p>\n<p>&nbsp;<\/p>\n","protected":false},"excerpt":{"rendered":"<p>Por detr\u00e1s da cortina Estamos de volta \u00e0 nossa s\u00e9rie de retratos b\u00edblicos e agora passamos para o\u00a0retrato de\u00a0Sara.[1]\u00a0N\u00f3s vamos acompanhar e observar Sara agora.\u00a0As p\u00e1ginas s\u00e3o as mesmas, o texto \u00e9 o mesmo e, no entanto, acho que voc\u00eas ficar\u00e3o surpresos ao descobrir como nossas conclus\u00f5es ser\u00e3o diferentes comparadas com o que revelamos em [&hellip;]<\/p>\n","protected":false},"author":45,"featured_media":13011,"comment_status":"closed","ping_status":"open","sticky":false,"template":"","format":"standard","meta":{"_acf_changed":false,"inline_featured_image":false,"footnotes":""},"categories":[395],"tags":[],"class_list":["post-13015","post","type-post","status-publish","format-standard","has-post-thumbnail","hentry","category-jewish-studies"],"acf":[],"yoast_head":"<!-- This site is optimized with the Yoast SEO plugin v26.5 - https:\/\/yoast.com\/wordpress\/plugins\/seo\/ -->\n<title>Retratos b\u00edblicos: Sara \u2013 Vagando e refletindo - Israel Institute of Biblical Studies<\/title>\n<meta name=\"description\" content=\"Por detr\u00e1s da cortina Estamos de volta \u00e0 nossa s\u00e9rie de retratos b\u00edblicos e agora passamos para o\u00a0retrato de\u00a0Sara.\u00a0N\u00f3s vamos acompanhar e observar Sara\" \/>\n<meta name=\"robots\" content=\"index, follow, max-snippet:-1, max-image-preview:large, max-video-preview:-1\" \/>\n<link rel=\"canonical\" href=\"https:\/\/israelbiblicalstudies.com\/pt\/blog\/category\/jewish-studies\/retratos-biblicos-sara-vagando-e-refletindo\/\" \/>\n<meta property=\"og:locale\" content=\"pt_BR\" \/>\n<meta property=\"og:type\" content=\"article\" \/>\n<meta property=\"og:title\" content=\"Retratos b\u00edblicos: Sara \u2013 Vagando e refletindo - Israel Institute of Biblical Studies\" \/>\n<meta property=\"og:description\" content=\"Por detr\u00e1s da cortina Estamos de volta \u00e0 nossa s\u00e9rie de retratos b\u00edblicos e agora passamos para o\u00a0retrato de\u00a0Sara.\u00a0N\u00f3s vamos acompanhar e observar Sara\" \/>\n<meta property=\"og:url\" content=\"https:\/\/israelbiblicalstudies.com\/pt\/blog\/category\/jewish-studies\/retratos-biblicos-sara-vagando-e-refletindo\/\" \/>\n<meta property=\"og:site_name\" content=\"Israel Institute of Biblical Studies\" \/>\n<meta property=\"article:published_time\" content=\"2019-08-15T08:01:26+00:00\" \/>\n<meta property=\"article:modified_time\" content=\"2025-08-13T11:38:38+00:00\" \/>\n<meta property=\"og:image\" content=\"https:\/\/israelbiblicalstudies.com\/wp-content\/uploads\/2019\/08\/shutterstock_1080588809.png\" \/>\n\t<meta property=\"og:image:width\" content=\"1024\" \/>\n\t<meta property=\"og:image:height\" content=\"535\" \/>\n\t<meta property=\"og:image:type\" content=\"image\/png\" \/>\n<meta name=\"author\" content=\"Julia Blum\" \/>\n<meta name=\"twitter:card\" content=\"summary_large_image\" \/>\n<meta name=\"twitter:label1\" content=\"Escrito por\" \/>\n\t<meta name=\"twitter:data1\" content=\"Julia Blum\" \/>\n\t<meta name=\"twitter:label2\" content=\"Est. tempo de leitura\" \/>\n\t<meta name=\"twitter:data2\" content=\"8 minutos\" \/>\n<script type=\"application\/ld+json\" class=\"yoast-schema-graph\">{\"@context\":\"https:\/\/schema.org\",\"@graph\":[{\"@type\":\"Article\",\"@id\":\"https:\/\/israelbiblicalstudies.com\/pt\/blog\/category\/jewish-studies\/retratos-biblicos-sara-vagando-e-refletindo\/#article\",\"isPartOf\":{\"@id\":\"https:\/\/israelbiblicalstudies.com\/pt\/blog\/category\/jewish-studies\/retratos-biblicos-sara-vagando-e-refletindo\/\"},\"author\":{\"name\":\"Julia Blum\",\"@id\":\"https:\/\/israelbiblicalstudies.com\/pt\/#\/schema\/person\/470c9356fa72a497ecb801267dff4d15\"},\"headline\":\"Retratos b\u00edblicos: Sara \u2013 Vagando e refletindo\",\"datePublished\":\"2019-08-15T08:01:26+00:00\",\"dateModified\":\"2025-08-13T11:38:38+00:00\",\"mainEntityOfPage\":{\"@id\":\"https:\/\/israelbiblicalstudies.com\/pt\/blog\/category\/jewish-studies\/retratos-biblicos-sara-vagando-e-refletindo\/\"},\"wordCount\":1555,\"publisher\":{\"@id\":\"https:\/\/israelbiblicalstudies.com\/pt\/#organization\"},\"image\":{\"@id\":\"https:\/\/israelbiblicalstudies.com\/pt\/blog\/category\/jewish-studies\/retratos-biblicos-sara-vagando-e-refletindo\/#primaryimage\"},\"thumbnailUrl\":\"https:\/\/israelbiblicalstudies.com\/wp-content\/uploads\/2019\/08\/shutterstock_1080588809.png\",\"articleSection\":[\"Estudos Judaicos\"],\"inLanguage\":\"pt-BR\"},{\"@type\":\"WebPage\",\"@id\":\"https:\/\/israelbiblicalstudies.com\/pt\/blog\/category\/jewish-studies\/retratos-biblicos-sara-vagando-e-refletindo\/\",\"url\":\"https:\/\/israelbiblicalstudies.com\/pt\/blog\/category\/jewish-studies\/retratos-biblicos-sara-vagando-e-refletindo\/\",\"name\":\"Retratos b\u00edblicos: Sara \u2013 Vagando e refletindo - Israel Institute of Biblical Studies\",\"isPartOf\":{\"@id\":\"https:\/\/israelbiblicalstudies.com\/pt\/#website\"},\"primaryImageOfPage\":{\"@id\":\"https:\/\/israelbiblicalstudies.com\/pt\/blog\/category\/jewish-studies\/retratos-biblicos-sara-vagando-e-refletindo\/#primaryimage\"},\"image\":{\"@id\":\"https:\/\/israelbiblicalstudies.com\/pt\/blog\/category\/jewish-studies\/retratos-biblicos-sara-vagando-e-refletindo\/#primaryimage\"},\"thumbnailUrl\":\"https:\/\/israelbiblicalstudies.com\/wp-content\/uploads\/2019\/08\/shutterstock_1080588809.png\",\"datePublished\":\"2019-08-15T08:01:26+00:00\",\"dateModified\":\"2025-08-13T11:38:38+00:00\",\"description\":\"Por detr\u00e1s da cortina Estamos de volta \u00e0 nossa s\u00e9rie de retratos b\u00edblicos e agora passamos para o\u00a0retrato de\u00a0Sara.\u00a0N\u00f3s vamos acompanhar e observar Sara\",\"breadcrumb\":{\"@id\":\"https:\/\/israelbiblicalstudies.com\/pt\/blog\/category\/jewish-studies\/retratos-biblicos-sara-vagando-e-refletindo\/#breadcrumb\"},\"inLanguage\":\"pt-BR\",\"potentialAction\":[{\"@type\":\"ReadAction\",\"target\":[\"https:\/\/israelbiblicalstudies.com\/pt\/blog\/category\/jewish-studies\/retratos-biblicos-sara-vagando-e-refletindo\/\"]}]},{\"@type\":\"ImageObject\",\"inLanguage\":\"pt-BR\",\"@id\":\"https:\/\/israelbiblicalstudies.com\/pt\/blog\/category\/jewish-studies\/retratos-biblicos-sara-vagando-e-refletindo\/#primaryimage\",\"url\":\"https:\/\/israelbiblicalstudies.com\/wp-content\/uploads\/2019\/08\/shutterstock_1080588809.png\",\"contentUrl\":\"https:\/\/israelbiblicalstudies.com\/wp-content\/uploads\/2019\/08\/shutterstock_1080588809.png\",\"width\":1024,\"height\":535},{\"@type\":\"BreadcrumbList\",\"@id\":\"https:\/\/israelbiblicalstudies.com\/pt\/blog\/category\/jewish-studies\/retratos-biblicos-sara-vagando-e-refletindo\/#breadcrumb\",\"itemListElement\":[{\"@type\":\"ListItem\",\"position\":1,\"name\":\"Home\",\"item\":\"https:\/\/israelbiblicalstudies.com\/pt\/\"},{\"@type\":\"ListItem\",\"position\":2,\"name\":\"Estudos Judaicos\",\"item\":\"https:\/\/israelbiblicalstudies.com\/pt\/blog\/category\/jewish-studies\/\"},{\"@type\":\"ListItem\",\"position\":3,\"name\":\"Retratos b\u00edblicos: Sara \u2013 Vagando e refletindo\"}]},{\"@type\":\"WebSite\",\"@id\":\"https:\/\/israelbiblicalstudies.com\/pt\/#website\",\"url\":\"https:\/\/israelbiblicalstudies.com\/pt\/\",\"name\":\"Israel Institute of Biblical Studies\",\"description\":\"Deepen Your Understanding of the Bible\",\"publisher\":{\"@id\":\"https:\/\/israelbiblicalstudies.com\/pt\/#organization\"},\"potentialAction\":[{\"@type\":\"SearchAction\",\"target\":{\"@type\":\"EntryPoint\",\"urlTemplate\":\"https:\/\/israelbiblicalstudies.com\/pt\/?s={search_term_string}\"},\"query-input\":{\"@type\":\"PropertyValueSpecification\",\"valueRequired\":true,\"valueName\":\"search_term_string\"}}],\"inLanguage\":\"pt-BR\"},{\"@type\":\"Organization\",\"@id\":\"https:\/\/israelbiblicalstudies.com\/pt\/#organization\",\"name\":\"Israel Biblical Studies\",\"url\":\"https:\/\/israelbiblicalstudies.com\/pt\/\",\"logo\":{\"@type\":\"ImageObject\",\"inLanguage\":\"pt-BR\",\"@id\":\"https:\/\/israelbiblicalstudies.com\/pt\/#\/schema\/logo\/image\/\",\"url\":\"https:\/\/israelbiblicalstudies.com\/wp-content\/uploads\/2016\/09\/logo-invert.png\",\"contentUrl\":\"https:\/\/israelbiblicalstudies.com\/wp-content\/uploads\/2016\/09\/logo-invert.png\",\"width\":152,\"height\":68,\"caption\":\"Israel Biblical Studies\"},\"image\":{\"@id\":\"https:\/\/israelbiblicalstudies.com\/pt\/#\/schema\/logo\/image\/\"}},{\"@type\":\"Person\",\"@id\":\"https:\/\/israelbiblicalstudies.com\/pt\/#\/schema\/person\/470c9356fa72a497ecb801267dff4d15\",\"name\":\"Julia Blum\",\"image\":{\"@type\":\"ImageObject\",\"inLanguage\":\"pt-BR\",\"@id\":\"https:\/\/israelbiblicalstudies.com\/pt\/#\/schema\/person\/image\/\",\"url\":\"https:\/\/secure.gravatar.com\/avatar\/bba81953dcf8395e3b4a73607c07e2f9d3e53c113398ce1fd48361f3f137b781?s=96&d=mm&r=g\",\"contentUrl\":\"https:\/\/secure.gravatar.com\/avatar\/bba81953dcf8395e3b4a73607c07e2f9d3e53c113398ce1fd48361f3f137b781?s=96&d=mm&r=g\",\"caption\":\"Julia Blum\"},\"description\":\"Julia is a teacher and an author of several books on biblical topics. She teaches two biblical courses at the Israel Institute of Biblical Studies, \u201cDiscovering the Hebrew Bible\u201d and \u201cJewish Background of the New Testament\u201d, and writes Hebrew insights for these courses.\",\"url\":\"https:\/\/israelbiblicalstudies.com\/pt\/blog\/author\/juliablum\/\"}]}<\/script>\n<!-- \/ Yoast SEO plugin. -->","yoast_head_json":{"title":"Retratos b\u00edblicos: Sara \u2013 Vagando e refletindo - Israel Institute of Biblical Studies","description":"Por detr\u00e1s da cortina Estamos de volta \u00e0 nossa s\u00e9rie de retratos b\u00edblicos e agora passamos para o\u00a0retrato de\u00a0Sara.\u00a0N\u00f3s vamos acompanhar e observar Sara","robots":{"index":"index","follow":"follow","max-snippet":"max-snippet:-1","max-image-preview":"max-image-preview:large","max-video-preview":"max-video-preview:-1"},"canonical":"https:\/\/israelbiblicalstudies.com\/pt\/blog\/category\/jewish-studies\/retratos-biblicos-sara-vagando-e-refletindo\/","og_locale":"pt_BR","og_type":"article","og_title":"Retratos b\u00edblicos: Sara \u2013 Vagando e refletindo - Israel Institute of Biblical Studies","og_description":"Por detr\u00e1s da cortina Estamos de volta \u00e0 nossa s\u00e9rie de retratos b\u00edblicos e agora passamos para o\u00a0retrato de\u00a0Sara.\u00a0N\u00f3s vamos acompanhar e observar Sara","og_url":"https:\/\/israelbiblicalstudies.com\/pt\/blog\/category\/jewish-studies\/retratos-biblicos-sara-vagando-e-refletindo\/","og_site_name":"Israel Institute of Biblical Studies","article_published_time":"2019-08-15T08:01:26+00:00","article_modified_time":"2025-08-13T11:38:38+00:00","og_image":[{"width":1024,"height":535,"url":"https:\/\/israelbiblicalstudies.com\/wp-content\/uploads\/2019\/08\/shutterstock_1080588809.png","type":"image\/png"}],"author":"Julia Blum","twitter_card":"summary_large_image","twitter_misc":{"Escrito por":"Julia Blum","Est. tempo de leitura":"8 minutos"},"schema":{"@context":"https:\/\/schema.org","@graph":[{"@type":"Article","@id":"https:\/\/israelbiblicalstudies.com\/pt\/blog\/category\/jewish-studies\/retratos-biblicos-sara-vagando-e-refletindo\/#article","isPartOf":{"@id":"https:\/\/israelbiblicalstudies.com\/pt\/blog\/category\/jewish-studies\/retratos-biblicos-sara-vagando-e-refletindo\/"},"author":{"name":"Julia Blum","@id":"https:\/\/israelbiblicalstudies.com\/pt\/#\/schema\/person\/470c9356fa72a497ecb801267dff4d15"},"headline":"Retratos b\u00edblicos: Sara \u2013 Vagando e refletindo","datePublished":"2019-08-15T08:01:26+00:00","dateModified":"2025-08-13T11:38:38+00:00","mainEntityOfPage":{"@id":"https:\/\/israelbiblicalstudies.com\/pt\/blog\/category\/jewish-studies\/retratos-biblicos-sara-vagando-e-refletindo\/"},"wordCount":1555,"publisher":{"@id":"https:\/\/israelbiblicalstudies.com\/pt\/#organization"},"image":{"@id":"https:\/\/israelbiblicalstudies.com\/pt\/blog\/category\/jewish-studies\/retratos-biblicos-sara-vagando-e-refletindo\/#primaryimage"},"thumbnailUrl":"https:\/\/israelbiblicalstudies.com\/wp-content\/uploads\/2019\/08\/shutterstock_1080588809.png","articleSection":["Estudos Judaicos"],"inLanguage":"pt-BR"},{"@type":"WebPage","@id":"https:\/\/israelbiblicalstudies.com\/pt\/blog\/category\/jewish-studies\/retratos-biblicos-sara-vagando-e-refletindo\/","url":"https:\/\/israelbiblicalstudies.com\/pt\/blog\/category\/jewish-studies\/retratos-biblicos-sara-vagando-e-refletindo\/","name":"Retratos b\u00edblicos: Sara \u2013 Vagando e refletindo - Israel Institute of Biblical Studies","isPartOf":{"@id":"https:\/\/israelbiblicalstudies.com\/pt\/#website"},"primaryImageOfPage":{"@id":"https:\/\/israelbiblicalstudies.com\/pt\/blog\/category\/jewish-studies\/retratos-biblicos-sara-vagando-e-refletindo\/#primaryimage"},"image":{"@id":"https:\/\/israelbiblicalstudies.com\/pt\/blog\/category\/jewish-studies\/retratos-biblicos-sara-vagando-e-refletindo\/#primaryimage"},"thumbnailUrl":"https:\/\/israelbiblicalstudies.com\/wp-content\/uploads\/2019\/08\/shutterstock_1080588809.png","datePublished":"2019-08-15T08:01:26+00:00","dateModified":"2025-08-13T11:38:38+00:00","description":"Por detr\u00e1s da cortina Estamos de volta \u00e0 nossa s\u00e9rie de retratos b\u00edblicos e agora passamos para o\u00a0retrato de\u00a0Sara.\u00a0N\u00f3s vamos acompanhar e observar Sara","breadcrumb":{"@id":"https:\/\/israelbiblicalstudies.com\/pt\/blog\/category\/jewish-studies\/retratos-biblicos-sara-vagando-e-refletindo\/#breadcrumb"},"inLanguage":"pt-BR","potentialAction":[{"@type":"ReadAction","target":["https:\/\/israelbiblicalstudies.com\/pt\/blog\/category\/jewish-studies\/retratos-biblicos-sara-vagando-e-refletindo\/"]}]},{"@type":"ImageObject","inLanguage":"pt-BR","@id":"https:\/\/israelbiblicalstudies.com\/pt\/blog\/category\/jewish-studies\/retratos-biblicos-sara-vagando-e-refletindo\/#primaryimage","url":"https:\/\/israelbiblicalstudies.com\/wp-content\/uploads\/2019\/08\/shutterstock_1080588809.png","contentUrl":"https:\/\/israelbiblicalstudies.com\/wp-content\/uploads\/2019\/08\/shutterstock_1080588809.png","width":1024,"height":535},{"@type":"BreadcrumbList","@id":"https:\/\/israelbiblicalstudies.com\/pt\/blog\/category\/jewish-studies\/retratos-biblicos-sara-vagando-e-refletindo\/#breadcrumb","itemListElement":[{"@type":"ListItem","position":1,"name":"Home","item":"https:\/\/israelbiblicalstudies.com\/pt\/"},{"@type":"ListItem","position":2,"name":"Estudos Judaicos","item":"https:\/\/israelbiblicalstudies.com\/pt\/blog\/category\/jewish-studies\/"},{"@type":"ListItem","position":3,"name":"Retratos b\u00edblicos: Sara \u2013 Vagando e refletindo"}]},{"@type":"WebSite","@id":"https:\/\/israelbiblicalstudies.com\/pt\/#website","url":"https:\/\/israelbiblicalstudies.com\/pt\/","name":"Israel Institute of Biblical Studies","description":"Deepen Your Understanding of the Bible","publisher":{"@id":"https:\/\/israelbiblicalstudies.com\/pt\/#organization"},"potentialAction":[{"@type":"SearchAction","target":{"@type":"EntryPoint","urlTemplate":"https:\/\/israelbiblicalstudies.com\/pt\/?s={search_term_string}"},"query-input":{"@type":"PropertyValueSpecification","valueRequired":true,"valueName":"search_term_string"}}],"inLanguage":"pt-BR"},{"@type":"Organization","@id":"https:\/\/israelbiblicalstudies.com\/pt\/#organization","name":"Israel Biblical Studies","url":"https:\/\/israelbiblicalstudies.com\/pt\/","logo":{"@type":"ImageObject","inLanguage":"pt-BR","@id":"https:\/\/israelbiblicalstudies.com\/pt\/#\/schema\/logo\/image\/","url":"https:\/\/israelbiblicalstudies.com\/wp-content\/uploads\/2016\/09\/logo-invert.png","contentUrl":"https:\/\/israelbiblicalstudies.com\/wp-content\/uploads\/2016\/09\/logo-invert.png","width":152,"height":68,"caption":"Israel Biblical Studies"},"image":{"@id":"https:\/\/israelbiblicalstudies.com\/pt\/#\/schema\/logo\/image\/"}},{"@type":"Person","@id":"https:\/\/israelbiblicalstudies.com\/pt\/#\/schema\/person\/470c9356fa72a497ecb801267dff4d15","name":"Julia Blum","image":{"@type":"ImageObject","inLanguage":"pt-BR","@id":"https:\/\/israelbiblicalstudies.com\/pt\/#\/schema\/person\/image\/","url":"https:\/\/secure.gravatar.com\/avatar\/bba81953dcf8395e3b4a73607c07e2f9d3e53c113398ce1fd48361f3f137b781?s=96&d=mm&r=g","contentUrl":"https:\/\/secure.gravatar.com\/avatar\/bba81953dcf8395e3b4a73607c07e2f9d3e53c113398ce1fd48361f3f137b781?s=96&d=mm&r=g","caption":"Julia Blum"},"description":"Julia is a teacher and an author of several books on biblical topics. She teaches two biblical courses at the Israel Institute of Biblical Studies, \u201cDiscovering the Hebrew Bible\u201d and \u201cJewish Background of the New Testament\u201d, and writes Hebrew insights for these courses.","url":"https:\/\/israelbiblicalstudies.com\/pt\/blog\/author\/juliablum\/"}]}},"_links":{"self":[{"href":"https:\/\/israelbiblicalstudies.com\/pt\/wp-json\/wp\/v2\/posts\/13015","targetHints":{"allow":["GET"]}}],"collection":[{"href":"https:\/\/israelbiblicalstudies.com\/pt\/wp-json\/wp\/v2\/posts"}],"about":[{"href":"https:\/\/israelbiblicalstudies.com\/pt\/wp-json\/wp\/v2\/types\/post"}],"author":[{"embeddable":true,"href":"https:\/\/israelbiblicalstudies.com\/pt\/wp-json\/wp\/v2\/users\/45"}],"replies":[{"embeddable":true,"href":"https:\/\/israelbiblicalstudies.com\/pt\/wp-json\/wp\/v2\/comments?post=13015"}],"version-history":[{"count":0,"href":"https:\/\/israelbiblicalstudies.com\/pt\/wp-json\/wp\/v2\/posts\/13015\/revisions"}],"wp:featuredmedia":[{"embeddable":true,"href":"https:\/\/israelbiblicalstudies.com\/pt\/wp-json\/wp\/v2\/media\/13011"}],"wp:attachment":[{"href":"https:\/\/israelbiblicalstudies.com\/pt\/wp-json\/wp\/v2\/media?parent=13015"}],"wp:term":[{"taxonomy":"category","embeddable":true,"href":"https:\/\/israelbiblicalstudies.com\/pt\/wp-json\/wp\/v2\/categories?post=13015"},{"taxonomy":"post_tag","embeddable":true,"href":"https:\/\/israelbiblicalstudies.com\/pt\/wp-json\/wp\/v2\/tags?post=13015"}],"curies":[{"name":"wp","href":"https:\/\/api.w.org\/{rel}","templated":true}]}}