{"id":13130,"date":"2019-11-07T17:01:56","date_gmt":"2019-11-07T14:01:56","guid":{"rendered":"https:\/\/iibsblogsstg.wpenginepowered.com\/?p=13130"},"modified":"2025-08-13T11:38:34","modified_gmt":"2025-08-13T11:38:34","slug":"reflexoes-do-novo-testamento-lej-leja","status":"publish","type":"post","link":"https:\/\/israelbiblicalstudies.com\/pt\/blog\/category\/jewish-studies\/reflexoes-do-novo-testamento-lej-leja\/","title":{"rendered":"REFLEX\u00d5ES DO NOVO TESTAMENTO: L\u00c9J-LEJ\u00c1"},"content":{"rendered":"<p>&nbsp;<\/p>\n<p><b><span lang=\"PT-BR\">Come\u00e7a a hist\u00f3ria redentora<\/span><\/b><\/p>\n<p><span lang=\"PT-BR\">Se voc\u00eas seguem o ciclo de leitura da Tor\u00e1, voc\u00eas alguma vez j\u00e1 se surpreenderam no pensamento: <\/span>\u00ab<span lang=\"PT-BR\">Oh, finalmente estamos em G\u00eanesis 12: estamos entrando na hist\u00f3ria real!<\/span>\u00bb. <span lang=\"PT-BR\">Para mim, isso acontece todos os anos <em>\u2014<\/em>porque na verdade, quando entramos na Por\u00e7\u00e3o da Tor\u00e1 <i>L\u00e9j-Lej\u00e1<em>\u2014<\/em><\/i>, um per\u00edodo inteiramente novo come\u00e7a! At\u00e9 agora, vimos a interven\u00e7\u00e3o de Deus no julgamento: tanto no dil\u00favio como na hist\u00f3ria da torre de Babel, Deus puniu o homem por seu pecado e rebeli\u00e3o. Mas quando Deus chamou Abra\u00e3o, Ele interveio pessoal e ativamente na miseric\u00f3rdia, n\u00e3o no julgamento. A elei\u00e7\u00e3o e a sele\u00e7\u00e3o do que se tornaria o povo de Deus come\u00e7am aqui.<\/span><\/p>\n<p><span lang=\"PT-BR\">Do ponto de vista do Novo Testamento, Deus coloca seu plano de reden\u00e7\u00e3o em marcha pelo chamado de Abra\u00e3o. Tudo muda quando Abra\u00e3o aparece <em>\u2014<\/em>a partir de G\u00eanesis 12<em>\u2014<\/em>, a pr\u00f3pria trama da narrativa torna-se muito diferente: novamente, como se a hist\u00f3ria real s\u00f3 iniciasse agora e tudo antes era apenas um pref\u00e1cio. N\u00e3o s\u00f3 a narrativa de <i>Bereshit<\/i>, mas toda a hist\u00f3ria da humanidade, a partir deste ponto, torna-se a hist\u00f3ria deste homem, sua fam\u00edlia e seus descendentes. Por qu\u00ea? Sabemos muito bem que, mesmo antes de Abra\u00e3o, havia pessoas justas <em>\u2014<\/em>como No\u00e9 ou Enoque<em>\u2014\u00a0<\/em>que amavam a Deus e caminhavam diante dele. Ent\u00e3o, por que, de repente, tudo muda com Abra\u00e3o entrando em cena?<\/span><\/p>\n<p><span lang=\"PT-BR\">Pessoalmente, eu acho que esta \u00e9 a primeira vez na hist\u00f3ria que Deus entrou neste mundo atrav\u00e9s de algu\u00e9m que estava disposto a abrir seu cora\u00e7\u00e3o para Ele <\/span>\u2014<span lang=\"PT-BR\">e Ele muda tudo atrav\u00e9s deste homem<\/span>\u2014<span lang=\"PT-BR\">. Quando Abra\u00e3o entra na hist\u00f3ria, Deus se torna parte da hist\u00f3ria tamb\u00e9m, n\u00e3o de fora <\/span>\u2014<span lang=\"PT-BR\">como Ele estava na hist\u00f3ria de No\u00e9, por exemplo<\/span>\u2014 <span lang=\"PT-BR\">mas de dentro do cora\u00e7\u00e3o deste homem, e tudo ao redor come\u00e7a a ser mudado e transformado pelo poder de Deus agindo atrav\u00e9s dele! \u00c9 por isso que Abra\u00e3o ocupa uma posi\u00e7\u00e3o t\u00e3o especial no Novo Testamento. Abra\u00e3o acreditava nas promessas de Deus, e sua f\u00e9 determinou sua obedi\u00eancia; da\u00ed a resposta de Abra\u00e3o ao chamado de Deus, e sua prontid\u00e3o em se afastar <\/span><em>\u00ab<i><span lang=\"PT-BR\">de seu pa\u00eds, de sua fam\u00edlia e da casa de seu pai<\/span><\/i>\u00bb <\/em><span lang=\"PT-BR\">e seguir a ordem de Deus, apesar de toda a incerteza que esta ordem continha. De acordo com o Novo Testamento, Abra\u00e3o forneceu um exemplo de f\u00e9 salvadora para as gera\u00e7\u00f5es posteriores de crentes <\/span>\u2014<span lang=\"PT-BR\">igualmente Judeus e Gentios<\/span>\u2014<span lang=\"PT-BR\">: <\/span><em>\u00ab<i><span lang=\"PT-BR\">Pela f\u00e9 Abra\u00e3o, quando chamado, obedeceu, a fim de ir para um lugar que devia receber por heran\u00e7a, e partiu sem saber aonde ia<\/span><\/i>\u00bb.<\/em><em><a href=\"#_ftn1\" name=\"_ftnref1\"><strong>[1]<\/strong><\/a><\/em><\/p>\n<p><span class=\"text\"><span lang=\"PT-BR\">Nesse sentido, a f\u00e9 <i>como evid\u00eancia das coisas que n\u00e3o se veem<\/i>, na verdade come\u00e7a aqui. Se perguntarmos se Abra\u00e3o recebeu alguma recompensa por obedecer a Deus t\u00e3o sem reservas, e olhar para as circunst\u00e2ncias de sua vida depois que ele chegou a Terra em plena obedi\u00eancia a ordem de Deus, encontramos apenas aquelas recompensas <\/span><\/span>\u00ab<span class=\"text\"><span lang=\"PT-BR\">invis\u00edveis<\/span><\/span>\u00bb<span class=\"text\"><span lang=\"PT-BR\"> que somente se pode ver pela f\u00e9. Deus lhe prometeu uma terra; no entanto, quando <\/span><\/span>\u00ab<span class=\"text\"><i><span lang=\"PT-BR\">o SENHOR apareceu a Abra\u00e3o, e disse: &#8220;A sua semente vou dar esta terra&#8221;<\/span><\/i><\/span>\u00bb<span class=\"text\"><span lang=\"PT-BR\"> ele e sua fam\u00edlia estavam vivendo em tendas e ainda eram completos estrangeiros e rec\u00e9m-chegados naquela terra. A hist\u00f3ria de Abra\u00e3o \u00e9 provavelmente a primeira hist\u00f3ria na B\u00edblia onde esse contraste entre as coisas vistas e as coisas invis\u00edveis, \u00e9 t\u00e3o \u00f3bvio: no reino invis\u00edvel, Abra\u00e3o \u00e9 escolhido por Deus para Seu plano e Sua alian\u00e7a; ele ser\u00e1 o pai de uma na\u00e7\u00e3o e de na\u00e7\u00f5es, e um dia ele vai possuir esta terra. No reino vis\u00edvel, no entanto, <\/span><\/span>\u00ab<span class=\"text\"><i><span lang=\"PT-BR\">pela f\u00e9 peregrinou na terra da promessa como em terra alheia, habitando em tendas com Isaque e Jac\u00f3, herdeiros com ele da mesma promessa<\/span><\/i><\/span>\u00bb.<a href=\"#_ftn2\" name=\"_ftnref2\">[2]<\/a><\/p>\n<p><span class=\"text\"><b><span lang=\"PT-BR\">A escolha de Deus<\/span><\/b><\/span><\/p>\n<p><span lang=\"PT-BR\">Quem era esse homem? Muitas vezes me pergunto onde Abr\u00e3o obteve sua f\u00e9 \u2014aquela f\u00e9 absolutamente \u00fanica que o levou a confiar no Senhor e seguir suas ordens\u2014, mesmo quando elas pareciam complexas, dolorosas ou il\u00f3gicas. Quanto tempo ele tinha sido um verdadeiro crente antes de ouvir Deus dizer, <i>l\u00e9j-lej\u00e1<\/i> (v\u00e1), e depois fez o que lhe foi dito? Ele j\u00e1 era um homem velho quando Deus o chamou. Por que Deus escolheu um homem de idade t\u00e3o avan\u00e7ada, e na verdade <\/span>\u2014<span lang=\"PT-BR\">por que ele?<\/span>\u2014<\/p>\n<p>A Tor\u00e1 fica em sil\u00eancio sobre este assunto, mas duas interpreta\u00e7\u00f5es diferentes foram sugeridas. A primeira diz que n\u00e3o podemos entender a raz\u00e3o de Deus: Ele escolhe Abra\u00e3o n\u00e3o por causa de seus m\u00e9ritos, mas ao acaso, portanto, a Tor\u00e1 n\u00e3o diz nada sobre sua justi\u00e7a, Abra\u00e3o apenas se torna o destinat\u00e1rio da gra\u00e7a de Deus, sem m\u00e9rito pr\u00f3prio.<\/p>\n<p>A segunda interpreta\u00e7\u00e3o diz que Abr\u00e3o mereceu ser escolhido. Como No\u00e9 em sua gera\u00e7\u00e3o, Abr\u00e3o se destacou como um homem excepcionalmente justo e moral, e essas qualidades fizeram com que Deus o escolhesse. Esta abordagem \u00e9 mais popular na tradi\u00e7\u00e3o Judaica, enquanto a primeira \u00e9 preferida pelos estudiosos Crist\u00e3os.<\/p>\n<p><b><span lang=\"PT-BR\">A ordem de Melquisedeque<\/span><\/b><\/p>\n<p><span lang=\"PT-BR\">Em G\u00eanesis 14, Melquisedeque (que significa <\/span>\u00ab<span lang=\"PT-BR\">meu rei justo<\/span>\u00bb<span lang=\"PT-BR\">) encontra Abra\u00e3o em seu retorno de sua vit\u00f3ria sobre Quedorlaomer. Melquisedeque traz p\u00e3o e vinho para Abra\u00e3o, o aben\u00e7oa e louva <i>El Ely\u00f3n<\/i>, o criador do c\u00e9u e da terra, que \u00e9 respons\u00e1vel pela vit\u00f3ria de Abra\u00e3o. Melquisedeque \u00e9 referido aqui como <\/span>\u00ab<span lang=\"PT-BR\">Rei de Salem<\/span>\u00bb<span lang=\"PT-BR\"> e <\/span>\u00ab<span lang=\"PT-BR\">Sacerdote do Deus Alt\u00edssimo<\/span>\u00bb<span lang=\"PT-BR\">. As pessoas muitas vezes se perguntam quem era Melquisedeque. Ele era uma figura puramente m\u00edtica, ou era uma pessoa hist\u00f3rica dos tempos patriarcais, a quem as caracter\u00edsticas m\u00edticas foram atribu\u00eddas mais tarde?<\/span><\/p>\n<p><span lang=\"PT-BR\">Em primeiro lugar, a natureza <\/span>\u00ab<span lang=\"PT-BR\">epis\u00f3dica<\/span>\u00bb<span lang=\"PT-BR\"> ou <\/span>\u00ab<span lang=\"PT-BR\">misteriosa<\/span>\u00bb <span lang=\"PT-BR\">do aparecimento de Melquisedeque na B\u00edblia Hebraica \u00e9 clara: em todo o conjunto das Escrituras Hebraicas seu nome ocorre apenas duas vezes (G\u00eanesis 14:18-20 e Salmos 110:4). Ambas se referem \u00e0 mesma figura, mas sem revelar muito sobre sua identidade. Melquisedeque da B\u00edblia Hebraica \u00e9 um sacerdote-rei de Jerusal\u00e9m pr\u00e9-Israelita, mas sua origem n\u00e3o \u00e9 clara. Precisamente por esta figura misteriosa, an\u00f4nima, <\/span>\u00ab<span lang=\"PT-BR\">sem genealogia<\/span>\u00bb<span lang=\"PT-BR\"> ou descend\u00eancia, \u00a0escreve um grande estudioso da B\u00edblia Judaica, David Flusser, que em certos c\u00edrculos Judaicos do per\u00edodo do Segundo Templo, a hist\u00f3ria b\u00edblica de Melquisedeque se expandiu para uma esp\u00e9cie de biografia m\u00edtica: Melquisedeque se tornou um ser pr\u00e9-existente e imortal. Pensava-se que ele foi gerado no \u00fatero de sua m\u00e3e pela Palavra de Deus: por exemplo, em um texto bem conhecido de Qumran, 11QMelch, Melquisedeque \u00e9 apresentado como um salvador escatol\u00f3gico, n\u00e3o como um rei terreno ou sacerdote. Referindo-se aos sect\u00e1rios de Qumran, Flusser escreve: <\/span>\u00ab<span lang=\"PT-BR\">Havia aqueles que esperavam que ele fosse o juiz dos \u00faltimos dias, quando ele, juntamente com os poderes celestiais, indicar\u00e1 os ju\u00edzos de Deus para que os justos se tornem sua sorte e sua heran\u00e7a<\/span>\u00bb.<a href=\"#_ftn3\" name=\"_ftnref3\"><sup>[3]<\/sup><\/a> <span lang=\"PT-BR\">A reinterpreta\u00e7\u00e3o escatol\u00f3gica do Novo Testamento do Melquisedeque b\u00edblico \u00e9 constru\u00edda em linhas semelhantes.<\/span><\/p>\n<p>&nbsp;<\/p>\n<p><a href=\"#_ftnref1\" name=\"_ftn1\">[1]<\/a> Hebreus 11:8.<\/p>\n<p><a href=\"#_ftnref2\" name=\"_ftn2\">[2]<\/a> Hebreus 11:9.<\/p>\n<p><a href=\"#_ftnref3\" name=\"_ftn3\">[3]<\/a> David Flusser, <em>Judaism and the origins of Christianity,<\/em> Jerusalem, 1988, p.192.<\/p>\n<p><em>Meus amigos, eTeacher oferece um curso maravilhoso onde voc\u00eas podem aprender os coment\u00e1rios do Por\u00e7\u00e3o Semanal da Tor\u00e1 junto com a interpreta\u00e7\u00e3o do Novo Testamento. Como sempre, podem estar em contato para mais informa\u00e7\u00e3o.<\/em><\/p>\n<p><em>Em muitos artigos\u00a0est\u00e3o\u00a0inclu\u00eddos trechos de meus livros. Tamb\u00e9m, meu \u00faltimo livro \u00abUnlocking the Scriptures\u00bb sobre as percep\u00e7\u00f5es Hebraicas da Tor\u00e1 e as percep\u00e7\u00f5es Judaicas do Novo Testamento\u00a0<\/em><em>j\u00e1 est\u00e1 publicado e est\u00e1 dispon\u00edvel na Amazon.\u00a0[Por o momento somente esta em Ingl\u00eas]:\u00a0<\/em><a href=\"https:\/\/www.amazon.com\/s?k=unlocking+the+scriptures+by+julia+blum&amp;crid=2IHYED6W7ZVYI&amp;sprefix=julia+blum+%2Caps%2C689&amp;ref=nb_sb_ss_i_4_11\"><em>https:\/\/www.amazon.com\/s?k=unlocking+the+scriptures+by+julia+blum&amp;crid=2IHYED6W7ZVYI&amp;sprefix=julia+blum+%2Caps%2C689&amp;ref=nb_sb_ss_i_4_11<\/em><\/a><\/p>\n<p>&nbsp;<\/p>\n","protected":false},"excerpt":{"rendered":"<p>&nbsp; Come\u00e7a a hist\u00f3ria redentora Se voc\u00eas seguem o ciclo de leitura da Tor\u00e1, voc\u00eas alguma vez j\u00e1 se surpreenderam no pensamento: \u00abOh, finalmente estamos em G\u00eanesis 12: estamos entrando na hist\u00f3ria real!\u00bb. Para mim, isso acontece todos os anos \u2014porque na verdade, quando entramos na Por\u00e7\u00e3o da Tor\u00e1 L\u00e9j-Lej\u00e1\u2014, um per\u00edodo inteiramente novo come\u00e7a! [&hellip;]<\/p>\n","protected":false},"author":45,"featured_media":13125,"comment_status":"closed","ping_status":"open","sticky":false,"template":"","format":"standard","meta":{"_acf_changed":false,"inline_featured_image":false,"footnotes":""},"categories":[395],"tags":[],"class_list":["post-13130","post","type-post","status-publish","format-standard","has-post-thumbnail","hentry","category-jewish-studies"],"acf":[],"yoast_head":"<!-- This site is optimized with the Yoast SEO plugin v26.5 - https:\/\/yoast.com\/wordpress\/plugins\/seo\/ -->\n<title>REFLEX\u00d5ES DO NOVO TESTAMENTO: L\u00c9J-LEJ\u00c1 - Israel Institute of Biblical Studies<\/title>\n<meta name=\"description\" content=\"&nbsp; Come\u00e7a a hist\u00f3ria redentora Se voc\u00eas seguem o ciclo de leitura da Tor\u00e1, voc\u00eas alguma vez j\u00e1 se surpreenderam no pensamento: \u00abOh, finalmente estamos\" \/>\n<meta name=\"robots\" content=\"index, follow, max-snippet:-1, max-image-preview:large, max-video-preview:-1\" \/>\n<link rel=\"canonical\" href=\"https:\/\/israelbiblicalstudies.com\/pt\/blog\/category\/jewish-studies\/reflexoes-do-novo-testamento-lej-leja\/\" \/>\n<meta property=\"og:locale\" content=\"pt_BR\" \/>\n<meta property=\"og:type\" content=\"article\" \/>\n<meta property=\"og:title\" content=\"REFLEX\u00d5ES DO NOVO TESTAMENTO: L\u00c9J-LEJ\u00c1 - Israel Institute of Biblical Studies\" \/>\n<meta property=\"og:description\" content=\"&nbsp; Come\u00e7a a hist\u00f3ria redentora Se voc\u00eas seguem o ciclo de leitura da Tor\u00e1, voc\u00eas alguma vez j\u00e1 se surpreenderam no pensamento: \u00abOh, finalmente estamos\" \/>\n<meta property=\"og:url\" content=\"https:\/\/israelbiblicalstudies.com\/pt\/blog\/category\/jewish-studies\/reflexoes-do-novo-testamento-lej-leja\/\" \/>\n<meta property=\"og:site_name\" content=\"Israel Institute of Biblical Studies\" \/>\n<meta property=\"article:published_time\" content=\"2019-11-07T14:01:56+00:00\" \/>\n<meta property=\"article:modified_time\" content=\"2025-08-13T11:38:34+00:00\" \/>\n<meta property=\"og:image\" content=\"https:\/\/israelbiblicalstudies.com\/wp-content\/uploads\/2019\/11\/shutterstock_5615320-2.png\" \/>\n\t<meta property=\"og:image:width\" content=\"1024\" \/>\n\t<meta property=\"og:image:height\" content=\"535\" \/>\n\t<meta property=\"og:image:type\" content=\"image\/png\" \/>\n<meta name=\"author\" content=\"Julia Blum\" \/>\n<meta name=\"twitter:card\" content=\"summary_large_image\" \/>\n<meta name=\"twitter:label1\" content=\"Escrito por\" \/>\n\t<meta name=\"twitter:data1\" content=\"Julia Blum\" \/>\n\t<meta name=\"twitter:label2\" content=\"Est. tempo de leitura\" \/>\n\t<meta name=\"twitter:data2\" content=\"7 minutos\" \/>\n<script type=\"application\/ld+json\" class=\"yoast-schema-graph\">{\"@context\":\"https:\/\/schema.org\",\"@graph\":[{\"@type\":\"Article\",\"@id\":\"https:\/\/israelbiblicalstudies.com\/pt\/blog\/category\/jewish-studies\/reflexoes-do-novo-testamento-lej-leja\/#article\",\"isPartOf\":{\"@id\":\"https:\/\/israelbiblicalstudies.com\/pt\/blog\/category\/jewish-studies\/reflexoes-do-novo-testamento-lej-leja\/\"},\"author\":{\"name\":\"Julia Blum\",\"@id\":\"https:\/\/israelbiblicalstudies.com\/pt\/#\/schema\/person\/470c9356fa72a497ecb801267dff4d15\"},\"headline\":\"REFLEX\u00d5ES DO NOVO TESTAMENTO: L\u00c9J-LEJ\u00c1\",\"datePublished\":\"2019-11-07T14:01:56+00:00\",\"dateModified\":\"2025-08-13T11:38:34+00:00\",\"mainEntityOfPage\":{\"@id\":\"https:\/\/israelbiblicalstudies.com\/pt\/blog\/category\/jewish-studies\/reflexoes-do-novo-testamento-lej-leja\/\"},\"wordCount\":1388,\"publisher\":{\"@id\":\"https:\/\/israelbiblicalstudies.com\/pt\/#organization\"},\"image\":{\"@id\":\"https:\/\/israelbiblicalstudies.com\/pt\/blog\/category\/jewish-studies\/reflexoes-do-novo-testamento-lej-leja\/#primaryimage\"},\"thumbnailUrl\":\"https:\/\/israelbiblicalstudies.com\/wp-content\/uploads\/2019\/11\/shutterstock_5615320-2.png\",\"articleSection\":[\"Estudos Judaicos\"],\"inLanguage\":\"pt-BR\"},{\"@type\":\"WebPage\",\"@id\":\"https:\/\/israelbiblicalstudies.com\/pt\/blog\/category\/jewish-studies\/reflexoes-do-novo-testamento-lej-leja\/\",\"url\":\"https:\/\/israelbiblicalstudies.com\/pt\/blog\/category\/jewish-studies\/reflexoes-do-novo-testamento-lej-leja\/\",\"name\":\"REFLEX\u00d5ES DO NOVO TESTAMENTO: L\u00c9J-LEJ\u00c1 - Israel Institute of Biblical Studies\",\"isPartOf\":{\"@id\":\"https:\/\/israelbiblicalstudies.com\/pt\/#website\"},\"primaryImageOfPage\":{\"@id\":\"https:\/\/israelbiblicalstudies.com\/pt\/blog\/category\/jewish-studies\/reflexoes-do-novo-testamento-lej-leja\/#primaryimage\"},\"image\":{\"@id\":\"https:\/\/israelbiblicalstudies.com\/pt\/blog\/category\/jewish-studies\/reflexoes-do-novo-testamento-lej-leja\/#primaryimage\"},\"thumbnailUrl\":\"https:\/\/israelbiblicalstudies.com\/wp-content\/uploads\/2019\/11\/shutterstock_5615320-2.png\",\"datePublished\":\"2019-11-07T14:01:56+00:00\",\"dateModified\":\"2025-08-13T11:38:34+00:00\",\"description\":\"&nbsp; Come\u00e7a a hist\u00f3ria redentora Se voc\u00eas seguem o ciclo de leitura da Tor\u00e1, voc\u00eas alguma vez j\u00e1 se surpreenderam no pensamento: \u00abOh, finalmente estamos\",\"breadcrumb\":{\"@id\":\"https:\/\/israelbiblicalstudies.com\/pt\/blog\/category\/jewish-studies\/reflexoes-do-novo-testamento-lej-leja\/#breadcrumb\"},\"inLanguage\":\"pt-BR\",\"potentialAction\":[{\"@type\":\"ReadAction\",\"target\":[\"https:\/\/israelbiblicalstudies.com\/pt\/blog\/category\/jewish-studies\/reflexoes-do-novo-testamento-lej-leja\/\"]}]},{\"@type\":\"ImageObject\",\"inLanguage\":\"pt-BR\",\"@id\":\"https:\/\/israelbiblicalstudies.com\/pt\/blog\/category\/jewish-studies\/reflexoes-do-novo-testamento-lej-leja\/#primaryimage\",\"url\":\"https:\/\/israelbiblicalstudies.com\/wp-content\/uploads\/2019\/11\/shutterstock_5615320-2.png\",\"contentUrl\":\"https:\/\/israelbiblicalstudies.com\/wp-content\/uploads\/2019\/11\/shutterstock_5615320-2.png\",\"width\":1024,\"height\":535},{\"@type\":\"BreadcrumbList\",\"@id\":\"https:\/\/israelbiblicalstudies.com\/pt\/blog\/category\/jewish-studies\/reflexoes-do-novo-testamento-lej-leja\/#breadcrumb\",\"itemListElement\":[{\"@type\":\"ListItem\",\"position\":1,\"name\":\"Home\",\"item\":\"https:\/\/israelbiblicalstudies.com\/pt\/\"},{\"@type\":\"ListItem\",\"position\":2,\"name\":\"Estudos Judaicos\",\"item\":\"https:\/\/israelbiblicalstudies.com\/pt\/blog\/category\/jewish-studies\/\"},{\"@type\":\"ListItem\",\"position\":3,\"name\":\"REFLEX\u00d5ES DO NOVO TESTAMENTO: L\u00c9J-LEJ\u00c1\"}]},{\"@type\":\"WebSite\",\"@id\":\"https:\/\/israelbiblicalstudies.com\/pt\/#website\",\"url\":\"https:\/\/israelbiblicalstudies.com\/pt\/\",\"name\":\"Israel Institute of Biblical Studies\",\"description\":\"Deepen Your Understanding of the Bible\",\"publisher\":{\"@id\":\"https:\/\/israelbiblicalstudies.com\/pt\/#organization\"},\"potentialAction\":[{\"@type\":\"SearchAction\",\"target\":{\"@type\":\"EntryPoint\",\"urlTemplate\":\"https:\/\/israelbiblicalstudies.com\/pt\/?s={search_term_string}\"},\"query-input\":{\"@type\":\"PropertyValueSpecification\",\"valueRequired\":true,\"valueName\":\"search_term_string\"}}],\"inLanguage\":\"pt-BR\"},{\"@type\":\"Organization\",\"@id\":\"https:\/\/israelbiblicalstudies.com\/pt\/#organization\",\"name\":\"Israel Biblical Studies\",\"url\":\"https:\/\/israelbiblicalstudies.com\/pt\/\",\"logo\":{\"@type\":\"ImageObject\",\"inLanguage\":\"pt-BR\",\"@id\":\"https:\/\/israelbiblicalstudies.com\/pt\/#\/schema\/logo\/image\/\",\"url\":\"https:\/\/israelbiblicalstudies.com\/wp-content\/uploads\/2016\/09\/logo-invert.png\",\"contentUrl\":\"https:\/\/israelbiblicalstudies.com\/wp-content\/uploads\/2016\/09\/logo-invert.png\",\"width\":152,\"height\":68,\"caption\":\"Israel Biblical Studies\"},\"image\":{\"@id\":\"https:\/\/israelbiblicalstudies.com\/pt\/#\/schema\/logo\/image\/\"}},{\"@type\":\"Person\",\"@id\":\"https:\/\/israelbiblicalstudies.com\/pt\/#\/schema\/person\/470c9356fa72a497ecb801267dff4d15\",\"name\":\"Julia Blum\",\"image\":{\"@type\":\"ImageObject\",\"inLanguage\":\"pt-BR\",\"@id\":\"https:\/\/israelbiblicalstudies.com\/pt\/#\/schema\/person\/image\/\",\"url\":\"https:\/\/secure.gravatar.com\/avatar\/bba81953dcf8395e3b4a73607c07e2f9d3e53c113398ce1fd48361f3f137b781?s=96&d=mm&r=g\",\"contentUrl\":\"https:\/\/secure.gravatar.com\/avatar\/bba81953dcf8395e3b4a73607c07e2f9d3e53c113398ce1fd48361f3f137b781?s=96&d=mm&r=g\",\"caption\":\"Julia Blum\"},\"description\":\"Julia is a teacher and an author of several books on biblical topics. She teaches two biblical courses at the Israel Institute of Biblical Studies, \u201cDiscovering the Hebrew Bible\u201d and \u201cJewish Background of the New Testament\u201d, and writes Hebrew insights for these courses.\",\"url\":\"https:\/\/israelbiblicalstudies.com\/pt\/blog\/author\/juliablum\/\"}]}<\/script>\n<!-- \/ Yoast SEO plugin. -->","yoast_head_json":{"title":"REFLEX\u00d5ES DO NOVO TESTAMENTO: L\u00c9J-LEJ\u00c1 - Israel Institute of Biblical Studies","description":"&nbsp; Come\u00e7a a hist\u00f3ria redentora Se voc\u00eas seguem o ciclo de leitura da Tor\u00e1, voc\u00eas alguma vez j\u00e1 se surpreenderam no pensamento: \u00abOh, finalmente estamos","robots":{"index":"index","follow":"follow","max-snippet":"max-snippet:-1","max-image-preview":"max-image-preview:large","max-video-preview":"max-video-preview:-1"},"canonical":"https:\/\/israelbiblicalstudies.com\/pt\/blog\/category\/jewish-studies\/reflexoes-do-novo-testamento-lej-leja\/","og_locale":"pt_BR","og_type":"article","og_title":"REFLEX\u00d5ES DO NOVO TESTAMENTO: L\u00c9J-LEJ\u00c1 - Israel Institute of Biblical Studies","og_description":"&nbsp; Come\u00e7a a hist\u00f3ria redentora Se voc\u00eas seguem o ciclo de leitura da Tor\u00e1, voc\u00eas alguma vez j\u00e1 se surpreenderam no pensamento: \u00abOh, finalmente estamos","og_url":"https:\/\/israelbiblicalstudies.com\/pt\/blog\/category\/jewish-studies\/reflexoes-do-novo-testamento-lej-leja\/","og_site_name":"Israel Institute of Biblical Studies","article_published_time":"2019-11-07T14:01:56+00:00","article_modified_time":"2025-08-13T11:38:34+00:00","og_image":[{"width":1024,"height":535,"url":"https:\/\/israelbiblicalstudies.com\/wp-content\/uploads\/2019\/11\/shutterstock_5615320-2.png","type":"image\/png"}],"author":"Julia Blum","twitter_card":"summary_large_image","twitter_misc":{"Escrito por":"Julia Blum","Est. tempo de leitura":"7 minutos"},"schema":{"@context":"https:\/\/schema.org","@graph":[{"@type":"Article","@id":"https:\/\/israelbiblicalstudies.com\/pt\/blog\/category\/jewish-studies\/reflexoes-do-novo-testamento-lej-leja\/#article","isPartOf":{"@id":"https:\/\/israelbiblicalstudies.com\/pt\/blog\/category\/jewish-studies\/reflexoes-do-novo-testamento-lej-leja\/"},"author":{"name":"Julia Blum","@id":"https:\/\/israelbiblicalstudies.com\/pt\/#\/schema\/person\/470c9356fa72a497ecb801267dff4d15"},"headline":"REFLEX\u00d5ES DO NOVO TESTAMENTO: L\u00c9J-LEJ\u00c1","datePublished":"2019-11-07T14:01:56+00:00","dateModified":"2025-08-13T11:38:34+00:00","mainEntityOfPage":{"@id":"https:\/\/israelbiblicalstudies.com\/pt\/blog\/category\/jewish-studies\/reflexoes-do-novo-testamento-lej-leja\/"},"wordCount":1388,"publisher":{"@id":"https:\/\/israelbiblicalstudies.com\/pt\/#organization"},"image":{"@id":"https:\/\/israelbiblicalstudies.com\/pt\/blog\/category\/jewish-studies\/reflexoes-do-novo-testamento-lej-leja\/#primaryimage"},"thumbnailUrl":"https:\/\/israelbiblicalstudies.com\/wp-content\/uploads\/2019\/11\/shutterstock_5615320-2.png","articleSection":["Estudos Judaicos"],"inLanguage":"pt-BR"},{"@type":"WebPage","@id":"https:\/\/israelbiblicalstudies.com\/pt\/blog\/category\/jewish-studies\/reflexoes-do-novo-testamento-lej-leja\/","url":"https:\/\/israelbiblicalstudies.com\/pt\/blog\/category\/jewish-studies\/reflexoes-do-novo-testamento-lej-leja\/","name":"REFLEX\u00d5ES DO NOVO TESTAMENTO: L\u00c9J-LEJ\u00c1 - Israel Institute of Biblical Studies","isPartOf":{"@id":"https:\/\/israelbiblicalstudies.com\/pt\/#website"},"primaryImageOfPage":{"@id":"https:\/\/israelbiblicalstudies.com\/pt\/blog\/category\/jewish-studies\/reflexoes-do-novo-testamento-lej-leja\/#primaryimage"},"image":{"@id":"https:\/\/israelbiblicalstudies.com\/pt\/blog\/category\/jewish-studies\/reflexoes-do-novo-testamento-lej-leja\/#primaryimage"},"thumbnailUrl":"https:\/\/israelbiblicalstudies.com\/wp-content\/uploads\/2019\/11\/shutterstock_5615320-2.png","datePublished":"2019-11-07T14:01:56+00:00","dateModified":"2025-08-13T11:38:34+00:00","description":"&nbsp; Come\u00e7a a hist\u00f3ria redentora Se voc\u00eas seguem o ciclo de leitura da Tor\u00e1, voc\u00eas alguma vez j\u00e1 se surpreenderam no pensamento: \u00abOh, finalmente estamos","breadcrumb":{"@id":"https:\/\/israelbiblicalstudies.com\/pt\/blog\/category\/jewish-studies\/reflexoes-do-novo-testamento-lej-leja\/#breadcrumb"},"inLanguage":"pt-BR","potentialAction":[{"@type":"ReadAction","target":["https:\/\/israelbiblicalstudies.com\/pt\/blog\/category\/jewish-studies\/reflexoes-do-novo-testamento-lej-leja\/"]}]},{"@type":"ImageObject","inLanguage":"pt-BR","@id":"https:\/\/israelbiblicalstudies.com\/pt\/blog\/category\/jewish-studies\/reflexoes-do-novo-testamento-lej-leja\/#primaryimage","url":"https:\/\/israelbiblicalstudies.com\/wp-content\/uploads\/2019\/11\/shutterstock_5615320-2.png","contentUrl":"https:\/\/israelbiblicalstudies.com\/wp-content\/uploads\/2019\/11\/shutterstock_5615320-2.png","width":1024,"height":535},{"@type":"BreadcrumbList","@id":"https:\/\/israelbiblicalstudies.com\/pt\/blog\/category\/jewish-studies\/reflexoes-do-novo-testamento-lej-leja\/#breadcrumb","itemListElement":[{"@type":"ListItem","position":1,"name":"Home","item":"https:\/\/israelbiblicalstudies.com\/pt\/"},{"@type":"ListItem","position":2,"name":"Estudos Judaicos","item":"https:\/\/israelbiblicalstudies.com\/pt\/blog\/category\/jewish-studies\/"},{"@type":"ListItem","position":3,"name":"REFLEX\u00d5ES DO NOVO TESTAMENTO: L\u00c9J-LEJ\u00c1"}]},{"@type":"WebSite","@id":"https:\/\/israelbiblicalstudies.com\/pt\/#website","url":"https:\/\/israelbiblicalstudies.com\/pt\/","name":"Israel Institute of Biblical Studies","description":"Deepen Your Understanding of the Bible","publisher":{"@id":"https:\/\/israelbiblicalstudies.com\/pt\/#organization"},"potentialAction":[{"@type":"SearchAction","target":{"@type":"EntryPoint","urlTemplate":"https:\/\/israelbiblicalstudies.com\/pt\/?s={search_term_string}"},"query-input":{"@type":"PropertyValueSpecification","valueRequired":true,"valueName":"search_term_string"}}],"inLanguage":"pt-BR"},{"@type":"Organization","@id":"https:\/\/israelbiblicalstudies.com\/pt\/#organization","name":"Israel Biblical Studies","url":"https:\/\/israelbiblicalstudies.com\/pt\/","logo":{"@type":"ImageObject","inLanguage":"pt-BR","@id":"https:\/\/israelbiblicalstudies.com\/pt\/#\/schema\/logo\/image\/","url":"https:\/\/israelbiblicalstudies.com\/wp-content\/uploads\/2016\/09\/logo-invert.png","contentUrl":"https:\/\/israelbiblicalstudies.com\/wp-content\/uploads\/2016\/09\/logo-invert.png","width":152,"height":68,"caption":"Israel Biblical Studies"},"image":{"@id":"https:\/\/israelbiblicalstudies.com\/pt\/#\/schema\/logo\/image\/"}},{"@type":"Person","@id":"https:\/\/israelbiblicalstudies.com\/pt\/#\/schema\/person\/470c9356fa72a497ecb801267dff4d15","name":"Julia Blum","image":{"@type":"ImageObject","inLanguage":"pt-BR","@id":"https:\/\/israelbiblicalstudies.com\/pt\/#\/schema\/person\/image\/","url":"https:\/\/secure.gravatar.com\/avatar\/bba81953dcf8395e3b4a73607c07e2f9d3e53c113398ce1fd48361f3f137b781?s=96&d=mm&r=g","contentUrl":"https:\/\/secure.gravatar.com\/avatar\/bba81953dcf8395e3b4a73607c07e2f9d3e53c113398ce1fd48361f3f137b781?s=96&d=mm&r=g","caption":"Julia Blum"},"description":"Julia is a teacher and an author of several books on biblical topics. She teaches two biblical courses at the Israel Institute of Biblical Studies, \u201cDiscovering the Hebrew Bible\u201d and \u201cJewish Background of the New Testament\u201d, and writes Hebrew insights for these courses.","url":"https:\/\/israelbiblicalstudies.com\/pt\/blog\/author\/juliablum\/"}]}},"_links":{"self":[{"href":"https:\/\/israelbiblicalstudies.com\/pt\/wp-json\/wp\/v2\/posts\/13130","targetHints":{"allow":["GET"]}}],"collection":[{"href":"https:\/\/israelbiblicalstudies.com\/pt\/wp-json\/wp\/v2\/posts"}],"about":[{"href":"https:\/\/israelbiblicalstudies.com\/pt\/wp-json\/wp\/v2\/types\/post"}],"author":[{"embeddable":true,"href":"https:\/\/israelbiblicalstudies.com\/pt\/wp-json\/wp\/v2\/users\/45"}],"replies":[{"embeddable":true,"href":"https:\/\/israelbiblicalstudies.com\/pt\/wp-json\/wp\/v2\/comments?post=13130"}],"version-history":[{"count":0,"href":"https:\/\/israelbiblicalstudies.com\/pt\/wp-json\/wp\/v2\/posts\/13130\/revisions"}],"wp:featuredmedia":[{"embeddable":true,"href":"https:\/\/israelbiblicalstudies.com\/pt\/wp-json\/wp\/v2\/media\/13125"}],"wp:attachment":[{"href":"https:\/\/israelbiblicalstudies.com\/pt\/wp-json\/wp\/v2\/media?parent=13130"}],"wp:term":[{"taxonomy":"category","embeddable":true,"href":"https:\/\/israelbiblicalstudies.com\/pt\/wp-json\/wp\/v2\/categories?post=13130"},{"taxonomy":"post_tag","embeddable":true,"href":"https:\/\/israelbiblicalstudies.com\/pt\/wp-json\/wp\/v2\/tags?post=13130"}],"curies":[{"name":"wp","href":"https:\/\/api.w.org\/{rel}","templated":true}]}}