{"id":13456,"date":"2020-07-02T11:47:32","date_gmt":"2020-07-02T08:47:32","guid":{"rendered":"https:\/\/iibsblogsstg.wpenginepowered.com\/?p=13456"},"modified":"2025-08-13T11:38:26","modified_gmt":"2025-08-13T11:38:26","slug":"exercicios-de-comparacao-5-jaco-ida-e-volta","status":"publish","type":"post","link":"https:\/\/israelbiblicalstudies.com\/pt\/blog\/category\/jewish-studies\/exercicios-de-comparacao-5-jaco-ida-e-volta\/","title":{"rendered":"Exerc\u00edcios de Compara\u00e7\u00e3o (5): Jac\u00f3 \u2013 Ida e Volta"},"content":{"rendered":"<p>Nosso \u00faltimo cap\u00edtulo (por enquanto) desta s\u00e9rie \u00e9 retirado da vida de Jac\u00f3, o patriarca.\u00a0Ao comparar seu caminho de volta \u00e0 terra de Israel com sua jornada para fora da terra de Israel 20 anos antes, descobriremos os detalhes surpreendentes \u2014e as verdades espirituais ainda mais surpreendentes que esses detalhes apontam\u2014.<\/p>\n<p><strong>Dois encontros\u00a0<\/strong><\/p>\n<p><span style=\"font-weight: 400\">Come\u00e7aremos nossa compara\u00e7\u00e3o a partir do final.\u00a0Ap\u00f3s o incr\u00edvel encontro com seu irm\u00e3o \u2014um encontro que foi muito melhor do que todos esperavam\u2014 Jac\u00f3 disse algumas palavras estranhas, dizendo que, para ele, ver a face de Esa\u00fa era \u00ab<em>como ver a face de Deus<\/em>: \u05b8<em>\u05d0\u05b4\u05d9\u05ea\u05b4\u05d9 \u05e4\u05b8\u05e0\u05b6\u05d9\u05da\u05b8 \u05db\u05b4\u05bc\u05e8\u05b0\u05d0\u05b9\u05ea \u05e4\u05b0\u05bc\u05e0\u05b5\u05d9 \u05d0\u05b1\u05dc\u05b9\u05d4\u05b4\u05d9\u05dd<\/em>\u00bb.\u00a0<\/span>Essa frase vem no final do encontro deles, quando o perigo claramente acaba e deixa o leitor confuso e perplexo.\u00a0Por que Jac\u00f3 diria isso?\u00a0\u00c9 pura bajula\u00e7\u00e3o, ou h\u00e1 mais do que isso?<\/p>\n<p><span style=\"font-weight: 400\">Em Portugu\u00eas, essas palavras s\u00e3o inesperadas.\u00a0No entanto, em Hebraico, a ideia de\u00a0<i>pan\u00edm<\/i>\u00a0\u00a0(\u00abface\u00bb) \u00e9 certamente um dos principais motivos de toda a narrativa do retorno de Jac\u00f3 \u00e0 terra.\u00a0A raiz \u05e4\u05b8\u05bc\u05e0\u05b4\u05d9\u05dd\u00a0<\/span><span style=\"font-weight: 400\">(<\/span><i><span style=\"font-weight: 400\">pan\u00edm<\/span><\/i><span style=\"font-weight: 400\">),\u00a0<\/span><span style=\"font-weight: 400\">e as palavras derivadas dessa raiz ocorrem muitas vezes nos vers\u00edculos Hebraicos que precedem o encontro dos dois irm\u00e3os (<\/span><span style=\"font-weight: 400\"><a href=\"https:\/\/biblia.com\/bible\/esv\/Gen.32.17-21\" target=\"_blank\" rel=\"noopener noreferrer\">G\u00eanesis 32:17-21<\/a>).\u00a0Para entender a diferen\u00e7a entre os textos em Hebraico e Portugu\u00eas, vamos ler, por exemplo,\u00a0<a href=\"https:\/\/biblia.com\/bible\/esv\/Gen%2032.20\" target=\"_blank\" rel=\"noopener noreferrer\">G\u00eanesis 32:20<\/a><\/span><span style=\"font-weight: 400\">: <\/span><span style=\"font-weight: 400\">\u00ab<\/span><i><span style=\"font-weight: 400\">&#8230;Pois ele pensou: \u201cEu o aplacarei com o presente que me antecede, depois o verei; porventura me aceitar\u00e1 a presen\u00e7a\u201d<\/span><\/i><span style=\"font-weight: 400\">\u00bb<\/span><i><span style=\"font-weight: 400\">. <\/span><\/i><span style=\"font-weight: 400\">A palavra \u00abface\u00bb n\u00e3o \u00e9 usada nem uma vez nesta tradu\u00e7\u00e3o (nem em muitas outras), enquanto em Hebraico, somente neste vers\u00edculo, a palavra\u00a0\u00a0pan\u00edm\u00a0\u00a0ocorre quatro vezes.\u00a0Isso constr\u00f3i um caso e nos prepara para o nome,\u00a0<\/span><span style=\"font-weight: 400\">Peniel\u00a0<\/span><span style=\"font-weight: 400\">(\u05e4\u05b0\u05bc\u05e0\u05b4\u05d9\u05d0\u05b5\u05dc) \u2014\u00abface de Deus\u00bb\u2014 o lugar do encontro de Jac\u00f3 na luta com Deus.\u00a0Foi l\u00e1, em Peniel, que Jac\u00f3 viu Deus \u00abface a face\u00bb (da\u00ed o nome do lugar);\u00a0foi l\u00e1, em Peniel, que n\u00e3o s\u00f3 o nome de Jac\u00f3 mudou, mas tamb\u00e9m seu cora\u00e7\u00e3o.\u00a0\u00a0\u00a0<\/span><\/p>\n<p><span style=\"font-weight: 400\">Mas h\u00e1 algo mais que pode ser visto na hist\u00f3ria de Jac\u00f3 quando lida em Hebraico.\u00a0Vamos voltar a G\u00eanesis 28: \u00abA escada de Jac\u00f3\u00bb \u2014o sonho de Jac\u00f3 no caminho de Berseba para Har\u00e3\u2014. \u00a0Quando este cap\u00edtulo \u00e9 lido em Hebraico, descobrimos que quase quantas vezes a palavra \u00abface\u00bb ocorre no cap\u00edtulo 33, o termo \u05de\u05b8\u05e7\u05d5\u05b9\u05dd\u00a0<\/span>(<em>mak\u00f3m<\/em>)\u00a0\u00ablugar\u00bb ocorre aqui, no cap\u00edtulo 28. Lembrem-se, aqui Jac\u00f3 est\u00e1 prestes a sair a terra a caminho do ex\u00edlio.\u00a0Seu encontro com Deus no sonho provavelmente aconteceu durante sua \u00faltima noite na terra, e at\u00e9 onde sabemos, foi a primeira vez que Deus falou com ele pessoalmente.\u00a0Quando Jac\u00f3 acordou de seu sono, ele pensou: \u00ab<em>Na verdade o Senhor est\u00e1 <strong>neste lugar<\/strong>; e eu n\u00e3o o sabia. E temendo, disse: \u201cQu\u00e3o tem\u00edvel \u00e9 <strong>esse lugar<\/strong>. \u00c9 a casa de Deus, a porta dos c\u00e9us&#8221;<\/em>\u00bb. Ent\u00e3o, vemos claramente que, naquele ponto, esse encontro de mudan\u00e7a de vida e todo o novo conceito de Deus de Jac\u00f3 estavam muito conectados a\u00a0\u00abesse lugar\u00bb<em>.<\/em><\/p>\n<p>Esses dois encontros com Deus \u2014quando Jac\u00f3 est\u00e1 deixando a terra e quando ele volta\u2014formam um <em>inclusio<\/em>\u00a0liter\u00e1rio peculiar: tudo o que acontece com ele no ex\u00edlio acontece entre esses dois encontros.\u00a0No entanto, n\u00e3o \u00e9 apenas uma linha reta entre eles: dentro desses \u00abcolchetes\u00bb divinos, vemos uma linda progress\u00e3o que n\u00e3o queremos perder \u2014a progress\u00e3o da f\u00e9 de Jac\u00f3;\u00a0a progress\u00e3o de seu conhecimento de Deus;\u00a0a progress\u00e3o da revela\u00e7\u00e3o\u2014:\u00a0<strong>do\u00a0<\/strong><strong>\u00ab<\/strong><strong>lugar<\/strong><strong>\u00bb<\/strong><strong>\u00a0de Deus para a\u00a0<\/strong><strong>\u00ab<\/strong><strong>face<\/strong><strong>\u00bb<\/strong><strong>\u00a0de Deus<\/strong>.<\/p>\n<p><strong>Dois s\u00f3is<\/strong><\/p>\n<p>Vinte anos se passaram desde que Jac\u00f3 enganou seu irm\u00e3o Esa\u00fa e teve que fugir de sua ira.\u00a0Por vinte anos ele ficou fora da terra.\u00a0Chegou a hora de ir para casa.\u00a0Enquanto Jac\u00f3 se prepara para encontrar Esa\u00fa, ele encontra Deus. Um homem misterioso (<em>\u00edsh<\/em>) luta com ele durante toda a noite e Jac\u00f3 se torna Israel.\u00a0Ent\u00e3o lemos: \u00ab<em>O sol nasceu sobre ele quando ele passou por Peniel<\/em>\u00bb. Por que a Tor\u00e1 acha necess\u00e1rio nos informar sobre o sol nascente?<\/p>\n<p>O encontro de Peniel acontece durante a \u00faltima noite de Jac\u00f3 fora da terra.\u00a0Se recordarmos o encontro de Jac\u00f3 com Deus durante sua \u00faltima noite\u00a0\u00abna\u00bb terra, chegaremos ao mesmo sonho da \u00abescada de Jac\u00f3\u00bb de que acabamos de falar.\u00a0Antes deste sonho, lemos: \u00ab<em>E ele chegou a um determinado lugar e ficou l\u00e1 naquela noite, porque o sol havia se posto<\/em>\u00bb.<\/p>\n<p>Voc\u00eas veem a beleza dessa narrativa?\u00a0O p\u00f4r do sol no in\u00edcio da jornada de Jac\u00f3 e o nascer no final parecem agrupar toda a sua jornada.\u00a0A mensagem da Tor\u00e1 \u00e9 muito clara: o sol se p\u00f4s quando Jac\u00f3 estava deixando a terra \u2014e na pr\u00f3xima vez que o sol \u00e9 mencionado, ele se levanta sobre Jac\u00f3 em Peniel\u2014.\u00a0O sol nasceu sobre ele quando ele estava prestes a entrar novamente na terra.\u00a0Seus vinte anos inteiros de ex\u00edlio est\u00e3o entre esse p\u00f4r do sol e o nascer do sol \u2014toda essa jornada deve ser entendida como uma longa noite de ex\u00edlio\u2014.<\/p>\n<p>Devemos lembrar que o primeiro p\u00fablico do livro de G\u00eanesis foi a gera\u00e7\u00e3o do \u00caxodo.\u00a0Sem d\u00favida, essa mensagem da \u00abnoite do ex\u00edlio\u00bb teria falado poderosa e fortemente aos seus cora\u00e7\u00f5es.\u00a0Como Jac\u00f3, eles tamb\u00e9m passaram por uma longa noite de ex\u00edlio \u2014mas o sol finalmente apareceu sobre eles, porque, como Jac\u00f3, eles voltaram para a terra\u2014.<\/p>\n<p><strong>Dois filhos\u00a0<\/strong><\/p>\n<p>Em G\u00eanesis 33, testemunhamos a bela cena da reconcilia\u00e7\u00e3o entre Jac\u00f3 e Esa\u00fa.\u00a0Esa\u00fa, que estava acompanhado por 400 homens armados, obviamente n\u00e3o tinha inten\u00e7\u00f5es pac\u00edficas.\u00a0Tudo mudou repentinamente, no entanto, durante esse encontro incr\u00edvel: ambos choraram e se beijaram e se reconciliaram. Ent\u00e3o, eles come\u00e7aram a conversar um com o outro.\u00a0Em Portugu\u00eas, a diferen\u00e7a em seu discurso pode n\u00e3o ser distinta \u2014no entanto, compar\u00e1-los em Hebraico pode nos ensinar muito sobre seus respectivos caracteres\u2014.<\/p>\n<p>Desde o primeiro momento da comunica\u00e7\u00e3o deles, vemos uma diferen\u00e7a dram\u00e1tica na fala deles \u2014em rela\u00e7\u00e3o ao conte\u00fado e ao estilo\u2014.\u00a0As frases de Esa\u00fa s\u00e3o curtas e grossas, e quando ele diz:<i> \u00abEu tenho muito, meu irm\u00e3o (\u05d0\u05d7\u05d9)<\/i>\u00bb \u2013\u00a0mesmo que eles\u00a0<em>sejam<\/em>\u00a0irm\u00e3os de verdade, em Hebraico soa como um apelo muito familiar e informal.\u00a0Ent\u00e3o, quando chegamos \u00e0 resposta de Jac\u00f3, ouvimos um discurso completamente diferente, refinado e educado, com uma atitude muito diferente.<\/p>\n<p><span style=\"font-weight: 400\">Um dos detalhes mais not\u00e1veis \u200b\u200bdo discurso de Jac\u00f3 \u00e9 uma part\u00edcula \u00abna\u00bb (\u05e0\u05d0), repetida duas vezes\u00a0e completamente perdida na tradu\u00e7\u00e3o \u2014o sinal de um discurso muito educado e formal\u2014.\u00a0Tamb\u00e9m notamos Deus mencionado em todas as suas frases, enquanto Esa\u00fa n\u00e3o menciona Deus.\u00a0Al\u00e9m disso, suas atitudes s\u00e3o completamente diferentes.\u00a0Enquanto Esa\u00fa diz\u00a0\u00ab<i>eu tenho muitos bens<\/i><i>\u00a0<\/i><em>(\u05d9\u05b6\u05e9\u05c1\u05be\u05dc\u05b4\u05d9 \u05e8\u05b8\u05d1)<\/em>\u00bb; Jac\u00f3 declara\u00a0\u00ab<i>eu tenho todo\u00a0<\/i><\/span><em><span style=\"font-weight: 400\">(\u05d9\u05b6\u05e9\u05c1\u05be\u05dc\u05b4\u05d9\u05be\u05db\u05b9\u05dc<\/span>)<\/em>\u00bb;\u00a0Esa\u00fa fala de riqueza;\u00a0Jac\u00f3 fala de sufici\u00eancia.\u00a0\u00c9 por isso que\u00a0a <em>Midr\u00e1sh<\/em> diz que \u00ab<em>no momento em que Isaque ouviu seu filho mencionar o nome de Deus, ele sabia que era Jac\u00f3 e n\u00e3o Esa\u00fa<\/em>\u00bb.\u00a0\u00c9 precisamente a essa diferen\u00e7a no estilo de falar que Isaque se referiu quando disse: \u00ab<em>A voz \u00e9 a voz de Jac\u00f3 e as m\u00e3os s\u00e3o as m\u00e3os de Esa\u00fa<\/em>\u00bb. Obviamente, em Hebraico, essa diferen\u00e7a \u00e9 quase perdida na tradu\u00e7\u00e3o, mas \u00e9 muito importante entender, para realmente entender a hist\u00f3ria da \u00abb\u00ean\u00e7\u00e3o roubada\u00bb.<\/p>\n<p><em><i>Os conhecimentos que voc\u00eas leem nestas p\u00e1ginas s\u00e3o t\u00edpicos do que compartilhamos com nossos alunos durante as aulas DHB (Discovering\u00a0the Hebrew Bible\/Descobrindo a B\u00edblia Hebraica) ou WTP (Weekly Torah Portion\/Por\u00e7\u00e3o Semanal da Tor\u00e1).\u00a0Se esses artigos despertam o seu interesse por descobrir os tesouros escondidos da B\u00edblia Hebraica ou por estudar em profundidade a Parash\u00e1t Shav\u00faa, juntamente com os conhecimentos do Novo Testamento<\/i>,\u00a0\u00a0<i>ficaria feliz em fornecer mais informa\u00e7\u00f5es (e tamb\u00e9m descontos de professor para os novos alunos) em rela\u00e7\u00e3o aos cursos da eTeacher<\/i><\/em><a href=\"#_ftn1\" name=\"_ftnref1\"><em><strong>[1]<\/strong><\/em><\/a> (<a href=\"mailto:juliab@eteachergroup.com\">juliab@eteachergroup.com<\/a>).<\/p>\n<p><i>Se voc\u00eas gostam dos artigos deste blog, tamb\u00e9m pode gostar dos meus livros, podem obt\u00ea-los aq<\/i><em>ui:\u00a0<a href=\"https:\/\/www.amazon.com\/Julia-Blum\/e\/B00LUY0JN8?ref_=dbs_p_ebk_r00_abau_000000\">https:\/\/www.amazon.com\/Julia-Blum\/e\/B00LUY0JN8?ref_=dbs_p_ebk_r00_abau_000000<\/a>.<\/em><\/p>\n<p><em>Ou na minha p\u00e1gina deste blog: \u00a0<\/em><a href=\"https:\/\/israelbiblicalstudies.com\/blog\/author\/juliablum\/%C2%A0%C2%A0\">https:\/\/israelbiblicalstudies.com\/blog\/author\/juliablum\/\u00a0\u00a0<\/a>.<\/p>\n<p><a href=\"#_ftnref1\" name=\"_ftn1\">[1]<\/a> No momento, oferecemos o curso WTP somente em Ingl\u00eas, enquanto o curso DHB existe tanto em Espanhol quanto em Portugu\u00eas.<\/p>\n","protected":false},"excerpt":{"rendered":"<p>Nosso \u00faltimo cap\u00edtulo (por enquanto) desta s\u00e9rie \u00e9 retirado da vida de Jac\u00f3, o patriarca.\u00a0Ao comparar seu caminho de volta \u00e0 terra de Israel com sua jornada para fora da terra de Israel 20 anos antes, descobriremos os detalhes surpreendentes \u2014e as verdades espirituais ainda mais surpreendentes que esses detalhes apontam\u2014. Dois encontros\u00a0 Come\u00e7aremos nossa [&hellip;]<\/p>\n","protected":false},"author":45,"featured_media":13452,"comment_status":"closed","ping_status":"open","sticky":false,"template":"","format":"standard","meta":{"_acf_changed":false,"inline_featured_image":false,"footnotes":""},"categories":[395],"tags":[],"class_list":["post-13456","post","type-post","status-publish","format-standard","has-post-thumbnail","hentry","category-jewish-studies"],"acf":[],"yoast_head":"<!-- This site is optimized with the Yoast SEO plugin v26.5 - https:\/\/yoast.com\/wordpress\/plugins\/seo\/ -->\n<title>Exerc\u00edcios de Compara\u00e7\u00e3o (5): Jac\u00f3 \u2013 Ida e Volta - Israel Institute of Biblical Studies<\/title>\n<meta name=\"description\" content=\"Nosso \u00faltimo cap\u00edtulo (por enquanto) desta s\u00e9rie \u00e9 retirado da vida de Jac\u00f3, o patriarca.\u00a0Ao comparar seu caminho de volta \u00e0 terra de Israel com sua\" \/>\n<meta name=\"robots\" content=\"index, follow, max-snippet:-1, max-image-preview:large, max-video-preview:-1\" \/>\n<link rel=\"canonical\" href=\"https:\/\/israelbiblicalstudies.com\/pt\/blog\/category\/jewish-studies\/exercicios-de-comparacao-5-jaco-ida-e-volta\/\" \/>\n<meta property=\"og:locale\" content=\"pt_BR\" \/>\n<meta property=\"og:type\" content=\"article\" \/>\n<meta property=\"og:title\" content=\"Exerc\u00edcios de Compara\u00e7\u00e3o (5): Jac\u00f3 \u2013 Ida e Volta - Israel Institute of Biblical Studies\" \/>\n<meta property=\"og:description\" content=\"Nosso \u00faltimo cap\u00edtulo (por enquanto) desta s\u00e9rie \u00e9 retirado da vida de Jac\u00f3, o patriarca.\u00a0Ao comparar seu caminho de volta \u00e0 terra de Israel com sua\" \/>\n<meta property=\"og:url\" content=\"https:\/\/israelbiblicalstudies.com\/pt\/blog\/category\/jewish-studies\/exercicios-de-comparacao-5-jaco-ida-e-volta\/\" \/>\n<meta property=\"og:site_name\" content=\"Israel Institute of Biblical Studies\" \/>\n<meta property=\"article:published_time\" content=\"2020-07-02T08:47:32+00:00\" \/>\n<meta property=\"article:modified_time\" content=\"2025-08-13T11:38:26+00:00\" \/>\n<meta property=\"og:image\" content=\"https:\/\/israelbiblicalstudies.com\/wp-content\/uploads\/2020\/07\/shutterstock_452827369-1.jpg\" \/>\n\t<meta property=\"og:image:width\" content=\"1000\" \/>\n\t<meta property=\"og:image:height\" content=\"824\" \/>\n\t<meta property=\"og:image:type\" content=\"image\/jpeg\" \/>\n<meta name=\"author\" content=\"Julia Blum\" \/>\n<meta name=\"twitter:card\" content=\"summary_large_image\" \/>\n<meta name=\"twitter:label1\" content=\"Escrito por\" \/>\n\t<meta name=\"twitter:data1\" content=\"Julia Blum\" \/>\n\t<meta name=\"twitter:label2\" content=\"Est. tempo de leitura\" \/>\n\t<meta name=\"twitter:data2\" content=\"7 minutos\" \/>\n<script type=\"application\/ld+json\" class=\"yoast-schema-graph\">{\"@context\":\"https:\/\/schema.org\",\"@graph\":[{\"@type\":\"Article\",\"@id\":\"https:\/\/israelbiblicalstudies.com\/pt\/blog\/category\/jewish-studies\/exercicios-de-comparacao-5-jaco-ida-e-volta\/#article\",\"isPartOf\":{\"@id\":\"https:\/\/israelbiblicalstudies.com\/pt\/blog\/category\/jewish-studies\/exercicios-de-comparacao-5-jaco-ida-e-volta\/\"},\"author\":{\"name\":\"Julia Blum\",\"@id\":\"https:\/\/israelbiblicalstudies.com\/pt\/#\/schema\/person\/470c9356fa72a497ecb801267dff4d15\"},\"headline\":\"Exerc\u00edcios de Compara\u00e7\u00e3o (5): Jac\u00f3 \u2013 Ida e Volta\",\"datePublished\":\"2020-07-02T08:47:32+00:00\",\"dateModified\":\"2025-08-13T11:38:26+00:00\",\"mainEntityOfPage\":{\"@id\":\"https:\/\/israelbiblicalstudies.com\/pt\/blog\/category\/jewish-studies\/exercicios-de-comparacao-5-jaco-ida-e-volta\/\"},\"wordCount\":1436,\"publisher\":{\"@id\":\"https:\/\/israelbiblicalstudies.com\/pt\/#organization\"},\"image\":{\"@id\":\"https:\/\/israelbiblicalstudies.com\/pt\/blog\/category\/jewish-studies\/exercicios-de-comparacao-5-jaco-ida-e-volta\/#primaryimage\"},\"thumbnailUrl\":\"https:\/\/israelbiblicalstudies.com\/wp-content\/uploads\/2020\/07\/shutterstock_452827369-1.jpg\",\"articleSection\":[\"Estudos Judaicos\"],\"inLanguage\":\"pt-BR\"},{\"@type\":\"WebPage\",\"@id\":\"https:\/\/israelbiblicalstudies.com\/pt\/blog\/category\/jewish-studies\/exercicios-de-comparacao-5-jaco-ida-e-volta\/\",\"url\":\"https:\/\/israelbiblicalstudies.com\/pt\/blog\/category\/jewish-studies\/exercicios-de-comparacao-5-jaco-ida-e-volta\/\",\"name\":\"Exerc\u00edcios de Compara\u00e7\u00e3o (5): Jac\u00f3 \u2013 Ida e Volta - Israel Institute of Biblical Studies\",\"isPartOf\":{\"@id\":\"https:\/\/israelbiblicalstudies.com\/pt\/#website\"},\"primaryImageOfPage\":{\"@id\":\"https:\/\/israelbiblicalstudies.com\/pt\/blog\/category\/jewish-studies\/exercicios-de-comparacao-5-jaco-ida-e-volta\/#primaryimage\"},\"image\":{\"@id\":\"https:\/\/israelbiblicalstudies.com\/pt\/blog\/category\/jewish-studies\/exercicios-de-comparacao-5-jaco-ida-e-volta\/#primaryimage\"},\"thumbnailUrl\":\"https:\/\/israelbiblicalstudies.com\/wp-content\/uploads\/2020\/07\/shutterstock_452827369-1.jpg\",\"datePublished\":\"2020-07-02T08:47:32+00:00\",\"dateModified\":\"2025-08-13T11:38:26+00:00\",\"description\":\"Nosso \u00faltimo cap\u00edtulo (por enquanto) desta s\u00e9rie \u00e9 retirado da vida de Jac\u00f3, o patriarca.\u00a0Ao comparar seu caminho de volta \u00e0 terra de Israel com sua\",\"breadcrumb\":{\"@id\":\"https:\/\/israelbiblicalstudies.com\/pt\/blog\/category\/jewish-studies\/exercicios-de-comparacao-5-jaco-ida-e-volta\/#breadcrumb\"},\"inLanguage\":\"pt-BR\",\"potentialAction\":[{\"@type\":\"ReadAction\",\"target\":[\"https:\/\/israelbiblicalstudies.com\/pt\/blog\/category\/jewish-studies\/exercicios-de-comparacao-5-jaco-ida-e-volta\/\"]}]},{\"@type\":\"ImageObject\",\"inLanguage\":\"pt-BR\",\"@id\":\"https:\/\/israelbiblicalstudies.com\/pt\/blog\/category\/jewish-studies\/exercicios-de-comparacao-5-jaco-ida-e-volta\/#primaryimage\",\"url\":\"https:\/\/israelbiblicalstudies.com\/wp-content\/uploads\/2020\/07\/shutterstock_452827369-1.jpg\",\"contentUrl\":\"https:\/\/israelbiblicalstudies.com\/wp-content\/uploads\/2020\/07\/shutterstock_452827369-1.jpg\",\"width\":1000,\"height\":824},{\"@type\":\"BreadcrumbList\",\"@id\":\"https:\/\/israelbiblicalstudies.com\/pt\/blog\/category\/jewish-studies\/exercicios-de-comparacao-5-jaco-ida-e-volta\/#breadcrumb\",\"itemListElement\":[{\"@type\":\"ListItem\",\"position\":1,\"name\":\"Home\",\"item\":\"https:\/\/israelbiblicalstudies.com\/pt\/\"},{\"@type\":\"ListItem\",\"position\":2,\"name\":\"Estudos Judaicos\",\"item\":\"https:\/\/israelbiblicalstudies.com\/pt\/blog\/category\/jewish-studies\/\"},{\"@type\":\"ListItem\",\"position\":3,\"name\":\"Exerc\u00edcios de Compara\u00e7\u00e3o (5): Jac\u00f3 \u2013 Ida e Volta\"}]},{\"@type\":\"WebSite\",\"@id\":\"https:\/\/israelbiblicalstudies.com\/pt\/#website\",\"url\":\"https:\/\/israelbiblicalstudies.com\/pt\/\",\"name\":\"Israel Institute of Biblical Studies\",\"description\":\"Deepen Your Understanding of the Bible\",\"publisher\":{\"@id\":\"https:\/\/israelbiblicalstudies.com\/pt\/#organization\"},\"potentialAction\":[{\"@type\":\"SearchAction\",\"target\":{\"@type\":\"EntryPoint\",\"urlTemplate\":\"https:\/\/israelbiblicalstudies.com\/pt\/?s={search_term_string}\"},\"query-input\":{\"@type\":\"PropertyValueSpecification\",\"valueRequired\":true,\"valueName\":\"search_term_string\"}}],\"inLanguage\":\"pt-BR\"},{\"@type\":\"Organization\",\"@id\":\"https:\/\/israelbiblicalstudies.com\/pt\/#organization\",\"name\":\"Israel Biblical Studies\",\"url\":\"https:\/\/israelbiblicalstudies.com\/pt\/\",\"logo\":{\"@type\":\"ImageObject\",\"inLanguage\":\"pt-BR\",\"@id\":\"https:\/\/israelbiblicalstudies.com\/pt\/#\/schema\/logo\/image\/\",\"url\":\"https:\/\/israelbiblicalstudies.com\/wp-content\/uploads\/2016\/09\/logo-invert.png\",\"contentUrl\":\"https:\/\/israelbiblicalstudies.com\/wp-content\/uploads\/2016\/09\/logo-invert.png\",\"width\":152,\"height\":68,\"caption\":\"Israel Biblical Studies\"},\"image\":{\"@id\":\"https:\/\/israelbiblicalstudies.com\/pt\/#\/schema\/logo\/image\/\"}},{\"@type\":\"Person\",\"@id\":\"https:\/\/israelbiblicalstudies.com\/pt\/#\/schema\/person\/470c9356fa72a497ecb801267dff4d15\",\"name\":\"Julia Blum\",\"image\":{\"@type\":\"ImageObject\",\"inLanguage\":\"pt-BR\",\"@id\":\"https:\/\/israelbiblicalstudies.com\/pt\/#\/schema\/person\/image\/\",\"url\":\"https:\/\/secure.gravatar.com\/avatar\/bba81953dcf8395e3b4a73607c07e2f9d3e53c113398ce1fd48361f3f137b781?s=96&d=mm&r=g\",\"contentUrl\":\"https:\/\/secure.gravatar.com\/avatar\/bba81953dcf8395e3b4a73607c07e2f9d3e53c113398ce1fd48361f3f137b781?s=96&d=mm&r=g\",\"caption\":\"Julia Blum\"},\"description\":\"Julia is a teacher and an author of several books on biblical topics. She teaches two biblical courses at the Israel Institute of Biblical Studies, \u201cDiscovering the Hebrew Bible\u201d and \u201cJewish Background of the New Testament\u201d, and writes Hebrew insights for these courses.\",\"url\":\"https:\/\/israelbiblicalstudies.com\/pt\/blog\/author\/juliablum\/\"}]}<\/script>\n<!-- \/ Yoast SEO plugin. -->","yoast_head_json":{"title":"Exerc\u00edcios de Compara\u00e7\u00e3o (5): Jac\u00f3 \u2013 Ida e Volta - Israel Institute of Biblical Studies","description":"Nosso \u00faltimo cap\u00edtulo (por enquanto) desta s\u00e9rie \u00e9 retirado da vida de Jac\u00f3, o patriarca.\u00a0Ao comparar seu caminho de volta \u00e0 terra de Israel com sua","robots":{"index":"index","follow":"follow","max-snippet":"max-snippet:-1","max-image-preview":"max-image-preview:large","max-video-preview":"max-video-preview:-1"},"canonical":"https:\/\/israelbiblicalstudies.com\/pt\/blog\/category\/jewish-studies\/exercicios-de-comparacao-5-jaco-ida-e-volta\/","og_locale":"pt_BR","og_type":"article","og_title":"Exerc\u00edcios de Compara\u00e7\u00e3o (5): Jac\u00f3 \u2013 Ida e Volta - Israel Institute of Biblical Studies","og_description":"Nosso \u00faltimo cap\u00edtulo (por enquanto) desta s\u00e9rie \u00e9 retirado da vida de Jac\u00f3, o patriarca.\u00a0Ao comparar seu caminho de volta \u00e0 terra de Israel com sua","og_url":"https:\/\/israelbiblicalstudies.com\/pt\/blog\/category\/jewish-studies\/exercicios-de-comparacao-5-jaco-ida-e-volta\/","og_site_name":"Israel Institute of Biblical Studies","article_published_time":"2020-07-02T08:47:32+00:00","article_modified_time":"2025-08-13T11:38:26+00:00","og_image":[{"width":1000,"height":824,"url":"https:\/\/israelbiblicalstudies.com\/wp-content\/uploads\/2020\/07\/shutterstock_452827369-1.jpg","type":"image\/jpeg"}],"author":"Julia Blum","twitter_card":"summary_large_image","twitter_misc":{"Escrito por":"Julia Blum","Est. tempo de leitura":"7 minutos"},"schema":{"@context":"https:\/\/schema.org","@graph":[{"@type":"Article","@id":"https:\/\/israelbiblicalstudies.com\/pt\/blog\/category\/jewish-studies\/exercicios-de-comparacao-5-jaco-ida-e-volta\/#article","isPartOf":{"@id":"https:\/\/israelbiblicalstudies.com\/pt\/blog\/category\/jewish-studies\/exercicios-de-comparacao-5-jaco-ida-e-volta\/"},"author":{"name":"Julia Blum","@id":"https:\/\/israelbiblicalstudies.com\/pt\/#\/schema\/person\/470c9356fa72a497ecb801267dff4d15"},"headline":"Exerc\u00edcios de Compara\u00e7\u00e3o (5): Jac\u00f3 \u2013 Ida e Volta","datePublished":"2020-07-02T08:47:32+00:00","dateModified":"2025-08-13T11:38:26+00:00","mainEntityOfPage":{"@id":"https:\/\/israelbiblicalstudies.com\/pt\/blog\/category\/jewish-studies\/exercicios-de-comparacao-5-jaco-ida-e-volta\/"},"wordCount":1436,"publisher":{"@id":"https:\/\/israelbiblicalstudies.com\/pt\/#organization"},"image":{"@id":"https:\/\/israelbiblicalstudies.com\/pt\/blog\/category\/jewish-studies\/exercicios-de-comparacao-5-jaco-ida-e-volta\/#primaryimage"},"thumbnailUrl":"https:\/\/israelbiblicalstudies.com\/wp-content\/uploads\/2020\/07\/shutterstock_452827369-1.jpg","articleSection":["Estudos Judaicos"],"inLanguage":"pt-BR"},{"@type":"WebPage","@id":"https:\/\/israelbiblicalstudies.com\/pt\/blog\/category\/jewish-studies\/exercicios-de-comparacao-5-jaco-ida-e-volta\/","url":"https:\/\/israelbiblicalstudies.com\/pt\/blog\/category\/jewish-studies\/exercicios-de-comparacao-5-jaco-ida-e-volta\/","name":"Exerc\u00edcios de Compara\u00e7\u00e3o (5): Jac\u00f3 \u2013 Ida e Volta - Israel Institute of Biblical Studies","isPartOf":{"@id":"https:\/\/israelbiblicalstudies.com\/pt\/#website"},"primaryImageOfPage":{"@id":"https:\/\/israelbiblicalstudies.com\/pt\/blog\/category\/jewish-studies\/exercicios-de-comparacao-5-jaco-ida-e-volta\/#primaryimage"},"image":{"@id":"https:\/\/israelbiblicalstudies.com\/pt\/blog\/category\/jewish-studies\/exercicios-de-comparacao-5-jaco-ida-e-volta\/#primaryimage"},"thumbnailUrl":"https:\/\/israelbiblicalstudies.com\/wp-content\/uploads\/2020\/07\/shutterstock_452827369-1.jpg","datePublished":"2020-07-02T08:47:32+00:00","dateModified":"2025-08-13T11:38:26+00:00","description":"Nosso \u00faltimo cap\u00edtulo (por enquanto) desta s\u00e9rie \u00e9 retirado da vida de Jac\u00f3, o patriarca.\u00a0Ao comparar seu caminho de volta \u00e0 terra de Israel com sua","breadcrumb":{"@id":"https:\/\/israelbiblicalstudies.com\/pt\/blog\/category\/jewish-studies\/exercicios-de-comparacao-5-jaco-ida-e-volta\/#breadcrumb"},"inLanguage":"pt-BR","potentialAction":[{"@type":"ReadAction","target":["https:\/\/israelbiblicalstudies.com\/pt\/blog\/category\/jewish-studies\/exercicios-de-comparacao-5-jaco-ida-e-volta\/"]}]},{"@type":"ImageObject","inLanguage":"pt-BR","@id":"https:\/\/israelbiblicalstudies.com\/pt\/blog\/category\/jewish-studies\/exercicios-de-comparacao-5-jaco-ida-e-volta\/#primaryimage","url":"https:\/\/israelbiblicalstudies.com\/wp-content\/uploads\/2020\/07\/shutterstock_452827369-1.jpg","contentUrl":"https:\/\/israelbiblicalstudies.com\/wp-content\/uploads\/2020\/07\/shutterstock_452827369-1.jpg","width":1000,"height":824},{"@type":"BreadcrumbList","@id":"https:\/\/israelbiblicalstudies.com\/pt\/blog\/category\/jewish-studies\/exercicios-de-comparacao-5-jaco-ida-e-volta\/#breadcrumb","itemListElement":[{"@type":"ListItem","position":1,"name":"Home","item":"https:\/\/israelbiblicalstudies.com\/pt\/"},{"@type":"ListItem","position":2,"name":"Estudos Judaicos","item":"https:\/\/israelbiblicalstudies.com\/pt\/blog\/category\/jewish-studies\/"},{"@type":"ListItem","position":3,"name":"Exerc\u00edcios de Compara\u00e7\u00e3o (5): Jac\u00f3 \u2013 Ida e Volta"}]},{"@type":"WebSite","@id":"https:\/\/israelbiblicalstudies.com\/pt\/#website","url":"https:\/\/israelbiblicalstudies.com\/pt\/","name":"Israel Institute of Biblical Studies","description":"Deepen Your Understanding of the Bible","publisher":{"@id":"https:\/\/israelbiblicalstudies.com\/pt\/#organization"},"potentialAction":[{"@type":"SearchAction","target":{"@type":"EntryPoint","urlTemplate":"https:\/\/israelbiblicalstudies.com\/pt\/?s={search_term_string}"},"query-input":{"@type":"PropertyValueSpecification","valueRequired":true,"valueName":"search_term_string"}}],"inLanguage":"pt-BR"},{"@type":"Organization","@id":"https:\/\/israelbiblicalstudies.com\/pt\/#organization","name":"Israel Biblical Studies","url":"https:\/\/israelbiblicalstudies.com\/pt\/","logo":{"@type":"ImageObject","inLanguage":"pt-BR","@id":"https:\/\/israelbiblicalstudies.com\/pt\/#\/schema\/logo\/image\/","url":"https:\/\/israelbiblicalstudies.com\/wp-content\/uploads\/2016\/09\/logo-invert.png","contentUrl":"https:\/\/israelbiblicalstudies.com\/wp-content\/uploads\/2016\/09\/logo-invert.png","width":152,"height":68,"caption":"Israel Biblical Studies"},"image":{"@id":"https:\/\/israelbiblicalstudies.com\/pt\/#\/schema\/logo\/image\/"}},{"@type":"Person","@id":"https:\/\/israelbiblicalstudies.com\/pt\/#\/schema\/person\/470c9356fa72a497ecb801267dff4d15","name":"Julia Blum","image":{"@type":"ImageObject","inLanguage":"pt-BR","@id":"https:\/\/israelbiblicalstudies.com\/pt\/#\/schema\/person\/image\/","url":"https:\/\/secure.gravatar.com\/avatar\/bba81953dcf8395e3b4a73607c07e2f9d3e53c113398ce1fd48361f3f137b781?s=96&d=mm&r=g","contentUrl":"https:\/\/secure.gravatar.com\/avatar\/bba81953dcf8395e3b4a73607c07e2f9d3e53c113398ce1fd48361f3f137b781?s=96&d=mm&r=g","caption":"Julia Blum"},"description":"Julia is a teacher and an author of several books on biblical topics. She teaches two biblical courses at the Israel Institute of Biblical Studies, \u201cDiscovering the Hebrew Bible\u201d and \u201cJewish Background of the New Testament\u201d, and writes Hebrew insights for these courses.","url":"https:\/\/israelbiblicalstudies.com\/pt\/blog\/author\/juliablum\/"}]}},"_links":{"self":[{"href":"https:\/\/israelbiblicalstudies.com\/pt\/wp-json\/wp\/v2\/posts\/13456","targetHints":{"allow":["GET"]}}],"collection":[{"href":"https:\/\/israelbiblicalstudies.com\/pt\/wp-json\/wp\/v2\/posts"}],"about":[{"href":"https:\/\/israelbiblicalstudies.com\/pt\/wp-json\/wp\/v2\/types\/post"}],"author":[{"embeddable":true,"href":"https:\/\/israelbiblicalstudies.com\/pt\/wp-json\/wp\/v2\/users\/45"}],"replies":[{"embeddable":true,"href":"https:\/\/israelbiblicalstudies.com\/pt\/wp-json\/wp\/v2\/comments?post=13456"}],"version-history":[{"count":0,"href":"https:\/\/israelbiblicalstudies.com\/pt\/wp-json\/wp\/v2\/posts\/13456\/revisions"}],"wp:featuredmedia":[{"embeddable":true,"href":"https:\/\/israelbiblicalstudies.com\/pt\/wp-json\/wp\/v2\/media\/13452"}],"wp:attachment":[{"href":"https:\/\/israelbiblicalstudies.com\/pt\/wp-json\/wp\/v2\/media?parent=13456"}],"wp:term":[{"taxonomy":"category","embeddable":true,"href":"https:\/\/israelbiblicalstudies.com\/pt\/wp-json\/wp\/v2\/categories?post=13456"},{"taxonomy":"post_tag","embeddable":true,"href":"https:\/\/israelbiblicalstudies.com\/pt\/wp-json\/wp\/v2\/tags?post=13456"}],"curies":[{"name":"wp","href":"https:\/\/api.w.org\/{rel}","templated":true}]}}