{"id":13477,"date":"2020-07-16T11:33:51","date_gmt":"2020-07-16T08:33:51","guid":{"rendered":"https:\/\/iibsblogsstg.wpenginepowered.com\/?p=13477"},"modified":"2025-08-13T11:38:25","modified_gmt":"2025-08-13T11:38:25","slug":"comecos-os-capitulos-negligenciados-1","status":"publish","type":"post","link":"https:\/\/israelbiblicalstudies.com\/pt\/blog\/category\/jewish-studies\/comecos-os-capitulos-negligenciados-1\/","title":{"rendered":"Come\u00e7os: Os Cap\u00edtulos Negligenciados (1)"},"content":{"rendered":"<p>Quando 2020 se iniciou, parecia natural come\u00e7ar o ano com a s\u00e9rie chamada COME\u00c7OS.\u00a0Eu queria discutir aqui em profundidade a hist\u00f3ria primitiva <strong>\u2014<\/strong>os onze primeiros cap\u00edtulos do livro de G\u00eanesis<strong>\u2014<\/strong>.\u00a0Como muitos de meus leitores provavelmente sabem, esses cap\u00edtulos formam uma unidade separada e integrada: enquanto, a partir de G\u00eanesis 12 em\u00a0diante, as Escrituras tratam apenas da na\u00e7\u00e3o de Israel, esses primeiros cap\u00edtulos se preocupam com t\u00f3picos que afetam a todos, n\u00e3o apenas os Hebreus.\u00a0J\u00e1 discutimos G\u00eanesis 1-3 <strong>\u2014<\/strong>e hoje eu gostaria de continuar esta discuss\u00e3o<strong>\u2014<\/strong>.\u00a0Mesmo que muitas coisas inesperadas j\u00e1 tenham acontecido em 2020, e mesmo que definitivamente n\u00e3o estejamos mais no in\u00edcio do ano, ainda quero voltar a esses COME\u00c7OS: estudar, descobrir, talvez at\u00e9 obter algumas respostas para hoje.<\/p>\n<p>Vamos come\u00e7ar a discutir os cap\u00edtulos \u00abnegligenciados\u00bb: enquanto todos conhecem os tr\u00eas primeiros cap\u00edtulos (G\u00eanesis 1-3) e a hist\u00f3ria do Dil\u00favio (a partir de G\u00eanesis 6\u00a0), as pessoas raramente se referem a G\u00eanesis 4\u00a0e 5 <strong>\u2014<\/strong>e ainda existem muitos detalhes muito importantes nesses cap\u00edtulos que s\u00f3 podem ser vistos no texto original em Hebraico<strong>\u2014<\/strong>.\u00a0Eu acho que isso \u00e9 verdade em muitos cap\u00edtulos \u00abesquecidos\u00bb: por exemplo, um dos cap\u00edtulos mais significativos do livro de G\u00eanesis \u00e9 G\u00eanesis 38 <strong>\u2014<\/strong>a hist\u00f3ria de Jud\u00e1 e Tamar<strong>\u2014 <\/strong>mas \u00e9 completamente ignorada pela maioria das pessoas, uma vez que os maravilhosos detalhes deste cap\u00edtulo podem ser vistos apenas em Hebraico.<a href=\"#_ftn1\" name=\"_ftnref1\">[1]<\/a> Ent\u00e3o, vamos retomar nossa discuss\u00e3o exatamente de onde paramos: <em>Ad\u00e1m<\/em> e Eva s\u00e3o banidos do jardim do \u00c9den.<\/p>\n<p><strong>Caim e Abel \u2013 Dois caminhos<\/strong><\/p>\n<p>Todos n\u00f3s vimos pinturas retratando-os saindo do jardim: solu\u00e7ando, torcendo as m\u00e3os, desesperados em sua mis\u00e9ria e tristeza.\u00a0Eu j\u00e1 compartilhei aqui, esse pensamento incrivelmente simples que me surpreendeu anos atr\u00e1s: com todas essas l\u00e1grimas, se lamentando com tudo isso, eles est\u00e3o indo para o mesmo lugar em que voc\u00eas e eu agora moramos <strong>\u2014<\/strong>onde a humanidade vive desde ent\u00e3o<strong>\u2014. <\/strong>A mis\u00e9ria deles \u00e9 a nossa mis\u00e9ria, vivemos no mesmo lugar escuro, a \u00fanica diferen\u00e7a \u00e9 que n\u00e3o conhecemos nada al\u00e9m disso <strong>\u2014<\/strong>mas eles sabiam muito bem o que haviam acabado de perder<strong>\u2014<\/strong>.\u00a0Da tristeza e frustra\u00e7\u00e3o deles ao deixar jardim do Eden e ir para o \u00fanico lugar que voc\u00eas e eu conhecemos, podemos apenas imaginar o qu\u00e3o diferente e maravilhoso era o lugar perdido.\u00a0Nesse sentido, seus primeiros passos e a\u00e7\u00f5es, suas primeiras palavras ap\u00f3s seu banimento, s\u00e3o extremamente importantes.\u00a0Quando lemos: \u00ab<em>Coabitou o homem com Eva, sua mulher. Esta concebeu e deu \u00e0 luz Caim, ent\u00e3o disse: \u201cadquiri um var\u00e3o com o aux\u00edlio do Senhor<\/em>\u201d\u00bb \u00a0<strong>\u2014<\/strong>podemos ver qu\u00e3o forte era seu desejo pelo lugar perdido e pelo retorno a este lugar<strong>\u2014<\/strong>.\u00a0Quando Deus amaldi\u00e7oou a terra e expulsou <em>Ad\u00e1m<\/em> e Eva do jardim, Ele tamb\u00e9m lhes deu a promessa que muitos leem como a promessa de um salvador vindouro.\u00a0Aparentemente, Eva conectou o nascimento de seu filho com o cumprimento imediato desta promessa;\u00a0ela realmente esperava que atrav\u00e9s do filho eles voltassem ao jardim que haviam perdido.\u00a0Mais tarde, quando olharmos para No\u00e9, veremos que essa esperan\u00e7a mudou de gera\u00e7\u00e3o em gera\u00e7\u00e3o: quando No\u00e9 nasceu, as pessoas j\u00e1 estavam extremamente cansadas da maldi\u00e7\u00e3o na terra e esperavam ansiosamente pelo cumprimento dessa promessa.\u00a0O pai de No\u00e9 considerava seu filho aquele que deveria trazer a liberta\u00e7\u00e3o da maldi\u00e7\u00e3o <strong>\u2014<\/strong>como algu\u00e9m que deveria proporcionar conforto e descanso<strong>\u2014 <\/strong>mas tudo come\u00e7ou com o primeiro casal:\u00a0chamando seu filho Caim e afirmando que ela o adquiriu do Senhor indica que Eva foi a primeira a esperar que seu filho fosse esse salvador prometido.\u00a0Mais uma vez, isso nos mostra claramente o qu\u00e3o profundo era seu desejo.<\/p>\n<p>Como todos n\u00f3s sabemos, Caim n\u00e3o era o salvador.\u00a0Eva deve ter entendido isso muito cedo, porque seu segundo filho se chamou Abel, que \u00e9 \u00abrespira\u00e7\u00e3o\u00bb ou \u00abdesvanecendo\u00bb: \u00ab<em>Ent\u00e3o ela deu \u00e0 luz novamente, desta vez seu irm\u00e3o Abel<\/em>\u00bb<em>.\u00a0<\/em>\u00c0 sua maneira habitual, muito curta e pontilhada, as Escrituras nos contam um pouco da hist\u00f3ria dos dois irm\u00e3os: \u00ab<em>Abel era pastor de ovelhas, mas Caim era lavrador<\/em>\u00bb.\u00a0Muitos coment\u00e1rios diferentes podem ser mencionados aqui sobre suas diferentes ocupa\u00e7\u00f5es.\u00a0Por exemplo, Rashi, um brilhante comentarista medieval Judeu, observa que desde que a terra foi amaldi\u00e7oada, Abel se absteve de trabalhar nela <strong>\u2014<\/strong>enquanto Caim ainda estava disposto a ser lavrador do ch\u00e3o amaldi\u00e7oado<strong>\u2014<\/strong>.\u00a0Outra \u00ableitura da hist\u00f3ria sugere que os irm\u00e3os representam as duas culturas originais do homem em crise\u00bb.<a href=\"#_ftn2\" name=\"_ftnref2\">[2]<\/a>\u00a0Alguns pensam que Abel escolheu a vida errante, n\u00e3o querendo ter suas ra\u00edzes nesta terra amaldi\u00e7oada e no mundo ca\u00eddo, enquanto Caim escolheu a vida estabelecida, desfrutando o mundo como ele era.\u00a0O castigo que Deus deu a Caim mais tarde confirma esta ideia: \u00ab<em>Quando lavrares o solo n\u00e3o te dar\u00e1 ele a sua for\u00e7a, ser\u00e1s fugitivo e errante pela terra<\/em>\u00bb<em>.\u00a0<\/em>Em outras palavras, voc\u00ea n\u00e3o tem permiss\u00e3o para morar em um lugar, ser\u00e1 um n\u00f4made <strong>\u2014<\/strong>algo que, desde o in\u00edcio, Caim tanto tentou evitar escolhendo a vida estabelecida de um fazendeiro<strong>\u2014.<\/strong><\/p>\n<p><strong><em>O que Caim disse?<\/em><\/strong><\/p>\n<p>Em seguida, encontraremos os irm\u00e3os, cada um trazendo uma oferta ao Senhor: Caim \u00ab<em><i>do fruto da terra<\/i><\/em>\u00bb e Abel\u00a0\u00ab<em><i>das prim\u00edcias do seu rebanho<\/i><\/em>\u00bb. Somente o sacrif\u00edcio de Abel \u00e9 aceito, e a aceita\u00e7\u00e3o provavelmente foi marcada por alguma manifesta\u00e7\u00e3o vis\u00edvel.\u00a0N\u00e3o encontramos nenhuma explica\u00e7\u00e3o da escolha de Deus na narrativa b\u00edblica, mas a maioria dos comentaristas tenta encontrar a chave da prefer\u00eancia de Deus na inten\u00e7\u00e3o dos irm\u00e3os: enquanto Caim apenas traz \u00abuma oferta\u00bb, Abel traz \u00aba mais escolhida\u00bb de sua rebanhos.\u00a0No entanto, alguns comentaristas dizem que a rejei\u00e7\u00e3o de Deus \u00e0 oferta de Caim \u00e9 inexplic\u00e1vel \u00e0 l\u00f3gica humana.\u00a0Aparentemente, Caim se sentia assim: ele reagiu com raiva e viol\u00eancia a uma rejei\u00e7\u00e3o que n\u00e3o conseguia compreender!\u00a0Ele diz algo para Abel <b>\u2014<\/b>e n\u00e3o sabemos exatamente o que ele diz<b>\u2014. <\/b>Em Portugu\u00eas, lemos: <em>\u00ab<i>Disse Caim a Abel, seu irm\u00e3o<\/i>\u00bb<a href=\"#_ftn3\" name=\"_ftnref3\"><strong>[3] <\/strong><\/a><\/em>\u2013 \u00ade n\u00e3o parece que algo est\u00e1 faltando aqui;\u00a0no entanto, este vers\u00edculo traduz, de fato, uma senten\u00e7a Hebraica muito enigm\u00e1tica:\u00a0\u05d5\u05b7\u05d9\u05b9\u05bc\u05d0\u05de\u05b6\u05e8 \u05e7\u05b7\u05d9\u05b4\u05df \u05d0\u05b6\u05dc\u05be\u05d4\u05b6\u05d1\u05b6\u05dc \u2013 e a tradu\u00e7\u00e3o literal dessa frase deve ser assim: \u00abE Caim disse a seu irm\u00e3o Abel\u2026\u00bb.\u00a0O que Caim disse?<\/p>\n<p>N\u00e3o sabemos o que Caim disse a seu irm\u00e3o antes de mat\u00e1-lo;\u00a0mas sabemos o que Caim disse a Deus depois que ele matou seu irm\u00e3o.\u00a0Poucas frases b\u00edblicas foram citadas com a mesma frequ\u00eancia da pergunta desafiadora de Caim: \u00ab<i>Sou eu tutor de meu irm\u00e3o?<\/i>\u00bb<i>. <\/i>Segundo alguns s\u00e1bios Judeus, Caim diz a Deus: \u00ab<i>Sou eu\u00a0 tutor de meu irm\u00e3o?\u00a0Voc\u00ea \u00e9 Deus!\u00a0\u00c9 sua tarefa observ\u00e1-lo, n\u00e3o a minha.\u00a0Se eu n\u00e3o deveria ter feito o que fiz, voc\u00ea poderia ter me impedido de faz\u00ea-lo<\/i>\u00bb.<a href=\"#_ftn4\" name=\"_ftnref4\">[4]<\/a> Assim, Caim desafia o pr\u00f3prio Deus.\u00a0Ad\u00e3o cometeu pecado, Caim tanto pecado como crime <strong>\u2014<\/strong>e a cr\u00f4nica B\u00edblica de todas as rebeli\u00f5es humanas p\u00f3s-\u00c9den come\u00e7a aqui<strong>\u2014.<\/strong><\/p>\n<p><a href=\"#_ftnref1\" name=\"_ftn1\">[1]<\/a>\u00a0Algumas dessas maravilhosas perspectivas Hebraicas s\u00e3o mostradas no meu mini-livro \u00abBiblical Portraits: Judah\u00bb, voc\u00eas podem obt\u00ea-lo aqui:\u00a0<a href=\"https:\/\/www.amazon.com\/gp\/product\/B087QMT2RG?pf_rd_r=YMGYHWX5RXQZS8006F8Y&amp;pf_rd_p=6fc81c8c-2a38-41c6-a68a-f78c79e7253f\">https:\/\/www.amazon.com\/gp\/product\/B087QMT2RG?pf_rd_r=YMGYHWX5RXQZS8006F8Y&amp;pf_rd_p=6fc81c8c -2a38-41c6-a68a-f78c79e7253f.<\/a><\/p>\n<p><a href=\"#_ftnref2\" name=\"_ftn2\">[2]<\/a> <em>The Torah, A Modern Commentary,\u00a0 <\/em>NY, 1981 \u2013 p. 47.<\/p>\n<p><a href=\"#_ftnref3\" name=\"_ftn3\">[3]<\/a> G\u00eanesis 4:8.<\/p>\n<p><a href=\"#_ftnref4\" name=\"_ftn4\">[4]<\/a> <em>The Torah, A Modern Commentary,\u00a0 <\/em>NY, 1981 \u2013 p. 47.<\/p>\n<p><em><i>Os conhecimentos que voc\u00eas leem nestas p\u00e1ginas s\u00e3o t\u00edpicos do que compartilhamos com nossos alunos durante as aulas DHB (Discovering\u00a0the Hebrew Bible\/Descobrindo a B\u00edblia Hebraica) ou WTP (Weekly Torah Portion\/Por\u00e7\u00e3o Semanal da Tor\u00e1).\u00a0Se esses artigos despertam o seu interesse por descobrir os tesouros escondidos da B\u00edblia Hebraica ou por estudar em profundidade a Parash\u00e1t Shav\u00faa, juntamente com os conhecimentos do Novo Testamento,\u00a0\u00a0ficaria feliz em fornecer mais informa\u00e7\u00f5es (e tamb\u00e9m descontos de professor para os novos alunos) em rela\u00e7\u00e3o aos cursos da eTeacher<\/i><\/em><a href=\"#_ftn1\" name=\"_ftnref1\"><em><strong>[1]<\/strong><\/em><\/a> (<a href=\"mailto:juliab@eteachergroup.com\">juliab@eteachergroup.com<\/a>) .<\/p>\n<p><em>Se voc\u00eas gostam dos artigos deste blog, tamb\u00e9m pode gostar dos meus livros, podem obt\u00ea-los aqui:<\/em><span class=\"apple-converted-space\"><i>\u00a0<\/i><\/span><a href=\"https:\/\/www.amazon.com\/Julia-Blum\/e\/B00LUY0JN8?ref_=dbs_p_ebk_r00_abau_000000\"><em>https:\/\/www.amazon.com\/Julia-Blum\/e\/B00LUY0JN8?ref_=dbs_p_ebk_r00_abau_000000.<\/em><\/a><\/p>\n<p><em>Ou na minha p\u00e1gina deste blog: \u00a0\u00a0<\/em><a href=\"https:\/\/israelbiblicalstudies.com\/blog\/author\/juliablum\/%C2%A0%C2%A0\"><i>https:\/\/israelbiblicalstudies.com\/blog\/author\/juliablum\/ \u00a0.<\/i><\/a><\/p>\n<p><a href=\"#_ftnref1\" name=\"_ftn1\">[1]<\/a> No momento, oferecemos o curso WTP somente em Ingl\u00eas, enquanto o curso DHB existe tanto em Espanhol quanto em Portugu\u00eas.<\/p>\n<p>&nbsp;<\/p>\n<p>&nbsp;<\/p>\n<p>&nbsp;<\/p>\n<p>&nbsp;<\/p>\n","protected":false},"excerpt":{"rendered":"<p>Quando 2020 se iniciou, parecia natural come\u00e7ar o ano com a s\u00e9rie chamada COME\u00c7OS.\u00a0Eu queria discutir aqui em profundidade a hist\u00f3ria primitiva \u2014os onze primeiros cap\u00edtulos do livro de G\u00eanesis\u2014.\u00a0Como muitos de meus leitores provavelmente sabem, esses cap\u00edtulos formam uma unidade separada e integrada: enquanto, a partir de G\u00eanesis 12 em\u00a0diante, as Escrituras tratam apenas [&hellip;]<\/p>\n","protected":false},"author":45,"featured_media":13474,"comment_status":"closed","ping_status":"open","sticky":false,"template":"","format":"standard","meta":{"_acf_changed":false,"inline_featured_image":false,"footnotes":""},"categories":[395],"tags":[],"class_list":["post-13477","post","type-post","status-publish","format-standard","has-post-thumbnail","hentry","category-jewish-studies"],"acf":[],"yoast_head":"<!-- This site is optimized with the Yoast SEO plugin v26.5 - https:\/\/yoast.com\/wordpress\/plugins\/seo\/ -->\n<title>Come\u00e7os: Os Cap\u00edtulos Negligenciados (1) - Israel Institute of Biblical Studies<\/title>\n<meta name=\"description\" content=\"Quando 2020 se iniciou, parecia natural come\u00e7ar o ano com a s\u00e9rie chamada COME\u00c7OS.\u00a0Eu queria discutir aqui em profundidade a hist\u00f3ria primitiva \u2014os onze\" \/>\n<meta name=\"robots\" content=\"index, follow, max-snippet:-1, max-image-preview:large, max-video-preview:-1\" \/>\n<link rel=\"canonical\" href=\"https:\/\/israelbiblicalstudies.com\/pt\/blog\/category\/jewish-studies\/comecos-os-capitulos-negligenciados-1\/\" \/>\n<meta property=\"og:locale\" content=\"pt_BR\" \/>\n<meta property=\"og:type\" content=\"article\" \/>\n<meta property=\"og:title\" content=\"Come\u00e7os: Os Cap\u00edtulos Negligenciados (1) - Israel Institute of Biblical Studies\" \/>\n<meta property=\"og:description\" content=\"Quando 2020 se iniciou, parecia natural come\u00e7ar o ano com a s\u00e9rie chamada COME\u00c7OS.\u00a0Eu queria discutir aqui em profundidade a hist\u00f3ria primitiva \u2014os onze\" \/>\n<meta property=\"og:url\" content=\"https:\/\/israelbiblicalstudies.com\/pt\/blog\/category\/jewish-studies\/comecos-os-capitulos-negligenciados-1\/\" \/>\n<meta property=\"og:site_name\" content=\"Israel Institute of Biblical Studies\" \/>\n<meta property=\"article:published_time\" content=\"2020-07-16T08:33:51+00:00\" \/>\n<meta property=\"article:modified_time\" content=\"2025-08-13T11:38:25+00:00\" \/>\n<meta property=\"og:image\" content=\"https:\/\/israelbiblicalstudies.com\/wp-content\/uploads\/2020\/07\/shutterstock_1451515130-1.jpg\" \/>\n\t<meta property=\"og:image:width\" content=\"1024\" \/>\n\t<meta property=\"og:image:height\" content=\"535\" \/>\n\t<meta property=\"og:image:type\" content=\"image\/jpeg\" \/>\n<meta name=\"author\" content=\"Julia Blum\" \/>\n<meta name=\"twitter:card\" content=\"summary_large_image\" \/>\n<meta name=\"twitter:label1\" content=\"Escrito por\" \/>\n\t<meta name=\"twitter:data1\" content=\"Julia Blum\" \/>\n\t<meta name=\"twitter:label2\" content=\"Est. tempo de leitura\" \/>\n\t<meta name=\"twitter:data2\" content=\"7 minutos\" \/>\n<script type=\"application\/ld+json\" class=\"yoast-schema-graph\">{\"@context\":\"https:\/\/schema.org\",\"@graph\":[{\"@type\":\"Article\",\"@id\":\"https:\/\/israelbiblicalstudies.com\/pt\/blog\/category\/jewish-studies\/comecos-os-capitulos-negligenciados-1\/#article\",\"isPartOf\":{\"@id\":\"https:\/\/israelbiblicalstudies.com\/pt\/blog\/category\/jewish-studies\/comecos-os-capitulos-negligenciados-1\/\"},\"author\":{\"name\":\"Julia Blum\",\"@id\":\"https:\/\/israelbiblicalstudies.com\/pt\/#\/schema\/person\/470c9356fa72a497ecb801267dff4d15\"},\"headline\":\"Come\u00e7os: Os Cap\u00edtulos Negligenciados (1)\",\"datePublished\":\"2020-07-16T08:33:51+00:00\",\"dateModified\":\"2025-08-13T11:38:25+00:00\",\"mainEntityOfPage\":{\"@id\":\"https:\/\/israelbiblicalstudies.com\/pt\/blog\/category\/jewish-studies\/comecos-os-capitulos-negligenciados-1\/\"},\"wordCount\":1492,\"publisher\":{\"@id\":\"https:\/\/israelbiblicalstudies.com\/pt\/#organization\"},\"image\":{\"@id\":\"https:\/\/israelbiblicalstudies.com\/pt\/blog\/category\/jewish-studies\/comecos-os-capitulos-negligenciados-1\/#primaryimage\"},\"thumbnailUrl\":\"https:\/\/israelbiblicalstudies.com\/wp-content\/uploads\/2020\/07\/shutterstock_1451515130-1.jpg\",\"articleSection\":[\"Estudos Judaicos\"],\"inLanguage\":\"pt-BR\"},{\"@type\":\"WebPage\",\"@id\":\"https:\/\/israelbiblicalstudies.com\/pt\/blog\/category\/jewish-studies\/comecos-os-capitulos-negligenciados-1\/\",\"url\":\"https:\/\/israelbiblicalstudies.com\/pt\/blog\/category\/jewish-studies\/comecos-os-capitulos-negligenciados-1\/\",\"name\":\"Come\u00e7os: Os Cap\u00edtulos Negligenciados (1) - Israel Institute of Biblical Studies\",\"isPartOf\":{\"@id\":\"https:\/\/israelbiblicalstudies.com\/pt\/#website\"},\"primaryImageOfPage\":{\"@id\":\"https:\/\/israelbiblicalstudies.com\/pt\/blog\/category\/jewish-studies\/comecos-os-capitulos-negligenciados-1\/#primaryimage\"},\"image\":{\"@id\":\"https:\/\/israelbiblicalstudies.com\/pt\/blog\/category\/jewish-studies\/comecos-os-capitulos-negligenciados-1\/#primaryimage\"},\"thumbnailUrl\":\"https:\/\/israelbiblicalstudies.com\/wp-content\/uploads\/2020\/07\/shutterstock_1451515130-1.jpg\",\"datePublished\":\"2020-07-16T08:33:51+00:00\",\"dateModified\":\"2025-08-13T11:38:25+00:00\",\"description\":\"Quando 2020 se iniciou, parecia natural come\u00e7ar o ano com a s\u00e9rie chamada COME\u00c7OS.\u00a0Eu queria discutir aqui em profundidade a hist\u00f3ria primitiva \u2014os onze\",\"breadcrumb\":{\"@id\":\"https:\/\/israelbiblicalstudies.com\/pt\/blog\/category\/jewish-studies\/comecos-os-capitulos-negligenciados-1\/#breadcrumb\"},\"inLanguage\":\"pt-BR\",\"potentialAction\":[{\"@type\":\"ReadAction\",\"target\":[\"https:\/\/israelbiblicalstudies.com\/pt\/blog\/category\/jewish-studies\/comecos-os-capitulos-negligenciados-1\/\"]}]},{\"@type\":\"ImageObject\",\"inLanguage\":\"pt-BR\",\"@id\":\"https:\/\/israelbiblicalstudies.com\/pt\/blog\/category\/jewish-studies\/comecos-os-capitulos-negligenciados-1\/#primaryimage\",\"url\":\"https:\/\/israelbiblicalstudies.com\/wp-content\/uploads\/2020\/07\/shutterstock_1451515130-1.jpg\",\"contentUrl\":\"https:\/\/israelbiblicalstudies.com\/wp-content\/uploads\/2020\/07\/shutterstock_1451515130-1.jpg\",\"width\":1024,\"height\":535},{\"@type\":\"BreadcrumbList\",\"@id\":\"https:\/\/israelbiblicalstudies.com\/pt\/blog\/category\/jewish-studies\/comecos-os-capitulos-negligenciados-1\/#breadcrumb\",\"itemListElement\":[{\"@type\":\"ListItem\",\"position\":1,\"name\":\"Home\",\"item\":\"https:\/\/israelbiblicalstudies.com\/pt\/\"},{\"@type\":\"ListItem\",\"position\":2,\"name\":\"Estudos Judaicos\",\"item\":\"https:\/\/israelbiblicalstudies.com\/pt\/blog\/category\/jewish-studies\/\"},{\"@type\":\"ListItem\",\"position\":3,\"name\":\"Come\u00e7os: Os Cap\u00edtulos Negligenciados (1)\"}]},{\"@type\":\"WebSite\",\"@id\":\"https:\/\/israelbiblicalstudies.com\/pt\/#website\",\"url\":\"https:\/\/israelbiblicalstudies.com\/pt\/\",\"name\":\"Israel Institute of Biblical Studies\",\"description\":\"Deepen Your Understanding of the Bible\",\"publisher\":{\"@id\":\"https:\/\/israelbiblicalstudies.com\/pt\/#organization\"},\"potentialAction\":[{\"@type\":\"SearchAction\",\"target\":{\"@type\":\"EntryPoint\",\"urlTemplate\":\"https:\/\/israelbiblicalstudies.com\/pt\/?s={search_term_string}\"},\"query-input\":{\"@type\":\"PropertyValueSpecification\",\"valueRequired\":true,\"valueName\":\"search_term_string\"}}],\"inLanguage\":\"pt-BR\"},{\"@type\":\"Organization\",\"@id\":\"https:\/\/israelbiblicalstudies.com\/pt\/#organization\",\"name\":\"Israel Biblical Studies\",\"url\":\"https:\/\/israelbiblicalstudies.com\/pt\/\",\"logo\":{\"@type\":\"ImageObject\",\"inLanguage\":\"pt-BR\",\"@id\":\"https:\/\/israelbiblicalstudies.com\/pt\/#\/schema\/logo\/image\/\",\"url\":\"https:\/\/israelbiblicalstudies.com\/wp-content\/uploads\/2016\/09\/logo-invert.png\",\"contentUrl\":\"https:\/\/israelbiblicalstudies.com\/wp-content\/uploads\/2016\/09\/logo-invert.png\",\"width\":152,\"height\":68,\"caption\":\"Israel Biblical Studies\"},\"image\":{\"@id\":\"https:\/\/israelbiblicalstudies.com\/pt\/#\/schema\/logo\/image\/\"}},{\"@type\":\"Person\",\"@id\":\"https:\/\/israelbiblicalstudies.com\/pt\/#\/schema\/person\/470c9356fa72a497ecb801267dff4d15\",\"name\":\"Julia Blum\",\"image\":{\"@type\":\"ImageObject\",\"inLanguage\":\"pt-BR\",\"@id\":\"https:\/\/israelbiblicalstudies.com\/pt\/#\/schema\/person\/image\/\",\"url\":\"https:\/\/secure.gravatar.com\/avatar\/bba81953dcf8395e3b4a73607c07e2f9d3e53c113398ce1fd48361f3f137b781?s=96&d=mm&r=g\",\"contentUrl\":\"https:\/\/secure.gravatar.com\/avatar\/bba81953dcf8395e3b4a73607c07e2f9d3e53c113398ce1fd48361f3f137b781?s=96&d=mm&r=g\",\"caption\":\"Julia Blum\"},\"description\":\"Julia is a teacher and an author of several books on biblical topics. She teaches two biblical courses at the Israel Institute of Biblical Studies, \u201cDiscovering the Hebrew Bible\u201d and \u201cJewish Background of the New Testament\u201d, and writes Hebrew insights for these courses.\",\"url\":\"https:\/\/israelbiblicalstudies.com\/pt\/blog\/author\/juliablum\/\"}]}<\/script>\n<!-- \/ Yoast SEO plugin. -->","yoast_head_json":{"title":"Come\u00e7os: Os Cap\u00edtulos Negligenciados (1) - Israel Institute of Biblical Studies","description":"Quando 2020 se iniciou, parecia natural come\u00e7ar o ano com a s\u00e9rie chamada COME\u00c7OS.\u00a0Eu queria discutir aqui em profundidade a hist\u00f3ria primitiva \u2014os onze","robots":{"index":"index","follow":"follow","max-snippet":"max-snippet:-1","max-image-preview":"max-image-preview:large","max-video-preview":"max-video-preview:-1"},"canonical":"https:\/\/israelbiblicalstudies.com\/pt\/blog\/category\/jewish-studies\/comecos-os-capitulos-negligenciados-1\/","og_locale":"pt_BR","og_type":"article","og_title":"Come\u00e7os: Os Cap\u00edtulos Negligenciados (1) - Israel Institute of Biblical Studies","og_description":"Quando 2020 se iniciou, parecia natural come\u00e7ar o ano com a s\u00e9rie chamada COME\u00c7OS.\u00a0Eu queria discutir aqui em profundidade a hist\u00f3ria primitiva \u2014os onze","og_url":"https:\/\/israelbiblicalstudies.com\/pt\/blog\/category\/jewish-studies\/comecos-os-capitulos-negligenciados-1\/","og_site_name":"Israel Institute of Biblical Studies","article_published_time":"2020-07-16T08:33:51+00:00","article_modified_time":"2025-08-13T11:38:25+00:00","og_image":[{"width":1024,"height":535,"url":"https:\/\/israelbiblicalstudies.com\/wp-content\/uploads\/2020\/07\/shutterstock_1451515130-1.jpg","type":"image\/jpeg"}],"author":"Julia Blum","twitter_card":"summary_large_image","twitter_misc":{"Escrito por":"Julia Blum","Est. tempo de leitura":"7 minutos"},"schema":{"@context":"https:\/\/schema.org","@graph":[{"@type":"Article","@id":"https:\/\/israelbiblicalstudies.com\/pt\/blog\/category\/jewish-studies\/comecos-os-capitulos-negligenciados-1\/#article","isPartOf":{"@id":"https:\/\/israelbiblicalstudies.com\/pt\/blog\/category\/jewish-studies\/comecos-os-capitulos-negligenciados-1\/"},"author":{"name":"Julia Blum","@id":"https:\/\/israelbiblicalstudies.com\/pt\/#\/schema\/person\/470c9356fa72a497ecb801267dff4d15"},"headline":"Come\u00e7os: Os Cap\u00edtulos Negligenciados (1)","datePublished":"2020-07-16T08:33:51+00:00","dateModified":"2025-08-13T11:38:25+00:00","mainEntityOfPage":{"@id":"https:\/\/israelbiblicalstudies.com\/pt\/blog\/category\/jewish-studies\/comecos-os-capitulos-negligenciados-1\/"},"wordCount":1492,"publisher":{"@id":"https:\/\/israelbiblicalstudies.com\/pt\/#organization"},"image":{"@id":"https:\/\/israelbiblicalstudies.com\/pt\/blog\/category\/jewish-studies\/comecos-os-capitulos-negligenciados-1\/#primaryimage"},"thumbnailUrl":"https:\/\/israelbiblicalstudies.com\/wp-content\/uploads\/2020\/07\/shutterstock_1451515130-1.jpg","articleSection":["Estudos Judaicos"],"inLanguage":"pt-BR"},{"@type":"WebPage","@id":"https:\/\/israelbiblicalstudies.com\/pt\/blog\/category\/jewish-studies\/comecos-os-capitulos-negligenciados-1\/","url":"https:\/\/israelbiblicalstudies.com\/pt\/blog\/category\/jewish-studies\/comecos-os-capitulos-negligenciados-1\/","name":"Come\u00e7os: Os Cap\u00edtulos Negligenciados (1) - Israel Institute of Biblical Studies","isPartOf":{"@id":"https:\/\/israelbiblicalstudies.com\/pt\/#website"},"primaryImageOfPage":{"@id":"https:\/\/israelbiblicalstudies.com\/pt\/blog\/category\/jewish-studies\/comecos-os-capitulos-negligenciados-1\/#primaryimage"},"image":{"@id":"https:\/\/israelbiblicalstudies.com\/pt\/blog\/category\/jewish-studies\/comecos-os-capitulos-negligenciados-1\/#primaryimage"},"thumbnailUrl":"https:\/\/israelbiblicalstudies.com\/wp-content\/uploads\/2020\/07\/shutterstock_1451515130-1.jpg","datePublished":"2020-07-16T08:33:51+00:00","dateModified":"2025-08-13T11:38:25+00:00","description":"Quando 2020 se iniciou, parecia natural come\u00e7ar o ano com a s\u00e9rie chamada COME\u00c7OS.\u00a0Eu queria discutir aqui em profundidade a hist\u00f3ria primitiva \u2014os onze","breadcrumb":{"@id":"https:\/\/israelbiblicalstudies.com\/pt\/blog\/category\/jewish-studies\/comecos-os-capitulos-negligenciados-1\/#breadcrumb"},"inLanguage":"pt-BR","potentialAction":[{"@type":"ReadAction","target":["https:\/\/israelbiblicalstudies.com\/pt\/blog\/category\/jewish-studies\/comecos-os-capitulos-negligenciados-1\/"]}]},{"@type":"ImageObject","inLanguage":"pt-BR","@id":"https:\/\/israelbiblicalstudies.com\/pt\/blog\/category\/jewish-studies\/comecos-os-capitulos-negligenciados-1\/#primaryimage","url":"https:\/\/israelbiblicalstudies.com\/wp-content\/uploads\/2020\/07\/shutterstock_1451515130-1.jpg","contentUrl":"https:\/\/israelbiblicalstudies.com\/wp-content\/uploads\/2020\/07\/shutterstock_1451515130-1.jpg","width":1024,"height":535},{"@type":"BreadcrumbList","@id":"https:\/\/israelbiblicalstudies.com\/pt\/blog\/category\/jewish-studies\/comecos-os-capitulos-negligenciados-1\/#breadcrumb","itemListElement":[{"@type":"ListItem","position":1,"name":"Home","item":"https:\/\/israelbiblicalstudies.com\/pt\/"},{"@type":"ListItem","position":2,"name":"Estudos Judaicos","item":"https:\/\/israelbiblicalstudies.com\/pt\/blog\/category\/jewish-studies\/"},{"@type":"ListItem","position":3,"name":"Come\u00e7os: Os Cap\u00edtulos Negligenciados (1)"}]},{"@type":"WebSite","@id":"https:\/\/israelbiblicalstudies.com\/pt\/#website","url":"https:\/\/israelbiblicalstudies.com\/pt\/","name":"Israel Institute of Biblical Studies","description":"Deepen Your Understanding of the Bible","publisher":{"@id":"https:\/\/israelbiblicalstudies.com\/pt\/#organization"},"potentialAction":[{"@type":"SearchAction","target":{"@type":"EntryPoint","urlTemplate":"https:\/\/israelbiblicalstudies.com\/pt\/?s={search_term_string}"},"query-input":{"@type":"PropertyValueSpecification","valueRequired":true,"valueName":"search_term_string"}}],"inLanguage":"pt-BR"},{"@type":"Organization","@id":"https:\/\/israelbiblicalstudies.com\/pt\/#organization","name":"Israel Biblical Studies","url":"https:\/\/israelbiblicalstudies.com\/pt\/","logo":{"@type":"ImageObject","inLanguage":"pt-BR","@id":"https:\/\/israelbiblicalstudies.com\/pt\/#\/schema\/logo\/image\/","url":"https:\/\/israelbiblicalstudies.com\/wp-content\/uploads\/2016\/09\/logo-invert.png","contentUrl":"https:\/\/israelbiblicalstudies.com\/wp-content\/uploads\/2016\/09\/logo-invert.png","width":152,"height":68,"caption":"Israel Biblical Studies"},"image":{"@id":"https:\/\/israelbiblicalstudies.com\/pt\/#\/schema\/logo\/image\/"}},{"@type":"Person","@id":"https:\/\/israelbiblicalstudies.com\/pt\/#\/schema\/person\/470c9356fa72a497ecb801267dff4d15","name":"Julia Blum","image":{"@type":"ImageObject","inLanguage":"pt-BR","@id":"https:\/\/israelbiblicalstudies.com\/pt\/#\/schema\/person\/image\/","url":"https:\/\/secure.gravatar.com\/avatar\/bba81953dcf8395e3b4a73607c07e2f9d3e53c113398ce1fd48361f3f137b781?s=96&d=mm&r=g","contentUrl":"https:\/\/secure.gravatar.com\/avatar\/bba81953dcf8395e3b4a73607c07e2f9d3e53c113398ce1fd48361f3f137b781?s=96&d=mm&r=g","caption":"Julia Blum"},"description":"Julia is a teacher and an author of several books on biblical topics. She teaches two biblical courses at the Israel Institute of Biblical Studies, \u201cDiscovering the Hebrew Bible\u201d and \u201cJewish Background of the New Testament\u201d, and writes Hebrew insights for these courses.","url":"https:\/\/israelbiblicalstudies.com\/pt\/blog\/author\/juliablum\/"}]}},"_links":{"self":[{"href":"https:\/\/israelbiblicalstudies.com\/pt\/wp-json\/wp\/v2\/posts\/13477","targetHints":{"allow":["GET"]}}],"collection":[{"href":"https:\/\/israelbiblicalstudies.com\/pt\/wp-json\/wp\/v2\/posts"}],"about":[{"href":"https:\/\/israelbiblicalstudies.com\/pt\/wp-json\/wp\/v2\/types\/post"}],"author":[{"embeddable":true,"href":"https:\/\/israelbiblicalstudies.com\/pt\/wp-json\/wp\/v2\/users\/45"}],"replies":[{"embeddable":true,"href":"https:\/\/israelbiblicalstudies.com\/pt\/wp-json\/wp\/v2\/comments?post=13477"}],"version-history":[{"count":0,"href":"https:\/\/israelbiblicalstudies.com\/pt\/wp-json\/wp\/v2\/posts\/13477\/revisions"}],"wp:featuredmedia":[{"embeddable":true,"href":"https:\/\/israelbiblicalstudies.com\/pt\/wp-json\/wp\/v2\/media\/13474"}],"wp:attachment":[{"href":"https:\/\/israelbiblicalstudies.com\/pt\/wp-json\/wp\/v2\/media?parent=13477"}],"wp:term":[{"taxonomy":"category","embeddable":true,"href":"https:\/\/israelbiblicalstudies.com\/pt\/wp-json\/wp\/v2\/categories?post=13477"},{"taxonomy":"post_tag","embeddable":true,"href":"https:\/\/israelbiblicalstudies.com\/pt\/wp-json\/wp\/v2\/tags?post=13477"}],"curies":[{"name":"wp","href":"https:\/\/api.w.org\/{rel}","templated":true}]}}