{"id":45227,"date":"2019-12-11T21:38:42","date_gmt":"2019-12-11T18:38:42","guid":{"rendered":"https:\/\/iibsblogsstg.wpenginepowered.com\/?p=13171"},"modified":"2025-08-13T11:38:33","modified_gmt":"2025-08-13T11:38:33","slug":"reflexoes-do-novo-testamentovayishlaj","status":"publish","type":"post","link":"https:\/\/israelbiblicalstudies.com\/pt\/blog\/category\/jewish-studies\/reflexoes-do-novo-testamentovayishlaj\/","title":{"rendered":"Reflex\u00f5es do Novo Testamento:Vayishl\u00e1j"},"content":{"rendered":"<p><span lang=\"ES\">Na por\u00e7\u00e3o da Tor\u00e1 anterior, vimos Jac\u00f3 fugindo da ira de seu irm\u00e3o.\u00a0Agora o vemos retornando \u00e0 terra <\/span>\u2014<span lang=\"ES\">mas, para assegurar o futuro, Jac\u00f3 precisa enfrentar o passado<\/span>\u2014<span lang=\"ES\">: ele deve se reconciliar com Esa\u00fa.\u00a0Vinte anos se passaram, muitas coisas mudaram e todas as circunst\u00e2ncias externas da vida de Jac\u00f3 foram dramaticamente transformadas, mas parece que a transforma\u00e7\u00e3o mais importante aos olhos de Deus \u00e9 a transforma\u00e7\u00e3o do seu cora\u00e7\u00e3o,\u00a0<b>e o crit\u00e9rio mais claro para essa transforma\u00e7\u00e3o \u00e9 o sua reconcilia\u00e7\u00e3o com seu irm\u00e3o <\/b><\/span>\u2014<span lang=\"ES\">assim como no Novo Testamento<\/span>\u2014<span lang=\"ES\">: <\/span><em>\u00ab<i><span lang=\"ES\">Pois quem n\u00e3o ama a seu irm\u00e3o e irm\u00e3, a quem viu, n\u00e3o pode amar a Deus, a quem n\u00e3o viu<\/span><\/i>\u00bb.<a href=\"#_ftn1\" name=\"_ftnref1\"><strong>[1]<\/strong><\/a><\/em>\u00a0<span lang=\"ES\">\u00c9 extremamente significativo, portanto, que, como Jac\u00f3 vai enfrentar esse maior desafio de sua vida, ele tamb\u00e9m tenha a interven\u00e7\u00e3o mais importante de Deus em sua vida.\u00a0O encontro que Jac\u00f3 teve em Peniel \u00e9 uma cena absolutamente \u00fanica em toda a B\u00edblia, e \u00e9 durante esse encontro que Jac\u00f3 se torna Israel. Somente ap\u00f3s esse encontro Jac\u00f3 poder\u00e1 obter uma verdadeira reconcilia\u00e7\u00e3o com seu irm\u00e3o \u2014\u00ab<i>Primeiro, reconcilie-se com seu irm\u00e3o e depois venha e ofere\u00e7a a sua oferta<\/i>\u00bb<\/span>\u2014.<em><a href=\"#_ftn2\" name=\"_ftnref2\"><strong>[2]<\/strong><\/a><\/em><\/p>\n<p><span lang=\"ES\">Essa conex\u00e3o com a \u00eanfase do Novo Testamento na reconcilia\u00e7\u00e3o se torna ainda mais evidente quando lemos esta por\u00e7\u00e3o em Hebraico.\u00a0Em G\u00eanesis 33, ap\u00f3s o incr\u00edvel encontro \u00a0com seu irm\u00e3o Esa\u00fa <\/span>\u2014<span lang=\"ES\">o encontro que foi muito melhor do que todos esperavam<\/span>\u2014 <span lang=\"ES\">Jac\u00f3 diz palavras estranhas a Esa\u00fa, indicando que, para ele, ver a cara de Esa\u00fa era <\/span>\u00ab<span lang=\"ES\">como ver a cara \u00a0de Deus<\/span>\u00bb \u05e8\u05b8\u05d0\u05b4\u05d9\u05ea\u05b4\u05d9 \u05e4\u05b8\u05e0\u05b6\u05d9\u05da\u05b8 \u05db\u05b4\u05bc\u05e8\u05b0\u05d0\u05b9\u05ea \u05e4\u05b0\u05bc\u05e0\u05b5\u05d9 \u05d0\u05b1\u05dc\u05b9\u05d4\u05b4\u05d9\u05dd.\u00a0<span lang=\"ES\">Essa frase vem no final do encontro deles, quando o perigo est\u00e1 claramente acabado, e deixa um leitor confuso e perplexo: Por que Jac\u00f3 diria isso?\u00a0<\/span>\u00c9 pura bajula\u00e7\u00e3o, ou h\u00e1 mais do que isso?<\/p>\n<p><span lang=\"ES\">Em Portugu\u00eas, essas palavras vem meio inesperadamente.\u00a0No entanto, em Hebraico, a ideia de\u00a0<i>pan\u00edm<\/i>\u00a0\u00a0(\u00abcara\u00bb) \u00e9 certamente um dos principais motivos de toda a narrativa do retorno de Jac\u00f3 \u00e0 terra.\u00a0A raiz\u00a0<\/span>\u05e4\u05b8\u05bc\u05e0\u05b4\u05d9\u05dd\u00a0 <span lang=\"ES\">(<i>pan\u00edm<\/i>) e as palavras derivadas dessa raiz aparecem muitas vezes nos vers\u00edculos Hebraicos que precedem o encontro dos irm\u00e3os (\u00a0<a href=\"https:\/\/biblia.com\/bible\/esv\/Gen.32.17-21\" target=\"_blank\" rel=\"noopener noreferrer\">G\u00eanesis 32: 17-21<\/a>\u00a0).\u00a0Para entender a diferen\u00e7a entre os textos Hebraico e Portugu\u00eas, leiam, por exemplo,\u00a0<a href=\"https:\/\/biblia.com\/bible\/esv\/Gen%2032.20\" target=\"_blank\" rel=\"noopener noreferrer\">G\u00eanesis 32:20<\/a>\u00a0\u00ab\u2026<i>Ele pensou: \u201cEu o aplacarei com esses presentes que enviarei na frente;\u00a0mais tarde, quando\u00a0 eu o ver, talvez ele me receber\u00e1\u201d<\/i>\u00bb. A palabra \u00ab<b>cara<\/b>\u00bb n\u00e3o \u00e9 usada nesta tradu\u00e7\u00e3o<\/span><a href=\"#_ftn3\" name=\"_ftnref3\">[3]<\/a> <span lang=\"ES\">nim uma vez (e em muitas outras tampouco), enquanto em Hebraico, somente neste vers\u00edculo, a palavra\u00a0<i>pan\u00edm\u00a0<\/i>\u00a0aparece 4 vezes.\u00a0Isso cria uma quest\u00e3o e nos prepara para o nome Peniel \u00a0<\/span>\u00a0(\u05e4\u05b0\u05bc\u05e0\u05b4\u05d9\u05d0\u05b5\u05dc)\u00a0\u2014\u00ab<span lang=\"ES\">cara de Deus<\/span>\u00bb\u2014<span lang=\"ES\">, o lugar da luta de Jac\u00f3 e do encontro com Deus.\u00a0Foi l\u00e1, em Peniel, que Jac\u00f3 viu Deus \u00abcara a cara\u00bb (da\u00ed o nome do lugar);\u00a0e foi l\u00e1, em Peniel, que n\u00e3o somente o nome de Jac\u00f3, mas tamb\u00e9m seu cora\u00e7\u00e3o, foi mudado.\u00a0\u00c9 por isso que esse encontro fat\u00eddico entre os irm\u00e3os foi completamente diferente de como todos pensavam que seria: <\/span>\u00ab<i><span lang=\"ES\">Ent\u00e3o\u00a0 Esa\u00fa correu-lhe ao encontro e o abra\u00e7ou; arrojou-se-lhe ao pesco\u00e7o, e o beijou; e choraram<\/span><\/i>\u00bb.<a href=\"#_ftn4\" name=\"_ftnref4\">[4]<\/a>\u00a0<span lang=\"ES\">H\u00e1 pouca d\u00favida de que este n\u00e3o era o plano original de Esa\u00fa.\u00a0Ele estava se aproximando de Jac\u00f3 com 400 homens \u2014o que certamente n\u00e3o comunicava inten\u00e7\u00f5es pac\u00edficas\u2014;\u00a0ele n\u00e3o precisava de 400 homens para chorar no pesco\u00e7o do irm\u00e3o.\u00a0No entanto, tudo mudou em um instante \u2014e essa mudan\u00e7a aconteceu porque foi Israel, n\u00e3o Jac\u00f3, que Esa\u00fa encontrou\u2014.\u00a0Esa\u00fa esperava ver o irm\u00e3o arrogante e autoconfiante que sempre o desprezava; em vez disso, viu um homem humilde e arrependido, mancando e curvando-se humildemente diante dele.\u00a0A mudan\u00e7a foi dram\u00e1tica, e Esa\u00fa sentiu essa mudan\u00e7a imediatamente e correu para beijar esse novo irm\u00e3o.<\/span><\/p>\n<p><span lang=\"ES\">Mas h\u00e1 algo mais que podemos ver na hist\u00f3ria de Jac\u00f3 quando a lemos em Hebraico.\u00a0Voc\u00eas provavelmente se lembram da \u00abEscada de Jac\u00f3\u00bb da \u00faltima por\u00e7\u00e3o da Tor\u00e1, e de seu sonho no caminho de Beer-Sheba para Har\u00e3.\u00a0Se voltarmos a G\u00eanesis 28\u00a0e lermos este cap\u00edtulo em Hebraico, descobriremos que, quase tantas vezes quantas a palabra \u00abcara\u00bb aparece no cap\u00edtulo 33, o termo\u00a0<\/span>\u05de\u05b8\u05e7\u05d5\u05b9\u05dd <span lang=\"ES\">(<\/span><em><span lang=\"ES\"><i>mak\u00f3m<\/i><\/span><\/em><span lang=\"ES\">) \u00ablugar\u00bb aparece aqui, no cap\u00edtulo 28. Lembrem-se que aqui Jac\u00f3 estava a caminho do ex\u00edlio e prestes a deixar a terra.\u00a0Esse encontro com Deus no sonho provavelmente aconteceu durante sua \u00faltima noite na terra e, at\u00e9 onde sabemos, foi a primeira vez que Deus falou pessoalmente a Jac\u00f3. Quando ele acordou do sono, pensou: \u00ab<i>Certamente o SENHOR est\u00e1\u00a0<b>neste lugar,<\/b>\u00a0e eu n\u00e3o estava ciente disso. Ele ficou com medo e disse: \u201cQu\u00e3o incr\u00edvel \u00e9<b>\u00a0este lugar<\/b>.\u00a0Este n\u00e3o \u00e9 outro lugar sen\u00e3o a casa de Deus;\u00a0este \u00e9 o port\u00e3o do c\u00e9u\u201d<\/i><\/span><em>\u00bb<\/em>.<a href=\"#_ftn5\" name=\"_ftnref5\">[5]<\/a>\u00a0Portanto, vemos claramente que, neste ponto, todo o novo conceito de Deus de Jac\u00f3 se liga a<em>\u00a0<\/em>\u00ab<em>esse lugar<\/em>\u00bb.<\/p>\n<p><span lang=\"ES\">Vinte anos se passaram <\/span>\u2014<span lang=\"ES\">muitas coisas aconteceram e muitas mudan\u00e7as ocorreram durante esses anos<\/span>\u2014<span lang=\"ES\">.\u00a0Jac\u00f3 agora \u00e9 um grande homem que \u00e9 aben\u00e7oado por Deus com as b\u00ean\u00e7\u00e3os de Abra\u00e3o: ele \u00e9 o pai de uma fam\u00edlia numerosa e agora est\u00e1 retornando \u00e0 terra.\u00a0No final do cap\u00edtulo 32, ele est\u00e1 prestes a entrar novamente na terra <\/span>\u2014<span lang=\"ES\">e ent\u00e3o, em sua \u00faltima noite fora da terra<\/span>\u2014<span lang=\"ES\">, ele tem um incr\u00edvel encontro de <\/span>\u00ab<span lang=\"ES\">l<\/span><span lang=\"ES\">uta<\/span>\u00bb<span lang=\"ES\"> com Deus (a prop\u00f3sito, como em seu sonho, vinte anos antes, esse encontro \u00e9 absolutamente \u00fanico em toda a B\u00edblia).\u00a0De manh\u00e3, <\/span>\u00ab<span lang=\"ES\">Jac\u00f3 chamou o lugar de Peniel, dizendo:\u00a0<i>\u201c\u00c9 porque vi Deus\u00a0<b>cara a cara<\/b>, e ainda assim minha vida foi poupada<\/i>\u201d<\/span>\u00bb.<a href=\"#_ftn6\" name=\"_ftnref6\">[6]<\/a><\/p>\n<p><span lang=\"ES\">Esses dois encontros com Deus <\/span>\u2014<span lang=\"ES\">quando Jac\u00f3 est\u00e1 deixando a terra e quando est\u00e1 retornando<\/span>\u2014 <span lang=\"ES\">formam um\u00a0<\/span>\u00ab<i><span lang=\"ES\">inclusio<\/span><\/i>\u00bb<span lang=\"ES\">\u00a0liter\u00e1rio peculiar: tudo o que acontece com ele no ex\u00edlio acontece entre esses encontros.\u00a0No entanto, n\u00e3o \u00e9 apenas uma linha reta entre esses encontros: dentro desses <\/span>\u00ab<span lang=\"ES\">colchetes<\/span>\u00bb <span lang=\"ES\">divinos, vemos uma linda progress\u00e3o que n\u00e3o queremos perder <\/span>\u2014<span lang=\"ES\">a progress\u00e3o da f\u00e9 de Jac\u00f3, a progress\u00e3o de seu conhecimento de Deus, a progress\u00e3o da revela\u00e7\u00e3o<\/span>\u2014<span lang=\"ES\">:\u00a0<b>do\u00a0<i>lugar<\/i>\u00a0de Deus para a <i>cara<\/i> de Deus! <\/b>Jac\u00f3 levou vinte anos e, sem d\u00favida, ele esteve mudando ao longo desses anos; no entanto, foi somente quando viu o cara de Deus em Peniel que ele foi completamente transformado e se tornou verdadeiramente humilde e arrependido.\u00a0S\u00f3 ent\u00e3o ele foi capaz de se reconciliar com seu inimigo\/irm\u00e3o, porque somente depois disso ele p\u00f4de ver a cara de Deus em Esa\u00fa: <\/span>\u00ab<i><span lang=\"ES\">Eu vejo sua cara como algu\u00e9m v\u00ea a cara de Deus<\/span><\/i>\u00bb.<\/p>\n<p>&nbsp;<\/p>\n<p>&nbsp;<\/p>\n<p>&nbsp;<\/p>\n<p><a href=\"#_ftnref1\" name=\"_ftn1\">[1]<\/a> 1 J<span lang=\"ES\">o\u00e3o<\/span> 4:20.<\/p>\n<p><a href=\"#_ftnref2\" name=\"_ftn2\">[2]<\/a> Mateus 5:24.<\/p>\n<p><a href=\"#_ftnref3\" name=\"_ftn3\">[3]<\/a> Nova Vers\u00e3o Internacional.<\/p>\n<p><a href=\"#_ftnref4\" name=\"_ftn4\">[4]<\/a> G<span lang=\"ES\">\u00ea<\/span>nesis 33:4.<\/p>\n<p><a href=\"#_ftnref5\" name=\"_ftn5\">[5]<\/a> G<span lang=\"ES\">\u00ea<\/span>nesis 28:16,17.<\/p>\n<p><a href=\"#_ftnref6\" name=\"_ftn6\">[6]<\/a> G<span lang=\"ES\">\u00ea<\/span>nesis 32:31.<\/p>\n","protected":false},"excerpt":{"rendered":"<p>Na por\u00e7\u00e3o da Tor\u00e1 anterior, vimos Jac\u00f3 fugindo da ira de seu irm\u00e3o.\u00a0Agora o vemos retornando \u00e0 terra \u2014mas, para assegurar o futuro, Jac\u00f3 precisa enfrentar o passado\u2014: ele deve se reconciliar com Esa\u00fa.\u00a0Vinte anos se passaram, muitas coisas mudaram e todas as circunst\u00e2ncias externas da vida de Jac\u00f3 foram dramaticamente transformadas, mas parece que [&hellip;]<\/p>\n","protected":false},"author":45,"featured_media":44235,"comment_status":"closed","ping_status":"open","sticky":false,"template":"","format":"standard","meta":{"_acf_changed":false,"inline_featured_image":false,"footnotes":""},"categories":[395],"tags":[],"class_list":["post-45227","post","type-post","status-publish","format-standard","has-post-thumbnail","hentry","category-jewish-studies"],"acf":[],"yoast_head":"<!-- This site is optimized with the Yoast SEO plugin v26.5 - https:\/\/yoast.com\/wordpress\/plugins\/seo\/ -->\n<title>Reflex\u00f5es do Novo Testamento:Vayishl\u00e1j - Israel Institute of Biblical Studies<\/title>\n<meta name=\"description\" content=\"Na por\u00e7\u00e3o da Tor\u00e1 anterior, vimos Jac\u00f3 fugindo da ira de seu irm\u00e3o.\u00a0Agora o vemos retornando \u00e0 terra \u2014mas, para assegurar o futuro, Jac\u00f3 precisa enfrentar\" \/>\n<meta name=\"robots\" content=\"index, follow, max-snippet:-1, max-image-preview:large, max-video-preview:-1\" \/>\n<link rel=\"canonical\" href=\"https:\/\/israelbiblicalstudies.com\/pt\/blog\/category\/jewish-studies\/reflexoes-do-novo-testamentovayishlaj\/\" \/>\n<meta property=\"og:locale\" content=\"pt_BR\" \/>\n<meta property=\"og:type\" content=\"article\" \/>\n<meta property=\"og:title\" content=\"Reflex\u00f5es do Novo Testamento:Vayishl\u00e1j - Israel Institute of Biblical Studies\" \/>\n<meta property=\"og:description\" content=\"Na por\u00e7\u00e3o da Tor\u00e1 anterior, vimos Jac\u00f3 fugindo da ira de seu irm\u00e3o.\u00a0Agora o vemos retornando \u00e0 terra \u2014mas, para assegurar o futuro, Jac\u00f3 precisa enfrentar\" \/>\n<meta property=\"og:url\" content=\"https:\/\/israelbiblicalstudies.com\/pt\/blog\/category\/jewish-studies\/reflexoes-do-novo-testamentovayishlaj\/\" \/>\n<meta property=\"og:site_name\" content=\"Israel Institute of Biblical Studies\" \/>\n<meta property=\"article:published_time\" content=\"2019-12-11T18:38:42+00:00\" \/>\n<meta property=\"article:modified_time\" content=\"2025-08-13T11:38:33+00:00\" \/>\n<meta property=\"og:image\" content=\"https:\/\/israelbiblicalstudies.com\/wp-content\/uploads\/2019\/12\/shutterstock_97127633.png\" \/>\n\t<meta property=\"og:image:width\" content=\"1024\" \/>\n\t<meta property=\"og:image:height\" content=\"535\" \/>\n\t<meta property=\"og:image:type\" content=\"image\/png\" \/>\n<meta name=\"author\" content=\"Julia Blum\" \/>\n<meta name=\"twitter:card\" content=\"summary_large_image\" \/>\n<meta name=\"twitter:label1\" content=\"Escrito por\" \/>\n\t<meta name=\"twitter:data1\" content=\"Julia Blum\" \/>\n\t<meta name=\"twitter:label2\" content=\"Est. tempo de leitura\" \/>\n\t<meta name=\"twitter:data2\" content=\"6 minutos\" \/>\n<script type=\"application\/ld+json\" class=\"yoast-schema-graph\">{\"@context\":\"https:\/\/schema.org\",\"@graph\":[{\"@type\":\"Article\",\"@id\":\"https:\/\/israelbiblicalstudies.com\/pt\/blog\/category\/jewish-studies\/reflexoes-do-novo-testamentovayishlaj\/#article\",\"isPartOf\":{\"@id\":\"https:\/\/israelbiblicalstudies.com\/pt\/blog\/category\/jewish-studies\/reflexoes-do-novo-testamentovayishlaj\/\"},\"author\":{\"name\":\"Julia Blum\",\"@id\":\"https:\/\/israelbiblicalstudies.com\/pt\/#\/schema\/person\/470c9356fa72a497ecb801267dff4d15\"},\"headline\":\"Reflex\u00f5es do Novo Testamento:Vayishl\u00e1j\",\"datePublished\":\"2019-12-11T18:38:42+00:00\",\"dateModified\":\"2025-08-13T11:38:33+00:00\",\"mainEntityOfPage\":{\"@id\":\"https:\/\/israelbiblicalstudies.com\/pt\/blog\/category\/jewish-studies\/reflexoes-do-novo-testamentovayishlaj\/\"},\"wordCount\":1160,\"publisher\":{\"@id\":\"https:\/\/israelbiblicalstudies.com\/pt\/#organization\"},\"image\":{\"@id\":\"https:\/\/israelbiblicalstudies.com\/pt\/blog\/category\/jewish-studies\/reflexoes-do-novo-testamentovayishlaj\/#primaryimage\"},\"thumbnailUrl\":\"https:\/\/israelbiblicalstudies.com\/wp-content\/uploads\/2019\/12\/shutterstock_97127633.png\",\"articleSection\":[\"Estudos Judaicos\"],\"inLanguage\":\"pt-BR\"},{\"@type\":\"WebPage\",\"@id\":\"https:\/\/israelbiblicalstudies.com\/pt\/blog\/category\/jewish-studies\/reflexoes-do-novo-testamentovayishlaj\/\",\"url\":\"https:\/\/israelbiblicalstudies.com\/pt\/blog\/category\/jewish-studies\/reflexoes-do-novo-testamentovayishlaj\/\",\"name\":\"Reflex\u00f5es do Novo Testamento:Vayishl\u00e1j - Israel Institute of Biblical Studies\",\"isPartOf\":{\"@id\":\"https:\/\/israelbiblicalstudies.com\/pt\/#website\"},\"primaryImageOfPage\":{\"@id\":\"https:\/\/israelbiblicalstudies.com\/pt\/blog\/category\/jewish-studies\/reflexoes-do-novo-testamentovayishlaj\/#primaryimage\"},\"image\":{\"@id\":\"https:\/\/israelbiblicalstudies.com\/pt\/blog\/category\/jewish-studies\/reflexoes-do-novo-testamentovayishlaj\/#primaryimage\"},\"thumbnailUrl\":\"https:\/\/israelbiblicalstudies.com\/wp-content\/uploads\/2019\/12\/shutterstock_97127633.png\",\"datePublished\":\"2019-12-11T18:38:42+00:00\",\"dateModified\":\"2025-08-13T11:38:33+00:00\",\"description\":\"Na por\u00e7\u00e3o da Tor\u00e1 anterior, vimos Jac\u00f3 fugindo da ira de seu irm\u00e3o.\u00a0Agora o vemos retornando \u00e0 terra \u2014mas, para assegurar o futuro, Jac\u00f3 precisa enfrentar\",\"breadcrumb\":{\"@id\":\"https:\/\/israelbiblicalstudies.com\/pt\/blog\/category\/jewish-studies\/reflexoes-do-novo-testamentovayishlaj\/#breadcrumb\"},\"inLanguage\":\"pt-BR\",\"potentialAction\":[{\"@type\":\"ReadAction\",\"target\":[\"https:\/\/israelbiblicalstudies.com\/pt\/blog\/category\/jewish-studies\/reflexoes-do-novo-testamentovayishlaj\/\"]}]},{\"@type\":\"ImageObject\",\"inLanguage\":\"pt-BR\",\"@id\":\"https:\/\/israelbiblicalstudies.com\/pt\/blog\/category\/jewish-studies\/reflexoes-do-novo-testamentovayishlaj\/#primaryimage\",\"url\":\"https:\/\/israelbiblicalstudies.com\/wp-content\/uploads\/2019\/12\/shutterstock_97127633.png\",\"contentUrl\":\"https:\/\/israelbiblicalstudies.com\/wp-content\/uploads\/2019\/12\/shutterstock_97127633.png\",\"width\":1024,\"height\":535},{\"@type\":\"BreadcrumbList\",\"@id\":\"https:\/\/israelbiblicalstudies.com\/pt\/blog\/category\/jewish-studies\/reflexoes-do-novo-testamentovayishlaj\/#breadcrumb\",\"itemListElement\":[{\"@type\":\"ListItem\",\"position\":1,\"name\":\"Home\",\"item\":\"https:\/\/israelbiblicalstudies.com\/pt\/\"},{\"@type\":\"ListItem\",\"position\":2,\"name\":\"Estudos Judaicos\",\"item\":\"https:\/\/israelbiblicalstudies.com\/pt\/blog\/category\/jewish-studies\/\"},{\"@type\":\"ListItem\",\"position\":3,\"name\":\"Reflex\u00f5es do Novo Testamento:Vayishl\u00e1j\"}]},{\"@type\":\"WebSite\",\"@id\":\"https:\/\/israelbiblicalstudies.com\/pt\/#website\",\"url\":\"https:\/\/israelbiblicalstudies.com\/pt\/\",\"name\":\"Israel Institute of Biblical Studies\",\"description\":\"Deepen Your Understanding of the Bible\",\"publisher\":{\"@id\":\"https:\/\/israelbiblicalstudies.com\/pt\/#organization\"},\"potentialAction\":[{\"@type\":\"SearchAction\",\"target\":{\"@type\":\"EntryPoint\",\"urlTemplate\":\"https:\/\/israelbiblicalstudies.com\/pt\/?s={search_term_string}\"},\"query-input\":{\"@type\":\"PropertyValueSpecification\",\"valueRequired\":true,\"valueName\":\"search_term_string\"}}],\"inLanguage\":\"pt-BR\"},{\"@type\":\"Organization\",\"@id\":\"https:\/\/israelbiblicalstudies.com\/pt\/#organization\",\"name\":\"Israel Biblical Studies\",\"url\":\"https:\/\/israelbiblicalstudies.com\/pt\/\",\"logo\":{\"@type\":\"ImageObject\",\"inLanguage\":\"pt-BR\",\"@id\":\"https:\/\/israelbiblicalstudies.com\/pt\/#\/schema\/logo\/image\/\",\"url\":\"https:\/\/israelbiblicalstudies.com\/wp-content\/uploads\/2016\/09\/logo-invert.png\",\"contentUrl\":\"https:\/\/israelbiblicalstudies.com\/wp-content\/uploads\/2016\/09\/logo-invert.png\",\"width\":152,\"height\":68,\"caption\":\"Israel Biblical Studies\"},\"image\":{\"@id\":\"https:\/\/israelbiblicalstudies.com\/pt\/#\/schema\/logo\/image\/\"}},{\"@type\":\"Person\",\"@id\":\"https:\/\/israelbiblicalstudies.com\/pt\/#\/schema\/person\/470c9356fa72a497ecb801267dff4d15\",\"name\":\"Julia Blum\",\"image\":{\"@type\":\"ImageObject\",\"inLanguage\":\"pt-BR\",\"@id\":\"https:\/\/israelbiblicalstudies.com\/pt\/#\/schema\/person\/image\/\",\"url\":\"https:\/\/secure.gravatar.com\/avatar\/bba81953dcf8395e3b4a73607c07e2f9d3e53c113398ce1fd48361f3f137b781?s=96&d=mm&r=g\",\"contentUrl\":\"https:\/\/secure.gravatar.com\/avatar\/bba81953dcf8395e3b4a73607c07e2f9d3e53c113398ce1fd48361f3f137b781?s=96&d=mm&r=g\",\"caption\":\"Julia Blum\"},\"description\":\"Julia is a teacher and an author of several books on biblical topics. She teaches two biblical courses at the Israel Institute of Biblical Studies, \u201cDiscovering the Hebrew Bible\u201d and \u201cJewish Background of the New Testament\u201d, and writes Hebrew insights for these courses.\",\"url\":\"https:\/\/israelbiblicalstudies.com\/pt\/blog\/author\/juliablum\/\"}]}<\/script>\n<!-- \/ Yoast SEO plugin. -->","yoast_head_json":{"title":"Reflex\u00f5es do Novo Testamento:Vayishl\u00e1j - Israel Institute of Biblical Studies","description":"Na por\u00e7\u00e3o da Tor\u00e1 anterior, vimos Jac\u00f3 fugindo da ira de seu irm\u00e3o.\u00a0Agora o vemos retornando \u00e0 terra \u2014mas, para assegurar o futuro, Jac\u00f3 precisa enfrentar","robots":{"index":"index","follow":"follow","max-snippet":"max-snippet:-1","max-image-preview":"max-image-preview:large","max-video-preview":"max-video-preview:-1"},"canonical":"https:\/\/israelbiblicalstudies.com\/pt\/blog\/category\/jewish-studies\/reflexoes-do-novo-testamentovayishlaj\/","og_locale":"pt_BR","og_type":"article","og_title":"Reflex\u00f5es do Novo Testamento:Vayishl\u00e1j - Israel Institute of Biblical Studies","og_description":"Na por\u00e7\u00e3o da Tor\u00e1 anterior, vimos Jac\u00f3 fugindo da ira de seu irm\u00e3o.\u00a0Agora o vemos retornando \u00e0 terra \u2014mas, para assegurar o futuro, Jac\u00f3 precisa enfrentar","og_url":"https:\/\/israelbiblicalstudies.com\/pt\/blog\/category\/jewish-studies\/reflexoes-do-novo-testamentovayishlaj\/","og_site_name":"Israel Institute of Biblical Studies","article_published_time":"2019-12-11T18:38:42+00:00","article_modified_time":"2025-08-13T11:38:33+00:00","og_image":[{"width":1024,"height":535,"url":"https:\/\/israelbiblicalstudies.com\/wp-content\/uploads\/2019\/12\/shutterstock_97127633.png","type":"image\/png"}],"author":"Julia Blum","twitter_card":"summary_large_image","twitter_misc":{"Escrito por":"Julia Blum","Est. tempo de leitura":"6 minutos"},"schema":{"@context":"https:\/\/schema.org","@graph":[{"@type":"Article","@id":"https:\/\/israelbiblicalstudies.com\/pt\/blog\/category\/jewish-studies\/reflexoes-do-novo-testamentovayishlaj\/#article","isPartOf":{"@id":"https:\/\/israelbiblicalstudies.com\/pt\/blog\/category\/jewish-studies\/reflexoes-do-novo-testamentovayishlaj\/"},"author":{"name":"Julia Blum","@id":"https:\/\/israelbiblicalstudies.com\/pt\/#\/schema\/person\/470c9356fa72a497ecb801267dff4d15"},"headline":"Reflex\u00f5es do Novo Testamento:Vayishl\u00e1j","datePublished":"2019-12-11T18:38:42+00:00","dateModified":"2025-08-13T11:38:33+00:00","mainEntityOfPage":{"@id":"https:\/\/israelbiblicalstudies.com\/pt\/blog\/category\/jewish-studies\/reflexoes-do-novo-testamentovayishlaj\/"},"wordCount":1160,"publisher":{"@id":"https:\/\/israelbiblicalstudies.com\/pt\/#organization"},"image":{"@id":"https:\/\/israelbiblicalstudies.com\/pt\/blog\/category\/jewish-studies\/reflexoes-do-novo-testamentovayishlaj\/#primaryimage"},"thumbnailUrl":"https:\/\/israelbiblicalstudies.com\/wp-content\/uploads\/2019\/12\/shutterstock_97127633.png","articleSection":["Estudos Judaicos"],"inLanguage":"pt-BR"},{"@type":"WebPage","@id":"https:\/\/israelbiblicalstudies.com\/pt\/blog\/category\/jewish-studies\/reflexoes-do-novo-testamentovayishlaj\/","url":"https:\/\/israelbiblicalstudies.com\/pt\/blog\/category\/jewish-studies\/reflexoes-do-novo-testamentovayishlaj\/","name":"Reflex\u00f5es do Novo Testamento:Vayishl\u00e1j - Israel Institute of Biblical Studies","isPartOf":{"@id":"https:\/\/israelbiblicalstudies.com\/pt\/#website"},"primaryImageOfPage":{"@id":"https:\/\/israelbiblicalstudies.com\/pt\/blog\/category\/jewish-studies\/reflexoes-do-novo-testamentovayishlaj\/#primaryimage"},"image":{"@id":"https:\/\/israelbiblicalstudies.com\/pt\/blog\/category\/jewish-studies\/reflexoes-do-novo-testamentovayishlaj\/#primaryimage"},"thumbnailUrl":"https:\/\/israelbiblicalstudies.com\/wp-content\/uploads\/2019\/12\/shutterstock_97127633.png","datePublished":"2019-12-11T18:38:42+00:00","dateModified":"2025-08-13T11:38:33+00:00","description":"Na por\u00e7\u00e3o da Tor\u00e1 anterior, vimos Jac\u00f3 fugindo da ira de seu irm\u00e3o.\u00a0Agora o vemos retornando \u00e0 terra \u2014mas, para assegurar o futuro, Jac\u00f3 precisa enfrentar","breadcrumb":{"@id":"https:\/\/israelbiblicalstudies.com\/pt\/blog\/category\/jewish-studies\/reflexoes-do-novo-testamentovayishlaj\/#breadcrumb"},"inLanguage":"pt-BR","potentialAction":[{"@type":"ReadAction","target":["https:\/\/israelbiblicalstudies.com\/pt\/blog\/category\/jewish-studies\/reflexoes-do-novo-testamentovayishlaj\/"]}]},{"@type":"ImageObject","inLanguage":"pt-BR","@id":"https:\/\/israelbiblicalstudies.com\/pt\/blog\/category\/jewish-studies\/reflexoes-do-novo-testamentovayishlaj\/#primaryimage","url":"https:\/\/israelbiblicalstudies.com\/wp-content\/uploads\/2019\/12\/shutterstock_97127633.png","contentUrl":"https:\/\/israelbiblicalstudies.com\/wp-content\/uploads\/2019\/12\/shutterstock_97127633.png","width":1024,"height":535},{"@type":"BreadcrumbList","@id":"https:\/\/israelbiblicalstudies.com\/pt\/blog\/category\/jewish-studies\/reflexoes-do-novo-testamentovayishlaj\/#breadcrumb","itemListElement":[{"@type":"ListItem","position":1,"name":"Home","item":"https:\/\/israelbiblicalstudies.com\/pt\/"},{"@type":"ListItem","position":2,"name":"Estudos Judaicos","item":"https:\/\/israelbiblicalstudies.com\/pt\/blog\/category\/jewish-studies\/"},{"@type":"ListItem","position":3,"name":"Reflex\u00f5es do Novo Testamento:Vayishl\u00e1j"}]},{"@type":"WebSite","@id":"https:\/\/israelbiblicalstudies.com\/pt\/#website","url":"https:\/\/israelbiblicalstudies.com\/pt\/","name":"Israel Institute of Biblical Studies","description":"Deepen Your Understanding of the Bible","publisher":{"@id":"https:\/\/israelbiblicalstudies.com\/pt\/#organization"},"potentialAction":[{"@type":"SearchAction","target":{"@type":"EntryPoint","urlTemplate":"https:\/\/israelbiblicalstudies.com\/pt\/?s={search_term_string}"},"query-input":{"@type":"PropertyValueSpecification","valueRequired":true,"valueName":"search_term_string"}}],"inLanguage":"pt-BR"},{"@type":"Organization","@id":"https:\/\/israelbiblicalstudies.com\/pt\/#organization","name":"Israel Biblical Studies","url":"https:\/\/israelbiblicalstudies.com\/pt\/","logo":{"@type":"ImageObject","inLanguage":"pt-BR","@id":"https:\/\/israelbiblicalstudies.com\/pt\/#\/schema\/logo\/image\/","url":"https:\/\/israelbiblicalstudies.com\/wp-content\/uploads\/2016\/09\/logo-invert.png","contentUrl":"https:\/\/israelbiblicalstudies.com\/wp-content\/uploads\/2016\/09\/logo-invert.png","width":152,"height":68,"caption":"Israel Biblical Studies"},"image":{"@id":"https:\/\/israelbiblicalstudies.com\/pt\/#\/schema\/logo\/image\/"}},{"@type":"Person","@id":"https:\/\/israelbiblicalstudies.com\/pt\/#\/schema\/person\/470c9356fa72a497ecb801267dff4d15","name":"Julia Blum","image":{"@type":"ImageObject","inLanguage":"pt-BR","@id":"https:\/\/israelbiblicalstudies.com\/pt\/#\/schema\/person\/image\/","url":"https:\/\/secure.gravatar.com\/avatar\/bba81953dcf8395e3b4a73607c07e2f9d3e53c113398ce1fd48361f3f137b781?s=96&d=mm&r=g","contentUrl":"https:\/\/secure.gravatar.com\/avatar\/bba81953dcf8395e3b4a73607c07e2f9d3e53c113398ce1fd48361f3f137b781?s=96&d=mm&r=g","caption":"Julia Blum"},"description":"Julia is a teacher and an author of several books on biblical topics. She teaches two biblical courses at the Israel Institute of Biblical Studies, \u201cDiscovering the Hebrew Bible\u201d and \u201cJewish Background of the New Testament\u201d, and writes Hebrew insights for these courses.","url":"https:\/\/israelbiblicalstudies.com\/pt\/blog\/author\/juliablum\/"}]}},"_links":{"self":[{"href":"https:\/\/israelbiblicalstudies.com\/pt\/wp-json\/wp\/v2\/posts\/45227","targetHints":{"allow":["GET"]}}],"collection":[{"href":"https:\/\/israelbiblicalstudies.com\/pt\/wp-json\/wp\/v2\/posts"}],"about":[{"href":"https:\/\/israelbiblicalstudies.com\/pt\/wp-json\/wp\/v2\/types\/post"}],"author":[{"embeddable":true,"href":"https:\/\/israelbiblicalstudies.com\/pt\/wp-json\/wp\/v2\/users\/45"}],"replies":[{"embeddable":true,"href":"https:\/\/israelbiblicalstudies.com\/pt\/wp-json\/wp\/v2\/comments?post=45227"}],"version-history":[{"count":0,"href":"https:\/\/israelbiblicalstudies.com\/pt\/wp-json\/wp\/v2\/posts\/45227\/revisions"}],"wp:featuredmedia":[{"embeddable":true,"href":"https:\/\/israelbiblicalstudies.com\/pt\/wp-json\/wp\/v2\/media\/44235"}],"wp:attachment":[{"href":"https:\/\/israelbiblicalstudies.com\/pt\/wp-json\/wp\/v2\/media?parent=45227"}],"wp:term":[{"taxonomy":"category","embeddable":true,"href":"https:\/\/israelbiblicalstudies.com\/pt\/wp-json\/wp\/v2\/categories?post=45227"},{"taxonomy":"post_tag","embeddable":true,"href":"https:\/\/israelbiblicalstudies.com\/pt\/wp-json\/wp\/v2\/tags?post=45227"}],"curies":[{"name":"wp","href":"https:\/\/api.w.org\/{rel}","templated":true}]}}