{"id":45231,"date":"2020-01-16T12:12:45","date_gmt":"2020-01-16T09:12:45","guid":{"rendered":"https:\/\/iibsblogsstg.wpenginepowered.com\/?p=13213"},"modified":"2025-08-13T11:38:32","modified_gmt":"2025-08-13T11:38:32","slug":"comecos-3-genesis-1","status":"publish","type":"post","link":"https:\/\/israelbiblicalstudies.com\/pt\/blog\/category\/jewish-studies\/comecos-3-genesis-1\/","title":{"rendered":"Come\u00e7os (3): G\u00eanesis 1"},"content":{"rendered":"<p><strong>Quebrando o padr\u00e3o<\/strong><\/p>\n<p>Da \u00faltima vez, vimos a ascens\u00e3o do drama c\u00f3smico em G\u00eanesis 1, culminando na cria\u00e7\u00e3o do homem.\u00a0Quem \u00e9 essa criatura especial?\u00a0Junto com as Escrituras, pensamos sobre ele e seu status absolutamente especial na cria\u00e7\u00e3o;\u00a0junto com as Escrituras, podemos perguntar:<\/p>\n<p>\u00ab<em>Quando contemplo os teus c\u00e9us, obra dos teus dedos,<br \/>\nE a lua e as estrelas que estabeleceste,<br \/>\n<\/em><em>Que \u00e9 o homem, que dele te lembres?<br \/>\nE o filho do homem, que o visites?\u00bb.<\/em><em><a href=\"#_ftn1\" name=\"_ftnref1\"><strong>[1]<\/strong><\/a><\/em><\/p>\n<p>Podemos encontrar a resposta a essa pergunta em G\u00eanesis 1, onde ele nos mostra muito claramente que, embora o homem seja criado no mesmo dia que os animais, ele tem um status distinto.\u00a0O homem \u00e9 apresentado como a coroa da obra criativa de Deus e a primeira coisa que indica isso, quebra o padr\u00e3o.\u00a0Em cada um dos dias anteriores, o padr\u00e3o \u00e9 o mesmo: Deus cria, v\u00ea o que fez e v\u00ea que \u00e9 bom; depois \u00ab<em>houve tarde e houve manh\u00e3<\/em>\u00bb, e o dia termina.\u00a0No entanto, no sexto dia, o padr\u00e3o \u00e9 quebrado: mesmo que comece da mesma maneira que nos dias anteriores (vers\u00edculos 24-25), algo adicional e inesperado acontece \u2014em vez de terminar o dia da mesma forma que todos os outros dias\u2014. Deus diz: \u00ab<em>fa\u00e7amos um homem<\/em>!\u00bb<\/p>\n<p>Uma vez mais, quem \u00e9 essa criatura especial?<\/p>\n<p>\u00ab<em>\u2026De gloria e de honra o coroaste.<\/em><\/p>\n<p><em>Deste-lhe dom\u00ednio sobre as obras da tua m\u00e3o,<br \/>\nE sob seus p\u00e9s tudo lhe puseste\u00bb.<a href=\"#_ftn2\" name=\"_ftnref2\"><sup><strong>[2]<\/strong><\/sup><\/a><\/em><\/p>\n<p>O padr\u00e3o tamb\u00e9m \u00e9 quebrado na forma do discurso de Deus: at\u00e9 agora, as Escrituras falam de Deus na terceira pessoa, enquanto em\u00a0<a href=\"https:\/\/biblia.com\/bible\/esv\/Gen%201.26\">G\u00eanesis 1:26<\/a>\u00a0ouvimos \u2014pela primeira vez\u2014 Deus falando na primeira pessoa.\u00a0Por todos os dias anteriores, Deus falou: <em>que haja<\/em>&#8230; (alguma coisa) \u2014<em>e houve<\/em>\u2014&#8230; (alguma coisa);\u00a0agora, por\u00e9m, vemos uma maneira muito diferente de falar e criar \u2014agora Ele fala estas palavras quase contemplativas\u2014: \u00ab<em>Fa\u00e7amos um homem<\/em>\u00bb<em>.\u00a0<\/em>Essa criatura que est\u00e1 prestes a ser criada exige a determina\u00e7\u00e3o e a contempla\u00e7\u00e3o de Deus \u2014e tamb\u00e9m exige que Deus se aconselhe com os outros\u2014, porque Ele est\u00e1 falando aqui em primeira pessoa do plural.<\/p>\n<p>Com quem Deus est\u00e1 falando?\u00a0Voc\u00eas provavelmente conhecem todas as interpreta\u00e7\u00f5es Judaicas tradicionais: ou temos aqui um plural real, ou Deus est\u00e1 falando \u00e0 Sua corte angelical.\u00a0Voc\u00eas definitivamente conhecem a interpreta\u00e7\u00e3o Crist\u00e3: a teologia Crist\u00e3 geralmente leva a frase para indicar a natureza trina de Deus.\u00a0H\u00e1 mais uma interpreta\u00e7\u00e3o que eu pessoalmente gosto muito;\u00a0vou compartilhar isso com voc\u00eas no final deste artigo.<\/p>\n<p><strong>O primeiro homem e seu nome <\/strong><strong>\u00ab<\/strong><strong>sangrento<\/strong><strong>\u00bb<\/strong> (meus leitores Brit\u00e2nicos provavelmente gostariam deste t\u00edtulo\u00a0&#x1f60a;)<\/p>\n<p>J\u00e1 mencionei v\u00e1rias vezes que \u00e9 precisamente com os nomes pessoais que sentimos a maior perda quando lemos a tradu\u00e7\u00e3o da B\u00edblia.\u00a0O nome do primeiro homem \u2014<em>Ad\u00e1m<\/em>\u2014 \u00e9 o primeiro e surpreendente exemplo.\u00a0H\u00e1 tantas coisas que podemos dizer sobre essa pequena palavra Hebraica de tr\u00eas letras \u2014tantas coisas profundas que n\u00e3o s\u00e3o vistas na tradu\u00e7\u00e3o\u2014.<\/p>\n<p>H\u00e1 duas palavras diferentes que saltam para n\u00f3s a partir desse nome, e a primeira \u00e9\u00a0<em>dam<\/em> \u2014sangue\u2014. Uau!\u00a0Por que a palavra\u00a0<em>dam<\/em>\u00a0estaria dentro de <em>Ad\u00e1m<\/em>?\u00a0Primeiro, mostra-nos que esta criatura \u00e9 de fato carne e osso?\u00a0Sabemos que o tema do sangue passa por toda a Tor\u00e1 \u2014por todos os cinco livros de Mois\u00e9s\u2014:<\/p>\n<p><em>\u00ab<i>Carne, por\u00e9m, com sua vida, isto \u00e9, com seu sangue, n\u00e3o comereis<\/i>\u00bb.<a href=\"#_ftn3\" name=\"_ftnref3\"><sup><strong>[3]<\/strong><\/sup><\/a><\/em><\/p>\n<p><em>\u00ab<i>Tomar\u00e3o do sangue e o por\u00e3o em ambas as umbreiras<\/i>\u00bb.<a href=\"#_ftn4\" name=\"_ftnref4\"><sup><strong>[4]<\/strong><\/sup><\/a><\/em><\/p>\n<p><em><i>\u00abPortanto a vida de toda carne \u00e9 o seu sangue<\/i>\u00bb.<\/em><a href=\"#_ftn5\" name=\"_ftnref5\"><sup>[5]<\/sup><\/a><\/p>\n<p>\u2026mas tudo come\u00e7a aqui, dentro do nome <em>Ad\u00e1m<\/em>: esse aspecto \u00absangrento<em>\u00bb<\/em> \u00e9 um componente da identidade de <em>Ad\u00e1m<\/em> desde o in\u00edcio.<\/p>\n<p>H\u00e1 outra palavra Hebraica que est\u00e1 conectada \u00e0 palavra Hebraica original <em>ad<\/em>\u00e1m \u2014<em>adam\u00e1<\/em>\u2014<em>,<\/em>\u00a0a terra ou o solo.\u00a0N\u00e3o se pode realmente ver a conex\u00e3o etimol\u00f3gica entre \u00abhomem\u00bb e \u00absolo\u00bb na tradu\u00e7\u00e3o, mas em Hebraico certamente se destaca.\u00a0Em Hebraico, quando voc\u00eas dizem <em>Ad\u00e1m<\/em>, quase se ouve a palavra\u00a0<em>adam\u00e1<\/em>\u00a0nesse nome.\u00a0De fato, eles se correspondem e se correlacionam como fazem os substantivos masculino e feminino em Hebraico \u2014o que significa que a conex\u00e3o deles \u00e9 muito profunda e \u00edntima\u2014.\u00a0Por exemplo, em G\u00eanesis 3, quando Deus pune <em>Ad\u00e1m<\/em>, \u00e9 <em>adam\u00e1 <\/em>que \u00e9 amaldi\u00e7oado como resultado desse castigo \u2014outra prova desse v\u00ednculo interno essencial\u2014.\u00a0Falaremos mais sobre G\u00eanesis 3 quando chegarmos l\u00e1, mas \u00e9 muito claro que esse aspecto \u00abterreno\u00bb tamb\u00e9m \u00e9 um componente da identidade de <em>Ad\u00e1m<\/em>.\u00a0Por qu\u00ea?<\/p>\n<p>A explica\u00e7\u00e3o tradicional \u00e9 assim: o homem se chama <em>Ad\u00e1m<\/em> porque \u00ab<em>o Senhor Deus formou o homem do p\u00f3 da terra<\/em>\u00bb\u00a0(<em>Adam\u00e1<\/em>).\u00a0No entanto, existem muitas interpreta\u00e7\u00f5es diferentes \u2014e hoje quero compartilhar com voc\u00eas a que voc\u00eas talvez nunca tenham ouvido antes\u2014.\u00a0Essa interpreta\u00e7\u00e3o pertence ao grande Rabino da cidade de Praga (s\u00e9culo XVI), Judah Loew ben Bezalel (amplamente conhecido pelos estudiosos do Juda\u00edsmo como \u00abMaharal de Praga\u00bb).\u00a0Ele estava se perguntando por que o homem foi o \u00fanico a ser chamado do solo \u2014afinal, os animais tamb\u00e9m n\u00e3o foram criados a partir da terra?\u2014<\/p>\n<p>Sua resposta foi que, enquanto os animais foram criados \u00abquase conclu\u00eddos\u00bb (o que significa que, quando os animais nascem, eles crescem do lado de fora, mas suas mentes permanecem basicamente no mesmo n\u00edvel), tanto o homem (<em>Ad\u00e1m<\/em>) quanto a terra ou o solo. (<em>Adam\u00e1<\/em>) evoluem e \u00a0se desenvolvem;\u00a0ambos foram criados em um status b\u00e1sico e puro, e ambos exigem um trabalho longo e \u00e1rduo para atingir seu maior potencial e produzir frutos.<\/p>\n<p>Essas s\u00e3o as coisas que vemos no nome do primeiro homem em Hebraico.\u00a0Sem d\u00favida, esses aspectos \u00absangrentos\u00bb e \u00abterrestres\u00bb formam os componentes originais, n\u00e3o apenas da identidade de Ad\u00e1m, mas da mensagem de Deus para a humanidade: esse homem de \u00abcarne e sangre\u00bb precisa ser desenvolvido depois que ele vem a este mundo, caso contr\u00e1rio, seus \u00abcomponentes sangrentos\u00bb e \u00abterrestres\u00bb prevalecem.\u00a0Vemos isso acontecendo quase imediatamente, em G\u00eanesis 4, onde as duas palavras formam um dos versos mais tr\u00e1gicos de toda a B\u00edblia:<em>\u00ab<i>A voz do\u00a0<\/i><strong><i><b>sangue\u00a0<\/b><\/i><\/strong><i>do teu irm\u00e3o\u00a0clama a da <b>terra<\/b> a mim\u00a0<\/i>(<\/em>\u05e7\u05d5\u05dc <strong>\u05d3\u05de\u05d9<\/strong> \u05d0\u05d7\u05d9\u05da \u05e6\u05e2\u05e7\u05d9\u05dd \u05d0\u05dc\u05d9 \u05de\u05df <strong>\u05d4\u05d0\u05d3\u05de\u05d4<\/strong>)\u00bb.<\/p>\n<p>E agora chega a hora de compartilhar com voc\u00eas a resposta que um s\u00e1bio Judeu deu \u00e0 pergunta tradicional: a quem Deus est\u00e1 falando em\u00a0<a href=\"https:\/\/biblia.com\/bible\/esv\/Gen%201.26\">G\u00eanesis 1:26<\/a>\u00a0?\u00a0Sua resposta foi<strong>:<\/strong> \u00abDeus est\u00e1 falando com voc\u00ea e comigo \u2014com todos\u2014.\u00a0<strong>Ele est\u00e1 lhe dizendo: &#8220;<em>Se voc\u00ea concordar, se voc\u00ea me permitir entrar em seu cora\u00e7\u00e3o, juntos <\/em><\/strong><strong><em>\u2014<\/em><\/strong><strong><em>voc\u00ea e eu<\/em><\/strong><strong><em>\u2014\u00a0<\/em><\/strong><strong><em>faremos de voc\u00ea um homem (humano)!&#8221;<\/em><\/strong>\u00bb.<\/p>\n<p><a href=\"#_ftnref1\" name=\"_ftn1\">[1]<\/a>\u00a0Salmos 8:3-4.<\/p>\n<p><a href=\"#_ftnref2\" name=\"_ftn2\">[2]<\/a>\u00a0Salmos 8:5-6.<\/p>\n<p><a href=\"#_ftnref3\" name=\"_ftn3\">[3]<\/a> <a href=\"https:\/\/www.biblegateway.com\/passage\/?search=Genesis+9%3A4&amp;version=ESV\">G\u00ea<\/a><a href=\"https:\/\/www.biblegateway.com\/passage\/?search=Genesis+9%3A4&amp;version=ESV\">nesis 9:4.<\/a><\/p>\n<p><a href=\"#_ftnref4\" name=\"_ftn4\"><sup>[4]<\/sup><\/a> \u00ca<a href=\"https:\/\/www.biblegateway.com\/passage\/?search=Exodus+12%3A7-23&amp;version=ESV\">xodo 12:7-23.<\/a><\/p>\n<p><a href=\"#_ftnref5\" name=\"_ftn5\"><sup>[5]<\/sup><\/a> <a href=\"https:\/\/www.biblegateway.com\/passage\/?search=Leviticus+17%3A14&amp;version=ESV\">Lev\u00edtico 17:14<\/a>.<\/p>\n<p>&nbsp;<\/p>\n<p><a href=\"#_ftnref5\" name=\"_ftn5\"><\/a><\/p>\n<p><a href=\"#_ftnref5\" name=\"_ftn5\"><\/a><\/p>\n<p><em>Se esses artigos despertam o seu interesse por descobrir os tesouros escondidos da B\u00edblia Hebraica, ou estudar em profundidade a Parashat Shavua, juntamente com as perspectivas \u00a0do Novo Testamento<\/em>,\u00a0\u00a0<em>eu ficaria feliz em fornecer mais informa\u00e7\u00f5es (e tamb\u00e9m um desconto de professor para os novos alunos) sobre os cursos eTeacher\u00a0\u00a0<\/em>(\u00a0<a href=\"mailto:juliab@eteachergroup.com\">juliab@eteachergroup.com<\/a>\u00a0).<\/p>\n<p><em>Se voc\u00eas gostam dos artigos deste blog, tamb\u00e9m podem gostar dos meus livros, podem obt\u00ea-los na minha p\u00e1gina: \u00a0\u00a0\u00a0<\/em><a href=\"https:\/\/israelbiblicalstudies.com\/blog\/author\/juliablum\/%C2%A0%C2%A0\"><em>https:\/\/israelbiblicalstudies.com\/blog\/author\/juliablum\/\u00a0\u00a0<\/em><\/a><em>Al\u00e9m disso, tamb\u00e9m meu \u00faltimo livro\u00a0\u00abUnlocking the Scriptures\u00bb sobre as percep\u00e7\u00f5es Hebraicas da Tor\u00e1 e as percep\u00e7\u00f5es Judaicas do Novo Testamento est\u00e1 publicado e est\u00e1 dispon\u00edvel na Amazon.\u00a0<\/em><em>[Versa\u00f5 em Ingl\u00eas]:\u00a0\u00a0<\/em><a href=\"https:\/\/www.amazon.com\/s?k=unlocking+the+scriptures+by+julia+blum&amp;crid=2IHYED6W7ZVYI&amp;sprefix=julia+blum+%2Caps%2C689&amp;ref=nb_sb_ss_i_4_11\"><em>https:\/\/www.amazon.com\/s?k=unlocking+the+scriptures+ por + julia + blum &amp; crid = 2IHYED6W7ZVYI &amp; sprefix = julia + blum +% 2Caps% 2C689 &amp; ref = nb_sb_ss_i_4_11<\/em><\/a>.<\/p>\n<p>&nbsp;<\/p>\n<p>&nbsp;<\/p>\n<p>&nbsp;<\/p>\n<p>&nbsp;<\/p>\n","protected":false},"excerpt":{"rendered":"<p>Quebrando o padr\u00e3o Da \u00faltima vez, vimos a ascens\u00e3o do drama c\u00f3smico em G\u00eanesis 1, culminando na cria\u00e7\u00e3o do homem.\u00a0Quem \u00e9 essa criatura especial?\u00a0Junto com as Escrituras, pensamos sobre ele e seu status absolutamente especial na cria\u00e7\u00e3o;\u00a0junto com as Escrituras, podemos perguntar: \u00abQuando contemplo os teus c\u00e9us, obra dos teus dedos, E a lua e [&hellip;]<\/p>\n","protected":false},"author":45,"featured_media":44238,"comment_status":"closed","ping_status":"open","sticky":false,"template":"","format":"standard","meta":{"_acf_changed":false,"inline_featured_image":false,"footnotes":""},"categories":[395],"tags":[],"class_list":["post-45231","post","type-post","status-publish","format-standard","has-post-thumbnail","hentry","category-jewish-studies"],"acf":[],"yoast_head":"<!-- This site is optimized with the Yoast SEO plugin v26.5 - https:\/\/yoast.com\/wordpress\/plugins\/seo\/ -->\n<title>Come\u00e7os (3): G\u00eanesis 1 - Israel Institute of Biblical Studies<\/title>\n<meta name=\"description\" content=\"Quebrando o padr\u00e3o Da \u00faltima vez, vimos a ascens\u00e3o do drama c\u00f3smico em G\u00eanesis 1, culminando na cria\u00e7\u00e3o do homem.\u00a0Quem \u00e9 essa criatura especial?\u00a0Junto com\" \/>\n<meta name=\"robots\" content=\"index, follow, max-snippet:-1, max-image-preview:large, max-video-preview:-1\" \/>\n<link rel=\"canonical\" href=\"https:\/\/israelbiblicalstudies.com\/pt\/blog\/category\/jewish-studies\/comecos-3-genesis-1\/\" \/>\n<meta property=\"og:locale\" content=\"pt_BR\" \/>\n<meta property=\"og:type\" content=\"article\" \/>\n<meta property=\"og:title\" content=\"Come\u00e7os (3): G\u00eanesis 1 - Israel Institute of Biblical Studies\" \/>\n<meta property=\"og:description\" content=\"Quebrando o padr\u00e3o Da \u00faltima vez, vimos a ascens\u00e3o do drama c\u00f3smico em G\u00eanesis 1, culminando na cria\u00e7\u00e3o do homem.\u00a0Quem \u00e9 essa criatura especial?\u00a0Junto com\" \/>\n<meta property=\"og:url\" content=\"https:\/\/israelbiblicalstudies.com\/pt\/blog\/category\/jewish-studies\/comecos-3-genesis-1\/\" \/>\n<meta property=\"og:site_name\" content=\"Israel Institute of Biblical Studies\" \/>\n<meta property=\"article:published_time\" content=\"2020-01-16T09:12:45+00:00\" \/>\n<meta property=\"article:modified_time\" content=\"2025-08-13T11:38:32+00:00\" \/>\n<meta property=\"og:image\" content=\"https:\/\/israelbiblicalstudies.com\/wp-content\/uploads\/2020\/01\/shutterstock_155397842-1.jpg\" \/>\n\t<meta property=\"og:image:width\" content=\"1000\" \/>\n\t<meta property=\"og:image:height\" content=\"962\" \/>\n\t<meta property=\"og:image:type\" content=\"image\/jpeg\" \/>\n<meta name=\"author\" content=\"Julia Blum\" \/>\n<meta name=\"twitter:card\" content=\"summary_large_image\" \/>\n<meta name=\"twitter:label1\" content=\"Escrito por\" \/>\n\t<meta name=\"twitter:data1\" content=\"Julia Blum\" \/>\n\t<meta name=\"twitter:label2\" content=\"Est. tempo de leitura\" \/>\n\t<meta name=\"twitter:data2\" content=\"6 minutos\" \/>\n<script type=\"application\/ld+json\" class=\"yoast-schema-graph\">{\"@context\":\"https:\/\/schema.org\",\"@graph\":[{\"@type\":\"Article\",\"@id\":\"https:\/\/israelbiblicalstudies.com\/pt\/blog\/category\/jewish-studies\/comecos-3-genesis-1\/#article\",\"isPartOf\":{\"@id\":\"https:\/\/israelbiblicalstudies.com\/pt\/blog\/category\/jewish-studies\/comecos-3-genesis-1\/\"},\"author\":{\"name\":\"Julia Blum\",\"@id\":\"https:\/\/israelbiblicalstudies.com\/pt\/#\/schema\/person\/470c9356fa72a497ecb801267dff4d15\"},\"headline\":\"Come\u00e7os (3): G\u00eanesis 1\",\"datePublished\":\"2020-01-16T09:12:45+00:00\",\"dateModified\":\"2025-08-13T11:38:32+00:00\",\"mainEntityOfPage\":{\"@id\":\"https:\/\/israelbiblicalstudies.com\/pt\/blog\/category\/jewish-studies\/comecos-3-genesis-1\/\"},\"wordCount\":1287,\"publisher\":{\"@id\":\"https:\/\/israelbiblicalstudies.com\/pt\/#organization\"},\"image\":{\"@id\":\"https:\/\/israelbiblicalstudies.com\/pt\/blog\/category\/jewish-studies\/comecos-3-genesis-1\/#primaryimage\"},\"thumbnailUrl\":\"https:\/\/israelbiblicalstudies.com\/wp-content\/uploads\/2020\/01\/shutterstock_155397842-1.jpg\",\"articleSection\":[\"Estudos Judaicos\"],\"inLanguage\":\"pt-BR\"},{\"@type\":\"WebPage\",\"@id\":\"https:\/\/israelbiblicalstudies.com\/pt\/blog\/category\/jewish-studies\/comecos-3-genesis-1\/\",\"url\":\"https:\/\/israelbiblicalstudies.com\/pt\/blog\/category\/jewish-studies\/comecos-3-genesis-1\/\",\"name\":\"Come\u00e7os (3): G\u00eanesis 1 - Israel Institute of Biblical Studies\",\"isPartOf\":{\"@id\":\"https:\/\/israelbiblicalstudies.com\/pt\/#website\"},\"primaryImageOfPage\":{\"@id\":\"https:\/\/israelbiblicalstudies.com\/pt\/blog\/category\/jewish-studies\/comecos-3-genesis-1\/#primaryimage\"},\"image\":{\"@id\":\"https:\/\/israelbiblicalstudies.com\/pt\/blog\/category\/jewish-studies\/comecos-3-genesis-1\/#primaryimage\"},\"thumbnailUrl\":\"https:\/\/israelbiblicalstudies.com\/wp-content\/uploads\/2020\/01\/shutterstock_155397842-1.jpg\",\"datePublished\":\"2020-01-16T09:12:45+00:00\",\"dateModified\":\"2025-08-13T11:38:32+00:00\",\"description\":\"Quebrando o padr\u00e3o Da \u00faltima vez, vimos a ascens\u00e3o do drama c\u00f3smico em G\u00eanesis 1, culminando na cria\u00e7\u00e3o do homem.\u00a0Quem \u00e9 essa criatura especial?\u00a0Junto com\",\"breadcrumb\":{\"@id\":\"https:\/\/israelbiblicalstudies.com\/pt\/blog\/category\/jewish-studies\/comecos-3-genesis-1\/#breadcrumb\"},\"inLanguage\":\"pt-BR\",\"potentialAction\":[{\"@type\":\"ReadAction\",\"target\":[\"https:\/\/israelbiblicalstudies.com\/pt\/blog\/category\/jewish-studies\/comecos-3-genesis-1\/\"]}]},{\"@type\":\"ImageObject\",\"inLanguage\":\"pt-BR\",\"@id\":\"https:\/\/israelbiblicalstudies.com\/pt\/blog\/category\/jewish-studies\/comecos-3-genesis-1\/#primaryimage\",\"url\":\"https:\/\/israelbiblicalstudies.com\/wp-content\/uploads\/2020\/01\/shutterstock_155397842-1.jpg\",\"contentUrl\":\"https:\/\/israelbiblicalstudies.com\/wp-content\/uploads\/2020\/01\/shutterstock_155397842-1.jpg\",\"width\":1000,\"height\":962},{\"@type\":\"BreadcrumbList\",\"@id\":\"https:\/\/israelbiblicalstudies.com\/pt\/blog\/category\/jewish-studies\/comecos-3-genesis-1\/#breadcrumb\",\"itemListElement\":[{\"@type\":\"ListItem\",\"position\":1,\"name\":\"Home\",\"item\":\"https:\/\/israelbiblicalstudies.com\/pt\/\"},{\"@type\":\"ListItem\",\"position\":2,\"name\":\"Estudos Judaicos\",\"item\":\"https:\/\/israelbiblicalstudies.com\/pt\/blog\/category\/jewish-studies\/\"},{\"@type\":\"ListItem\",\"position\":3,\"name\":\"Come\u00e7os (3): G\u00eanesis 1\"}]},{\"@type\":\"WebSite\",\"@id\":\"https:\/\/israelbiblicalstudies.com\/pt\/#website\",\"url\":\"https:\/\/israelbiblicalstudies.com\/pt\/\",\"name\":\"Israel Institute of Biblical Studies\",\"description\":\"Deepen Your Understanding of the Bible\",\"publisher\":{\"@id\":\"https:\/\/israelbiblicalstudies.com\/pt\/#organization\"},\"potentialAction\":[{\"@type\":\"SearchAction\",\"target\":{\"@type\":\"EntryPoint\",\"urlTemplate\":\"https:\/\/israelbiblicalstudies.com\/pt\/?s={search_term_string}\"},\"query-input\":{\"@type\":\"PropertyValueSpecification\",\"valueRequired\":true,\"valueName\":\"search_term_string\"}}],\"inLanguage\":\"pt-BR\"},{\"@type\":\"Organization\",\"@id\":\"https:\/\/israelbiblicalstudies.com\/pt\/#organization\",\"name\":\"Israel Biblical Studies\",\"url\":\"https:\/\/israelbiblicalstudies.com\/pt\/\",\"logo\":{\"@type\":\"ImageObject\",\"inLanguage\":\"pt-BR\",\"@id\":\"https:\/\/israelbiblicalstudies.com\/pt\/#\/schema\/logo\/image\/\",\"url\":\"https:\/\/israelbiblicalstudies.com\/wp-content\/uploads\/2016\/09\/logo-invert.png\",\"contentUrl\":\"https:\/\/israelbiblicalstudies.com\/wp-content\/uploads\/2016\/09\/logo-invert.png\",\"width\":152,\"height\":68,\"caption\":\"Israel Biblical Studies\"},\"image\":{\"@id\":\"https:\/\/israelbiblicalstudies.com\/pt\/#\/schema\/logo\/image\/\"}},{\"@type\":\"Person\",\"@id\":\"https:\/\/israelbiblicalstudies.com\/pt\/#\/schema\/person\/470c9356fa72a497ecb801267dff4d15\",\"name\":\"Julia Blum\",\"image\":{\"@type\":\"ImageObject\",\"inLanguage\":\"pt-BR\",\"@id\":\"https:\/\/israelbiblicalstudies.com\/pt\/#\/schema\/person\/image\/\",\"url\":\"https:\/\/secure.gravatar.com\/avatar\/bba81953dcf8395e3b4a73607c07e2f9d3e53c113398ce1fd48361f3f137b781?s=96&d=mm&r=g\",\"contentUrl\":\"https:\/\/secure.gravatar.com\/avatar\/bba81953dcf8395e3b4a73607c07e2f9d3e53c113398ce1fd48361f3f137b781?s=96&d=mm&r=g\",\"caption\":\"Julia Blum\"},\"description\":\"Julia is a teacher and an author of several books on biblical topics. She teaches two biblical courses at the Israel Institute of Biblical Studies, \u201cDiscovering the Hebrew Bible\u201d and \u201cJewish Background of the New Testament\u201d, and writes Hebrew insights for these courses.\",\"url\":\"https:\/\/israelbiblicalstudies.com\/pt\/blog\/author\/juliablum\/\"}]}<\/script>\n<!-- \/ Yoast SEO plugin. -->","yoast_head_json":{"title":"Come\u00e7os (3): G\u00eanesis 1 - Israel Institute of Biblical Studies","description":"Quebrando o padr\u00e3o Da \u00faltima vez, vimos a ascens\u00e3o do drama c\u00f3smico em G\u00eanesis 1, culminando na cria\u00e7\u00e3o do homem.\u00a0Quem \u00e9 essa criatura especial?\u00a0Junto com","robots":{"index":"index","follow":"follow","max-snippet":"max-snippet:-1","max-image-preview":"max-image-preview:large","max-video-preview":"max-video-preview:-1"},"canonical":"https:\/\/israelbiblicalstudies.com\/pt\/blog\/category\/jewish-studies\/comecos-3-genesis-1\/","og_locale":"pt_BR","og_type":"article","og_title":"Come\u00e7os (3): G\u00eanesis 1 - Israel Institute of Biblical Studies","og_description":"Quebrando o padr\u00e3o Da \u00faltima vez, vimos a ascens\u00e3o do drama c\u00f3smico em G\u00eanesis 1, culminando na cria\u00e7\u00e3o do homem.\u00a0Quem \u00e9 essa criatura especial?\u00a0Junto com","og_url":"https:\/\/israelbiblicalstudies.com\/pt\/blog\/category\/jewish-studies\/comecos-3-genesis-1\/","og_site_name":"Israel Institute of Biblical Studies","article_published_time":"2020-01-16T09:12:45+00:00","article_modified_time":"2025-08-13T11:38:32+00:00","og_image":[{"width":1000,"height":962,"url":"https:\/\/israelbiblicalstudies.com\/wp-content\/uploads\/2020\/01\/shutterstock_155397842-1.jpg","type":"image\/jpeg"}],"author":"Julia Blum","twitter_card":"summary_large_image","twitter_misc":{"Escrito por":"Julia Blum","Est. tempo de leitura":"6 minutos"},"schema":{"@context":"https:\/\/schema.org","@graph":[{"@type":"Article","@id":"https:\/\/israelbiblicalstudies.com\/pt\/blog\/category\/jewish-studies\/comecos-3-genesis-1\/#article","isPartOf":{"@id":"https:\/\/israelbiblicalstudies.com\/pt\/blog\/category\/jewish-studies\/comecos-3-genesis-1\/"},"author":{"name":"Julia Blum","@id":"https:\/\/israelbiblicalstudies.com\/pt\/#\/schema\/person\/470c9356fa72a497ecb801267dff4d15"},"headline":"Come\u00e7os (3): G\u00eanesis 1","datePublished":"2020-01-16T09:12:45+00:00","dateModified":"2025-08-13T11:38:32+00:00","mainEntityOfPage":{"@id":"https:\/\/israelbiblicalstudies.com\/pt\/blog\/category\/jewish-studies\/comecos-3-genesis-1\/"},"wordCount":1287,"publisher":{"@id":"https:\/\/israelbiblicalstudies.com\/pt\/#organization"},"image":{"@id":"https:\/\/israelbiblicalstudies.com\/pt\/blog\/category\/jewish-studies\/comecos-3-genesis-1\/#primaryimage"},"thumbnailUrl":"https:\/\/israelbiblicalstudies.com\/wp-content\/uploads\/2020\/01\/shutterstock_155397842-1.jpg","articleSection":["Estudos Judaicos"],"inLanguage":"pt-BR"},{"@type":"WebPage","@id":"https:\/\/israelbiblicalstudies.com\/pt\/blog\/category\/jewish-studies\/comecos-3-genesis-1\/","url":"https:\/\/israelbiblicalstudies.com\/pt\/blog\/category\/jewish-studies\/comecos-3-genesis-1\/","name":"Come\u00e7os (3): G\u00eanesis 1 - Israel Institute of Biblical Studies","isPartOf":{"@id":"https:\/\/israelbiblicalstudies.com\/pt\/#website"},"primaryImageOfPage":{"@id":"https:\/\/israelbiblicalstudies.com\/pt\/blog\/category\/jewish-studies\/comecos-3-genesis-1\/#primaryimage"},"image":{"@id":"https:\/\/israelbiblicalstudies.com\/pt\/blog\/category\/jewish-studies\/comecos-3-genesis-1\/#primaryimage"},"thumbnailUrl":"https:\/\/israelbiblicalstudies.com\/wp-content\/uploads\/2020\/01\/shutterstock_155397842-1.jpg","datePublished":"2020-01-16T09:12:45+00:00","dateModified":"2025-08-13T11:38:32+00:00","description":"Quebrando o padr\u00e3o Da \u00faltima vez, vimos a ascens\u00e3o do drama c\u00f3smico em G\u00eanesis 1, culminando na cria\u00e7\u00e3o do homem.\u00a0Quem \u00e9 essa criatura especial?\u00a0Junto com","breadcrumb":{"@id":"https:\/\/israelbiblicalstudies.com\/pt\/blog\/category\/jewish-studies\/comecos-3-genesis-1\/#breadcrumb"},"inLanguage":"pt-BR","potentialAction":[{"@type":"ReadAction","target":["https:\/\/israelbiblicalstudies.com\/pt\/blog\/category\/jewish-studies\/comecos-3-genesis-1\/"]}]},{"@type":"ImageObject","inLanguage":"pt-BR","@id":"https:\/\/israelbiblicalstudies.com\/pt\/blog\/category\/jewish-studies\/comecos-3-genesis-1\/#primaryimage","url":"https:\/\/israelbiblicalstudies.com\/wp-content\/uploads\/2020\/01\/shutterstock_155397842-1.jpg","contentUrl":"https:\/\/israelbiblicalstudies.com\/wp-content\/uploads\/2020\/01\/shutterstock_155397842-1.jpg","width":1000,"height":962},{"@type":"BreadcrumbList","@id":"https:\/\/israelbiblicalstudies.com\/pt\/blog\/category\/jewish-studies\/comecos-3-genesis-1\/#breadcrumb","itemListElement":[{"@type":"ListItem","position":1,"name":"Home","item":"https:\/\/israelbiblicalstudies.com\/pt\/"},{"@type":"ListItem","position":2,"name":"Estudos Judaicos","item":"https:\/\/israelbiblicalstudies.com\/pt\/blog\/category\/jewish-studies\/"},{"@type":"ListItem","position":3,"name":"Come\u00e7os (3): G\u00eanesis 1"}]},{"@type":"WebSite","@id":"https:\/\/israelbiblicalstudies.com\/pt\/#website","url":"https:\/\/israelbiblicalstudies.com\/pt\/","name":"Israel Institute of Biblical Studies","description":"Deepen Your Understanding of the Bible","publisher":{"@id":"https:\/\/israelbiblicalstudies.com\/pt\/#organization"},"potentialAction":[{"@type":"SearchAction","target":{"@type":"EntryPoint","urlTemplate":"https:\/\/israelbiblicalstudies.com\/pt\/?s={search_term_string}"},"query-input":{"@type":"PropertyValueSpecification","valueRequired":true,"valueName":"search_term_string"}}],"inLanguage":"pt-BR"},{"@type":"Organization","@id":"https:\/\/israelbiblicalstudies.com\/pt\/#organization","name":"Israel Biblical Studies","url":"https:\/\/israelbiblicalstudies.com\/pt\/","logo":{"@type":"ImageObject","inLanguage":"pt-BR","@id":"https:\/\/israelbiblicalstudies.com\/pt\/#\/schema\/logo\/image\/","url":"https:\/\/israelbiblicalstudies.com\/wp-content\/uploads\/2016\/09\/logo-invert.png","contentUrl":"https:\/\/israelbiblicalstudies.com\/wp-content\/uploads\/2016\/09\/logo-invert.png","width":152,"height":68,"caption":"Israel Biblical Studies"},"image":{"@id":"https:\/\/israelbiblicalstudies.com\/pt\/#\/schema\/logo\/image\/"}},{"@type":"Person","@id":"https:\/\/israelbiblicalstudies.com\/pt\/#\/schema\/person\/470c9356fa72a497ecb801267dff4d15","name":"Julia Blum","image":{"@type":"ImageObject","inLanguage":"pt-BR","@id":"https:\/\/israelbiblicalstudies.com\/pt\/#\/schema\/person\/image\/","url":"https:\/\/secure.gravatar.com\/avatar\/bba81953dcf8395e3b4a73607c07e2f9d3e53c113398ce1fd48361f3f137b781?s=96&d=mm&r=g","contentUrl":"https:\/\/secure.gravatar.com\/avatar\/bba81953dcf8395e3b4a73607c07e2f9d3e53c113398ce1fd48361f3f137b781?s=96&d=mm&r=g","caption":"Julia Blum"},"description":"Julia is a teacher and an author of several books on biblical topics. She teaches two biblical courses at the Israel Institute of Biblical Studies, \u201cDiscovering the Hebrew Bible\u201d and \u201cJewish Background of the New Testament\u201d, and writes Hebrew insights for these courses.","url":"https:\/\/israelbiblicalstudies.com\/pt\/blog\/author\/juliablum\/"}]}},"_links":{"self":[{"href":"https:\/\/israelbiblicalstudies.com\/pt\/wp-json\/wp\/v2\/posts\/45231","targetHints":{"allow":["GET"]}}],"collection":[{"href":"https:\/\/israelbiblicalstudies.com\/pt\/wp-json\/wp\/v2\/posts"}],"about":[{"href":"https:\/\/israelbiblicalstudies.com\/pt\/wp-json\/wp\/v2\/types\/post"}],"author":[{"embeddable":true,"href":"https:\/\/israelbiblicalstudies.com\/pt\/wp-json\/wp\/v2\/users\/45"}],"replies":[{"embeddable":true,"href":"https:\/\/israelbiblicalstudies.com\/pt\/wp-json\/wp\/v2\/comments?post=45231"}],"version-history":[{"count":0,"href":"https:\/\/israelbiblicalstudies.com\/pt\/wp-json\/wp\/v2\/posts\/45231\/revisions"}],"wp:featuredmedia":[{"embeddable":true,"href":"https:\/\/israelbiblicalstudies.com\/pt\/wp-json\/wp\/v2\/media\/44238"}],"wp:attachment":[{"href":"https:\/\/israelbiblicalstudies.com\/pt\/wp-json\/wp\/v2\/media?parent=45231"}],"wp:term":[{"taxonomy":"category","embeddable":true,"href":"https:\/\/israelbiblicalstudies.com\/pt\/wp-json\/wp\/v2\/categories?post=45231"},{"taxonomy":"post_tag","embeddable":true,"href":"https:\/\/israelbiblicalstudies.com\/pt\/wp-json\/wp\/v2\/tags?post=45231"}],"curies":[{"name":"wp","href":"https:\/\/api.w.org\/{rel}","templated":true}]}}