{"id":45237,"date":"2020-05-14T11:45:38","date_gmt":"2020-05-14T08:45:38","guid":{"rendered":"https:\/\/iibsblogsstg.wpenginepowered.com\/?p=13377"},"modified":"2025-08-13T11:38:28","modified_gmt":"2025-08-13T11:38:28","slug":"beginnings-11","status":"publish","type":"post","link":"https:\/\/israelbiblicalstudies.com\/pt\/blog\/category\/jewish-studies\/beginnings-11\/","title":{"rendered":"Come\u00e7os (11): G\u00eanesis 3"},"content":{"rendered":"<p>O v\u00edrus Corona mudou os planos de milh\u00f5es \u2014e este blog, \u00e9 claro, n\u00e3o tem estado isento dessa influ\u00eancia infeliz\u2014.\u00a0Originalmente, eu planejava ter minha s\u00e9rie \u00abCome\u00e7os\u00bb desde o in\u00edcio de 2020 at\u00e9 a P\u00e1scoa \u2014mas como voc\u00eas sabem, n\u00e3o foi isso que aconteceu\u2014.\u00a0Este artigo retoma esta s\u00e9rie;\u00a0e estou lembrando que estamos agora em G\u00eanesis 3\u00a0e estamos lidando com as consequ\u00eancias da queda.\u00a0\u00c9 uma tarefa desafiadora escrever sobre este cap\u00edtulo \u2014G\u00eanesis 3\u00a0\u00e9 uma das hist\u00f3rias mais conhecidas do mundo\u2014.\u00a0Mas ser\u00e1 que ainda perdemos alguma coisa aqui?<\/p>\n<p><strong>Quem foi amaldi\u00e7oado?<\/strong><\/p>\n<p>Antes de tudo, vamos falar sobre as maldi\u00e7\u00f5es e os castigos.\u00a0De alguma forma, as pessoas costumam pensar que todos foram amaldi\u00e7oados nesta hist\u00f3ria.\u00a0No entanto, quando lemos atentamente o texto, vemos que esse n\u00e3o foi o caso.\u00a0A maldi\u00e7\u00e3o n\u00e3o estava sobre os humanos.\u00a0<em><i>Ad\u00e1m\u00a0<\/i><\/em>nunca foi amaldi\u00e7oado.\u00a0Eva tamb\u00e9m n\u00e3o foi amaldi\u00e7oada \u2014ela foi punida, como <em><i>Ad\u00e1m\u2014<\/i>;\u00a0<\/em>ele foi punido por ter que trabalhar no ch\u00e3o amaldi\u00e7oado \u2014porque o ch\u00e3o, o solo, foi amaldi\u00e7oado de fato\u2014. Mencionamos isso anteriormente quando falamos sobre a palabra <em><i>ad\u00e1m<\/i>: <\/em>a conex\u00e3o etimol\u00f3gica entre \u00abhomem\u00bb e \u00abch\u00e3o\u00bb \u00e9 muito evidente em Hebraico, mesmo que n\u00e3o se possa realmente ver isso em Portugu\u00eas.\u00a0Em Hebraico, quando voc\u00eas dizem\u00a0<em><i>Ad\u00e1m<\/i><\/em>, quase ouvem a palavra\u00a0<em><i>adam\u00e1<\/i><\/em> neste nome: eles correspondem e se correlacionam entre si, como fazem os substantivos masculino e feminino em Hebraico.\u00a0E aqui em G\u00eanesis 3, vemos outra prova poderosa dessa conex\u00e3o: quando Deus pune <em><i>Ad\u00e1m<\/i><\/em>, \u00e9\u00a0<em><i>adam\u00e1\u00a0<\/i><\/em>que \u00e9 amaldi\u00e7oado. Provavelmente essa maldi\u00e7\u00e3o foi sentida com tanta for\u00e7a pelas primeiras gera\u00e7\u00f5es dos descendentes de <em><i>Ad\u00e1m\u00a0<\/i><\/em>que todo mundo estava desejando que ela fosse removida;\u00a0ouvimos isso muito claramente nas palavras prof\u00e9ticas do pai de No\u00e9, Lameque, quando ele escolhe um nome para seu filho.\u00a0Evidentemente, Lameque sentiu o fardo do trabalho sobre uma terra que Deus havia amaldi\u00e7oado e considerou seu filho como aquele que deveria se libertar da maldi\u00e7\u00e3o \u2014como algu\u00e9m que deveria proporcionar conforto e descanso\u2014. \u00ab<em>P\u00f4s-lhe o nome de No\u00e9, dizendo: \u201cEste nos consolar\u00e1 dos nossos trabalhos, e das fadigas de nossas m\u00e3os, nesta terra que o Senhor amaldi\u00e7oou\u201d<\/em>\u00bb<em><i>.<\/i><\/em><a href=\"#_ftn1\" name=\"_ftnref1\">[1]<\/a> Falaremos mais sobre isso quando chegarmos a esses cap\u00edtulos.<\/p>\n<p>Al\u00e9m de <i>adam\u00e1<\/i>, a \u00fanica que recebeu a maldi\u00e7\u00e3o foi a serpente, a cobra.\u00a0O SENHOR pronunciou uma maldi\u00e7\u00e3o permanente sobre a serpente: \u00ab<i>Visto que isso fizeste, maldita \u00e9s entre todos os animais dom\u00e9sticos, e o \u00e9s entre todos os animais selv\u00e1ticos: rastejar\u00e1s sobre o teu ventre, e comer\u00e1s p\u00f3 todos os dias da tua vida<\/i>\u00bb.<a href=\"#_ftn2\" name=\"_ftnref2\">[2]<\/a> \u00c9 importante saber que\u00a0a B\u00edblia Hebraica n\u00e3o identifica a serpente com Satan\u00e1s.\u00a0N\u00e3o foi at\u00e9 o documento Judaico do final do primeiro s\u00e9culo \u2014o livro do Apocalipse\u2014 que a \u00abserpente\u00bb foi claramente identificada com o Satan\u00e1s: \u00ab<i>a antiga serpente que \u00e9 o diabo, Satan\u00e1s<\/i>\u00bb.<a href=\"#_ftn3\" name=\"_ftnref3\">[3]<\/a><\/p>\n<p><strong>Transferindo a culpa<\/strong><\/p>\n<p>Sabemos que, ao responder \u00e0 pergunta de Deus, <em>Ad\u00e1m<\/em> aponta o dedo para a esposa: ela \u00e9 a culpada.\u00a0Quando Deus questiona Eva, Ele recebe uma resposta semelhante dela: a serpente era a culpada.\u00a0Depois disso, o SENHOR pronuncia seu castigo \u2014mas foi apenas por comer o fruto que <em>Ad\u00e1m<\/em> e Eva foram punidos?\u2014.<\/p>\n<p>\u00c9 claro que todos estamos cientes desse jogo de transfer\u00eancia \u00a0de culpa em G\u00eanesis 3\u00a0e do fato de que Deus n\u00e3o gostou disso.\u00a0No entanto, ningu\u00e9m v\u00ea nele um problema t\u00e3o crucial quanto sua desobedi\u00eancia ao mandamento de Deus.\u00a0E, ainda, as Escrituras nos d\u00e3o raz\u00f5es para acreditar que esse foi realmente um pecado muito grave aos olhos de Deus \u2014que o castigo subsequente de Deus n\u00e3o foi apenas pela desobedi\u00eancia, mas tamb\u00e9m pela transfer\u00eancia da culpa\u2014.\u00a0Como sabemos disso?<\/p>\n<p>Voc\u00eas j\u00e1 se perguntaram por que a linhagem mon\u00e1rquica de Davi veio da tribo de Jud\u00e1? &#8211; por que esse filho de Jac\u00f3 em particular foi homenageado com esse incr\u00edvel privil\u00e9gio?\u00a0Encontramos uma resposta em G\u00eanesis 38, na hist\u00f3ria de Tamar: aqui Jud\u00e1 se torna a primeira pessoa na B\u00edblia a assumir a responsabilidade por seus pr\u00f3prios atos e se arrepender.\u00a0Ao contr\u00e1rio de <em>Ad\u00e1m<\/em>, que disse: \u00abela \u00e9 a culpada\u00bb, Jud\u00e1 disse: \u00abEu sou o culpado\u00bb.<\/p>\n<p><em>\u00ab<i>Mais justa \u00e9 ela do que eu<\/i>\u00bb.<a href=\"#_ftn4\" name=\"_ftnref4\"><strong>[4]<\/strong><\/a><\/em> Jud\u00e1 \u00e9 a primeira pessoa no livro de G\u00eanesis \u2014e, portanto, toda a B\u00edblia\u2014 a confessar seu pecado, assumir a responsabilidade por ele e mudar seu comportamento: ele se arrepende.\u00a0Eu acredito que esta \u00e9 a raz\u00e3o pela qual Deus aben\u00e7oa a tribo de Jud\u00e1 com um privil\u00e9gio t\u00e3o incr\u00edvel.\u00a0At\u00e9 o nome\u00a0<em>Yehud\u00e1<\/em>\u00a0(Jud\u00e1) vem do verbo\u00a0<em>lehod\u00f3t, que<\/em>\u00a0significa n\u00e3o apenas \u00abagradecer\u00bb (como provavelmente muitos de meus leitores sabem), mas tamb\u00e9m \u00abadmitir, confessar\u00bb.\u00a0(Por exemplo, o nome de uma ora\u00e7\u00e3o de confiss\u00e3o,\u00a0<em>Vid\u00fai,<\/em>\u00a0vem dessa raiz.) E uma vez que entendemos o qu\u00e3o importante aos olhos de Deus \u00e9 a confiss\u00e3o, tamb\u00e9m entenderemos que pecado terr\u00edvel foi esse jogo de transfer\u00eancia da culpa em G\u00eanesis 3.<\/p>\n<p><strong>Roupas de pele em vez de roupas de luz<\/strong><\/p>\n<p>Lemos em G\u00eanesis 3\u00a0que, antes de Deus expulsar <em>Ad\u00e1m<\/em> e Eva do jardim, Ele lhes fez roupas de pele.\u00a0Alguns comentaristas Judeus dizem que antes de <em>Ad\u00e1m<\/em> e <em>Jav\u00e1 <\/em>(Eva) pecarem, seus corpos eram revestidos de luz\u00a0e que, como resultado de seu pecado, as vestes da luz foram substitu\u00eddas por vestes da pele.\u00a0O texto suporta essa ideia?<\/p>\n<p>Se voc\u00eas lerem isto em Hebraico, fica claro por que os s\u00e1bios Judeus disseram isso.\u00a0A palavra Hebraica para \u00abpele\u00bb \u00e9 <em>\u00d3R<\/em> (\u05e2\u05d5\u05b9\u05e8): \u00ab\u00e1yin v\u00e1v r\u00e9sh\u00bb.\u00a0A palavra Hebraica para \u00abluz\u00bb tamb\u00e9m \u00e9 <em>\u00d3R<\/em> (\u05d0\u05d5\u05e8), mas est\u00e1 escrita com \u00ab\u00e1lef v\u00e1v r\u00e9sh\u00bb.\u00a0Originalmente, Deus vestiu <em>Ad\u00e1m<\/em> e sua esposa com as roupas de luz celestial.\u00a0Por que eles as perderam?<\/p>\n<p>Esta \u00e9 uma das caracter\u00edsticas surpreendentes do Hebraico: as mensagens profundas de suas letras n\u00e3o devem ser perdidas. As palavras Hebraicas para \u00abluz\u00bb e \u00abpele\u00bb diferem em apenas uma letra:\u00a0<em>\u00e1lef<\/em>\u00a0para \u00abluz\u00bb e\u00a0<em>\u00e1yin<\/em>\u00a0para \u00abpele\u00bb.\u00a0O valor num\u00e9rico de \u00e1lef \u00e9 1, de <em>\u00e1yin<\/em> \u00e9 70. A diferen\u00e7a entre eles \u00e9 69, representada pelas letras Hebraicas <em>s\u00e1mej<\/em> (\u05e1) e <em>t\u00e9t<\/em> (\u05d8).\u00a0A raiz da palavra <em>s\u00e1mej<\/em> significa \u00abapoiar-se\u00bb, \u00absustentar\u00bb.\u00a0A imagem gr\u00e1fica para tet parece uma cobra.\u00a0Ao se apoiar na cobra, <em>Ad\u00e1m<\/em> e Eva perderam suas vestes de luz (\u05d0\u05d5\u05e8) e tiveram que ser vestidos com roupas de pele.<\/p>\n<p>&nbsp;<\/p>\n<p><a href=\"#_ftnref1\" name=\"_ftn1\">[1]<\/a> G\u00eanesis 5:29.<\/p>\n<p><a href=\"#_ftnref2\" name=\"_ftn2\">[2]<\/a> G\u00eanesis 3:14.<\/p>\n<p><a href=\"#_ftnref3\" name=\"_ftn3\">[3]<\/a>\u00a0Apocalipse 20:2.<\/p>\n<p><a href=\"#_ftnref4\" name=\"_ftn4\">[4]<\/a> G\u00eanesis 38:26.<\/p>\n<p>&nbsp;<\/p>\n<p><i>Trechos dos meus livros \u00abBiblical Portraits: Judah\u00bb\u00a0e \u00abUnlocking\u00a0 the Scriptures\u00bb est\u00e3o inclu\u00eddos neste post.\u00a0<\/i>Se\u00a0<i>voc\u00eas gostam dos artigos deste blog, podem tamb\u00e9m gostar dos livros, podem obt\u00ea-los na minha p\u00e1gina na Amazon:\u00a0<\/i><\/p>\n<p style=\"font-weight: 400\"><i>Alguns dos livros tamb\u00e9m est\u00e3o dispon\u00edveis na minha p\u00e1gina:<\/i> <a href=\"https:\/\/israelbiblicalstudies.com\/blog\/author\/juliablum\/\"><i>https:\/\/israelbiblicalstudies.com\/blog\/author\/juliablum\/ \u00a0 \u00a0 .<\/i><\/a><\/p>\n<p><em>Al\u00e9m disso, eu gostaria de lembr\u00e1-los, que\u00a0se estes artigos despertarem seu interesse por descobrir os tesouros escondidos da B\u00edblia Hebraica, ou estudar em profundidade a Parash\u00e1t Shav\u00faa, junto com as perspectivas \u00a0do Novo Testamento,\u00a0eu ficaria feliz em fornecer mais informa\u00e7\u00f5es (e tamb\u00e9m um desconto de professor para os novos alunos) em rela\u00e7\u00e3o aos cursos da eTeacher\u00a0<u><\/u>(<a href=\"mailto:juliab@eteachergroup.com\">juliab@eteachergroup.com<\/a>).<\/em><\/p>\n<p>&nbsp;<\/p>\n","protected":false},"excerpt":{"rendered":"<p>O v\u00edrus Corona mudou os planos de milh\u00f5es \u2014e este blog, \u00e9 claro, n\u00e3o tem estado isento dessa influ\u00eancia infeliz\u2014.\u00a0Originalmente, eu planejava ter minha s\u00e9rie \u00abCome\u00e7os\u00bb desde o in\u00edcio de 2020 at\u00e9 a P\u00e1scoa \u2014mas como voc\u00eas sabem, n\u00e3o foi isso que aconteceu\u2014.\u00a0Este artigo retoma esta s\u00e9rie;\u00a0e estou lembrando que estamos agora em G\u00eanesis 3\u00a0e [&hellip;]<\/p>\n","protected":false},"author":45,"featured_media":13291,"comment_status":"open","ping_status":"open","sticky":false,"template":"","format":"standard","meta":{"_acf_changed":false,"inline_featured_image":false,"footnotes":""},"categories":[395],"tags":[],"class_list":["post-45237","post","type-post","status-publish","format-standard","has-post-thumbnail","hentry","category-jewish-studies"],"acf":[],"yoast_head":"<!-- This site is optimized with the Yoast SEO plugin v26.5 - https:\/\/yoast.com\/wordpress\/plugins\/seo\/ -->\n<title>Come\u00e7os (11): G\u00eanesis 3 - Israel Institute of Biblical Studies<\/title>\n<meta name=\"description\" content=\"O v\u00edrus Corona mudou os planos de milh\u00f5es \u2014e este blog, \u00e9 claro, n\u00e3o tem estado isento dessa influ\u00eancia infeliz\u2014.\u00a0Originalmente, eu planejava ter minha\" \/>\n<meta name=\"robots\" content=\"index, follow, max-snippet:-1, max-image-preview:large, max-video-preview:-1\" \/>\n<link rel=\"canonical\" href=\"https:\/\/israelbiblicalstudies.com\/pt\/blog\/category\/jewish-studies\/beginnings-11\/\" \/>\n<meta property=\"og:locale\" content=\"pt_BR\" \/>\n<meta property=\"og:type\" content=\"article\" \/>\n<meta property=\"og:title\" content=\"Come\u00e7os (11): G\u00eanesis 3 - Israel Institute of Biblical Studies\" \/>\n<meta property=\"og:description\" content=\"O v\u00edrus Corona mudou os planos de milh\u00f5es \u2014e este blog, \u00e9 claro, n\u00e3o tem estado isento dessa influ\u00eancia infeliz\u2014.\u00a0Originalmente, eu planejava ter minha\" \/>\n<meta property=\"og:url\" content=\"https:\/\/israelbiblicalstudies.com\/pt\/blog\/category\/jewish-studies\/beginnings-11\/\" \/>\n<meta property=\"og:site_name\" content=\"Israel Institute of Biblical Studies\" \/>\n<meta property=\"article:published_time\" content=\"2020-05-14T08:45:38+00:00\" \/>\n<meta property=\"article:modified_time\" content=\"2025-08-13T11:38:28+00:00\" \/>\n<meta property=\"og:image\" content=\"https:\/\/israelbiblicalstudies.com\/wp-content\/uploads\/2020\/03\/shutterstock_207958261-2.png\" \/>\n\t<meta property=\"og:image:width\" content=\"1024\" \/>\n\t<meta property=\"og:image:height\" content=\"535\" \/>\n\t<meta property=\"og:image:type\" content=\"image\/png\" \/>\n<meta name=\"author\" content=\"Julia Blum\" \/>\n<meta name=\"twitter:card\" content=\"summary_large_image\" \/>\n<meta name=\"twitter:label1\" content=\"Escrito por\" \/>\n\t<meta name=\"twitter:data1\" content=\"Julia Blum\" \/>\n\t<meta name=\"twitter:label2\" content=\"Est. tempo de leitura\" \/>\n\t<meta name=\"twitter:data2\" content=\"6 minutos\" \/>\n<script type=\"application\/ld+json\" class=\"yoast-schema-graph\">{\"@context\":\"https:\/\/schema.org\",\"@graph\":[{\"@type\":\"Article\",\"@id\":\"https:\/\/israelbiblicalstudies.com\/pt\/blog\/category\/jewish-studies\/beginnings-11\/#article\",\"isPartOf\":{\"@id\":\"https:\/\/israelbiblicalstudies.com\/pt\/blog\/category\/jewish-studies\/beginnings-11\/\"},\"author\":{\"name\":\"Julia Blum\",\"@id\":\"https:\/\/israelbiblicalstudies.com\/pt\/#\/schema\/person\/470c9356fa72a497ecb801267dff4d15\"},\"headline\":\"Come\u00e7os (11): G\u00eanesis 3\",\"datePublished\":\"2020-05-14T08:45:38+00:00\",\"dateModified\":\"2025-08-13T11:38:28+00:00\",\"mainEntityOfPage\":{\"@id\":\"https:\/\/israelbiblicalstudies.com\/pt\/blog\/category\/jewish-studies\/beginnings-11\/\"},\"wordCount\":1275,\"commentCount\":11,\"publisher\":{\"@id\":\"https:\/\/israelbiblicalstudies.com\/pt\/#organization\"},\"image\":{\"@id\":\"https:\/\/israelbiblicalstudies.com\/pt\/blog\/category\/jewish-studies\/beginnings-11\/#primaryimage\"},\"thumbnailUrl\":\"https:\/\/israelbiblicalstudies.com\/wp-content\/uploads\/2020\/03\/shutterstock_207958261-2.png\",\"articleSection\":[\"Estudos Judaicos\"],\"inLanguage\":\"pt-BR\",\"potentialAction\":[{\"@type\":\"CommentAction\",\"name\":\"Comment\",\"target\":[\"https:\/\/israelbiblicalstudies.com\/pt\/blog\/category\/jewish-studies\/beginnings-11\/#respond\"]}]},{\"@type\":\"WebPage\",\"@id\":\"https:\/\/israelbiblicalstudies.com\/pt\/blog\/category\/jewish-studies\/beginnings-11\/\",\"url\":\"https:\/\/israelbiblicalstudies.com\/pt\/blog\/category\/jewish-studies\/beginnings-11\/\",\"name\":\"Come\u00e7os (11): G\u00eanesis 3 - Israel Institute of Biblical Studies\",\"isPartOf\":{\"@id\":\"https:\/\/israelbiblicalstudies.com\/pt\/#website\"},\"primaryImageOfPage\":{\"@id\":\"https:\/\/israelbiblicalstudies.com\/pt\/blog\/category\/jewish-studies\/beginnings-11\/#primaryimage\"},\"image\":{\"@id\":\"https:\/\/israelbiblicalstudies.com\/pt\/blog\/category\/jewish-studies\/beginnings-11\/#primaryimage\"},\"thumbnailUrl\":\"https:\/\/israelbiblicalstudies.com\/wp-content\/uploads\/2020\/03\/shutterstock_207958261-2.png\",\"datePublished\":\"2020-05-14T08:45:38+00:00\",\"dateModified\":\"2025-08-13T11:38:28+00:00\",\"description\":\"O v\u00edrus Corona mudou os planos de milh\u00f5es \u2014e este blog, \u00e9 claro, n\u00e3o tem estado isento dessa influ\u00eancia infeliz\u2014.\u00a0Originalmente, eu planejava ter minha\",\"breadcrumb\":{\"@id\":\"https:\/\/israelbiblicalstudies.com\/pt\/blog\/category\/jewish-studies\/beginnings-11\/#breadcrumb\"},\"inLanguage\":\"pt-BR\",\"potentialAction\":[{\"@type\":\"ReadAction\",\"target\":[\"https:\/\/israelbiblicalstudies.com\/pt\/blog\/category\/jewish-studies\/beginnings-11\/\"]}]},{\"@type\":\"ImageObject\",\"inLanguage\":\"pt-BR\",\"@id\":\"https:\/\/israelbiblicalstudies.com\/pt\/blog\/category\/jewish-studies\/beginnings-11\/#primaryimage\",\"url\":\"https:\/\/israelbiblicalstudies.com\/wp-content\/uploads\/2020\/03\/shutterstock_207958261-2.png\",\"contentUrl\":\"https:\/\/israelbiblicalstudies.com\/wp-content\/uploads\/2020\/03\/shutterstock_207958261-2.png\",\"width\":1024,\"height\":535},{\"@type\":\"BreadcrumbList\",\"@id\":\"https:\/\/israelbiblicalstudies.com\/pt\/blog\/category\/jewish-studies\/beginnings-11\/#breadcrumb\",\"itemListElement\":[{\"@type\":\"ListItem\",\"position\":1,\"name\":\"Home\",\"item\":\"https:\/\/israelbiblicalstudies.com\/pt\/\"},{\"@type\":\"ListItem\",\"position\":2,\"name\":\"Estudos Judaicos\",\"item\":\"https:\/\/israelbiblicalstudies.com\/pt\/blog\/category\/jewish-studies\/\"},{\"@type\":\"ListItem\",\"position\":3,\"name\":\"Come\u00e7os (11): G\u00eanesis 3\"}]},{\"@type\":\"WebSite\",\"@id\":\"https:\/\/israelbiblicalstudies.com\/pt\/#website\",\"url\":\"https:\/\/israelbiblicalstudies.com\/pt\/\",\"name\":\"Israel Institute of Biblical Studies\",\"description\":\"Deepen Your Understanding of the Bible\",\"publisher\":{\"@id\":\"https:\/\/israelbiblicalstudies.com\/pt\/#organization\"},\"potentialAction\":[{\"@type\":\"SearchAction\",\"target\":{\"@type\":\"EntryPoint\",\"urlTemplate\":\"https:\/\/israelbiblicalstudies.com\/pt\/?s={search_term_string}\"},\"query-input\":{\"@type\":\"PropertyValueSpecification\",\"valueRequired\":true,\"valueName\":\"search_term_string\"}}],\"inLanguage\":\"pt-BR\"},{\"@type\":\"Organization\",\"@id\":\"https:\/\/israelbiblicalstudies.com\/pt\/#organization\",\"name\":\"Israel Biblical Studies\",\"url\":\"https:\/\/israelbiblicalstudies.com\/pt\/\",\"logo\":{\"@type\":\"ImageObject\",\"inLanguage\":\"pt-BR\",\"@id\":\"https:\/\/israelbiblicalstudies.com\/pt\/#\/schema\/logo\/image\/\",\"url\":\"https:\/\/israelbiblicalstudies.com\/wp-content\/uploads\/2016\/09\/logo-invert.png\",\"contentUrl\":\"https:\/\/israelbiblicalstudies.com\/wp-content\/uploads\/2016\/09\/logo-invert.png\",\"width\":152,\"height\":68,\"caption\":\"Israel Biblical Studies\"},\"image\":{\"@id\":\"https:\/\/israelbiblicalstudies.com\/pt\/#\/schema\/logo\/image\/\"}},{\"@type\":\"Person\",\"@id\":\"https:\/\/israelbiblicalstudies.com\/pt\/#\/schema\/person\/470c9356fa72a497ecb801267dff4d15\",\"name\":\"Julia Blum\",\"image\":{\"@type\":\"ImageObject\",\"inLanguage\":\"pt-BR\",\"@id\":\"https:\/\/israelbiblicalstudies.com\/pt\/#\/schema\/person\/image\/\",\"url\":\"https:\/\/secure.gravatar.com\/avatar\/bba81953dcf8395e3b4a73607c07e2f9d3e53c113398ce1fd48361f3f137b781?s=96&d=mm&r=g\",\"contentUrl\":\"https:\/\/secure.gravatar.com\/avatar\/bba81953dcf8395e3b4a73607c07e2f9d3e53c113398ce1fd48361f3f137b781?s=96&d=mm&r=g\",\"caption\":\"Julia Blum\"},\"description\":\"Julia is a teacher and an author of several books on biblical topics. She teaches two biblical courses at the Israel Institute of Biblical Studies, \u201cDiscovering the Hebrew Bible\u201d and \u201cJewish Background of the New Testament\u201d, and writes Hebrew insights for these courses.\",\"url\":\"https:\/\/israelbiblicalstudies.com\/pt\/blog\/author\/juliablum\/\"}]}<\/script>\n<!-- \/ Yoast SEO plugin. -->","yoast_head_json":{"title":"Come\u00e7os (11): G\u00eanesis 3 - Israel Institute of Biblical Studies","description":"O v\u00edrus Corona mudou os planos de milh\u00f5es \u2014e este blog, \u00e9 claro, n\u00e3o tem estado isento dessa influ\u00eancia infeliz\u2014.\u00a0Originalmente, eu planejava ter minha","robots":{"index":"index","follow":"follow","max-snippet":"max-snippet:-1","max-image-preview":"max-image-preview:large","max-video-preview":"max-video-preview:-1"},"canonical":"https:\/\/israelbiblicalstudies.com\/pt\/blog\/category\/jewish-studies\/beginnings-11\/","og_locale":"pt_BR","og_type":"article","og_title":"Come\u00e7os (11): G\u00eanesis 3 - Israel Institute of Biblical Studies","og_description":"O v\u00edrus Corona mudou os planos de milh\u00f5es \u2014e este blog, \u00e9 claro, n\u00e3o tem estado isento dessa influ\u00eancia infeliz\u2014.\u00a0Originalmente, eu planejava ter minha","og_url":"https:\/\/israelbiblicalstudies.com\/pt\/blog\/category\/jewish-studies\/beginnings-11\/","og_site_name":"Israel Institute of Biblical Studies","article_published_time":"2020-05-14T08:45:38+00:00","article_modified_time":"2025-08-13T11:38:28+00:00","og_image":[{"width":1024,"height":535,"url":"https:\/\/israelbiblicalstudies.com\/wp-content\/uploads\/2020\/03\/shutterstock_207958261-2.png","type":"image\/png"}],"author":"Julia Blum","twitter_card":"summary_large_image","twitter_misc":{"Escrito por":"Julia Blum","Est. tempo de leitura":"6 minutos"},"schema":{"@context":"https:\/\/schema.org","@graph":[{"@type":"Article","@id":"https:\/\/israelbiblicalstudies.com\/pt\/blog\/category\/jewish-studies\/beginnings-11\/#article","isPartOf":{"@id":"https:\/\/israelbiblicalstudies.com\/pt\/blog\/category\/jewish-studies\/beginnings-11\/"},"author":{"name":"Julia Blum","@id":"https:\/\/israelbiblicalstudies.com\/pt\/#\/schema\/person\/470c9356fa72a497ecb801267dff4d15"},"headline":"Come\u00e7os (11): G\u00eanesis 3","datePublished":"2020-05-14T08:45:38+00:00","dateModified":"2025-08-13T11:38:28+00:00","mainEntityOfPage":{"@id":"https:\/\/israelbiblicalstudies.com\/pt\/blog\/category\/jewish-studies\/beginnings-11\/"},"wordCount":1275,"commentCount":11,"publisher":{"@id":"https:\/\/israelbiblicalstudies.com\/pt\/#organization"},"image":{"@id":"https:\/\/israelbiblicalstudies.com\/pt\/blog\/category\/jewish-studies\/beginnings-11\/#primaryimage"},"thumbnailUrl":"https:\/\/israelbiblicalstudies.com\/wp-content\/uploads\/2020\/03\/shutterstock_207958261-2.png","articleSection":["Estudos Judaicos"],"inLanguage":"pt-BR","potentialAction":[{"@type":"CommentAction","name":"Comment","target":["https:\/\/israelbiblicalstudies.com\/pt\/blog\/category\/jewish-studies\/beginnings-11\/#respond"]}]},{"@type":"WebPage","@id":"https:\/\/israelbiblicalstudies.com\/pt\/blog\/category\/jewish-studies\/beginnings-11\/","url":"https:\/\/israelbiblicalstudies.com\/pt\/blog\/category\/jewish-studies\/beginnings-11\/","name":"Come\u00e7os (11): G\u00eanesis 3 - Israel Institute of Biblical Studies","isPartOf":{"@id":"https:\/\/israelbiblicalstudies.com\/pt\/#website"},"primaryImageOfPage":{"@id":"https:\/\/israelbiblicalstudies.com\/pt\/blog\/category\/jewish-studies\/beginnings-11\/#primaryimage"},"image":{"@id":"https:\/\/israelbiblicalstudies.com\/pt\/blog\/category\/jewish-studies\/beginnings-11\/#primaryimage"},"thumbnailUrl":"https:\/\/israelbiblicalstudies.com\/wp-content\/uploads\/2020\/03\/shutterstock_207958261-2.png","datePublished":"2020-05-14T08:45:38+00:00","dateModified":"2025-08-13T11:38:28+00:00","description":"O v\u00edrus Corona mudou os planos de milh\u00f5es \u2014e este blog, \u00e9 claro, n\u00e3o tem estado isento dessa influ\u00eancia infeliz\u2014.\u00a0Originalmente, eu planejava ter minha","breadcrumb":{"@id":"https:\/\/israelbiblicalstudies.com\/pt\/blog\/category\/jewish-studies\/beginnings-11\/#breadcrumb"},"inLanguage":"pt-BR","potentialAction":[{"@type":"ReadAction","target":["https:\/\/israelbiblicalstudies.com\/pt\/blog\/category\/jewish-studies\/beginnings-11\/"]}]},{"@type":"ImageObject","inLanguage":"pt-BR","@id":"https:\/\/israelbiblicalstudies.com\/pt\/blog\/category\/jewish-studies\/beginnings-11\/#primaryimage","url":"https:\/\/israelbiblicalstudies.com\/wp-content\/uploads\/2020\/03\/shutterstock_207958261-2.png","contentUrl":"https:\/\/israelbiblicalstudies.com\/wp-content\/uploads\/2020\/03\/shutterstock_207958261-2.png","width":1024,"height":535},{"@type":"BreadcrumbList","@id":"https:\/\/israelbiblicalstudies.com\/pt\/blog\/category\/jewish-studies\/beginnings-11\/#breadcrumb","itemListElement":[{"@type":"ListItem","position":1,"name":"Home","item":"https:\/\/israelbiblicalstudies.com\/pt\/"},{"@type":"ListItem","position":2,"name":"Estudos Judaicos","item":"https:\/\/israelbiblicalstudies.com\/pt\/blog\/category\/jewish-studies\/"},{"@type":"ListItem","position":3,"name":"Come\u00e7os (11): G\u00eanesis 3"}]},{"@type":"WebSite","@id":"https:\/\/israelbiblicalstudies.com\/pt\/#website","url":"https:\/\/israelbiblicalstudies.com\/pt\/","name":"Israel Institute of Biblical Studies","description":"Deepen Your Understanding of the Bible","publisher":{"@id":"https:\/\/israelbiblicalstudies.com\/pt\/#organization"},"potentialAction":[{"@type":"SearchAction","target":{"@type":"EntryPoint","urlTemplate":"https:\/\/israelbiblicalstudies.com\/pt\/?s={search_term_string}"},"query-input":{"@type":"PropertyValueSpecification","valueRequired":true,"valueName":"search_term_string"}}],"inLanguage":"pt-BR"},{"@type":"Organization","@id":"https:\/\/israelbiblicalstudies.com\/pt\/#organization","name":"Israel Biblical Studies","url":"https:\/\/israelbiblicalstudies.com\/pt\/","logo":{"@type":"ImageObject","inLanguage":"pt-BR","@id":"https:\/\/israelbiblicalstudies.com\/pt\/#\/schema\/logo\/image\/","url":"https:\/\/israelbiblicalstudies.com\/wp-content\/uploads\/2016\/09\/logo-invert.png","contentUrl":"https:\/\/israelbiblicalstudies.com\/wp-content\/uploads\/2016\/09\/logo-invert.png","width":152,"height":68,"caption":"Israel Biblical Studies"},"image":{"@id":"https:\/\/israelbiblicalstudies.com\/pt\/#\/schema\/logo\/image\/"}},{"@type":"Person","@id":"https:\/\/israelbiblicalstudies.com\/pt\/#\/schema\/person\/470c9356fa72a497ecb801267dff4d15","name":"Julia Blum","image":{"@type":"ImageObject","inLanguage":"pt-BR","@id":"https:\/\/israelbiblicalstudies.com\/pt\/#\/schema\/person\/image\/","url":"https:\/\/secure.gravatar.com\/avatar\/bba81953dcf8395e3b4a73607c07e2f9d3e53c113398ce1fd48361f3f137b781?s=96&d=mm&r=g","contentUrl":"https:\/\/secure.gravatar.com\/avatar\/bba81953dcf8395e3b4a73607c07e2f9d3e53c113398ce1fd48361f3f137b781?s=96&d=mm&r=g","caption":"Julia Blum"},"description":"Julia is a teacher and an author of several books on biblical topics. She teaches two biblical courses at the Israel Institute of Biblical Studies, \u201cDiscovering the Hebrew Bible\u201d and \u201cJewish Background of the New Testament\u201d, and writes Hebrew insights for these courses.","url":"https:\/\/israelbiblicalstudies.com\/pt\/blog\/author\/juliablum\/"}]}},"_links":{"self":[{"href":"https:\/\/israelbiblicalstudies.com\/pt\/wp-json\/wp\/v2\/posts\/45237","targetHints":{"allow":["GET"]}}],"collection":[{"href":"https:\/\/israelbiblicalstudies.com\/pt\/wp-json\/wp\/v2\/posts"}],"about":[{"href":"https:\/\/israelbiblicalstudies.com\/pt\/wp-json\/wp\/v2\/types\/post"}],"author":[{"embeddable":true,"href":"https:\/\/israelbiblicalstudies.com\/pt\/wp-json\/wp\/v2\/users\/45"}],"replies":[{"embeddable":true,"href":"https:\/\/israelbiblicalstudies.com\/pt\/wp-json\/wp\/v2\/comments?post=45237"}],"version-history":[{"count":0,"href":"https:\/\/israelbiblicalstudies.com\/pt\/wp-json\/wp\/v2\/posts\/45237\/revisions"}],"wp:featuredmedia":[{"embeddable":true,"href":"https:\/\/israelbiblicalstudies.com\/pt\/wp-json\/wp\/v2\/media\/13291"}],"wp:attachment":[{"href":"https:\/\/israelbiblicalstudies.com\/pt\/wp-json\/wp\/v2\/media?parent=45237"}],"wp:term":[{"taxonomy":"category","embeddable":true,"href":"https:\/\/israelbiblicalstudies.com\/pt\/wp-json\/wp\/v2\/categories?post=45237"},{"taxonomy":"post_tag","embeddable":true,"href":"https:\/\/israelbiblicalstudies.com\/pt\/wp-json\/wp\/v2\/tags?post=45237"}],"curies":[{"name":"wp","href":"https:\/\/api.w.org\/{rel}","templated":true}]}}