{"id":45239,"date":"2020-05-27T17:06:33","date_gmt":"2020-05-27T14:06:33","guid":{"rendered":"https:\/\/iibsblogsstg.wpenginepowered.com\/?p=13406"},"modified":"2025-08-13T11:38:27","modified_gmt":"2025-08-13T11:38:27","slug":"eu-responderei-aos-ceus-e-eles-responderao-a-terra","status":"publish","type":"post","link":"https:\/\/israelbiblicalstudies.com\/pt\/blog\/category\/jewish-studies\/eu-responderei-aos-ceus-e-eles-responderao-a-terra\/","title":{"rendered":"Eu Responderei aos C\u00e9us, e Eles responder\u00e3o \u00e0 Terra"},"content":{"rendered":"<p><strong>O dia da revela\u00e7\u00e3o: Perspectiva judaica<\/strong><\/p>\n<p>\u00ab<i><sup>15 <\/sup>Contareis para v\u00f3s outros desde o dia imediato ao sabbat, desde o dia em que trouxerdes o molho da oferta movida; sete semanas inteiras ser\u00e3o.\u00a0<sup>16\u00a0<\/sup>At\u00e9 ao dia imediato ao s\u00e9timo sabbat, contareis cinquenta dias; ent\u00e3o trareis nova oferta de manjares ao Senhor<\/i>\u00bb.<a href=\"#_ftn2\" name=\"_ftnref2\">[2]<\/a><\/p>\n<p>Esta \u00e9 a nossa Escritura para datar o <em>Shavu\u00f3t\u00a0<\/em>\u2014a Festa das Semanas\u2014 uma das tr\u00eas festas de peregrina\u00e7\u00e3o B\u00edblicas.\u00a0A Tor\u00e1 n\u00e3o fornece uma data espec\u00edfica para esta festa, vinculando sua data diretamente \u00e0 da P\u00e1scoa.\u00a0A palavra <em>Shavu\u00f3t <\/em>significa \u00absemanas\u00bb e a Festa de <em>Shavu\u00f3t<\/em> marca a conclus\u00e3o do per\u00edodo de sete semanas entre a P\u00e1scoa e o <em>Shavu\u00f3<\/em>t.\u00a0Hoje, o <em>Shavu\u00f3t <\/em>\u00e9 realizado no dia 6 de <em>Siv\u00e1n<\/em>, cinquenta dias ap\u00f3s o segundo dia da P\u00e1scoa.\u00a0\u00c9 uma das tr\u00eas principais festas anuais do calend\u00e1rio B\u00edblico.<\/p>\n<p>As leituras da Tor\u00e1 para este feriado incluem \u00caxodo 19-20: a subida de <em>Mosh\u00e9<\/em> (Mois\u00e9s) ao Monte Sinai e os 10 Mandamentos.\u00a0Por qu\u00ea?\u00a0Muitos Crist\u00e3os n\u00e3o est\u00e3o cientes do fato de que, na tradi\u00e7\u00e3o Judaica, o <em>Shavu\u00f3t<\/em> passou a ser entendido como uma comemora\u00e7\u00e3o da entrega da Tor\u00e1 a Mois\u00e9s no Monte Sinai.\u00a0Embora n\u00e3o haja uma refer\u00eancia expl\u00edcita a isso na Tor\u00e1, em\u00a0<a href=\"https:\/\/biblia.com\/bible\/esv\/Exod%2019.1\">\u00caxodo 19:1<\/a>\u00a0lemos que os Israelitas chegaram ao p\u00e9 do monte Sinai \u00ab<em>no terceiro m\u00eas<\/em>\u00bb.\u00a0O terceiro m\u00eas ap\u00f3s o \u00caxodo \u00e9 <em>Siv\u00e1n<\/em>;\u00a0como este tamb\u00e9m foi o m\u00eas de <em>Shavu\u00f3t<\/em>, os rabinos deduziram que Deus deu a Tor\u00e1 no <em>Shavu\u00f3t<\/em>.\u00a0Assim, <em>Shavu\u00f3t<\/em> tornou-se associado \u00e0 entrega da Tor\u00e1 e, gradualmente, na tradi\u00e7\u00e3o Judaica, tornou-se a Festa da Entrega da Tor\u00e1.<\/p>\n<p><strong>O sia da revela\u00e7\u00e3o: Perspectiva do Novo Testamento<\/strong><\/p>\n<p>Voc\u00eas provavelmente sabem que <em>Shavu\u00f3t<\/em> e Pentecostes s\u00e3o dois nomes diferentes para a mesma festa.\u00a0A B\u00edblia diz: \u00ab<em>conte cinquenta dias<\/em>\u00bb, raz\u00e3o pela qual, no Novo Testamento, o nome para o feriado \u00e9 geralmente traduzido como \u00abPentecostes\u00bb.\u00a0Portanto, \u00e9 no contexto de <em>Shavu\u00f3t<\/em> que os eventos dos dois primeiros cap\u00edtulos do livro de Atos devem ser vistos.<\/p>\n<p>Por exemplo, quando em\u00a0<a href=\"https:\/\/biblia.com\/bible\/esv\/Acts%201.4\">Atos 1:4<\/a>\u00a0Jesus ordenou que seus disc\u00edpulos n\u00e3o \u00ab<em>partissem de Jerusal\u00e9m<\/em>\u00bb, entender\u00edamos melhor essa ordem se lembrarmos que <em>Shavu\u00f3t <\/em>\u00e9 uma das tr\u00eas festas de peregrina\u00e7\u00e3o B\u00edblicas quando todos os Judeus deveriam estar em Jerusal\u00e9m: \u00ab<em>Tr\u00eas vezes por ano todos os seus homens aparecer\u00e3o diante do Senhor, seu Deus, no lugar que ele escolher: na Festa dos P\u00e3es \u00c1zimos, na Festa das Semanas e na Festa dos Tabern\u00e1culos<\/em>\u00bb<em>.<\/em><a href=\"#_ftn3\" name=\"_ftnref3\">[3]<\/a><\/p>\n<p><em>E ent\u00e3o lemos em Atos 2\u00a0que, \u00ab<i><sup>1 <\/sup>quando o dia de Pentecostes chegou, eles estavam todos juntos em um s\u00f3 lugar.\u00a0<sup>2\u00a0<\/sup>E de repente, do c\u00e9u, ouviu-se o som de um vento violento, que encheu toda a casa onde estavam sentados.\u00a0<sup>3<\/sup>\u00a0L\u00ednguas divididas, como de fogo, apareceram entre eles, e uma l\u00edngua repousou sobre cada um deles<\/i>\u00bb.<\/em><a href=\"#_ftn4\" name=\"_ftnref4\">[4]<\/a><\/p>\n<p>Se lembrarmos que, no primeiro s\u00e9culo, o <i>Shavu\u00f3t <\/i>j\u00e1 estava associado \u00e0 entrega da Tor\u00e1 a Mois\u00e9s no Monte Sinai, entender\u00edamos que certamente n\u00e3o foi coincid\u00eancia que a descida do Esp\u00edrito fosse descrita no dia de Pentecostes.\u00a0Al\u00e9m disso, poder\u00edamos ver todos esses belos e profundos paralelos entre Deus dando Sua Palavra e Deus dando Seu Esp\u00edrito.\u00a0Lucas descreve consciente e intencionalmente os eventos de Atos 2\u00a0em termos de um \u00absegundo Sinai\u00bb.\u00a0O \u00ab<i>barulho como um vento violento<\/i>\u00bb em Atos 2\u00a0certamente ecoa os trov\u00f5es de\u00a0<a href=\"https:\/\/biblia.com\/bible\/esv\/Exod%2020.18\" target=\"_blank\" rel=\"noopener noreferrer\">\u00caxodo 20:18<\/a>, e o fogo de Atos \u00e9 paralelo ao fogo de \u00caxodo.\u00a0No <i>Midr\u00e1sh\u00a0\u00caxodo Rabb\u00e1<\/i>, temos este coment\u00e1rio sobre \u00caxodo 20: \u00ab<i>Uma voz foi dividida em sete e elas foram divididas em setenta idiomas<\/i>\u00bb.<a href=\"#_ftn5\" name=\"_ftnref5\">[5]<\/a> Hillary Le Cornu e Joseph Shulam citam uma frase ainda mais marcante de um Midrash: \u00ab<i>A voz saiu e foi dividida em sete vozes e de sete vozes em setenta l\u00ednguas, para que\u00a0<b>todas as na\u00e7\u00f5es ou\u00e7am.\u00a0E toda na\u00e7\u00e3o ouviu a voz em sua pr\u00f3pria l\u00edngua<\/b>\u00a0e ficou maravilhada<\/i>\u00bb.<a href=\"#_ftn6\" name=\"_ftnref6\">[6]<\/a>\u00a0Isso n\u00e3o soa quase como uma cita\u00e7\u00e3o do livro de Atos: \u00ab<em>E quando esse som ocorreu, a multid\u00e3o se uniu e ficou confusa, porque todos os ouviram falar em seu pr\u00f3prio idioma.\u00a0Ent\u00e3o todos ficaram maravilhados<\/em>\u00bb<em>.<\/em><strong><sup>\u00a0<\/sup><\/strong>Assim, em ambas as ocasi\u00f5es, o <em>Shavu\u00f3t<\/em> se torna o dia em que o c\u00e9u \u00e9 aberto e o pr\u00f3prio Deus reivindica Seu povo.\u00a0A ordem de Jesus aos ap\u00f3stolos de esperar em Jerusal\u00e9m (em\u00a0<a href=\"https:\/\/biblia.com\/bible\/esv\/Acts1.4\">Atos 1:4<\/a>) tamb\u00e9m pode ser entendida como um ind\u00edcio de que, como Sua Palavra foi dada em <em>Shavu\u00f3t<\/em>, Seu Esp\u00edrito tamb\u00e9m ser\u00e1 dado em <em>Shavu\u00f3t<\/em>.<\/p>\n<p><strong>O dia da revela\u00e7\u00e3o: O Messias oculto \u00e9 revelado<\/strong><\/p>\n<p>Podemos dizer com seguran\u00e7a agora que a revela\u00e7\u00e3o \u00e9 o tema principal de\u00a0<i>Shavu\u00f3t<\/i>,\u00a0<b>tanto na tradi\u00e7\u00e3o Judaica quanto na do Novo Testamento.\u00a0<\/b>Muitos n\u00e3o est\u00e3o cientes, no entanto, da revela\u00e7\u00e3o adicional que aconteceu naquele dia.\u00a0Aqueles dos meus leitores que leram meu livro sobre o \u00abO Messias Oculto\u00bb<a href=\"#_ftn7\" name=\"_ftnref7\">[7]<\/a>\u00a0podem lembrar que \u00e9 aqui, no segundo cap\u00edtulo do livro de Atos, que o status messi\u00e2nico de Jesus \u00e9 revelado publicamente pela primeira vez.\u00a0O contraste com a Sua oculta\u00e7\u00e3o nos evangelhos \u00e9 dram\u00e1tico.\u00a0Nenhuma palavra pode descrever melhor essa mudan\u00e7a abrupta na atmosfera do Evangelho de Lucas para Atos, do que o vers\u00edculo do pr\u00f3prio Lucas: \u00ab<em>O que voc\u00eas falaram nos ouvidos nas salas internas ser\u00e1 proclamado nos telhados<\/em>\u00bb. Em contraste o oculto\/escondido\/ apenas \u00ab<em>no ouvido<\/em>\u00bb<em> revelou\u00a0<\/em>um\u00a0segredo da identidade messi\u00e2nica de Jesus no Evangelho, aqui em Atos 2\u00a0, no dia de Pentecostes, ouvimos uma proclama\u00e7\u00e3o aberta de sua messianidade, pela primeira vez. Em seu primeiro discurso p\u00fablico, Pedro proclama em voz alta (quase literalmente \u00ab<em>nos telhados<\/em>\u00bb)<em>, <\/em>que Jesus de Nazar\u00e9 \u00e9 o Messias<em>: <\/em>\u00ab<em>Esteja absolutamente certa, pois, toda a casa e Israel de que a este Jesus, que v\u00f3s crucificastes, Deus o fez Senhor e Cristo<\/em>\u00bb. O conhecimento secreto e esot\u00e9rico do Evangelho de repente se torna uma mensagem amplamente difundida em Atos;\u00a0o segredo da messianidade de Jesus \u00e9 revelado \u2014e tamb\u00e9m acontece em <em>Shavu\u00f3t\u2014<\/em>, junto com outros dois eventos profundos.<\/p>\n<p>&nbsp;<\/p>\n<p>&nbsp;<\/p>\n<p><em>Se os artigos deste blog despertam o seu interesse por descobrir os tesouros escondidos da B\u00edblia Hebraica, estudar a Parashat Shavua em profundidade, juntamente com os conhecimentos do Novo Testamento,\u00a0ou aprender mais sobre o contexto Judaico dos ensinamentos de Jesus<\/em>,\u00a0<em>eu ficaria feliz em fornecer mais informa\u00e7\u00f5es (e tamb\u00e9m descontos de professor para os novos alunos) em rela\u00e7\u00e3o aos nossos cursos maravilhosos (<\/em><a href=\"mailto:juliab@eteachergroup.com\"><em>juliab@eteachergroup.com<\/em><\/a><em>).<\/em><\/p>\n<p>&nbsp;<\/p>\n<p><a href=\"#_ftnref1\" name=\"_ftn1\">[1]<\/a>\u00a0Hoseas 2:21.<\/p>\n<p><a href=\"#_ftnref2\" name=\"_ftn2\">[2]<\/a> Lev\u00edtico 23:15,16.<\/p>\n<p><a href=\"#_ftnref3\" name=\"_ftn3\">[3]<\/a> Deuter\u00f4nomio 16:16.<\/p>\n<p><a href=\"#_ftnref4\" name=\"_ftn4\">[4]<\/a>\u00a0Atos 2:1-3.<\/p>\n<p><a href=\"#_ftnref5\" name=\"_ftn5\">[5]<\/a> \u00caxodo Rabb\u00e1, 28:6.<\/p>\n<p><a href=\"#_ftnref6\" name=\"_ftn6\">[6]<\/a> Hillary Le Cornu, Joseph Shulam, <em>The Jewish Roots of Acts, <\/em>Netivyah Bible Instructions Ministry, 2003, p.55<\/p>\n<p><a href=\"#_ftnref7\" name=\"_ftn7\">[7]<\/a> Julia Blum, <em>As though hiding His Face, <\/em>2018. <em>Voc\u00eas podem obter este e meus outros livros aqui:\u00a0<a href=\"https:\/\/www.amazon.com\/Julia-Blum\/e\/B00LUY0JN8\/ref=ntt_dp_epwbk_0\">https:\/\/www.amazon.com\/Julia-Blum\/e\/B00LUY0JN8\/ref=ntt_dp_epwbk_0<\/a> ou da minha p\u00e1gina:\u00a0<a href=\"https:\/\/israelbiblicalstudies.com\/blog\/author\/juliablum\/\">https:\/\/israelbiblicalstudies.com\/blog\/author\/juliablum\/\u00a0<\/a><\/em><\/p>\n<p><em>\u00a0<\/em><em>\u00a0\u00a0<\/em><\/p>\n<p><em>\u00a0<\/em><\/p>\n<p>&nbsp;<\/p>\n","protected":false},"excerpt":{"rendered":"<p>O dia da revela\u00e7\u00e3o: Perspectiva judaica \u00ab15 Contareis para v\u00f3s outros desde o dia imediato ao sabbat, desde o dia em que trouxerdes o molho da oferta movida; sete semanas inteiras ser\u00e3o.\u00a016\u00a0At\u00e9 ao dia imediato ao s\u00e9timo sabbat, contareis cinquenta dias; ent\u00e3o trareis nova oferta de manjares ao Senhor\u00bb.[2] Esta \u00e9 a nossa Escritura para [&hellip;]<\/p>\n","protected":false},"author":45,"featured_media":44223,"comment_status":"closed","ping_status":"open","sticky":false,"template":"","format":"standard","meta":{"_acf_changed":false,"inline_featured_image":false,"footnotes":""},"categories":[395],"tags":[],"class_list":["post-45239","post","type-post","status-publish","format-standard","has-post-thumbnail","hentry","category-jewish-studies"],"acf":[],"yoast_head":"<!-- This site is optimized with the Yoast SEO plugin v26.5 - https:\/\/yoast.com\/wordpress\/plugins\/seo\/ -->\n<title>Eu Responderei aos C\u00e9us, e Eles responder\u00e3o \u00e0 Terra - Israel Institute of Biblical Studies<\/title>\n<meta name=\"description\" content=\"O dia da revela\u00e7\u00e3o: Perspectiva judaica \u00ab15 Contareis para v\u00f3s outros desde o dia imediato ao sabbat, desde o dia em que trouxerdes o molho da oferta\" \/>\n<meta name=\"robots\" content=\"index, follow, max-snippet:-1, max-image-preview:large, max-video-preview:-1\" \/>\n<link rel=\"canonical\" href=\"https:\/\/israelbiblicalstudies.com\/pt\/blog\/category\/jewish-studies\/eu-responderei-aos-ceus-e-eles-responderao-a-terra\/\" \/>\n<meta property=\"og:locale\" content=\"pt_BR\" \/>\n<meta property=\"og:type\" content=\"article\" \/>\n<meta property=\"og:title\" content=\"Eu Responderei aos C\u00e9us, e Eles responder\u00e3o \u00e0 Terra - Israel Institute of Biblical Studies\" \/>\n<meta property=\"og:description\" content=\"O dia da revela\u00e7\u00e3o: Perspectiva judaica \u00ab15 Contareis para v\u00f3s outros desde o dia imediato ao sabbat, desde o dia em que trouxerdes o molho da oferta\" \/>\n<meta property=\"og:url\" content=\"https:\/\/israelbiblicalstudies.com\/pt\/blog\/category\/jewish-studies\/eu-responderei-aos-ceus-e-eles-responderao-a-terra\/\" \/>\n<meta property=\"og:site_name\" content=\"Israel Institute of Biblical Studies\" \/>\n<meta property=\"article:published_time\" content=\"2020-05-27T14:06:33+00:00\" \/>\n<meta property=\"article:modified_time\" content=\"2025-08-13T11:38:27+00:00\" \/>\n<meta property=\"og:image\" content=\"https:\/\/israelbiblicalstudies.com\/wp-content\/uploads\/2019\/06\/shutterstock_628533506.jpg\" \/>\n\t<meta property=\"og:image:width\" content=\"1000\" \/>\n\t<meta property=\"og:image:height\" content=\"667\" \/>\n\t<meta property=\"og:image:type\" content=\"image\/jpeg\" \/>\n<meta name=\"author\" content=\"Julia Blum\" \/>\n<meta name=\"twitter:card\" content=\"summary_large_image\" \/>\n<meta name=\"twitter:label1\" content=\"Escrito por\" \/>\n\t<meta name=\"twitter:data1\" content=\"Julia Blum\" \/>\n\t<meta name=\"twitter:label2\" content=\"Est. tempo de leitura\" \/>\n\t<meta name=\"twitter:data2\" content=\"6 minutos\" \/>\n<script type=\"application\/ld+json\" class=\"yoast-schema-graph\">{\"@context\":\"https:\/\/schema.org\",\"@graph\":[{\"@type\":\"Article\",\"@id\":\"https:\/\/israelbiblicalstudies.com\/pt\/blog\/category\/jewish-studies\/eu-responderei-aos-ceus-e-eles-responderao-a-terra\/#article\",\"isPartOf\":{\"@id\":\"https:\/\/israelbiblicalstudies.com\/pt\/blog\/category\/jewish-studies\/eu-responderei-aos-ceus-e-eles-responderao-a-terra\/\"},\"author\":{\"name\":\"Julia Blum\",\"@id\":\"https:\/\/israelbiblicalstudies.com\/pt\/#\/schema\/person\/470c9356fa72a497ecb801267dff4d15\"},\"headline\":\"Eu Responderei aos C\u00e9us, e Eles responder\u00e3o \u00e0 Terra\",\"datePublished\":\"2020-05-27T14:06:33+00:00\",\"dateModified\":\"2025-08-13T11:38:27+00:00\",\"mainEntityOfPage\":{\"@id\":\"https:\/\/israelbiblicalstudies.com\/pt\/blog\/category\/jewish-studies\/eu-responderei-aos-ceus-e-eles-responderao-a-terra\/\"},\"wordCount\":1220,\"publisher\":{\"@id\":\"https:\/\/israelbiblicalstudies.com\/pt\/#organization\"},\"image\":{\"@id\":\"https:\/\/israelbiblicalstudies.com\/pt\/blog\/category\/jewish-studies\/eu-responderei-aos-ceus-e-eles-responderao-a-terra\/#primaryimage\"},\"thumbnailUrl\":\"https:\/\/israelbiblicalstudies.com\/wp-content\/uploads\/2019\/06\/shutterstock_628533506.jpg\",\"articleSection\":[\"Estudos Judaicos\"],\"inLanguage\":\"pt-BR\"},{\"@type\":\"WebPage\",\"@id\":\"https:\/\/israelbiblicalstudies.com\/pt\/blog\/category\/jewish-studies\/eu-responderei-aos-ceus-e-eles-responderao-a-terra\/\",\"url\":\"https:\/\/israelbiblicalstudies.com\/pt\/blog\/category\/jewish-studies\/eu-responderei-aos-ceus-e-eles-responderao-a-terra\/\",\"name\":\"Eu Responderei aos C\u00e9us, e Eles responder\u00e3o \u00e0 Terra - Israel Institute of Biblical Studies\",\"isPartOf\":{\"@id\":\"https:\/\/israelbiblicalstudies.com\/pt\/#website\"},\"primaryImageOfPage\":{\"@id\":\"https:\/\/israelbiblicalstudies.com\/pt\/blog\/category\/jewish-studies\/eu-responderei-aos-ceus-e-eles-responderao-a-terra\/#primaryimage\"},\"image\":{\"@id\":\"https:\/\/israelbiblicalstudies.com\/pt\/blog\/category\/jewish-studies\/eu-responderei-aos-ceus-e-eles-responderao-a-terra\/#primaryimage\"},\"thumbnailUrl\":\"https:\/\/israelbiblicalstudies.com\/wp-content\/uploads\/2019\/06\/shutterstock_628533506.jpg\",\"datePublished\":\"2020-05-27T14:06:33+00:00\",\"dateModified\":\"2025-08-13T11:38:27+00:00\",\"description\":\"O dia da revela\u00e7\u00e3o: Perspectiva judaica \u00ab15 Contareis para v\u00f3s outros desde o dia imediato ao sabbat, desde o dia em que trouxerdes o molho da oferta\",\"breadcrumb\":{\"@id\":\"https:\/\/israelbiblicalstudies.com\/pt\/blog\/category\/jewish-studies\/eu-responderei-aos-ceus-e-eles-responderao-a-terra\/#breadcrumb\"},\"inLanguage\":\"pt-BR\",\"potentialAction\":[{\"@type\":\"ReadAction\",\"target\":[\"https:\/\/israelbiblicalstudies.com\/pt\/blog\/category\/jewish-studies\/eu-responderei-aos-ceus-e-eles-responderao-a-terra\/\"]}]},{\"@type\":\"ImageObject\",\"inLanguage\":\"pt-BR\",\"@id\":\"https:\/\/israelbiblicalstudies.com\/pt\/blog\/category\/jewish-studies\/eu-responderei-aos-ceus-e-eles-responderao-a-terra\/#primaryimage\",\"url\":\"https:\/\/israelbiblicalstudies.com\/wp-content\/uploads\/2019\/06\/shutterstock_628533506.jpg\",\"contentUrl\":\"https:\/\/israelbiblicalstudies.com\/wp-content\/uploads\/2019\/06\/shutterstock_628533506.jpg\",\"width\":1000,\"height\":667},{\"@type\":\"BreadcrumbList\",\"@id\":\"https:\/\/israelbiblicalstudies.com\/pt\/blog\/category\/jewish-studies\/eu-responderei-aos-ceus-e-eles-responderao-a-terra\/#breadcrumb\",\"itemListElement\":[{\"@type\":\"ListItem\",\"position\":1,\"name\":\"Home\",\"item\":\"https:\/\/israelbiblicalstudies.com\/pt\/\"},{\"@type\":\"ListItem\",\"position\":2,\"name\":\"Estudos Judaicos\",\"item\":\"https:\/\/israelbiblicalstudies.com\/pt\/blog\/category\/jewish-studies\/\"},{\"@type\":\"ListItem\",\"position\":3,\"name\":\"Eu Responderei aos C\u00e9us, e Eles responder\u00e3o \u00e0 Terra\"}]},{\"@type\":\"WebSite\",\"@id\":\"https:\/\/israelbiblicalstudies.com\/pt\/#website\",\"url\":\"https:\/\/israelbiblicalstudies.com\/pt\/\",\"name\":\"Israel Institute of Biblical Studies\",\"description\":\"Deepen Your Understanding of the Bible\",\"publisher\":{\"@id\":\"https:\/\/israelbiblicalstudies.com\/pt\/#organization\"},\"potentialAction\":[{\"@type\":\"SearchAction\",\"target\":{\"@type\":\"EntryPoint\",\"urlTemplate\":\"https:\/\/israelbiblicalstudies.com\/pt\/?s={search_term_string}\"},\"query-input\":{\"@type\":\"PropertyValueSpecification\",\"valueRequired\":true,\"valueName\":\"search_term_string\"}}],\"inLanguage\":\"pt-BR\"},{\"@type\":\"Organization\",\"@id\":\"https:\/\/israelbiblicalstudies.com\/pt\/#organization\",\"name\":\"Israel Biblical Studies\",\"url\":\"https:\/\/israelbiblicalstudies.com\/pt\/\",\"logo\":{\"@type\":\"ImageObject\",\"inLanguage\":\"pt-BR\",\"@id\":\"https:\/\/israelbiblicalstudies.com\/pt\/#\/schema\/logo\/image\/\",\"url\":\"https:\/\/israelbiblicalstudies.com\/wp-content\/uploads\/2016\/09\/logo-invert.png\",\"contentUrl\":\"https:\/\/israelbiblicalstudies.com\/wp-content\/uploads\/2016\/09\/logo-invert.png\",\"width\":152,\"height\":68,\"caption\":\"Israel Biblical Studies\"},\"image\":{\"@id\":\"https:\/\/israelbiblicalstudies.com\/pt\/#\/schema\/logo\/image\/\"}},{\"@type\":\"Person\",\"@id\":\"https:\/\/israelbiblicalstudies.com\/pt\/#\/schema\/person\/470c9356fa72a497ecb801267dff4d15\",\"name\":\"Julia Blum\",\"image\":{\"@type\":\"ImageObject\",\"inLanguage\":\"pt-BR\",\"@id\":\"https:\/\/israelbiblicalstudies.com\/pt\/#\/schema\/person\/image\/\",\"url\":\"https:\/\/secure.gravatar.com\/avatar\/bba81953dcf8395e3b4a73607c07e2f9d3e53c113398ce1fd48361f3f137b781?s=96&d=mm&r=g\",\"contentUrl\":\"https:\/\/secure.gravatar.com\/avatar\/bba81953dcf8395e3b4a73607c07e2f9d3e53c113398ce1fd48361f3f137b781?s=96&d=mm&r=g\",\"caption\":\"Julia Blum\"},\"description\":\"Julia is a teacher and an author of several books on biblical topics. She teaches two biblical courses at the Israel Institute of Biblical Studies, \u201cDiscovering the Hebrew Bible\u201d and \u201cJewish Background of the New Testament\u201d, and writes Hebrew insights for these courses.\",\"url\":\"https:\/\/israelbiblicalstudies.com\/pt\/blog\/author\/juliablum\/\"}]}<\/script>\n<!-- \/ Yoast SEO plugin. -->","yoast_head_json":{"title":"Eu Responderei aos C\u00e9us, e Eles responder\u00e3o \u00e0 Terra - Israel Institute of Biblical Studies","description":"O dia da revela\u00e7\u00e3o: Perspectiva judaica \u00ab15 Contareis para v\u00f3s outros desde o dia imediato ao sabbat, desde o dia em que trouxerdes o molho da oferta","robots":{"index":"index","follow":"follow","max-snippet":"max-snippet:-1","max-image-preview":"max-image-preview:large","max-video-preview":"max-video-preview:-1"},"canonical":"https:\/\/israelbiblicalstudies.com\/pt\/blog\/category\/jewish-studies\/eu-responderei-aos-ceus-e-eles-responderao-a-terra\/","og_locale":"pt_BR","og_type":"article","og_title":"Eu Responderei aos C\u00e9us, e Eles responder\u00e3o \u00e0 Terra - Israel Institute of Biblical Studies","og_description":"O dia da revela\u00e7\u00e3o: Perspectiva judaica \u00ab15 Contareis para v\u00f3s outros desde o dia imediato ao sabbat, desde o dia em que trouxerdes o molho da oferta","og_url":"https:\/\/israelbiblicalstudies.com\/pt\/blog\/category\/jewish-studies\/eu-responderei-aos-ceus-e-eles-responderao-a-terra\/","og_site_name":"Israel Institute of Biblical Studies","article_published_time":"2020-05-27T14:06:33+00:00","article_modified_time":"2025-08-13T11:38:27+00:00","og_image":[{"width":1000,"height":667,"url":"https:\/\/israelbiblicalstudies.com\/wp-content\/uploads\/2019\/06\/shutterstock_628533506.jpg","type":"image\/jpeg"}],"author":"Julia Blum","twitter_card":"summary_large_image","twitter_misc":{"Escrito por":"Julia Blum","Est. tempo de leitura":"6 minutos"},"schema":{"@context":"https:\/\/schema.org","@graph":[{"@type":"Article","@id":"https:\/\/israelbiblicalstudies.com\/pt\/blog\/category\/jewish-studies\/eu-responderei-aos-ceus-e-eles-responderao-a-terra\/#article","isPartOf":{"@id":"https:\/\/israelbiblicalstudies.com\/pt\/blog\/category\/jewish-studies\/eu-responderei-aos-ceus-e-eles-responderao-a-terra\/"},"author":{"name":"Julia Blum","@id":"https:\/\/israelbiblicalstudies.com\/pt\/#\/schema\/person\/470c9356fa72a497ecb801267dff4d15"},"headline":"Eu Responderei aos C\u00e9us, e Eles responder\u00e3o \u00e0 Terra","datePublished":"2020-05-27T14:06:33+00:00","dateModified":"2025-08-13T11:38:27+00:00","mainEntityOfPage":{"@id":"https:\/\/israelbiblicalstudies.com\/pt\/blog\/category\/jewish-studies\/eu-responderei-aos-ceus-e-eles-responderao-a-terra\/"},"wordCount":1220,"publisher":{"@id":"https:\/\/israelbiblicalstudies.com\/pt\/#organization"},"image":{"@id":"https:\/\/israelbiblicalstudies.com\/pt\/blog\/category\/jewish-studies\/eu-responderei-aos-ceus-e-eles-responderao-a-terra\/#primaryimage"},"thumbnailUrl":"https:\/\/israelbiblicalstudies.com\/wp-content\/uploads\/2019\/06\/shutterstock_628533506.jpg","articleSection":["Estudos Judaicos"],"inLanguage":"pt-BR"},{"@type":"WebPage","@id":"https:\/\/israelbiblicalstudies.com\/pt\/blog\/category\/jewish-studies\/eu-responderei-aos-ceus-e-eles-responderao-a-terra\/","url":"https:\/\/israelbiblicalstudies.com\/pt\/blog\/category\/jewish-studies\/eu-responderei-aos-ceus-e-eles-responderao-a-terra\/","name":"Eu Responderei aos C\u00e9us, e Eles responder\u00e3o \u00e0 Terra - Israel Institute of Biblical Studies","isPartOf":{"@id":"https:\/\/israelbiblicalstudies.com\/pt\/#website"},"primaryImageOfPage":{"@id":"https:\/\/israelbiblicalstudies.com\/pt\/blog\/category\/jewish-studies\/eu-responderei-aos-ceus-e-eles-responderao-a-terra\/#primaryimage"},"image":{"@id":"https:\/\/israelbiblicalstudies.com\/pt\/blog\/category\/jewish-studies\/eu-responderei-aos-ceus-e-eles-responderao-a-terra\/#primaryimage"},"thumbnailUrl":"https:\/\/israelbiblicalstudies.com\/wp-content\/uploads\/2019\/06\/shutterstock_628533506.jpg","datePublished":"2020-05-27T14:06:33+00:00","dateModified":"2025-08-13T11:38:27+00:00","description":"O dia da revela\u00e7\u00e3o: Perspectiva judaica \u00ab15 Contareis para v\u00f3s outros desde o dia imediato ao sabbat, desde o dia em que trouxerdes o molho da oferta","breadcrumb":{"@id":"https:\/\/israelbiblicalstudies.com\/pt\/blog\/category\/jewish-studies\/eu-responderei-aos-ceus-e-eles-responderao-a-terra\/#breadcrumb"},"inLanguage":"pt-BR","potentialAction":[{"@type":"ReadAction","target":["https:\/\/israelbiblicalstudies.com\/pt\/blog\/category\/jewish-studies\/eu-responderei-aos-ceus-e-eles-responderao-a-terra\/"]}]},{"@type":"ImageObject","inLanguage":"pt-BR","@id":"https:\/\/israelbiblicalstudies.com\/pt\/blog\/category\/jewish-studies\/eu-responderei-aos-ceus-e-eles-responderao-a-terra\/#primaryimage","url":"https:\/\/israelbiblicalstudies.com\/wp-content\/uploads\/2019\/06\/shutterstock_628533506.jpg","contentUrl":"https:\/\/israelbiblicalstudies.com\/wp-content\/uploads\/2019\/06\/shutterstock_628533506.jpg","width":1000,"height":667},{"@type":"BreadcrumbList","@id":"https:\/\/israelbiblicalstudies.com\/pt\/blog\/category\/jewish-studies\/eu-responderei-aos-ceus-e-eles-responderao-a-terra\/#breadcrumb","itemListElement":[{"@type":"ListItem","position":1,"name":"Home","item":"https:\/\/israelbiblicalstudies.com\/pt\/"},{"@type":"ListItem","position":2,"name":"Estudos Judaicos","item":"https:\/\/israelbiblicalstudies.com\/pt\/blog\/category\/jewish-studies\/"},{"@type":"ListItem","position":3,"name":"Eu Responderei aos C\u00e9us, e Eles responder\u00e3o \u00e0 Terra"}]},{"@type":"WebSite","@id":"https:\/\/israelbiblicalstudies.com\/pt\/#website","url":"https:\/\/israelbiblicalstudies.com\/pt\/","name":"Israel Institute of Biblical Studies","description":"Deepen Your Understanding of the Bible","publisher":{"@id":"https:\/\/israelbiblicalstudies.com\/pt\/#organization"},"potentialAction":[{"@type":"SearchAction","target":{"@type":"EntryPoint","urlTemplate":"https:\/\/israelbiblicalstudies.com\/pt\/?s={search_term_string}"},"query-input":{"@type":"PropertyValueSpecification","valueRequired":true,"valueName":"search_term_string"}}],"inLanguage":"pt-BR"},{"@type":"Organization","@id":"https:\/\/israelbiblicalstudies.com\/pt\/#organization","name":"Israel Biblical Studies","url":"https:\/\/israelbiblicalstudies.com\/pt\/","logo":{"@type":"ImageObject","inLanguage":"pt-BR","@id":"https:\/\/israelbiblicalstudies.com\/pt\/#\/schema\/logo\/image\/","url":"https:\/\/israelbiblicalstudies.com\/wp-content\/uploads\/2016\/09\/logo-invert.png","contentUrl":"https:\/\/israelbiblicalstudies.com\/wp-content\/uploads\/2016\/09\/logo-invert.png","width":152,"height":68,"caption":"Israel Biblical Studies"},"image":{"@id":"https:\/\/israelbiblicalstudies.com\/pt\/#\/schema\/logo\/image\/"}},{"@type":"Person","@id":"https:\/\/israelbiblicalstudies.com\/pt\/#\/schema\/person\/470c9356fa72a497ecb801267dff4d15","name":"Julia Blum","image":{"@type":"ImageObject","inLanguage":"pt-BR","@id":"https:\/\/israelbiblicalstudies.com\/pt\/#\/schema\/person\/image\/","url":"https:\/\/secure.gravatar.com\/avatar\/bba81953dcf8395e3b4a73607c07e2f9d3e53c113398ce1fd48361f3f137b781?s=96&d=mm&r=g","contentUrl":"https:\/\/secure.gravatar.com\/avatar\/bba81953dcf8395e3b4a73607c07e2f9d3e53c113398ce1fd48361f3f137b781?s=96&d=mm&r=g","caption":"Julia Blum"},"description":"Julia is a teacher and an author of several books on biblical topics. She teaches two biblical courses at the Israel Institute of Biblical Studies, \u201cDiscovering the Hebrew Bible\u201d and \u201cJewish Background of the New Testament\u201d, and writes Hebrew insights for these courses.","url":"https:\/\/israelbiblicalstudies.com\/pt\/blog\/author\/juliablum\/"}]}},"_links":{"self":[{"href":"https:\/\/israelbiblicalstudies.com\/pt\/wp-json\/wp\/v2\/posts\/45239","targetHints":{"allow":["GET"]}}],"collection":[{"href":"https:\/\/israelbiblicalstudies.com\/pt\/wp-json\/wp\/v2\/posts"}],"about":[{"href":"https:\/\/israelbiblicalstudies.com\/pt\/wp-json\/wp\/v2\/types\/post"}],"author":[{"embeddable":true,"href":"https:\/\/israelbiblicalstudies.com\/pt\/wp-json\/wp\/v2\/users\/45"}],"replies":[{"embeddable":true,"href":"https:\/\/israelbiblicalstudies.com\/pt\/wp-json\/wp\/v2\/comments?post=45239"}],"version-history":[{"count":0,"href":"https:\/\/israelbiblicalstudies.com\/pt\/wp-json\/wp\/v2\/posts\/45239\/revisions"}],"wp:featuredmedia":[{"embeddable":true,"href":"https:\/\/israelbiblicalstudies.com\/pt\/wp-json\/wp\/v2\/media\/44223"}],"wp:attachment":[{"href":"https:\/\/israelbiblicalstudies.com\/pt\/wp-json\/wp\/v2\/media?parent=45239"}],"wp:term":[{"taxonomy":"category","embeddable":true,"href":"https:\/\/israelbiblicalstudies.com\/pt\/wp-json\/wp\/v2\/categories?post=45239"},{"taxonomy":"post_tag","embeddable":true,"href":"https:\/\/israelbiblicalstudies.com\/pt\/wp-json\/wp\/v2\/tags?post=45239"}],"curies":[{"name":"wp","href":"https:\/\/api.w.org\/{rel}","templated":true}]}}