{"id":45256,"date":"2020-11-12T00:35:44","date_gmt":"2020-11-11T21:35:44","guid":{"rendered":"https:\/\/iibsblogsstg.wpenginepowered.com\/?p=16674"},"modified":"2025-08-13T11:38:21","modified_gmt":"2025-08-13T11:38:21","slug":"o-que-perdemos","status":"publish","type":"post","link":"https:\/\/israelbiblicalstudies.com\/pt\/blog\/category\/jewish-studies\/o-que-perdemos\/","title":{"rendered":"O que perdemos?"},"content":{"rendered":"<p>Hoje, vamos falar sobre uma das por\u00e7\u00f5es mais ricas de toda a Tor\u00e1 \u2014<em>VaYer\u00e1 <\/em>(\u00abe<em>\u00a0Ele apareceu<\/em>\u00bb,\u00a0G\u00eanesis 18:1-22:24)\u2014. H\u00e1 tantas coisas acontecendo nesta por\u00e7\u00e3o, que poder\u00edamos discuti-las indefinidamente, ent\u00e3o, mais uma vez, eu tenho que me conter.\u00a0Anos atr\u00e1s, escrevi um livro baseado nos acontecimentos desses cap\u00edtulos, mas mesmo depois deste livro, sinto que ainda h\u00e1 aqui muito que pode ser dito. Em meu livro, observei os eventos desta por\u00e7\u00e3o principalmente atrav\u00e9s dos olhos do pai (o livro \u00e9 at\u00e9 chamado de \u00abAbraham had two sons\u00bb). Hoje, quero tentar olhar para esses acontecimentos atrav\u00e9s dos olhos da m\u00e3e.<\/p>\n<p><strong>A anuncia\u00e7\u00e3o<\/strong><\/p>\n<p>Em primeiro lugar, <em>VaYer\u00e1<\/em> deve ser de especial interesse para os leitores do Novo Testamento porque a estrutura desta por\u00e7\u00e3o \u00e9 paralela \u00e0 estrutura do Evangelho de Lucas: come\u00e7a com a anuncia\u00e7\u00e3o divina do nascimento milagroso do filho da promessa e termina com\u00a0<em>Aqed\u00e1t Itzj\u00e1k<\/em>, o sacrif\u00edcio deste filho (chamado pelas Escrituras de \u00abo \u00fanico filho\u00bb).<\/p>\n<p>G\u00eanesis 18\u00a0come\u00e7a com uma cena muito interessante, quando Deus vem a Abra\u00e3o na forma de tr\u00eas h\u00f3spedes celestiais.\u00a0Um dos objetivos principais desta visita foi a anuncia\u00e7\u00e3o \u2014o an\u00fancio do nascimento milagroso de Isaque\u2014.\u00a0Vemos um an\u00fancio muito semelhante no in\u00edcio do Evangelho de Lucas: o anjo Gabriel aparece diante de Maria e lhe fala sobre o nascimento milagroso de seu filho.\u00a0O Evangelho de Lucas (e todos os outros Evangelhos) termina com o sacrif\u00edcio de Jesus, com a crucifica\u00e7\u00e3o e ressurrei\u00e7\u00e3o de Jesus.\u00a0Nesse sentido, o ponto inicial e final da nossa por\u00e7\u00e3o hoje, e o ponto inicial e final do Evangelho de Lucas s\u00e3o muito semelhantes.<\/p>\n<p>Uma an\u00e1lise mais detalhada de ambas as hist\u00f3rias revela algumas semelhan\u00e7as adicionais entre elas.\u00a0Em primeiro lugar, vale a pena mencionar o fato de que tanto Isaque quanto Jesus foram nomeados antes de seu nascimento.\u00a0No cap\u00edtulo anterior, G\u00eanesis 17, Abra\u00e3o foi informado de que Sara teria um filho e que o chamariam de Isaque.\u00a0\u00c9 o mesmo com Jesus: n\u00e3o s\u00f3 o anjo revela seu nome a Maria no Evangelho de Lucas, mas tamb\u00e9m, no Evangelho de Mateus, o anjo disse a Jos\u00e9: \u00ab<em>lhe por\u00e1s o nome de Jesus, porque ele salvar\u00e1 o seu povo dos pecados deles<\/em>\u00bb (<a href=\"https:\/\/biblia.com\/bible\/esv\/Matt.1.21\">Mateus 1:21<\/a>).<\/p>\n<p>\u00c9 muito interessante comparar as duas mulheres.\u00a0Tanto para Sara quanto para Maria, o milagre parecia incr\u00edvel e imposs\u00edvel, na verdade, ultrapassava todo o entendimento e imagina\u00e7\u00e3o humana.\u00a0Portanto, sua primeira rea\u00e7\u00e3o foi de descren\u00e7a e d\u00favida.\u00a0Em G\u00eanesis 18, quando o Senhor anunciou o nascimento de Isaque, Sara riu o famoso riso no seu \u00edntimo:<\/p>\n<p>\u00ab<em>Riu-se pois, Sara no seu \u00edntimo, dizendo consigo mesma: \u201cDepois de velha, e velho tamb\u00e9m o meu senhor, terei ainda prazer?&#8221;<\/em>\u00bb<em>.<\/em><a href=\"#_ftn1\" name=\"_ftnref1\"><strong>[1]<\/strong><\/a><\/p>\n<div><span lang=\"PT-BR\">Quando o anjo anunciou o nascimento de Jesus, <\/span><i><span lang=\"PT-BR\">\u00abMaria disse ao anjo: &#8220;Como ser\u00e1 isto, pois n\u00e3o tenho rela\u00e7\u00e3o com homem algum<\/span><\/i><em><em>?&#8221;<\/em><\/em>\u00bb<em>.<\/em><strong><a href=\"#_ftn2\" name=\"_ftnref2\">[2]<\/a><\/strong><\/div>\n<p>E, no entanto, ambas agiram com f\u00e9 e obedi\u00eancia e a hist\u00f3ria da humanidade foi alterada por causa da f\u00e9 e obedi\u00eancia de ambas as mulheres.<\/p>\n<p><strong>O que Sara viu?\u00a0<\/strong><\/p>\n<p>Como no caso de Jesus, n\u00e3o sabemos quase nada sobre a inf\u00e2ncia e juventude de Isaque.\u00a0No entanto, temos aquela cena not\u00e1vel em G\u00eanesis 21\u00a0que se tornou um ponto chave na hist\u00f3ria de \u00abIsaque e Ismael\u00bb.\u00a0Com cerca de dois ou tr\u00eas anos, Isaque tinha acabado de ser desmamado e uma grande festa foi dada nesta ocasi\u00e3o.\u00a0Provavelmente durante a festa, ou por volta dessa \u00e9poca, Sara v\u00ea Ismael, agora um adolescente de 16 ou 17 anos, fazendo alguma coisa: \u00ab<em>E Sara viu o filho de Hagar, a Eg\u00edpcia\u2026 ca\u00e7oando<\/em>\u00bb<em>.\u00a0\u00a0<\/em>Ela fica furiosa e imediatamente diz\u00a0a Abra\u00e3o: \u00ab<em>Expulse esta escrava e seu filho;\u00a0pois o filho desta escrava n\u00e3o ser\u00e1 herdeiro com meu filho Isaque<\/em>\u00bb.<a href=\"#_ftn3\" name=\"_ftnref3\"><strong>[3]<\/strong><\/a>\u00a0 Por qu\u00ea?\u00a0O que Sara viu?<\/p>\n<p>A palavra Hebraica,\u00a0<em>metzaj\u00e9k,<\/em>\u00a0usada neste vers\u00edculo, tem v\u00e1rios significados, e ningu\u00e9m sabe exatamente o que significa aqui.\u00a0Alguns coment\u00e1rios sugerem uma conota\u00e7\u00e3o sexual.\u00a0Afinal, \u00e9 a mesma palavra que encontramos em G\u00eanesis 26, onde se refere a Isaque e Rebeca e, sem d\u00favida, tem uma conota\u00e7\u00e3o sexual: \u00ab<em>Isaque estava <strong>acariciando<\/strong> (metzaj\u00e9k) Rebeca sua esposa<\/em>\u00bb.<a href=\"#_ftn4\" name=\"_ftnref4\"><strong>[4]<\/strong><\/a><em>\u00a0<\/em>\u00a0Tem o mesmo significado aqui?\u00a0Ismael estava molestando Isaque sexualmente?\u00a0E foi por causa desse abuso sexual que Sara ficou t\u00e3o furiosa?\u00a0No entanto, com base no pr\u00f3prio texto, nem mesmo est\u00e1 claro se Ismael estava interagindo com Isaque quando Sara o viu \u2014Isaque nem mesmo \u00e9 mencionado nesta frase\u2014.\u00a0Ent\u00e3o, o que Sara viu e por que sua rea\u00e7\u00e3o foi t\u00e3o turbulenta?\u00a0Uma pergunta ainda mais importante \u00e9: por que Deus apoiou Sara?<\/p>\n<p>Por que Deus apoiou Sara?\u00a0Por que Ele apoiou completamente o que parecia ser uma rea\u00e7\u00e3o muito exagerada de uma m\u00e3e enfurecida e ciumenta?\u00a0Sara pode ter cometido um erro;\u00a0sabemos que ela cometeu erros antes.\u00a0S\u00f3 ficar\u00edamos aliviados se toda a situa\u00e7\u00e3o pudesse ser explicada apenas como uma rea\u00e7\u00e3o exagerada de Sara: \u00e9 quase assustador descobrir com que facilidade e rapidez perdemos nossa paz interior quando nossos filhos est\u00e3o envolvidos.\u00a0Imagino que se Abra\u00e3o tivesse pensado que esse pedido terr\u00edvel era apenas uma rea\u00e7\u00e3o exagerada da parte de Sara, ele n\u00e3o teria ficado t\u00e3o perturbado.\u00a0No entanto, para grande surpresa e desagrado de Abra\u00e3o, Deus apoiou totalmente Sara neste pedido.\u00a0Por qu\u00ea?<\/p>\n<p>Voltemos ao Hebraico para obter a resposta.\u00a0Se voc\u00eas conhecem as letras Hebraicas, reconhecer\u00e3o que a palavra\u00a0<em>metzaj\u00e9k<\/em>:<strong>\u00a0\u05de\u05e6\u05d7\u05e7,<\/strong>\u00a0tem a mesma raiz de Itzj\u00e1k<strong>:\u00a0\u05d9\u05e6\u05d7\u05e7.\u00a0<\/strong>Portanto, pode ser lido como um verbo formado a partir da raiz \u00abIsaque\u00bb.\u00a0Sara viu que Ismael estava \u00abIsaqueando\u00bb \u2014seja l\u00e1 o que isso possa significar\u2014. Ismael provavelmente estava tentando tomar o lugar de Isaque \u2014talvez na fam\u00edlia de Abra\u00e3o, talvez no plano de Deus, talvez em ambos\u2014. Em minha opini\u00e3o, essa explica\u00e7\u00e3o inesperada e vis\u00edvel apenas em Hebraico pode ser respons\u00e1vel n\u00e3o apenas pela rea\u00e7\u00e3o tempestuosa de Sara, mas tamb\u00e9m pela ordem de Deus de banir Ismael do acampamento de Abra\u00e3o.<\/p>\n<p>Independentemente do que Sara viu, Ismael era um filho natural, feito pelo homem.\u00a0Ele foi concebido e nasceu naturalmente, ao contr\u00e1rio de Isaque, que era o filho de um milagre, concebido e nascido de uma forma totalmente sobrenatural.\u00a0Ismael estava \u00abIsaqueando\u00bb, tentando tomar o lugar de Isaque e se os meninos continuassem a viver juntos, nada teria acontecido do plano de Deus de fazer seu pr\u00f3prio povo especial da fam\u00edlia de Abra\u00e3o.\u00a0Deus queria separar o filho que nasceu,\u00a0\u00ab<em>n\u00e3o de sangue, nem da vontade da carne, nem da vontade do homem, mas de Deus<\/em>\u00bb<em>,<\/em>\u00a0do filho que nasceu de forma natural e estava destinado a fazer parte do mundo natural.\u00a0Para Isaque crescer na alian\u00e7a de Deus, ele teve que ser separado de Ismael, portanto, Ismael\u00a0\u00abtinha que\u00bb ser mandado embora.\u00a0De alguma forma, Sara, com seu amor por Deus, entendeu isso.\u00a0Por mais emocionalmente envolvida que Sara estivesse nesta hist\u00f3ria, ainda parece que ela n\u00e3o estava agindo apenas com base em suas emo\u00e7\u00f5es, mas tamb\u00e9m por causa do seu dom prof\u00e9tico (como acontece novamente alguns cap\u00edtulos mais tarde na hist\u00f3ria de Esa\u00fa e Jac\u00f3, onde foi Rebeca, n\u00e3o Isaque, que entendeu o plano de Deus e o cora\u00e7\u00e3o de Deus).\u00a0Embora sua rea\u00e7\u00e3o tenha sido muito emocional e evidentemente exagerada,\u00a0<strong>separar Isaque de Ismael e levar ambos a destinos completamente diferentes, era o plano de Deus.<\/strong><\/p>\n<p><strong>O sacrificio<\/strong><\/p>\n<p>Avan\u00e7ando alguns anos e chegamos a uma das hist\u00f3rias mais estranhas das Escrituras Hebraicas:\u00a0<em>Aqed\u00e1t Itzj\u00e1k<\/em>, o sacrif\u00edcio de Isaque.\u00a0Para a maioria dos Crist\u00e3os, Isaque nesta cena \u00e9 visto como um tipo de Jesus, e Abra\u00e3o estando pronto para sacrificar seu filho amado Isaque, torna-se o tipo do Pai pronto para sacrificar seu Filho pelo mundo:<\/p>\n<p>\u00ab<em>Ent\u00e3o Ele disse: \u201cToma agora teu filho, <strong>teu \u00fanico filho<\/strong> Isaque, a quem amas, e vai \u00e0 terra de Mori\u00e1, e oferece-o ali em holocausto sobre um dos montes que eu te mostrarei\u201d<\/em>\u00bb<em>.<\/em><strong><a href=\"#_ftn5\" name=\"_ftnref5\">[5]<\/a><\/strong><\/p>\n<p>\u00ab<i><span lang=\"PT-BR\">Porque Deus amou o mundo de tal maneira que deu o\u00a0<b>seu Filho unig\u00eanito<\/b>, para que todo aquele que nele cr\u00ea n\u00e3o pere\u00e7a, mas tenha a vida eterna<\/span><\/i><span lang=\"PT-BR\">\u00bb<\/span><i><span lang=\"PT-BR\"><em>.<\/em><\/span><\/i><a href=\"#_ftn6\" name=\"_ftnref6\"><strong>[6]<\/strong><\/a><\/p>\n<p>Da perspectiva do Novo Testamento, esse paralelo \u00e9 muito claro: o pai est\u00e1 disposto a sacrificar seu \u00fanico filho;\u00a0o filho \u00e9 obediente e est\u00e1 disposto a dar sua vida.\u00a0Existe algo adicional aqui que um leitor Crist\u00e3o possa aprender com a tradi\u00e7\u00e3o Judaica \u2014algo que foi esquecido?\u2014.<\/p>\n<p>Na tradi\u00e7\u00e3o Crist\u00e3, Isaque \u00e9 sempre descrito como uma crian\u00e7a ou adolescente, e sua obedi\u00eancia \u00e9 percebida como a obedi\u00eancia de uma crian\u00e7a ao pai.\u00a0Gra\u00e7as \u00e0 simples frase \u05b7\u05d9\u05b5\u05bc\u05dc\u05b0\u05db\u05d5\u05bc \u05e9\u05b0\u05c1\u05e0\u05b5\u05d9\u05d4\u05b6\u05dd \u05d9\u05b7\u05d7\u05b0\u05d3\u05b8\u05bc\u05d5 \u00ab<em>e os dois caminharam juntos<\/em>\u00bb \u2014temos um vislumbre de uma unidade extraordin\u00e1ria do pai e do filho\u2014.\u00a0Sabemos que, embora Abra\u00e3o soubesse muito bem o motivo de subir esta montanha, o filho n\u00e3o sabia de nada e estava claramente perplexo, entendendo cada vez menos o que realmente estava acontecendo e onde estava \u00ab<em>o cordeiro para o holocausto<\/em>\u00bb.\u00a0No entanto, ele continuou a seguir seu pai em perfeita obedi\u00eancia e perfeita confian\u00e7a.\u00a0No entanto, Isaque era de fato um menino seguindo obedientemente seu pai?<\/p>\n<p>Embora nada no texto indique a idade de Isaque, algumas sugest\u00f5es foram feitas por comentaristas Judeus \u2014e essas sugest\u00f5es podem realmente surpreend\u00ea-los\u2014.\u00a0De acordo com os <em>Midrash\u00edm<\/em> Judeus, Isaque \u2014que seguia seu pai em perfeita obedi\u00eancia e confian\u00e7a\u2014 j\u00e1 era um adulto;\u00a0ele tinha 37 anos.\u00a0Na pr\u00f3xima vez, mostrarei a voc\u00eas a l\u00f3gica e os c\u00e1lculos dos comentaristas Judeus que chegaram a essa conclus\u00e3o.\u00a0Aqui, enquanto tentamos ver os paralelos entre esta por\u00e7\u00e3o da Tor\u00e1 e o Evangelho, vou apenas me permitir uma pequena observa\u00e7\u00e3o: embora tradicionalmente se acredite que Jesus tinha 33 anos quando morreu, todos os paralelos marcantes entre esta por\u00e7\u00e3o da Tor\u00e1 e os Evangelhos podem apontar para uma idade diferente.\u00a0A obedi\u00eancia de Isaque \u00e0 vontade de seu pai \u2014seu consentimento livre e altru\u00edsta para ser sacrificado\u2014 torna-se muito mais profunda quando pensamos nele como um homem adulto, seguindo voluntariamente seu pai idoso.\u00a0Ele n\u00e3o seria um tipo perfeito de Jesus de 37 anos?<\/p>\n<p><a href=\"#_ftnref1\" name=\"_ftn1\">[1]<\/a> G<span lang=\"PT-BR\">\u00eanesis\u00a0<\/span>18:12.<\/p>\n<p><a href=\"#_ftnref2\" name=\"_ftn2\">[2]<\/a> Lucas 1:34.<\/p>\n<p><a href=\"#_ftnref3\" name=\"_ftn3\">[3]<\/a> G<span lang=\"PT-BR\">\u00ea<\/span>nesis 21:9,10.<\/p>\n<p><a href=\"#_ftnref4\" name=\"_ftn4\">[4]<\/a> G<span lang=\"PT-BR\">\u00eanesis\u00a0<\/span>26:8.<\/p>\n<p><a href=\"#_ftnref5\" name=\"_ftn5\">[5]<\/a> G<span lang=\"PT-BR\">\u00eanesis\u00a0<\/span>22:2.<\/p>\n<p><a href=\"#_ftnref6\" name=\"_ftn6\">[6]<\/a> J<span lang=\"PT-BR\">o\u00e3o\u00a0<\/span>3:16.<\/p>\n<p>&nbsp;<\/p>\n<p><em>Gostaria de lembrar a voc\u00eas,\u00a0queridos amigos<\/em>, <em>que a eTeacher oferece um curso maravilhoso, onde voc\u00eas podem aprender com os coment\u00e1rios da Parash\u00e1t Shav\u00faa juntamente com sua interpreta\u00e7\u00e3o do Novo Testamento.\u00a0Como sempre, sintam-se \u00e0 vontade para entrar em contato comigo para obter mais informa\u00e7\u00f5es.<\/em><\/p>\n<p><em>Trechos de meus livros est\u00e3o inclu\u00eddos neste artigo (e muitos outros posts aqui), ent\u00e3o se voc\u00eas gostam dos artigos neste blog, voc\u00eas podem gostar tamb\u00e9m dos meus livros, voc\u00eas podem obt\u00ea-los\u00a0<\/em><strong><a href=\"https:\/\/www.amazon.com\/Julia-Blum\/e\/B00LUY0JN8?ref_=dbs_p_ebk_r00_abau_000000\"><em>aqui<\/em><\/a><\/strong><em><strong>.<\/strong>\u00a0\u00a0<\/em><\/p>\n","protected":false},"excerpt":{"rendered":"<p>Hoje, vamos falar sobre uma das por\u00e7\u00f5es mais ricas de toda a Tor\u00e1 \u2014VaYer\u00e1 (\u00abe\u00a0Ele apareceu\u00bb,\u00a0G\u00eanesis 18:1-22:24)\u2014. H\u00e1 tantas coisas acontecendo nesta por\u00e7\u00e3o, que poder\u00edamos discuti-las indefinidamente, ent\u00e3o, mais uma vez, eu tenho que me conter.\u00a0Anos atr\u00e1s, escrevi um livro baseado nos acontecimentos desses cap\u00edtulos, mas mesmo depois deste livro, sinto que ainda h\u00e1 aqui [&hellip;]<\/p>\n","protected":false},"author":45,"featured_media":44264,"comment_status":"closed","ping_status":"open","sticky":false,"template":"","format":"standard","meta":{"_acf_changed":false,"inline_featured_image":false,"footnotes":""},"categories":[395],"tags":[],"class_list":["post-45256","post","type-post","status-publish","format-standard","has-post-thumbnail","hentry","category-jewish-studies"],"acf":[],"yoast_head":"<!-- This site is optimized with the Yoast SEO plugin v26.5 - https:\/\/yoast.com\/wordpress\/plugins\/seo\/ -->\n<title>O que perdemos? - Israel Institute of Biblical Studies<\/title>\n<meta name=\"description\" content=\"Hoje, vamos falar sobre uma das por\u00e7\u00f5es mais ricas de toda a Tor\u00e1 \u2014VaYer\u00e1 (\u00abe\u00a0Ele apareceu\u00bb,\u00a0G\u00eanesis 18:1-22:24)\u2014. H\u00e1 tantas coisas acontecendo nesta\" \/>\n<meta name=\"robots\" content=\"index, follow, max-snippet:-1, max-image-preview:large, max-video-preview:-1\" \/>\n<link rel=\"canonical\" href=\"https:\/\/israelbiblicalstudies.com\/pt\/blog\/category\/jewish-studies\/o-que-perdemos\/\" \/>\n<meta property=\"og:locale\" content=\"pt_BR\" \/>\n<meta property=\"og:type\" content=\"article\" \/>\n<meta property=\"og:title\" content=\"O que perdemos? - Israel Institute of Biblical Studies\" \/>\n<meta property=\"og:description\" content=\"Hoje, vamos falar sobre uma das por\u00e7\u00f5es mais ricas de toda a Tor\u00e1 \u2014VaYer\u00e1 (\u00abe\u00a0Ele apareceu\u00bb,\u00a0G\u00eanesis 18:1-22:24)\u2014. H\u00e1 tantas coisas acontecendo nesta\" \/>\n<meta property=\"og:url\" content=\"https:\/\/israelbiblicalstudies.com\/pt\/blog\/category\/jewish-studies\/o-que-perdemos\/\" \/>\n<meta property=\"og:site_name\" content=\"Israel Institute of Biblical Studies\" \/>\n<meta property=\"article:published_time\" content=\"2020-11-11T21:35:44+00:00\" \/>\n<meta property=\"article:modified_time\" content=\"2025-08-13T11:38:21+00:00\" \/>\n<meta property=\"og:image\" content=\"https:\/\/israelbiblicalstudies.com\/wp-content\/uploads\/2020\/11\/shutterstock_1807656532-2-2.jpg\" \/>\n\t<meta property=\"og:image:width\" content=\"1000\" \/>\n\t<meta property=\"og:image:height\" content=\"665\" \/>\n\t<meta property=\"og:image:type\" content=\"image\/jpeg\" \/>\n<meta name=\"author\" content=\"Julia Blum\" \/>\n<meta name=\"twitter:card\" content=\"summary_large_image\" \/>\n<meta name=\"twitter:label1\" content=\"Escrito por\" \/>\n\t<meta name=\"twitter:data1\" content=\"Julia Blum\" \/>\n\t<meta name=\"twitter:label2\" content=\"Est. tempo de leitura\" \/>\n\t<meta name=\"twitter:data2\" content=\"9 minutos\" \/>\n<script type=\"application\/ld+json\" class=\"yoast-schema-graph\">{\"@context\":\"https:\/\/schema.org\",\"@graph\":[{\"@type\":\"Article\",\"@id\":\"https:\/\/israelbiblicalstudies.com\/pt\/blog\/category\/jewish-studies\/o-que-perdemos\/#article\",\"isPartOf\":{\"@id\":\"https:\/\/israelbiblicalstudies.com\/pt\/blog\/category\/jewish-studies\/o-que-perdemos\/\"},\"author\":{\"name\":\"Julia Blum\",\"@id\":\"https:\/\/israelbiblicalstudies.com\/pt\/#\/schema\/person\/470c9356fa72a497ecb801267dff4d15\"},\"headline\":\"O que perdemos?\",\"datePublished\":\"2020-11-11T21:35:44+00:00\",\"dateModified\":\"2025-08-13T11:38:21+00:00\",\"mainEntityOfPage\":{\"@id\":\"https:\/\/israelbiblicalstudies.com\/pt\/blog\/category\/jewish-studies\/o-que-perdemos\/\"},\"wordCount\":1875,\"publisher\":{\"@id\":\"https:\/\/israelbiblicalstudies.com\/pt\/#organization\"},\"image\":{\"@id\":\"https:\/\/israelbiblicalstudies.com\/pt\/blog\/category\/jewish-studies\/o-que-perdemos\/#primaryimage\"},\"thumbnailUrl\":\"https:\/\/israelbiblicalstudies.com\/wp-content\/uploads\/2020\/11\/shutterstock_1807656532-2-2.jpg\",\"articleSection\":[\"Estudos Judaicos\"],\"inLanguage\":\"pt-BR\"},{\"@type\":\"WebPage\",\"@id\":\"https:\/\/israelbiblicalstudies.com\/pt\/blog\/category\/jewish-studies\/o-que-perdemos\/\",\"url\":\"https:\/\/israelbiblicalstudies.com\/pt\/blog\/category\/jewish-studies\/o-que-perdemos\/\",\"name\":\"O que perdemos? - Israel Institute of Biblical Studies\",\"isPartOf\":{\"@id\":\"https:\/\/israelbiblicalstudies.com\/pt\/#website\"},\"primaryImageOfPage\":{\"@id\":\"https:\/\/israelbiblicalstudies.com\/pt\/blog\/category\/jewish-studies\/o-que-perdemos\/#primaryimage\"},\"image\":{\"@id\":\"https:\/\/israelbiblicalstudies.com\/pt\/blog\/category\/jewish-studies\/o-que-perdemos\/#primaryimage\"},\"thumbnailUrl\":\"https:\/\/israelbiblicalstudies.com\/wp-content\/uploads\/2020\/11\/shutterstock_1807656532-2-2.jpg\",\"datePublished\":\"2020-11-11T21:35:44+00:00\",\"dateModified\":\"2025-08-13T11:38:21+00:00\",\"description\":\"Hoje, vamos falar sobre uma das por\u00e7\u00f5es mais ricas de toda a Tor\u00e1 \u2014VaYer\u00e1 (\u00abe\u00a0Ele apareceu\u00bb,\u00a0G\u00eanesis 18:1-22:24)\u2014. H\u00e1 tantas coisas acontecendo nesta\",\"breadcrumb\":{\"@id\":\"https:\/\/israelbiblicalstudies.com\/pt\/blog\/category\/jewish-studies\/o-que-perdemos\/#breadcrumb\"},\"inLanguage\":\"pt-BR\",\"potentialAction\":[{\"@type\":\"ReadAction\",\"target\":[\"https:\/\/israelbiblicalstudies.com\/pt\/blog\/category\/jewish-studies\/o-que-perdemos\/\"]}]},{\"@type\":\"ImageObject\",\"inLanguage\":\"pt-BR\",\"@id\":\"https:\/\/israelbiblicalstudies.com\/pt\/blog\/category\/jewish-studies\/o-que-perdemos\/#primaryimage\",\"url\":\"https:\/\/israelbiblicalstudies.com\/wp-content\/uploads\/2020\/11\/shutterstock_1807656532-2-2.jpg\",\"contentUrl\":\"https:\/\/israelbiblicalstudies.com\/wp-content\/uploads\/2020\/11\/shutterstock_1807656532-2-2.jpg\",\"width\":1000,\"height\":665},{\"@type\":\"BreadcrumbList\",\"@id\":\"https:\/\/israelbiblicalstudies.com\/pt\/blog\/category\/jewish-studies\/o-que-perdemos\/#breadcrumb\",\"itemListElement\":[{\"@type\":\"ListItem\",\"position\":1,\"name\":\"Home\",\"item\":\"https:\/\/israelbiblicalstudies.com\/pt\/\"},{\"@type\":\"ListItem\",\"position\":2,\"name\":\"Estudos Judaicos\",\"item\":\"https:\/\/israelbiblicalstudies.com\/pt\/blog\/category\/jewish-studies\/\"},{\"@type\":\"ListItem\",\"position\":3,\"name\":\"O que perdemos?\"}]},{\"@type\":\"WebSite\",\"@id\":\"https:\/\/israelbiblicalstudies.com\/pt\/#website\",\"url\":\"https:\/\/israelbiblicalstudies.com\/pt\/\",\"name\":\"Israel Institute of Biblical Studies\",\"description\":\"Deepen Your Understanding of the Bible\",\"publisher\":{\"@id\":\"https:\/\/israelbiblicalstudies.com\/pt\/#organization\"},\"potentialAction\":[{\"@type\":\"SearchAction\",\"target\":{\"@type\":\"EntryPoint\",\"urlTemplate\":\"https:\/\/israelbiblicalstudies.com\/pt\/?s={search_term_string}\"},\"query-input\":{\"@type\":\"PropertyValueSpecification\",\"valueRequired\":true,\"valueName\":\"search_term_string\"}}],\"inLanguage\":\"pt-BR\"},{\"@type\":\"Organization\",\"@id\":\"https:\/\/israelbiblicalstudies.com\/pt\/#organization\",\"name\":\"Israel Biblical Studies\",\"url\":\"https:\/\/israelbiblicalstudies.com\/pt\/\",\"logo\":{\"@type\":\"ImageObject\",\"inLanguage\":\"pt-BR\",\"@id\":\"https:\/\/israelbiblicalstudies.com\/pt\/#\/schema\/logo\/image\/\",\"url\":\"https:\/\/israelbiblicalstudies.com\/wp-content\/uploads\/2016\/09\/logo-invert.png\",\"contentUrl\":\"https:\/\/israelbiblicalstudies.com\/wp-content\/uploads\/2016\/09\/logo-invert.png\",\"width\":152,\"height\":68,\"caption\":\"Israel Biblical Studies\"},\"image\":{\"@id\":\"https:\/\/israelbiblicalstudies.com\/pt\/#\/schema\/logo\/image\/\"}},{\"@type\":\"Person\",\"@id\":\"https:\/\/israelbiblicalstudies.com\/pt\/#\/schema\/person\/470c9356fa72a497ecb801267dff4d15\",\"name\":\"Julia Blum\",\"image\":{\"@type\":\"ImageObject\",\"inLanguage\":\"pt-BR\",\"@id\":\"https:\/\/israelbiblicalstudies.com\/pt\/#\/schema\/person\/image\/\",\"url\":\"https:\/\/secure.gravatar.com\/avatar\/bba81953dcf8395e3b4a73607c07e2f9d3e53c113398ce1fd48361f3f137b781?s=96&d=mm&r=g\",\"contentUrl\":\"https:\/\/secure.gravatar.com\/avatar\/bba81953dcf8395e3b4a73607c07e2f9d3e53c113398ce1fd48361f3f137b781?s=96&d=mm&r=g\",\"caption\":\"Julia Blum\"},\"description\":\"Julia is a teacher and an author of several books on biblical topics. She teaches two biblical courses at the Israel Institute of Biblical Studies, \u201cDiscovering the Hebrew Bible\u201d and \u201cJewish Background of the New Testament\u201d, and writes Hebrew insights for these courses.\",\"url\":\"https:\/\/israelbiblicalstudies.com\/pt\/blog\/author\/juliablum\/\"}]}<\/script>\n<!-- \/ Yoast SEO plugin. -->","yoast_head_json":{"title":"O que perdemos? - Israel Institute of Biblical Studies","description":"Hoje, vamos falar sobre uma das por\u00e7\u00f5es mais ricas de toda a Tor\u00e1 \u2014VaYer\u00e1 (\u00abe\u00a0Ele apareceu\u00bb,\u00a0G\u00eanesis 18:1-22:24)\u2014. H\u00e1 tantas coisas acontecendo nesta","robots":{"index":"index","follow":"follow","max-snippet":"max-snippet:-1","max-image-preview":"max-image-preview:large","max-video-preview":"max-video-preview:-1"},"canonical":"https:\/\/israelbiblicalstudies.com\/pt\/blog\/category\/jewish-studies\/o-que-perdemos\/","og_locale":"pt_BR","og_type":"article","og_title":"O que perdemos? - Israel Institute of Biblical Studies","og_description":"Hoje, vamos falar sobre uma das por\u00e7\u00f5es mais ricas de toda a Tor\u00e1 \u2014VaYer\u00e1 (\u00abe\u00a0Ele apareceu\u00bb,\u00a0G\u00eanesis 18:1-22:24)\u2014. H\u00e1 tantas coisas acontecendo nesta","og_url":"https:\/\/israelbiblicalstudies.com\/pt\/blog\/category\/jewish-studies\/o-que-perdemos\/","og_site_name":"Israel Institute of Biblical Studies","article_published_time":"2020-11-11T21:35:44+00:00","article_modified_time":"2025-08-13T11:38:21+00:00","og_image":[{"width":1000,"height":665,"url":"https:\/\/israelbiblicalstudies.com\/wp-content\/uploads\/2020\/11\/shutterstock_1807656532-2-2.jpg","type":"image\/jpeg"}],"author":"Julia Blum","twitter_card":"summary_large_image","twitter_misc":{"Escrito por":"Julia Blum","Est. tempo de leitura":"9 minutos"},"schema":{"@context":"https:\/\/schema.org","@graph":[{"@type":"Article","@id":"https:\/\/israelbiblicalstudies.com\/pt\/blog\/category\/jewish-studies\/o-que-perdemos\/#article","isPartOf":{"@id":"https:\/\/israelbiblicalstudies.com\/pt\/blog\/category\/jewish-studies\/o-que-perdemos\/"},"author":{"name":"Julia Blum","@id":"https:\/\/israelbiblicalstudies.com\/pt\/#\/schema\/person\/470c9356fa72a497ecb801267dff4d15"},"headline":"O que perdemos?","datePublished":"2020-11-11T21:35:44+00:00","dateModified":"2025-08-13T11:38:21+00:00","mainEntityOfPage":{"@id":"https:\/\/israelbiblicalstudies.com\/pt\/blog\/category\/jewish-studies\/o-que-perdemos\/"},"wordCount":1875,"publisher":{"@id":"https:\/\/israelbiblicalstudies.com\/pt\/#organization"},"image":{"@id":"https:\/\/israelbiblicalstudies.com\/pt\/blog\/category\/jewish-studies\/o-que-perdemos\/#primaryimage"},"thumbnailUrl":"https:\/\/israelbiblicalstudies.com\/wp-content\/uploads\/2020\/11\/shutterstock_1807656532-2-2.jpg","articleSection":["Estudos Judaicos"],"inLanguage":"pt-BR"},{"@type":"WebPage","@id":"https:\/\/israelbiblicalstudies.com\/pt\/blog\/category\/jewish-studies\/o-que-perdemos\/","url":"https:\/\/israelbiblicalstudies.com\/pt\/blog\/category\/jewish-studies\/o-que-perdemos\/","name":"O que perdemos? - Israel Institute of Biblical Studies","isPartOf":{"@id":"https:\/\/israelbiblicalstudies.com\/pt\/#website"},"primaryImageOfPage":{"@id":"https:\/\/israelbiblicalstudies.com\/pt\/blog\/category\/jewish-studies\/o-que-perdemos\/#primaryimage"},"image":{"@id":"https:\/\/israelbiblicalstudies.com\/pt\/blog\/category\/jewish-studies\/o-que-perdemos\/#primaryimage"},"thumbnailUrl":"https:\/\/israelbiblicalstudies.com\/wp-content\/uploads\/2020\/11\/shutterstock_1807656532-2-2.jpg","datePublished":"2020-11-11T21:35:44+00:00","dateModified":"2025-08-13T11:38:21+00:00","description":"Hoje, vamos falar sobre uma das por\u00e7\u00f5es mais ricas de toda a Tor\u00e1 \u2014VaYer\u00e1 (\u00abe\u00a0Ele apareceu\u00bb,\u00a0G\u00eanesis 18:1-22:24)\u2014. H\u00e1 tantas coisas acontecendo nesta","breadcrumb":{"@id":"https:\/\/israelbiblicalstudies.com\/pt\/blog\/category\/jewish-studies\/o-que-perdemos\/#breadcrumb"},"inLanguage":"pt-BR","potentialAction":[{"@type":"ReadAction","target":["https:\/\/israelbiblicalstudies.com\/pt\/blog\/category\/jewish-studies\/o-que-perdemos\/"]}]},{"@type":"ImageObject","inLanguage":"pt-BR","@id":"https:\/\/israelbiblicalstudies.com\/pt\/blog\/category\/jewish-studies\/o-que-perdemos\/#primaryimage","url":"https:\/\/israelbiblicalstudies.com\/wp-content\/uploads\/2020\/11\/shutterstock_1807656532-2-2.jpg","contentUrl":"https:\/\/israelbiblicalstudies.com\/wp-content\/uploads\/2020\/11\/shutterstock_1807656532-2-2.jpg","width":1000,"height":665},{"@type":"BreadcrumbList","@id":"https:\/\/israelbiblicalstudies.com\/pt\/blog\/category\/jewish-studies\/o-que-perdemos\/#breadcrumb","itemListElement":[{"@type":"ListItem","position":1,"name":"Home","item":"https:\/\/israelbiblicalstudies.com\/pt\/"},{"@type":"ListItem","position":2,"name":"Estudos Judaicos","item":"https:\/\/israelbiblicalstudies.com\/pt\/blog\/category\/jewish-studies\/"},{"@type":"ListItem","position":3,"name":"O que perdemos?"}]},{"@type":"WebSite","@id":"https:\/\/israelbiblicalstudies.com\/pt\/#website","url":"https:\/\/israelbiblicalstudies.com\/pt\/","name":"Israel Institute of Biblical Studies","description":"Deepen Your Understanding of the Bible","publisher":{"@id":"https:\/\/israelbiblicalstudies.com\/pt\/#organization"},"potentialAction":[{"@type":"SearchAction","target":{"@type":"EntryPoint","urlTemplate":"https:\/\/israelbiblicalstudies.com\/pt\/?s={search_term_string}"},"query-input":{"@type":"PropertyValueSpecification","valueRequired":true,"valueName":"search_term_string"}}],"inLanguage":"pt-BR"},{"@type":"Organization","@id":"https:\/\/israelbiblicalstudies.com\/pt\/#organization","name":"Israel Biblical Studies","url":"https:\/\/israelbiblicalstudies.com\/pt\/","logo":{"@type":"ImageObject","inLanguage":"pt-BR","@id":"https:\/\/israelbiblicalstudies.com\/pt\/#\/schema\/logo\/image\/","url":"https:\/\/israelbiblicalstudies.com\/wp-content\/uploads\/2016\/09\/logo-invert.png","contentUrl":"https:\/\/israelbiblicalstudies.com\/wp-content\/uploads\/2016\/09\/logo-invert.png","width":152,"height":68,"caption":"Israel Biblical Studies"},"image":{"@id":"https:\/\/israelbiblicalstudies.com\/pt\/#\/schema\/logo\/image\/"}},{"@type":"Person","@id":"https:\/\/israelbiblicalstudies.com\/pt\/#\/schema\/person\/470c9356fa72a497ecb801267dff4d15","name":"Julia Blum","image":{"@type":"ImageObject","inLanguage":"pt-BR","@id":"https:\/\/israelbiblicalstudies.com\/pt\/#\/schema\/person\/image\/","url":"https:\/\/secure.gravatar.com\/avatar\/bba81953dcf8395e3b4a73607c07e2f9d3e53c113398ce1fd48361f3f137b781?s=96&d=mm&r=g","contentUrl":"https:\/\/secure.gravatar.com\/avatar\/bba81953dcf8395e3b4a73607c07e2f9d3e53c113398ce1fd48361f3f137b781?s=96&d=mm&r=g","caption":"Julia Blum"},"description":"Julia is a teacher and an author of several books on biblical topics. She teaches two biblical courses at the Israel Institute of Biblical Studies, \u201cDiscovering the Hebrew Bible\u201d and \u201cJewish Background of the New Testament\u201d, and writes Hebrew insights for these courses.","url":"https:\/\/israelbiblicalstudies.com\/pt\/blog\/author\/juliablum\/"}]}},"_links":{"self":[{"href":"https:\/\/israelbiblicalstudies.com\/pt\/wp-json\/wp\/v2\/posts\/45256","targetHints":{"allow":["GET"]}}],"collection":[{"href":"https:\/\/israelbiblicalstudies.com\/pt\/wp-json\/wp\/v2\/posts"}],"about":[{"href":"https:\/\/israelbiblicalstudies.com\/pt\/wp-json\/wp\/v2\/types\/post"}],"author":[{"embeddable":true,"href":"https:\/\/israelbiblicalstudies.com\/pt\/wp-json\/wp\/v2\/users\/45"}],"replies":[{"embeddable":true,"href":"https:\/\/israelbiblicalstudies.com\/pt\/wp-json\/wp\/v2\/comments?post=45256"}],"version-history":[{"count":0,"href":"https:\/\/israelbiblicalstudies.com\/pt\/wp-json\/wp\/v2\/posts\/45256\/revisions"}],"wp:featuredmedia":[{"embeddable":true,"href":"https:\/\/israelbiblicalstudies.com\/pt\/wp-json\/wp\/v2\/media\/44264"}],"wp:attachment":[{"href":"https:\/\/israelbiblicalstudies.com\/pt\/wp-json\/wp\/v2\/media?parent=45256"}],"wp:term":[{"taxonomy":"category","embeddable":true,"href":"https:\/\/israelbiblicalstudies.com\/pt\/wp-json\/wp\/v2\/categories?post=45256"},{"taxonomy":"post_tag","embeddable":true,"href":"https:\/\/israelbiblicalstudies.com\/pt\/wp-json\/wp\/v2\/tags?post=45256"}],"curies":[{"name":"wp","href":"https:\/\/api.w.org\/{rel}","templated":true}]}}