{"id":45273,"date":"2021-03-25T11:46:12","date_gmt":"2021-03-25T08:46:12","guid":{"rendered":"https:\/\/iibsblogsstg.wpenginepowered.com\/?p=16987"},"modified":"2025-08-13T11:40:52","modified_gmt":"2025-08-13T11:40:52","slug":"meditacoes-antes-da-pascoa","status":"publish","type":"post","link":"https:\/\/israelbiblicalstudies.com\/pt\/blog\/category\/jewish-studies\/meditacoes-antes-da-pascoa\/","title":{"rendered":"Medita\u00e7\u00f5es Antes da P\u00e1scoa"},"content":{"rendered":"<p>Meus caros leitores, estou enfrentando um verdadeiro desafio esta semana.\u00a0A leitura da semana passada consistia de duas por\u00e7\u00f5es da Tor\u00e1, portanto, eu deveria comentar duas\u00a0<em>Parash\u00f3t<\/em>, e n\u00e3o uma.\u00a0N\u00e3o tive espa\u00e7o suficiente para a segunda, por\u00e9m, e portanto, a \u00faltima por\u00e7\u00e3o do \u00caxodo ainda est\u00e1 para ser discutida.\u00a0Enquanto isso, come\u00e7amos n\u00e3o apenas uma nova por\u00e7\u00e3o da Tor\u00e1, mas um novo livro da Tor\u00e1;\u00a0e por cima de tudo isso, a P\u00e1scoa \u2014<em>P\u00e9saj<\/em>\u2014 est\u00e1 se aproximando rapidamente (como alguns de voc\u00eas provavelmente sabem).\u00a0Portanto, tenho uma tarefa tripla neste artigo: comentar sobre\u00a0<em>Pikud\u00e9i<\/em>\u00a0(a \u00faltima parte do \u00caxodo), discutir\u00a0<em>Vayikr\u00e1\u00a0<\/em>(a primeira parte do Lev\u00edtico) e compartilhar alguns pensamentos sobre\u00a0<em>P\u00e9saj<\/em>.<\/p>\n<p><em><strong>Pikud\u00e9i<\/strong><\/em><\/p>\n<p>As por\u00e7\u00f5es finais do livro de \u00caxodo, em sua totalidade, descrevem os esfor\u00e7os de Mois\u00e9s e todo o povo de Israel na constru\u00e7\u00e3o do tabern\u00e1culo \u2014o maravilhoso santu\u00e1rio m\u00f3vel que acompanharia o povo Judeu em sua longa jornada no deserto\u2014 e era para ser estabelecido na terra de Israel quando eles finalmente chegassem l\u00e1.\u00a0Finalmente, no \u00faltimo cap\u00edtulo, os vers\u00edculos finais do livro do \u00caxodo nos informam sobre a conclus\u00e3o deste santu\u00e1rio: \u00ab<em>Assim Mois\u00e9s acabou a obra<\/em>\u00bb.<strong><a href=\"#_ftn1\" name=\"_ftnref1\">[1]<\/a><\/strong>\u00a0O que acontece depois?<\/p>\n<p>\u00ab<em>Ent\u00e3o a nuvem cobriu a tenda da congrega\u00e7\u00e3o&#8230; Mois\u00e9s n\u00e3o podia entrar na tenda da congrega\u00e7\u00e3o, porque a nuvem permanecia sobre ela<\/em>\u00bb.<strong><a href=\"#_ftn2\" name=\"_ftnref2\">[2]<\/a> <\/strong>Uma nuvem espessa cobriu o santu\u00e1rio rec\u00e9m-constru\u00eddo.\u00a0Por causa desta nuvem, o pr\u00f3prio Mois\u00e9s foi incapaz de entrar no santu\u00e1rio.\u00a0Voc\u00eas podem imaginar?\u00a0Depois de todo o esfor\u00e7o despendido nesta constru\u00e7\u00e3o, \u00a0ele foi coberto por uma nuvem e parecia totalmente inacess\u00edvel e totalmente in\u00fatil.<\/p>\n<p>Sim, claro, AGORA todos sabem que n\u00e3o era apenas uma nuvem: era a gl\u00f3ria de Deus!\u00a0A presen\u00e7a de Deus cobriu o santu\u00e1rio!\u00a0No entanto, pensem naquele primeiro momento em que acontecia: como eles poderiam saber exatamente o que era essa nuvem?\u00a0Tenho certeza de que Mois\u00e9s teve f\u00e9, e n\u00e3o duvidou ou questionou Deus, mas tamb\u00e9m tenho a certeza de que havia muitos l\u00e1 que estavam reclamando, se perguntando por que raz\u00e3o no mundo eles haviam passado tanto tempo construindo exatamente o que agora parecia ser t\u00e3o in\u00fatil. A escolha \u00e9 sempre nossa: louvar a Deus por sua presen\u00e7a cobrindo o tabern\u00e1culo ou reclamar da nuvem inoportuna, interferindo em nossos planos.<\/p>\n<p><strong><em>Vayikr\u00e1<\/em><\/strong><\/p>\n<p>De uma forma maravilhosa \u2014como tudo na Tor\u00e1\u2014 esta escolha \u00e9 refletida pela primeira palavra de nossa por\u00e7\u00e3o\u00a0<em>VaYikr\u00e1<\/em>. J\u00e1 escrevi sobre isso, mas acho que vale a pena mencionar sempre que vamos ao livro de Lev\u00edtico \u2014<em>Vayikr\u00e1<\/em>\u2014.\u00a0No texto original em Hebraico, a primeira palavra desta por\u00e7\u00e3o e deste livro \u2014a palavra <em>Vayikr<sup>a<\/sup>\u2014\u00a0<\/em>tem uma caracter\u00edstica peculiar: \u00e9 escrita com um pequeno <em>\u00e1lef<\/em> no final.\u00a0Existem tr\u00eas tamanhos de letras na Tor\u00e1:\u00a0intermedi\u00e1rio, superdimensionado e em miniatura e cada vez que vemos uma letra de um tamanho diferente, devemos procurar por uma explica\u00e7\u00e3o profunda.\u00a0Ent\u00e3o, por que temos esse <em>\u00e1lef<\/em> em miniatura aqui?<\/p>\n<p>Nossos s\u00e1bios ofereceram diferentes explica\u00e7\u00f5es, principalmente a respeito da humildade: eles disseram que Mois\u00e9s havia alcan\u00e7ado o mais alto n\u00edvel de humildade, e isso foi expresso pelo\u00a0\u00e1lef em\u00a0miniatura\u00a0de\u00a0<em>Vayikr\u00e1<\/em>.\u00a0H\u00e1, no entanto, outra explica\u00e7\u00e3o, que amo e sempre compartilho.\u00a0A palavra\u00a0<em>VaYikr\u00e1<\/em>\u00a0sem o\u00a0<em>\u00e1lef<\/em>\u00a0seria\u00a0<em>VaYik\u00e9r<\/em>, que significa \u00abe aconteceu\u00bb.\u00a0Ent\u00e3o, quando come\u00e7amos a ler este livro em Hebraico, primeiro lemos: \u00abaconteceu\u00bb;\u00a0mas ent\u00e3o vemos este pequeno\u00a0<em>\u00e1lef<\/em>\u00a0e entendemos que a mensagem aqui \u00e9 completamente diferente.\u00a0H\u00e1 uma diferen\u00e7a enorme e verdadeiramente ontol\u00f3gica entre a vis\u00e3o de mundo baseada em\u00a0<em>Vayikr\u00e1<\/em>\u00a0\u2014\u00abe Ele chamou\u00bb\u2014 e a vis\u00e3o de mundo baseada em\u00a0<em>VaYik\u00e9r<\/em>\u00a0\u2014\u00abe aconteceu\u00bb\u2014. Um coment\u00e1rio Judeu diz que quando o Mar Vermelho se dividiu, todos os mares do mundo se dividiram ao mesmo tempo porque o Senhor sempre nos deixa a escolha de perceber seus milagres como algum evento natural que \u00abacabou de acontecer\u00bb.\u00a0Mais uma vez, sempre temos esta escolha: reconhecer a presen\u00e7a de Deus, a m\u00e3o de Deus, a voz de Deus ou ver uma nuvem que \u00abacabou de acontecer\u00bb chegar em um momento ruim e se tornou um obst\u00e1culo infeliz em nossa adora\u00e7\u00e3o .<\/p>\n<p><strong>Preparando-se para a P\u00e1scoa<\/strong><\/p>\n<p>Ultimamente, ouvi uma hist\u00f3ria interessante.\u00a0Algum grande rabino em Israel (n\u00e3o vou mencionar o nome dele), enquanto falava sobre limpar sua casa para a P\u00e1scoa (<em>Nikay\u00f3n P\u00e9saj<\/em>)\u00a0disse: \u00ab<em>No entanto, a limpeza mais importante \u00e9, naturalmente, a limpeza do cora\u00e7\u00e3o<\/em>\u00bb. Quando questionado sobre se ele sabe quem disse isso antes dele, ele respondeu:\u00ab<em>Claro!\u00a0Foi Paulo!<\/em>\u00bb. \u00a0Assim, o rabino Judeu conhece sobre Paulo e a exorta\u00e7\u00e3o de Paulo para limpar os cora\u00e7\u00f5es do fermento;\u00a0os leitores Crist\u00e3os sabem sobre o\u00a0<em>Nikay\u00f3n P\u00e9saj<\/em>\u00a0e\u00a0<em>Bedik\u00e1t Jam\u00e9tz\u00a0<\/em>Judaico?\u00a0Quando voc\u00eas leem as palavras de Paulo que falam dos p\u00e3es \u00e1zimos: \u00ab<em>Lan\u00e7ai fora o velho fermento, para que sejais nova massa, como sois de fato sem fermento<\/em>\u00bb.<a href=\"#_ftn3\" name=\"_ftnref3\"><strong>[3]<\/strong><\/a>\u00a0Voc\u00eas sabem qual foi o \u00a0fundo original deste vers\u00edculo famoso?<\/p>\n<p>Um leitor Crist\u00e3o moderno provavelmente veria nessas palavras apenas a realidade espiritual: os crentes, sendo salvos e purificados do pecado (fermento), tornam-se p\u00e3es asmos.\u00a0No entanto, n\u00e3o h\u00e1 d\u00favida de que, enquanto escrevia, Paulo tinha em mente a P\u00e1scoa Judaica e que suas palavras se referem a um\u00a0<em>bedik\u00e1t jam\u00e9tz<\/em>\u00a0muito pr\u00e1tico \u2014a cerim\u00f4nia da \u00abbusca do fermento\u00bb.\u00a0Essa cerim\u00f4nia existia na \u00e9poca de Jesus, e ainda existe nos lares Judeus hoje, tanto em Israel quanto na dispers\u00e3o: ap\u00f3s semanas de limpeza completa (<em>Nikay\u00f3n P\u00e9saj<\/em>), na noite antes da P\u00e1scoa, toda a casa seria solenemente inspecionada para quaisquer migalhas ocasionais de fermento.\u00a0Aqui est\u00e1 o que David Baron escreve: \u00ab<em>Lembro-me bem do interesse com que, quando menino, costumava seguir por meu pai na noite antes do dia 14 de Nis\u00e1n\u2026 depois de proferir a ora\u00e7\u00e3o: \u201cBendito \u00e9s tu o Senhor nosso Deus, que nos santificou pelos seus mandamentos e nos ordenou que remov\u00eassemos o fermento\u201d, ele passou a vasculhar todos os lugares prov\u00e1veis e improv\u00e1veis em toda a casa em busca de fermento<\/em>\u00bb.\u00a0 Esta cerim\u00f3nia, que completa a limpeza da casa, sempre foi considerada necess\u00e1ria e uma prepara\u00e7\u00e3o final para a festa.\u00a0Sem d\u00favida, as palavras de Paulo se referem a esse costume, no entanto, como acontece com frequ\u00eancia no Novo Testamento, Paulo revela uma nova camada espiritual al\u00e9m do costume tradicional.<\/p>\n<p><a href=\"#_ftnref1\" name=\"_ftn1\">[1]<\/a> \u00caxodo 40:33.<\/p>\n<p><a href=\"#_ftnref2\" name=\"_ftn2\">[2]<\/a> \u00caxodo 40:34-35.<\/p>\n<p><a href=\"#_ftnref3\" name=\"_ftn3\">[3]<\/a> 1 Corintios 5:7.<\/p>\n<p><em>Oferecemos um curso maravilhoso para estudar as por\u00e7\u00f5es da Tor\u00e1 Hebraica, junto com suas\u00a0alus\u00f5es e\u00a0interpreta\u00e7\u00f5es\u00a0do Novo Testamento.\u00a0Como sempre, sintam-se \u00e0 vontade para entrar em contato comigo para obter mais informa\u00e7\u00f5es. Al\u00e9m disso, trechos dos meus livros est\u00e3o inclu\u00eddos em muitos posts aqui, ent\u00e3o se voc\u00eas gostam dos artigos neste blog, voc\u00eas podem gostar tamb\u00e9m dos meus livros, voc\u00eas podem obt\u00ea-los <a href=\"https:\/\/israelbiblicalstudies.com\/wp-admin\/post-new.php?lang=es&amp;post_type=post&amp;trid=145349&amp;source_lang=en\">aqui<\/a>.\u00a0<\/em><\/p>\n","protected":false},"excerpt":{"rendered":"<p>Meus caros leitores, estou enfrentando um verdadeiro desafio esta semana.\u00a0A leitura da semana passada consistia de duas por\u00e7\u00f5es da Tor\u00e1, portanto, eu deveria comentar duas\u00a0Parash\u00f3t, e n\u00e3o uma.\u00a0N\u00e3o tive espa\u00e7o suficiente para a segunda, por\u00e9m, e portanto, a \u00faltima por\u00e7\u00e3o do \u00caxodo ainda est\u00e1 para ser discutida.\u00a0Enquanto isso, come\u00e7amos n\u00e3o apenas uma nova por\u00e7\u00e3o da [&hellip;]<\/p>\n","protected":false},"author":45,"featured_media":44612,"comment_status":"closed","ping_status":"open","sticky":false,"template":"","format":"standard","meta":{"_acf_changed":false,"inline_featured_image":false,"footnotes":""},"categories":[395],"tags":[],"class_list":["post-45273","post","type-post","status-publish","format-standard","has-post-thumbnail","hentry","category-jewish-studies"],"acf":[],"yoast_head":"<!-- This site is optimized with the Yoast SEO plugin v26.5 - https:\/\/yoast.com\/wordpress\/plugins\/seo\/ -->\n<title>Medita\u00e7\u00f5es Antes da P\u00e1scoa - Israel Institute of Biblical Studies<\/title>\n<meta name=\"description\" content=\"Meus caros leitores, estou enfrentando um verdadeiro desafio esta semana.\u00a0A leitura da semana passada consistia de duas por\u00e7\u00f5es da Tor\u00e1, portanto, eu\" \/>\n<meta name=\"robots\" content=\"index, follow, max-snippet:-1, max-image-preview:large, max-video-preview:-1\" \/>\n<link rel=\"canonical\" href=\"https:\/\/israelbiblicalstudies.com\/pt\/blog\/category\/jewish-studies\/meditacoes-antes-da-pascoa\/\" \/>\n<meta property=\"og:locale\" content=\"pt_BR\" \/>\n<meta property=\"og:type\" content=\"article\" \/>\n<meta property=\"og:title\" content=\"Medita\u00e7\u00f5es Antes da P\u00e1scoa - Israel Institute of Biblical Studies\" \/>\n<meta property=\"og:description\" content=\"Meus caros leitores, estou enfrentando um verdadeiro desafio esta semana.\u00a0A leitura da semana passada consistia de duas por\u00e7\u00f5es da Tor\u00e1, portanto, eu\" \/>\n<meta property=\"og:url\" content=\"https:\/\/israelbiblicalstudies.com\/pt\/blog\/category\/jewish-studies\/meditacoes-antes-da-pascoa\/\" \/>\n<meta property=\"og:site_name\" content=\"Israel Institute of Biblical Studies\" \/>\n<meta property=\"article:published_time\" content=\"2021-03-25T08:46:12+00:00\" \/>\n<meta property=\"article:modified_time\" content=\"2025-08-13T11:40:52+00:00\" \/>\n<meta property=\"og:image\" content=\"https:\/\/israelbiblicalstudies.com\/wp-content\/uploads\/2021\/03\/shutterstock_461287006-1-scaled-1.jpg\" \/>\n\t<meta property=\"og:image:width\" content=\"1024\" \/>\n\t<meta property=\"og:image:height\" content=\"732\" \/>\n\t<meta property=\"og:image:type\" content=\"image\/jpeg\" \/>\n<meta name=\"author\" content=\"Julia Blum\" \/>\n<meta name=\"twitter:card\" content=\"summary_large_image\" \/>\n<meta name=\"twitter:label1\" content=\"Escrito por\" \/>\n\t<meta name=\"twitter:data1\" content=\"Julia Blum\" \/>\n\t<meta name=\"twitter:label2\" content=\"Est. tempo de leitura\" \/>\n\t<meta name=\"twitter:data2\" content=\"5 minutos\" \/>\n<script type=\"application\/ld+json\" class=\"yoast-schema-graph\">{\"@context\":\"https:\/\/schema.org\",\"@graph\":[{\"@type\":\"Article\",\"@id\":\"https:\/\/israelbiblicalstudies.com\/pt\/blog\/category\/jewish-studies\/meditacoes-antes-da-pascoa\/#article\",\"isPartOf\":{\"@id\":\"https:\/\/israelbiblicalstudies.com\/pt\/blog\/category\/jewish-studies\/meditacoes-antes-da-pascoa\/\"},\"author\":{\"name\":\"Julia Blum\",\"@id\":\"https:\/\/israelbiblicalstudies.com\/pt\/#\/schema\/person\/470c9356fa72a497ecb801267dff4d15\"},\"headline\":\"Medita\u00e7\u00f5es Antes da P\u00e1scoa\",\"datePublished\":\"2021-03-25T08:46:12+00:00\",\"dateModified\":\"2025-08-13T11:40:52+00:00\",\"mainEntityOfPage\":{\"@id\":\"https:\/\/israelbiblicalstudies.com\/pt\/blog\/category\/jewish-studies\/meditacoes-antes-da-pascoa\/\"},\"wordCount\":1231,\"publisher\":{\"@id\":\"https:\/\/israelbiblicalstudies.com\/pt\/#organization\"},\"image\":{\"@id\":\"https:\/\/israelbiblicalstudies.com\/pt\/blog\/category\/jewish-studies\/meditacoes-antes-da-pascoa\/#primaryimage\"},\"thumbnailUrl\":\"https:\/\/israelbiblicalstudies.com\/wp-content\/uploads\/2021\/03\/shutterstock_461287006-1-scaled-1.jpg\",\"articleSection\":[\"Estudos Judaicos\"],\"inLanguage\":\"pt-BR\"},{\"@type\":\"WebPage\",\"@id\":\"https:\/\/israelbiblicalstudies.com\/pt\/blog\/category\/jewish-studies\/meditacoes-antes-da-pascoa\/\",\"url\":\"https:\/\/israelbiblicalstudies.com\/pt\/blog\/category\/jewish-studies\/meditacoes-antes-da-pascoa\/\",\"name\":\"Medita\u00e7\u00f5es Antes da P\u00e1scoa - Israel Institute of Biblical Studies\",\"isPartOf\":{\"@id\":\"https:\/\/israelbiblicalstudies.com\/pt\/#website\"},\"primaryImageOfPage\":{\"@id\":\"https:\/\/israelbiblicalstudies.com\/pt\/blog\/category\/jewish-studies\/meditacoes-antes-da-pascoa\/#primaryimage\"},\"image\":{\"@id\":\"https:\/\/israelbiblicalstudies.com\/pt\/blog\/category\/jewish-studies\/meditacoes-antes-da-pascoa\/#primaryimage\"},\"thumbnailUrl\":\"https:\/\/israelbiblicalstudies.com\/wp-content\/uploads\/2021\/03\/shutterstock_461287006-1-scaled-1.jpg\",\"datePublished\":\"2021-03-25T08:46:12+00:00\",\"dateModified\":\"2025-08-13T11:40:52+00:00\",\"description\":\"Meus caros leitores, estou enfrentando um verdadeiro desafio esta semana.\u00a0A leitura da semana passada consistia de duas por\u00e7\u00f5es da Tor\u00e1, portanto, eu\",\"breadcrumb\":{\"@id\":\"https:\/\/israelbiblicalstudies.com\/pt\/blog\/category\/jewish-studies\/meditacoes-antes-da-pascoa\/#breadcrumb\"},\"inLanguage\":\"pt-BR\",\"potentialAction\":[{\"@type\":\"ReadAction\",\"target\":[\"https:\/\/israelbiblicalstudies.com\/pt\/blog\/category\/jewish-studies\/meditacoes-antes-da-pascoa\/\"]}]},{\"@type\":\"ImageObject\",\"inLanguage\":\"pt-BR\",\"@id\":\"https:\/\/israelbiblicalstudies.com\/pt\/blog\/category\/jewish-studies\/meditacoes-antes-da-pascoa\/#primaryimage\",\"url\":\"https:\/\/israelbiblicalstudies.com\/wp-content\/uploads\/2021\/03\/shutterstock_461287006-1-scaled-1.jpg\",\"contentUrl\":\"https:\/\/israelbiblicalstudies.com\/wp-content\/uploads\/2021\/03\/shutterstock_461287006-1-scaled-1.jpg\",\"width\":1024,\"height\":732},{\"@type\":\"BreadcrumbList\",\"@id\":\"https:\/\/israelbiblicalstudies.com\/pt\/blog\/category\/jewish-studies\/meditacoes-antes-da-pascoa\/#breadcrumb\",\"itemListElement\":[{\"@type\":\"ListItem\",\"position\":1,\"name\":\"Home\",\"item\":\"https:\/\/israelbiblicalstudies.com\/pt\/\"},{\"@type\":\"ListItem\",\"position\":2,\"name\":\"Estudos Judaicos\",\"item\":\"https:\/\/israelbiblicalstudies.com\/pt\/blog\/category\/jewish-studies\/\"},{\"@type\":\"ListItem\",\"position\":3,\"name\":\"Medita\u00e7\u00f5es Antes da P\u00e1scoa\"}]},{\"@type\":\"WebSite\",\"@id\":\"https:\/\/israelbiblicalstudies.com\/pt\/#website\",\"url\":\"https:\/\/israelbiblicalstudies.com\/pt\/\",\"name\":\"Israel Institute of Biblical Studies\",\"description\":\"Deepen Your Understanding of the Bible\",\"publisher\":{\"@id\":\"https:\/\/israelbiblicalstudies.com\/pt\/#organization\"},\"potentialAction\":[{\"@type\":\"SearchAction\",\"target\":{\"@type\":\"EntryPoint\",\"urlTemplate\":\"https:\/\/israelbiblicalstudies.com\/pt\/?s={search_term_string}\"},\"query-input\":{\"@type\":\"PropertyValueSpecification\",\"valueRequired\":true,\"valueName\":\"search_term_string\"}}],\"inLanguage\":\"pt-BR\"},{\"@type\":\"Organization\",\"@id\":\"https:\/\/israelbiblicalstudies.com\/pt\/#organization\",\"name\":\"Israel Biblical Studies\",\"url\":\"https:\/\/israelbiblicalstudies.com\/pt\/\",\"logo\":{\"@type\":\"ImageObject\",\"inLanguage\":\"pt-BR\",\"@id\":\"https:\/\/israelbiblicalstudies.com\/pt\/#\/schema\/logo\/image\/\",\"url\":\"https:\/\/israelbiblicalstudies.com\/wp-content\/uploads\/2016\/09\/logo-invert.png\",\"contentUrl\":\"https:\/\/israelbiblicalstudies.com\/wp-content\/uploads\/2016\/09\/logo-invert.png\",\"width\":152,\"height\":68,\"caption\":\"Israel Biblical Studies\"},\"image\":{\"@id\":\"https:\/\/israelbiblicalstudies.com\/pt\/#\/schema\/logo\/image\/\"}},{\"@type\":\"Person\",\"@id\":\"https:\/\/israelbiblicalstudies.com\/pt\/#\/schema\/person\/470c9356fa72a497ecb801267dff4d15\",\"name\":\"Julia Blum\",\"image\":{\"@type\":\"ImageObject\",\"inLanguage\":\"pt-BR\",\"@id\":\"https:\/\/israelbiblicalstudies.com\/pt\/#\/schema\/person\/image\/\",\"url\":\"https:\/\/secure.gravatar.com\/avatar\/bba81953dcf8395e3b4a73607c07e2f9d3e53c113398ce1fd48361f3f137b781?s=96&d=mm&r=g\",\"contentUrl\":\"https:\/\/secure.gravatar.com\/avatar\/bba81953dcf8395e3b4a73607c07e2f9d3e53c113398ce1fd48361f3f137b781?s=96&d=mm&r=g\",\"caption\":\"Julia Blum\"},\"description\":\"Julia is a teacher and an author of several books on biblical topics. She teaches two biblical courses at the Israel Institute of Biblical Studies, \u201cDiscovering the Hebrew Bible\u201d and \u201cJewish Background of the New Testament\u201d, and writes Hebrew insights for these courses.\",\"url\":\"https:\/\/israelbiblicalstudies.com\/pt\/blog\/author\/juliablum\/\"}]}<\/script>\n<!-- \/ Yoast SEO plugin. -->","yoast_head_json":{"title":"Medita\u00e7\u00f5es Antes da P\u00e1scoa - Israel Institute of Biblical Studies","description":"Meus caros leitores, estou enfrentando um verdadeiro desafio esta semana.\u00a0A leitura da semana passada consistia de duas por\u00e7\u00f5es da Tor\u00e1, portanto, eu","robots":{"index":"index","follow":"follow","max-snippet":"max-snippet:-1","max-image-preview":"max-image-preview:large","max-video-preview":"max-video-preview:-1"},"canonical":"https:\/\/israelbiblicalstudies.com\/pt\/blog\/category\/jewish-studies\/meditacoes-antes-da-pascoa\/","og_locale":"pt_BR","og_type":"article","og_title":"Medita\u00e7\u00f5es Antes da P\u00e1scoa - Israel Institute of Biblical Studies","og_description":"Meus caros leitores, estou enfrentando um verdadeiro desafio esta semana.\u00a0A leitura da semana passada consistia de duas por\u00e7\u00f5es da Tor\u00e1, portanto, eu","og_url":"https:\/\/israelbiblicalstudies.com\/pt\/blog\/category\/jewish-studies\/meditacoes-antes-da-pascoa\/","og_site_name":"Israel Institute of Biblical Studies","article_published_time":"2021-03-25T08:46:12+00:00","article_modified_time":"2025-08-13T11:40:52+00:00","og_image":[{"width":1024,"height":732,"url":"https:\/\/israelbiblicalstudies.com\/wp-content\/uploads\/2021\/03\/shutterstock_461287006-1-scaled-1.jpg","type":"image\/jpeg"}],"author":"Julia Blum","twitter_card":"summary_large_image","twitter_misc":{"Escrito por":"Julia Blum","Est. tempo de leitura":"5 minutos"},"schema":{"@context":"https:\/\/schema.org","@graph":[{"@type":"Article","@id":"https:\/\/israelbiblicalstudies.com\/pt\/blog\/category\/jewish-studies\/meditacoes-antes-da-pascoa\/#article","isPartOf":{"@id":"https:\/\/israelbiblicalstudies.com\/pt\/blog\/category\/jewish-studies\/meditacoes-antes-da-pascoa\/"},"author":{"name":"Julia Blum","@id":"https:\/\/israelbiblicalstudies.com\/pt\/#\/schema\/person\/470c9356fa72a497ecb801267dff4d15"},"headline":"Medita\u00e7\u00f5es Antes da P\u00e1scoa","datePublished":"2021-03-25T08:46:12+00:00","dateModified":"2025-08-13T11:40:52+00:00","mainEntityOfPage":{"@id":"https:\/\/israelbiblicalstudies.com\/pt\/blog\/category\/jewish-studies\/meditacoes-antes-da-pascoa\/"},"wordCount":1231,"publisher":{"@id":"https:\/\/israelbiblicalstudies.com\/pt\/#organization"},"image":{"@id":"https:\/\/israelbiblicalstudies.com\/pt\/blog\/category\/jewish-studies\/meditacoes-antes-da-pascoa\/#primaryimage"},"thumbnailUrl":"https:\/\/israelbiblicalstudies.com\/wp-content\/uploads\/2021\/03\/shutterstock_461287006-1-scaled-1.jpg","articleSection":["Estudos Judaicos"],"inLanguage":"pt-BR"},{"@type":"WebPage","@id":"https:\/\/israelbiblicalstudies.com\/pt\/blog\/category\/jewish-studies\/meditacoes-antes-da-pascoa\/","url":"https:\/\/israelbiblicalstudies.com\/pt\/blog\/category\/jewish-studies\/meditacoes-antes-da-pascoa\/","name":"Medita\u00e7\u00f5es Antes da P\u00e1scoa - Israel Institute of Biblical Studies","isPartOf":{"@id":"https:\/\/israelbiblicalstudies.com\/pt\/#website"},"primaryImageOfPage":{"@id":"https:\/\/israelbiblicalstudies.com\/pt\/blog\/category\/jewish-studies\/meditacoes-antes-da-pascoa\/#primaryimage"},"image":{"@id":"https:\/\/israelbiblicalstudies.com\/pt\/blog\/category\/jewish-studies\/meditacoes-antes-da-pascoa\/#primaryimage"},"thumbnailUrl":"https:\/\/israelbiblicalstudies.com\/wp-content\/uploads\/2021\/03\/shutterstock_461287006-1-scaled-1.jpg","datePublished":"2021-03-25T08:46:12+00:00","dateModified":"2025-08-13T11:40:52+00:00","description":"Meus caros leitores, estou enfrentando um verdadeiro desafio esta semana.\u00a0A leitura da semana passada consistia de duas por\u00e7\u00f5es da Tor\u00e1, portanto, eu","breadcrumb":{"@id":"https:\/\/israelbiblicalstudies.com\/pt\/blog\/category\/jewish-studies\/meditacoes-antes-da-pascoa\/#breadcrumb"},"inLanguage":"pt-BR","potentialAction":[{"@type":"ReadAction","target":["https:\/\/israelbiblicalstudies.com\/pt\/blog\/category\/jewish-studies\/meditacoes-antes-da-pascoa\/"]}]},{"@type":"ImageObject","inLanguage":"pt-BR","@id":"https:\/\/israelbiblicalstudies.com\/pt\/blog\/category\/jewish-studies\/meditacoes-antes-da-pascoa\/#primaryimage","url":"https:\/\/israelbiblicalstudies.com\/wp-content\/uploads\/2021\/03\/shutterstock_461287006-1-scaled-1.jpg","contentUrl":"https:\/\/israelbiblicalstudies.com\/wp-content\/uploads\/2021\/03\/shutterstock_461287006-1-scaled-1.jpg","width":1024,"height":732},{"@type":"BreadcrumbList","@id":"https:\/\/israelbiblicalstudies.com\/pt\/blog\/category\/jewish-studies\/meditacoes-antes-da-pascoa\/#breadcrumb","itemListElement":[{"@type":"ListItem","position":1,"name":"Home","item":"https:\/\/israelbiblicalstudies.com\/pt\/"},{"@type":"ListItem","position":2,"name":"Estudos Judaicos","item":"https:\/\/israelbiblicalstudies.com\/pt\/blog\/category\/jewish-studies\/"},{"@type":"ListItem","position":3,"name":"Medita\u00e7\u00f5es Antes da P\u00e1scoa"}]},{"@type":"WebSite","@id":"https:\/\/israelbiblicalstudies.com\/pt\/#website","url":"https:\/\/israelbiblicalstudies.com\/pt\/","name":"Israel Institute of Biblical Studies","description":"Deepen Your Understanding of the Bible","publisher":{"@id":"https:\/\/israelbiblicalstudies.com\/pt\/#organization"},"potentialAction":[{"@type":"SearchAction","target":{"@type":"EntryPoint","urlTemplate":"https:\/\/israelbiblicalstudies.com\/pt\/?s={search_term_string}"},"query-input":{"@type":"PropertyValueSpecification","valueRequired":true,"valueName":"search_term_string"}}],"inLanguage":"pt-BR"},{"@type":"Organization","@id":"https:\/\/israelbiblicalstudies.com\/pt\/#organization","name":"Israel Biblical Studies","url":"https:\/\/israelbiblicalstudies.com\/pt\/","logo":{"@type":"ImageObject","inLanguage":"pt-BR","@id":"https:\/\/israelbiblicalstudies.com\/pt\/#\/schema\/logo\/image\/","url":"https:\/\/israelbiblicalstudies.com\/wp-content\/uploads\/2016\/09\/logo-invert.png","contentUrl":"https:\/\/israelbiblicalstudies.com\/wp-content\/uploads\/2016\/09\/logo-invert.png","width":152,"height":68,"caption":"Israel Biblical Studies"},"image":{"@id":"https:\/\/israelbiblicalstudies.com\/pt\/#\/schema\/logo\/image\/"}},{"@type":"Person","@id":"https:\/\/israelbiblicalstudies.com\/pt\/#\/schema\/person\/470c9356fa72a497ecb801267dff4d15","name":"Julia Blum","image":{"@type":"ImageObject","inLanguage":"pt-BR","@id":"https:\/\/israelbiblicalstudies.com\/pt\/#\/schema\/person\/image\/","url":"https:\/\/secure.gravatar.com\/avatar\/bba81953dcf8395e3b4a73607c07e2f9d3e53c113398ce1fd48361f3f137b781?s=96&d=mm&r=g","contentUrl":"https:\/\/secure.gravatar.com\/avatar\/bba81953dcf8395e3b4a73607c07e2f9d3e53c113398ce1fd48361f3f137b781?s=96&d=mm&r=g","caption":"Julia Blum"},"description":"Julia is a teacher and an author of several books on biblical topics. She teaches two biblical courses at the Israel Institute of Biblical Studies, \u201cDiscovering the Hebrew Bible\u201d and \u201cJewish Background of the New Testament\u201d, and writes Hebrew insights for these courses.","url":"https:\/\/israelbiblicalstudies.com\/pt\/blog\/author\/juliablum\/"}]}},"_links":{"self":[{"href":"https:\/\/israelbiblicalstudies.com\/pt\/wp-json\/wp\/v2\/posts\/45273","targetHints":{"allow":["GET"]}}],"collection":[{"href":"https:\/\/israelbiblicalstudies.com\/pt\/wp-json\/wp\/v2\/posts"}],"about":[{"href":"https:\/\/israelbiblicalstudies.com\/pt\/wp-json\/wp\/v2\/types\/post"}],"author":[{"embeddable":true,"href":"https:\/\/israelbiblicalstudies.com\/pt\/wp-json\/wp\/v2\/users\/45"}],"replies":[{"embeddable":true,"href":"https:\/\/israelbiblicalstudies.com\/pt\/wp-json\/wp\/v2\/comments?post=45273"}],"version-history":[{"count":0,"href":"https:\/\/israelbiblicalstudies.com\/pt\/wp-json\/wp\/v2\/posts\/45273\/revisions"}],"wp:featuredmedia":[{"embeddable":true,"href":"https:\/\/israelbiblicalstudies.com\/pt\/wp-json\/wp\/v2\/media\/44612"}],"wp:attachment":[{"href":"https:\/\/israelbiblicalstudies.com\/pt\/wp-json\/wp\/v2\/media?parent=45273"}],"wp:term":[{"taxonomy":"category","embeddable":true,"href":"https:\/\/israelbiblicalstudies.com\/pt\/wp-json\/wp\/v2\/categories?post=45273"},{"taxonomy":"post_tag","embeddable":true,"href":"https:\/\/israelbiblicalstudies.com\/pt\/wp-json\/wp\/v2\/tags?post=45273"}],"curies":[{"name":"wp","href":"https:\/\/api.w.org\/{rel}","templated":true}]}}