{"id":45298,"date":"2021-09-19T14:24:22","date_gmt":"2021-09-19T11:24:22","guid":{"rendered":"https:\/\/iibsblogsstg.wpenginepowered.com\/?p=17329"},"modified":"2025-08-13T11:40:45","modified_gmt":"2025-08-13T11:40:45","slug":"pardes-os-dois-filhos-de-abraao-e-o-yom-kipur","status":"publish","type":"post","link":"https:\/\/israelbiblicalstudies.com\/pt\/blog\/category\/jewish-studies\/pardes-os-dois-filhos-de-abraao-e-o-yom-kipur\/","title":{"rendered":"Pardes, os dois filhos de Abra\u00e3o e o Y\u00f3m Kip\u00far"},"content":{"rendered":"<p>Em minha \u00faltima postagem, prometi mostrar a voc\u00eas nas Escrituras a reconcilia\u00e7\u00e3o dos dois filhos de Abra\u00e3o.\u00a0Suponho que voc\u00eas saibam t\u00e3o bem quanto eu que n\u00e3o h\u00e1 cena na Tor\u00e1 descrevendo explicitamente a reconcilia\u00e7\u00e3o de Isaque e Ismael (ao contr\u00e1rio da reconcilia\u00e7\u00e3o de Jac\u00f3 e Esa\u00fa, por exemplo, ou Jos\u00e9 e seus irm\u00e3os) \u2014pelo menos n\u00e3o no significado literal simples das Escrituras\u2014 no que \u00e9 chamado\u00a0<i>Pesh\u00e1t\u00a0<\/i>na exegese Judaica PaRDeS.<strong><a href=\"#_ftn1\" name=\"_ftnref1\">[1]<\/a><\/strong>\u00a0No entanto, quando aplicamos todos os outros n\u00edveis deste m\u00e9todo \u2014<i>R\u00e9mez<\/i>,\u00a0<i>Der\u00e1sh<\/i>\u00a0e\u00a0<i>S\u00f3d<\/i>\u2014 somos capazes de ver algo muito bonito al\u00e9m do texto simples e \u00e9 isto que quero mostrar a voc\u00eas hoje.<\/p>\n<div>\n<p>Come\u00e7aremos com G\u00eanesis 22, com o famoso\u00a0cap\u00edtulo\u00a0<i>Aqed\u00e1t Itzh\u00e1k<\/i>.\u00a0Voc\u00eas j\u00e1 notaram que no final deste cap\u00edtulo, depois que o sacrif\u00edcio no Monte Mori\u00e1 acabou, Isaque desapareceu misteriosamente?\u00a0Diz: \u00ab<i>Ent\u00e3o voltou\u00a0<\/i><i>Abra\u00e3o aos seus servos e, juntos, foram para Berseba, onde fixou resid\u00eancia<\/i>\u00bb,<a href=\"#_ftn2\" name=\"_ftnref2\"><strong>[2]<\/strong><\/a> \u00admas aqui nenhuma palavra \u00e9 dita de Isaque.\u00a0Onde ele foi?<\/p>\n<div>\n<p>N\u00e3o vemos Isaque novamente at\u00e9 o final do Cap\u00edtulo 24, onde \u00e9 descrito seu encontro com Rebeca.\u00a0L\u00e1, as Escrituras dizem que ele veio do sul (do deserto), do lugar chamado <i>Be\u00e9r Lah\u00e1i Ro\u00ed<\/i><i>:\u00a0<\/i>\u00ab<i>Ora, Isaque vinha de caminho de BBe\u00e9r Lah\u00e1i Ro\u00ed, porque habitava na terra do Neguebe<\/i>\u00bb<em>.<\/em><a href=\"#_ftn3\" name=\"_ftnref3\"><strong>[3]<\/strong><\/a>\u00a0O que era este lugar e o que Isaque estava fazendo l\u00e1?<\/p>\n<div>\n<p>Voc\u00eas devem se lembrar que <i>Be\u00e9r Lah\u00e1i Ro\u00ed<\/i>\u00a0era um lugar conectado a Hagar \u2014este \u00e9 o nome que ela deu ao lugar de sua epifania em G\u00eanesis 16\u2014.\u00a0Em\u00a0<i>Pesh\u00e1t<\/i>, G\u00eanesis 21\u00a0n\u00e3o diz nada sobre o paradeiro de Hagar e Ismael no deserto depois que eles foram banidos da casa de Abra\u00e3o e salvos por Deus.\u00a0No entanto, se aplicarmos\u00a0(<span dir=\"RTL\" lang=\"HE\">\u05e8\u05b6\u05de\u05b6\u05d6<\/span><i>; R\u00e9mez<\/i>), \u00absugest\u00e3o\u00bb, ou o significado simb\u00f3lico mais profundo, al\u00e9m do sentido literal \u2014saberemos que eles foram l\u00e1\u2014.\u00a0Teria sido natural para Hagar levar seu filho ao lugar onde ela teve uma experi\u00eancia t\u00e3o incr\u00edvel.\u00a0Coment\u00e1rios Judaicos dizem que Hagar e Ismael se estabeleceram l\u00e1.\u00a0Mas, mais uma vez, o que Isaque estava fazendo ali?<\/p>\n<\/div>\n<div>\n<p>De acordo com Rashi e alguns\u00a0<i>midrash\u00edm<\/i>, Isaque foi l\u00e1 para trazer Hagar para Abra\u00e3o, para que Abra\u00e3o se casasse com ela ap\u00f3s a morte de Sara.\u00a0No entanto, acho que Isaque foi l\u00e1 por um motivo diferente.\u00a0Eu acredito firmemente (escrevi sobre isso em meu livro) que a expuls\u00e3o de Ismael foi um trauma terr\u00edvel para Isaque tamb\u00e9m porque o pequeno Isaque amava e adorava seu irm\u00e3o mais velho.\u00a0Mesmo que por anos Isaque possa nem mesmo ter se lembrado disso (afinal, ele tinha apenas dois ou tr\u00eas anos quando aconteceu), tudo voltou quando ele se deitou no\u00a0altar do\u00a0<i>Aqed\u00e1\u00a0<\/i>no Monte Mori\u00e1, enfrentando a morte e esperando a faca de Abra\u00e3o descer.\u00a0Quando ele viu aquela terr\u00edvel ang\u00fastia no rosto de seu pai, ele percebeu que j\u00e1 tinha visto a mesma express\u00e3o antes.\u00a0Ent\u00e3o, tudo voltou \u00e0 tona: os olhos de seu pai, cheios do mesmo horror e ang\u00fastia que ele podia ver neles agora;\u00a0o rosto de seu irm\u00e3o, distorcido para al\u00e9m do reconhecimento pela amargura e raiva;\u00a0o vazio mon\u00f3tono em sua vida e a dor sem fim em seu cora\u00e7\u00e3o depois que Ismael partiu.\u00a0De repente, ele se lembrou daquela terr\u00edvel ruptura na fam\u00edlia que tanto sofrera;\u00a0de repente, ele percebeu que aquelas feridas nunca haviam sido curadas.\u00a0\u00c9 de se admirar, ent\u00e3o, que o primeiro lugar que ele quis ir depois que sua vida foi poupada foi <i>Be\u00e9r Lah\u00e1i Ro\u00ed<\/i>\u00a0<i>?\u00a0<\/i>Ele queria ver seu irm\u00e3o porque percebeu que o amou durante todos aqueles anos.\u00a0Ele queria ver seu irm\u00e3o porque ansiava por curar aquelas feridas e restaurar sua fam\u00edlia destru\u00edda.\u00a0Ele provavelmente ficou l\u00e1 com seu irm\u00e3o por um tempo: entendemos pelo texto que ele morava em <i>Be\u00e9r Lah\u00e1i Ro\u00ed<\/i>\u00a0antes de seu encontro com Rebeca.\u00a0Se ele tinha trinta e sete anos na \u00e9poca da\u00a0<i>Aqed\u00e1\u00a0<\/i>(como os coment\u00e1rios Judaicos atestam, e eu acho que eles est\u00e3o corretos), e ele tinha quarenta anos quando conheceu e se casou com Rebeca (de acordo com a Tor\u00e1), ele pode ter ficado com Ismael por tr\u00eas anos.<\/p>\n<\/div>\n<p>Tudo isso podemos coletar do n\u00edvel\u00a0<i>R\u00e9mez<\/i>, com base na pista de <i>Be\u00e9r Lah\u00e1i Ro\u00ed.<\/i>\u00a0No entanto, precisar\u00edamos do pr\u00f3ximo n\u00edvel para entender o que exatamente aconteceu entre os irm\u00e3os quando Isaque veio para <i>Be\u00e9r Lah\u00e1i Ro\u00ed<\/i><i>.\u00a0<\/i>\u00c9 chamado\u00a0<i>Der\u00e1sh<\/i>\u00a0em Hebraico \u00a0(<span dir=\"RTL\" lang=\"HE\">\u05d3\u05b0\u05bc\u05e8\u05b7\u05e9\u05c1<\/span>;\u00a0<i>Der\u00e1sh<\/i>) \u2014do Hebraico\u00a0<i>dar\u00e1sh\u2014:<\/i>\u00a0\u00abinquirir\u00bb e \u00abbuscar\u00bb ou o significado comparativo: \u00ab<em>um significado mais profundo obtido de uma passagem comparando suas palavras e conte\u00fado com passagens semelhantes em outros lugares<\/em>\u00bb. A passagem que usaremos aqui descreve uma cena que ocorre anos depois, quando os irm\u00e3os enterram seu pai:\u00a0\u00ab<i>Sepultaram-no Isaque e Ismael, seus filhos, na caverna de Macpela<\/i>\u00bb<em>.<\/em><a href=\"#_ftn4\" name=\"_ftnref4\"><strong>[4]<\/strong><\/a>\u00a0Prestem muita aten\u00e7\u00e3o, a ordem est\u00e1 invertida aqui;\u00a0os nomes seguem a ordem de Deus e o plano de Deus.\u00a0Em algum ponto, Ismael se reconciliou completamente com a ordem de Deus e o plano de Deus.\u00a0Quando?\u00a0Acredito que tenha acontecido durante aquele encontro: quando, abalado e oprimido, Isaque veio a <i>Be\u00e9r Lah\u00e1i Ro\u00ed<\/i>\u00a0ap\u00f3s a\u00a0<i>Aqed\u00e1,\u00a0<\/i>Ismael percebeu, talvez pela primeira vez, o qu\u00e3o dif\u00edcil e doloroso era o chamado de Isaque.\u00a0Ele percebeu \u2014pela primeira vez na vida\u2014 que, na verdade, havia sido mandado embora para ser poupado do dif\u00edcil destino de Isaque, e que deveria estar feliz e agradecido por, afinal, este n\u00e3o ter sido o seu chamado.\u00a0Deus realmente o preservou para outro destino, outro chamado \u2014o salvou do caminho do sacrif\u00edcio de Isaque\u2014.\u00a0Foi ent\u00e3o que Ismael se reconciliou completamente com onde ele estava e quem ele era e isso \u00e9 o que podemos ver comparando os vers\u00edculos, em\u00a0<i>Der\u00e1sh<\/i>.<\/p>\n<div>\n<p>No entanto, h\u00e1 ainda outro \u00faltimo n\u00edvel de PaRDeS: \u00abSegredo\u00bb, \u00abmist\u00e9rio\u00bb<i>,<\/i>\u00a0(<span dir=\"RTL\" lang=\"HE\">\u05e1\u05d5\u05b9\u05d3<\/span>;<i>\u00a0S\u00f3d<\/i>), ou o significado das Escrituras revelado por inspira\u00e7\u00e3o ou revela\u00e7\u00e3o.\u00a0Antes de entrarmos neste mist\u00e9rio, preciso dizer algo.\u00a0Esta postagem deveria ser publicada por volta do\u00a0<i>Y\u00f3m Kip\u00far\u00a0<\/i>e, por um tempo, me perguntei por que continuei escrevendo sobre todo esse assunto em vez de escrever um artigo regular sobre o\u00a0<i>Y\u00f3m Kip\u00far\u00a0<\/i>at\u00e9 que percebi: esta\u00a0<i>\u00e9\u00a0<\/i>minha postagem do\u00a0<i>Y\u00f3m Kip\u00far\u00a0<\/i>\u00a0deste ano!\u00a0<i>Y\u00f3m Kip\u00far\u00a0<\/i>tem tudo a ver com pedir perd\u00e3o, e se esse encontro entre os irm\u00e3os realmente aconteceu, o que voc\u00eas acham que teria sido a primeira coisa que Isaque teria dito a seu irm\u00e3o?\u00a0Voc\u00eas n\u00e3o acham que ele teria dito: \u00ab<i>Ou\u00e7a, irm\u00e3o, eu sinto muito.\u00a0Eu realmente sinto muito pelo que aconteceu e por todo o sofrimento que voc\u00ea teve que passar<\/i>\u00bb. Mesmo que o banimento de Hagar e Ismael n\u00e3o tenha sido culpa de Isaque \u2014sabemos t\u00e3o bem quanto Ismael que Isaque era apenas uma crian\u00e7a na \u00e9poca em que aconteceu e n\u00e3o teve absolutamente nenhuma parte nisso\u2014 eu sinceramente acredito que essas teriam sido as primeiras palavras de Isaque ao encontrar Ismael depois de todos aqueles anos.\u00a0Essas palavras teriam aberto a porta para sua reconcilia\u00e7\u00e3o.\u00a0Este \u00e9 o\u00a0<i>S\u00f3d<\/i>\u00a0desta hist\u00f3ria.<\/p>\n<\/div>\n<div>\n<p>Claro, n\u00e3o temos como saber se isso realmente aconteceu.\u00a0As Escrituras n\u00e3o nos dizem, talvez porque n\u00e3o tenha acontecido, talvez porque a cura de uma fam\u00edlia em particular naquela \u00e9poca ainda n\u00e3o tivesse acontecido para todos os parentes.\u00a0Ainda n\u00e3o vemos paz entre os descendentes de Isaque e Ismael hoje, e todos estamos dolorosamente cientes disso.\u00a0\u00ab<i>Abra\u00e3o teve dois filhos<\/i>\u00bb<i>\u00a0\u2014<\/i>e a foto da fam\u00edlia n\u00e3o estar\u00e1 completa at\u00e9 que ambos sejam representados\u2014.\u00a0Portanto, ao nos aproximarmos do\u00a0<i>Y\u00f3m Kip\u00far<\/i>, me pergunto se talvez tenha chegado a hora de n\u00f3s, descendentes de Isaque, dizermos as mesmas palavras aos descendentes de Ismael.\u00a0Mesmo que no in\u00edcio nos vejamos inocentes em rela\u00e7\u00e3o a alguns pecados, quando nos colocamos diante de Deus e abrimos nossos cora\u00e7\u00f5es aos raios de sua luz, Ele traz as coisas \u00e0 tona e a confiss\u00e3o se torna verdadeiramente profunda.\u00a0Qual dia poderia ser melhor para isso do que o\u00a0<i>Y\u00f3m Kip\u00far<\/i>?\u00a0Se levarmos isso a s\u00e9rio, se estivermos prontos para sair do nosso caminho a fim de encontrar Ismael, como Isaque fez depois do Monte Mori\u00e1<i>,<\/i>\u00a0se formos sinceros em nossas desculpas, ent\u00e3o pode chegar o dia em que realmente experimentaremos este\u00a0encontro de <i>Be\u00e9r Lah\u00e1i Ro\u00ed<\/i>.\u00a0\u00ab<i>Naquele dia, voc\u00ea n\u00e3o vai me perguntar nada<\/i>\u00bb<i>\u00a0<\/i>e \u00e9\u00a0\u00ab<i>esse dia<\/i>\u00bb que todos aguardamos ansiosamente.<\/p>\n<\/div>\n<div>\n<p>&nbsp;<\/p>\n<\/div>\n<\/div>\n<\/div>\n<p><a href=\"#_ftnref1\" name=\"_ftn1\">[1]<\/a>\u00a0Escrevi v\u00e1rias vezes neste blog sobre o m\u00e9todo ParDeS;\u00a0voc\u00eas tamb\u00e9m podem ler sobre isso em meu livro \u00ab<em>Abraham had Two Sons<\/em>\u00bb.<\/p>\n<p><a href=\"#_ftnref2\" name=\"_ftn2\">[2]<\/a>\u00a0G\u00eanesis 22:19.<\/p>\n<p><a href=\"#_ftnref3\" name=\"_ftn3\">[3]<\/a> G\u00eanesis 24:62.<\/p>\n<p><a href=\"#_ftnref4\" name=\"_ftn4\">[4]<\/a> G\u00eanesis 25:9.<\/p>\n","protected":false},"excerpt":{"rendered":"<p>Em minha \u00faltima postagem, prometi mostrar a voc\u00eas nas Escrituras a reconcilia\u00e7\u00e3o dos dois filhos de Abra\u00e3o.\u00a0Suponho que voc\u00eas saibam t\u00e3o bem quanto eu que n\u00e3o h\u00e1 cena na Tor\u00e1 descrevendo explicitamente a reconcilia\u00e7\u00e3o de Isaque e Ismael (ao contr\u00e1rio da reconcilia\u00e7\u00e3o de Jac\u00f3 e Esa\u00fa, por exemplo, ou Jos\u00e9 e seus irm\u00e3os) \u2014pelo menos [&hellip;]<\/p>\n","protected":false},"author":45,"featured_media":44647,"comment_status":"closed","ping_status":"open","sticky":false,"template":"","format":"standard","meta":{"_acf_changed":false,"inline_featured_image":false,"footnotes":""},"categories":[395],"tags":[],"class_list":["post-45298","post","type-post","status-publish","format-standard","has-post-thumbnail","hentry","category-jewish-studies"],"acf":[],"yoast_head":"<!-- This site is optimized with the Yoast SEO plugin v26.5 - https:\/\/yoast.com\/wordpress\/plugins\/seo\/ -->\n<title>Pardes, os dois filhos de Abra\u00e3o e o Y\u00f3m Kip\u00far - Israel Institute of Biblical Studies<\/title>\n<meta name=\"description\" content=\"Em minha \u00faltima postagem, prometi mostrar a voc\u00eas nas Escrituras a reconcilia\u00e7\u00e3o dos dois filhos de Abra\u00e3o.\u00a0Suponho que voc\u00eas saibam t\u00e3o bem quanto eu que\" \/>\n<meta name=\"robots\" content=\"index, follow, max-snippet:-1, max-image-preview:large, max-video-preview:-1\" \/>\n<link rel=\"canonical\" href=\"https:\/\/israelbiblicalstudies.com\/pt\/blog\/category\/jewish-studies\/pardes-os-dois-filhos-de-abraao-e-o-yom-kipur\/\" \/>\n<meta property=\"og:locale\" content=\"pt_BR\" \/>\n<meta property=\"og:type\" content=\"article\" \/>\n<meta property=\"og:title\" content=\"Pardes, os dois filhos de Abra\u00e3o e o Y\u00f3m Kip\u00far - Israel Institute of Biblical Studies\" \/>\n<meta property=\"og:description\" content=\"Em minha \u00faltima postagem, prometi mostrar a voc\u00eas nas Escrituras a reconcilia\u00e7\u00e3o dos dois filhos de Abra\u00e3o.\u00a0Suponho que voc\u00eas saibam t\u00e3o bem quanto eu que\" \/>\n<meta property=\"og:url\" content=\"https:\/\/israelbiblicalstudies.com\/pt\/blog\/category\/jewish-studies\/pardes-os-dois-filhos-de-abraao-e-o-yom-kipur\/\" \/>\n<meta property=\"og:site_name\" content=\"Israel Institute of Biblical Studies\" \/>\n<meta property=\"article:published_time\" content=\"2021-09-19T11:24:22+00:00\" \/>\n<meta property=\"article:modified_time\" content=\"2025-08-13T11:40:45+00:00\" \/>\n<meta property=\"og:image\" content=\"https:\/\/israelbiblicalstudies.com\/wp-content\/uploads\/2021\/09\/shutterstock_1165645834.jpg\" \/>\n\t<meta property=\"og:image:width\" content=\"1000\" \/>\n\t<meta property=\"og:image:height\" content=\"668\" \/>\n\t<meta property=\"og:image:type\" content=\"image\/jpeg\" \/>\n<meta name=\"author\" content=\"Julia Blum\" \/>\n<meta name=\"twitter:card\" content=\"summary_large_image\" \/>\n<meta name=\"twitter:label1\" content=\"Escrito por\" \/>\n\t<meta name=\"twitter:data1\" content=\"Julia Blum\" \/>\n\t<meta name=\"twitter:label2\" content=\"Est. tempo de leitura\" \/>\n\t<meta name=\"twitter:data2\" content=\"7 minutos\" \/>\n<script type=\"application\/ld+json\" class=\"yoast-schema-graph\">{\"@context\":\"https:\/\/schema.org\",\"@graph\":[{\"@type\":\"Article\",\"@id\":\"https:\/\/israelbiblicalstudies.com\/pt\/blog\/category\/jewish-studies\/pardes-os-dois-filhos-de-abraao-e-o-yom-kipur\/#article\",\"isPartOf\":{\"@id\":\"https:\/\/israelbiblicalstudies.com\/pt\/blog\/category\/jewish-studies\/pardes-os-dois-filhos-de-abraao-e-o-yom-kipur\/\"},\"author\":{\"name\":\"Julia Blum\",\"@id\":\"https:\/\/israelbiblicalstudies.com\/pt\/#\/schema\/person\/470c9356fa72a497ecb801267dff4d15\"},\"headline\":\"Pardes, os dois filhos de Abra\u00e3o e o Y\u00f3m Kip\u00far\",\"datePublished\":\"2021-09-19T11:24:22+00:00\",\"dateModified\":\"2025-08-13T11:40:45+00:00\",\"mainEntityOfPage\":{\"@id\":\"https:\/\/israelbiblicalstudies.com\/pt\/blog\/category\/jewish-studies\/pardes-os-dois-filhos-de-abraao-e-o-yom-kipur\/\"},\"wordCount\":1558,\"publisher\":{\"@id\":\"https:\/\/israelbiblicalstudies.com\/pt\/#organization\"},\"image\":{\"@id\":\"https:\/\/israelbiblicalstudies.com\/pt\/blog\/category\/jewish-studies\/pardes-os-dois-filhos-de-abraao-e-o-yom-kipur\/#primaryimage\"},\"thumbnailUrl\":\"https:\/\/israelbiblicalstudies.com\/wp-content\/uploads\/2021\/09\/shutterstock_1165645834.jpg\",\"articleSection\":[\"Estudos Judaicos\"],\"inLanguage\":\"pt-BR\"},{\"@type\":\"WebPage\",\"@id\":\"https:\/\/israelbiblicalstudies.com\/pt\/blog\/category\/jewish-studies\/pardes-os-dois-filhos-de-abraao-e-o-yom-kipur\/\",\"url\":\"https:\/\/israelbiblicalstudies.com\/pt\/blog\/category\/jewish-studies\/pardes-os-dois-filhos-de-abraao-e-o-yom-kipur\/\",\"name\":\"Pardes, os dois filhos de Abra\u00e3o e o Y\u00f3m Kip\u00far - Israel Institute of Biblical Studies\",\"isPartOf\":{\"@id\":\"https:\/\/israelbiblicalstudies.com\/pt\/#website\"},\"primaryImageOfPage\":{\"@id\":\"https:\/\/israelbiblicalstudies.com\/pt\/blog\/category\/jewish-studies\/pardes-os-dois-filhos-de-abraao-e-o-yom-kipur\/#primaryimage\"},\"image\":{\"@id\":\"https:\/\/israelbiblicalstudies.com\/pt\/blog\/category\/jewish-studies\/pardes-os-dois-filhos-de-abraao-e-o-yom-kipur\/#primaryimage\"},\"thumbnailUrl\":\"https:\/\/israelbiblicalstudies.com\/wp-content\/uploads\/2021\/09\/shutterstock_1165645834.jpg\",\"datePublished\":\"2021-09-19T11:24:22+00:00\",\"dateModified\":\"2025-08-13T11:40:45+00:00\",\"description\":\"Em minha \u00faltima postagem, prometi mostrar a voc\u00eas nas Escrituras a reconcilia\u00e7\u00e3o dos dois filhos de Abra\u00e3o.\u00a0Suponho que voc\u00eas saibam t\u00e3o bem quanto eu que\",\"breadcrumb\":{\"@id\":\"https:\/\/israelbiblicalstudies.com\/pt\/blog\/category\/jewish-studies\/pardes-os-dois-filhos-de-abraao-e-o-yom-kipur\/#breadcrumb\"},\"inLanguage\":\"pt-BR\",\"potentialAction\":[{\"@type\":\"ReadAction\",\"target\":[\"https:\/\/israelbiblicalstudies.com\/pt\/blog\/category\/jewish-studies\/pardes-os-dois-filhos-de-abraao-e-o-yom-kipur\/\"]}]},{\"@type\":\"ImageObject\",\"inLanguage\":\"pt-BR\",\"@id\":\"https:\/\/israelbiblicalstudies.com\/pt\/blog\/category\/jewish-studies\/pardes-os-dois-filhos-de-abraao-e-o-yom-kipur\/#primaryimage\",\"url\":\"https:\/\/israelbiblicalstudies.com\/wp-content\/uploads\/2021\/09\/shutterstock_1165645834.jpg\",\"contentUrl\":\"https:\/\/israelbiblicalstudies.com\/wp-content\/uploads\/2021\/09\/shutterstock_1165645834.jpg\",\"width\":1000,\"height\":668},{\"@type\":\"BreadcrumbList\",\"@id\":\"https:\/\/israelbiblicalstudies.com\/pt\/blog\/category\/jewish-studies\/pardes-os-dois-filhos-de-abraao-e-o-yom-kipur\/#breadcrumb\",\"itemListElement\":[{\"@type\":\"ListItem\",\"position\":1,\"name\":\"Home\",\"item\":\"https:\/\/israelbiblicalstudies.com\/pt\/\"},{\"@type\":\"ListItem\",\"position\":2,\"name\":\"Estudos Judaicos\",\"item\":\"https:\/\/israelbiblicalstudies.com\/pt\/blog\/category\/jewish-studies\/\"},{\"@type\":\"ListItem\",\"position\":3,\"name\":\"Pardes, os dois filhos de Abra\u00e3o e o Y\u00f3m Kip\u00far\"}]},{\"@type\":\"WebSite\",\"@id\":\"https:\/\/israelbiblicalstudies.com\/pt\/#website\",\"url\":\"https:\/\/israelbiblicalstudies.com\/pt\/\",\"name\":\"Israel Institute of Biblical Studies\",\"description\":\"Deepen Your Understanding of the Bible\",\"publisher\":{\"@id\":\"https:\/\/israelbiblicalstudies.com\/pt\/#organization\"},\"potentialAction\":[{\"@type\":\"SearchAction\",\"target\":{\"@type\":\"EntryPoint\",\"urlTemplate\":\"https:\/\/israelbiblicalstudies.com\/pt\/?s={search_term_string}\"},\"query-input\":{\"@type\":\"PropertyValueSpecification\",\"valueRequired\":true,\"valueName\":\"search_term_string\"}}],\"inLanguage\":\"pt-BR\"},{\"@type\":\"Organization\",\"@id\":\"https:\/\/israelbiblicalstudies.com\/pt\/#organization\",\"name\":\"Israel Biblical Studies\",\"url\":\"https:\/\/israelbiblicalstudies.com\/pt\/\",\"logo\":{\"@type\":\"ImageObject\",\"inLanguage\":\"pt-BR\",\"@id\":\"https:\/\/israelbiblicalstudies.com\/pt\/#\/schema\/logo\/image\/\",\"url\":\"https:\/\/israelbiblicalstudies.com\/wp-content\/uploads\/2016\/09\/logo-invert.png\",\"contentUrl\":\"https:\/\/israelbiblicalstudies.com\/wp-content\/uploads\/2016\/09\/logo-invert.png\",\"width\":152,\"height\":68,\"caption\":\"Israel Biblical Studies\"},\"image\":{\"@id\":\"https:\/\/israelbiblicalstudies.com\/pt\/#\/schema\/logo\/image\/\"}},{\"@type\":\"Person\",\"@id\":\"https:\/\/israelbiblicalstudies.com\/pt\/#\/schema\/person\/470c9356fa72a497ecb801267dff4d15\",\"name\":\"Julia Blum\",\"image\":{\"@type\":\"ImageObject\",\"inLanguage\":\"pt-BR\",\"@id\":\"https:\/\/israelbiblicalstudies.com\/pt\/#\/schema\/person\/image\/\",\"url\":\"https:\/\/secure.gravatar.com\/avatar\/bba81953dcf8395e3b4a73607c07e2f9d3e53c113398ce1fd48361f3f137b781?s=96&d=mm&r=g\",\"contentUrl\":\"https:\/\/secure.gravatar.com\/avatar\/bba81953dcf8395e3b4a73607c07e2f9d3e53c113398ce1fd48361f3f137b781?s=96&d=mm&r=g\",\"caption\":\"Julia Blum\"},\"description\":\"Julia is a teacher and an author of several books on biblical topics. She teaches two biblical courses at the Israel Institute of Biblical Studies, \u201cDiscovering the Hebrew Bible\u201d and \u201cJewish Background of the New Testament\u201d, and writes Hebrew insights for these courses.\",\"url\":\"https:\/\/israelbiblicalstudies.com\/pt\/blog\/author\/juliablum\/\"}]}<\/script>\n<!-- \/ Yoast SEO plugin. -->","yoast_head_json":{"title":"Pardes, os dois filhos de Abra\u00e3o e o Y\u00f3m Kip\u00far - Israel Institute of Biblical Studies","description":"Em minha \u00faltima postagem, prometi mostrar a voc\u00eas nas Escrituras a reconcilia\u00e7\u00e3o dos dois filhos de Abra\u00e3o.\u00a0Suponho que voc\u00eas saibam t\u00e3o bem quanto eu que","robots":{"index":"index","follow":"follow","max-snippet":"max-snippet:-1","max-image-preview":"max-image-preview:large","max-video-preview":"max-video-preview:-1"},"canonical":"https:\/\/israelbiblicalstudies.com\/pt\/blog\/category\/jewish-studies\/pardes-os-dois-filhos-de-abraao-e-o-yom-kipur\/","og_locale":"pt_BR","og_type":"article","og_title":"Pardes, os dois filhos de Abra\u00e3o e o Y\u00f3m Kip\u00far - Israel Institute of Biblical Studies","og_description":"Em minha \u00faltima postagem, prometi mostrar a voc\u00eas nas Escrituras a reconcilia\u00e7\u00e3o dos dois filhos de Abra\u00e3o.\u00a0Suponho que voc\u00eas saibam t\u00e3o bem quanto eu que","og_url":"https:\/\/israelbiblicalstudies.com\/pt\/blog\/category\/jewish-studies\/pardes-os-dois-filhos-de-abraao-e-o-yom-kipur\/","og_site_name":"Israel Institute of Biblical Studies","article_published_time":"2021-09-19T11:24:22+00:00","article_modified_time":"2025-08-13T11:40:45+00:00","og_image":[{"width":1000,"height":668,"url":"https:\/\/israelbiblicalstudies.com\/wp-content\/uploads\/2021\/09\/shutterstock_1165645834.jpg","type":"image\/jpeg"}],"author":"Julia Blum","twitter_card":"summary_large_image","twitter_misc":{"Escrito por":"Julia Blum","Est. tempo de leitura":"7 minutos"},"schema":{"@context":"https:\/\/schema.org","@graph":[{"@type":"Article","@id":"https:\/\/israelbiblicalstudies.com\/pt\/blog\/category\/jewish-studies\/pardes-os-dois-filhos-de-abraao-e-o-yom-kipur\/#article","isPartOf":{"@id":"https:\/\/israelbiblicalstudies.com\/pt\/blog\/category\/jewish-studies\/pardes-os-dois-filhos-de-abraao-e-o-yom-kipur\/"},"author":{"name":"Julia Blum","@id":"https:\/\/israelbiblicalstudies.com\/pt\/#\/schema\/person\/470c9356fa72a497ecb801267dff4d15"},"headline":"Pardes, os dois filhos de Abra\u00e3o e o Y\u00f3m Kip\u00far","datePublished":"2021-09-19T11:24:22+00:00","dateModified":"2025-08-13T11:40:45+00:00","mainEntityOfPage":{"@id":"https:\/\/israelbiblicalstudies.com\/pt\/blog\/category\/jewish-studies\/pardes-os-dois-filhos-de-abraao-e-o-yom-kipur\/"},"wordCount":1558,"publisher":{"@id":"https:\/\/israelbiblicalstudies.com\/pt\/#organization"},"image":{"@id":"https:\/\/israelbiblicalstudies.com\/pt\/blog\/category\/jewish-studies\/pardes-os-dois-filhos-de-abraao-e-o-yom-kipur\/#primaryimage"},"thumbnailUrl":"https:\/\/israelbiblicalstudies.com\/wp-content\/uploads\/2021\/09\/shutterstock_1165645834.jpg","articleSection":["Estudos Judaicos"],"inLanguage":"pt-BR"},{"@type":"WebPage","@id":"https:\/\/israelbiblicalstudies.com\/pt\/blog\/category\/jewish-studies\/pardes-os-dois-filhos-de-abraao-e-o-yom-kipur\/","url":"https:\/\/israelbiblicalstudies.com\/pt\/blog\/category\/jewish-studies\/pardes-os-dois-filhos-de-abraao-e-o-yom-kipur\/","name":"Pardes, os dois filhos de Abra\u00e3o e o Y\u00f3m Kip\u00far - Israel Institute of Biblical Studies","isPartOf":{"@id":"https:\/\/israelbiblicalstudies.com\/pt\/#website"},"primaryImageOfPage":{"@id":"https:\/\/israelbiblicalstudies.com\/pt\/blog\/category\/jewish-studies\/pardes-os-dois-filhos-de-abraao-e-o-yom-kipur\/#primaryimage"},"image":{"@id":"https:\/\/israelbiblicalstudies.com\/pt\/blog\/category\/jewish-studies\/pardes-os-dois-filhos-de-abraao-e-o-yom-kipur\/#primaryimage"},"thumbnailUrl":"https:\/\/israelbiblicalstudies.com\/wp-content\/uploads\/2021\/09\/shutterstock_1165645834.jpg","datePublished":"2021-09-19T11:24:22+00:00","dateModified":"2025-08-13T11:40:45+00:00","description":"Em minha \u00faltima postagem, prometi mostrar a voc\u00eas nas Escrituras a reconcilia\u00e7\u00e3o dos dois filhos de Abra\u00e3o.\u00a0Suponho que voc\u00eas saibam t\u00e3o bem quanto eu que","breadcrumb":{"@id":"https:\/\/israelbiblicalstudies.com\/pt\/blog\/category\/jewish-studies\/pardes-os-dois-filhos-de-abraao-e-o-yom-kipur\/#breadcrumb"},"inLanguage":"pt-BR","potentialAction":[{"@type":"ReadAction","target":["https:\/\/israelbiblicalstudies.com\/pt\/blog\/category\/jewish-studies\/pardes-os-dois-filhos-de-abraao-e-o-yom-kipur\/"]}]},{"@type":"ImageObject","inLanguage":"pt-BR","@id":"https:\/\/israelbiblicalstudies.com\/pt\/blog\/category\/jewish-studies\/pardes-os-dois-filhos-de-abraao-e-o-yom-kipur\/#primaryimage","url":"https:\/\/israelbiblicalstudies.com\/wp-content\/uploads\/2021\/09\/shutterstock_1165645834.jpg","contentUrl":"https:\/\/israelbiblicalstudies.com\/wp-content\/uploads\/2021\/09\/shutterstock_1165645834.jpg","width":1000,"height":668},{"@type":"BreadcrumbList","@id":"https:\/\/israelbiblicalstudies.com\/pt\/blog\/category\/jewish-studies\/pardes-os-dois-filhos-de-abraao-e-o-yom-kipur\/#breadcrumb","itemListElement":[{"@type":"ListItem","position":1,"name":"Home","item":"https:\/\/israelbiblicalstudies.com\/pt\/"},{"@type":"ListItem","position":2,"name":"Estudos Judaicos","item":"https:\/\/israelbiblicalstudies.com\/pt\/blog\/category\/jewish-studies\/"},{"@type":"ListItem","position":3,"name":"Pardes, os dois filhos de Abra\u00e3o e o Y\u00f3m Kip\u00far"}]},{"@type":"WebSite","@id":"https:\/\/israelbiblicalstudies.com\/pt\/#website","url":"https:\/\/israelbiblicalstudies.com\/pt\/","name":"Israel Institute of Biblical Studies","description":"Deepen Your Understanding of the Bible","publisher":{"@id":"https:\/\/israelbiblicalstudies.com\/pt\/#organization"},"potentialAction":[{"@type":"SearchAction","target":{"@type":"EntryPoint","urlTemplate":"https:\/\/israelbiblicalstudies.com\/pt\/?s={search_term_string}"},"query-input":{"@type":"PropertyValueSpecification","valueRequired":true,"valueName":"search_term_string"}}],"inLanguage":"pt-BR"},{"@type":"Organization","@id":"https:\/\/israelbiblicalstudies.com\/pt\/#organization","name":"Israel Biblical Studies","url":"https:\/\/israelbiblicalstudies.com\/pt\/","logo":{"@type":"ImageObject","inLanguage":"pt-BR","@id":"https:\/\/israelbiblicalstudies.com\/pt\/#\/schema\/logo\/image\/","url":"https:\/\/israelbiblicalstudies.com\/wp-content\/uploads\/2016\/09\/logo-invert.png","contentUrl":"https:\/\/israelbiblicalstudies.com\/wp-content\/uploads\/2016\/09\/logo-invert.png","width":152,"height":68,"caption":"Israel Biblical Studies"},"image":{"@id":"https:\/\/israelbiblicalstudies.com\/pt\/#\/schema\/logo\/image\/"}},{"@type":"Person","@id":"https:\/\/israelbiblicalstudies.com\/pt\/#\/schema\/person\/470c9356fa72a497ecb801267dff4d15","name":"Julia Blum","image":{"@type":"ImageObject","inLanguage":"pt-BR","@id":"https:\/\/israelbiblicalstudies.com\/pt\/#\/schema\/person\/image\/","url":"https:\/\/secure.gravatar.com\/avatar\/bba81953dcf8395e3b4a73607c07e2f9d3e53c113398ce1fd48361f3f137b781?s=96&d=mm&r=g","contentUrl":"https:\/\/secure.gravatar.com\/avatar\/bba81953dcf8395e3b4a73607c07e2f9d3e53c113398ce1fd48361f3f137b781?s=96&d=mm&r=g","caption":"Julia Blum"},"description":"Julia is a teacher and an author of several books on biblical topics. She teaches two biblical courses at the Israel Institute of Biblical Studies, \u201cDiscovering the Hebrew Bible\u201d and \u201cJewish Background of the New Testament\u201d, and writes Hebrew insights for these courses.","url":"https:\/\/israelbiblicalstudies.com\/pt\/blog\/author\/juliablum\/"}]}},"_links":{"self":[{"href":"https:\/\/israelbiblicalstudies.com\/pt\/wp-json\/wp\/v2\/posts\/45298","targetHints":{"allow":["GET"]}}],"collection":[{"href":"https:\/\/israelbiblicalstudies.com\/pt\/wp-json\/wp\/v2\/posts"}],"about":[{"href":"https:\/\/israelbiblicalstudies.com\/pt\/wp-json\/wp\/v2\/types\/post"}],"author":[{"embeddable":true,"href":"https:\/\/israelbiblicalstudies.com\/pt\/wp-json\/wp\/v2\/users\/45"}],"replies":[{"embeddable":true,"href":"https:\/\/israelbiblicalstudies.com\/pt\/wp-json\/wp\/v2\/comments?post=45298"}],"version-history":[{"count":0,"href":"https:\/\/israelbiblicalstudies.com\/pt\/wp-json\/wp\/v2\/posts\/45298\/revisions"}],"wp:featuredmedia":[{"embeddable":true,"href":"https:\/\/israelbiblicalstudies.com\/pt\/wp-json\/wp\/v2\/media\/44647"}],"wp:attachment":[{"href":"https:\/\/israelbiblicalstudies.com\/pt\/wp-json\/wp\/v2\/media?parent=45298"}],"wp:term":[{"taxonomy":"category","embeddable":true,"href":"https:\/\/israelbiblicalstudies.com\/pt\/wp-json\/wp\/v2\/categories?post=45298"},{"taxonomy":"post_tag","embeddable":true,"href":"https:\/\/israelbiblicalstudies.com\/pt\/wp-json\/wp\/v2\/tags?post=45298"}],"curies":[{"name":"wp","href":"https:\/\/api.w.org\/{rel}","templated":true}]}}