{"id":45309,"date":"2021-12-01T16:04:53","date_gmt":"2021-12-01T13:04:53","guid":{"rendered":"https:\/\/iibsblogsstg.wpenginepowered.com\/?p=17490"},"modified":"2025-08-13T11:40:42","modified_gmt":"2025-08-13T11:40:42","slug":"perdido-na-traducao-jose-e-seu-pai","status":"publish","type":"post","link":"https:\/\/israelbiblicalstudies.com\/pt\/blog\/category\/jewish-studies\/perdido-na-traducao-jose-e-seu-pai\/","title":{"rendered":"Perdido na Tradu\u00e7\u00e3o: Jos\u00e9 e seu Pai"},"content":{"rendered":"<div>\n<div>\n<p><b>Cuidado\u00a0com o traje real!\u00a0<\/b><\/p>\n<\/div>\n<div>\n<p>A hist\u00f3ria de Jos\u00e9 e seus irm\u00e3os constitui a \u00faltima parte do livro de G\u00eanesis.\u00a0Esta hist\u00f3ria come\u00e7a em nossa nova por\u00e7\u00e3o da Tor\u00e1,\u00a0<i>Vayesh\u00e9v<\/i>.\u00a0Ela inicia com a palavra\u00a0<i>Vayesh\u00e9v<\/i>\u00a0(da\u00ed o nome da por\u00e7\u00e3o), geralmente traduzida como \u00abestabeleceu\u00bb ou \u00abhabitou\u00bb:\u00a0\u00ab<i>Habitou Jac\u00f3 na terra das peregrina\u00e7\u00f5es de seu pai, na terra de Cana\u00e3<\/i>\u00bb<i>.\u00a0<\/i>J\u00e1 escrevi sobre isso, mas gostaria de enfatizar mais uma vez:\u00a0em Hebraico, o contraste entre as palavras que descrevem Jac\u00f3 e descrevem \u00abseu pai\u00bb \u00e9 impressionante!\u00a0A palavra\u00a0(<span dir=\"RTL\" lang=\"HE\">\u05d9\u05b8\u05e9\u05b7\u05d1<\/span><i>; yash\u00e1v<\/i>) significa algo s<b>e<\/b>dent\u00e1rio, p<b>e<\/b>rmanente, est\u00e1vel;\u00a0\u00e9 entendida como o oposto de \u00abvagar\u00bb.\u00a0Na verdade, temos uma declara\u00e7\u00e3o aqui: Jac\u00f3 est\u00e1 firmemente estabelecido na terra onde seu pai (av\u00f4, na verdade) era apenas um estranho.\u00a0Jac\u00f3 pertence a esta terra!<\/p>\n<\/div>\n<div>\n<p>O segundo vers\u00edculo\u00a0<i>\u2014\u00abesta \u00e9 a hist\u00f3ria de Jac\u00f3<\/i>\u00bb\u2014 na verdade, inicia a hist\u00f3ria de Jos\u00e9.\u00a0No vers\u00edculo 3, lemos que<i>\u00a0<\/i>\u00ab<i>Israel amava Jos\u00e9 mais do que a todos os seus filhos<\/i>\u00bb\u00a0e expressou abertamente seu favoritismo dando a Jos\u00e9 uma t\u00fanica muito especial.\u00a0Em Hebraico, esta t\u00fanica \u00e9 chamada (<span dir=\"RTL\" lang=\"HE\">\u05db\u05b0\u05bc\u05ea\u05b9\u05e0\u05b6\u05ea<\/span><span dir=\"RTL\" lang=\"HE\">\u00a0<\/span><span dir=\"RTL\" lang=\"HE\">\u05e4\u05b7\u05bc\u05e1\u05b4\u05bc\u05d9\u05dd<\/span>;\u00a0<i>ket\u00f3net pas\u00edm<\/i>). O conceito tradicional de tradu\u00e7\u00f5es e folclore \u00e9 que se tratava de uma esp\u00e9cie de vestimenta externa multicolorida.\u00a0No entanto, o Hebraico permite diferentes interpreta\u00e7\u00f5es dessas palavras.\u00a0Na verdade, a palavra<i>\u00a0pas\u00edm<\/i>\u00a0aqui pode ser traduzida como \u00abcolorida\u00bb, \u00abbordada\u00bb ou \u00ablistrada\u00bb, mas tamb\u00e9m pode denotar uma vestimenta longa, descendo at\u00e9 as \u00abpalmas\u00bb das m\u00e3os e dos p\u00e9s, ou o material de que o casaco era feito (l\u00e3 fina ou seda).\u00a0Portanto,\u00a0<i>ket\u00f3net pas\u00edm\u00a0<\/i>pode ser traduzido como \u00abuma t\u00fanica de mangas compridas\u00bb, \u00abum casaco de muitas cores\u00bb, \u00abum casaco que vai at\u00e9 os p\u00e9s\u00bb, \u00abuma t\u00fanica ornamentada\u00bb, \u00abuma t\u00fanica de seda\u00bb ou \u00abcapa de l\u00e3 fina\u00bb.<\/p>\n<\/div>\n<div>\n<p>Surpreendentemente, em todo o\u00a0<i>Tan\u00e1j<\/i>\u00a0(Antigo Testamento), as mesmas palavras ocorrem apenas mais uma vez \u2014na hist\u00f3ria de Amnom e Tamar\u2014.\u00a0Voc\u00eas n\u00e3o as veem na tradu\u00e7\u00e3o, porque muitas vezes s\u00e3o traduzidas como \u00abmanto de mangas compridas\u00bb, mas em Hebraico, \u00e9 exatamente a mesma express\u00e3o usada para o manto de Jos\u00e9.\u00a0L\u00e1, este manto definitivamente significa uma distin\u00e7\u00e3o especial:\u00a0\u00ab<i>assim se vestiam as donzelas filhas do rei<\/i>\u00bb<em>.<\/em><a href=\"#_ftn1\" name=\"_ftnref1\"><strong>[1]<\/strong><\/a>\u00a0Este \u00e9 apenas um exemplo de como \u00e9 importante o entendimento das Escrituras Hebraicas.\u00a0N\u00e3o podemos ver nas tradu\u00e7\u00f5es, que a vestimenta de Tamar era a mesma que a de Jos\u00e9.\u00a0No entanto, \u00e9 somente gra\u00e7as a esse vers\u00edculo que podemos entender que a t\u00fanica de Jos\u00e9 era muito especial: n\u00e3o apenas uma t\u00fanica de v\u00e1rias cores, mas muito provavelmente o tipo de manto usado pela realeza.<\/p>\n<div>\n<p>\u00c9 interessante que, em ambos os casos, esse manto foi um pren\u00fancio da trag\u00e9dia que se aproxima.\u00a0As duas hist\u00f3rias s\u00e3o muito tr\u00e1gicas: Jos\u00e9 foi atacado e vendido, Tamar foi atacada e estuprada;\u00a0os irm\u00e3os despojaram Jos\u00e9 de sua t\u00fanica, Tamar rasgou sua t\u00fanica!\u00a0\u00c9 como se as Escrituras dissessem: cuidado com os trajes reais!<\/p>\n<\/div>\n<div>\n<p><b>Jos\u00e9 e seu pai<\/b><\/p>\n<\/div>\n<div>\n<p>Muitas perguntas surgem quando lemos este cap\u00edtulo dram\u00e1tico: G\u00eanesis 37.\u00a0Por exemplo, sempre me perguntei por que Jac\u00f3 enviou Jos\u00e9 para seus irm\u00e3os.\u00a0Ele n\u00e3o estava ciente do fato de que os irm\u00e3os odiavam Jos\u00e9? (isso \u00e9 exatamente o que a Tor\u00e1 diz aqui). Eu acredito que sim, ent\u00e3o por que ele manda seu filho amado (muito bem vestido para esta longa caminhada) para os irm\u00e3os invejosos e odiosos?<\/p>\n<\/div>\n<div>\n<p>Provavelmente, anos depois, Jos\u00e9 fez as mesmas perguntas.\u00a0Quando, depois de todo o sofrimento e prova\u00e7\u00f5es de Jos\u00e9, finalmente o vemos sendo bem-sucedido e influente no Egito, somos surpreendidos por um detalhe muito interessante nesta narrativa.\u00a0Quando seu primeiro filho nasceu no Egito, Jos\u00e9 o chamou de Manass\u00e9s: \u00ab<i>Deus me fez esquecer (nashan\u00ed) de todos os meus trabalhos, e de toda a casa de meu pai<\/i>\u00bb. Esquecer a casa de seu pai?\u00a0Seu pai n\u00e3o o amava?\u00a0Jos\u00e9 n\u00e3o amava seu pai?\u00a0Por que ele queria esquec\u00ea-lo?<\/p>\n<\/div>\n<div>\n<p>Em primeiro lugar, devemos lembrar que Jos\u00e9 n\u00e3o sabia o que n\u00f3s, leitores, sabemos.\u00a0Jos\u00e9 n\u00e3o sabia que seus irm\u00e3os haviam enganado seu pai e que Jac\u00f3 pensava que Jos\u00e9 estava morto.\u00a0Ele provavelmente estava se perguntando, especialmente durante seus primeiros anos de escravid\u00e3o: \u00abPor que meu pai n\u00e3o procura por mim?\u00bb. O Egito \u00e9 t\u00e3o perto de Cana\u00e3 que, sem d\u00favida, Jos\u00e9 esperava que seu pai fosse procur\u00e1-lo, mas como todos sabemos, isso n\u00e3o aconteceu.\u00a0Portanto, em algum ponto Jos\u00e9 pode ter decidido que Jac\u00f3 estava envolvido na trama, afinal, foi seu pai quem o enviou aos irm\u00e3os.\u00a0Jos\u00e9 sabia que seu pai o amava, mas ele tamb\u00e9m conhecia as hist\u00f3rias dos Patriarcas: Abra\u00e3o amava Ismael, mas Deus escolheu Isaque;\u00a0Isaque amava Esa\u00fa, mas Deus escolheu Jac\u00f3.\u00a0Jos\u00e9 sabia que se a vontade de Deus para ele era ser banido de sua fam\u00edlia, seu pai provavelmente aceitaria e obedeceria a esta vontade.<\/p>\n<\/div>\n<p>S\u00f3 quando os irm\u00e3os chegaram, Jos\u00e9 percebeu que Jac\u00f3 nada sabia sobre o crime.\u00a0\u00c9 por isso que depois pergunta: \u00ab<i>vive ainda meu pai<\/i>\u00bb<strong><a href=\"#_ftn2\" name=\"_ftnref2\">[2]<\/a><\/strong>\u00a0(traduzido como \u00abmeu pai est\u00e1 bem?\u00bb na tradu\u00e7\u00e3o): ele sabe que Jac\u00f3 n\u00e3o tem muito tempo e est\u00e1 ansioso para consertar seu erro, reconciliar-se, talvez at\u00e9 mesmo pedir perd\u00e3o ao pai.<\/p>\n<\/div>\n<\/div>\n<div>\n<div>\n<p><b>Os Ismaelitas<\/b><\/p>\n<\/div>\n<div>\n<p>H\u00e1 mais um detalhe neste cap\u00edtulo que eu simplesmente n\u00e3o posso ignorar, talvez porque para mim, vivendo no Israel de hoje dilacerado pelo conflito, este \u00e9 o t\u00f3pico de extrema import\u00e2ncia.\u00a0Lemos que, ap\u00f3s a sugest\u00e3o de Jud\u00e1 de vender Jos\u00e9,\u00a0\u00ab<i>os irm\u00e3os o al\u00e7aram e o tiraram da cisterna, e o venderam por vinte siclos de prata aos Ismaelitas<\/i>\u00bb<em>.<\/em><strong><a href=\"#_ftn3\" name=\"_ftnref3\">[3]<\/a><\/strong>\u00a0Onde eles encontraram esses Ismaelitas?\u00a0Lemos alguns vers\u00edculos antes: \u00ab<i>Olharam e viram que uma caravana de Ismaelitas vinha de Gileade com seus camelos<\/i>\u00bb.<a href=\"#_ftn4\" name=\"_ftnref4\"><strong>[4]<\/strong><\/a><\/p>\n<\/div>\n<\/div>\n<div>\n<div>\n<p>Pensem nisso: a hist\u00f3ria de Jos\u00e9 acontece apenas duas gera\u00e7\u00f5es depois de Abra\u00e3o (Jos\u00e9 \u00e9 neto de Isaque e bisneto de Abra\u00e3o), mas j\u00e1 os Ismaelitas que passam pela companhia dos netos de Isaque parecem completamente estranhos a todos eles.\u00a0Quando os irm\u00e3os veem uma caravana de mercadores de passagem, eles os identificam como \u00abIsmaelitas\u00bb na verdade da mesma forma \u00a0distanciada com que reconheceriam qualquer outra tribo ou nacionalidade: como estrangeiros e estranhos que nada tinham a ver com eles.\u00a0N\u00e3o \u00e9 impressionante?\u00a0Apenas duas gera\u00e7\u00f5es depois de Isaque e Ismael, e n\u00e3o h\u00e1 ind\u00edcios de la\u00e7os familiares, nenhum tra\u00e7o de qualquer tipo de parentesco.\u00a0Nada!\u00a0No per\u00edodo de vida de duas gera\u00e7\u00f5es, as fam\u00edlias de Isaque e Ismael tornaram-se completamente distantes uma da outra!\u00a0Um pensamento muito desanimador!<\/p>\n<\/div>\n<div>\n<p>E, no entanto, tamb\u00e9m existe um pensamento encorajador que podemos encontrar aqui!\u00a0Todos n\u00f3s sabemos perfeitamente bem que era plano de Deus desde o in\u00edcio levar Jos\u00e9, e depois todo o Israel, para o Egito: no entanto, este plano n\u00e3o teria sido cumprido se n\u00e3o tivesse \u00abacontecido\u00bb de aqueles Ismaelitas passarem: \u00ab<i>Jos\u00e9 foi levado ao Egito, e Potif\u00e1r, oficial de Fara\u00f3, comandante da guarda, Eg\u00edpcio, comprou-o dos Ismaelitas que o tinham levado para l\u00e1.\u00a0O\u00a0Senhor\u00a0era com Jos\u00e9<\/i>\u00bb.<a href=\"#_ftn5\" name=\"_ftnref5\"><strong>[5]<\/strong><\/a><\/p>\n<\/div>\n<\/div>\n<div>\n<div>\n<p>Voc\u00eas acham que foi um mero acidente que aqueles Ismaelitas passaram l\u00e1?\u00a0N\u00e3o h\u00e1 acidentes na Palavra de Deus: se ela diz que foram os Ismaelitas que trouxeram Jos\u00e9 ao Egito, ent\u00e3o era importante para o Senhor que eles estivessem l\u00e1 e que n\u00f3s soub\u00e9ssemos disso.\u00a0Jos\u00e9 teve que chegar ao Egito \u2014esse era o plano de Deus para come\u00e7ar\u2014 mas esse plano foi implementado por meio dos Ismaelitas.\u00a0Voc\u00eas podem imaginar?\u00a0Para o evento mais magn\u00edfico, mais significativo e mais marcante da hist\u00f3ria de Israel \u2014o \u00caxodo\u2014 Deus usou os Ismaelitas!\u00a0Os caminhos de Isaque e Ismael est\u00e3o interligados, e esta \u00e9 a li\u00e7\u00e3o animadora que podemos aprender com essa hist\u00f3ria.<\/p>\n<\/div>\n<\/div>\n<p><a href=\"#_ftnref1\" name=\"_ftn1\">[1]<\/a> 2 Samuel 13:18.<\/p>\n<p><a href=\"#_ftnref2\" name=\"_ftn2\">[2]<\/a> G\u00eanesis 45:3.<\/p>\n<p><a href=\"#_ftnref3\" name=\"_ftn3\">[3]<\/a> G\u00eanesis 37:28.<\/p>\n<p><a href=\"#_ftnref4\" name=\"_ftn4\">[4]<\/a> G\u00eanesis 37:25.<\/p>\n<p><a href=\"#_ftnref5\" name=\"_ftn5\">[5]<\/a> G\u00eanesis 39:1,2.<\/p>\n<p>&nbsp;<\/p>\n<div><i>Trechos dos meus livros est\u00e3o inclu\u00eddos em muitas postagens neste blog, ent\u00e3o se voc\u00eas gostam dos meus artigos, voc\u00eas podem gostar tamb\u00e9m dos meus livros, voc\u00eas podem obt\u00ea-los<\/i><i><i>\u00a0<u><a href=\"https:\/\/www.amazon.com\/Julia-Blum\/e\/B00LUY0JN8?ref_=dbs_p_ebk_r00_abau_000000\">aqui<\/a>.<\/u>\u00a0<\/i><\/i><i>As percep\u00e7\u00f5es que voc\u00eas leem nessas p\u00e1ginas s\u00e3o t\u00edpicas do que compartilhamos com nossos alunos durante as aulas DHB (Discovering the Hebrew Bible\/Descobrindo a B\u00edblia Hebraica) ou WTP (Weekly Torah Portion\/Por\u00e7\u00e3o Semanal da Tor\u00e1).\u00a0Se esses artigos despertarem seu interesse por descobrir os tesouros escondidos da B\u00edblia Hebraica, ou estudar em profundidade a Parash\u00e1t Shav\u00faa, junto com os conhecimentos do Novo Testamento,\u00a0ficaria feliz em fornecer mais informa\u00e7\u00f5es (e tamb\u00e9m um desconto de professor para os novos alunos) em rela\u00e7\u00e3o aos cursos\u00a0da\u00a0eTeacher\u00a0(<a href=\"mailto:juliab@eteachergroup.com\" target=\"_blank\" rel=\"noopener\">juliab@eteachergroup.com<\/a>).<\/i><\/div>\n","protected":false},"excerpt":{"rendered":"<p>Cuidado\u00a0com o traje real!\u00a0 A hist\u00f3ria de Jos\u00e9 e seus irm\u00e3os constitui a \u00faltima parte do livro de G\u00eanesis.\u00a0Esta hist\u00f3ria come\u00e7a em nossa nova por\u00e7\u00e3o da Tor\u00e1,\u00a0Vayesh\u00e9v.\u00a0Ela inicia com a palavra\u00a0Vayesh\u00e9v\u00a0(da\u00ed o nome da por\u00e7\u00e3o), geralmente traduzida como \u00abestabeleceu\u00bb ou \u00abhabitou\u00bb:\u00a0\u00abHabitou Jac\u00f3 na terra das peregrina\u00e7\u00f5es de seu pai, na terra de Cana\u00e3\u00bb.\u00a0J\u00e1 escrevi sobre [&hellip;]<\/p>\n","protected":false},"author":45,"featured_media":44668,"comment_status":"closed","ping_status":"open","sticky":false,"template":"","format":"standard","meta":{"_acf_changed":false,"inline_featured_image":false,"footnotes":""},"categories":[395],"tags":[],"class_list":["post-45309","post","type-post","status-publish","format-standard","has-post-thumbnail","hentry","category-jewish-studies"],"acf":[],"yoast_head":"<!-- This site is optimized with the Yoast SEO plugin v26.5 - https:\/\/yoast.com\/wordpress\/plugins\/seo\/ -->\n<title>Perdido na Tradu\u00e7\u00e3o: Jos\u00e9 e seu Pai - Israel Institute of Biblical Studies<\/title>\n<meta name=\"description\" content=\"Cuidado\u00a0com o traje real!\u00a0 A hist\u00f3ria de Jos\u00e9 e seus irm\u00e3os constitui a \u00faltima parte do livro de G\u00eanesis.\u00a0Esta hist\u00f3ria come\u00e7a em nossa nova por\u00e7\u00e3o da\" \/>\n<meta name=\"robots\" content=\"index, follow, max-snippet:-1, max-image-preview:large, max-video-preview:-1\" \/>\n<link rel=\"canonical\" href=\"https:\/\/israelbiblicalstudies.com\/pt\/blog\/category\/jewish-studies\/perdido-na-traducao-jose-e-seu-pai\/\" \/>\n<meta property=\"og:locale\" content=\"pt_BR\" \/>\n<meta property=\"og:type\" content=\"article\" \/>\n<meta property=\"og:title\" content=\"Perdido na Tradu\u00e7\u00e3o: Jos\u00e9 e seu Pai - Israel Institute of Biblical Studies\" \/>\n<meta property=\"og:description\" content=\"Cuidado\u00a0com o traje real!\u00a0 A hist\u00f3ria de Jos\u00e9 e seus irm\u00e3os constitui a \u00faltima parte do livro de G\u00eanesis.\u00a0Esta hist\u00f3ria come\u00e7a em nossa nova por\u00e7\u00e3o da\" \/>\n<meta property=\"og:url\" content=\"https:\/\/israelbiblicalstudies.com\/pt\/blog\/category\/jewish-studies\/perdido-na-traducao-jose-e-seu-pai\/\" \/>\n<meta property=\"og:site_name\" content=\"Israel Institute of Biblical Studies\" \/>\n<meta property=\"article:published_time\" content=\"2021-12-01T13:04:53+00:00\" \/>\n<meta property=\"article:modified_time\" content=\"2025-08-13T11:40:42+00:00\" \/>\n<meta property=\"og:image\" content=\"https:\/\/israelbiblicalstudies.com\/wp-content\/uploads\/2021\/12\/shutterstock_509891338-2.jpg\" \/>\n\t<meta property=\"og:image:width\" content=\"1000\" \/>\n\t<meta property=\"og:image:height\" content=\"718\" \/>\n\t<meta property=\"og:image:type\" content=\"image\/jpeg\" \/>\n<meta name=\"author\" content=\"Julia Blum\" \/>\n<meta name=\"twitter:card\" content=\"summary_large_image\" \/>\n<meta name=\"twitter:label1\" content=\"Escrito por\" \/>\n\t<meta name=\"twitter:data1\" content=\"Julia Blum\" \/>\n\t<meta name=\"twitter:label2\" content=\"Est. tempo de leitura\" \/>\n\t<meta name=\"twitter:data2\" content=\"7 minutos\" \/>\n<script type=\"application\/ld+json\" class=\"yoast-schema-graph\">{\"@context\":\"https:\/\/schema.org\",\"@graph\":[{\"@type\":\"Article\",\"@id\":\"https:\/\/israelbiblicalstudies.com\/pt\/blog\/category\/jewish-studies\/perdido-na-traducao-jose-e-seu-pai\/#article\",\"isPartOf\":{\"@id\":\"https:\/\/israelbiblicalstudies.com\/pt\/blog\/category\/jewish-studies\/perdido-na-traducao-jose-e-seu-pai\/\"},\"author\":{\"name\":\"Julia Blum\",\"@id\":\"https:\/\/israelbiblicalstudies.com\/pt\/#\/schema\/person\/470c9356fa72a497ecb801267dff4d15\"},\"headline\":\"Perdido na Tradu\u00e7\u00e3o: Jos\u00e9 e seu Pai\",\"datePublished\":\"2021-12-01T13:04:53+00:00\",\"dateModified\":\"2025-08-13T11:40:42+00:00\",\"mainEntityOfPage\":{\"@id\":\"https:\/\/israelbiblicalstudies.com\/pt\/blog\/category\/jewish-studies\/perdido-na-traducao-jose-e-seu-pai\/\"},\"wordCount\":1519,\"publisher\":{\"@id\":\"https:\/\/israelbiblicalstudies.com\/pt\/#organization\"},\"image\":{\"@id\":\"https:\/\/israelbiblicalstudies.com\/pt\/blog\/category\/jewish-studies\/perdido-na-traducao-jose-e-seu-pai\/#primaryimage\"},\"thumbnailUrl\":\"https:\/\/israelbiblicalstudies.com\/wp-content\/uploads\/2021\/12\/shutterstock_509891338-2.jpg\",\"articleSection\":[\"Estudos Judaicos\"],\"inLanguage\":\"pt-BR\"},{\"@type\":\"WebPage\",\"@id\":\"https:\/\/israelbiblicalstudies.com\/pt\/blog\/category\/jewish-studies\/perdido-na-traducao-jose-e-seu-pai\/\",\"url\":\"https:\/\/israelbiblicalstudies.com\/pt\/blog\/category\/jewish-studies\/perdido-na-traducao-jose-e-seu-pai\/\",\"name\":\"Perdido na Tradu\u00e7\u00e3o: Jos\u00e9 e seu Pai - Israel Institute of Biblical Studies\",\"isPartOf\":{\"@id\":\"https:\/\/israelbiblicalstudies.com\/pt\/#website\"},\"primaryImageOfPage\":{\"@id\":\"https:\/\/israelbiblicalstudies.com\/pt\/blog\/category\/jewish-studies\/perdido-na-traducao-jose-e-seu-pai\/#primaryimage\"},\"image\":{\"@id\":\"https:\/\/israelbiblicalstudies.com\/pt\/blog\/category\/jewish-studies\/perdido-na-traducao-jose-e-seu-pai\/#primaryimage\"},\"thumbnailUrl\":\"https:\/\/israelbiblicalstudies.com\/wp-content\/uploads\/2021\/12\/shutterstock_509891338-2.jpg\",\"datePublished\":\"2021-12-01T13:04:53+00:00\",\"dateModified\":\"2025-08-13T11:40:42+00:00\",\"description\":\"Cuidado\u00a0com o traje real!\u00a0 A hist\u00f3ria de Jos\u00e9 e seus irm\u00e3os constitui a \u00faltima parte do livro de G\u00eanesis.\u00a0Esta hist\u00f3ria come\u00e7a em nossa nova por\u00e7\u00e3o da\",\"breadcrumb\":{\"@id\":\"https:\/\/israelbiblicalstudies.com\/pt\/blog\/category\/jewish-studies\/perdido-na-traducao-jose-e-seu-pai\/#breadcrumb\"},\"inLanguage\":\"pt-BR\",\"potentialAction\":[{\"@type\":\"ReadAction\",\"target\":[\"https:\/\/israelbiblicalstudies.com\/pt\/blog\/category\/jewish-studies\/perdido-na-traducao-jose-e-seu-pai\/\"]}]},{\"@type\":\"ImageObject\",\"inLanguage\":\"pt-BR\",\"@id\":\"https:\/\/israelbiblicalstudies.com\/pt\/blog\/category\/jewish-studies\/perdido-na-traducao-jose-e-seu-pai\/#primaryimage\",\"url\":\"https:\/\/israelbiblicalstudies.com\/wp-content\/uploads\/2021\/12\/shutterstock_509891338-2.jpg\",\"contentUrl\":\"https:\/\/israelbiblicalstudies.com\/wp-content\/uploads\/2021\/12\/shutterstock_509891338-2.jpg\",\"width\":1000,\"height\":718},{\"@type\":\"BreadcrumbList\",\"@id\":\"https:\/\/israelbiblicalstudies.com\/pt\/blog\/category\/jewish-studies\/perdido-na-traducao-jose-e-seu-pai\/#breadcrumb\",\"itemListElement\":[{\"@type\":\"ListItem\",\"position\":1,\"name\":\"Home\",\"item\":\"https:\/\/israelbiblicalstudies.com\/pt\/\"},{\"@type\":\"ListItem\",\"position\":2,\"name\":\"Estudos Judaicos\",\"item\":\"https:\/\/israelbiblicalstudies.com\/pt\/blog\/category\/jewish-studies\/\"},{\"@type\":\"ListItem\",\"position\":3,\"name\":\"Perdido na Tradu\u00e7\u00e3o: Jos\u00e9 e seu Pai\"}]},{\"@type\":\"WebSite\",\"@id\":\"https:\/\/israelbiblicalstudies.com\/pt\/#website\",\"url\":\"https:\/\/israelbiblicalstudies.com\/pt\/\",\"name\":\"Israel Institute of Biblical Studies\",\"description\":\"Deepen Your Understanding of the Bible\",\"publisher\":{\"@id\":\"https:\/\/israelbiblicalstudies.com\/pt\/#organization\"},\"potentialAction\":[{\"@type\":\"SearchAction\",\"target\":{\"@type\":\"EntryPoint\",\"urlTemplate\":\"https:\/\/israelbiblicalstudies.com\/pt\/?s={search_term_string}\"},\"query-input\":{\"@type\":\"PropertyValueSpecification\",\"valueRequired\":true,\"valueName\":\"search_term_string\"}}],\"inLanguage\":\"pt-BR\"},{\"@type\":\"Organization\",\"@id\":\"https:\/\/israelbiblicalstudies.com\/pt\/#organization\",\"name\":\"Israel Biblical Studies\",\"url\":\"https:\/\/israelbiblicalstudies.com\/pt\/\",\"logo\":{\"@type\":\"ImageObject\",\"inLanguage\":\"pt-BR\",\"@id\":\"https:\/\/israelbiblicalstudies.com\/pt\/#\/schema\/logo\/image\/\",\"url\":\"https:\/\/israelbiblicalstudies.com\/wp-content\/uploads\/2016\/09\/logo-invert.png\",\"contentUrl\":\"https:\/\/israelbiblicalstudies.com\/wp-content\/uploads\/2016\/09\/logo-invert.png\",\"width\":152,\"height\":68,\"caption\":\"Israel Biblical Studies\"},\"image\":{\"@id\":\"https:\/\/israelbiblicalstudies.com\/pt\/#\/schema\/logo\/image\/\"}},{\"@type\":\"Person\",\"@id\":\"https:\/\/israelbiblicalstudies.com\/pt\/#\/schema\/person\/470c9356fa72a497ecb801267dff4d15\",\"name\":\"Julia Blum\",\"image\":{\"@type\":\"ImageObject\",\"inLanguage\":\"pt-BR\",\"@id\":\"https:\/\/israelbiblicalstudies.com\/pt\/#\/schema\/person\/image\/\",\"url\":\"https:\/\/secure.gravatar.com\/avatar\/bba81953dcf8395e3b4a73607c07e2f9d3e53c113398ce1fd48361f3f137b781?s=96&d=mm&r=g\",\"contentUrl\":\"https:\/\/secure.gravatar.com\/avatar\/bba81953dcf8395e3b4a73607c07e2f9d3e53c113398ce1fd48361f3f137b781?s=96&d=mm&r=g\",\"caption\":\"Julia Blum\"},\"description\":\"Julia is a teacher and an author of several books on biblical topics. She teaches two biblical courses at the Israel Institute of Biblical Studies, \u201cDiscovering the Hebrew Bible\u201d and \u201cJewish Background of the New Testament\u201d, and writes Hebrew insights for these courses.\",\"url\":\"https:\/\/israelbiblicalstudies.com\/pt\/blog\/author\/juliablum\/\"}]}<\/script>\n<!-- \/ Yoast SEO plugin. -->","yoast_head_json":{"title":"Perdido na Tradu\u00e7\u00e3o: Jos\u00e9 e seu Pai - Israel Institute of Biblical Studies","description":"Cuidado\u00a0com o traje real!\u00a0 A hist\u00f3ria de Jos\u00e9 e seus irm\u00e3os constitui a \u00faltima parte do livro de G\u00eanesis.\u00a0Esta hist\u00f3ria come\u00e7a em nossa nova por\u00e7\u00e3o da","robots":{"index":"index","follow":"follow","max-snippet":"max-snippet:-1","max-image-preview":"max-image-preview:large","max-video-preview":"max-video-preview:-1"},"canonical":"https:\/\/israelbiblicalstudies.com\/pt\/blog\/category\/jewish-studies\/perdido-na-traducao-jose-e-seu-pai\/","og_locale":"pt_BR","og_type":"article","og_title":"Perdido na Tradu\u00e7\u00e3o: Jos\u00e9 e seu Pai - Israel Institute of Biblical Studies","og_description":"Cuidado\u00a0com o traje real!\u00a0 A hist\u00f3ria de Jos\u00e9 e seus irm\u00e3os constitui a \u00faltima parte do livro de G\u00eanesis.\u00a0Esta hist\u00f3ria come\u00e7a em nossa nova por\u00e7\u00e3o da","og_url":"https:\/\/israelbiblicalstudies.com\/pt\/blog\/category\/jewish-studies\/perdido-na-traducao-jose-e-seu-pai\/","og_site_name":"Israel Institute of Biblical Studies","article_published_time":"2021-12-01T13:04:53+00:00","article_modified_time":"2025-08-13T11:40:42+00:00","og_image":[{"width":1000,"height":718,"url":"https:\/\/israelbiblicalstudies.com\/wp-content\/uploads\/2021\/12\/shutterstock_509891338-2.jpg","type":"image\/jpeg"}],"author":"Julia Blum","twitter_card":"summary_large_image","twitter_misc":{"Escrito por":"Julia Blum","Est. tempo de leitura":"7 minutos"},"schema":{"@context":"https:\/\/schema.org","@graph":[{"@type":"Article","@id":"https:\/\/israelbiblicalstudies.com\/pt\/blog\/category\/jewish-studies\/perdido-na-traducao-jose-e-seu-pai\/#article","isPartOf":{"@id":"https:\/\/israelbiblicalstudies.com\/pt\/blog\/category\/jewish-studies\/perdido-na-traducao-jose-e-seu-pai\/"},"author":{"name":"Julia Blum","@id":"https:\/\/israelbiblicalstudies.com\/pt\/#\/schema\/person\/470c9356fa72a497ecb801267dff4d15"},"headline":"Perdido na Tradu\u00e7\u00e3o: Jos\u00e9 e seu Pai","datePublished":"2021-12-01T13:04:53+00:00","dateModified":"2025-08-13T11:40:42+00:00","mainEntityOfPage":{"@id":"https:\/\/israelbiblicalstudies.com\/pt\/blog\/category\/jewish-studies\/perdido-na-traducao-jose-e-seu-pai\/"},"wordCount":1519,"publisher":{"@id":"https:\/\/israelbiblicalstudies.com\/pt\/#organization"},"image":{"@id":"https:\/\/israelbiblicalstudies.com\/pt\/blog\/category\/jewish-studies\/perdido-na-traducao-jose-e-seu-pai\/#primaryimage"},"thumbnailUrl":"https:\/\/israelbiblicalstudies.com\/wp-content\/uploads\/2021\/12\/shutterstock_509891338-2.jpg","articleSection":["Estudos Judaicos"],"inLanguage":"pt-BR"},{"@type":"WebPage","@id":"https:\/\/israelbiblicalstudies.com\/pt\/blog\/category\/jewish-studies\/perdido-na-traducao-jose-e-seu-pai\/","url":"https:\/\/israelbiblicalstudies.com\/pt\/blog\/category\/jewish-studies\/perdido-na-traducao-jose-e-seu-pai\/","name":"Perdido na Tradu\u00e7\u00e3o: Jos\u00e9 e seu Pai - Israel Institute of Biblical Studies","isPartOf":{"@id":"https:\/\/israelbiblicalstudies.com\/pt\/#website"},"primaryImageOfPage":{"@id":"https:\/\/israelbiblicalstudies.com\/pt\/blog\/category\/jewish-studies\/perdido-na-traducao-jose-e-seu-pai\/#primaryimage"},"image":{"@id":"https:\/\/israelbiblicalstudies.com\/pt\/blog\/category\/jewish-studies\/perdido-na-traducao-jose-e-seu-pai\/#primaryimage"},"thumbnailUrl":"https:\/\/israelbiblicalstudies.com\/wp-content\/uploads\/2021\/12\/shutterstock_509891338-2.jpg","datePublished":"2021-12-01T13:04:53+00:00","dateModified":"2025-08-13T11:40:42+00:00","description":"Cuidado\u00a0com o traje real!\u00a0 A hist\u00f3ria de Jos\u00e9 e seus irm\u00e3os constitui a \u00faltima parte do livro de G\u00eanesis.\u00a0Esta hist\u00f3ria come\u00e7a em nossa nova por\u00e7\u00e3o da","breadcrumb":{"@id":"https:\/\/israelbiblicalstudies.com\/pt\/blog\/category\/jewish-studies\/perdido-na-traducao-jose-e-seu-pai\/#breadcrumb"},"inLanguage":"pt-BR","potentialAction":[{"@type":"ReadAction","target":["https:\/\/israelbiblicalstudies.com\/pt\/blog\/category\/jewish-studies\/perdido-na-traducao-jose-e-seu-pai\/"]}]},{"@type":"ImageObject","inLanguage":"pt-BR","@id":"https:\/\/israelbiblicalstudies.com\/pt\/blog\/category\/jewish-studies\/perdido-na-traducao-jose-e-seu-pai\/#primaryimage","url":"https:\/\/israelbiblicalstudies.com\/wp-content\/uploads\/2021\/12\/shutterstock_509891338-2.jpg","contentUrl":"https:\/\/israelbiblicalstudies.com\/wp-content\/uploads\/2021\/12\/shutterstock_509891338-2.jpg","width":1000,"height":718},{"@type":"BreadcrumbList","@id":"https:\/\/israelbiblicalstudies.com\/pt\/blog\/category\/jewish-studies\/perdido-na-traducao-jose-e-seu-pai\/#breadcrumb","itemListElement":[{"@type":"ListItem","position":1,"name":"Home","item":"https:\/\/israelbiblicalstudies.com\/pt\/"},{"@type":"ListItem","position":2,"name":"Estudos Judaicos","item":"https:\/\/israelbiblicalstudies.com\/pt\/blog\/category\/jewish-studies\/"},{"@type":"ListItem","position":3,"name":"Perdido na Tradu\u00e7\u00e3o: Jos\u00e9 e seu Pai"}]},{"@type":"WebSite","@id":"https:\/\/israelbiblicalstudies.com\/pt\/#website","url":"https:\/\/israelbiblicalstudies.com\/pt\/","name":"Israel Institute of Biblical Studies","description":"Deepen Your Understanding of the Bible","publisher":{"@id":"https:\/\/israelbiblicalstudies.com\/pt\/#organization"},"potentialAction":[{"@type":"SearchAction","target":{"@type":"EntryPoint","urlTemplate":"https:\/\/israelbiblicalstudies.com\/pt\/?s={search_term_string}"},"query-input":{"@type":"PropertyValueSpecification","valueRequired":true,"valueName":"search_term_string"}}],"inLanguage":"pt-BR"},{"@type":"Organization","@id":"https:\/\/israelbiblicalstudies.com\/pt\/#organization","name":"Israel Biblical Studies","url":"https:\/\/israelbiblicalstudies.com\/pt\/","logo":{"@type":"ImageObject","inLanguage":"pt-BR","@id":"https:\/\/israelbiblicalstudies.com\/pt\/#\/schema\/logo\/image\/","url":"https:\/\/israelbiblicalstudies.com\/wp-content\/uploads\/2016\/09\/logo-invert.png","contentUrl":"https:\/\/israelbiblicalstudies.com\/wp-content\/uploads\/2016\/09\/logo-invert.png","width":152,"height":68,"caption":"Israel Biblical Studies"},"image":{"@id":"https:\/\/israelbiblicalstudies.com\/pt\/#\/schema\/logo\/image\/"}},{"@type":"Person","@id":"https:\/\/israelbiblicalstudies.com\/pt\/#\/schema\/person\/470c9356fa72a497ecb801267dff4d15","name":"Julia Blum","image":{"@type":"ImageObject","inLanguage":"pt-BR","@id":"https:\/\/israelbiblicalstudies.com\/pt\/#\/schema\/person\/image\/","url":"https:\/\/secure.gravatar.com\/avatar\/bba81953dcf8395e3b4a73607c07e2f9d3e53c113398ce1fd48361f3f137b781?s=96&d=mm&r=g","contentUrl":"https:\/\/secure.gravatar.com\/avatar\/bba81953dcf8395e3b4a73607c07e2f9d3e53c113398ce1fd48361f3f137b781?s=96&d=mm&r=g","caption":"Julia Blum"},"description":"Julia is a teacher and an author of several books on biblical topics. She teaches two biblical courses at the Israel Institute of Biblical Studies, \u201cDiscovering the Hebrew Bible\u201d and \u201cJewish Background of the New Testament\u201d, and writes Hebrew insights for these courses.","url":"https:\/\/israelbiblicalstudies.com\/pt\/blog\/author\/juliablum\/"}]}},"_links":{"self":[{"href":"https:\/\/israelbiblicalstudies.com\/pt\/wp-json\/wp\/v2\/posts\/45309","targetHints":{"allow":["GET"]}}],"collection":[{"href":"https:\/\/israelbiblicalstudies.com\/pt\/wp-json\/wp\/v2\/posts"}],"about":[{"href":"https:\/\/israelbiblicalstudies.com\/pt\/wp-json\/wp\/v2\/types\/post"}],"author":[{"embeddable":true,"href":"https:\/\/israelbiblicalstudies.com\/pt\/wp-json\/wp\/v2\/users\/45"}],"replies":[{"embeddable":true,"href":"https:\/\/israelbiblicalstudies.com\/pt\/wp-json\/wp\/v2\/comments?post=45309"}],"version-history":[{"count":0,"href":"https:\/\/israelbiblicalstudies.com\/pt\/wp-json\/wp\/v2\/posts\/45309\/revisions"}],"wp:featuredmedia":[{"embeddable":true,"href":"https:\/\/israelbiblicalstudies.com\/pt\/wp-json\/wp\/v2\/media\/44668"}],"wp:attachment":[{"href":"https:\/\/israelbiblicalstudies.com\/pt\/wp-json\/wp\/v2\/media?parent=45309"}],"wp:term":[{"taxonomy":"category","embeddable":true,"href":"https:\/\/israelbiblicalstudies.com\/pt\/wp-json\/wp\/v2\/categories?post=45309"},{"taxonomy":"post_tag","embeddable":true,"href":"https:\/\/israelbiblicalstudies.com\/pt\/wp-json\/wp\/v2\/tags?post=45309"}],"curies":[{"name":"wp","href":"https:\/\/api.w.org\/{rel}","templated":true}]}}