{"id":45320,"date":"2022-02-10T12:27:34","date_gmt":"2022-02-10T09:27:34","guid":{"rendered":"https:\/\/iibsblogsstg.wpenginepowered.com\/?p=17618"},"modified":"2025-08-13T11:40:39","modified_gmt":"2025-08-13T11:40:39","slug":"o-que-deu-errado-1","status":"publish","type":"post","link":"https:\/\/israelbiblicalstudies.com\/pt\/blog\/category\/jewish-studies\/o-que-deu-errado-1\/","title":{"rendered":"O que Deu errado? (1)"},"content":{"rendered":"<div>\n<div>\n<p>Algumas semanas atr\u00e1s, havia uma pergunta nos coment\u00e1rios: \u00ab<em>Como voc\u00ea descreveria, \u201co que deu errado\u201d entre Judeus e Crist\u00e3os?\u00a0Houve muitos eventos hist\u00f3ricos, mas o que voc\u00eas veem como a \u201cfalha\u201d mais fundamental que resultou em tal separa\u00e7\u00e3o entre os dois?<\/em>\u00bb. Provavelmente, todos concordariam que esta \u00e9 uma pergunta muito s\u00e9ria e muito complicada, e no passado, passei anos tentando respond\u00ea-la!\u00a0Quando comecei a pensar na minha resposta aqui, percebi que mesmo em sua vers\u00e3o mais curta, ainda seria uma resposta muito longa.\u00a0Portanto, decidi publicar minha resposta neste post (ser\u00e3o dois posts, na verdade).\u00a0Vamos pausar nossa s\u00e9rie sobre Atos por algumas semanas para discutir esse t\u00f3pico doloroso e muito emocional.<\/p>\n<\/div>\n<div>\n<p>Ent\u00e3o, o que exatamente deu errado?\u00a0Por que tudo aconteceu de tal maneira que Seu povo se tornou odiado, desprezado e perseguido pelos Crist\u00e3os?\u00a0Seria de esperar que aqueles que amam a Jesus tamb\u00e9m amem tudo relacionado com a sua vida terrena \u2014em primeiro lugar e principalmente o seu povo, aqueles entre os quais Ele viveu e a quem Ele amou\u2014 ent\u00e3o por que isso n\u00e3o aconteceu?\u00a0Qual \u00e9 a raz\u00e3o para esse \u00f3dio aparentemente inexplic\u00e1vel daqueles que mais tarde se tornaram seguidores de Jesus, para com aqueles a quem Ele se revelou inicialmente?<\/p>\n<\/div>\n<div>\n<p>Vou ter que usar um pouco do Hebraico para minha resposta.\u00a0Voc\u00eas se lembram da hist\u00f3ria de No\u00e9 e seus filhos encontrada no final do cap\u00edtulo nove de G\u00eanesis:<\/p>\n<\/div>\n<div>\n<p>\u00ab<i>\u2026ele plantou uma vinha.\u00a0<b>21\u00a0<\/b>Ent\u00e3o ele bebeu do vinho e se embriagou, e ficou descoberto na sua tenda.\u00a0<b>22\u00a0<\/b>E C\u00e3o, o pai de Cana\u00e3, viu a nudez de seu pai, e contou a seus dois irm\u00e3os fora.\u00a0<b>23\u00a0<\/b>Mas Sem e Jaf\u00e9 pegaram uma capa, puseram-na sobre os pr\u00f3prios ombros de ambos, e andando de costas, rostos desviados, cobriram a nudez de seu pai, sem que a vissem<\/i>\u00bb.<a href=\"#_ftn1\" name=\"_ftnref1\"><strong>[1]<\/strong><\/a><\/p>\n<\/div>\n<\/div>\n<p>Quando ele acordou, No\u00e9 pronunciou a maldi\u00e7\u00e3o e as b\u00ean\u00e7\u00e3os sobre seus filhos.\u00a0A b\u00ean\u00e7\u00e3o para Jaf\u00e9 soa assim: \u00ab<i>engrande\u00e7a Deus a Jaf\u00e9,\u00a0<b>e habite ele nas tendas de Sem<\/b><\/i>\u00bb.<a href=\"#_ftn2\" name=\"_ftnref2\"><strong>[2]<\/strong><\/a><\/p>\n<div>\n<div>\n<p>\u00c9 um vers\u00edculo muito importante porque, em certo sentido, tornou-se uma base \u00abteol\u00f3gica\u00bb para a teologia de substitui\u00e7\u00e3o da Igreja \u2014o ensino de que a Igreja Crist\u00e3 substituiu o Israel nacional em rela\u00e7\u00e3o aos planos, prop\u00f3sitos e promessas de Deus\u2014. J\u00e1 no s\u00e9culo II\u00a0d.C.\u00a0, o apologista e te\u00f3logo Justino M\u00e1rtir, em seu tratado \u00abDi\u00e1logo com Trif\u00e3o\u00bb, v\u00ea neste vers\u00edculo o fundamento \u00abb\u00edblico\u00bb para tal doutrina.\u00a0Comentando esta hist\u00f3ria de No\u00e9 e seus filhos, ele aponta este vers\u00edculo como uma palavra prof\u00e9tica sobre como, no futuro, as na\u00e7\u00f5es Gentias \u2014Jaf\u00e9, segundo seu entendimento\u2014 que receberam o Cristianismo, se apoderariam das tendas de Sem, ou seja, Israel .<\/p>\n<\/div>\n<div>\n<p>Vamos refletir sobre este vers\u00edculo juntos.\u00a0Vou precisar de um pouco do Hebraico aqui.\u00a0N\u00e3o se preocupem, para aqueles que n\u00e3o est\u00e3o familiarizados com o Hebraico, vou explicar em detalhes o que vemos aqui.\u00a0Este \u00e9 o original deste vers\u00edculo:<\/p>\n<\/div>\n<\/div>\n<p><strong>\u05d9\u05b7\u05a4\u05e4\u05b0\u05ea\u05b0\u05bc \u05d0\u05b1\u05dc\u05b9\u05d4\u05b4\u05d9\u05dd\u0599 \u05dc\u05b0\u05d9\u05b6\u0594\u05e4\u05b6\u05ea<\/strong> \u05d5\u05b0\u05d9\u05b4\u05e9\u05b0\u05c1\u05db\u05b9\u05bc\u0596\u05df \u05d1\u05b0\u05bc\u05d0\u05b8\u05bd\u05d4\u05b3\u05dc\u05b5\u05d9\u05be\u05e9\u05b5\u05c1\u0591\u05dd \u05d5\u05b4\u05d9\u05d4\u05b4\u05a5\u05d9 \u05db\u05b0\u05e0\u05b7\u0596\u05e2\u05b7\u05df \u05e2\u05b6\u05a5\u05d1\u05b6\u05d3 \u05dc\u05b8\u05bd\u05de\u05d5\u05b9\u05c3<\/p>\n<p>O verbo\u00a0<u>\u05d9\u05b7\u05e4\u05b0\u05ea\u05b0\u05bc<\/u> \u00abno princ\u00edpio\u00bb, que soa e \u00e9 escrito exatamente como o nome de Jaf\u00e9, significa \u00abespalhar\u00bb, \u00abaumentar\u00bb.\u00a0A quest\u00e3o crucial, na minha humilde opini\u00e3o, \u00e9 esta: o que voc\u00eas acham que Deus quis dizer aqui? Que Jaf\u00e9 habitaria nas tendas de Sem\u00a0<b>junto\u00a0com Sem, ou no lugar de Sem?\u00a0<\/b>Estou convencida de que este vers\u00edculo de forma alguma assumiu um banimento de Sem.\u00a0No entanto, quando Justino M\u00e1rtir chegou ao local, os Crist\u00e3os Gregos e Romanos j\u00e1 haviam acusado o povo Judeu da morte de Deus, e os Crist\u00e3os j\u00e1 come\u00e7aram a acreditar que haviam tomado o lugar de Israel!\u00a0No tratado de Justino M\u00e1rtir, encontramos a \u00abprova b\u00edblica\u00bb dessa cren\u00e7a.\u00a0A conclus\u00e3o de uma conversa entre Justino e Trif\u00e3o, um Judeu, pode ser resumida da seguinte maneira: os Crist\u00e3os agora ocupam o lugar de Israel, a Igreja \u00e9 a encarna\u00e7\u00e3o do verdadeiro povo de Deus, o \u00abnovo Israel\u00bb, enquanto o povo Judeu deve ser visto como uma na\u00e7\u00e3o ap\u00f3stata, despojada de sua elei\u00e7\u00e3o e punida pelo pecado de n\u00e3o aceitar o Messias!\u00a0Deus rejeitou Israel como \u00abassassinos de Cristo\u00bb, e de agora em diante,\u00a0seu lugar ser\u00e1 ocupado pelos Crist\u00e3os!\u00a0Jaf\u00e9 habitar\u00e1 nas tendas de Sem,\u00a0<b>ou no lugar de Sem! \u00a0\u00a0<\/b><\/p>\n<div>\n<div>\n<p>Isso lembra a f\u00e1bula infantil sobre uma raposa e uma lebre: a raposa tinha uma cabana feita de gelo e a lebre uma casinha de palha.\u00a0A primavera chega, a cabana de gelo da raposa derrete e a lebre a acolhe, apenas para descobrir que a raposa a expulsa e toma sua casa.\u00a0Isso \u00e9 mais ou menos o que aconteceu com Israel e o Cristianismo, e como acabamos de ver, t\u00e3o rapidamente quanto no segundo s\u00e9culo.\u00a0No entanto, este n\u00e3o \u00e9 o fim da hist\u00f3ria e o fim da minha resposta.\u00a0H\u00e1 outra coisa que quero lhes mostrar.<\/p>\n<\/div>\n<div>\n<p>Em algum momento, decidi verificar o verbo\u00a0<u>\u05d9\u05b7\u05e4\u05b0\u05ea\u05b0\u05bc<\/u>\u00a0no dicion\u00e1rio.\u00a0E, como acontece tantas vezes com o Hebraico, fiquei absolutamente impressionada com o que encontrei:<\/p>\n<\/div>\n<\/div>\n<p><u>\u05d9\u05b7\u05e4\u05b0\u05ea\u05b0\u05bc<\/u>\u00a0 \u00a0\u00a01. \u00a0 \u00a0 ser espa\u00e7oso, ser aberto, ser amplo<\/p>\n<ol>\n<li>(Qal) ser espa\u00e7oso ou aberto ou largo<\/li>\n<li>(Hiphil) tornar espa\u00e7oso, abrir<\/li>\n<li>ser simple, seduzir, enganar, persuadir<\/li>\n<li>(Qal)<\/li>\n<li>ter a mente aberta, ser simple, ser ing\u00eanuo<\/li>\n<li>ser seduzido, ser enganado<\/li>\n<li>(Niphal) ser enganado, ser cr\u00e9dulo<\/li>\n<li>(Piel)<\/li>\n<li>persuadir, seduzir<\/li>\n<li>enganar<\/li>\n<li>(Pual)<\/li>\n<li>ser persuadido<\/li>\n<\/ol>\n<p>&nbsp;<\/p>\n<div>\n<div>\n<p>Gostaria de explicar porque fiquei t\u00e3o entusiasmada.\u00a0Como alguns de voc\u00eas provavelmente sabem, o Hebraico B\u00edblico \u00e9 principalmente uma linguagem verbal, e os verbos s\u00e3o derivados de ra\u00edzes.\u00a0As ra\u00edzes s\u00e3o grupos de tr\u00eas consoantes que comp\u00f5em a \u00abess\u00eancia\u00bb do significado de uma palavra.\u00a0A maioria dos verbos em Hebraico s\u00e3o formados a partir desta raiz de tr\u00eas consoantes, alterando as vogais e adicionando diferentes prefixos e sufixos, formando assim diferentes radicais.\u00a0Dependendo de seu radical (<i>biny\u00e1n<\/i>), os verbos da mesma raiz podem ter significados muito diferentes.\u00a0No entanto, por serem derivados da mesma raiz, todos eles t\u00eam algo em comum, todos se relacionam com a mesma \u00abess\u00eancia\u00bb.\u00a0Portanto, de repente, percebi que atrav\u00e9s dos mesmos vers\u00edculos que foram usados pela Igreja \u00abpara justificar\u00bb a exclus\u00e3o de Israel, Deus est\u00e1 falando sobre o perigo de ser \u00ab<i>enganado<\/i>\u00bb,\u00a0\u00ab<i>seduzido<\/i>\u00bb.\u00a0<i>\u00a0<\/i>Jaf\u00e9 \u2014milh\u00f5es de Crist\u00e3os ao longo da hist\u00f3ria, que acreditavam sinceramente que deveriam viver nas tendas de Sem,\u00a0<b>ou no lugar de Sem<\/b>\u2014 foram\u00a0<b><i>enganados, persuadidos e seduzidos<\/i><\/b>\u00a0\u00a0a acreditar nisto, e o Senhor sabia disto desde o in\u00edcio.\u00a0O significado original deste vers\u00edculo n\u00e3o supunha um despejo de Sem de suas tendas, assim como a lebre n\u00e3o suporia que, ao deixar entrar a raposa sem-teto, ela logo se encontraria na rua.\u00a0A interpreta\u00e7\u00e3o de Justino M\u00e1rtir, por\u00e9m, serviu apenas para legitimar o processo de exclus\u00e3o de Israel do plano e das b\u00ean\u00e7\u00e3os de Deus, que naquele momento j\u00e1 avan\u00e7avam a todo vapor.<\/p>\n<\/div>\n<div>\n<p>\u00c9 compreens\u00edvel que, no quadro desta doutrina, os sofrimentos de Israel tenham sido muito \u00fateis.\u00a0N\u00e3o posso terminar minha resposta sem dizer algumas palavras sobre a atitude dos Crist\u00e3os em rela\u00e7\u00e3o ao sofrimento de Israel.\u00a0Da pr\u00f3xima vez, falaremos sobre essa \u00abprova adicional da rejei\u00e7\u00e3o e queda de Israel\u00bb que durante s\u00e9culos foi vista como um argumento especialmente pesado a favor dos justos direitos do Cristianismo para tomar seu lugar.<\/p>\n<\/div>\n<\/div>\n<div><\/div>\n<p><a href=\"#_ftnref1\" name=\"_ftn1\">[1]<\/a> G\u00eanesis 9:20-23.<\/p>\n<p><a href=\"#_ftnref2\" name=\"_ftn2\">[2]<\/a> G\u00eanesis 9:27.<\/p>\n<p>&nbsp;<\/p>\n<p>&nbsp;<\/p>\n<div>\n<div>\n<p>&nbsp;<\/p>\n<\/div>\n<div><i>Gostaria de lembr\u00e1-los,\u00a0<\/i><i>queridos amigos,\u00a0<\/i><i><i>que oferecemos cursos maravilhosos e os convidamos a estudar juntos as Escrituras Hebraicas ou o Contexto Judaico do Novo Testamento.\u00a0Como sempre, voc\u00eas podem entrar em contato comigo para obter mais informa\u00e7\u00f5es.\u00a0<\/i><\/i><i>Al\u00e9m disso,\u00a0<\/i><i><i>trechos\u00a0<\/i><\/i><i>do meu livro \u00abIf You be Son of God\u2026\u00bb est\u00e3o inclu\u00eddos neste artigo, ent\u00e3o\u00a0<\/i><i>se voc\u00eas gostam do artigo, tamb\u00e9m podem gostar do livro, voc\u00eas podem obt\u00ea-lo <\/i><i><u><a href=\"https:\/\/www.amazon.com\/s?k=julia+blum&amp;crid=2SC9DWF1NHZI&amp;sprefix=julia+blum+%2Caps%2C218&amp;ref=nb_sb_noss_2\">aqui<\/a>.<\/u><\/i><\/div>\n<\/div>\n","protected":false},"excerpt":{"rendered":"<p>Algumas semanas atr\u00e1s, havia uma pergunta nos coment\u00e1rios: \u00abComo voc\u00ea descreveria, \u201co que deu errado\u201d entre Judeus e Crist\u00e3os?\u00a0Houve muitos eventos hist\u00f3ricos, mas o que voc\u00eas veem como a \u201cfalha\u201d mais fundamental que resultou em tal separa\u00e7\u00e3o entre os dois?\u00bb. Provavelmente, todos concordariam que esta \u00e9 uma pergunta muito s\u00e9ria e muito complicada, e no [&hellip;]<\/p>\n","protected":false},"author":45,"featured_media":44682,"comment_status":"closed","ping_status":"open","sticky":false,"template":"","format":"standard","meta":{"_acf_changed":false,"inline_featured_image":false,"footnotes":""},"categories":[395],"tags":[],"class_list":["post-45320","post","type-post","status-publish","format-standard","has-post-thumbnail","hentry","category-jewish-studies"],"acf":[],"yoast_head":"<!-- This site is optimized with the Yoast SEO plugin v26.5 - https:\/\/yoast.com\/wordpress\/plugins\/seo\/ -->\n<title>O que Deu errado? (1) - Israel Institute of Biblical Studies<\/title>\n<meta name=\"description\" content=\"Algumas semanas atr\u00e1s, havia uma pergunta nos coment\u00e1rios: \u00abComo voc\u00ea descreveria, \u201co que deu errado\u201d entre Judeus e Crist\u00e3os?\u00a0Houve muitos eventos\" \/>\n<meta name=\"robots\" content=\"index, follow, max-snippet:-1, max-image-preview:large, max-video-preview:-1\" \/>\n<link rel=\"canonical\" href=\"https:\/\/israelbiblicalstudies.com\/pt\/blog\/category\/jewish-studies\/o-que-deu-errado-1\/\" \/>\n<meta property=\"og:locale\" content=\"pt_BR\" \/>\n<meta property=\"og:type\" content=\"article\" \/>\n<meta property=\"og:title\" content=\"O que Deu errado? (1) - Israel Institute of Biblical Studies\" \/>\n<meta property=\"og:description\" content=\"Algumas semanas atr\u00e1s, havia uma pergunta nos coment\u00e1rios: \u00abComo voc\u00ea descreveria, \u201co que deu errado\u201d entre Judeus e Crist\u00e3os?\u00a0Houve muitos eventos\" \/>\n<meta property=\"og:url\" content=\"https:\/\/israelbiblicalstudies.com\/pt\/blog\/category\/jewish-studies\/o-que-deu-errado-1\/\" \/>\n<meta property=\"og:site_name\" content=\"Israel Institute of Biblical Studies\" \/>\n<meta property=\"article:published_time\" content=\"2022-02-10T09:27:34+00:00\" \/>\n<meta property=\"article:modified_time\" content=\"2025-08-13T11:40:39+00:00\" \/>\n<meta property=\"og:image\" content=\"https:\/\/israelbiblicalstudies.com\/wp-content\/uploads\/2022\/02\/shutterstock_1852153162.jpg\" \/>\n\t<meta property=\"og:image:width\" content=\"854\" \/>\n\t<meta property=\"og:image:height\" content=\"1000\" \/>\n\t<meta property=\"og:image:type\" content=\"image\/jpeg\" \/>\n<meta name=\"author\" content=\"Julia Blum\" \/>\n<meta name=\"twitter:card\" content=\"summary_large_image\" \/>\n<meta name=\"twitter:label1\" content=\"Escrito por\" \/>\n\t<meta name=\"twitter:data1\" content=\"Julia Blum\" \/>\n\t<meta name=\"twitter:label2\" content=\"Est. tempo de leitura\" \/>\n\t<meta name=\"twitter:data2\" content=\"6 minutos\" \/>\n<script type=\"application\/ld+json\" class=\"yoast-schema-graph\">{\"@context\":\"https:\/\/schema.org\",\"@graph\":[{\"@type\":\"Article\",\"@id\":\"https:\/\/israelbiblicalstudies.com\/pt\/blog\/category\/jewish-studies\/o-que-deu-errado-1\/#article\",\"isPartOf\":{\"@id\":\"https:\/\/israelbiblicalstudies.com\/pt\/blog\/category\/jewish-studies\/o-que-deu-errado-1\/\"},\"author\":{\"name\":\"Julia Blum\",\"@id\":\"https:\/\/israelbiblicalstudies.com\/pt\/#\/schema\/person\/470c9356fa72a497ecb801267dff4d15\"},\"headline\":\"O que Deu errado? (1)\",\"datePublished\":\"2022-02-10T09:27:34+00:00\",\"dateModified\":\"2025-08-13T11:40:39+00:00\",\"mainEntityOfPage\":{\"@id\":\"https:\/\/israelbiblicalstudies.com\/pt\/blog\/category\/jewish-studies\/o-que-deu-errado-1\/\"},\"wordCount\":1370,\"publisher\":{\"@id\":\"https:\/\/israelbiblicalstudies.com\/pt\/#organization\"},\"image\":{\"@id\":\"https:\/\/israelbiblicalstudies.com\/pt\/blog\/category\/jewish-studies\/o-que-deu-errado-1\/#primaryimage\"},\"thumbnailUrl\":\"https:\/\/israelbiblicalstudies.com\/wp-content\/uploads\/2022\/02\/shutterstock_1852153162.jpg\",\"articleSection\":[\"Estudos Judaicos\"],\"inLanguage\":\"pt-BR\"},{\"@type\":\"WebPage\",\"@id\":\"https:\/\/israelbiblicalstudies.com\/pt\/blog\/category\/jewish-studies\/o-que-deu-errado-1\/\",\"url\":\"https:\/\/israelbiblicalstudies.com\/pt\/blog\/category\/jewish-studies\/o-que-deu-errado-1\/\",\"name\":\"O que Deu errado? (1) - Israel Institute of Biblical Studies\",\"isPartOf\":{\"@id\":\"https:\/\/israelbiblicalstudies.com\/pt\/#website\"},\"primaryImageOfPage\":{\"@id\":\"https:\/\/israelbiblicalstudies.com\/pt\/blog\/category\/jewish-studies\/o-que-deu-errado-1\/#primaryimage\"},\"image\":{\"@id\":\"https:\/\/israelbiblicalstudies.com\/pt\/blog\/category\/jewish-studies\/o-que-deu-errado-1\/#primaryimage\"},\"thumbnailUrl\":\"https:\/\/israelbiblicalstudies.com\/wp-content\/uploads\/2022\/02\/shutterstock_1852153162.jpg\",\"datePublished\":\"2022-02-10T09:27:34+00:00\",\"dateModified\":\"2025-08-13T11:40:39+00:00\",\"description\":\"Algumas semanas atr\u00e1s, havia uma pergunta nos coment\u00e1rios: \u00abComo voc\u00ea descreveria, \u201co que deu errado\u201d entre Judeus e Crist\u00e3os?\u00a0Houve muitos eventos\",\"breadcrumb\":{\"@id\":\"https:\/\/israelbiblicalstudies.com\/pt\/blog\/category\/jewish-studies\/o-que-deu-errado-1\/#breadcrumb\"},\"inLanguage\":\"pt-BR\",\"potentialAction\":[{\"@type\":\"ReadAction\",\"target\":[\"https:\/\/israelbiblicalstudies.com\/pt\/blog\/category\/jewish-studies\/o-que-deu-errado-1\/\"]}]},{\"@type\":\"ImageObject\",\"inLanguage\":\"pt-BR\",\"@id\":\"https:\/\/israelbiblicalstudies.com\/pt\/blog\/category\/jewish-studies\/o-que-deu-errado-1\/#primaryimage\",\"url\":\"https:\/\/israelbiblicalstudies.com\/wp-content\/uploads\/2022\/02\/shutterstock_1852153162.jpg\",\"contentUrl\":\"https:\/\/israelbiblicalstudies.com\/wp-content\/uploads\/2022\/02\/shutterstock_1852153162.jpg\",\"width\":854,\"height\":1000},{\"@type\":\"BreadcrumbList\",\"@id\":\"https:\/\/israelbiblicalstudies.com\/pt\/blog\/category\/jewish-studies\/o-que-deu-errado-1\/#breadcrumb\",\"itemListElement\":[{\"@type\":\"ListItem\",\"position\":1,\"name\":\"Home\",\"item\":\"https:\/\/israelbiblicalstudies.com\/pt\/\"},{\"@type\":\"ListItem\",\"position\":2,\"name\":\"Estudos Judaicos\",\"item\":\"https:\/\/israelbiblicalstudies.com\/pt\/blog\/category\/jewish-studies\/\"},{\"@type\":\"ListItem\",\"position\":3,\"name\":\"O que Deu errado? (1)\"}]},{\"@type\":\"WebSite\",\"@id\":\"https:\/\/israelbiblicalstudies.com\/pt\/#website\",\"url\":\"https:\/\/israelbiblicalstudies.com\/pt\/\",\"name\":\"Israel Institute of Biblical Studies\",\"description\":\"Deepen Your Understanding of the Bible\",\"publisher\":{\"@id\":\"https:\/\/israelbiblicalstudies.com\/pt\/#organization\"},\"potentialAction\":[{\"@type\":\"SearchAction\",\"target\":{\"@type\":\"EntryPoint\",\"urlTemplate\":\"https:\/\/israelbiblicalstudies.com\/pt\/?s={search_term_string}\"},\"query-input\":{\"@type\":\"PropertyValueSpecification\",\"valueRequired\":true,\"valueName\":\"search_term_string\"}}],\"inLanguage\":\"pt-BR\"},{\"@type\":\"Organization\",\"@id\":\"https:\/\/israelbiblicalstudies.com\/pt\/#organization\",\"name\":\"Israel Biblical Studies\",\"url\":\"https:\/\/israelbiblicalstudies.com\/pt\/\",\"logo\":{\"@type\":\"ImageObject\",\"inLanguage\":\"pt-BR\",\"@id\":\"https:\/\/israelbiblicalstudies.com\/pt\/#\/schema\/logo\/image\/\",\"url\":\"https:\/\/israelbiblicalstudies.com\/wp-content\/uploads\/2016\/09\/logo-invert.png\",\"contentUrl\":\"https:\/\/israelbiblicalstudies.com\/wp-content\/uploads\/2016\/09\/logo-invert.png\",\"width\":152,\"height\":68,\"caption\":\"Israel Biblical Studies\"},\"image\":{\"@id\":\"https:\/\/israelbiblicalstudies.com\/pt\/#\/schema\/logo\/image\/\"}},{\"@type\":\"Person\",\"@id\":\"https:\/\/israelbiblicalstudies.com\/pt\/#\/schema\/person\/470c9356fa72a497ecb801267dff4d15\",\"name\":\"Julia Blum\",\"image\":{\"@type\":\"ImageObject\",\"inLanguage\":\"pt-BR\",\"@id\":\"https:\/\/israelbiblicalstudies.com\/pt\/#\/schema\/person\/image\/\",\"url\":\"https:\/\/secure.gravatar.com\/avatar\/bba81953dcf8395e3b4a73607c07e2f9d3e53c113398ce1fd48361f3f137b781?s=96&d=mm&r=g\",\"contentUrl\":\"https:\/\/secure.gravatar.com\/avatar\/bba81953dcf8395e3b4a73607c07e2f9d3e53c113398ce1fd48361f3f137b781?s=96&d=mm&r=g\",\"caption\":\"Julia Blum\"},\"description\":\"Julia is a teacher and an author of several books on biblical topics. She teaches two biblical courses at the Israel Institute of Biblical Studies, \u201cDiscovering the Hebrew Bible\u201d and \u201cJewish Background of the New Testament\u201d, and writes Hebrew insights for these courses.\",\"url\":\"https:\/\/israelbiblicalstudies.com\/pt\/blog\/author\/juliablum\/\"}]}<\/script>\n<!-- \/ Yoast SEO plugin. -->","yoast_head_json":{"title":"O que Deu errado? (1) - Israel Institute of Biblical Studies","description":"Algumas semanas atr\u00e1s, havia uma pergunta nos coment\u00e1rios: \u00abComo voc\u00ea descreveria, \u201co que deu errado\u201d entre Judeus e Crist\u00e3os?\u00a0Houve muitos eventos","robots":{"index":"index","follow":"follow","max-snippet":"max-snippet:-1","max-image-preview":"max-image-preview:large","max-video-preview":"max-video-preview:-1"},"canonical":"https:\/\/israelbiblicalstudies.com\/pt\/blog\/category\/jewish-studies\/o-que-deu-errado-1\/","og_locale":"pt_BR","og_type":"article","og_title":"O que Deu errado? (1) - Israel Institute of Biblical Studies","og_description":"Algumas semanas atr\u00e1s, havia uma pergunta nos coment\u00e1rios: \u00abComo voc\u00ea descreveria, \u201co que deu errado\u201d entre Judeus e Crist\u00e3os?\u00a0Houve muitos eventos","og_url":"https:\/\/israelbiblicalstudies.com\/pt\/blog\/category\/jewish-studies\/o-que-deu-errado-1\/","og_site_name":"Israel Institute of Biblical Studies","article_published_time":"2022-02-10T09:27:34+00:00","article_modified_time":"2025-08-13T11:40:39+00:00","og_image":[{"width":854,"height":1000,"url":"https:\/\/israelbiblicalstudies.com\/wp-content\/uploads\/2022\/02\/shutterstock_1852153162.jpg","type":"image\/jpeg"}],"author":"Julia Blum","twitter_card":"summary_large_image","twitter_misc":{"Escrito por":"Julia Blum","Est. tempo de leitura":"6 minutos"},"schema":{"@context":"https:\/\/schema.org","@graph":[{"@type":"Article","@id":"https:\/\/israelbiblicalstudies.com\/pt\/blog\/category\/jewish-studies\/o-que-deu-errado-1\/#article","isPartOf":{"@id":"https:\/\/israelbiblicalstudies.com\/pt\/blog\/category\/jewish-studies\/o-que-deu-errado-1\/"},"author":{"name":"Julia Blum","@id":"https:\/\/israelbiblicalstudies.com\/pt\/#\/schema\/person\/470c9356fa72a497ecb801267dff4d15"},"headline":"O que Deu errado? (1)","datePublished":"2022-02-10T09:27:34+00:00","dateModified":"2025-08-13T11:40:39+00:00","mainEntityOfPage":{"@id":"https:\/\/israelbiblicalstudies.com\/pt\/blog\/category\/jewish-studies\/o-que-deu-errado-1\/"},"wordCount":1370,"publisher":{"@id":"https:\/\/israelbiblicalstudies.com\/pt\/#organization"},"image":{"@id":"https:\/\/israelbiblicalstudies.com\/pt\/blog\/category\/jewish-studies\/o-que-deu-errado-1\/#primaryimage"},"thumbnailUrl":"https:\/\/israelbiblicalstudies.com\/wp-content\/uploads\/2022\/02\/shutterstock_1852153162.jpg","articleSection":["Estudos Judaicos"],"inLanguage":"pt-BR"},{"@type":"WebPage","@id":"https:\/\/israelbiblicalstudies.com\/pt\/blog\/category\/jewish-studies\/o-que-deu-errado-1\/","url":"https:\/\/israelbiblicalstudies.com\/pt\/blog\/category\/jewish-studies\/o-que-deu-errado-1\/","name":"O que Deu errado? (1) - Israel Institute of Biblical Studies","isPartOf":{"@id":"https:\/\/israelbiblicalstudies.com\/pt\/#website"},"primaryImageOfPage":{"@id":"https:\/\/israelbiblicalstudies.com\/pt\/blog\/category\/jewish-studies\/o-que-deu-errado-1\/#primaryimage"},"image":{"@id":"https:\/\/israelbiblicalstudies.com\/pt\/blog\/category\/jewish-studies\/o-que-deu-errado-1\/#primaryimage"},"thumbnailUrl":"https:\/\/israelbiblicalstudies.com\/wp-content\/uploads\/2022\/02\/shutterstock_1852153162.jpg","datePublished":"2022-02-10T09:27:34+00:00","dateModified":"2025-08-13T11:40:39+00:00","description":"Algumas semanas atr\u00e1s, havia uma pergunta nos coment\u00e1rios: \u00abComo voc\u00ea descreveria, \u201co que deu errado\u201d entre Judeus e Crist\u00e3os?\u00a0Houve muitos eventos","breadcrumb":{"@id":"https:\/\/israelbiblicalstudies.com\/pt\/blog\/category\/jewish-studies\/o-que-deu-errado-1\/#breadcrumb"},"inLanguage":"pt-BR","potentialAction":[{"@type":"ReadAction","target":["https:\/\/israelbiblicalstudies.com\/pt\/blog\/category\/jewish-studies\/o-que-deu-errado-1\/"]}]},{"@type":"ImageObject","inLanguage":"pt-BR","@id":"https:\/\/israelbiblicalstudies.com\/pt\/blog\/category\/jewish-studies\/o-que-deu-errado-1\/#primaryimage","url":"https:\/\/israelbiblicalstudies.com\/wp-content\/uploads\/2022\/02\/shutterstock_1852153162.jpg","contentUrl":"https:\/\/israelbiblicalstudies.com\/wp-content\/uploads\/2022\/02\/shutterstock_1852153162.jpg","width":854,"height":1000},{"@type":"BreadcrumbList","@id":"https:\/\/israelbiblicalstudies.com\/pt\/blog\/category\/jewish-studies\/o-que-deu-errado-1\/#breadcrumb","itemListElement":[{"@type":"ListItem","position":1,"name":"Home","item":"https:\/\/israelbiblicalstudies.com\/pt\/"},{"@type":"ListItem","position":2,"name":"Estudos Judaicos","item":"https:\/\/israelbiblicalstudies.com\/pt\/blog\/category\/jewish-studies\/"},{"@type":"ListItem","position":3,"name":"O que Deu errado? (1)"}]},{"@type":"WebSite","@id":"https:\/\/israelbiblicalstudies.com\/pt\/#website","url":"https:\/\/israelbiblicalstudies.com\/pt\/","name":"Israel Institute of Biblical Studies","description":"Deepen Your Understanding of the Bible","publisher":{"@id":"https:\/\/israelbiblicalstudies.com\/pt\/#organization"},"potentialAction":[{"@type":"SearchAction","target":{"@type":"EntryPoint","urlTemplate":"https:\/\/israelbiblicalstudies.com\/pt\/?s={search_term_string}"},"query-input":{"@type":"PropertyValueSpecification","valueRequired":true,"valueName":"search_term_string"}}],"inLanguage":"pt-BR"},{"@type":"Organization","@id":"https:\/\/israelbiblicalstudies.com\/pt\/#organization","name":"Israel Biblical Studies","url":"https:\/\/israelbiblicalstudies.com\/pt\/","logo":{"@type":"ImageObject","inLanguage":"pt-BR","@id":"https:\/\/israelbiblicalstudies.com\/pt\/#\/schema\/logo\/image\/","url":"https:\/\/israelbiblicalstudies.com\/wp-content\/uploads\/2016\/09\/logo-invert.png","contentUrl":"https:\/\/israelbiblicalstudies.com\/wp-content\/uploads\/2016\/09\/logo-invert.png","width":152,"height":68,"caption":"Israel Biblical Studies"},"image":{"@id":"https:\/\/israelbiblicalstudies.com\/pt\/#\/schema\/logo\/image\/"}},{"@type":"Person","@id":"https:\/\/israelbiblicalstudies.com\/pt\/#\/schema\/person\/470c9356fa72a497ecb801267dff4d15","name":"Julia Blum","image":{"@type":"ImageObject","inLanguage":"pt-BR","@id":"https:\/\/israelbiblicalstudies.com\/pt\/#\/schema\/person\/image\/","url":"https:\/\/secure.gravatar.com\/avatar\/bba81953dcf8395e3b4a73607c07e2f9d3e53c113398ce1fd48361f3f137b781?s=96&d=mm&r=g","contentUrl":"https:\/\/secure.gravatar.com\/avatar\/bba81953dcf8395e3b4a73607c07e2f9d3e53c113398ce1fd48361f3f137b781?s=96&d=mm&r=g","caption":"Julia Blum"},"description":"Julia is a teacher and an author of several books on biblical topics. She teaches two biblical courses at the Israel Institute of Biblical Studies, \u201cDiscovering the Hebrew Bible\u201d and \u201cJewish Background of the New Testament\u201d, and writes Hebrew insights for these courses.","url":"https:\/\/israelbiblicalstudies.com\/pt\/blog\/author\/juliablum\/"}]}},"_links":{"self":[{"href":"https:\/\/israelbiblicalstudies.com\/pt\/wp-json\/wp\/v2\/posts\/45320","targetHints":{"allow":["GET"]}}],"collection":[{"href":"https:\/\/israelbiblicalstudies.com\/pt\/wp-json\/wp\/v2\/posts"}],"about":[{"href":"https:\/\/israelbiblicalstudies.com\/pt\/wp-json\/wp\/v2\/types\/post"}],"author":[{"embeddable":true,"href":"https:\/\/israelbiblicalstudies.com\/pt\/wp-json\/wp\/v2\/users\/45"}],"replies":[{"embeddable":true,"href":"https:\/\/israelbiblicalstudies.com\/pt\/wp-json\/wp\/v2\/comments?post=45320"}],"version-history":[{"count":0,"href":"https:\/\/israelbiblicalstudies.com\/pt\/wp-json\/wp\/v2\/posts\/45320\/revisions"}],"wp:featuredmedia":[{"embeddable":true,"href":"https:\/\/israelbiblicalstudies.com\/pt\/wp-json\/wp\/v2\/media\/44682"}],"wp:attachment":[{"href":"https:\/\/israelbiblicalstudies.com\/pt\/wp-json\/wp\/v2\/media?parent=45320"}],"wp:term":[{"taxonomy":"category","embeddable":true,"href":"https:\/\/israelbiblicalstudies.com\/pt\/wp-json\/wp\/v2\/categories?post=45320"},{"taxonomy":"post_tag","embeddable":true,"href":"https:\/\/israelbiblicalstudies.com\/pt\/wp-json\/wp\/v2\/tags?post=45320"}],"curies":[{"name":"wp","href":"https:\/\/api.w.org\/{rel}","templated":true}]}}