{"id":45322,"date":"2022-02-24T09:14:26","date_gmt":"2022-02-24T06:14:26","guid":{"rendered":"https:\/\/iibsblogsstg.wpenginepowered.com\/?p=17642"},"modified":"2025-08-13T11:40:38","modified_gmt":"2025-08-13T11:40:38","slug":"mudanca-dos-coracoes-do-bezerro-de-ouro-ao-tabernaculo","status":"publish","type":"post","link":"https:\/\/israelbiblicalstudies.com\/pt\/blog\/category\/jewish-studies\/mudanca-dos-coracoes-do-bezerro-de-ouro-ao-tabernaculo\/","title":{"rendered":"Mudan\u00e7a dos Cora\u00e7\u00f5es: Do Bezerro de Ouro ao Tabern\u00e1culo"},"content":{"rendered":"<div>\n<div>\n<p><b><i>Shabb\u00e1t Shekal\u00edm<\/i><\/b><\/p>\n<\/div>\n<div>\n<p>Queridos amigos, uma vez que j\u00e1 pausamos nossa s\u00e9rie de Atos, decidi estender esta pausa para dar uma olhada nas por\u00e7\u00f5es atuais da Tor\u00e1.\u00a0H\u00e1 v\u00e1rias raz\u00f5es para isso: Primeiro, os cap\u00edtulos que estamos lendo agora discutem a constru\u00e7\u00e3o do tabern\u00e1culo, e a import\u00e2ncia do tabern\u00e1culo nas Escrituras fica clara pela compara\u00e7\u00e3o observada tanto por comentaristas Judeus e Crist\u00e3os: pouco mais de um cap\u00edtulo foi necess\u00e1rio para descrever como Deus criou o mundo, mas seis cap\u00edtulos descrevem a constru\u00e7\u00e3o do tabern\u00e1culo.\u00a0Em segundo lugar, eu nunca comentei sobre estas por\u00e7\u00f5es da Tor\u00e1 neste blog e, nesse sentido, \u00e9 uma boa e nova oportunidade para lermos estes cap\u00edtulos juntos.\u00a0Por fim, o motivo que foi decisivo para mim foi sobre\u00a0<b>o\u00a0<i>Shabat\u00f3t<\/i>\u00a0especiais:\u00a0<\/b>j\u00e1 que estamos nos aproximando do feriado de\u00a0<i>Pur\u00edm<\/i>, teremos dois\u00a0<i>Shabbat\u00f3t\u00a0<\/i>especiais dentro de tr\u00eas semanas, e aproveitarei esta oportunidade para explicar o que s\u00e3o esses\u00a0<i>Shabbat\u00f3t<\/i>\u00a0especiais, pois duvido que muitos de meus leitores tenham conhecimento sobre eles.<\/p>\n<\/div>\n<div>\n<p>O<b><i> Shabat\u00f3t<\/i>\u00a0especiais<\/b>, s\u00e3o dias de\u00a0<i>Shabb\u00e1t\u00a0<\/i>em que s\u00e3o observados ou comemorados eventos especiais.\u00a0Cada\u00a0<i>Shabb\u00e1t e<\/i>special \u00e9 referido por um nome especial.\u00a0Por exemplo,\u00a0o <i>Shabb\u00e1t Mevarj\u00edm<\/i>\u00a0precede um novo m\u00eas e pode ocorrer v\u00e1rias vezes durante o ano.\u00a0Este pr\u00f3ximo\u00a0<i>Shabb\u00e1t<\/i>, 26 de fevereiro, \u00e9\u00a0<i>o Shabb\u00e1t Mevarj\u00edm,<\/i>\u00a0pois este \u00e9 o \u00faltimo\u00a0<i>Shabb\u00e1t<\/i>\u00a0antes do in\u00edcio de um novo m\u00eas.\u00a0No entanto, como este \u00e9 um m\u00eas especial,\u00a0<i>Ad\u00e1r<\/i>, o m\u00eas de\u00a0<i>Pur\u00edm<\/i>, o\u00a0<i>Shabb\u00e1t<\/i>\u00a0anterior tem um nome especial:\u00a0<i>Shabb\u00e1t Shekal\u00edm<\/i>\u00a0(<i>Shabb\u00e1t\u00a0<\/i>[de] shekels\u00bb \u05e9\u05d1\u05ea \u05e9\u05e7\u05dc\u05d9\u05dd).<\/p>\n<div>\n<p><i>Shabb\u00e1t Shekal\u00edm\u00a0<\/i>ocorre no\u00a0<i>Shabb\u00e1t<\/i>\u00a0antes do dia 1\u00ba do m\u00eas Hebraico de\u00a0<i>Ad\u00e1r<\/i>\u00a0(ou no dia\u00a01 de\u00a0<i>Ad\u00e1r<\/i>\u00a0sim \u00e9\u00a0<i>Shabb\u00e1t<\/i>).\u00a0Em anos bissextos no calend\u00e1rio Hebraico, quando h\u00e1 dois meses de\u00a0<i>Ad\u00e1r<\/i>,\u00a0<i>Shabb\u00e1t Shekal\u00edm\u00a0<\/i>\u00e9 observado no\u00a0<i>Shabb\u00e1t<\/i>\u00a0antes do dia 1\u00ba de\u00a0<i>Ad\u00e1r<\/i>\u00a0II, como este ano, Ano Hebraico 5782, come\u00e7a ao p\u00f4r do sol de sexta-feira, 25 de fevereiro de 2022 e termina ao anoitecer de s\u00e1bado, 26 de fevereiro de 2022, antes do\u00a0<i>R\u00f3sh J\u00f3desh Ad\u00e1r<\/i>\u00a0II.<\/p>\n<\/div>\n<div>\n<p>No\u00a0<i>Shabb\u00e1t Shekal\u00edm<\/i>,\u00a0\u00e9 lido\u00a0<a href=\"https:\/\/biblia.com\/bible\/esv\/Exod%2030.11-16\" target=\"_blank\" rel=\"noopener\" data-saferedirecturl=\"https:\/\/www.google.com\/url?q=https:\/\/biblia.com\/bible\/esv\/Exod%252030.11-16&amp;source=gmail&amp;ust=1646065082766000&amp;usg=AOvVaw2nPH_-kbSsDI_PC2lBLliz\">\u00caxodo 30:11-16<\/a>.\u00a0Esses vers\u00edculos falam sobre um censo, ou mais especificamente, sobre um resgate que cada adulto deve contribuir durante o censo, meio shekel B\u00edblico!\u00a0Voc\u00eas podem perguntar como esse pedido \u00e9 relevante para nossas vidas hoje.\u00a0Existem v\u00e1rias explica\u00e7\u00f5es diferentes, mas a melhor resposta que ouvi at\u00e9 agora foi dada pelo falecido Rabino Lord Jonathan Sacks, que sua mem\u00f3ria seja aben\u00e7oada.\u00a0Sim, diz ele, \u00e9 muito perigoso contar os Judeus, contar o povo de Deus, porque isso significaria que acreditamos que a for\u00e7a est\u00e1 nos n\u00fameros.\u00a0Esta \u00e9 a raz\u00e3o pela qual os pa\u00edses fazem censos: eles acreditam que sua for\u00e7a est\u00e1 em seus n\u00fameros.\u00a0No entanto, sabemos que nossa for\u00e7a nunca esteve em nossos n\u00fameros.\u00a0Como ent\u00e3o voc\u00eas estimam a for\u00e7a do povo de Deus?\u00a0A Tor\u00e1 \u00e9 muito clara: n\u00e3o contem, apenas deixe-os dar e n\u00e3o contem as pessoas, contem a contribui\u00e7\u00e3o!\u00a0N\u00e3o apenas doa\u00e7\u00f5es monet\u00e1rias, \u00e9 claro, mas a contribui\u00e7\u00e3o para a sociedade, para a cultura, para a ci\u00eancia;\u00a0a contribui\u00e7\u00e3o de tempo ajudando os necessitados etc. Ele estava falando sobre o povo Judeu, mas acho que \u00e9 sempre verdade aos olhos de Deus: Deus n\u00e3o quer que contemos nossos n\u00fameros;\u00a0nossa for\u00e7a \u00e9 expressa em nossas doa\u00e7\u00f5es e contribui\u00e7\u00f5es.<\/p>\n<\/div>\n<div>\n<p><b><i>Parash\u00e1 Vayakh\u00e9l<\/i><\/b><\/p>\n<\/div>\n<\/div>\n<\/div>\n<div>\n<div>\n<p>Primeiro, por\u00e9m, lemos a por\u00e7\u00e3o da Tor\u00e1\u00a0<b><i>Vayakh\u00e9l<\/i><\/b>\u00a0(\u00a0<a href=\"https:\/\/www.sefaria.org\/Exodus.35.1-38.20?lang=bi&amp;aliyot=1\" target=\"_blank\" rel=\"noopener\" data-saferedirecturl=\"https:\/\/www.google.com\/url?q=https:\/\/www.sefaria.org\/Exodus.35.1-38.20?lang%3Dbi%26aliyot%3D1&amp;source=gmail&amp;ust=1646065082766000&amp;usg=AOvVaw2QcPYuAemmJXcxPcbralXx\">\u00caxodo 35:1-38:20<\/a>\u00a0).\u00a0Aqui vemos Mois\u00e9s reunindo o povo de Israel e lembrando-os do mandamento de observar o\u00a0<i>Shabb\u00e1t<\/i>, e ent\u00e3o transmitindo as instru\u00e7\u00f5es de Deus sobre a constru\u00e7\u00e3o do tabern\u00e1culo.\u00a0As pessoas est\u00e3o dispostas a doar os materiais necess\u00e1rios, e doam tanto que Mois\u00e9s tem que impedi-los.\u00a0Em seguida, uma equipe de artes\u00e3os, liderada por\u00a0<i>Bezal\u00e9l<\/i>\u00a0e\u00a0<i>Aoliabe<\/i>, faz o <em>m<\/em><i>ishk\u00e1n<\/i>\u00a0e seus m\u00f3veis (conforme instru\u00eddo por Deus nas por\u00e7\u00f5es anteriores da Tor\u00e1).<\/p>\n<\/div>\n<div>\n<p>Na verdade, a partir de\u00a0<i>Vayakh\u00e9l<\/i>, vemos a implementa\u00e7\u00e3o das instru\u00e7\u00f5es de Deus sobre como construir o <em>m<\/em><i>ishk\u00e1n<\/i>\u00a0(tabern\u00e1culo) dadas nas por\u00e7\u00f5es anteriores, especialmente na\u00a0<i>Parash\u00e1t\u00a0<\/i><i>Terum\u00e1<\/i>.\u00a0Nesse sentido, muito de\u00a0<i>Vayakh\u00e9l<\/i>\u00a0\u00e9 quase uma repeti\u00e7\u00e3o exata de\u00a0<i>Terum\u00e1<\/i>, exceto que as palavras \u00abeles far\u00e3o\u00bb s\u00e3o substitu\u00eddas pelas palavras \u00abeles fizeram\u00bb.\u00a0\u00c0 primeira vista, n\u00e3o nos surpreende: Ok, em\u00a0<i>Terum\u00e1<\/i>\u00a0Deus mostra a Mois\u00e9s como construir o Tabern\u00e1culo e ent\u00e3o em\u00a0<i>Vayakh\u00e9l<\/i>\u00a0Mois\u00e9s, junto com todo o povo de Israel, de fato o constr\u00f3i.\u00a0No entanto, se nos lembrarmos do que aconteceu entre essas por\u00e7\u00f5es, ficar\u00edamos surpresos com o que vemos em\u00a0<i>Vayakh\u00e9l<\/i>.\u00a0Entre essas duas por\u00e7\u00f5es, existe uma por\u00e7\u00e3o chamada\u00a0<i>K\u00ed\u00a0Tis\u00e1<\/i>, onde acontece a hist\u00f3ria do bezerro de ouro.\u00a0Uma hist\u00f3ria muito brutal: a completa falta de f\u00e9, a grande quebra de confian\u00e7a, aconteceu l\u00e1,\u00a0apenas alguns cap\u00edtulos (e quarenta dias) antes.\u00a0Ent\u00e3o, como podemos explicar que agora, apenas alguns cap\u00edtulos depois, vemos o povo de Israel se aglomerando diante de Mois\u00e9s e trazendo doa\u00e7\u00f5es excessivamente generosas?\u00a0O Hebraico aqui \u00e9 muito expressivo ao descrever a \u00e2nsia do povo em doar.\u00a0Ao inv\u00e9s de\u00a0<i>h\u00e1-anash\u00edm\u00a0<b>v\u00e9<\/b>-ha-nash\u00edm\u00a0<\/i>(\u00abhomens e mulheres\u00bb), o Hebraico diz:\u00a0<i>h\u00e1-anash\u00edm\u00a0<b>-\u00e1l<\/b>-ha-nash\u00edm:\u00a0<\/i>Em alguns\u00a0<i>Midrash\u00edm<\/i>, a palavra\u00a0<i>\u00e1l\u00a0<\/i>\u00e9 entendida como a express\u00e3o Inglesa \u00abestar em cima um do outro\u00bb: \u00ab\u201c<i>vieram homens e mulheres\u201d<\/i>;\u00a0<em>isto \u00e9, em sua \u00e2nsia, eles pressionaram um contra o outro.\u00a0Os homens e mulheres vieram como uma grande multid\u00e3o quando trouxeram seus presentes\u2026<\/em>\u00bb.<strong><a href=\"#_ftn1\" name=\"_ftnref1\"><sup>[1]<\/sup><\/a><\/strong><\/p>\n<\/div>\n<\/div>\n<div>\n<div>\n<p>Estas s\u00e3o as mesmas pessoas que recentemente expressaram uma terr\u00edvel falta de f\u00e9, com quem Deus estava t\u00e3o zangado, a quem ele chamou de dura cerviz, mas agora eles parecem estar completamente renovados;\u00a0agora seus cora\u00e7\u00f5es s\u00e3o suaves, abertos e ternos;\u00a0agora eles querem doar e sacrificar.\u00a0Agora, ao que parece, eles sabem a diferen\u00e7a entre um <em>m<\/em><i>ishk\u00e1n<\/i>\u00a0e um bezerro de ouro;\u00a0eles sabem a diferen\u00e7a entre Deus e um \u00eddolo;\u00a0eles sabem a diferen\u00e7a entre o c\u00e9u e a terra.\u00a0O que aconteceu?\u00a0O que havia mudado seus cora\u00e7\u00f5es?<\/p>\n<\/div>\n<div>\n<p>Da pr\u00f3xima vez, tentaremos responder a esta pergunta e acredito que tocaremos aqui em um dos maiores mist\u00e9rios de Israel.\u00a0Fiquem ligados!<\/p>\n<\/div>\n<div>\n<p>&nbsp;<\/p>\n<\/div>\n<\/div>\n<div>\n<p>&nbsp;<\/p>\n<\/div>\n<p>&nbsp;<\/p>\n<div>\n<div><i>As percep\u00e7\u00f5es que voc\u00eas leem nestas p\u00e1ginas s\u00e3o t\u00edpicas do que compartilhamos com nossos alunos durante as aulas de DHB (Discovering the Hebrew Bible\/Descobrindo a B\u00edblia Hebraica) ou WTP (Weekly Torah Portion\/Por\u00e7\u00e3o Semanal de Tor\u00e1).\u00a0Se esses artigos despertarem seu interesse por descobrir os tesouros escondidos da B\u00edblia Hebraica ou estudar em profundidade a Parash\u00e1t Shav\u00faa, junto com os conhecimentos do Novo Testamento, ficarei\u00a0<\/i><em><em>feliz <\/em><\/em><i>em fornecer mais informa\u00e7\u00f5es (e tamb\u00e9m um desconto de professor para os novos alunos) em rela\u00e7\u00e3o aos maravilhosos<\/i><em>\u00a0cursos da eTeacher:(<a href=\"mailto:juliab@eteachergroup.com\">juliab@eteachergroup.com<\/a>).<\/em><\/div>\n<\/div>\n<div>\n<div><\/div>\n<div><i>Se voc\u00eas gostam dos artigos deste blog, tamb\u00e9m podem gostar dos meus livros;\u00a0voc\u00eas podem obt\u00ea-los<\/i><i> <u><a href=\"https:\/\/www.amazon.com\/s?k=julia+blum&amp;crid=2SC9DWF1NHZI&amp;sprefix=julia+blum+%2Caps%2C218&amp;ref=nb_sb_noss_2\">aqui<\/a>.<\/u><\/i><\/div>\n<\/div>\n<p>&nbsp;<\/p>\n<p>&nbsp;<\/p>\n<p><a href=\"#_ftnref1\" name=\"_ftn1\">[1]<\/a> <em><strong><a href=\"https:\/\/www.sefaria.org\/Midrash_Tanchuma%2C_Pekudei.11?lang=bi\">Tanchuma, P\u2019kudei\u00a011:2<\/a><\/strong><\/em><\/p>\n","protected":false},"excerpt":{"rendered":"<p>Shabb\u00e1t Shekal\u00edm Queridos amigos, uma vez que j\u00e1 pausamos nossa s\u00e9rie de Atos, decidi estender esta pausa para dar uma olhada nas por\u00e7\u00f5es atuais da Tor\u00e1.\u00a0H\u00e1 v\u00e1rias raz\u00f5es para isso: Primeiro, os cap\u00edtulos que estamos lendo agora discutem a constru\u00e7\u00e3o do tabern\u00e1culo, e a import\u00e2ncia do tabern\u00e1culo nas Escrituras fica clara pela compara\u00e7\u00e3o observada tanto [&hellip;]<\/p>\n","protected":false},"author":45,"featured_media":44684,"comment_status":"closed","ping_status":"open","sticky":false,"template":"","format":"standard","meta":{"_acf_changed":false,"inline_featured_image":false,"footnotes":""},"categories":[395],"tags":[],"class_list":["post-45322","post","type-post","status-publish","format-standard","has-post-thumbnail","hentry","category-jewish-studies"],"acf":[],"yoast_head":"<!-- This site is optimized with the Yoast SEO plugin v26.5 - https:\/\/yoast.com\/wordpress\/plugins\/seo\/ -->\n<title>Mudan\u00e7a dos Cora\u00e7\u00f5es: Do Bezerro de Ouro ao Tabern\u00e1culo - Israel Institute of Biblical Studies<\/title>\n<meta name=\"description\" content=\"Shabb\u00e1t Shekal\u00edm Queridos amigos, uma vez que j\u00e1 pausamos nossa s\u00e9rie de Atos, decidi estender esta pausa para dar uma olhada nas por\u00e7\u00f5es atuais da\" \/>\n<meta name=\"robots\" content=\"index, follow, max-snippet:-1, max-image-preview:large, max-video-preview:-1\" \/>\n<link rel=\"canonical\" href=\"https:\/\/israelbiblicalstudies.com\/pt\/blog\/category\/jewish-studies\/mudanca-dos-coracoes-do-bezerro-de-ouro-ao-tabernaculo\/\" \/>\n<meta property=\"og:locale\" content=\"pt_BR\" \/>\n<meta property=\"og:type\" content=\"article\" \/>\n<meta property=\"og:title\" content=\"Mudan\u00e7a dos Cora\u00e7\u00f5es: Do Bezerro de Ouro ao Tabern\u00e1culo - Israel Institute of Biblical Studies\" \/>\n<meta property=\"og:description\" content=\"Shabb\u00e1t Shekal\u00edm Queridos amigos, uma vez que j\u00e1 pausamos nossa s\u00e9rie de Atos, decidi estender esta pausa para dar uma olhada nas por\u00e7\u00f5es atuais da\" \/>\n<meta property=\"og:url\" content=\"https:\/\/israelbiblicalstudies.com\/pt\/blog\/category\/jewish-studies\/mudanca-dos-coracoes-do-bezerro-de-ouro-ao-tabernaculo\/\" \/>\n<meta property=\"og:site_name\" content=\"Israel Institute of Biblical Studies\" \/>\n<meta property=\"article:published_time\" content=\"2022-02-24T06:14:26+00:00\" \/>\n<meta property=\"article:modified_time\" content=\"2025-08-13T11:40:38+00:00\" \/>\n<meta property=\"og:image\" content=\"https:\/\/israelbiblicalstudies.com\/wp-content\/uploads\/2022\/02\/shutterstock_95450836-scaled-1.jpg\" \/>\n\t<meta property=\"og:image:width\" content=\"1024\" \/>\n\t<meta property=\"og:image:height\" content=\"1024\" \/>\n\t<meta property=\"og:image:type\" content=\"image\/jpeg\" \/>\n<meta name=\"author\" content=\"Julia Blum\" \/>\n<meta name=\"twitter:card\" content=\"summary_large_image\" \/>\n<meta name=\"twitter:label1\" content=\"Escrito por\" \/>\n\t<meta name=\"twitter:data1\" content=\"Julia Blum\" \/>\n\t<meta name=\"twitter:label2\" content=\"Est. tempo de leitura\" \/>\n\t<meta name=\"twitter:data2\" content=\"5 minutos\" \/>\n<script type=\"application\/ld+json\" class=\"yoast-schema-graph\">{\"@context\":\"https:\/\/schema.org\",\"@graph\":[{\"@type\":\"Article\",\"@id\":\"https:\/\/israelbiblicalstudies.com\/pt\/blog\/category\/jewish-studies\/mudanca-dos-coracoes-do-bezerro-de-ouro-ao-tabernaculo\/#article\",\"isPartOf\":{\"@id\":\"https:\/\/israelbiblicalstudies.com\/pt\/blog\/category\/jewish-studies\/mudanca-dos-coracoes-do-bezerro-de-ouro-ao-tabernaculo\/\"},\"author\":{\"name\":\"Julia Blum\",\"@id\":\"https:\/\/israelbiblicalstudies.com\/pt\/#\/schema\/person\/470c9356fa72a497ecb801267dff4d15\"},\"headline\":\"Mudan\u00e7a dos Cora\u00e7\u00f5es: Do Bezerro de Ouro ao Tabern\u00e1culo\",\"datePublished\":\"2022-02-24T06:14:26+00:00\",\"dateModified\":\"2025-08-13T11:40:38+00:00\",\"mainEntityOfPage\":{\"@id\":\"https:\/\/israelbiblicalstudies.com\/pt\/blog\/category\/jewish-studies\/mudanca-dos-coracoes-do-bezerro-de-ouro-ao-tabernaculo\/\"},\"wordCount\":1281,\"publisher\":{\"@id\":\"https:\/\/israelbiblicalstudies.com\/pt\/#organization\"},\"image\":{\"@id\":\"https:\/\/israelbiblicalstudies.com\/pt\/blog\/category\/jewish-studies\/mudanca-dos-coracoes-do-bezerro-de-ouro-ao-tabernaculo\/#primaryimage\"},\"thumbnailUrl\":\"https:\/\/israelbiblicalstudies.com\/wp-content\/uploads\/2022\/02\/shutterstock_95450836-scaled-1.jpg\",\"articleSection\":[\"Estudos Judaicos\"],\"inLanguage\":\"pt-BR\"},{\"@type\":\"WebPage\",\"@id\":\"https:\/\/israelbiblicalstudies.com\/pt\/blog\/category\/jewish-studies\/mudanca-dos-coracoes-do-bezerro-de-ouro-ao-tabernaculo\/\",\"url\":\"https:\/\/israelbiblicalstudies.com\/pt\/blog\/category\/jewish-studies\/mudanca-dos-coracoes-do-bezerro-de-ouro-ao-tabernaculo\/\",\"name\":\"Mudan\u00e7a dos Cora\u00e7\u00f5es: Do Bezerro de Ouro ao Tabern\u00e1culo - Israel Institute of Biblical Studies\",\"isPartOf\":{\"@id\":\"https:\/\/israelbiblicalstudies.com\/pt\/#website\"},\"primaryImageOfPage\":{\"@id\":\"https:\/\/israelbiblicalstudies.com\/pt\/blog\/category\/jewish-studies\/mudanca-dos-coracoes-do-bezerro-de-ouro-ao-tabernaculo\/#primaryimage\"},\"image\":{\"@id\":\"https:\/\/israelbiblicalstudies.com\/pt\/blog\/category\/jewish-studies\/mudanca-dos-coracoes-do-bezerro-de-ouro-ao-tabernaculo\/#primaryimage\"},\"thumbnailUrl\":\"https:\/\/israelbiblicalstudies.com\/wp-content\/uploads\/2022\/02\/shutterstock_95450836-scaled-1.jpg\",\"datePublished\":\"2022-02-24T06:14:26+00:00\",\"dateModified\":\"2025-08-13T11:40:38+00:00\",\"description\":\"Shabb\u00e1t Shekal\u00edm Queridos amigos, uma vez que j\u00e1 pausamos nossa s\u00e9rie de Atos, decidi estender esta pausa para dar uma olhada nas por\u00e7\u00f5es atuais da\",\"breadcrumb\":{\"@id\":\"https:\/\/israelbiblicalstudies.com\/pt\/blog\/category\/jewish-studies\/mudanca-dos-coracoes-do-bezerro-de-ouro-ao-tabernaculo\/#breadcrumb\"},\"inLanguage\":\"pt-BR\",\"potentialAction\":[{\"@type\":\"ReadAction\",\"target\":[\"https:\/\/israelbiblicalstudies.com\/pt\/blog\/category\/jewish-studies\/mudanca-dos-coracoes-do-bezerro-de-ouro-ao-tabernaculo\/\"]}]},{\"@type\":\"ImageObject\",\"inLanguage\":\"pt-BR\",\"@id\":\"https:\/\/israelbiblicalstudies.com\/pt\/blog\/category\/jewish-studies\/mudanca-dos-coracoes-do-bezerro-de-ouro-ao-tabernaculo\/#primaryimage\",\"url\":\"https:\/\/israelbiblicalstudies.com\/wp-content\/uploads\/2022\/02\/shutterstock_95450836-scaled-1.jpg\",\"contentUrl\":\"https:\/\/israelbiblicalstudies.com\/wp-content\/uploads\/2022\/02\/shutterstock_95450836-scaled-1.jpg\",\"width\":1024,\"height\":1024},{\"@type\":\"BreadcrumbList\",\"@id\":\"https:\/\/israelbiblicalstudies.com\/pt\/blog\/category\/jewish-studies\/mudanca-dos-coracoes-do-bezerro-de-ouro-ao-tabernaculo\/#breadcrumb\",\"itemListElement\":[{\"@type\":\"ListItem\",\"position\":1,\"name\":\"Home\",\"item\":\"https:\/\/israelbiblicalstudies.com\/pt\/\"},{\"@type\":\"ListItem\",\"position\":2,\"name\":\"Estudos Judaicos\",\"item\":\"https:\/\/israelbiblicalstudies.com\/pt\/blog\/category\/jewish-studies\/\"},{\"@type\":\"ListItem\",\"position\":3,\"name\":\"Mudan\u00e7a dos Cora\u00e7\u00f5es: Do Bezerro de Ouro ao Tabern\u00e1culo\"}]},{\"@type\":\"WebSite\",\"@id\":\"https:\/\/israelbiblicalstudies.com\/pt\/#website\",\"url\":\"https:\/\/israelbiblicalstudies.com\/pt\/\",\"name\":\"Israel Institute of Biblical Studies\",\"description\":\"Deepen Your Understanding of the Bible\",\"publisher\":{\"@id\":\"https:\/\/israelbiblicalstudies.com\/pt\/#organization\"},\"potentialAction\":[{\"@type\":\"SearchAction\",\"target\":{\"@type\":\"EntryPoint\",\"urlTemplate\":\"https:\/\/israelbiblicalstudies.com\/pt\/?s={search_term_string}\"},\"query-input\":{\"@type\":\"PropertyValueSpecification\",\"valueRequired\":true,\"valueName\":\"search_term_string\"}}],\"inLanguage\":\"pt-BR\"},{\"@type\":\"Organization\",\"@id\":\"https:\/\/israelbiblicalstudies.com\/pt\/#organization\",\"name\":\"Israel Biblical Studies\",\"url\":\"https:\/\/israelbiblicalstudies.com\/pt\/\",\"logo\":{\"@type\":\"ImageObject\",\"inLanguage\":\"pt-BR\",\"@id\":\"https:\/\/israelbiblicalstudies.com\/pt\/#\/schema\/logo\/image\/\",\"url\":\"https:\/\/israelbiblicalstudies.com\/wp-content\/uploads\/2016\/09\/logo-invert.png\",\"contentUrl\":\"https:\/\/israelbiblicalstudies.com\/wp-content\/uploads\/2016\/09\/logo-invert.png\",\"width\":152,\"height\":68,\"caption\":\"Israel Biblical Studies\"},\"image\":{\"@id\":\"https:\/\/israelbiblicalstudies.com\/pt\/#\/schema\/logo\/image\/\"}},{\"@type\":\"Person\",\"@id\":\"https:\/\/israelbiblicalstudies.com\/pt\/#\/schema\/person\/470c9356fa72a497ecb801267dff4d15\",\"name\":\"Julia Blum\",\"image\":{\"@type\":\"ImageObject\",\"inLanguage\":\"pt-BR\",\"@id\":\"https:\/\/israelbiblicalstudies.com\/pt\/#\/schema\/person\/image\/\",\"url\":\"https:\/\/secure.gravatar.com\/avatar\/bba81953dcf8395e3b4a73607c07e2f9d3e53c113398ce1fd48361f3f137b781?s=96&d=mm&r=g\",\"contentUrl\":\"https:\/\/secure.gravatar.com\/avatar\/bba81953dcf8395e3b4a73607c07e2f9d3e53c113398ce1fd48361f3f137b781?s=96&d=mm&r=g\",\"caption\":\"Julia Blum\"},\"description\":\"Julia is a teacher and an author of several books on biblical topics. She teaches two biblical courses at the Israel Institute of Biblical Studies, \u201cDiscovering the Hebrew Bible\u201d and \u201cJewish Background of the New Testament\u201d, and writes Hebrew insights for these courses.\",\"url\":\"https:\/\/israelbiblicalstudies.com\/pt\/blog\/author\/juliablum\/\"}]}<\/script>\n<!-- \/ Yoast SEO plugin. -->","yoast_head_json":{"title":"Mudan\u00e7a dos Cora\u00e7\u00f5es: Do Bezerro de Ouro ao Tabern\u00e1culo - Israel Institute of Biblical Studies","description":"Shabb\u00e1t Shekal\u00edm Queridos amigos, uma vez que j\u00e1 pausamos nossa s\u00e9rie de Atos, decidi estender esta pausa para dar uma olhada nas por\u00e7\u00f5es atuais da","robots":{"index":"index","follow":"follow","max-snippet":"max-snippet:-1","max-image-preview":"max-image-preview:large","max-video-preview":"max-video-preview:-1"},"canonical":"https:\/\/israelbiblicalstudies.com\/pt\/blog\/category\/jewish-studies\/mudanca-dos-coracoes-do-bezerro-de-ouro-ao-tabernaculo\/","og_locale":"pt_BR","og_type":"article","og_title":"Mudan\u00e7a dos Cora\u00e7\u00f5es: Do Bezerro de Ouro ao Tabern\u00e1culo - Israel Institute of Biblical Studies","og_description":"Shabb\u00e1t Shekal\u00edm Queridos amigos, uma vez que j\u00e1 pausamos nossa s\u00e9rie de Atos, decidi estender esta pausa para dar uma olhada nas por\u00e7\u00f5es atuais da","og_url":"https:\/\/israelbiblicalstudies.com\/pt\/blog\/category\/jewish-studies\/mudanca-dos-coracoes-do-bezerro-de-ouro-ao-tabernaculo\/","og_site_name":"Israel Institute of Biblical Studies","article_published_time":"2022-02-24T06:14:26+00:00","article_modified_time":"2025-08-13T11:40:38+00:00","og_image":[{"width":1024,"height":1024,"url":"https:\/\/israelbiblicalstudies.com\/wp-content\/uploads\/2022\/02\/shutterstock_95450836-scaled-1.jpg","type":"image\/jpeg"}],"author":"Julia Blum","twitter_card":"summary_large_image","twitter_misc":{"Escrito por":"Julia Blum","Est. tempo de leitura":"5 minutos"},"schema":{"@context":"https:\/\/schema.org","@graph":[{"@type":"Article","@id":"https:\/\/israelbiblicalstudies.com\/pt\/blog\/category\/jewish-studies\/mudanca-dos-coracoes-do-bezerro-de-ouro-ao-tabernaculo\/#article","isPartOf":{"@id":"https:\/\/israelbiblicalstudies.com\/pt\/blog\/category\/jewish-studies\/mudanca-dos-coracoes-do-bezerro-de-ouro-ao-tabernaculo\/"},"author":{"name":"Julia Blum","@id":"https:\/\/israelbiblicalstudies.com\/pt\/#\/schema\/person\/470c9356fa72a497ecb801267dff4d15"},"headline":"Mudan\u00e7a dos Cora\u00e7\u00f5es: Do Bezerro de Ouro ao Tabern\u00e1culo","datePublished":"2022-02-24T06:14:26+00:00","dateModified":"2025-08-13T11:40:38+00:00","mainEntityOfPage":{"@id":"https:\/\/israelbiblicalstudies.com\/pt\/blog\/category\/jewish-studies\/mudanca-dos-coracoes-do-bezerro-de-ouro-ao-tabernaculo\/"},"wordCount":1281,"publisher":{"@id":"https:\/\/israelbiblicalstudies.com\/pt\/#organization"},"image":{"@id":"https:\/\/israelbiblicalstudies.com\/pt\/blog\/category\/jewish-studies\/mudanca-dos-coracoes-do-bezerro-de-ouro-ao-tabernaculo\/#primaryimage"},"thumbnailUrl":"https:\/\/israelbiblicalstudies.com\/wp-content\/uploads\/2022\/02\/shutterstock_95450836-scaled-1.jpg","articleSection":["Estudos Judaicos"],"inLanguage":"pt-BR"},{"@type":"WebPage","@id":"https:\/\/israelbiblicalstudies.com\/pt\/blog\/category\/jewish-studies\/mudanca-dos-coracoes-do-bezerro-de-ouro-ao-tabernaculo\/","url":"https:\/\/israelbiblicalstudies.com\/pt\/blog\/category\/jewish-studies\/mudanca-dos-coracoes-do-bezerro-de-ouro-ao-tabernaculo\/","name":"Mudan\u00e7a dos Cora\u00e7\u00f5es: Do Bezerro de Ouro ao Tabern\u00e1culo - Israel Institute of Biblical Studies","isPartOf":{"@id":"https:\/\/israelbiblicalstudies.com\/pt\/#website"},"primaryImageOfPage":{"@id":"https:\/\/israelbiblicalstudies.com\/pt\/blog\/category\/jewish-studies\/mudanca-dos-coracoes-do-bezerro-de-ouro-ao-tabernaculo\/#primaryimage"},"image":{"@id":"https:\/\/israelbiblicalstudies.com\/pt\/blog\/category\/jewish-studies\/mudanca-dos-coracoes-do-bezerro-de-ouro-ao-tabernaculo\/#primaryimage"},"thumbnailUrl":"https:\/\/israelbiblicalstudies.com\/wp-content\/uploads\/2022\/02\/shutterstock_95450836-scaled-1.jpg","datePublished":"2022-02-24T06:14:26+00:00","dateModified":"2025-08-13T11:40:38+00:00","description":"Shabb\u00e1t Shekal\u00edm Queridos amigos, uma vez que j\u00e1 pausamos nossa s\u00e9rie de Atos, decidi estender esta pausa para dar uma olhada nas por\u00e7\u00f5es atuais da","breadcrumb":{"@id":"https:\/\/israelbiblicalstudies.com\/pt\/blog\/category\/jewish-studies\/mudanca-dos-coracoes-do-bezerro-de-ouro-ao-tabernaculo\/#breadcrumb"},"inLanguage":"pt-BR","potentialAction":[{"@type":"ReadAction","target":["https:\/\/israelbiblicalstudies.com\/pt\/blog\/category\/jewish-studies\/mudanca-dos-coracoes-do-bezerro-de-ouro-ao-tabernaculo\/"]}]},{"@type":"ImageObject","inLanguage":"pt-BR","@id":"https:\/\/israelbiblicalstudies.com\/pt\/blog\/category\/jewish-studies\/mudanca-dos-coracoes-do-bezerro-de-ouro-ao-tabernaculo\/#primaryimage","url":"https:\/\/israelbiblicalstudies.com\/wp-content\/uploads\/2022\/02\/shutterstock_95450836-scaled-1.jpg","contentUrl":"https:\/\/israelbiblicalstudies.com\/wp-content\/uploads\/2022\/02\/shutterstock_95450836-scaled-1.jpg","width":1024,"height":1024},{"@type":"BreadcrumbList","@id":"https:\/\/israelbiblicalstudies.com\/pt\/blog\/category\/jewish-studies\/mudanca-dos-coracoes-do-bezerro-de-ouro-ao-tabernaculo\/#breadcrumb","itemListElement":[{"@type":"ListItem","position":1,"name":"Home","item":"https:\/\/israelbiblicalstudies.com\/pt\/"},{"@type":"ListItem","position":2,"name":"Estudos Judaicos","item":"https:\/\/israelbiblicalstudies.com\/pt\/blog\/category\/jewish-studies\/"},{"@type":"ListItem","position":3,"name":"Mudan\u00e7a dos Cora\u00e7\u00f5es: Do Bezerro de Ouro ao Tabern\u00e1culo"}]},{"@type":"WebSite","@id":"https:\/\/israelbiblicalstudies.com\/pt\/#website","url":"https:\/\/israelbiblicalstudies.com\/pt\/","name":"Israel Institute of Biblical Studies","description":"Deepen Your Understanding of the Bible","publisher":{"@id":"https:\/\/israelbiblicalstudies.com\/pt\/#organization"},"potentialAction":[{"@type":"SearchAction","target":{"@type":"EntryPoint","urlTemplate":"https:\/\/israelbiblicalstudies.com\/pt\/?s={search_term_string}"},"query-input":{"@type":"PropertyValueSpecification","valueRequired":true,"valueName":"search_term_string"}}],"inLanguage":"pt-BR"},{"@type":"Organization","@id":"https:\/\/israelbiblicalstudies.com\/pt\/#organization","name":"Israel Biblical Studies","url":"https:\/\/israelbiblicalstudies.com\/pt\/","logo":{"@type":"ImageObject","inLanguage":"pt-BR","@id":"https:\/\/israelbiblicalstudies.com\/pt\/#\/schema\/logo\/image\/","url":"https:\/\/israelbiblicalstudies.com\/wp-content\/uploads\/2016\/09\/logo-invert.png","contentUrl":"https:\/\/israelbiblicalstudies.com\/wp-content\/uploads\/2016\/09\/logo-invert.png","width":152,"height":68,"caption":"Israel Biblical Studies"},"image":{"@id":"https:\/\/israelbiblicalstudies.com\/pt\/#\/schema\/logo\/image\/"}},{"@type":"Person","@id":"https:\/\/israelbiblicalstudies.com\/pt\/#\/schema\/person\/470c9356fa72a497ecb801267dff4d15","name":"Julia Blum","image":{"@type":"ImageObject","inLanguage":"pt-BR","@id":"https:\/\/israelbiblicalstudies.com\/pt\/#\/schema\/person\/image\/","url":"https:\/\/secure.gravatar.com\/avatar\/bba81953dcf8395e3b4a73607c07e2f9d3e53c113398ce1fd48361f3f137b781?s=96&d=mm&r=g","contentUrl":"https:\/\/secure.gravatar.com\/avatar\/bba81953dcf8395e3b4a73607c07e2f9d3e53c113398ce1fd48361f3f137b781?s=96&d=mm&r=g","caption":"Julia Blum"},"description":"Julia is a teacher and an author of several books on biblical topics. She teaches two biblical courses at the Israel Institute of Biblical Studies, \u201cDiscovering the Hebrew Bible\u201d and \u201cJewish Background of the New Testament\u201d, and writes Hebrew insights for these courses.","url":"https:\/\/israelbiblicalstudies.com\/pt\/blog\/author\/juliablum\/"}]}},"_links":{"self":[{"href":"https:\/\/israelbiblicalstudies.com\/pt\/wp-json\/wp\/v2\/posts\/45322","targetHints":{"allow":["GET"]}}],"collection":[{"href":"https:\/\/israelbiblicalstudies.com\/pt\/wp-json\/wp\/v2\/posts"}],"about":[{"href":"https:\/\/israelbiblicalstudies.com\/pt\/wp-json\/wp\/v2\/types\/post"}],"author":[{"embeddable":true,"href":"https:\/\/israelbiblicalstudies.com\/pt\/wp-json\/wp\/v2\/users\/45"}],"replies":[{"embeddable":true,"href":"https:\/\/israelbiblicalstudies.com\/pt\/wp-json\/wp\/v2\/comments?post=45322"}],"version-history":[{"count":0,"href":"https:\/\/israelbiblicalstudies.com\/pt\/wp-json\/wp\/v2\/posts\/45322\/revisions"}],"wp:featuredmedia":[{"embeddable":true,"href":"https:\/\/israelbiblicalstudies.com\/pt\/wp-json\/wp\/v2\/media\/44684"}],"wp:attachment":[{"href":"https:\/\/israelbiblicalstudies.com\/pt\/wp-json\/wp\/v2\/media?parent=45322"}],"wp:term":[{"taxonomy":"category","embeddable":true,"href":"https:\/\/israelbiblicalstudies.com\/pt\/wp-json\/wp\/v2\/categories?post=45322"},{"taxonomy":"post_tag","embeddable":true,"href":"https:\/\/israelbiblicalstudies.com\/pt\/wp-json\/wp\/v2\/tags?post=45322"}],"curies":[{"name":"wp","href":"https:\/\/api.w.org\/{rel}","templated":true}]}}