{"id":45330,"date":"2022-04-21T11:10:08","date_gmt":"2022-04-21T08:10:08","guid":{"rendered":"https:\/\/iibsblogsstg.wpenginepowered.com\/?p=17751"},"modified":"2025-08-13T11:40:36","modified_gmt":"2025-08-13T11:40:36","slug":"o-contexto-judaico-da-ultima-semana-de-jesus-1","status":"publish","type":"post","link":"https:\/\/israelbiblicalstudies.com\/pt\/blog\/category\/jewish-studies\/o-contexto-judaico-da-ultima-semana-de-jesus-1\/","title":{"rendered":"O Contexto Judaico da \u00daltima Semana de Jesus (1)"},"content":{"rendered":"<div>\n<div>\n<p>Ainda estamos no meio daquela celebra\u00e7\u00e3o de uma semana que ficou conhecida como\u00a0<i>P\u00e9saj<\/i>, ou P\u00e1scoa Judaica.\u00a0Este \u00e9 um bom momento para analisar os \u00faltimos dias de Jesus e ver que eles s\u00e3o compreendidos muito melhor quando vistos atrav\u00e9s da B\u00edblia Hebraica e em rela\u00e7\u00e3o ao contexto Judaico.\u00a0Aqui est\u00e3o apenas alguns exemplos.<\/p>\n<\/div>\n<div>\n<p>\u00a0<b>O cordeiro pascal chegando a Jerusal\u00e9m<\/b><\/p>\n<\/div>\n<div>\n<p>Hoje, os Crist\u00e3os de todo o mundo sabem que o Domingo de Ramos \u00e9 o in\u00edcio da Semana da Paix\u00e3o, mas voc\u00eas sabem por que Jesus estava entrando em Jerusal\u00e9m naquele dia em particular?\u00a0Podemos encontrar uma resposta nos primeiros vers\u00edculos de \u00caxodo 12, onde Deus instruiu que o cordeiro que deveria ser morto na v\u00e9spera do \u00eaxodo, fosse separado quatro dias antes:<\/p>\n<\/div>\n<div>\n<p>\u00ab<i>No d\u00e9cimo dia deste m\u00eas, cada um tomar\u00e1 para si um cordeiro\u2026\u00a0O vosso cordeiro ser\u00e1 sem defeito\u2026 E o guardareis at\u00e9 ao d\u00e9cimo quarto dia deste m\u00eas; e todo o ajuntamento da congrega\u00e7\u00e3o de Israel o imolar\u00e1 no crep\u00fasculo da tarde<\/i>\u00bb.<\/p>\n<\/div>\n<div>\n<p>Assim, no dia 10\u00a0de\u00a0<i>Nis\u00e1n<\/i>, o cordeiro pascal era escolhido e separado e come\u00e7avam os preparativos para o seu abate.\u00a0Esta \u00e9 a raz\u00e3o pela qual Jesus teve que entrar em Jerusal\u00e9m no domingo dia 10 de\u00a0<i>Nis\u00e1n<\/i>\u00a0o mesmo dia em que o cordeiro perfeito deveria ser escolhido e separado.<\/p>\n<\/div>\n<div>\n<p>Nos dias de Jesus, o Templo ficava em Jerusal\u00e9m e todo o sistema de sacrif\u00edcios ainda estava ativo.\u00a0O autor de Hebreus destaca os aspectos importantes dos sacrif\u00edcios sob o sistema Lev\u00edtico, colocando-os em n\u00edtido contraste com o sacrif\u00edcio perfeito do Novo Testamento.\u00a0A realidade sangrenta dos sacrif\u00edcios abatidos no altar provavelmente era muito traum\u00e1tica para muitas pessoas: os gritos de sofrimento do animal, o sangue, o cheiro de carne queimada&#8230; Voc\u00eas tem que entender esse contexto, a fim de entender o contraste acentuado com a descri\u00e7\u00e3o do Novo Testamento do sacrif\u00edcio perfeito de Jesus, o cordeiro perfeito de Deus. H\u00e1 um ponto no livro de Hebreus que falaria de forma especialmente poderosa aos contempor\u00e2neos: imaginem a frustra\u00e7\u00e3o de saber que voc\u00eas tem que assistir a esses sacrif\u00edcios sangrentos de animais repetidamente,\u00a0porque voc\u00eas, sem d\u00favida, pecar\u00e3o novamente.\u00a0Os sacrif\u00edcios de animais tinham que ser feitos repetidamente, escreve o autor de Hebreus: \u00ab<i>enquanto<\/i>\u00a0Cristo ofereceu para sempre um \u00fanico sacrif\u00edcio pelos pecados\u00bb.<\/p>\n<\/div>\n<div>\n<p><b>As l\u00e1grimas de Jesus \u00a0<\/b><\/p>\n<\/div>\n<\/div>\n<div>\n<div>\n<p>Antes de sua entrada em Jerusal\u00e9m, algo muito importante acontece com Jesus: algo que pertence definitivamente ao seu sofrimento, \u00e0 sua agonia, \u00e0 sua dor e neste sentido pertence \u00e0 sua semana da Paix\u00e3o, ainda que seja antes da pr\u00f3pria semana.\u00a0O que quero dizer?\u00a0Em Lucas 19, lemos que quando Jesus se aproximou de Jerusal\u00e9m:\u00a0\u00ab<i>Vendo a cidade,\u00a0<\/i><b>chorou\u00a0<\/b>e dizia<i>: \u201cAh! Se conheceras por ti mesma ainda hoje o que \u00e9 devido \u00e0 paz! Mas isto est\u00e1 agora oculto aos teus olhos.<b>\u00a0<\/b>Pois sobre ti vir\u00e3o dias em que os teus inimigos te cercar\u00e3o de trincheiras e, por todos os lados, te apertar\u00e3o o cerco; e te arrasar\u00e3o e aos teus filhos dentro de ti; n\u00e3o deixar\u00e3o em ti pedra sobre pedra, porque n\u00e3o reconheceste a oportunidade da tua visita\u00e7\u00e3o\u201d<\/i>\u00bb.\u00a0Este epis\u00f3dio \u00e9 de import\u00e2ncia crucial para aqueles que querem entender o seu cora\u00e7\u00e3o.\u00a0Voc\u00eas se lembram quantas vezes Jesus chora nos Evangelhos?\u00a0Anos atr\u00e1s, meu livro sobre as l\u00e1grimas de Deus pelo sofrimento de Israel (\u00ab<i>If you are the Son of God&#8230;<\/i>\u00bb) come\u00e7ou com a percep\u00e7\u00e3o (revela\u00e7\u00e3o) desse fato simples e \u00f3bvio que eu nunca havia considerado: em todo o Novo Testamento, Jesus chora apenas duas vezes \u2014uma aqui sobre Jerusal\u00e9m e outra sobre L\u00e1zaro (\u00ab<i>Jesus chorou<\/i>\u00bb)\u2014.\u00a0As li\u00e7\u00f5es a serem aprendidas dessa justaposi\u00e7\u00e3o s\u00e3o imensamente profundas.\u00a0Claro que \u00e9 imposs\u00edvel cobrir tudo em um artigo \u2014escrevi um cap\u00edtulo inteiro no meu livro sobre essa justaposi\u00e7\u00e3o\u2014 por\u00e9m, \u00e9 fundamental que n\u00e3o deixemos de lado esta cena.\u00a0Jesus sabe que seu pr\u00f3prio povo se tornar\u00e1 \u00abinimigos por amor de v\u00f3s\u00bb e ele chora abertamente por todo o tormento que ser\u00e1 desencadeado sobre Israel em seu nome.<\/p>\n<\/div>\n<div>\n<p><b>A sala da \u00daltima Ceia<\/b><\/p>\n<\/div>\n<\/div>\n<div>\n<div>\n<div>\n<p>Jerusal\u00e9m estava repleta de pessoas que tinham vindo para a P\u00e1scoa.\u00a0Cada casa tinha convidados adicionais, e cada quarto estava lotado, mas Jesus parecia estranhamente despreocupado com um lugar para comer a ceia da P\u00e1scoa.\u00a0Confiantemente, Ele disse a seus disc\u00edpulos:\u00a0\u00ab<i>Ao entrar na cidade, um homem carregando uma jarra de \u00e1gua vir\u00e1 ao seu encontro.\u00a0Siga-o at\u00e9 a casa em que ele entrar<\/i>\u00bb. Como Jesus sabia que eles encontrariam um homem com um jarro de \u00e1gua?<\/p>\n<\/div>\n<div>\n<p>Um homem com uma jarra de \u00e1gua era uma vis\u00e3o muito incomum, pois isso era normalmente trabalho de mulheres.\u00a0Por que um homem estaria carregando um jarro de \u00e1gua em Jerusal\u00e9m?<\/p>\n<\/div>\n<div>\n<p>O \u00fanico grupo de homens Judeus que tradicionalmente carregava jarros de \u00e1gua eram os Ess\u00eanios.\u00a0Como os Ess\u00eanios eram em sua maioria celibat\u00e1rios, seus homens faziam o trabalho das mulheres.\u00a0Os Ess\u00eanios tinham suas comunidades, n\u00e3o apenas em Qumr\u00e1n, mas em v\u00e1rias cidades.\u00a0Eles tamb\u00e9m tinham uma comunidade em Jerusal\u00e9m.\u00a0Josefo nos conta que um dos port\u00f5es de Jerusal\u00e9m era chamado de \u00abo port\u00e3o dos Ess\u00eanios\u00bb.\u00a0Aparentemente, era por esse port\u00e3o que eles entravam na cidade.<\/p>\n<\/div>\n<div>\n<p>Um homem carregando uma jarra de \u00e1gua s\u00f3 poderia ser um Ess\u00eanio.\u00a0Pelas palavras de Jesus, seus disc\u00edpulos entenderam que tinham que entrar em Jerusal\u00e9m pela porta dos Ess\u00eanios.\u00a0Como os Ess\u00eanios usavam um calend\u00e1rio diferente, seus quartos de h\u00f3spedes ainda estavam dispon\u00edveis.\u00a0Por isso o Mestre sabia que uma sala estaria dispon\u00edvel para a \u00daltima Ceia.<\/p>\n<\/div>\n<div>\n<p>\u00ab<b><i>Hos\u00e1na ao filho de Davi!<\/i><\/b>\u00bb<\/p>\n<\/div>\n<\/div>\n<div>\n<div>\n<p>Lemos nos Evangelhos que quando Jesus entrou em Jerusal\u00e9m,\u00a0\u00ab<i>as multid\u00f5es que iam adiante e as que o seguiam clamavam, dizendo:<\/i><\/p>\n<\/div>\n<div>\n<p><i>\u201cHos\u00e1na ao filho de Davi!\u2026 Hos\u00e1na nas alturas!<\/i>&#8220;\u00bb.<\/p>\n<\/div>\n<div>\n<p>Qual \u00e9 o significado dessas palavras em Hebraico?\u00a0O que as pessoas entendiam sobre Jesus, e o que elas pensavam sobre Ele quando Ele estava entrando em Jerusal\u00e9m que as fez gritar estas palavras em particular?<\/p>\n<\/div>\n<div>\n<p>A palavra\u00a0<i>Hos\u00e1na\u00a0<\/i>translitera o Hebraico (\u05d4\u05b9\u05d5\u05e9\u05b4\u05c1\u05d9\u05e2\u05b8\u05d4 \u05e0\u05b8\u05bc\u05d0;\u00a0<i>Hosh\u00eda n\u00e1<\/i>). Literalmente: \u00absalvar, por favor\u00bb).\u00a0Esta palavra \u00e9 retirada do Salmo 118, um dos seis Salmos (113-118) do chamado\u00a0<i>Hall\u00e9l<\/i>\u00a0(\u00ablouvor\u00bb), os c\u00e2nticos de louvor e a\u00e7\u00e3o de gra\u00e7as.\u00a0H\u00e1 ocasi\u00f5es especiais em que temos uma obriga\u00e7\u00e3o adicional de louvar a Deus e nessas ocasi\u00f5es especiais recitamos salmos especiais, conhecidos como\u00a0<i>Hall\u00e9l<\/i>.<\/p>\n<div>\n<p><u><a href=\"https:\/\/biblia.com\/bible\/esv\/Ps%20118.25\" target=\"_blank\" rel=\"noopener\" data-saferedirecturl=\"https:\/\/www.google.com\/url?q=https:\/\/biblia.com\/bible\/esv\/Ps%2520118.25&amp;source=gmail&amp;ust=1650906993735000&amp;usg=AOvVaw1XWelk7mPwdEXaMCrCcx2x\">O Salmo 118:25<\/a><\/u>\u00a0diz: \u00ab<i>Salva-nos agora, te pedimos, Oh\u00a0Senhor<\/i>\u00bb; \u05d0\u05b8\u05e0\u05b8\u05bc\u05d0 \u05d9\u05b0\u05d4\u05d5\u05b8\u05d4 \u05d4\u05b9\u05d5\u05e9\u05b4\u05c1\u05d9\u05e2\u05b8\u05d4 \u05e0\u05b8\u05bc\u05d0 .De acordo com os s\u00e1bios Judeus, um dos temas mais fundamentais do\u00a0<i>Hall\u00e9l<\/i>\u00a0\u00e9 reconhecer a fonte da salva\u00e7\u00e3o.\u00a0O Salmo 118\u00a0era recitado no caminho para o Templo e no Templo na V\u00e9spera da P\u00e1scoa,\u00a0<i>\u00c9rev P\u00e9saj<\/i>\u00a0no momento do abate do sacrif\u00edcio da P\u00e1scoa (<i>korb\u00e1n P\u00e9saj<\/i>).\u00a0Jesus entrou em Jerusal\u00e9m como o \u00abSacrif\u00edcio Final\u00bb, como o Cordeiro Pascal, e estas palavras do Salmo 118\u00a0n\u00e3o apenas confirmaram isso, mas tamb\u00e9m o reconheceram como a fonte da salva\u00e7\u00e3o.\u00a0Compreender o\u00a0<i>Hall\u00e9l<\/i>\u00a0Judaico nos permite entender melhor as palavras de Mateus \u2014\u00ab<em>Hos\u00e1na ao filho de Davi<\/em>\u00bb\u2014.<\/p>\n<div>\n<p>&nbsp;<\/p>\n<\/div>\n<div>\n<div><i>Gostaria de lembr\u00e1-los,\u00a0<\/i><i>queridos amigos<\/i><em>,\u00a0<\/em><i>que a eTeacher oferece um curso maravilhoso, \u00abContexto Judaico do Novo Testamento\u00bb.\u00a0Como sempre, voc\u00eas est\u00e3o convidados a entrar em contato comigo para mais informa\u00e7\u00f5es. Al\u00e9m disso, se voc\u00eas gostam dos artigos deste blog, voc\u00eas tamb\u00e9m podem gostar dos meus livros, voc\u00eas podem obt\u00ea-los<\/i><em><u><a href=\"https:\/\/www.amazon.com\/s?k=julia+blum&amp;crid=2SC9DWF1NHZI&amp;sprefix=julia+blum+%2Caps%2C218&amp;ref=nb_sb_noss_2\"> aqui<\/a>.<\/u><\/em><\/div>\n<\/div>\n<\/div>\n<\/div>\n<\/div>\n<\/div>\n<p>&nbsp;<\/p>\n<p>&nbsp;<\/p>\n<p>&nbsp;<\/p>\n<p><strong>\u00a0<\/strong><\/p>\n","protected":false},"excerpt":{"rendered":"<p>Ainda estamos no meio daquela celebra\u00e7\u00e3o de uma semana que ficou conhecida como\u00a0P\u00e9saj, ou P\u00e1scoa Judaica.\u00a0Este \u00e9 um bom momento para analisar os \u00faltimos dias de Jesus e ver que eles s\u00e3o compreendidos muito melhor quando vistos atrav\u00e9s da B\u00edblia Hebraica e em rela\u00e7\u00e3o ao contexto Judaico.\u00a0Aqui est\u00e3o apenas alguns exemplos. \u00a0O cordeiro pascal chegando [&hellip;]<\/p>\n","protected":false},"author":45,"featured_media":44700,"comment_status":"closed","ping_status":"open","sticky":false,"template":"","format":"standard","meta":{"_acf_changed":false,"inline_featured_image":false,"footnotes":""},"categories":[395],"tags":[],"class_list":["post-45330","post","type-post","status-publish","format-standard","has-post-thumbnail","hentry","category-jewish-studies"],"acf":[],"yoast_head":"<!-- This site is optimized with the Yoast SEO plugin v26.5 - https:\/\/yoast.com\/wordpress\/plugins\/seo\/ -->\n<title>O Contexto Judaico da \u00daltima Semana de Jesus (1) - Israel Institute of Biblical Studies<\/title>\n<meta name=\"description\" content=\"Ainda estamos no meio daquela celebra\u00e7\u00e3o de uma semana que ficou conhecida como\u00a0P\u00e9saj, ou P\u00e1scoa Judaica.\u00a0Este \u00e9 um bom momento para analisar os \u00faltimos\" \/>\n<meta name=\"robots\" content=\"index, follow, max-snippet:-1, max-image-preview:large, max-video-preview:-1\" \/>\n<link rel=\"canonical\" href=\"https:\/\/israelbiblicalstudies.com\/pt\/blog\/category\/jewish-studies\/o-contexto-judaico-da-ultima-semana-de-jesus-1\/\" \/>\n<meta property=\"og:locale\" content=\"pt_BR\" \/>\n<meta property=\"og:type\" content=\"article\" \/>\n<meta property=\"og:title\" content=\"O Contexto Judaico da \u00daltima Semana de Jesus (1) - Israel Institute of Biblical Studies\" \/>\n<meta property=\"og:description\" content=\"Ainda estamos no meio daquela celebra\u00e7\u00e3o de uma semana que ficou conhecida como\u00a0P\u00e9saj, ou P\u00e1scoa Judaica.\u00a0Este \u00e9 um bom momento para analisar os \u00faltimos\" \/>\n<meta property=\"og:url\" content=\"https:\/\/israelbiblicalstudies.com\/pt\/blog\/category\/jewish-studies\/o-contexto-judaico-da-ultima-semana-de-jesus-1\/\" \/>\n<meta property=\"og:site_name\" content=\"Israel Institute of Biblical Studies\" \/>\n<meta property=\"article:published_time\" content=\"2022-04-21T08:10:08+00:00\" \/>\n<meta property=\"article:modified_time\" content=\"2025-08-13T11:40:36+00:00\" \/>\n<meta property=\"og:image\" content=\"https:\/\/israelbiblicalstudies.com\/wp-content\/uploads\/2022\/04\/shutterstock_2035101608.jpg\" \/>\n\t<meta property=\"og:image:width\" content=\"1000\" \/>\n\t<meta property=\"og:image:height\" content=\"629\" \/>\n\t<meta property=\"og:image:type\" content=\"image\/jpeg\" \/>\n<meta name=\"author\" content=\"Julia Blum\" \/>\n<meta name=\"twitter:card\" content=\"summary_large_image\" \/>\n<meta name=\"twitter:label1\" content=\"Escrito por\" \/>\n\t<meta name=\"twitter:data1\" content=\"Julia Blum\" \/>\n\t<meta name=\"twitter:label2\" content=\"Est. tempo de leitura\" \/>\n\t<meta name=\"twitter:data2\" content=\"6 minutos\" \/>\n<script type=\"application\/ld+json\" class=\"yoast-schema-graph\">{\"@context\":\"https:\/\/schema.org\",\"@graph\":[{\"@type\":\"Article\",\"@id\":\"https:\/\/israelbiblicalstudies.com\/pt\/blog\/category\/jewish-studies\/o-contexto-judaico-da-ultima-semana-de-jesus-1\/#article\",\"isPartOf\":{\"@id\":\"https:\/\/israelbiblicalstudies.com\/pt\/blog\/category\/jewish-studies\/o-contexto-judaico-da-ultima-semana-de-jesus-1\/\"},\"author\":{\"name\":\"Julia Blum\",\"@id\":\"https:\/\/israelbiblicalstudies.com\/pt\/#\/schema\/person\/470c9356fa72a497ecb801267dff4d15\"},\"headline\":\"O Contexto Judaico da \u00daltima Semana de Jesus (1)\",\"datePublished\":\"2022-04-21T08:10:08+00:00\",\"dateModified\":\"2025-08-13T11:40:36+00:00\",\"mainEntityOfPage\":{\"@id\":\"https:\/\/israelbiblicalstudies.com\/pt\/blog\/category\/jewish-studies\/o-contexto-judaico-da-ultima-semana-de-jesus-1\/\"},\"wordCount\":1335,\"publisher\":{\"@id\":\"https:\/\/israelbiblicalstudies.com\/pt\/#organization\"},\"image\":{\"@id\":\"https:\/\/israelbiblicalstudies.com\/pt\/blog\/category\/jewish-studies\/o-contexto-judaico-da-ultima-semana-de-jesus-1\/#primaryimage\"},\"thumbnailUrl\":\"https:\/\/israelbiblicalstudies.com\/wp-content\/uploads\/2022\/04\/shutterstock_2035101608.jpg\",\"articleSection\":[\"Estudos Judaicos\"],\"inLanguage\":\"pt-BR\"},{\"@type\":\"WebPage\",\"@id\":\"https:\/\/israelbiblicalstudies.com\/pt\/blog\/category\/jewish-studies\/o-contexto-judaico-da-ultima-semana-de-jesus-1\/\",\"url\":\"https:\/\/israelbiblicalstudies.com\/pt\/blog\/category\/jewish-studies\/o-contexto-judaico-da-ultima-semana-de-jesus-1\/\",\"name\":\"O Contexto Judaico da \u00daltima Semana de Jesus (1) - Israel Institute of Biblical Studies\",\"isPartOf\":{\"@id\":\"https:\/\/israelbiblicalstudies.com\/pt\/#website\"},\"primaryImageOfPage\":{\"@id\":\"https:\/\/israelbiblicalstudies.com\/pt\/blog\/category\/jewish-studies\/o-contexto-judaico-da-ultima-semana-de-jesus-1\/#primaryimage\"},\"image\":{\"@id\":\"https:\/\/israelbiblicalstudies.com\/pt\/blog\/category\/jewish-studies\/o-contexto-judaico-da-ultima-semana-de-jesus-1\/#primaryimage\"},\"thumbnailUrl\":\"https:\/\/israelbiblicalstudies.com\/wp-content\/uploads\/2022\/04\/shutterstock_2035101608.jpg\",\"datePublished\":\"2022-04-21T08:10:08+00:00\",\"dateModified\":\"2025-08-13T11:40:36+00:00\",\"description\":\"Ainda estamos no meio daquela celebra\u00e7\u00e3o de uma semana que ficou conhecida como\u00a0P\u00e9saj, ou P\u00e1scoa Judaica.\u00a0Este \u00e9 um bom momento para analisar os \u00faltimos\",\"breadcrumb\":{\"@id\":\"https:\/\/israelbiblicalstudies.com\/pt\/blog\/category\/jewish-studies\/o-contexto-judaico-da-ultima-semana-de-jesus-1\/#breadcrumb\"},\"inLanguage\":\"pt-BR\",\"potentialAction\":[{\"@type\":\"ReadAction\",\"target\":[\"https:\/\/israelbiblicalstudies.com\/pt\/blog\/category\/jewish-studies\/o-contexto-judaico-da-ultima-semana-de-jesus-1\/\"]}]},{\"@type\":\"ImageObject\",\"inLanguage\":\"pt-BR\",\"@id\":\"https:\/\/israelbiblicalstudies.com\/pt\/blog\/category\/jewish-studies\/o-contexto-judaico-da-ultima-semana-de-jesus-1\/#primaryimage\",\"url\":\"https:\/\/israelbiblicalstudies.com\/wp-content\/uploads\/2022\/04\/shutterstock_2035101608.jpg\",\"contentUrl\":\"https:\/\/israelbiblicalstudies.com\/wp-content\/uploads\/2022\/04\/shutterstock_2035101608.jpg\",\"width\":1000,\"height\":629},{\"@type\":\"BreadcrumbList\",\"@id\":\"https:\/\/israelbiblicalstudies.com\/pt\/blog\/category\/jewish-studies\/o-contexto-judaico-da-ultima-semana-de-jesus-1\/#breadcrumb\",\"itemListElement\":[{\"@type\":\"ListItem\",\"position\":1,\"name\":\"Home\",\"item\":\"https:\/\/israelbiblicalstudies.com\/pt\/\"},{\"@type\":\"ListItem\",\"position\":2,\"name\":\"Estudos Judaicos\",\"item\":\"https:\/\/israelbiblicalstudies.com\/pt\/blog\/category\/jewish-studies\/\"},{\"@type\":\"ListItem\",\"position\":3,\"name\":\"O Contexto Judaico da \u00daltima Semana de Jesus (1)\"}]},{\"@type\":\"WebSite\",\"@id\":\"https:\/\/israelbiblicalstudies.com\/pt\/#website\",\"url\":\"https:\/\/israelbiblicalstudies.com\/pt\/\",\"name\":\"Israel Institute of Biblical Studies\",\"description\":\"Deepen Your Understanding of the Bible\",\"publisher\":{\"@id\":\"https:\/\/israelbiblicalstudies.com\/pt\/#organization\"},\"potentialAction\":[{\"@type\":\"SearchAction\",\"target\":{\"@type\":\"EntryPoint\",\"urlTemplate\":\"https:\/\/israelbiblicalstudies.com\/pt\/?s={search_term_string}\"},\"query-input\":{\"@type\":\"PropertyValueSpecification\",\"valueRequired\":true,\"valueName\":\"search_term_string\"}}],\"inLanguage\":\"pt-BR\"},{\"@type\":\"Organization\",\"@id\":\"https:\/\/israelbiblicalstudies.com\/pt\/#organization\",\"name\":\"Israel Biblical Studies\",\"url\":\"https:\/\/israelbiblicalstudies.com\/pt\/\",\"logo\":{\"@type\":\"ImageObject\",\"inLanguage\":\"pt-BR\",\"@id\":\"https:\/\/israelbiblicalstudies.com\/pt\/#\/schema\/logo\/image\/\",\"url\":\"https:\/\/israelbiblicalstudies.com\/wp-content\/uploads\/2016\/09\/logo-invert.png\",\"contentUrl\":\"https:\/\/israelbiblicalstudies.com\/wp-content\/uploads\/2016\/09\/logo-invert.png\",\"width\":152,\"height\":68,\"caption\":\"Israel Biblical Studies\"},\"image\":{\"@id\":\"https:\/\/israelbiblicalstudies.com\/pt\/#\/schema\/logo\/image\/\"}},{\"@type\":\"Person\",\"@id\":\"https:\/\/israelbiblicalstudies.com\/pt\/#\/schema\/person\/470c9356fa72a497ecb801267dff4d15\",\"name\":\"Julia Blum\",\"image\":{\"@type\":\"ImageObject\",\"inLanguage\":\"pt-BR\",\"@id\":\"https:\/\/israelbiblicalstudies.com\/pt\/#\/schema\/person\/image\/\",\"url\":\"https:\/\/secure.gravatar.com\/avatar\/bba81953dcf8395e3b4a73607c07e2f9d3e53c113398ce1fd48361f3f137b781?s=96&d=mm&r=g\",\"contentUrl\":\"https:\/\/secure.gravatar.com\/avatar\/bba81953dcf8395e3b4a73607c07e2f9d3e53c113398ce1fd48361f3f137b781?s=96&d=mm&r=g\",\"caption\":\"Julia Blum\"},\"description\":\"Julia is a teacher and an author of several books on biblical topics. She teaches two biblical courses at the Israel Institute of Biblical Studies, \u201cDiscovering the Hebrew Bible\u201d and \u201cJewish Background of the New Testament\u201d, and writes Hebrew insights for these courses.\",\"url\":\"https:\/\/israelbiblicalstudies.com\/pt\/blog\/author\/juliablum\/\"}]}<\/script>\n<!-- \/ Yoast SEO plugin. -->","yoast_head_json":{"title":"O Contexto Judaico da \u00daltima Semana de Jesus (1) - Israel Institute of Biblical Studies","description":"Ainda estamos no meio daquela celebra\u00e7\u00e3o de uma semana que ficou conhecida como\u00a0P\u00e9saj, ou P\u00e1scoa Judaica.\u00a0Este \u00e9 um bom momento para analisar os \u00faltimos","robots":{"index":"index","follow":"follow","max-snippet":"max-snippet:-1","max-image-preview":"max-image-preview:large","max-video-preview":"max-video-preview:-1"},"canonical":"https:\/\/israelbiblicalstudies.com\/pt\/blog\/category\/jewish-studies\/o-contexto-judaico-da-ultima-semana-de-jesus-1\/","og_locale":"pt_BR","og_type":"article","og_title":"O Contexto Judaico da \u00daltima Semana de Jesus (1) - Israel Institute of Biblical Studies","og_description":"Ainda estamos no meio daquela celebra\u00e7\u00e3o de uma semana que ficou conhecida como\u00a0P\u00e9saj, ou P\u00e1scoa Judaica.\u00a0Este \u00e9 um bom momento para analisar os \u00faltimos","og_url":"https:\/\/israelbiblicalstudies.com\/pt\/blog\/category\/jewish-studies\/o-contexto-judaico-da-ultima-semana-de-jesus-1\/","og_site_name":"Israel Institute of Biblical Studies","article_published_time":"2022-04-21T08:10:08+00:00","article_modified_time":"2025-08-13T11:40:36+00:00","og_image":[{"width":1000,"height":629,"url":"https:\/\/israelbiblicalstudies.com\/wp-content\/uploads\/2022\/04\/shutterstock_2035101608.jpg","type":"image\/jpeg"}],"author":"Julia Blum","twitter_card":"summary_large_image","twitter_misc":{"Escrito por":"Julia Blum","Est. tempo de leitura":"6 minutos"},"schema":{"@context":"https:\/\/schema.org","@graph":[{"@type":"Article","@id":"https:\/\/israelbiblicalstudies.com\/pt\/blog\/category\/jewish-studies\/o-contexto-judaico-da-ultima-semana-de-jesus-1\/#article","isPartOf":{"@id":"https:\/\/israelbiblicalstudies.com\/pt\/blog\/category\/jewish-studies\/o-contexto-judaico-da-ultima-semana-de-jesus-1\/"},"author":{"name":"Julia Blum","@id":"https:\/\/israelbiblicalstudies.com\/pt\/#\/schema\/person\/470c9356fa72a497ecb801267dff4d15"},"headline":"O Contexto Judaico da \u00daltima Semana de Jesus (1)","datePublished":"2022-04-21T08:10:08+00:00","dateModified":"2025-08-13T11:40:36+00:00","mainEntityOfPage":{"@id":"https:\/\/israelbiblicalstudies.com\/pt\/blog\/category\/jewish-studies\/o-contexto-judaico-da-ultima-semana-de-jesus-1\/"},"wordCount":1335,"publisher":{"@id":"https:\/\/israelbiblicalstudies.com\/pt\/#organization"},"image":{"@id":"https:\/\/israelbiblicalstudies.com\/pt\/blog\/category\/jewish-studies\/o-contexto-judaico-da-ultima-semana-de-jesus-1\/#primaryimage"},"thumbnailUrl":"https:\/\/israelbiblicalstudies.com\/wp-content\/uploads\/2022\/04\/shutterstock_2035101608.jpg","articleSection":["Estudos Judaicos"],"inLanguage":"pt-BR"},{"@type":"WebPage","@id":"https:\/\/israelbiblicalstudies.com\/pt\/blog\/category\/jewish-studies\/o-contexto-judaico-da-ultima-semana-de-jesus-1\/","url":"https:\/\/israelbiblicalstudies.com\/pt\/blog\/category\/jewish-studies\/o-contexto-judaico-da-ultima-semana-de-jesus-1\/","name":"O Contexto Judaico da \u00daltima Semana de Jesus (1) - Israel Institute of Biblical Studies","isPartOf":{"@id":"https:\/\/israelbiblicalstudies.com\/pt\/#website"},"primaryImageOfPage":{"@id":"https:\/\/israelbiblicalstudies.com\/pt\/blog\/category\/jewish-studies\/o-contexto-judaico-da-ultima-semana-de-jesus-1\/#primaryimage"},"image":{"@id":"https:\/\/israelbiblicalstudies.com\/pt\/blog\/category\/jewish-studies\/o-contexto-judaico-da-ultima-semana-de-jesus-1\/#primaryimage"},"thumbnailUrl":"https:\/\/israelbiblicalstudies.com\/wp-content\/uploads\/2022\/04\/shutterstock_2035101608.jpg","datePublished":"2022-04-21T08:10:08+00:00","dateModified":"2025-08-13T11:40:36+00:00","description":"Ainda estamos no meio daquela celebra\u00e7\u00e3o de uma semana que ficou conhecida como\u00a0P\u00e9saj, ou P\u00e1scoa Judaica.\u00a0Este \u00e9 um bom momento para analisar os \u00faltimos","breadcrumb":{"@id":"https:\/\/israelbiblicalstudies.com\/pt\/blog\/category\/jewish-studies\/o-contexto-judaico-da-ultima-semana-de-jesus-1\/#breadcrumb"},"inLanguage":"pt-BR","potentialAction":[{"@type":"ReadAction","target":["https:\/\/israelbiblicalstudies.com\/pt\/blog\/category\/jewish-studies\/o-contexto-judaico-da-ultima-semana-de-jesus-1\/"]}]},{"@type":"ImageObject","inLanguage":"pt-BR","@id":"https:\/\/israelbiblicalstudies.com\/pt\/blog\/category\/jewish-studies\/o-contexto-judaico-da-ultima-semana-de-jesus-1\/#primaryimage","url":"https:\/\/israelbiblicalstudies.com\/wp-content\/uploads\/2022\/04\/shutterstock_2035101608.jpg","contentUrl":"https:\/\/israelbiblicalstudies.com\/wp-content\/uploads\/2022\/04\/shutterstock_2035101608.jpg","width":1000,"height":629},{"@type":"BreadcrumbList","@id":"https:\/\/israelbiblicalstudies.com\/pt\/blog\/category\/jewish-studies\/o-contexto-judaico-da-ultima-semana-de-jesus-1\/#breadcrumb","itemListElement":[{"@type":"ListItem","position":1,"name":"Home","item":"https:\/\/israelbiblicalstudies.com\/pt\/"},{"@type":"ListItem","position":2,"name":"Estudos Judaicos","item":"https:\/\/israelbiblicalstudies.com\/pt\/blog\/category\/jewish-studies\/"},{"@type":"ListItem","position":3,"name":"O Contexto Judaico da \u00daltima Semana de Jesus (1)"}]},{"@type":"WebSite","@id":"https:\/\/israelbiblicalstudies.com\/pt\/#website","url":"https:\/\/israelbiblicalstudies.com\/pt\/","name":"Israel Institute of Biblical Studies","description":"Deepen Your Understanding of the Bible","publisher":{"@id":"https:\/\/israelbiblicalstudies.com\/pt\/#organization"},"potentialAction":[{"@type":"SearchAction","target":{"@type":"EntryPoint","urlTemplate":"https:\/\/israelbiblicalstudies.com\/pt\/?s={search_term_string}"},"query-input":{"@type":"PropertyValueSpecification","valueRequired":true,"valueName":"search_term_string"}}],"inLanguage":"pt-BR"},{"@type":"Organization","@id":"https:\/\/israelbiblicalstudies.com\/pt\/#organization","name":"Israel Biblical Studies","url":"https:\/\/israelbiblicalstudies.com\/pt\/","logo":{"@type":"ImageObject","inLanguage":"pt-BR","@id":"https:\/\/israelbiblicalstudies.com\/pt\/#\/schema\/logo\/image\/","url":"https:\/\/israelbiblicalstudies.com\/wp-content\/uploads\/2016\/09\/logo-invert.png","contentUrl":"https:\/\/israelbiblicalstudies.com\/wp-content\/uploads\/2016\/09\/logo-invert.png","width":152,"height":68,"caption":"Israel Biblical Studies"},"image":{"@id":"https:\/\/israelbiblicalstudies.com\/pt\/#\/schema\/logo\/image\/"}},{"@type":"Person","@id":"https:\/\/israelbiblicalstudies.com\/pt\/#\/schema\/person\/470c9356fa72a497ecb801267dff4d15","name":"Julia Blum","image":{"@type":"ImageObject","inLanguage":"pt-BR","@id":"https:\/\/israelbiblicalstudies.com\/pt\/#\/schema\/person\/image\/","url":"https:\/\/secure.gravatar.com\/avatar\/bba81953dcf8395e3b4a73607c07e2f9d3e53c113398ce1fd48361f3f137b781?s=96&d=mm&r=g","contentUrl":"https:\/\/secure.gravatar.com\/avatar\/bba81953dcf8395e3b4a73607c07e2f9d3e53c113398ce1fd48361f3f137b781?s=96&d=mm&r=g","caption":"Julia Blum"},"description":"Julia is a teacher and an author of several books on biblical topics. She teaches two biblical courses at the Israel Institute of Biblical Studies, \u201cDiscovering the Hebrew Bible\u201d and \u201cJewish Background of the New Testament\u201d, and writes Hebrew insights for these courses.","url":"https:\/\/israelbiblicalstudies.com\/pt\/blog\/author\/juliablum\/"}]}},"_links":{"self":[{"href":"https:\/\/israelbiblicalstudies.com\/pt\/wp-json\/wp\/v2\/posts\/45330","targetHints":{"allow":["GET"]}}],"collection":[{"href":"https:\/\/israelbiblicalstudies.com\/pt\/wp-json\/wp\/v2\/posts"}],"about":[{"href":"https:\/\/israelbiblicalstudies.com\/pt\/wp-json\/wp\/v2\/types\/post"}],"author":[{"embeddable":true,"href":"https:\/\/israelbiblicalstudies.com\/pt\/wp-json\/wp\/v2\/users\/45"}],"replies":[{"embeddable":true,"href":"https:\/\/israelbiblicalstudies.com\/pt\/wp-json\/wp\/v2\/comments?post=45330"}],"version-history":[{"count":0,"href":"https:\/\/israelbiblicalstudies.com\/pt\/wp-json\/wp\/v2\/posts\/45330\/revisions"}],"wp:featuredmedia":[{"embeddable":true,"href":"https:\/\/israelbiblicalstudies.com\/pt\/wp-json\/wp\/v2\/media\/44700"}],"wp:attachment":[{"href":"https:\/\/israelbiblicalstudies.com\/pt\/wp-json\/wp\/v2\/media?parent=45330"}],"wp:term":[{"taxonomy":"category","embeddable":true,"href":"https:\/\/israelbiblicalstudies.com\/pt\/wp-json\/wp\/v2\/categories?post=45330"},{"taxonomy":"post_tag","embeddable":true,"href":"https:\/\/israelbiblicalstudies.com\/pt\/wp-json\/wp\/v2\/tags?post=45330"}],"curies":[{"name":"wp","href":"https:\/\/api.w.org\/{rel}","templated":true}]}}