{"id":45338,"date":"2022-06-23T10:54:24","date_gmt":"2022-06-23T07:54:24","guid":{"rendered":"https:\/\/iibsblogsstg.wpenginepowered.com\/?p=17869"},"modified":"2025-08-13T11:40:34","modified_gmt":"2025-08-13T11:40:34","slug":"de-jerusalem-a-roma-paulo-e-o-judaismo","status":"publish","type":"post","link":"https:\/\/israelbiblicalstudies.com\/pt\/blog\/category\/jewish-studies\/de-jerusalem-a-roma-paulo-e-o-judaismo\/","title":{"rendered":"De Jerusal\u00e9m a Roma: Paulo e o Juda\u00edsmo"},"content":{"rendered":"<div>\n<div>\n<p><b>A terceira refei\u00e7\u00e3o e o encontro de Paulo em Tr\u00f4ade<\/b><\/p>\n<\/div>\n<div>\n<p>Meus queridos leitores, juntos continuamos a percorrer o livro de Atos.\u00a0Atos 20\u00a0descreve um incidente dram\u00e1tico em Tr\u00f4ade.\u00a0Quando os crentes locais se reuniram para partir o p\u00e3o, Paulo come\u00e7ou a falar com eles, e as Escrituras nos dizem que ele\u00a0\u00ab<i>prolongou sua mensagem at\u00e9 a meia-noite<\/i>\u00bb.Este encontro durou tanto que um jovem sentado no parapeito da janela caiu em sono profundo e \u00ab<i>caiu do terceiro andar<\/i>\u00bb. Ent\u00e3o aconteceu o milagre: Paulo o pegou e o ressuscitou: \u00ab<em>Mas Paulo desceu, inclinou-se sobre ele e, abra\u00e7ando-o,\u00a0disse: \u201cN\u00e3o vos perturbeis, que a vida nele est\u00e1\u201d<\/em>\u00bb. Esse milagre foi incr\u00edvel e todos ficaram emocionados: \u00absentiram-se grandemente confortados\u00bb, mas por que este encontro demorou tanto para come\u00e7ar?\u00a0Que tipo de reuni\u00e3o foi?<\/p>\n<\/div>\n<div>\n<p>A descri\u00e7\u00e3o deste encontro come\u00e7a com as palavras: \u00ab<i>No primeiro dia da semana<\/i>\u00bb. Literalmente, a frase original Grega\u00a0<i>en de te mia ton sabaton\u00a0<\/i>significa \u00abno primeiro do\u00a0<i>shab\u00e1t<\/i>\u00bb. H\u00e1 apenas uma noite que \u00e9 considerada\u00a0<i>y\u00f3m rish\u00f3n<\/i>\u00a0\u2014primeiro dia\u2014 no calend\u00e1rio Judaico: a noite ap\u00f3s o dia de\u00a0<i>shab\u00e1t<\/i>\u00a0\u2014s\u00e1bado \u00e0 noite\u2014.\u00a0A noite seguinte j\u00e1 seria\u00a0<i>y\u00f3m shen\u00ed<\/i>\u00a0\u2014o segundo dia\u2014 pois os Judeus contam seus dias a partir da noite anterior.<\/p>\n<\/div>\n<div>\n<p>A descri\u00e7\u00e3o continua: \u00ab<em>quando os disc\u00edpulos se reuniram para partir o p\u00e3o<\/em>\u00bb. Se eles se reuniam no s\u00e1bado \u00e0 noite, este \u00ab<em>partir o p\u00e3o<\/em>\u00bb era de fato a terceira e \u00faltima refei\u00e7\u00e3o do\u00a0<i>shab\u00e1t<\/i>, chamada\u00a0<i>melav\u00e9 malk\u00e1<\/i>\u00a0\u2014\u00abacompanhando a rainha\u00bb.\u00a0De acordo com a tradi\u00e7\u00e3o Judaica, esta refei\u00e7\u00e3o muitas vezes continua at\u00e9 tarde da noite: Paulo, pronto para partir no dia seguinte, falou com eles e continuou sua mensagem at\u00e9 meia-noite.\u00a0As ora\u00e7\u00f5es antes e as discuss\u00f5es durante a refei\u00e7\u00e3o geralmente est\u00e3o relacionadas com a vinda do Messias.\u00a0\u00c0s vezes, a reuni\u00e3o durava at\u00e9 de manh\u00e3.<\/p>\n<\/div>\n<div>\n<p>Ainda hoje, algumas igrejas ainda celebram a Eucaristia no s\u00e1bado \u00e0 noite.\u00a0Este costume \u00e9 baseado em uma antiga tradi\u00e7\u00e3o que teria se originado na Era Apost\u00f3lica: os primeiros Crentes Judeus celebravam juntos o\u00a0<i>melav\u00e9 malk<\/i>\u00e1 e ent\u00e3o provavelmente observavam a\u00a0<i>havdal\u00e1<\/i>\u00a0\u2014o fim do shab\u00e1t\u2014 com a ceia do Senhor.\u00a0Nesse sentido, esta hist\u00f3ria pode ser um grande testemunho dos costumes Judaicos dos ap\u00f3stolos Judeus.<\/p>\n<\/div>\n<div>\n<p>\u00a0<b>O epis\u00f3dio significativo<\/b><\/p>\n<\/div>\n<div>\n<p>Em Atos 18, vimos Paulo fazendo um voto.\u00a0Mais tarde, em Atos 21, vemos outra cena, envolvendo tanto Paulo quanto o voto de Nazireu.\u00a0Em\u00a0<a href=\"https:\/\/biblia.com\/bible\/esv\/Acts%2021.%2021-26\" target=\"_blank\" rel=\"noopener\" data-saferedirecturl=\"https:\/\/www.google.com\/url?q=https:\/\/biblia.com\/bible\/esv\/Acts%252021.%252021-26&amp;source=gmail&amp;ust=1656274457997000&amp;usg=AOvVaw0hAVWIpZsA0yiSFYt5FO-7\">Atos 21, 21-26<\/a>, Lucas registra um dos epis\u00f3dios mais fascinantes de seu livro: vemos o Ap\u00f3stolo Paulo oferecendo um sacrif\u00edcio no templo e passando por uma purifica\u00e7\u00e3o cerimonial por sete dias. O pano de fundo deste epis\u00f3dio \u00e9 o t\u00e9rmino de um voto de Nazireu pelos quatro homens, raspando suas cabe\u00e7as e oferecendo sacrif\u00edcios e neste caso, Paulo foi convidado a pagar os custos!\u00a0Por qu\u00ea?\u00a0E por que ele passou pela purifica\u00e7\u00e3o?\u00a0Qual \u00e9 a mensagem desta hist\u00f3ria?<\/p>\n<\/div>\n<div>\n<p>Nos vers\u00edculos anteriores, aprendemos que por causa dos rumores da \u00abapostasia\u00bb de Paulo, Tiago, um dos principais l\u00edderes da comunidade Messi\u00e2nica de Jerusal\u00e9m, estava preocupado com um confronto potencial entre Paulo e os Judeus Messi\u00e2nicos de Jerusal\u00e9m.\u00a0A fim de mostrar a fidelidade de Paulo \u00e0 Tor\u00e1, ele sugere que Paulo pague pelos sacrif\u00edcios exigidos destes quatro homens.\u00a0Este passo pr\u00e1tico significava muito mais do que dinheiro e tinha implica\u00e7\u00f5es teol\u00f3gicas \u00f3bvias: significaria que Paulo ainda estava seguindo a Tor\u00e1.<\/p>\n<\/div>\n<div>\n<p>Este epis\u00f3dio sempre foi \u00abobscuro\u00bb e \u00abproblem\u00e1tico\u00bb para os comentaristas Crist\u00e3os: Por que Paulo, \u00abo Crist\u00e3o exemplar\u00bb, se juntou ao ato real de purifica\u00e7\u00e3o ritual Judaica?\u00a0No entanto, uma vez que Paulo concordou em fazer isso, entendemos que ele queria provar sua observ\u00e2ncia da Tor\u00e1 e esta \u00e9 precisamente a mensagem desta hist\u00f3ria.<\/p>\n<\/div>\n<div>\n<p><b>Um grande professor do aluno maravilhoso<\/b><\/p>\n<\/div>\n<div>\n<p>Em Atos 22, dirigindo-se \u00e0 multid\u00e3o enfurecida em Jerusal\u00e9m, Saulo de Tarso (Ap\u00f3stolo Paulo), abre seu discurso de defesa.\u00a0Evidentemente, ele precisa dizer algo t\u00e3o importante, t\u00e3o essencial, que afetaria e impressionaria toda a multid\u00e3o.\u00a0O que ele diz?\u00a0\u00ab<i>Sou Judeu, nascido em Tarso da Cil\u00edcia, mas\u00a0<\/i><b><i>educado nesta cidade aos p\u00e9s de Gamaliel<\/i><\/b>\u00bb. Parece que a afirma\u00e7\u00e3o:\u00a0\u00ab<b><i>educado nesta cidade aos p\u00e9s de Gamaliel<\/i><\/b>\u00bb, foi de fato uma credencial poderosa para o povo de Israel.\u00a0Quem era esse Gamaliel?<\/p>\n<\/div>\n<div>\n<p>Gamaliel, o Velho, ou\u00a0<i>Rabb\u00e1n<\/i>\u00a0Gamaliel I, foi o Rabino mais distinto de seu tempo e uma das principais autoridades do Sin\u00e9drio.\u00a0Ele foi o primeiro a carregar o t\u00edtulo\u00a0<i>Rabb\u00e1n<\/i>,<i>\u00a0<\/i>em vez do t\u00edtulo mais comum \u00abRabino<i>\u00bb<\/i>. A\u00a0<i>Mishn\u00e1<\/i>\u00a0fala de Gamaliel como um dos maiores professores em todos os anais do Juda\u00edsmo: \u00ab<i>Desde que Rabban Gamaliel, o Velho, morreu, n\u00e3o houve mais rever\u00eancia pela lei, e pureza e piedade morreram ao mesmo tempo<\/i>\u00bb.<\/p>\n<\/div>\n<p>Gamaliel era neto do grande professor Judeu, Hillel, o Velho, e o l\u00edder de sua escola,\u00a0<i>B\u00e9it Hill\u00e9l.\u00a0<\/i>Toda esta escola \u2014e Gamaliel em particular\u2014 se destacou por uma atitude mais tolerante e liberal nas normas jur\u00eddicas religiosas.\u00a0Vemos isso claramente em Atos: quando alguns l\u00edderes Judeus queriam matar Jesus, Gamaliel lhes disse:\u00ab<i>Afastem-se desses homens e deixai-os;\u00a0pois se este conselho ou esta obra vem de homens, perecer\u00e1;\u00a0mas se \u00e9 de Deus, n\u00e3o podereis destru\u00ed-los, para que \u00a0n\u00e3o sejais achados lutando contra Deus<\/i>\u00bb.<strong><a href=\"#_ftn1\" name=\"_ftnref1\">[1]<\/a><\/strong><\/p>\n<\/div>\n<div>\n<div>\n<p>Havia muitos rabinos e mestres no tempo de Jesus, mas foi Gamaliel quem primeiro foi chamado de\u00a0<i>Rabb\u00e1n<\/i>, em vez de \u00abRabino\u00bb. E foi Gamaliel quem criou um aluno t\u00e3o proeminente e deu ao mundo o ap\u00f3stolo Paulo. Gamaliel \u00e9 um nome Hebraico que significa \u00abDeus \u00e9 minha recompensa\u00bb ou \u00abrecompensa de Deus\u00bb.<i> Rabb\u00e1n<\/i>\u00a0Gamaliel via seu maravilhoso aluno como sua verdadeira \u00abrecompensa de Deus\u00bb<i>?<\/i><\/p>\n<\/div>\n<div>\n<p>&nbsp;<\/p>\n<\/div>\n<\/div>\n<p><em>\u00a0<\/em><\/p>\n<p><em>\u00a0<\/em><\/p>\n<div><i>Trechos dos meus livros est\u00e3o inclu\u00eddos em muitos posts aqui, ent\u00e3o\u00a0se voc\u00eas gostam dos artigos deste blog, voc\u00eas tamb\u00e9m podem gostar dos meus livros, voc\u00eas podem obt\u00ea-los <\/i><i><i><a href=\"https:\/\/www.amazon.com\/s?k=julia+blum&amp;crid=2SC9DWF1NHZI&amp;sprefix=julia+blum+%2Caps%2C218&amp;ref=nb_sb_noss_2\"><u>aqui<\/u><\/a>. <\/i><\/i><i>Al\u00e9m disso, gostaria de lembr\u00e1-los,\u00a0queridos amigos, que oferecemos um curso maravilhoso \u00abAntecedentes Judaicos do Novo Testamento\u00bb.\u00a0Como sempre, voc\u00eas podem\u00a0entrar em contato comigo (\u00a0<a href=\"mailto:juliab@eteachergroup.com\" target=\"_blank\" rel=\"noopener\">juliab@eteachergroup.com<\/a>\u00a0) para obter mais informa\u00e7\u00f5es e descontos para os novos alunos.<\/i><\/div>\n<p><em>\u00a0<\/em><\/p>\n<p><em>\u00a0<\/em><\/p>\n<p><em>\u00a0<\/em><\/p>\n<p><em>\u00a0<\/em><\/p>\n<p><em>\u00a0<\/em><\/p>\n<p><em>\u00a0<\/em><\/p>\n<p><em>\u00a0<\/em><\/p>\n<p><em>\u00a0<\/em><\/p>\n<p><a href=\"#_ftnref1\" name=\"_ftn1\">[1]<\/a>\u00a0Atos 5:38,39.<\/p>\n","protected":false},"excerpt":{"rendered":"<p>A terceira refei\u00e7\u00e3o e o encontro de Paulo em Tr\u00f4ade Meus queridos leitores, juntos continuamos a percorrer o livro de Atos.\u00a0Atos 20\u00a0descreve um incidente dram\u00e1tico em Tr\u00f4ade.\u00a0Quando os crentes locais se reuniram para partir o p\u00e3o, Paulo come\u00e7ou a falar com eles, e as Escrituras nos dizem que ele\u00a0\u00abprolongou sua mensagem at\u00e9 a meia-noite\u00bb.Este encontro [&hellip;]<\/p>\n","protected":false},"author":45,"featured_media":44710,"comment_status":"closed","ping_status":"open","sticky":false,"template":"","format":"standard","meta":{"_acf_changed":false,"inline_featured_image":false,"footnotes":""},"categories":[395],"tags":[],"class_list":["post-45338","post","type-post","status-publish","format-standard","has-post-thumbnail","hentry","category-jewish-studies"],"acf":[],"yoast_head":"<!-- This site is optimized with the Yoast SEO plugin v26.5 - https:\/\/yoast.com\/wordpress\/plugins\/seo\/ -->\n<title>De Jerusal\u00e9m a Roma: Paulo e o Juda\u00edsmo - Israel Institute of Biblical Studies<\/title>\n<meta name=\"description\" content=\"A terceira refei\u00e7\u00e3o e o encontro de Paulo em Tr\u00f4ade Meus queridos leitores, juntos continuamos a percorrer o livro de Atos.\u00a0Atos 20\u00a0descreve um incidente\" \/>\n<meta name=\"robots\" content=\"index, follow, max-snippet:-1, max-image-preview:large, max-video-preview:-1\" \/>\n<link rel=\"canonical\" href=\"https:\/\/israelbiblicalstudies.com\/pt\/blog\/category\/jewish-studies\/de-jerusalem-a-roma-paulo-e-o-judaismo\/\" \/>\n<meta property=\"og:locale\" content=\"pt_BR\" \/>\n<meta property=\"og:type\" content=\"article\" \/>\n<meta property=\"og:title\" content=\"De Jerusal\u00e9m a Roma: Paulo e o Juda\u00edsmo - Israel Institute of Biblical Studies\" \/>\n<meta property=\"og:description\" content=\"A terceira refei\u00e7\u00e3o e o encontro de Paulo em Tr\u00f4ade Meus queridos leitores, juntos continuamos a percorrer o livro de Atos.\u00a0Atos 20\u00a0descreve um incidente\" \/>\n<meta property=\"og:url\" content=\"https:\/\/israelbiblicalstudies.com\/pt\/blog\/category\/jewish-studies\/de-jerusalem-a-roma-paulo-e-o-judaismo\/\" \/>\n<meta property=\"og:site_name\" content=\"Israel Institute of Biblical Studies\" \/>\n<meta property=\"article:published_time\" content=\"2022-06-23T07:54:24+00:00\" \/>\n<meta property=\"article:modified_time\" content=\"2025-08-13T11:40:34+00:00\" \/>\n<meta property=\"og:image\" content=\"https:\/\/israelbiblicalstudies.com\/wp-content\/uploads\/2022\/06\/shutterstock_523347787-1-scaled-1.jpg\" \/>\n\t<meta property=\"og:image:width\" content=\"1024\" \/>\n\t<meta property=\"og:image:height\" content=\"683\" \/>\n\t<meta property=\"og:image:type\" content=\"image\/jpeg\" \/>\n<meta name=\"author\" content=\"Julia Blum\" \/>\n<meta name=\"twitter:card\" content=\"summary_large_image\" \/>\n<meta name=\"twitter:label1\" content=\"Escrito por\" \/>\n\t<meta name=\"twitter:data1\" content=\"Julia Blum\" \/>\n\t<meta name=\"twitter:label2\" content=\"Est. tempo de leitura\" \/>\n\t<meta name=\"twitter:data2\" content=\"5 minutos\" \/>\n<script type=\"application\/ld+json\" class=\"yoast-schema-graph\">{\"@context\":\"https:\/\/schema.org\",\"@graph\":[{\"@type\":\"Article\",\"@id\":\"https:\/\/israelbiblicalstudies.com\/pt\/blog\/category\/jewish-studies\/de-jerusalem-a-roma-paulo-e-o-judaismo\/#article\",\"isPartOf\":{\"@id\":\"https:\/\/israelbiblicalstudies.com\/pt\/blog\/category\/jewish-studies\/de-jerusalem-a-roma-paulo-e-o-judaismo\/\"},\"author\":{\"name\":\"Julia Blum\",\"@id\":\"https:\/\/israelbiblicalstudies.com\/pt\/#\/schema\/person\/470c9356fa72a497ecb801267dff4d15\"},\"headline\":\"De Jerusal\u00e9m a Roma: Paulo e o Juda\u00edsmo\",\"datePublished\":\"2022-06-23T07:54:24+00:00\",\"dateModified\":\"2025-08-13T11:40:34+00:00\",\"mainEntityOfPage\":{\"@id\":\"https:\/\/israelbiblicalstudies.com\/pt\/blog\/category\/jewish-studies\/de-jerusalem-a-roma-paulo-e-o-judaismo\/\"},\"wordCount\":1092,\"publisher\":{\"@id\":\"https:\/\/israelbiblicalstudies.com\/pt\/#organization\"},\"image\":{\"@id\":\"https:\/\/israelbiblicalstudies.com\/pt\/blog\/category\/jewish-studies\/de-jerusalem-a-roma-paulo-e-o-judaismo\/#primaryimage\"},\"thumbnailUrl\":\"https:\/\/israelbiblicalstudies.com\/wp-content\/uploads\/2022\/06\/shutterstock_523347787-1-scaled-1.jpg\",\"articleSection\":[\"Estudos Judaicos\"],\"inLanguage\":\"pt-BR\"},{\"@type\":\"WebPage\",\"@id\":\"https:\/\/israelbiblicalstudies.com\/pt\/blog\/category\/jewish-studies\/de-jerusalem-a-roma-paulo-e-o-judaismo\/\",\"url\":\"https:\/\/israelbiblicalstudies.com\/pt\/blog\/category\/jewish-studies\/de-jerusalem-a-roma-paulo-e-o-judaismo\/\",\"name\":\"De Jerusal\u00e9m a Roma: Paulo e o Juda\u00edsmo - Israel Institute of Biblical Studies\",\"isPartOf\":{\"@id\":\"https:\/\/israelbiblicalstudies.com\/pt\/#website\"},\"primaryImageOfPage\":{\"@id\":\"https:\/\/israelbiblicalstudies.com\/pt\/blog\/category\/jewish-studies\/de-jerusalem-a-roma-paulo-e-o-judaismo\/#primaryimage\"},\"image\":{\"@id\":\"https:\/\/israelbiblicalstudies.com\/pt\/blog\/category\/jewish-studies\/de-jerusalem-a-roma-paulo-e-o-judaismo\/#primaryimage\"},\"thumbnailUrl\":\"https:\/\/israelbiblicalstudies.com\/wp-content\/uploads\/2022\/06\/shutterstock_523347787-1-scaled-1.jpg\",\"datePublished\":\"2022-06-23T07:54:24+00:00\",\"dateModified\":\"2025-08-13T11:40:34+00:00\",\"description\":\"A terceira refei\u00e7\u00e3o e o encontro de Paulo em Tr\u00f4ade Meus queridos leitores, juntos continuamos a percorrer o livro de Atos.\u00a0Atos 20\u00a0descreve um incidente\",\"breadcrumb\":{\"@id\":\"https:\/\/israelbiblicalstudies.com\/pt\/blog\/category\/jewish-studies\/de-jerusalem-a-roma-paulo-e-o-judaismo\/#breadcrumb\"},\"inLanguage\":\"pt-BR\",\"potentialAction\":[{\"@type\":\"ReadAction\",\"target\":[\"https:\/\/israelbiblicalstudies.com\/pt\/blog\/category\/jewish-studies\/de-jerusalem-a-roma-paulo-e-o-judaismo\/\"]}]},{\"@type\":\"ImageObject\",\"inLanguage\":\"pt-BR\",\"@id\":\"https:\/\/israelbiblicalstudies.com\/pt\/blog\/category\/jewish-studies\/de-jerusalem-a-roma-paulo-e-o-judaismo\/#primaryimage\",\"url\":\"https:\/\/israelbiblicalstudies.com\/wp-content\/uploads\/2022\/06\/shutterstock_523347787-1-scaled-1.jpg\",\"contentUrl\":\"https:\/\/israelbiblicalstudies.com\/wp-content\/uploads\/2022\/06\/shutterstock_523347787-1-scaled-1.jpg\",\"width\":1024,\"height\":683},{\"@type\":\"BreadcrumbList\",\"@id\":\"https:\/\/israelbiblicalstudies.com\/pt\/blog\/category\/jewish-studies\/de-jerusalem-a-roma-paulo-e-o-judaismo\/#breadcrumb\",\"itemListElement\":[{\"@type\":\"ListItem\",\"position\":1,\"name\":\"Home\",\"item\":\"https:\/\/israelbiblicalstudies.com\/pt\/\"},{\"@type\":\"ListItem\",\"position\":2,\"name\":\"Estudos Judaicos\",\"item\":\"https:\/\/israelbiblicalstudies.com\/pt\/blog\/category\/jewish-studies\/\"},{\"@type\":\"ListItem\",\"position\":3,\"name\":\"De Jerusal\u00e9m a Roma: Paulo e o Juda\u00edsmo\"}]},{\"@type\":\"WebSite\",\"@id\":\"https:\/\/israelbiblicalstudies.com\/pt\/#website\",\"url\":\"https:\/\/israelbiblicalstudies.com\/pt\/\",\"name\":\"Israel Institute of Biblical Studies\",\"description\":\"Deepen Your Understanding of the Bible\",\"publisher\":{\"@id\":\"https:\/\/israelbiblicalstudies.com\/pt\/#organization\"},\"potentialAction\":[{\"@type\":\"SearchAction\",\"target\":{\"@type\":\"EntryPoint\",\"urlTemplate\":\"https:\/\/israelbiblicalstudies.com\/pt\/?s={search_term_string}\"},\"query-input\":{\"@type\":\"PropertyValueSpecification\",\"valueRequired\":true,\"valueName\":\"search_term_string\"}}],\"inLanguage\":\"pt-BR\"},{\"@type\":\"Organization\",\"@id\":\"https:\/\/israelbiblicalstudies.com\/pt\/#organization\",\"name\":\"Israel Biblical Studies\",\"url\":\"https:\/\/israelbiblicalstudies.com\/pt\/\",\"logo\":{\"@type\":\"ImageObject\",\"inLanguage\":\"pt-BR\",\"@id\":\"https:\/\/israelbiblicalstudies.com\/pt\/#\/schema\/logo\/image\/\",\"url\":\"https:\/\/israelbiblicalstudies.com\/wp-content\/uploads\/2016\/09\/logo-invert.png\",\"contentUrl\":\"https:\/\/israelbiblicalstudies.com\/wp-content\/uploads\/2016\/09\/logo-invert.png\",\"width\":152,\"height\":68,\"caption\":\"Israel Biblical Studies\"},\"image\":{\"@id\":\"https:\/\/israelbiblicalstudies.com\/pt\/#\/schema\/logo\/image\/\"}},{\"@type\":\"Person\",\"@id\":\"https:\/\/israelbiblicalstudies.com\/pt\/#\/schema\/person\/470c9356fa72a497ecb801267dff4d15\",\"name\":\"Julia Blum\",\"image\":{\"@type\":\"ImageObject\",\"inLanguage\":\"pt-BR\",\"@id\":\"https:\/\/israelbiblicalstudies.com\/pt\/#\/schema\/person\/image\/\",\"url\":\"https:\/\/secure.gravatar.com\/avatar\/bba81953dcf8395e3b4a73607c07e2f9d3e53c113398ce1fd48361f3f137b781?s=96&d=mm&r=g\",\"contentUrl\":\"https:\/\/secure.gravatar.com\/avatar\/bba81953dcf8395e3b4a73607c07e2f9d3e53c113398ce1fd48361f3f137b781?s=96&d=mm&r=g\",\"caption\":\"Julia Blum\"},\"description\":\"Julia is a teacher and an author of several books on biblical topics. She teaches two biblical courses at the Israel Institute of Biblical Studies, \u201cDiscovering the Hebrew Bible\u201d and \u201cJewish Background of the New Testament\u201d, and writes Hebrew insights for these courses.\",\"url\":\"https:\/\/israelbiblicalstudies.com\/pt\/blog\/author\/juliablum\/\"}]}<\/script>\n<!-- \/ Yoast SEO plugin. -->","yoast_head_json":{"title":"De Jerusal\u00e9m a Roma: Paulo e o Juda\u00edsmo - Israel Institute of Biblical Studies","description":"A terceira refei\u00e7\u00e3o e o encontro de Paulo em Tr\u00f4ade Meus queridos leitores, juntos continuamos a percorrer o livro de Atos.\u00a0Atos 20\u00a0descreve um incidente","robots":{"index":"index","follow":"follow","max-snippet":"max-snippet:-1","max-image-preview":"max-image-preview:large","max-video-preview":"max-video-preview:-1"},"canonical":"https:\/\/israelbiblicalstudies.com\/pt\/blog\/category\/jewish-studies\/de-jerusalem-a-roma-paulo-e-o-judaismo\/","og_locale":"pt_BR","og_type":"article","og_title":"De Jerusal\u00e9m a Roma: Paulo e o Juda\u00edsmo - Israel Institute of Biblical Studies","og_description":"A terceira refei\u00e7\u00e3o e o encontro de Paulo em Tr\u00f4ade Meus queridos leitores, juntos continuamos a percorrer o livro de Atos.\u00a0Atos 20\u00a0descreve um incidente","og_url":"https:\/\/israelbiblicalstudies.com\/pt\/blog\/category\/jewish-studies\/de-jerusalem-a-roma-paulo-e-o-judaismo\/","og_site_name":"Israel Institute of Biblical Studies","article_published_time":"2022-06-23T07:54:24+00:00","article_modified_time":"2025-08-13T11:40:34+00:00","og_image":[{"width":1024,"height":683,"url":"https:\/\/israelbiblicalstudies.com\/wp-content\/uploads\/2022\/06\/shutterstock_523347787-1-scaled-1.jpg","type":"image\/jpeg"}],"author":"Julia Blum","twitter_card":"summary_large_image","twitter_misc":{"Escrito por":"Julia Blum","Est. tempo de leitura":"5 minutos"},"schema":{"@context":"https:\/\/schema.org","@graph":[{"@type":"Article","@id":"https:\/\/israelbiblicalstudies.com\/pt\/blog\/category\/jewish-studies\/de-jerusalem-a-roma-paulo-e-o-judaismo\/#article","isPartOf":{"@id":"https:\/\/israelbiblicalstudies.com\/pt\/blog\/category\/jewish-studies\/de-jerusalem-a-roma-paulo-e-o-judaismo\/"},"author":{"name":"Julia Blum","@id":"https:\/\/israelbiblicalstudies.com\/pt\/#\/schema\/person\/470c9356fa72a497ecb801267dff4d15"},"headline":"De Jerusal\u00e9m a Roma: Paulo e o Juda\u00edsmo","datePublished":"2022-06-23T07:54:24+00:00","dateModified":"2025-08-13T11:40:34+00:00","mainEntityOfPage":{"@id":"https:\/\/israelbiblicalstudies.com\/pt\/blog\/category\/jewish-studies\/de-jerusalem-a-roma-paulo-e-o-judaismo\/"},"wordCount":1092,"publisher":{"@id":"https:\/\/israelbiblicalstudies.com\/pt\/#organization"},"image":{"@id":"https:\/\/israelbiblicalstudies.com\/pt\/blog\/category\/jewish-studies\/de-jerusalem-a-roma-paulo-e-o-judaismo\/#primaryimage"},"thumbnailUrl":"https:\/\/israelbiblicalstudies.com\/wp-content\/uploads\/2022\/06\/shutterstock_523347787-1-scaled-1.jpg","articleSection":["Estudos Judaicos"],"inLanguage":"pt-BR"},{"@type":"WebPage","@id":"https:\/\/israelbiblicalstudies.com\/pt\/blog\/category\/jewish-studies\/de-jerusalem-a-roma-paulo-e-o-judaismo\/","url":"https:\/\/israelbiblicalstudies.com\/pt\/blog\/category\/jewish-studies\/de-jerusalem-a-roma-paulo-e-o-judaismo\/","name":"De Jerusal\u00e9m a Roma: Paulo e o Juda\u00edsmo - Israel Institute of Biblical Studies","isPartOf":{"@id":"https:\/\/israelbiblicalstudies.com\/pt\/#website"},"primaryImageOfPage":{"@id":"https:\/\/israelbiblicalstudies.com\/pt\/blog\/category\/jewish-studies\/de-jerusalem-a-roma-paulo-e-o-judaismo\/#primaryimage"},"image":{"@id":"https:\/\/israelbiblicalstudies.com\/pt\/blog\/category\/jewish-studies\/de-jerusalem-a-roma-paulo-e-o-judaismo\/#primaryimage"},"thumbnailUrl":"https:\/\/israelbiblicalstudies.com\/wp-content\/uploads\/2022\/06\/shutterstock_523347787-1-scaled-1.jpg","datePublished":"2022-06-23T07:54:24+00:00","dateModified":"2025-08-13T11:40:34+00:00","description":"A terceira refei\u00e7\u00e3o e o encontro de Paulo em Tr\u00f4ade Meus queridos leitores, juntos continuamos a percorrer o livro de Atos.\u00a0Atos 20\u00a0descreve um incidente","breadcrumb":{"@id":"https:\/\/israelbiblicalstudies.com\/pt\/blog\/category\/jewish-studies\/de-jerusalem-a-roma-paulo-e-o-judaismo\/#breadcrumb"},"inLanguage":"pt-BR","potentialAction":[{"@type":"ReadAction","target":["https:\/\/israelbiblicalstudies.com\/pt\/blog\/category\/jewish-studies\/de-jerusalem-a-roma-paulo-e-o-judaismo\/"]}]},{"@type":"ImageObject","inLanguage":"pt-BR","@id":"https:\/\/israelbiblicalstudies.com\/pt\/blog\/category\/jewish-studies\/de-jerusalem-a-roma-paulo-e-o-judaismo\/#primaryimage","url":"https:\/\/israelbiblicalstudies.com\/wp-content\/uploads\/2022\/06\/shutterstock_523347787-1-scaled-1.jpg","contentUrl":"https:\/\/israelbiblicalstudies.com\/wp-content\/uploads\/2022\/06\/shutterstock_523347787-1-scaled-1.jpg","width":1024,"height":683},{"@type":"BreadcrumbList","@id":"https:\/\/israelbiblicalstudies.com\/pt\/blog\/category\/jewish-studies\/de-jerusalem-a-roma-paulo-e-o-judaismo\/#breadcrumb","itemListElement":[{"@type":"ListItem","position":1,"name":"Home","item":"https:\/\/israelbiblicalstudies.com\/pt\/"},{"@type":"ListItem","position":2,"name":"Estudos Judaicos","item":"https:\/\/israelbiblicalstudies.com\/pt\/blog\/category\/jewish-studies\/"},{"@type":"ListItem","position":3,"name":"De Jerusal\u00e9m a Roma: Paulo e o Juda\u00edsmo"}]},{"@type":"WebSite","@id":"https:\/\/israelbiblicalstudies.com\/pt\/#website","url":"https:\/\/israelbiblicalstudies.com\/pt\/","name":"Israel Institute of Biblical Studies","description":"Deepen Your Understanding of the Bible","publisher":{"@id":"https:\/\/israelbiblicalstudies.com\/pt\/#organization"},"potentialAction":[{"@type":"SearchAction","target":{"@type":"EntryPoint","urlTemplate":"https:\/\/israelbiblicalstudies.com\/pt\/?s={search_term_string}"},"query-input":{"@type":"PropertyValueSpecification","valueRequired":true,"valueName":"search_term_string"}}],"inLanguage":"pt-BR"},{"@type":"Organization","@id":"https:\/\/israelbiblicalstudies.com\/pt\/#organization","name":"Israel Biblical Studies","url":"https:\/\/israelbiblicalstudies.com\/pt\/","logo":{"@type":"ImageObject","inLanguage":"pt-BR","@id":"https:\/\/israelbiblicalstudies.com\/pt\/#\/schema\/logo\/image\/","url":"https:\/\/israelbiblicalstudies.com\/wp-content\/uploads\/2016\/09\/logo-invert.png","contentUrl":"https:\/\/israelbiblicalstudies.com\/wp-content\/uploads\/2016\/09\/logo-invert.png","width":152,"height":68,"caption":"Israel Biblical Studies"},"image":{"@id":"https:\/\/israelbiblicalstudies.com\/pt\/#\/schema\/logo\/image\/"}},{"@type":"Person","@id":"https:\/\/israelbiblicalstudies.com\/pt\/#\/schema\/person\/470c9356fa72a497ecb801267dff4d15","name":"Julia Blum","image":{"@type":"ImageObject","inLanguage":"pt-BR","@id":"https:\/\/israelbiblicalstudies.com\/pt\/#\/schema\/person\/image\/","url":"https:\/\/secure.gravatar.com\/avatar\/bba81953dcf8395e3b4a73607c07e2f9d3e53c113398ce1fd48361f3f137b781?s=96&d=mm&r=g","contentUrl":"https:\/\/secure.gravatar.com\/avatar\/bba81953dcf8395e3b4a73607c07e2f9d3e53c113398ce1fd48361f3f137b781?s=96&d=mm&r=g","caption":"Julia Blum"},"description":"Julia is a teacher and an author of several books on biblical topics. She teaches two biblical courses at the Israel Institute of Biblical Studies, \u201cDiscovering the Hebrew Bible\u201d and \u201cJewish Background of the New Testament\u201d, and writes Hebrew insights for these courses.","url":"https:\/\/israelbiblicalstudies.com\/pt\/blog\/author\/juliablum\/"}]}},"_links":{"self":[{"href":"https:\/\/israelbiblicalstudies.com\/pt\/wp-json\/wp\/v2\/posts\/45338","targetHints":{"allow":["GET"]}}],"collection":[{"href":"https:\/\/israelbiblicalstudies.com\/pt\/wp-json\/wp\/v2\/posts"}],"about":[{"href":"https:\/\/israelbiblicalstudies.com\/pt\/wp-json\/wp\/v2\/types\/post"}],"author":[{"embeddable":true,"href":"https:\/\/israelbiblicalstudies.com\/pt\/wp-json\/wp\/v2\/users\/45"}],"replies":[{"embeddable":true,"href":"https:\/\/israelbiblicalstudies.com\/pt\/wp-json\/wp\/v2\/comments?post=45338"}],"version-history":[{"count":0,"href":"https:\/\/israelbiblicalstudies.com\/pt\/wp-json\/wp\/v2\/posts\/45338\/revisions"}],"wp:featuredmedia":[{"embeddable":true,"href":"https:\/\/israelbiblicalstudies.com\/pt\/wp-json\/wp\/v2\/media\/44710"}],"wp:attachment":[{"href":"https:\/\/israelbiblicalstudies.com\/pt\/wp-json\/wp\/v2\/media?parent=45338"}],"wp:term":[{"taxonomy":"category","embeddable":true,"href":"https:\/\/israelbiblicalstudies.com\/pt\/wp-json\/wp\/v2\/categories?post=45338"},{"taxonomy":"post_tag","embeddable":true,"href":"https:\/\/israelbiblicalstudies.com\/pt\/wp-json\/wp\/v2\/tags?post=45338"}],"curies":[{"name":"wp","href":"https:\/\/api.w.org\/{rel}","templated":true}]}}