{"id":45346,"date":"2022-10-10T19:10:36","date_gmt":"2022-10-10T16:10:36","guid":{"rendered":"https:\/\/iibsblogsstg.wpenginepowered.com\/?p=17985"},"modified":"2025-08-13T11:40:32","modified_gmt":"2025-08-13T11:40:32","slug":"desvendando-o-misterio-dos-feriados-de-outono","status":"publish","type":"post","link":"https:\/\/israelbiblicalstudies.com\/pt\/blog\/category\/jewish-studies\/desvendando-o-misterio-dos-feriados-de-outono\/","title":{"rendered":"Desvendando o Mist\u00e9rio dos Feriados de Outono"},"content":{"rendered":"<div>Meus queridos leitores, j\u00e1 que agora publico meus artigos apenas uma vez por m\u00eas e este \u00e9 realmente um m\u00eas muito especial, vou discutir todos os feriados de Outono neste artigo.\u00a0Estamos no m\u00eas Hebraico de <i>Tishr\u00e9i,<\/i>\u00a0o s\u00e9timo m\u00eas do calend\u00e1rio Hebraico.\u00a0Como todos sabem, o n\u00famero sete \u00e9 muito importante na B\u00edblia.\u00a0O que \u00e9 o s\u00e9timo dia?\u00a0O s<i>hab\u00e1t<\/i>, \u00e9 claro, e assim como o s\u00e9timo dia \u00e9 um s\u00edmbolo prof\u00e9tico do futuro reino messi\u00e2nico, o s\u00e9timo m\u00eas tamb\u00e9m \u00e9: a jornada da alma para a alegria do reino messi\u00e2nico est\u00e1 se revelando gradualmente neste m\u00eas especial.\u00a0Notavelmente, <i>R\u00f3sh haShan\u00e1<\/i> \u00e9 o \u00fanico feriado no calend\u00e1rio Judaico que cai na Lua Nova, o in\u00edcio do novo m\u00eas Judaico, quando a lua, antes escondida de nossos olhos, gradualmente come\u00e7a a aparecer.\u00a0Junto com a lua,\u00a0o mist\u00e9rio de Sua Paternidade e Seu Reino torna-se cada vez mais brilhante \u00e0 medida que avan\u00e7amos de um feriado para outro.\u00a0Hoje, vamos acompanhar a jornada da alma simbolizada e revelada por estes dias especiais.<\/div>\n<div>\n<div><\/div>\n<div><span lang=\"PT-BR\">Claro, come\u00e7aremos com o primeiro de <i>Tishr\u00e9i: R\u00f3sh haShan\u00e1<\/i>.\u00a0O termo\u00a0<i>R\u00f3sh haShan\u00e1\u00a0<\/i>em seu significado atual n\u00e3o aparece na B\u00edblia.\u00a0<\/span><\/div>\n<div><span lang=\"PT-BR\"><a href=\"https:\/\/biblia.com\/bible\/esv\/Lev%2023.24\" target=\"_blank\" rel=\"noopener\">Lev\u00edtico 23:24<\/a><\/span><span lang=\"PT-BR\">\u00a0refere-se ao festival do primeiro dia do s\u00e9timo m\u00eas como <i>Zikar\u00f3n Teru&#8217;\u00e1<\/i>\u00a0 ([um] Memorial [do] toque [das Trombetas]);\u00a0<\/span><\/div>\n<div><span lang=\"PT-BR\"><a href=\"https:\/\/biblia.com\/bible\/esv\/Num%2029.1\" target=\"_blank\" rel=\"noopener\">N\u00fameros 29:1<\/a><\/span><span lang=\"PT-BR\">chama o festival de <i>Y\u00f3m Teru&#8217;\u00e1<\/i>\u00a0( \u00abDia [de] tocar [a Trombeta]\u00bb).\u00a0Assim, o nome Hebraico b\u00edblico para este feriado \u00e9 (<span dir=\"RTL\" lang=\"HE\">\u05d9\u05d5\u05b9\u05dd<\/span><span dir=\"RTL\" lang=\"HE\">\u00a0<\/span><span dir=\"RTL\" lang=\"HE\">\u05ea\u05b0\u05bc\u05e8\u05d5\u05bc\u05e2\u05b8\u05d4<\/span><span lang=\"HE\">\u200e\u200e<\/span>;\u00a0<i>Y\u00f3m Teru&#8217;\u00e1<\/i>),<\/span>\u00a0literalmente \u00abDia [de] Gritar\/Explodir\u00bb, e geralmente \u00e9 traduzido como a\u00a0Festa das Trombetas.\u00a0O \u00fanico mandamento que temos na Tor\u00e1 para este dia \u00e9 de fato o toque (<i>shof\u00e1r<\/i>).\u00a0<span lang=\"EN-US\">Por qu\u00ea?<\/span><\/div>\n<p>O toque do <i>shof\u00e1r<\/i> \u00e9 um s\u00edmbolo de entroniza\u00e7\u00e3o e realeza.\u00a0Estudiosos sugeriram que o toque do <i>shof\u00e1r<\/i> indica a entroniza\u00e7\u00e3o de Deus para o Ano Novo: em <i>R\u00f3sh haShan\u00e1<\/i>, Deus criou o mundo, e ao tocar nossos <i>shof\u00e1r<\/i> n\u00f3s O proclamamos como nosso Rei!\u00a0Ao abrir um novo ano do calend\u00e1rio Judaico, <i>R\u00f3sh haShan\u00e1<\/i>\u00a0comemora o anivers\u00e1rio da cria\u00e7\u00e3o.\u00a0No entanto, o dia que celebramos como <i>R\u00f3sh haShan\u00e1<\/i>,, o primeiro de <i>Tishr\u00e9i<\/i>, n\u00e3o \u00e9 realmente considerado o anivers\u00e1rio da cria\u00e7\u00e3o em si \u00e9 o anivers\u00e1rio do sexto dia da cria\u00e7\u00e3o, quando Ad\u00e3o e Eva foram criados.\u00a0O anivers\u00e1rio do primeiro dia da cria\u00e7\u00e3o seria cinco dias antes, no vig\u00e9simo quinto dia de <i>El\u00fal<\/i>.\u00a0Por qu\u00ea?\u00a0Porque, de acordo com a compreens\u00e3o Judaica, \u00e9 somente quando o homem foi criado que toda a cria\u00e7\u00e3o se tornou significativa.<em>\u00a0\u00a0<\/em>Na tradi\u00e7\u00e3o rab\u00ednica, foi apenas o nascimento da humanidade que tornou poss\u00edvel que Deus fosse proclamado Rei.\u00a0Portanto, quando tocamos o <i>shof\u00e1r<\/i>\u00a0 neste dia, \u00e9 semelhante a uma coroa\u00e7\u00e3o: proclamamos a entroniza\u00e7\u00e3o e o reinado de Deus por mais um ano.\u00a0Assim, chegamos ao tema principal das grandes festas:\u00a0<strong>\u00a0Deus \u00e9 Rei!\u00a0<\/strong>A Realeza de Deus \u00e9 o tema principal de <i>R\u00f3sh haShan\u00e1\u00a0<\/i>e dos Dez Dias de Temor que ele inaugura.\u00a0As ora\u00e7\u00f5es especiais para estes dias est\u00e3o cheias de refer\u00eancias a Deus como Rei: lemos a ora\u00e7\u00e3o <i>Av\u00ednu Malk\u00e9inu\u00a0<\/i>todos os dias durante estes dias especiais.<\/p>\n<\/div>\n<div>\n<p>A este entendimento tradicional, gostaria de acrescentar uma vis\u00e3o pessoal: acredito que o som do <i>shof\u00e1r<\/i> \u00e9 um\u00a0<strong>lembrete<\/strong>\u00a0para todas as almas (por isso \u00e9 chamado <i>Y\u00f3m<\/i>\u00a0<i>Zikar\u00f3n Teru&#8217;\u00e1<\/i>).\u00a0Cada um de n\u00f3s tem sua pr\u00f3pria hist\u00f3ria, mas h\u00e1 uma hist\u00f3ria maior da qual cada um de n\u00f3s faz parte, estejamos conscientes disso ou n\u00e3o. <i>Zikar\u00f3n Teru&#8217;\u00e1<\/i> \u00e9 um lembrete de que fazemos parte de\u00a0<em>Sua<\/em>\u00a0hist\u00f3ria.\u00a0\u00c9 um lembrete para cada um de n\u00f3s que n\u00e3o somos \u00f3rf\u00e3os neste mundo, que temos um verdadeiro Pai e este Pai \u00e9 Rei.\u00a0Se lembrarmos tamb\u00e9m que nas Escrituras a palavra\u00a0<em>lizk\u00f3r, \u00ab<\/em>lembrar-se\u00bb sempre significa alguma a\u00e7\u00e3o \u2014quando lemos \u00ab<em>E o Senhor lembrou-se de No\u00e9\u2026 Sara\u2026 Jos\u00e9<\/em>\u00bb, sempre h\u00e1 alguma a\u00e7\u00e3o seguindo estas palavras\u2014 entender\u00edamos que o despertar da alma \u00e9 apenas o ponto de partida, ap\u00f3s o qual a a\u00e7\u00e3o real, o trabalho da alma, deve seguir.\u00a0Esta obra da alma \u00e9 o arrependimento que o Senhor espera da alma.\u00a0O som do <i>shof\u00e1r<\/i> desperta a alma em <i>R\u00f3sh haShan\u00e1<\/i>, ela se lembra de que tem um Pai e um Rei, e embarca no caminho do respeito e da humildade.\u00a0Assim, entramos no pr\u00f3ximo segmento desta jornada: os Dias de Temor.<\/p>\n<\/div>\n<div>\n<div>\n<p>Acredito que estes dez dias simbolizam o caminho da alma desperta.\u00a0Este \u00e9 o caminho da alma, que primeiro percebe que seu Pai \u00e9 o Rei, e se regozija e estremece de felicidade, mas aos poucos compreende que Ele tamb\u00e9m \u00e9 seu Rei, e se humilha sob este conhecimento: Ele \u00e9 meu Rei, Ele \u00e9 meu Mestre, Ele \u00e9 meu Senhor.\u00a0\u00c9 a mesma progress\u00e3o que vemos no C\u00e2ntico dos C\u00e2nticos, desde o j\u00fabilo inicial: Meu Amado pertence a mim, at\u00e9 o humilde entendimento: Eu perten\u00e7o ao meu Amado.\u00a0E assim, chegamos ao <i>Y\u00f3m Kip\u00far<\/i>r, quando nos \u00e9 dito para \u00abhumilhar nossas almas\u00bb.<\/p>\n<div><span lang=\"PT-BR\">Na \u00e9poca de <i>Y\u00f3m Kip\u00far<\/i>r, a lua est\u00e1 quase cheia (mas ainda n\u00e3o completamente cheia).\u00a0O mist\u00e9rio continua a se desvendar.\u00a0Se lermos Lev\u00edtico 16, o texto principal do <i>Y\u00f3m Kip\u00far<\/i>, entenderemos que no <i>Y\u00f3m Kip\u00far<\/i>r outra verdade muito importante \u00e9 revelada: temos um Redentor, Aquele que Ele pr\u00f3prio redime e purifica.\u00a0N\u00e3o importa qu\u00e3o impuros possamos ser quando vamos a ele, o pr\u00f3prio Rei purifica e redime.\u00a0Ele \u00e9 nosso Redentor e nosso Sumo Sacerdote.\u00a0Ele nos redime e nos toma como seus filhos\u00a0 e isto \u00e9 <i>jatim\u00e1 tov\u00e1<\/i>!<\/span><\/div>\n<p>E ent\u00e3o, no dia 15\u00a0 de <i>Tishr\u00e9i<\/i>, chegamos \u00e0 lua cheia e \u00e0 plena revela\u00e7\u00e3o do mist\u00e9rio de <i>Tishr\u00e9i<\/i>.\u00a0O feriado de <i>Suc\u00f3t\u00a0<\/i> come\u00e7a cinco dias ap\u00f3s o Dia da Expia\u00e7\u00e3o, no dia 15 do m\u00eas de <i>Tishr\u00e9i<\/i>,\u00a0 (\u05d8\u05d5&#8217; \u05d1\u05ea\u05e9\u05e8\u05d9;\u00a0<em>t<\/em><i>\u00e9t-v\u00e1v be-Tishr\u00e9i<\/i>)<em>,<\/em>\u00a0na lua cheia.\u00a0Qual \u00e9 o significado de <i>Suc\u00f3t<\/i>\u00a0 e por que, na B\u00edblia, <i>Suc\u00f3t<\/i>\u00a0 \u00e0s vezes \u00e9 simplesmente chamado de \u00abA Festa\u00bb (\u00a0<a href=\"https:\/\/biblia.com\/bible\/esv\/1%20Kings%208.2\">1 Reis 8:2<\/a>\u00a0) ou \u00abA Festa do Senhor\u00bb (\u00a0<a href=\"https:\/\/biblia.com\/bible\/esv\/Lev.23.39\">Lev\u00edtico 23:39<\/a>\u00a0).\u00a0O que h\u00e1 de t\u00e3o especial em <i>Suc\u00f3t<\/i>?<\/p>\n<p>De acordo com a tradi\u00e7\u00e3o Judaica, no <i>Y\u00f3m Kip\u00far<\/i>, Deus perdoou Seu povo ap\u00f3s o terr\u00edvel pecado do Bezerro de Ouro, e Mois\u00e9s voltou com o segundo conjunto de t\u00e1buas.\u00a0No entanto, \u00e9 somente em <i>Suc\u00f3t<\/i> que a presen\u00e7a de Deus voltou a habitar entre Seu povo;\u00a0\u00e9 somente em <i>Suc\u00f3t<\/i> que essas nuvens divinas cobrem as barracas feitas \u00e0 m\u00e3o.\u00a0\u00c9 por isso que <i>Suc\u00f3t<\/i>\u00a0\u00e9 de fato o feriado da intimidade divina e da presen\u00e7a divina!\u00a0\u00c9 por isso que <i>Suc\u00f3t<\/i> \u00e9 o mais alegre dos festivais B\u00edblicos.\u00a0Se <i>P\u00e9saj<\/i>\u00a0 \u00e9 chamado de \u00ab\u00e9poca de nossa liberta\u00e7\u00e3o\u00bb, e <em>Shavu\u00f3t<\/em> \u00e9 chamado de \u00ab\u00e9poca de entrega de nossa Tor\u00e1\u00bb, <em>Suc\u00f3t<\/em> \u00e9 chamado <i>zm\u00e1n simjat\u00e9inu<\/i>, a \u00ab\u00e9poca da nossa alegria\u00bb\u2014porque Deus, em Sua miseric\u00f3rdia, veio ao tabern\u00e1culo com Seu povo. Esta \u00e9 a alegria de <em>Suc\u00f3t<\/em>, a alegria da presen\u00e7a de Deus e assim, o mist\u00e9rio de <i>Tishr\u00e9i<\/i>\u00a0 \u00e9 desvendado e revelado.\u00a0Somos despertados pelo shofar e lembrados de nosso Pai e nosso Rei em <i>R\u00f3sh haShan\u00e1<\/i>;\u00a0nos humilhamos perante Ele durante os Dias de Temor;\u00a0Ele nos redime e purifica no <i>Y\u00f3m Kip\u00far<\/i>;\u00a0e, finalmente, em <em>Suc\u00f3t<\/em> entramos na alegria plena de Sua presen\u00e7a e em nossa comunh\u00e3o renovada com Ele.\u00a0A lua cheia nos revela a verdade prof\u00e9tica e profunda do Reino Messi\u00e2nico que tanto Judeus como Crist\u00e3os esperam com os cora\u00e7\u00f5es tr\u00eamulos: um dia, n\u00e3o precisaremos nem de sol nem de lua, porque Ele mesmo ser\u00e1 nossa Luz.<\/p>\n<\/div>\n<\/div>\n<div>\n<p>&nbsp;<\/p>\n<\/div>\n<div>\n<div><i><span lang=\"PT-BR\">Se\u00a0<\/span><\/i><span lang=\"PT-BR\">estes artigos despertarem <i>seu interesse por descobrir os tesouros escondidos da B\u00edblia Hebraica, ficarei feliz em fornecer mais informa\u00e7\u00f5es (e tamb\u00e9m um desconto de professor para os \u00a0novos alunos) em rela\u00e7\u00e3o aos maravilhosos cursos da eTeacher\u00a0<\/i>(<\/span><span lang=\"PT-BR\"><a href=\"mailto:juliab@eteachergroup.com\">juliab@eteachergroup.com<\/a><\/span><span lang=\"PT-BR\">).\u00a0<i>Voc\u00eas tamb\u00e9m podem gostar dos meus livros, todos eles s\u00e3o baseados na B\u00edblia e t\u00eam muitas perspectivas Hebraicas<\/i>, <em>v<\/em><i>oc\u00eas podem obt\u00ea-los\u00a0<\/i><\/span><u><span style=\"color: #0000ee\"><i>aqu\u00ed<\/i><\/span><i>.<\/i><\/u><\/div>\n<\/div>\n<p>&nbsp;<\/p>\n<p>&nbsp;<\/p>\n<p>&nbsp;<\/p>\n<p>&nbsp;<\/p>\n<p>&nbsp;<\/p>\n<p>&nbsp;<\/p>\n<p>&nbsp;<\/p>\n","protected":false},"excerpt":{"rendered":"<p>Meus queridos leitores, j\u00e1 que agora publico meus artigos apenas uma vez por m\u00eas e este \u00e9 realmente um m\u00eas muito especial, vou discutir todos os feriados de Outono neste artigo.\u00a0Estamos no m\u00eas Hebraico de Tishr\u00e9i,\u00a0o s\u00e9timo m\u00eas do calend\u00e1rio Hebraico.\u00a0Como todos sabem, o n\u00famero sete \u00e9 muito importante na B\u00edblia.\u00a0O que \u00e9 o s\u00e9timo [&hellip;]<\/p>\n","protected":false},"author":45,"featured_media":44722,"comment_status":"closed","ping_status":"open","sticky":false,"template":"","format":"standard","meta":{"_acf_changed":false,"inline_featured_image":false,"footnotes":""},"categories":[395],"tags":[],"class_list":["post-45346","post","type-post","status-publish","format-standard","has-post-thumbnail","hentry","category-jewish-studies"],"acf":[],"yoast_head":"<!-- This site is optimized with the Yoast SEO plugin v26.5 - https:\/\/yoast.com\/wordpress\/plugins\/seo\/ -->\n<title>Desvendando o Mist\u00e9rio dos Feriados de Outono - Israel Institute of Biblical Studies<\/title>\n<meta name=\"description\" content=\"Meus queridos leitores, j\u00e1 que agora publico meus artigos apenas uma vez por m\u00eas e este \u00e9 realmente um m\u00eas muito especial, vou discutir todos os feriados\" \/>\n<meta name=\"robots\" content=\"index, follow, max-snippet:-1, max-image-preview:large, max-video-preview:-1\" \/>\n<link rel=\"canonical\" href=\"https:\/\/israelbiblicalstudies.com\/pt\/blog\/category\/jewish-studies\/desvendando-o-misterio-dos-feriados-de-outono\/\" \/>\n<meta property=\"og:locale\" content=\"pt_BR\" \/>\n<meta property=\"og:type\" content=\"article\" \/>\n<meta property=\"og:title\" content=\"Desvendando o Mist\u00e9rio dos Feriados de Outono - Israel Institute of Biblical Studies\" \/>\n<meta property=\"og:description\" content=\"Meus queridos leitores, j\u00e1 que agora publico meus artigos apenas uma vez por m\u00eas e este \u00e9 realmente um m\u00eas muito especial, vou discutir todos os feriados\" \/>\n<meta property=\"og:url\" content=\"https:\/\/israelbiblicalstudies.com\/pt\/blog\/category\/jewish-studies\/desvendando-o-misterio-dos-feriados-de-outono\/\" \/>\n<meta property=\"og:site_name\" content=\"Israel Institute of Biblical Studies\" \/>\n<meta property=\"article:published_time\" content=\"2022-10-10T16:10:36+00:00\" \/>\n<meta property=\"article:modified_time\" content=\"2025-08-13T11:40:32+00:00\" \/>\n<meta property=\"og:image\" content=\"https:\/\/israelbiblicalstudies.com\/wp-content\/uploads\/2022\/10\/shutterstock_1893623905-1-scaled-1.jpg\" \/>\n\t<meta property=\"og:image:width\" content=\"1024\" \/>\n\t<meta property=\"og:image:height\" content=\"660\" \/>\n\t<meta property=\"og:image:type\" content=\"image\/jpeg\" \/>\n<meta name=\"author\" content=\"Julia Blum\" \/>\n<meta name=\"twitter:card\" content=\"summary_large_image\" \/>\n<meta name=\"twitter:label1\" content=\"Escrito por\" \/>\n\t<meta name=\"twitter:data1\" content=\"Julia Blum\" \/>\n\t<meta name=\"twitter:label2\" content=\"Est. tempo de leitura\" \/>\n\t<meta name=\"twitter:data2\" content=\"6 minutos\" \/>\n<script type=\"application\/ld+json\" class=\"yoast-schema-graph\">{\"@context\":\"https:\/\/schema.org\",\"@graph\":[{\"@type\":\"Article\",\"@id\":\"https:\/\/israelbiblicalstudies.com\/pt\/blog\/category\/jewish-studies\/desvendando-o-misterio-dos-feriados-de-outono\/#article\",\"isPartOf\":{\"@id\":\"https:\/\/israelbiblicalstudies.com\/pt\/blog\/category\/jewish-studies\/desvendando-o-misterio-dos-feriados-de-outono\/\"},\"author\":{\"name\":\"Julia Blum\",\"@id\":\"https:\/\/israelbiblicalstudies.com\/pt\/#\/schema\/person\/470c9356fa72a497ecb801267dff4d15\"},\"headline\":\"Desvendando o Mist\u00e9rio dos Feriados de Outono\",\"datePublished\":\"2022-10-10T16:10:36+00:00\",\"dateModified\":\"2025-08-13T11:40:32+00:00\",\"mainEntityOfPage\":{\"@id\":\"https:\/\/israelbiblicalstudies.com\/pt\/blog\/category\/jewish-studies\/desvendando-o-misterio-dos-feriados-de-outono\/\"},\"wordCount\":1438,\"publisher\":{\"@id\":\"https:\/\/israelbiblicalstudies.com\/pt\/#organization\"},\"image\":{\"@id\":\"https:\/\/israelbiblicalstudies.com\/pt\/blog\/category\/jewish-studies\/desvendando-o-misterio-dos-feriados-de-outono\/#primaryimage\"},\"thumbnailUrl\":\"https:\/\/israelbiblicalstudies.com\/wp-content\/uploads\/2022\/10\/shutterstock_1893623905-1-scaled-1.jpg\",\"articleSection\":[\"Estudos Judaicos\"],\"inLanguage\":\"pt-BR\"},{\"@type\":\"WebPage\",\"@id\":\"https:\/\/israelbiblicalstudies.com\/pt\/blog\/category\/jewish-studies\/desvendando-o-misterio-dos-feriados-de-outono\/\",\"url\":\"https:\/\/israelbiblicalstudies.com\/pt\/blog\/category\/jewish-studies\/desvendando-o-misterio-dos-feriados-de-outono\/\",\"name\":\"Desvendando o Mist\u00e9rio dos Feriados de Outono - Israel Institute of Biblical Studies\",\"isPartOf\":{\"@id\":\"https:\/\/israelbiblicalstudies.com\/pt\/#website\"},\"primaryImageOfPage\":{\"@id\":\"https:\/\/israelbiblicalstudies.com\/pt\/blog\/category\/jewish-studies\/desvendando-o-misterio-dos-feriados-de-outono\/#primaryimage\"},\"image\":{\"@id\":\"https:\/\/israelbiblicalstudies.com\/pt\/blog\/category\/jewish-studies\/desvendando-o-misterio-dos-feriados-de-outono\/#primaryimage\"},\"thumbnailUrl\":\"https:\/\/israelbiblicalstudies.com\/wp-content\/uploads\/2022\/10\/shutterstock_1893623905-1-scaled-1.jpg\",\"datePublished\":\"2022-10-10T16:10:36+00:00\",\"dateModified\":\"2025-08-13T11:40:32+00:00\",\"description\":\"Meus queridos leitores, j\u00e1 que agora publico meus artigos apenas uma vez por m\u00eas e este \u00e9 realmente um m\u00eas muito especial, vou discutir todos os feriados\",\"breadcrumb\":{\"@id\":\"https:\/\/israelbiblicalstudies.com\/pt\/blog\/category\/jewish-studies\/desvendando-o-misterio-dos-feriados-de-outono\/#breadcrumb\"},\"inLanguage\":\"pt-BR\",\"potentialAction\":[{\"@type\":\"ReadAction\",\"target\":[\"https:\/\/israelbiblicalstudies.com\/pt\/blog\/category\/jewish-studies\/desvendando-o-misterio-dos-feriados-de-outono\/\"]}]},{\"@type\":\"ImageObject\",\"inLanguage\":\"pt-BR\",\"@id\":\"https:\/\/israelbiblicalstudies.com\/pt\/blog\/category\/jewish-studies\/desvendando-o-misterio-dos-feriados-de-outono\/#primaryimage\",\"url\":\"https:\/\/israelbiblicalstudies.com\/wp-content\/uploads\/2022\/10\/shutterstock_1893623905-1-scaled-1.jpg\",\"contentUrl\":\"https:\/\/israelbiblicalstudies.com\/wp-content\/uploads\/2022\/10\/shutterstock_1893623905-1-scaled-1.jpg\",\"width\":1024,\"height\":660},{\"@type\":\"BreadcrumbList\",\"@id\":\"https:\/\/israelbiblicalstudies.com\/pt\/blog\/category\/jewish-studies\/desvendando-o-misterio-dos-feriados-de-outono\/#breadcrumb\",\"itemListElement\":[{\"@type\":\"ListItem\",\"position\":1,\"name\":\"Home\",\"item\":\"https:\/\/israelbiblicalstudies.com\/pt\/\"},{\"@type\":\"ListItem\",\"position\":2,\"name\":\"Estudos Judaicos\",\"item\":\"https:\/\/israelbiblicalstudies.com\/pt\/blog\/category\/jewish-studies\/\"},{\"@type\":\"ListItem\",\"position\":3,\"name\":\"Desvendando o Mist\u00e9rio dos Feriados de Outono\"}]},{\"@type\":\"WebSite\",\"@id\":\"https:\/\/israelbiblicalstudies.com\/pt\/#website\",\"url\":\"https:\/\/israelbiblicalstudies.com\/pt\/\",\"name\":\"Israel Institute of Biblical Studies\",\"description\":\"Deepen Your Understanding of the Bible\",\"publisher\":{\"@id\":\"https:\/\/israelbiblicalstudies.com\/pt\/#organization\"},\"potentialAction\":[{\"@type\":\"SearchAction\",\"target\":{\"@type\":\"EntryPoint\",\"urlTemplate\":\"https:\/\/israelbiblicalstudies.com\/pt\/?s={search_term_string}\"},\"query-input\":{\"@type\":\"PropertyValueSpecification\",\"valueRequired\":true,\"valueName\":\"search_term_string\"}}],\"inLanguage\":\"pt-BR\"},{\"@type\":\"Organization\",\"@id\":\"https:\/\/israelbiblicalstudies.com\/pt\/#organization\",\"name\":\"Israel Biblical Studies\",\"url\":\"https:\/\/israelbiblicalstudies.com\/pt\/\",\"logo\":{\"@type\":\"ImageObject\",\"inLanguage\":\"pt-BR\",\"@id\":\"https:\/\/israelbiblicalstudies.com\/pt\/#\/schema\/logo\/image\/\",\"url\":\"https:\/\/israelbiblicalstudies.com\/wp-content\/uploads\/2016\/09\/logo-invert.png\",\"contentUrl\":\"https:\/\/israelbiblicalstudies.com\/wp-content\/uploads\/2016\/09\/logo-invert.png\",\"width\":152,\"height\":68,\"caption\":\"Israel Biblical Studies\"},\"image\":{\"@id\":\"https:\/\/israelbiblicalstudies.com\/pt\/#\/schema\/logo\/image\/\"}},{\"@type\":\"Person\",\"@id\":\"https:\/\/israelbiblicalstudies.com\/pt\/#\/schema\/person\/470c9356fa72a497ecb801267dff4d15\",\"name\":\"Julia Blum\",\"image\":{\"@type\":\"ImageObject\",\"inLanguage\":\"pt-BR\",\"@id\":\"https:\/\/israelbiblicalstudies.com\/pt\/#\/schema\/person\/image\/\",\"url\":\"https:\/\/secure.gravatar.com\/avatar\/bba81953dcf8395e3b4a73607c07e2f9d3e53c113398ce1fd48361f3f137b781?s=96&d=mm&r=g\",\"contentUrl\":\"https:\/\/secure.gravatar.com\/avatar\/bba81953dcf8395e3b4a73607c07e2f9d3e53c113398ce1fd48361f3f137b781?s=96&d=mm&r=g\",\"caption\":\"Julia Blum\"},\"description\":\"Julia is a teacher and an author of several books on biblical topics. She teaches two biblical courses at the Israel Institute of Biblical Studies, \u201cDiscovering the Hebrew Bible\u201d and \u201cJewish Background of the New Testament\u201d, and writes Hebrew insights for these courses.\",\"url\":\"https:\/\/israelbiblicalstudies.com\/pt\/blog\/author\/juliablum\/\"}]}<\/script>\n<!-- \/ Yoast SEO plugin. -->","yoast_head_json":{"title":"Desvendando o Mist\u00e9rio dos Feriados de Outono - Israel Institute of Biblical Studies","description":"Meus queridos leitores, j\u00e1 que agora publico meus artigos apenas uma vez por m\u00eas e este \u00e9 realmente um m\u00eas muito especial, vou discutir todos os feriados","robots":{"index":"index","follow":"follow","max-snippet":"max-snippet:-1","max-image-preview":"max-image-preview:large","max-video-preview":"max-video-preview:-1"},"canonical":"https:\/\/israelbiblicalstudies.com\/pt\/blog\/category\/jewish-studies\/desvendando-o-misterio-dos-feriados-de-outono\/","og_locale":"pt_BR","og_type":"article","og_title":"Desvendando o Mist\u00e9rio dos Feriados de Outono - Israel Institute of Biblical Studies","og_description":"Meus queridos leitores, j\u00e1 que agora publico meus artigos apenas uma vez por m\u00eas e este \u00e9 realmente um m\u00eas muito especial, vou discutir todos os feriados","og_url":"https:\/\/israelbiblicalstudies.com\/pt\/blog\/category\/jewish-studies\/desvendando-o-misterio-dos-feriados-de-outono\/","og_site_name":"Israel Institute of Biblical Studies","article_published_time":"2022-10-10T16:10:36+00:00","article_modified_time":"2025-08-13T11:40:32+00:00","og_image":[{"width":1024,"height":660,"url":"https:\/\/israelbiblicalstudies.com\/wp-content\/uploads\/2022\/10\/shutterstock_1893623905-1-scaled-1.jpg","type":"image\/jpeg"}],"author":"Julia Blum","twitter_card":"summary_large_image","twitter_misc":{"Escrito por":"Julia Blum","Est. tempo de leitura":"6 minutos"},"schema":{"@context":"https:\/\/schema.org","@graph":[{"@type":"Article","@id":"https:\/\/israelbiblicalstudies.com\/pt\/blog\/category\/jewish-studies\/desvendando-o-misterio-dos-feriados-de-outono\/#article","isPartOf":{"@id":"https:\/\/israelbiblicalstudies.com\/pt\/blog\/category\/jewish-studies\/desvendando-o-misterio-dos-feriados-de-outono\/"},"author":{"name":"Julia Blum","@id":"https:\/\/israelbiblicalstudies.com\/pt\/#\/schema\/person\/470c9356fa72a497ecb801267dff4d15"},"headline":"Desvendando o Mist\u00e9rio dos Feriados de Outono","datePublished":"2022-10-10T16:10:36+00:00","dateModified":"2025-08-13T11:40:32+00:00","mainEntityOfPage":{"@id":"https:\/\/israelbiblicalstudies.com\/pt\/blog\/category\/jewish-studies\/desvendando-o-misterio-dos-feriados-de-outono\/"},"wordCount":1438,"publisher":{"@id":"https:\/\/israelbiblicalstudies.com\/pt\/#organization"},"image":{"@id":"https:\/\/israelbiblicalstudies.com\/pt\/blog\/category\/jewish-studies\/desvendando-o-misterio-dos-feriados-de-outono\/#primaryimage"},"thumbnailUrl":"https:\/\/israelbiblicalstudies.com\/wp-content\/uploads\/2022\/10\/shutterstock_1893623905-1-scaled-1.jpg","articleSection":["Estudos Judaicos"],"inLanguage":"pt-BR"},{"@type":"WebPage","@id":"https:\/\/israelbiblicalstudies.com\/pt\/blog\/category\/jewish-studies\/desvendando-o-misterio-dos-feriados-de-outono\/","url":"https:\/\/israelbiblicalstudies.com\/pt\/blog\/category\/jewish-studies\/desvendando-o-misterio-dos-feriados-de-outono\/","name":"Desvendando o Mist\u00e9rio dos Feriados de Outono - Israel Institute of Biblical Studies","isPartOf":{"@id":"https:\/\/israelbiblicalstudies.com\/pt\/#website"},"primaryImageOfPage":{"@id":"https:\/\/israelbiblicalstudies.com\/pt\/blog\/category\/jewish-studies\/desvendando-o-misterio-dos-feriados-de-outono\/#primaryimage"},"image":{"@id":"https:\/\/israelbiblicalstudies.com\/pt\/blog\/category\/jewish-studies\/desvendando-o-misterio-dos-feriados-de-outono\/#primaryimage"},"thumbnailUrl":"https:\/\/israelbiblicalstudies.com\/wp-content\/uploads\/2022\/10\/shutterstock_1893623905-1-scaled-1.jpg","datePublished":"2022-10-10T16:10:36+00:00","dateModified":"2025-08-13T11:40:32+00:00","description":"Meus queridos leitores, j\u00e1 que agora publico meus artigos apenas uma vez por m\u00eas e este \u00e9 realmente um m\u00eas muito especial, vou discutir todos os feriados","breadcrumb":{"@id":"https:\/\/israelbiblicalstudies.com\/pt\/blog\/category\/jewish-studies\/desvendando-o-misterio-dos-feriados-de-outono\/#breadcrumb"},"inLanguage":"pt-BR","potentialAction":[{"@type":"ReadAction","target":["https:\/\/israelbiblicalstudies.com\/pt\/blog\/category\/jewish-studies\/desvendando-o-misterio-dos-feriados-de-outono\/"]}]},{"@type":"ImageObject","inLanguage":"pt-BR","@id":"https:\/\/israelbiblicalstudies.com\/pt\/blog\/category\/jewish-studies\/desvendando-o-misterio-dos-feriados-de-outono\/#primaryimage","url":"https:\/\/israelbiblicalstudies.com\/wp-content\/uploads\/2022\/10\/shutterstock_1893623905-1-scaled-1.jpg","contentUrl":"https:\/\/israelbiblicalstudies.com\/wp-content\/uploads\/2022\/10\/shutterstock_1893623905-1-scaled-1.jpg","width":1024,"height":660},{"@type":"BreadcrumbList","@id":"https:\/\/israelbiblicalstudies.com\/pt\/blog\/category\/jewish-studies\/desvendando-o-misterio-dos-feriados-de-outono\/#breadcrumb","itemListElement":[{"@type":"ListItem","position":1,"name":"Home","item":"https:\/\/israelbiblicalstudies.com\/pt\/"},{"@type":"ListItem","position":2,"name":"Estudos Judaicos","item":"https:\/\/israelbiblicalstudies.com\/pt\/blog\/category\/jewish-studies\/"},{"@type":"ListItem","position":3,"name":"Desvendando o Mist\u00e9rio dos Feriados de Outono"}]},{"@type":"WebSite","@id":"https:\/\/israelbiblicalstudies.com\/pt\/#website","url":"https:\/\/israelbiblicalstudies.com\/pt\/","name":"Israel Institute of Biblical Studies","description":"Deepen Your Understanding of the Bible","publisher":{"@id":"https:\/\/israelbiblicalstudies.com\/pt\/#organization"},"potentialAction":[{"@type":"SearchAction","target":{"@type":"EntryPoint","urlTemplate":"https:\/\/israelbiblicalstudies.com\/pt\/?s={search_term_string}"},"query-input":{"@type":"PropertyValueSpecification","valueRequired":true,"valueName":"search_term_string"}}],"inLanguage":"pt-BR"},{"@type":"Organization","@id":"https:\/\/israelbiblicalstudies.com\/pt\/#organization","name":"Israel Biblical Studies","url":"https:\/\/israelbiblicalstudies.com\/pt\/","logo":{"@type":"ImageObject","inLanguage":"pt-BR","@id":"https:\/\/israelbiblicalstudies.com\/pt\/#\/schema\/logo\/image\/","url":"https:\/\/israelbiblicalstudies.com\/wp-content\/uploads\/2016\/09\/logo-invert.png","contentUrl":"https:\/\/israelbiblicalstudies.com\/wp-content\/uploads\/2016\/09\/logo-invert.png","width":152,"height":68,"caption":"Israel Biblical Studies"},"image":{"@id":"https:\/\/israelbiblicalstudies.com\/pt\/#\/schema\/logo\/image\/"}},{"@type":"Person","@id":"https:\/\/israelbiblicalstudies.com\/pt\/#\/schema\/person\/470c9356fa72a497ecb801267dff4d15","name":"Julia Blum","image":{"@type":"ImageObject","inLanguage":"pt-BR","@id":"https:\/\/israelbiblicalstudies.com\/pt\/#\/schema\/person\/image\/","url":"https:\/\/secure.gravatar.com\/avatar\/bba81953dcf8395e3b4a73607c07e2f9d3e53c113398ce1fd48361f3f137b781?s=96&d=mm&r=g","contentUrl":"https:\/\/secure.gravatar.com\/avatar\/bba81953dcf8395e3b4a73607c07e2f9d3e53c113398ce1fd48361f3f137b781?s=96&d=mm&r=g","caption":"Julia Blum"},"description":"Julia is a teacher and an author of several books on biblical topics. She teaches two biblical courses at the Israel Institute of Biblical Studies, \u201cDiscovering the Hebrew Bible\u201d and \u201cJewish Background of the New Testament\u201d, and writes Hebrew insights for these courses.","url":"https:\/\/israelbiblicalstudies.com\/pt\/blog\/author\/juliablum\/"}]}},"_links":{"self":[{"href":"https:\/\/israelbiblicalstudies.com\/pt\/wp-json\/wp\/v2\/posts\/45346","targetHints":{"allow":["GET"]}}],"collection":[{"href":"https:\/\/israelbiblicalstudies.com\/pt\/wp-json\/wp\/v2\/posts"}],"about":[{"href":"https:\/\/israelbiblicalstudies.com\/pt\/wp-json\/wp\/v2\/types\/post"}],"author":[{"embeddable":true,"href":"https:\/\/israelbiblicalstudies.com\/pt\/wp-json\/wp\/v2\/users\/45"}],"replies":[{"embeddable":true,"href":"https:\/\/israelbiblicalstudies.com\/pt\/wp-json\/wp\/v2\/comments?post=45346"}],"version-history":[{"count":0,"href":"https:\/\/israelbiblicalstudies.com\/pt\/wp-json\/wp\/v2\/posts\/45346\/revisions"}],"wp:featuredmedia":[{"embeddable":true,"href":"https:\/\/israelbiblicalstudies.com\/pt\/wp-json\/wp\/v2\/media\/44722"}],"wp:attachment":[{"href":"https:\/\/israelbiblicalstudies.com\/pt\/wp-json\/wp\/v2\/media?parent=45346"}],"wp:term":[{"taxonomy":"category","embeddable":true,"href":"https:\/\/israelbiblicalstudies.com\/pt\/wp-json\/wp\/v2\/categories?post=45346"},{"taxonomy":"post_tag","embeddable":true,"href":"https:\/\/israelbiblicalstudies.com\/pt\/wp-json\/wp\/v2\/tags?post=45346"}],"curies":[{"name":"wp","href":"https:\/\/api.w.org\/{rel}","templated":true}]}}