{"id":8884,"date":"2015-08-11T12:30:48","date_gmt":"2015-08-11T09:30:48","guid":{"rendered":"http:\/\/iibsblogs.wpengine.com\/pt-br\/?p=8884"},"modified":"2025-08-13T11:33:55","modified_gmt":"2025-08-13T11:33:55","slug":"a-pureza-judaica-na-cidade-de-sardes","status":"publish","type":"post","link":"https:\/\/israelbiblicalstudies.com\/pt\/blog\/category\/jewish-studies\/a-pureza-judaica-na-cidade-de-sardes\/","title":{"rendered":"A Pureza Judaica na Cidade de Sardes"},"content":{"rendered":"<p><strong>4 Mas alguns de voc\u00eas de Sardes tem conservado limpas as suas roupas. Voc\u00eas andar\u00e3o comigo vestidos de roupas brancas, pois merecem esta honra.<\/strong><\/p>\n<p>O livro do Apocalipse e seu autor parecem estar positivamente preocupados com a id\u00e9ia b\u00e1sica da pureza Israelita. Em todo o Apocalipse veremos repetidamente esse compromisso com a pureza. Se o livro do Apocalipse pode ser chamado Judaico, ou mais precisamente um documento Israelita do primeiro s\u00e9culo, ent\u00e3o n\u00e3o \u00e9 surpreendente que ele tenha uma elevada preocupa\u00e7\u00e3o com a pureza ritual, uma vez que isto era central para a sociedade Israelita como um todo. As imagens de vestes brancas, se conectadas com o movimento Ess\u00eanio Israelita ou n\u00e3o, mostram a import\u00e2ncia dessa exig\u00eancia de pureza e compromisso. O Rei Salom\u00e3o, resumindo a sua sabedoria, incentiva os jovens de Israel a contar os dias de vida \u00a0e a fazer o seguinte:<\/p>\n<blockquote><p>\u201cPortanto, v\u00e1 em frente. Coma com prazer a sua comida e beba alegremente o seu vinho, pois Deus j\u00e1 aceitou com prazer o que voc\u00ea faz. Deixe suas roupas brancas o tempo todo e n\u00e3o deixe faltar \u00f3leo \u00a0sobre sua cabe\u00e7a\u201d (Ec. 9:7 \u2013 8).<\/p><\/blockquote>\n<p>Esta refer\u00eancia particular, embora escrita muito antes do que os escritos do livro do Apocalipse, no entanto, mostra claramente que a roupa branca era usada at\u00e9 no antigo Israel. Lemos em um trabalho Judaico apocaliptico muito mais tardio, 4\u00ba Esdras:<\/p>\n<blockquote><p>\u201cAqueles que se afastaram da sombra deste mundo receberam vestu\u00e1rios gloriosos do Senhor. Pegue novamente o seu n\u00famero total, \u00d3 Si\u00e3o e conclua a lista do seu povo que se veste de branco, que cumpriu a Tor\u00e1 do Senhor\u201d (4 Esdras 2:39-41).<\/p><\/blockquote>\n<p>\u00c9 prov\u00e1vel que as tradi\u00e7\u00f5es, como aquelas referidas nas cita\u00e7\u00f5es acima, encontraram express\u00e3o especial no movimento Ess\u00eanio em todo o pa\u00eds com o seu c\u00f3digo de vestes distintas. Eles, ao contr\u00e1rio de outros, usavam branco em todos os momentos, (Fl\u00e1vio Josefo, Guerras Judaicas 2.119-161) assim como o grupo filos\u00f3fico Grego de Pit\u00e1goras. (Fl\u00e1vio Josefo, Antiguidades dos Judeus, 15.371). Para ambos, o Israelita e a psique Greco-Romana, havia uma associa\u00e7\u00e3o entre a cor branca e a pureza. As roupas brancas imediatamente mostram manchas e s\u00e3o dif\u00edceis de serem mantidas limpas. Isto ent\u00e3o rapidamente determina se alguem de alguma forma tenha sido manchado ou contaminado.<\/p>\n<p>Os crentes em Sardes, tanto quanto Jesus viu, estavam vestidos de branco e ainda a maioria tinha manchado as pe\u00e7as brancas tornando-se inaptos para o servi\u00e7o do Deus de Jesus. Por esta raz\u00e3o, eles n\u00e3o podiam andar onde Jesus andava. (Ap. 3:2b) Lembre-se, Jesus caminhava entre a Menor\u00e1 celestial \u2013 o candelabro de sete bra\u00e7os localizado no Tabern\u00e1culo celestial. Andar diante de Deus onde Jesus caminha, servi-Lo em pureza leg\u00edtima, requer roupa branca imaculada. De todos os muitos seguidores de Cristo, poucos conseguiram viver e trabalhar em Sardes de uma maneira que Cristo o Sumo Sacerdote celestial julgasse como certa e verdadeira e, portanto, um sacrif\u00edcio aceit\u00e1vel diante do Pai.<\/p>\n<p><strong>5 Aqueles que conseguirem a vit\u00f3ria ser\u00e3o vestidos de branco, e eu n\u00e3o tirarei \u00a0o nome dessas pessoas do livro da vida. Eu declararei abertamente, na presen\u00e7a do Meu Pai e dos Seus anjos, que elas pertencem a mim. 6 Portanto, se voc\u00eas tem ouvidos para ouvir ent\u00e3o ou\u00e7am o que o Esp\u00edrito de Deus diz \u00e0s igrejas.<\/strong><\/p>\n<p>Mais uma vez, a recompensa (vestes brancas) \u00e9 prometida para quem vencer (evitando a adora\u00e7\u00e3o dos deuses pag\u00e3os em favor somente do Deus de Israel). Tendo em conta as press\u00f5es s\u00f3cio-religiosas no Imp\u00e9rio Romano, era extremamente dif\u00edcil para os seguidores de Cristo permanecer imaculados. Foi especialmente dif\u00edcil para os Gentios que faziam parte da coliga\u00e7\u00e3o Judaica e n\u00e3o tinham se juntado aos Judeus atrav\u00e9s da convers\u00e3o proselitista. Devido a isso, Jesus declarou que os nomes daqueles que vencerem permanecer\u00e3o perpetuamente na lista do Livro da Vida.<\/p>\n<p>Embora este n\u00e3o seja o lugar perfeito para uma discuss\u00e3o aprofundada sobre uma se\u00e7\u00e3o fascinante do Talmude Babil\u00f4nico que trata de quatro figuras rab\u00ednicas que tinham ascendido ao Para\u00edso (Pardes); ela, no entanto, deve ser mencionada. Todos os quatro veem o Anjo Metatron. Ele \u00e9 retratado sentando-se para registrar os m\u00e9ritos de Israel em um pergaminho de mem\u00f3ria especial. (bHaggigah 14b-15a) Em Daniel 7, enquanto o profeta estava contemplando uma vis\u00e3o incr\u00edvel de quatro seres celestiais, ele de repente viu alguma coisa mais. Ele escreveu sobre isso da seguinte forma em Dn 7:9-10:<\/p>\n<blockquote><p>\u201cContinuei olhando e vi que foram postos alguns tronos. Num deles assentou-se aquele que sempre existiu. A sua roupa era branca como a neve, e os seus cabelos eram brancos como a l\u00e3. O trono e as suas rodas \u00a0pareciam labaredas de fogo, e de um lugar em frente do trono saia um rio de fogo. Havia ali milhares de pessoas \u00a0que adoravam aquele que estava sentado no trono, e muitos milh\u00f5es estavam de p\u00e9 na presen\u00e7a dele. Come\u00e7ou o julgamento, e \u00a0foram abertos os livros\u201d.<\/p><\/blockquote>\n<p>Essa id\u00e9ia de que em algum lugar no c\u00e9u existe um registro permanente de nomes de pessoas e suas a\u00e7\u00f5es \u00e9 bem atestada em todas as partes tanto na B\u00edblia Hebraica como no Novo Testamento. Aqui est\u00e3o alguns exemplos pertinentes:<\/p>\n<p>\u201c\u2018Mas agora, perdoa os seus pecados\u2026, mas se n\u00e3o, tira o meu nome do seu livro que \u00a0escreveste\u2019. 33 O Senhor disse a Moises, \u2018Riscarei do meu livro todos os que pecaram contra mim\u2019\u201d. (Ex. 32:32-33) \u201cQue o nome deles seja riscado do livro da vida e que n\u00e3o seja colocado na lista dos que te obedecem\u201d (S. 69:28). Saulo Paulo refere-se a seus colegas de trabalho, \u201cE a voc\u00ea, meu fiel companheiro de trabalho, pe\u00e7o que ajude esas duas irm\u00e3s. Pois elas, junto com Clemente e todos os outros meus companheiros, trabalharam muito para espalhar o evangelho. Os nomes deles est\u00e3o no Livro da Vida, que pertence a Deus\u201d (Fp. 4:3). Jesus, ao instruir seus disc\u00edpulos sobre suas prioridades, disse: \u201c\u2026 n\u00e3o fiquem alegres porque os esp\u00edritos maus lhes obedecem, mas sim porque o nome de cada um de voc\u00eas est\u00e1 escrito no c\u00e9u\u201d (Lucas 10:20).<\/p>\n<p>A carta para a igreja em Sardes, assim como no caso de todas as outras congrega\u00e7\u00f5es, termina com a exorta\u00e7\u00e3o apropriada de que quem ouve esta mensagem deve obedec\u00ea-la (3:6).<\/p>\n","protected":false},"excerpt":{"rendered":"<p>4 Mas alguns de voc\u00eas de Sardes tem conservado limpas as suas roupas. Voc\u00eas andar\u00e3o comigo vestidos de roupas brancas, pois merecem esta honra. O livro do Apocalipse e seu autor parecem estar positivamente preocupados com a id\u00e9ia b\u00e1sica da pureza Israelita. Em todo o Apocalipse veremos repetidamente esse compromisso com a pureza. Se o [&hellip;]<\/p>\n","protected":false},"author":43,"featured_media":10949,"comment_status":"open","ping_status":"open","sticky":false,"template":"","format":"standard","meta":{"_acf_changed":false,"inline_featured_image":false,"footnotes":""},"categories":[395],"tags":[],"class_list":["post-8884","post","type-post","status-publish","format-standard","has-post-thumbnail","hentry","category-jewish-studies"],"acf":[],"yoast_head":"<!-- This site is optimized with the Yoast SEO plugin v26.5 - https:\/\/yoast.com\/wordpress\/plugins\/seo\/ -->\n<title>A Pureza Judaica na Cidade de Sardes - Israel Institute of Biblical Studies<\/title>\n<meta name=\"description\" content=\"A Pureza Judaica na Cidade de Sardes\" \/>\n<meta name=\"robots\" content=\"index, follow, max-snippet:-1, max-image-preview:large, max-video-preview:-1\" \/>\n<link rel=\"canonical\" href=\"https:\/\/israelbiblicalstudies.com\/pt\/blog\/category\/jewish-studies\/a-pureza-judaica-na-cidade-de-sardes\/\" \/>\n<meta property=\"og:locale\" content=\"pt_BR\" \/>\n<meta property=\"og:type\" content=\"article\" \/>\n<meta property=\"og:title\" content=\"A Pureza Judaica na Cidade de Sardes - Israel Institute of Biblical Studies\" \/>\n<meta property=\"og:description\" content=\"A Pureza Judaica na Cidade de Sardes\" \/>\n<meta property=\"og:url\" content=\"https:\/\/israelbiblicalstudies.com\/pt\/blog\/category\/jewish-studies\/a-pureza-judaica-na-cidade-de-sardes\/\" \/>\n<meta property=\"og:site_name\" content=\"Israel Institute of Biblical Studies\" \/>\n<meta property=\"article:published_time\" content=\"2015-08-11T09:30:48+00:00\" \/>\n<meta property=\"article:modified_time\" content=\"2025-08-13T11:33:55+00:00\" \/>\n<meta property=\"og:image\" content=\"https:\/\/israelbiblicalstudies.com\/wp-content\/uploads\/2015\/08\/640px-Martyrdom_of_Euthymius_of_Sardeis.jpg\" \/>\n\t<meta property=\"og:image:width\" content=\"640\" \/>\n\t<meta property=\"og:image:height\" content=\"289\" \/>\n\t<meta property=\"og:image:type\" content=\"image\/jpeg\" \/>\n<meta name=\"author\" content=\"Dr. Eli Lizorkin-Eyzenberg\" \/>\n<meta name=\"twitter:card\" content=\"summary_large_image\" \/>\n<meta name=\"twitter:label1\" content=\"Escrito por\" \/>\n\t<meta name=\"twitter:data1\" content=\"Dr. Eli Lizorkin-Eyzenberg\" \/>\n\t<meta name=\"twitter:label2\" content=\"Est. tempo de leitura\" \/>\n\t<meta name=\"twitter:data2\" content=\"5 minutos\" \/>\n<script type=\"application\/ld+json\" class=\"yoast-schema-graph\">{\"@context\":\"https:\/\/schema.org\",\"@graph\":[{\"@type\":\"Article\",\"@id\":\"https:\/\/israelbiblicalstudies.com\/pt\/blog\/category\/jewish-studies\/a-pureza-judaica-na-cidade-de-sardes\/#article\",\"isPartOf\":{\"@id\":\"https:\/\/israelbiblicalstudies.com\/pt\/blog\/category\/jewish-studies\/a-pureza-judaica-na-cidade-de-sardes\/\"},\"author\":{\"name\":\"Dr. Eli Lizorkin-Eyzenberg\",\"@id\":\"https:\/\/israelbiblicalstudies.com\/pt\/#\/schema\/person\/b308f3a9234ec1941c13bda300eb6797\"},\"headline\":\"A Pureza Judaica na Cidade de Sardes\",\"datePublished\":\"2015-08-11T09:30:48+00:00\",\"dateModified\":\"2025-08-13T11:33:55+00:00\",\"mainEntityOfPage\":{\"@id\":\"https:\/\/israelbiblicalstudies.com\/pt\/blog\/category\/jewish-studies\/a-pureza-judaica-na-cidade-de-sardes\/\"},\"wordCount\":1105,\"commentCount\":7,\"publisher\":{\"@id\":\"https:\/\/israelbiblicalstudies.com\/pt\/#organization\"},\"image\":{\"@id\":\"https:\/\/israelbiblicalstudies.com\/pt\/blog\/category\/jewish-studies\/a-pureza-judaica-na-cidade-de-sardes\/#primaryimage\"},\"thumbnailUrl\":\"https:\/\/israelbiblicalstudies.com\/wp-content\/uploads\/2015\/08\/640px-Martyrdom_of_Euthymius_of_Sardeis.jpg\",\"articleSection\":[\"Estudos Judaicos\"],\"inLanguage\":\"pt-BR\",\"potentialAction\":[{\"@type\":\"CommentAction\",\"name\":\"Comment\",\"target\":[\"https:\/\/israelbiblicalstudies.com\/pt\/blog\/category\/jewish-studies\/a-pureza-judaica-na-cidade-de-sardes\/#respond\"]}]},{\"@type\":\"WebPage\",\"@id\":\"https:\/\/israelbiblicalstudies.com\/pt\/blog\/category\/jewish-studies\/a-pureza-judaica-na-cidade-de-sardes\/\",\"url\":\"https:\/\/israelbiblicalstudies.com\/pt\/blog\/category\/jewish-studies\/a-pureza-judaica-na-cidade-de-sardes\/\",\"name\":\"A Pureza Judaica na Cidade de Sardes - Israel Institute of Biblical Studies\",\"isPartOf\":{\"@id\":\"https:\/\/israelbiblicalstudies.com\/pt\/#website\"},\"primaryImageOfPage\":{\"@id\":\"https:\/\/israelbiblicalstudies.com\/pt\/blog\/category\/jewish-studies\/a-pureza-judaica-na-cidade-de-sardes\/#primaryimage\"},\"image\":{\"@id\":\"https:\/\/israelbiblicalstudies.com\/pt\/blog\/category\/jewish-studies\/a-pureza-judaica-na-cidade-de-sardes\/#primaryimage\"},\"thumbnailUrl\":\"https:\/\/israelbiblicalstudies.com\/wp-content\/uploads\/2015\/08\/640px-Martyrdom_of_Euthymius_of_Sardeis.jpg\",\"datePublished\":\"2015-08-11T09:30:48+00:00\",\"dateModified\":\"2025-08-13T11:33:55+00:00\",\"description\":\"A Pureza Judaica na Cidade de Sardes\",\"breadcrumb\":{\"@id\":\"https:\/\/israelbiblicalstudies.com\/pt\/blog\/category\/jewish-studies\/a-pureza-judaica-na-cidade-de-sardes\/#breadcrumb\"},\"inLanguage\":\"pt-BR\",\"potentialAction\":[{\"@type\":\"ReadAction\",\"target\":[\"https:\/\/israelbiblicalstudies.com\/pt\/blog\/category\/jewish-studies\/a-pureza-judaica-na-cidade-de-sardes\/\"]}]},{\"@type\":\"ImageObject\",\"inLanguage\":\"pt-BR\",\"@id\":\"https:\/\/israelbiblicalstudies.com\/pt\/blog\/category\/jewish-studies\/a-pureza-judaica-na-cidade-de-sardes\/#primaryimage\",\"url\":\"https:\/\/israelbiblicalstudies.com\/wp-content\/uploads\/2015\/08\/640px-Martyrdom_of_Euthymius_of_Sardeis.jpg\",\"contentUrl\":\"https:\/\/israelbiblicalstudies.com\/wp-content\/uploads\/2015\/08\/640px-Martyrdom_of_Euthymius_of_Sardeis.jpg\",\"width\":640,\"height\":289},{\"@type\":\"BreadcrumbList\",\"@id\":\"https:\/\/israelbiblicalstudies.com\/pt\/blog\/category\/jewish-studies\/a-pureza-judaica-na-cidade-de-sardes\/#breadcrumb\",\"itemListElement\":[{\"@type\":\"ListItem\",\"position\":1,\"name\":\"Home\",\"item\":\"https:\/\/israelbiblicalstudies.com\/pt\/\"},{\"@type\":\"ListItem\",\"position\":2,\"name\":\"Estudos Judaicos\",\"item\":\"https:\/\/israelbiblicalstudies.com\/pt\/blog\/category\/jewish-studies\/\"},{\"@type\":\"ListItem\",\"position\":3,\"name\":\"A Pureza Judaica na Cidade de Sardes\"}]},{\"@type\":\"WebSite\",\"@id\":\"https:\/\/israelbiblicalstudies.com\/pt\/#website\",\"url\":\"https:\/\/israelbiblicalstudies.com\/pt\/\",\"name\":\"Israel Institute of Biblical Studies\",\"description\":\"Deepen Your Understanding of the Bible\",\"publisher\":{\"@id\":\"https:\/\/israelbiblicalstudies.com\/pt\/#organization\"},\"potentialAction\":[{\"@type\":\"SearchAction\",\"target\":{\"@type\":\"EntryPoint\",\"urlTemplate\":\"https:\/\/israelbiblicalstudies.com\/pt\/?s={search_term_string}\"},\"query-input\":{\"@type\":\"PropertyValueSpecification\",\"valueRequired\":true,\"valueName\":\"search_term_string\"}}],\"inLanguage\":\"pt-BR\"},{\"@type\":\"Organization\",\"@id\":\"https:\/\/israelbiblicalstudies.com\/pt\/#organization\",\"name\":\"Israel Biblical Studies\",\"url\":\"https:\/\/israelbiblicalstudies.com\/pt\/\",\"logo\":{\"@type\":\"ImageObject\",\"inLanguage\":\"pt-BR\",\"@id\":\"https:\/\/israelbiblicalstudies.com\/pt\/#\/schema\/logo\/image\/\",\"url\":\"https:\/\/israelbiblicalstudies.com\/wp-content\/uploads\/2016\/09\/logo-invert.png\",\"contentUrl\":\"https:\/\/israelbiblicalstudies.com\/wp-content\/uploads\/2016\/09\/logo-invert.png\",\"width\":152,\"height\":68,\"caption\":\"Israel Biblical Studies\"},\"image\":{\"@id\":\"https:\/\/israelbiblicalstudies.com\/pt\/#\/schema\/logo\/image\/\"}},{\"@type\":\"Person\",\"@id\":\"https:\/\/israelbiblicalstudies.com\/pt\/#\/schema\/person\/b308f3a9234ec1941c13bda300eb6797\",\"name\":\"Dr. Eli Lizorkin-Eyzenberg\",\"image\":{\"@type\":\"ImageObject\",\"inLanguage\":\"pt-BR\",\"@id\":\"https:\/\/israelbiblicalstudies.com\/pt\/#\/schema\/person\/image\/\",\"url\":\"https:\/\/secure.gravatar.com\/avatar\/866277fd705ad3c0af8a46792a766d5b55b9bf38f5384a02812e8683e69e7ddf?s=96&d=mm&r=g\",\"contentUrl\":\"https:\/\/secure.gravatar.com\/avatar\/866277fd705ad3c0af8a46792a766d5b55b9bf38f5384a02812e8683e69e7ddf?s=96&d=mm&r=g\",\"caption\":\"Dr. Eli Lizorkin-Eyzenberg\"},\"description\":\"To secure your spot in our new course \u201cThe Jewish Background of New Testament\u201d - CLICK HERE NOW\",\"sameAs\":[\"https:\/\/israelbiblicalstudies.com\/teacher\/eli-lizorkin-eyzenberg\/\"],\"url\":\"https:\/\/israelbiblicalstudies.com\/pt\/blog\/author\/eli\/\"}]}<\/script>\n<!-- \/ Yoast SEO plugin. -->","yoast_head_json":{"title":"A Pureza Judaica na Cidade de Sardes - Israel Institute of Biblical Studies","description":"A Pureza Judaica na Cidade de Sardes","robots":{"index":"index","follow":"follow","max-snippet":"max-snippet:-1","max-image-preview":"max-image-preview:large","max-video-preview":"max-video-preview:-1"},"canonical":"https:\/\/israelbiblicalstudies.com\/pt\/blog\/category\/jewish-studies\/a-pureza-judaica-na-cidade-de-sardes\/","og_locale":"pt_BR","og_type":"article","og_title":"A Pureza Judaica na Cidade de Sardes - Israel Institute of Biblical Studies","og_description":"A Pureza Judaica na Cidade de Sardes","og_url":"https:\/\/israelbiblicalstudies.com\/pt\/blog\/category\/jewish-studies\/a-pureza-judaica-na-cidade-de-sardes\/","og_site_name":"Israel Institute of Biblical Studies","article_published_time":"2015-08-11T09:30:48+00:00","article_modified_time":"2025-08-13T11:33:55+00:00","og_image":[{"width":640,"height":289,"url":"https:\/\/israelbiblicalstudies.com\/wp-content\/uploads\/2015\/08\/640px-Martyrdom_of_Euthymius_of_Sardeis.jpg","type":"image\/jpeg"}],"author":"Dr. Eli Lizorkin-Eyzenberg","twitter_card":"summary_large_image","twitter_misc":{"Escrito por":"Dr. Eli Lizorkin-Eyzenberg","Est. tempo de leitura":"5 minutos"},"schema":{"@context":"https:\/\/schema.org","@graph":[{"@type":"Article","@id":"https:\/\/israelbiblicalstudies.com\/pt\/blog\/category\/jewish-studies\/a-pureza-judaica-na-cidade-de-sardes\/#article","isPartOf":{"@id":"https:\/\/israelbiblicalstudies.com\/pt\/blog\/category\/jewish-studies\/a-pureza-judaica-na-cidade-de-sardes\/"},"author":{"name":"Dr. Eli Lizorkin-Eyzenberg","@id":"https:\/\/israelbiblicalstudies.com\/pt\/#\/schema\/person\/b308f3a9234ec1941c13bda300eb6797"},"headline":"A Pureza Judaica na Cidade de Sardes","datePublished":"2015-08-11T09:30:48+00:00","dateModified":"2025-08-13T11:33:55+00:00","mainEntityOfPage":{"@id":"https:\/\/israelbiblicalstudies.com\/pt\/blog\/category\/jewish-studies\/a-pureza-judaica-na-cidade-de-sardes\/"},"wordCount":1105,"commentCount":7,"publisher":{"@id":"https:\/\/israelbiblicalstudies.com\/pt\/#organization"},"image":{"@id":"https:\/\/israelbiblicalstudies.com\/pt\/blog\/category\/jewish-studies\/a-pureza-judaica-na-cidade-de-sardes\/#primaryimage"},"thumbnailUrl":"https:\/\/israelbiblicalstudies.com\/wp-content\/uploads\/2015\/08\/640px-Martyrdom_of_Euthymius_of_Sardeis.jpg","articleSection":["Estudos Judaicos"],"inLanguage":"pt-BR","potentialAction":[{"@type":"CommentAction","name":"Comment","target":["https:\/\/israelbiblicalstudies.com\/pt\/blog\/category\/jewish-studies\/a-pureza-judaica-na-cidade-de-sardes\/#respond"]}]},{"@type":"WebPage","@id":"https:\/\/israelbiblicalstudies.com\/pt\/blog\/category\/jewish-studies\/a-pureza-judaica-na-cidade-de-sardes\/","url":"https:\/\/israelbiblicalstudies.com\/pt\/blog\/category\/jewish-studies\/a-pureza-judaica-na-cidade-de-sardes\/","name":"A Pureza Judaica na Cidade de Sardes - Israel Institute of Biblical Studies","isPartOf":{"@id":"https:\/\/israelbiblicalstudies.com\/pt\/#website"},"primaryImageOfPage":{"@id":"https:\/\/israelbiblicalstudies.com\/pt\/blog\/category\/jewish-studies\/a-pureza-judaica-na-cidade-de-sardes\/#primaryimage"},"image":{"@id":"https:\/\/israelbiblicalstudies.com\/pt\/blog\/category\/jewish-studies\/a-pureza-judaica-na-cidade-de-sardes\/#primaryimage"},"thumbnailUrl":"https:\/\/israelbiblicalstudies.com\/wp-content\/uploads\/2015\/08\/640px-Martyrdom_of_Euthymius_of_Sardeis.jpg","datePublished":"2015-08-11T09:30:48+00:00","dateModified":"2025-08-13T11:33:55+00:00","description":"A Pureza Judaica na Cidade de Sardes","breadcrumb":{"@id":"https:\/\/israelbiblicalstudies.com\/pt\/blog\/category\/jewish-studies\/a-pureza-judaica-na-cidade-de-sardes\/#breadcrumb"},"inLanguage":"pt-BR","potentialAction":[{"@type":"ReadAction","target":["https:\/\/israelbiblicalstudies.com\/pt\/blog\/category\/jewish-studies\/a-pureza-judaica-na-cidade-de-sardes\/"]}]},{"@type":"ImageObject","inLanguage":"pt-BR","@id":"https:\/\/israelbiblicalstudies.com\/pt\/blog\/category\/jewish-studies\/a-pureza-judaica-na-cidade-de-sardes\/#primaryimage","url":"https:\/\/israelbiblicalstudies.com\/wp-content\/uploads\/2015\/08\/640px-Martyrdom_of_Euthymius_of_Sardeis.jpg","contentUrl":"https:\/\/israelbiblicalstudies.com\/wp-content\/uploads\/2015\/08\/640px-Martyrdom_of_Euthymius_of_Sardeis.jpg","width":640,"height":289},{"@type":"BreadcrumbList","@id":"https:\/\/israelbiblicalstudies.com\/pt\/blog\/category\/jewish-studies\/a-pureza-judaica-na-cidade-de-sardes\/#breadcrumb","itemListElement":[{"@type":"ListItem","position":1,"name":"Home","item":"https:\/\/israelbiblicalstudies.com\/pt\/"},{"@type":"ListItem","position":2,"name":"Estudos Judaicos","item":"https:\/\/israelbiblicalstudies.com\/pt\/blog\/category\/jewish-studies\/"},{"@type":"ListItem","position":3,"name":"A Pureza Judaica na Cidade de Sardes"}]},{"@type":"WebSite","@id":"https:\/\/israelbiblicalstudies.com\/pt\/#website","url":"https:\/\/israelbiblicalstudies.com\/pt\/","name":"Israel Institute of Biblical Studies","description":"Deepen Your Understanding of the Bible","publisher":{"@id":"https:\/\/israelbiblicalstudies.com\/pt\/#organization"},"potentialAction":[{"@type":"SearchAction","target":{"@type":"EntryPoint","urlTemplate":"https:\/\/israelbiblicalstudies.com\/pt\/?s={search_term_string}"},"query-input":{"@type":"PropertyValueSpecification","valueRequired":true,"valueName":"search_term_string"}}],"inLanguage":"pt-BR"},{"@type":"Organization","@id":"https:\/\/israelbiblicalstudies.com\/pt\/#organization","name":"Israel Biblical Studies","url":"https:\/\/israelbiblicalstudies.com\/pt\/","logo":{"@type":"ImageObject","inLanguage":"pt-BR","@id":"https:\/\/israelbiblicalstudies.com\/pt\/#\/schema\/logo\/image\/","url":"https:\/\/israelbiblicalstudies.com\/wp-content\/uploads\/2016\/09\/logo-invert.png","contentUrl":"https:\/\/israelbiblicalstudies.com\/wp-content\/uploads\/2016\/09\/logo-invert.png","width":152,"height":68,"caption":"Israel Biblical Studies"},"image":{"@id":"https:\/\/israelbiblicalstudies.com\/pt\/#\/schema\/logo\/image\/"}},{"@type":"Person","@id":"https:\/\/israelbiblicalstudies.com\/pt\/#\/schema\/person\/b308f3a9234ec1941c13bda300eb6797","name":"Dr. Eli Lizorkin-Eyzenberg","image":{"@type":"ImageObject","inLanguage":"pt-BR","@id":"https:\/\/israelbiblicalstudies.com\/pt\/#\/schema\/person\/image\/","url":"https:\/\/secure.gravatar.com\/avatar\/866277fd705ad3c0af8a46792a766d5b55b9bf38f5384a02812e8683e69e7ddf?s=96&d=mm&r=g","contentUrl":"https:\/\/secure.gravatar.com\/avatar\/866277fd705ad3c0af8a46792a766d5b55b9bf38f5384a02812e8683e69e7ddf?s=96&d=mm&r=g","caption":"Dr. Eli Lizorkin-Eyzenberg"},"description":"To secure your spot in our new course \u201cThe Jewish Background of New Testament\u201d - CLICK HERE NOW","sameAs":["https:\/\/israelbiblicalstudies.com\/teacher\/eli-lizorkin-eyzenberg\/"],"url":"https:\/\/israelbiblicalstudies.com\/pt\/blog\/author\/eli\/"}]}},"_links":{"self":[{"href":"https:\/\/israelbiblicalstudies.com\/pt\/wp-json\/wp\/v2\/posts\/8884","targetHints":{"allow":["GET"]}}],"collection":[{"href":"https:\/\/israelbiblicalstudies.com\/pt\/wp-json\/wp\/v2\/posts"}],"about":[{"href":"https:\/\/israelbiblicalstudies.com\/pt\/wp-json\/wp\/v2\/types\/post"}],"author":[{"embeddable":true,"href":"https:\/\/israelbiblicalstudies.com\/pt\/wp-json\/wp\/v2\/users\/43"}],"replies":[{"embeddable":true,"href":"https:\/\/israelbiblicalstudies.com\/pt\/wp-json\/wp\/v2\/comments?post=8884"}],"version-history":[{"count":0,"href":"https:\/\/israelbiblicalstudies.com\/pt\/wp-json\/wp\/v2\/posts\/8884\/revisions"}],"wp:featuredmedia":[{"embeddable":true,"href":"https:\/\/israelbiblicalstudies.com\/pt\/wp-json\/wp\/v2\/media\/10949"}],"wp:attachment":[{"href":"https:\/\/israelbiblicalstudies.com\/pt\/wp-json\/wp\/v2\/media?parent=8884"}],"wp:term":[{"taxonomy":"category","embeddable":true,"href":"https:\/\/israelbiblicalstudies.com\/pt\/wp-json\/wp\/v2\/categories?post=8884"},{"taxonomy":"post_tag","embeddable":true,"href":"https:\/\/israelbiblicalstudies.com\/pt\/wp-json\/wp\/v2\/tags?post=8884"}],"curies":[{"name":"wp","href":"https:\/\/api.w.org\/{rel}","templated":true}]}}